{"id":21961,"date":"2016-10-26T19:58:37","date_gmt":"2016-10-26T19:58:37","guid":{"rendered":"https:\/\/news.ecclesia.org.br\/2013\/?p=21961"},"modified":"2016-10-26T23:19:05","modified_gmt":"2016-10-26T23:19:05","slug":"a-divina-liturgia-de-nosso-pai-entre-os-santos-sao-tiago-o-irmao-do-senhor-primeiro-bispo-de-jerusalem-o-rito-de-jerusalem","status":"publish","type":"post","link":"https:\/\/news.ecclesia.org.br\/?p=21961","title":{"rendered":"A Divina Liturgia de nosso pai entre os santos, S\u00e3o Tiago, o Irm\u00e3o do Senhor, Primeiro Bispo de Jerusal\u00e9m"},"content":{"rendered":"<figure style=\"width: 300px\" class=\"wp-caption alignleft\"><img fetchpriority=\"high\" decoding=\"async\" class=\"size-medium\" src=\"http:\/\/ecclesia.org.br\/images\/icones\/santos\/s-tiago-menor.jpg\" alt=\"Ap\u00f3stolo S\u00e3o Tiago, Irm\u00e3o do Senhor e Primeiro Bispo de Jerusal\u00e9m\" width=\"300\" height=\"434\" \/><figcaption class=\"wp-caption-text\">Ap\u00f3stolo S\u00e3o Tiago, Irm\u00e3o do Senhor e Primeiro Bispo de Jerusal\u00e9m<\/figcaption><\/figure>\n<p style=\"text-align: justify;\">O \u00abRito de Jerusal\u00e9m\u00bb \u00e9 a liturgia mais antiga da cristandade. Tornou-se c\u00e9lebre por ter sido o esbo\u00e7o e o in\u00edcio do desenvolvimento dos v\u00e1rios ritos lit\u00fargicos, particularmente no Oriente. Originalmente, foi a liturgia local de Jerusal\u00e9m e n\u00e3o outra a liturgia celebrada por S\u00e3o Tiago, primeiro bispo de Jerusal\u00e9m e o \u201cirm\u00e3o do Senhor\u201d.<\/p>\n<p style=\"text-align: justify;\">Evid\u00eancias hist\u00f3ricas de suas origens est\u00e3o at\u00e9 mesmo no pr\u00f3prio texto. Por exemplo, uma clara alus\u00e3o aos lugares sagrados de Jerusal\u00e9m aparece ap\u00f3s a Ep\u00edclese:<\/p>\n<blockquote>\n<p style=\"text-align: justify;\">\u00abOferecemos-te \u00f3 Senhor, por teus santos lugares, que glorificaste com apari\u00e7\u00f5es divinas de teu Cristo e pela vinda do teu Esp\u00edrito Santo, especialmente a santa e gloriosa Si\u00e3o -, na linguagem crist\u00e3 origin\u00e1ria, referia-se sempre \u00e0 Igreja local de Jerusal\u00e9m -, m\u00e3e de todas as Igrejas\u00bb.<\/p>\n<\/blockquote>\n<p style=\"text-align: justify;\">Temos evid\u00eancias posteriores nos Discursos Catequ\u00e9ticos de S\u00e3o Cirilo de Jerusal\u00e9m, do ano 348, na Igreja do Santo Sepulcro. \u00c9 \u00f3bvio que descrevam a Liturgia como era conhecida por seus ouvintes, e \u00e9 tamb\u00e9m evidente que a Liturgia de S\u00e3o Cirilo \u00e9 a que agora conhecemos como de S\u00e3o Tiago.<\/p>\n<p style=\"text-align: justify;\">A liturgia atribu\u00edda a S\u00e3o Tiago propagou-se atrav\u00e9s do Patriarcado de Jerusal\u00e9m. Vale lembrar que, at\u00e9 o Conc\u00edlio de \u00c9feso, Jerusal\u00e9m pertencia ao Patriarcado de Antioquia. Assim, a Liturgia de S\u00e3o Tiago tornou-se a Liturgia de Antioquia, tomando o lugar do Rito das Constitui\u00e7\u00f5es Apost\u00f3licas. Foi adotada sem qualquer altera\u00e7\u00e3o em Antioquia (a refer\u00eancia a \u201cSanta e gloriosa Si\u00e3o\u201d foi mantida sem altera\u00e7\u00e3o) e imposta com nova autoridade, agora de Igreja Patriarcal. Os ortodoxos usaram este rito na vers\u00e3o grega ser substitu\u00eddo pelo Rito de Constantinopla, por volta do s\u00e9culo XII.<\/p>\n<p style=\"text-align: justify;\">Atualmente, o antigo rito de Jerusal\u00e9m \u00e9 usado, em sir\u00edaco, pelos jacobitas e pelos sir\u00edacos \u00abda Unidade\u00bb; tamb\u00e9m, na vers\u00e3o sir\u00edaca modificada, pelos maronitas. A vers\u00e3o grega foi reintroduzida pelos ortodoxos em Jerusal\u00e9m uma vez ao ano \u2013 dia 31 de dezembro, festa da Divina Liturgia de S\u00e3o Tiago. Hoje, al\u00e9m de seu valor hist\u00f3rico, \u00e9 uma oportunidade aos crist\u00e3os modernos de beber e serem formados pela fonte original da piedade lit\u00fargica que inspirou, de um ponto para outro, todas as fam\u00edlias lit\u00fargicas.<\/p>\n<p style=\"text-align: justify;\">Disponibilizamos, na <a href=\"http:\/\/ecclesia.org.br\/biblioteca\/liturgia\/\" target=\"_blank\">se\u00e7\u00e3o de Liturgia de nossa Biblioteca ECCLESIA<\/a>,\u00a0o <a href=\"https:\/\/news.ecclesia.org.br\/2013\/wp-content\/uploads\/2016\/10\/a-liturgia-de-sao-tiago-pt3-.pdf\" target=\"_blank\">texto em portugu\u00eas em arquivo pdf<\/a> que resultou da tradu\u00e7\u00e3o e compara\u00e7\u00e3o de duas diferentes vers\u00f5es em italiano dispon\u00edvel na Internet por Pe. Andr\u00e9 Sperandio. O livreto cont\u00e9m 50 p\u00e1ginas e comp\u00f5e a\u00a0cole\u00e7\u00e3o <em>Liturgia Bizantina<\/em>. \u00c9 sempre bom recordar n\u00e3o \u00a0tratar-se de texto can\u00f4nico, isto \u00e9, com aprova\u00e7\u00e3o eclesi\u00e1stica por autoridade can\u00f4nica competente, uso em nossa l\u00edngua, mas de um de esfor\u00e7o de pesquisa acad\u00eamica relacionada ao tema.<\/p>\n","protected":false},"excerpt":{"rendered":"<p>O \u00abRito de Jerusal\u00e9m\u00bb \u00e9 a liturgia mais antiga da cristandade. Tornou-se c\u00e9lebre por ter sido o esbo\u00e7o e o in\u00edcio do desenvolvimento dos v\u00e1rios ritos lit\u00fargicos, particularmente no Oriente. Originalmente, foi a liturgia local de Jerusal\u00e9m e n\u00e3o outra&#8230;<\/p>\n","protected":false},"author":1,"featured_media":0,"comment_status":"open","ping_status":"open","sticky":false,"template":"","format":"standard","meta":{"_acf_changed":false,"footnotes":""},"categories":[1],"tags":[],"class_list":["post-21961","post","type-post","status-publish","format-standard","hentry","category-news","entry","rows-excerpt"],"acf":[],"yoast_head":"<!-- This site is optimized with the Yoast SEO plugin v27.5 - https:\/\/yoast.com\/product\/yoast-seo-wordpress\/ -->\n<title>A Divina Liturgia de nosso pai entre os santos, S\u00e3o Tiago, o Irm\u00e3o do Senhor, Primeiro Bispo de Jerusal\u00e9m | ECCLESIA NEWS<\/title>\n<meta name=\"robots\" content=\"index, follow, max-snippet:-1, max-image-preview:large, max-video-preview:-1\" \/>\n<link rel=\"canonical\" href=\"https:\/\/news.ecclesia.org.br\/?p=21961\" \/>\n<meta property=\"og:locale\" content=\"pt_BR\" \/>\n<meta property=\"og:type\" content=\"article\" \/>\n<meta property=\"og:title\" content=\"A Divina Liturgia de nosso pai entre os santos, S\u00e3o Tiago, o Irm\u00e3o do Senhor, Primeiro Bispo de Jerusal\u00e9m | ECCLESIA NEWS\" \/>\n<meta property=\"og:description\" content=\"O \u00abRito de Jerusal\u00e9m\u00bb \u00e9 a liturgia mais antiga da cristandade. Tornou-se c\u00e9lebre por ter sido o esbo\u00e7o e o in\u00edcio do desenvolvimento dos v\u00e1rios ritos lit\u00fargicos, particularmente no Oriente. Originalmente, foi a liturgia local de Jerusal\u00e9m e n\u00e3o outra&#8230;\" \/>\n<meta property=\"og:url\" content=\"https:\/\/news.ecclesia.org.br\/?p=21961\" \/>\n<meta property=\"og:site_name\" content=\"ECCLESIA NEWS\" \/>\n<meta property=\"article:publisher\" content=\"https:\/\/www.facebook.com\/Ecclesia2025\" \/>\n<meta property=\"article:published_time\" content=\"2016-10-26T19:58:37+00:00\" \/>\n<meta property=\"article:modified_time\" content=\"2016-10-26T23:19:05+00:00\" \/>\n<meta property=\"og:image\" content=\"http:\/\/ecclesia.org.br\/images\/icones\/santos\/s-tiago-menor.jpg\" \/>\n<meta name=\"author\" content=\"Pe. Andr\u00e9\" \/>\n<meta name=\"twitter:card\" content=\"summary_large_image\" \/>\n<meta name=\"twitter:creator\" content=\"@EcclesiaNews\" \/>\n<meta name=\"twitter:site\" content=\"@EcclesiaNews\" \/>\n<meta name=\"twitter:label1\" content=\"Escrito por\" \/>\n\t<meta name=\"twitter:data1\" content=\"Pe. Andr\u00e9\" \/>\n\t<meta name=\"twitter:label2\" content=\"Est. tempo de leitura\" \/>\n\t<meta name=\"twitter:data2\" content=\"3 minutos\" \/>\n<script type=\"application\/ld+json\" class=\"yoast-schema-graph\">{\"@context\":\"https:\\\/\\\/schema.org\",\"@graph\":[{\"@type\":\"Article\",\"@id\":\"https:\\\/\\\/news.ecclesia.org.br\\\/?p=21961#article\",\"isPartOf\":{\"@id\":\"https:\\\/\\\/news.ecclesia.org.br\\\/?p=21961\"},\"author\":{\"name\":\"Pe. Andr\u00e9\",\"@id\":\"https:\\\/\\\/news.ecclesia.org.br\\\/#\\\/schema\\\/person\\\/6f09597f025829745ba414a569f63758\"},\"headline\":\"A Divina Liturgia de nosso pai entre os santos, S\u00e3o Tiago, o Irm\u00e3o do Senhor, Primeiro Bispo de Jerusal\u00e9m\",\"datePublished\":\"2016-10-26T19:58:37+00:00\",\"dateModified\":\"2016-10-26T23:19:05+00:00\",\"mainEntityOfPage\":{\"@id\":\"https:\\\/\\\/news.ecclesia.org.br\\\/?p=21961\"},\"wordCount\":539,\"commentCount\":0,\"publisher\":{\"@id\":\"https:\\\/\\\/news.ecclesia.org.br\\\/#organization\"},\"image\":{\"@id\":\"https:\\\/\\\/news.ecclesia.org.br\\\/?p=21961#primaryimage\"},\"thumbnailUrl\":\"http:\\\/\\\/ecclesia.org.br\\\/images\\\/icones\\\/santos\\\/s-tiago-menor.jpg\",\"articleSection\":[\"NEWS\"],\"inLanguage\":\"pt-BR\",\"potentialAction\":[{\"@type\":\"CommentAction\",\"name\":\"Comment\",\"target\":[\"https:\\\/\\\/news.ecclesia.org.br\\\/?p=21961#respond\"]}]},{\"@type\":\"WebPage\",\"@id\":\"https:\\\/\\\/news.ecclesia.org.br\\\/?p=21961\",\"url\":\"https:\\\/\\\/news.ecclesia.org.br\\\/?p=21961\",\"name\":\"A Divina Liturgia de nosso pai entre os santos, S\u00e3o Tiago, o Irm\u00e3o do Senhor, Primeiro Bispo de Jerusal\u00e9m | ECCLESIA NEWS\",\"isPartOf\":{\"@id\":\"https:\\\/\\\/news.ecclesia.org.br\\\/#website\"},\"primaryImageOfPage\":{\"@id\":\"https:\\\/\\\/news.ecclesia.org.br\\\/?p=21961#primaryimage\"},\"image\":{\"@id\":\"https:\\\/\\\/news.ecclesia.org.br\\\/?p=21961#primaryimage\"},\"thumbnailUrl\":\"http:\\\/\\\/ecclesia.org.br\\\/images\\\/icones\\\/santos\\\/s-tiago-menor.jpg\",\"datePublished\":\"2016-10-26T19:58:37+00:00\",\"dateModified\":\"2016-10-26T23:19:05+00:00\",\"breadcrumb\":{\"@id\":\"https:\\\/\\\/news.ecclesia.org.br\\\/?p=21961#breadcrumb\"},\"inLanguage\":\"pt-BR\",\"potentialAction\":[{\"@type\":\"ReadAction\",\"target\":[\"https:\\\/\\\/news.ecclesia.org.br\\\/?p=21961\"]}]},{\"@type\":\"ImageObject\",\"inLanguage\":\"pt-BR\",\"@id\":\"https:\\\/\\\/news.ecclesia.org.br\\\/?p=21961#primaryimage\",\"url\":\"http:\\\/\\\/ecclesia.org.br\\\/images\\\/icones\\\/santos\\\/s-tiago-menor.jpg\",\"contentUrl\":\"http:\\\/\\\/ecclesia.org.br\\\/images\\\/icones\\\/santos\\\/s-tiago-menor.jpg\"},{\"@type\":\"BreadcrumbList\",\"@id\":\"https:\\\/\\\/news.ecclesia.org.br\\\/?p=21961#breadcrumb\",\"itemListElement\":[{\"@type\":\"ListItem\",\"position\":1,\"name\":\"In\u00edcio\",\"item\":\"https:\\\/\\\/news.ecclesia.org.br\\\/\"},{\"@type\":\"ListItem\",\"position\":2,\"name\":\"A Divina Liturgia de nosso pai entre os santos, S\u00e3o Tiago, o Irm\u00e3o do Senhor, Primeiro Bispo de Jerusal\u00e9m\"}]},{\"@type\":\"WebSite\",\"@id\":\"https:\\\/\\\/news.ecclesia.org.br\\\/#website\",\"url\":\"https:\\\/\\\/news.ecclesia.org.br\\\/\",\"name\":\"Ecclesia Brasil\",\"description\":\"Desde 2003 onectando o Brasil ao mundo ortodoxo!\",\"publisher\":{\"@id\":\"https:\\\/\\\/news.ecclesia.org.br\\\/#organization\"},\"alternateName\":\"Ecclesia\",\"potentialAction\":[{\"@type\":\"SearchAction\",\"target\":{\"@type\":\"EntryPoint\",\"urlTemplate\":\"https:\\\/\\\/news.ecclesia.org.br\\\/?s={search_term_string}\"},\"query-input\":{\"@type\":\"PropertyValueSpecification\",\"valueRequired\":true,\"valueName\":\"search_term_string\"}}],\"inLanguage\":\"pt-BR\"},{\"@type\":\"Organization\",\"@id\":\"https:\\\/\\\/news.ecclesia.org.br\\\/#organization\",\"name\":\"Sacra Arquidiocese de Buenos Aires e Am\u00e9rica do Sul | Patriarcado Ecum\u00eanico\",\"alternateName\":\"News Ecclesia Brasil\",\"url\":\"https:\\\/\\\/news.ecclesia.org.br\\\/\",\"logo\":{\"@type\":\"ImageObject\",\"inLanguage\":\"pt-BR\",\"@id\":\"https:\\\/\\\/news.ecclesia.org.br\\\/#\\\/schema\\\/logo\\\/image\\\/\",\"url\":\"https:\\\/\\\/news.ecclesia.org.br\\\/wp-content\\\/uploads\\\/2025\\\/05\\\/ecclesia2.png\",\"contentUrl\":\"https:\\\/\\\/news.ecclesia.org.br\\\/wp-content\\\/uploads\\\/2025\\\/05\\\/ecclesia2.png\",\"width\":480,\"height\":120,\"caption\":\"Sacra Arquidiocese de Buenos Aires e Am\u00e9rica do Sul | Patriarcado Ecum\u00eanico\"},\"image\":{\"@id\":\"https:\\\/\\\/news.ecclesia.org.br\\\/#\\\/schema\\\/logo\\\/image\\\/\"},\"sameAs\":[\"https:\\\/\\\/www.facebook.com\\\/Ecclesia2025\",\"https:\\\/\\\/x.com\\\/EcclesiaNews\",\"https:\\\/\\\/br.pinterest.com\\\/ekklisia\\\/\",\"https:\\\/\\\/www.youtube.com\\\/@EcclesiaBrasil\"]},{\"@type\":\"Person\",\"@id\":\"https:\\\/\\\/news.ecclesia.org.br\\\/#\\\/schema\\\/person\\\/6f09597f025829745ba414a569f63758\",\"name\":\"Pe. Andr\u00e9\",\"image\":{\"@type\":\"ImageObject\",\"inLanguage\":\"pt-BR\",\"@id\":\"https:\\\/\\\/secure.gravatar.com\\\/avatar\\\/b4327cfa27e9799da239a26adcd534fc29cdc0c4a4a148eecbcfeb9b42c617ac?s=96&d=mm&r=g\",\"url\":\"https:\\\/\\\/secure.gravatar.com\\\/avatar\\\/b4327cfa27e9799da239a26adcd534fc29cdc0c4a4a148eecbcfeb9b42c617ac?s=96&d=mm&r=g\",\"contentUrl\":\"https:\\\/\\\/secure.gravatar.com\\\/avatar\\\/b4327cfa27e9799da239a26adcd534fc29cdc0c4a4a148eecbcfeb9b42c617ac?s=96&d=mm&r=g\",\"caption\":\"Pe. Andr\u00e9\"},\"sameAs\":[\"https:\\\/\\\/www.ecclesia.org.br\"]}]}<\/script>\n<!-- \/ Yoast SEO plugin. -->","yoast_head_json":{"title":"A Divina Liturgia de nosso pai entre os santos, S\u00e3o Tiago, o Irm\u00e3o do Senhor, Primeiro Bispo de Jerusal\u00e9m | ECCLESIA NEWS","robots":{"index":"index","follow":"follow","max-snippet":"max-snippet:-1","max-image-preview":"max-image-preview:large","max-video-preview":"max-video-preview:-1"},"canonical":"https:\/\/news.ecclesia.org.br\/?p=21961","og_locale":"pt_BR","og_type":"article","og_title":"A Divina Liturgia de nosso pai entre os santos, S\u00e3o Tiago, o Irm\u00e3o do Senhor, Primeiro Bispo de Jerusal\u00e9m | ECCLESIA NEWS","og_description":"O \u00abRito de Jerusal\u00e9m\u00bb \u00e9 a liturgia mais antiga da cristandade. Tornou-se c\u00e9lebre por ter sido o esbo\u00e7o e o in\u00edcio do desenvolvimento dos v\u00e1rios ritos lit\u00fargicos, particularmente no Oriente. Originalmente, foi a liturgia local de Jerusal\u00e9m e n\u00e3o outra&#8230;","og_url":"https:\/\/news.ecclesia.org.br\/?p=21961","og_site_name":"ECCLESIA NEWS","article_publisher":"https:\/\/www.facebook.com\/Ecclesia2025","article_published_time":"2016-10-26T19:58:37+00:00","article_modified_time":"2016-10-26T23:19:05+00:00","og_image":[{"url":"http:\/\/ecclesia.org.br\/images\/icones\/santos\/s-tiago-menor.jpg","type":"","width":"","height":""}],"author":"Pe. Andr\u00e9","twitter_card":"summary_large_image","twitter_creator":"@EcclesiaNews","twitter_site":"@EcclesiaNews","twitter_misc":{"Escrito por":"Pe. Andr\u00e9","Est. tempo de leitura":"3 minutos"},"schema":{"@context":"https:\/\/schema.org","@graph":[{"@type":"Article","@id":"https:\/\/news.ecclesia.org.br\/?p=21961#article","isPartOf":{"@id":"https:\/\/news.ecclesia.org.br\/?p=21961"},"author":{"name":"Pe. Andr\u00e9","@id":"https:\/\/news.ecclesia.org.br\/#\/schema\/person\/6f09597f025829745ba414a569f63758"},"headline":"A Divina Liturgia de nosso pai entre os santos, S\u00e3o Tiago, o Irm\u00e3o do Senhor, Primeiro Bispo de Jerusal\u00e9m","datePublished":"2016-10-26T19:58:37+00:00","dateModified":"2016-10-26T23:19:05+00:00","mainEntityOfPage":{"@id":"https:\/\/news.ecclesia.org.br\/?p=21961"},"wordCount":539,"commentCount":0,"publisher":{"@id":"https:\/\/news.ecclesia.org.br\/#organization"},"image":{"@id":"https:\/\/news.ecclesia.org.br\/?p=21961#primaryimage"},"thumbnailUrl":"http:\/\/ecclesia.org.br\/images\/icones\/santos\/s-tiago-menor.jpg","articleSection":["NEWS"],"inLanguage":"pt-BR","potentialAction":[{"@type":"CommentAction","name":"Comment","target":["https:\/\/news.ecclesia.org.br\/?p=21961#respond"]}]},{"@type":"WebPage","@id":"https:\/\/news.ecclesia.org.br\/?p=21961","url":"https:\/\/news.ecclesia.org.br\/?p=21961","name":"A Divina Liturgia de nosso pai entre os santos, S\u00e3o Tiago, o Irm\u00e3o do Senhor, Primeiro Bispo de Jerusal\u00e9m | ECCLESIA NEWS","isPartOf":{"@id":"https:\/\/news.ecclesia.org.br\/#website"},"primaryImageOfPage":{"@id":"https:\/\/news.ecclesia.org.br\/?p=21961#primaryimage"},"image":{"@id":"https:\/\/news.ecclesia.org.br\/?p=21961#primaryimage"},"thumbnailUrl":"http:\/\/ecclesia.org.br\/images\/icones\/santos\/s-tiago-menor.jpg","datePublished":"2016-10-26T19:58:37+00:00","dateModified":"2016-10-26T23:19:05+00:00","breadcrumb":{"@id":"https:\/\/news.ecclesia.org.br\/?p=21961#breadcrumb"},"inLanguage":"pt-BR","potentialAction":[{"@type":"ReadAction","target":["https:\/\/news.ecclesia.org.br\/?p=21961"]}]},{"@type":"ImageObject","inLanguage":"pt-BR","@id":"https:\/\/news.ecclesia.org.br\/?p=21961#primaryimage","url":"http:\/\/ecclesia.org.br\/images\/icones\/santos\/s-tiago-menor.jpg","contentUrl":"http:\/\/ecclesia.org.br\/images\/icones\/santos\/s-tiago-menor.jpg"},{"@type":"BreadcrumbList","@id":"https:\/\/news.ecclesia.org.br\/?p=21961#breadcrumb","itemListElement":[{"@type":"ListItem","position":1,"name":"In\u00edcio","item":"https:\/\/news.ecclesia.org.br\/"},{"@type":"ListItem","position":2,"name":"A Divina Liturgia de nosso pai entre os santos, S\u00e3o Tiago, o Irm\u00e3o do Senhor, Primeiro Bispo de Jerusal\u00e9m"}]},{"@type":"WebSite","@id":"https:\/\/news.ecclesia.org.br\/#website","url":"https:\/\/news.ecclesia.org.br\/","name":"Ecclesia Brasil","description":"Desde 2003 onectando o Brasil ao mundo ortodoxo!","publisher":{"@id":"https:\/\/news.ecclesia.org.br\/#organization"},"alternateName":"Ecclesia","potentialAction":[{"@type":"SearchAction","target":{"@type":"EntryPoint","urlTemplate":"https:\/\/news.ecclesia.org.br\/?s={search_term_string}"},"query-input":{"@type":"PropertyValueSpecification","valueRequired":true,"valueName":"search_term_string"}}],"inLanguage":"pt-BR"},{"@type":"Organization","@id":"https:\/\/news.ecclesia.org.br\/#organization","name":"Sacra Arquidiocese de Buenos Aires e Am\u00e9rica do Sul | Patriarcado Ecum\u00eanico","alternateName":"News Ecclesia Brasil","url":"https:\/\/news.ecclesia.org.br\/","logo":{"@type":"ImageObject","inLanguage":"pt-BR","@id":"https:\/\/news.ecclesia.org.br\/#\/schema\/logo\/image\/","url":"https:\/\/news.ecclesia.org.br\/wp-content\/uploads\/2025\/05\/ecclesia2.png","contentUrl":"https:\/\/news.ecclesia.org.br\/wp-content\/uploads\/2025\/05\/ecclesia2.png","width":480,"height":120,"caption":"Sacra Arquidiocese de Buenos Aires e Am\u00e9rica do Sul | Patriarcado Ecum\u00eanico"},"image":{"@id":"https:\/\/news.ecclesia.org.br\/#\/schema\/logo\/image\/"},"sameAs":["https:\/\/www.facebook.com\/Ecclesia2025","https:\/\/x.com\/EcclesiaNews","https:\/\/br.pinterest.com\/ekklisia\/","https:\/\/www.youtube.com\/@EcclesiaBrasil"]},{"@type":"Person","@id":"https:\/\/news.ecclesia.org.br\/#\/schema\/person\/6f09597f025829745ba414a569f63758","name":"Pe. Andr\u00e9","image":{"@type":"ImageObject","inLanguage":"pt-BR","@id":"https:\/\/secure.gravatar.com\/avatar\/b4327cfa27e9799da239a26adcd534fc29cdc0c4a4a148eecbcfeb9b42c617ac?s=96&d=mm&r=g","url":"https:\/\/secure.gravatar.com\/avatar\/b4327cfa27e9799da239a26adcd534fc29cdc0c4a4a148eecbcfeb9b42c617ac?s=96&d=mm&r=g","contentUrl":"https:\/\/secure.gravatar.com\/avatar\/b4327cfa27e9799da239a26adcd534fc29cdc0c4a4a148eecbcfeb9b42c617ac?s=96&d=mm&r=g","caption":"Pe. Andr\u00e9"},"sameAs":["https:\/\/www.ecclesia.org.br"]}]}},"_links":{"self":[{"href":"https:\/\/news.ecclesia.org.br\/index.php?rest_route=\/wp\/v2\/posts\/21961","targetHints":{"allow":["GET"]}}],"collection":[{"href":"https:\/\/news.ecclesia.org.br\/index.php?rest_route=\/wp\/v2\/posts"}],"about":[{"href":"https:\/\/news.ecclesia.org.br\/index.php?rest_route=\/wp\/v2\/types\/post"}],"author":[{"embeddable":true,"href":"https:\/\/news.ecclesia.org.br\/index.php?rest_route=\/wp\/v2\/users\/1"}],"replies":[{"embeddable":true,"href":"https:\/\/news.ecclesia.org.br\/index.php?rest_route=%2Fwp%2Fv2%2Fcomments&post=21961"}],"version-history":[{"count":0,"href":"https:\/\/news.ecclesia.org.br\/index.php?rest_route=\/wp\/v2\/posts\/21961\/revisions"}],"wp:attachment":[{"href":"https:\/\/news.ecclesia.org.br\/index.php?rest_route=%2Fwp%2Fv2%2Fmedia&parent=21961"}],"wp:term":[{"taxonomy":"category","embeddable":true,"href":"https:\/\/news.ecclesia.org.br\/index.php?rest_route=%2Fwp%2Fv2%2Fcategories&post=21961"},{"taxonomy":"post_tag","embeddable":true,"href":"https:\/\/news.ecclesia.org.br\/index.php?rest_route=%2Fwp%2Fv2%2Ftags&post=21961"}],"curies":[{"name":"wp","href":"https:\/\/api.w.org\/{rel}","templated":true}]}}