{"id":21941,"date":"2016-10-21T12:16:52","date_gmt":"2016-10-21T12:16:52","guid":{"rendered":"https:\/\/news.ecclesia.org.br\/2013\/?p=21941"},"modified":"2016-10-21T12:58:59","modified_gmt":"2016-10-21T12:58:59","slug":"cmi-facilita-a-resposta-interortodoxa-ao-texto-de-convergencia","status":"publish","type":"post","link":"https:\/\/news.ecclesia.org.br\/?p=21941","title":{"rendered":"CMI facilita a resposta interortodoxa ao texto de converg\u00eancia"},"content":{"rendered":"<p style=\"text-align: justify;\"><div id=\"galleria-21941\"><a href=\"https:\/\/news.ecclesia.org.br\/wp-content\/uploads\/2016\/10\/14522807.jpg\"><img decoding=\"async\" title=\"14522807\" alt=\"\" src=\"https:\/\/news.ecclesia.org.br\/wp-content\/uploads\/2016\/10\/14522807-73x55.jpg\" data-big=\"https:\/\/news.ecclesia.org.br\/wp-content\/uploads\/2016\/10\/14522807.jpg\"><\/a><a href=\"https:\/\/news.ecclesia.org.br\/wp-content\/uploads\/2016\/10\/14572225.jpg\"><img decoding=\"async\" title=\"14572225\" alt=\"\" src=\"https:\/\/news.ecclesia.org.br\/wp-content\/uploads\/2016\/10\/14572225-73x55.jpg\" data-big=\"https:\/\/news.ecclesia.org.br\/wp-content\/uploads\/2016\/10\/14572225.jpg\"><\/a><a href=\"https:\/\/news.ecclesia.org.br\/wp-content\/uploads\/2016\/10\/14610912.jpg\"><img decoding=\"async\" title=\"14610912\" alt=\"\" src=\"https:\/\/news.ecclesia.org.br\/wp-content\/uploads\/2016\/10\/14610912-76x55.jpg\" data-big=\"https:\/\/news.ecclesia.org.br\/wp-content\/uploads\/2016\/10\/14610912.jpg\"><\/a><a href=\"https:\/\/news.ecclesia.org.br\/wp-content\/uploads\/2016\/10\/14642138.jpg\"><img decoding=\"async\" title=\"14642138\" alt=\"\" src=\"https:\/\/news.ecclesia.org.br\/wp-content\/uploads\/2016\/10\/14642138-78x55.jpg\" data-big=\"https:\/\/news.ecclesia.org.br\/wp-content\/uploads\/2016\/10\/14642138.jpg\"><\/a><a href=\"https:\/\/news.ecclesia.org.br\/wp-content\/uploads\/2016\/10\/14642426.jpg\"><img decoding=\"async\" title=\"14642426\" alt=\"\" src=\"https:\/\/news.ecclesia.org.br\/wp-content\/uploads\/2016\/10\/14642426-73x55.jpg\" data-big=\"https:\/\/news.ecclesia.org.br\/wp-content\/uploads\/2016\/10\/14642426.jpg\"><\/a><a href=\"https:\/\/news.ecclesia.org.br\/wp-content\/uploads\/2016\/10\/14650458.jpg\"><img decoding=\"async\" title=\"14650458\" alt=\"\" src=\"https:\/\/news.ecclesia.org.br\/wp-content\/uploads\/2016\/10\/14650458-41x55.jpg\" data-big=\"https:\/\/news.ecclesia.org.br\/wp-content\/uploads\/2016\/10\/14650458.jpg\"><\/a><a href=\"https:\/\/news.ecclesia.org.br\/wp-content\/uploads\/2016\/10\/14720373.jpg\"><img decoding=\"async\" title=\"14720373\" alt=\"\" src=\"https:\/\/news.ecclesia.org.br\/wp-content\/uploads\/2016\/10\/14720373-73x55.jpg\" data-big=\"https:\/\/news.ecclesia.org.br\/wp-content\/uploads\/2016\/10\/14720373.jpg\"><\/a><a href=\"https:\/\/news.ecclesia.org.br\/wp-content\/uploads\/2016\/10\/14725465.jpg\"><img decoding=\"async\" title=\"14725465\" alt=\"\" src=\"https:\/\/news.ecclesia.org.br\/wp-content\/uploads\/2016\/10\/14725465-41x55.jpg\" data-big=\"https:\/\/news.ecclesia.org.br\/wp-content\/uploads\/2016\/10\/14725465.jpg\"><\/a><a href=\"https:\/\/news.ecclesia.org.br\/wp-content\/uploads\/2016\/10\/14725532.jpg\"><img decoding=\"async\" title=\"14725532\" alt=\"\" src=\"https:\/\/news.ecclesia.org.br\/wp-content\/uploads\/2016\/10\/14725532-73x55.jpg\" data-big=\"https:\/\/news.ecclesia.org.br\/wp-content\/uploads\/2016\/10\/14725532.jpg\"><\/a><\/div><\/p>\n<p style=\"text-align: justify;\">Outubro de 2016 \u2013 O Conselho Mundial de Igrejas (CMI) convocou uma consulta interortodoxa em Chipre para a semana 6 a 13 de outubro para responder ao documento \u00abA Igreja: rumo a uma vis\u00e3o comum\u00bb, um texto de converg\u00eancia apresentado pela Comiss\u00e3o f\u00e9 e constitui\u00e7\u00e3o do CMI.\u00a0A reuni\u00e3o teve lugar na Sacra-Diocese do Metropolita de Constantia-Ammochostos em Paralimni (Chipre). O Metropolitano Gennadios de Sassima, vice moderador do Comit\u00ea Central do CMI, e o Bispo Metropolitano de Damietta (Igreja Copta) moderaram conjuntamente a reuni\u00e3o.\u00a0O Metropolitano Vasilios de Constantia-Ammochostos, ex-moderador e atual membro da Comiss\u00e3o F\u00e9 e Constitui\u00e7\u00e3o, recebeu e acolheu os participantes em sua diocese.\u00a0Estiveram presentes trinta hierarcas, sacerdotes, di\u00e1conos, professores universit\u00e1rios, leigos e jovens das Igrejas Ortodoxa bizantina e das igrejas ortodoxas orientais, bem como representantes da Comiss\u00e3o F\u00e9 e constitui\u00e7\u00e3o do CMI.\u00a0Nesta consulta ouviu-se e debateu-se sobre as posi\u00e7\u00f5es de v\u00e1rias Igrejas e te\u00f3logos ortodoxos, bem como, documentos que tratam do texto. O objetivo era formular uma resposta ortodoxa comum ao texto.\u00a0Al\u00e9m do debate sobre uma s\u00e9rie de quest\u00f5es, o programa incluiu ora\u00e7\u00f5es di\u00e1rias e v\u00e1rias visitas a monast\u00e9rios e par\u00f3quias locais.\u00a0\u00abDada a natureza \u00fanica da tradi\u00e7\u00e3o ortodoxa, a resposta preparada por este grupo interortodoxo ser\u00e1 analisada com especial interesse e aten\u00e7\u00e3o\u00bb, disse o Rev. Dr. Odair Pedroso Mateus, diretor da Comiss\u00e3o F\u00e9 e Constitui\u00e7\u00e3o do CMI. \u00abEspera-se que, uma maior compreens\u00e3o comum acerca do que \u00e9 a Igreja e sobre o que as igrejas divididas deveriam fazer para manifestar a Igreja Uma e lev\u00e1-las a um maior aprofundamento sobre sua comunh\u00e3o dentro e fora do Conselho Mundial de Igrejas\u00bb.\u00a0O grupo apresentar\u00e1 um comunicado que resume sua resposta \u00e0 Comiss\u00e3o F\u00e9 e Constitui\u00e7\u00e3o do CMI.\u00a0<strong>\u00abA igreja: para uma vis\u00e3o comum<\/strong><strong>\u00bb<\/strong> trata de expressar as convic\u00e7\u00f5es comuns sobre a natureza e a miss\u00e3o da Igreja e o caminho para uma maior comunh\u00e3o entre as Igrejas. O texto j\u00e1 foi enviado oficialmente para as igrejas membros do CMI, convidando-as a estudar e avaliar o documento e oferecer suas rea\u00e7\u00f5es e respostas at\u00e9 dezembro de 2016.<\/p>\n<p style=\"text-align: right;\">Leia o <a href=\"http:\/\/www.oikoumene.org\/es\/press-centre\/en\/resources\/documents\/other-meetings\/communique-from-world-council-of-churches-inter-orthodox-consultation\" target=\"_blank\">Comunicado de Imprensa completo (em ingl\u00eas)<br \/>\n<\/a>Visite a p\u00e1gina do Facebook: <a href=\"https:\/\/www.facebook.com\/TheChurchTowardsCommonVision\/?hc_ref=SEARCH&amp;fref=nf\">\u00abA Igreja: para uma vis\u00e3o comum\u00bb (em ingl\u00eas)<\/a><\/p>\n<p>&nbsp;<\/p>\n","protected":false},"excerpt":{"rendered":"<p>Outubro de 2016 \u2013 O Conselho Mundial de Igrejas (CMI) convocou uma consulta interortodoxa em Chipre para a semana 6 a 13 de outubro para responder ao documento \u00abA Igreja: rumo a uma vis\u00e3o comum\u00bb, um texto de converg\u00eancia apresentado&#8230;<\/p>\n","protected":false},"author":1,"featured_media":21945,"comment_status":"open","ping_status":"open","sticky":false,"template":"","format":"standard","meta":{"_acf_changed":false,"footnotes":""},"categories":[3],"tags":[],"class_list":["post-21941","post","type-post","status-publish","format-standard","has-post-thumbnail","hentry","category-mundo","entry","rows-excerpt"],"acf":[],"yoast_head":"<!-- This site is optimized with the Yoast SEO plugin v27.5 - https:\/\/yoast.com\/product\/yoast-seo-wordpress\/ -->\n<title>CMI facilita a resposta interortodoxa ao texto de converg\u00eancia | ECCLESIA NEWS<\/title>\n<meta name=\"robots\" content=\"index, follow, max-snippet:-1, max-image-preview:large, max-video-preview:-1\" \/>\n<link rel=\"canonical\" href=\"https:\/\/news.ecclesia.org.br\/?p=21941\" \/>\n<meta property=\"og:locale\" content=\"pt_BR\" \/>\n<meta property=\"og:type\" content=\"article\" \/>\n<meta property=\"og:title\" content=\"CMI facilita a resposta interortodoxa ao texto de converg\u00eancia | ECCLESIA NEWS\" \/>\n<meta property=\"og:description\" content=\"Outubro de 2016 \u2013 O Conselho Mundial de Igrejas (CMI) convocou uma consulta interortodoxa em Chipre para a semana 6 a 13 de outubro para responder ao documento \u00abA Igreja: rumo a uma vis\u00e3o comum\u00bb, um texto de converg\u00eancia apresentado&#8230;\" \/>\n<meta property=\"og:url\" content=\"https:\/\/news.ecclesia.org.br\/?p=21941\" \/>\n<meta property=\"og:site_name\" content=\"ECCLESIA NEWS\" \/>\n<meta property=\"article:publisher\" content=\"https:\/\/www.facebook.com\/Ecclesia2025\" \/>\n<meta property=\"article:published_time\" content=\"2016-10-21T12:16:52+00:00\" \/>\n<meta property=\"article:modified_time\" content=\"2016-10-21T12:58:59+00:00\" \/>\n<meta property=\"og:image\" content=\"https:\/\/news.ecclesia.org.br\/wp-content\/uploads\/2016\/10\/14642138.jpg\" \/>\n\t<meta property=\"og:image:width\" content=\"960\" \/>\n\t<meta property=\"og:image:height\" content=\"678\" \/>\n\t<meta property=\"og:image:type\" content=\"image\/jpeg\" \/>\n<meta name=\"author\" content=\"Pe. Andr\u00e9\" \/>\n<meta name=\"twitter:card\" content=\"summary_large_image\" \/>\n<meta name=\"twitter:creator\" content=\"@EcclesiaNews\" \/>\n<meta name=\"twitter:site\" content=\"@EcclesiaNews\" \/>\n<meta name=\"twitter:label1\" content=\"Escrito por\" \/>\n\t<meta name=\"twitter:data1\" content=\"Pe. Andr\u00e9\" \/>\n\t<meta name=\"twitter:label2\" content=\"Est. tempo de leitura\" \/>\n\t<meta name=\"twitter:data2\" content=\"2 minutos\" \/>\n<script type=\"application\/ld+json\" class=\"yoast-schema-graph\">{\"@context\":\"https:\\\/\\\/schema.org\",\"@graph\":[{\"@type\":\"Article\",\"@id\":\"https:\\\/\\\/news.ecclesia.org.br\\\/?p=21941#article\",\"isPartOf\":{\"@id\":\"https:\\\/\\\/news.ecclesia.org.br\\\/?p=21941\"},\"author\":{\"name\":\"Pe. Andr\u00e9\",\"@id\":\"https:\\\/\\\/news.ecclesia.org.br\\\/#\\\/schema\\\/person\\\/6f09597f025829745ba414a569f63758\"},\"headline\":\"CMI facilita a resposta interortodoxa ao texto de converg\u00eancia\",\"datePublished\":\"2016-10-21T12:16:52+00:00\",\"dateModified\":\"2016-10-21T12:58:59+00:00\",\"mainEntityOfPage\":{\"@id\":\"https:\\\/\\\/news.ecclesia.org.br\\\/?p=21941\"},\"wordCount\":411,\"commentCount\":0,\"publisher\":{\"@id\":\"https:\\\/\\\/news.ecclesia.org.br\\\/#organization\"},\"image\":{\"@id\":\"https:\\\/\\\/news.ecclesia.org.br\\\/?p=21941#primaryimage\"},\"thumbnailUrl\":\"https:\\\/\\\/news.ecclesia.org.br\\\/wp-content\\\/uploads\\\/2016\\\/10\\\/14642138.jpg\",\"articleSection\":[\"Mundo Ortodoxo\"],\"inLanguage\":\"pt-BR\",\"potentialAction\":[{\"@type\":\"CommentAction\",\"name\":\"Comment\",\"target\":[\"https:\\\/\\\/news.ecclesia.org.br\\\/?p=21941#respond\"]}]},{\"@type\":\"WebPage\",\"@id\":\"https:\\\/\\\/news.ecclesia.org.br\\\/?p=21941\",\"url\":\"https:\\\/\\\/news.ecclesia.org.br\\\/?p=21941\",\"name\":\"CMI facilita a resposta interortodoxa ao texto de converg\u00eancia | ECCLESIA NEWS\",\"isPartOf\":{\"@id\":\"https:\\\/\\\/news.ecclesia.org.br\\\/#website\"},\"primaryImageOfPage\":{\"@id\":\"https:\\\/\\\/news.ecclesia.org.br\\\/?p=21941#primaryimage\"},\"image\":{\"@id\":\"https:\\\/\\\/news.ecclesia.org.br\\\/?p=21941#primaryimage\"},\"thumbnailUrl\":\"https:\\\/\\\/news.ecclesia.org.br\\\/wp-content\\\/uploads\\\/2016\\\/10\\\/14642138.jpg\",\"datePublished\":\"2016-10-21T12:16:52+00:00\",\"dateModified\":\"2016-10-21T12:58:59+00:00\",\"breadcrumb\":{\"@id\":\"https:\\\/\\\/news.ecclesia.org.br\\\/?p=21941#breadcrumb\"},\"inLanguage\":\"pt-BR\",\"potentialAction\":[{\"@type\":\"ReadAction\",\"target\":[\"https:\\\/\\\/news.ecclesia.org.br\\\/?p=21941\"]}]},{\"@type\":\"ImageObject\",\"inLanguage\":\"pt-BR\",\"@id\":\"https:\\\/\\\/news.ecclesia.org.br\\\/?p=21941#primaryimage\",\"url\":\"https:\\\/\\\/news.ecclesia.org.br\\\/wp-content\\\/uploads\\\/2016\\\/10\\\/14642138.jpg\",\"contentUrl\":\"https:\\\/\\\/news.ecclesia.org.br\\\/wp-content\\\/uploads\\\/2016\\\/10\\\/14642138.jpg\",\"width\":960,\"height\":678},{\"@type\":\"BreadcrumbList\",\"@id\":\"https:\\\/\\\/news.ecclesia.org.br\\\/?p=21941#breadcrumb\",\"itemListElement\":[{\"@type\":\"ListItem\",\"position\":1,\"name\":\"In\u00edcio\",\"item\":\"https:\\\/\\\/news.ecclesia.org.br\\\/\"},{\"@type\":\"ListItem\",\"position\":2,\"name\":\"CMI facilita a resposta interortodoxa ao texto de converg\u00eancia\"}]},{\"@type\":\"WebSite\",\"@id\":\"https:\\\/\\\/news.ecclesia.org.br\\\/#website\",\"url\":\"https:\\\/\\\/news.ecclesia.org.br\\\/\",\"name\":\"Ecclesia Brasil\",\"description\":\"Desde 2003 onectando o Brasil ao mundo ortodoxo!\",\"publisher\":{\"@id\":\"https:\\\/\\\/news.ecclesia.org.br\\\/#organization\"},\"alternateName\":\"Ecclesia\",\"potentialAction\":[{\"@type\":\"SearchAction\",\"target\":{\"@type\":\"EntryPoint\",\"urlTemplate\":\"https:\\\/\\\/news.ecclesia.org.br\\\/?s={search_term_string}\"},\"query-input\":{\"@type\":\"PropertyValueSpecification\",\"valueRequired\":true,\"valueName\":\"search_term_string\"}}],\"inLanguage\":\"pt-BR\"},{\"@type\":\"Organization\",\"@id\":\"https:\\\/\\\/news.ecclesia.org.br\\\/#organization\",\"name\":\"Sacra Arquidiocese de Buenos Aires e Am\u00e9rica do Sul | Patriarcado Ecum\u00eanico\",\"alternateName\":\"News Ecclesia Brasil\",\"url\":\"https:\\\/\\\/news.ecclesia.org.br\\\/\",\"logo\":{\"@type\":\"ImageObject\",\"inLanguage\":\"pt-BR\",\"@id\":\"https:\\\/\\\/news.ecclesia.org.br\\\/#\\\/schema\\\/logo\\\/image\\\/\",\"url\":\"https:\\\/\\\/news.ecclesia.org.br\\\/wp-content\\\/uploads\\\/2025\\\/05\\\/ecclesia2.png\",\"contentUrl\":\"https:\\\/\\\/news.ecclesia.org.br\\\/wp-content\\\/uploads\\\/2025\\\/05\\\/ecclesia2.png\",\"width\":480,\"height\":120,\"caption\":\"Sacra Arquidiocese de Buenos Aires e Am\u00e9rica do Sul | Patriarcado Ecum\u00eanico\"},\"image\":{\"@id\":\"https:\\\/\\\/news.ecclesia.org.br\\\/#\\\/schema\\\/logo\\\/image\\\/\"},\"sameAs\":[\"https:\\\/\\\/www.facebook.com\\\/Ecclesia2025\",\"https:\\\/\\\/x.com\\\/EcclesiaNews\",\"https:\\\/\\\/br.pinterest.com\\\/ekklisia\\\/\",\"https:\\\/\\\/www.youtube.com\\\/@EcclesiaBrasil\"]},{\"@type\":\"Person\",\"@id\":\"https:\\\/\\\/news.ecclesia.org.br\\\/#\\\/schema\\\/person\\\/6f09597f025829745ba414a569f63758\",\"name\":\"Pe. Andr\u00e9\",\"image\":{\"@type\":\"ImageObject\",\"inLanguage\":\"pt-BR\",\"@id\":\"https:\\\/\\\/secure.gravatar.com\\\/avatar\\\/b4327cfa27e9799da239a26adcd534fc29cdc0c4a4a148eecbcfeb9b42c617ac?s=96&d=mm&r=g\",\"url\":\"https:\\\/\\\/secure.gravatar.com\\\/avatar\\\/b4327cfa27e9799da239a26adcd534fc29cdc0c4a4a148eecbcfeb9b42c617ac?s=96&d=mm&r=g\",\"contentUrl\":\"https:\\\/\\\/secure.gravatar.com\\\/avatar\\\/b4327cfa27e9799da239a26adcd534fc29cdc0c4a4a148eecbcfeb9b42c617ac?s=96&d=mm&r=g\",\"caption\":\"Pe. Andr\u00e9\"},\"sameAs\":[\"https:\\\/\\\/www.ecclesia.org.br\"]}]}<\/script>\n<!-- \/ Yoast SEO plugin. -->","yoast_head_json":{"title":"CMI facilita a resposta interortodoxa ao texto de converg\u00eancia | ECCLESIA NEWS","robots":{"index":"index","follow":"follow","max-snippet":"max-snippet:-1","max-image-preview":"max-image-preview:large","max-video-preview":"max-video-preview:-1"},"canonical":"https:\/\/news.ecclesia.org.br\/?p=21941","og_locale":"pt_BR","og_type":"article","og_title":"CMI facilita a resposta interortodoxa ao texto de converg\u00eancia | ECCLESIA NEWS","og_description":"Outubro de 2016 \u2013 O Conselho Mundial de Igrejas (CMI) convocou uma consulta interortodoxa em Chipre para a semana 6 a 13 de outubro para responder ao documento \u00abA Igreja: rumo a uma vis\u00e3o comum\u00bb, um texto de converg\u00eancia apresentado&#8230;","og_url":"https:\/\/news.ecclesia.org.br\/?p=21941","og_site_name":"ECCLESIA NEWS","article_publisher":"https:\/\/www.facebook.com\/Ecclesia2025","article_published_time":"2016-10-21T12:16:52+00:00","article_modified_time":"2016-10-21T12:58:59+00:00","og_image":[{"width":960,"height":678,"url":"https:\/\/news.ecclesia.org.br\/wp-content\/uploads\/2016\/10\/14642138.jpg","type":"image\/jpeg"}],"author":"Pe. Andr\u00e9","twitter_card":"summary_large_image","twitter_creator":"@EcclesiaNews","twitter_site":"@EcclesiaNews","twitter_misc":{"Escrito por":"Pe. Andr\u00e9","Est. tempo de leitura":"2 minutos"},"schema":{"@context":"https:\/\/schema.org","@graph":[{"@type":"Article","@id":"https:\/\/news.ecclesia.org.br\/?p=21941#article","isPartOf":{"@id":"https:\/\/news.ecclesia.org.br\/?p=21941"},"author":{"name":"Pe. Andr\u00e9","@id":"https:\/\/news.ecclesia.org.br\/#\/schema\/person\/6f09597f025829745ba414a569f63758"},"headline":"CMI facilita a resposta interortodoxa ao texto de converg\u00eancia","datePublished":"2016-10-21T12:16:52+00:00","dateModified":"2016-10-21T12:58:59+00:00","mainEntityOfPage":{"@id":"https:\/\/news.ecclesia.org.br\/?p=21941"},"wordCount":411,"commentCount":0,"publisher":{"@id":"https:\/\/news.ecclesia.org.br\/#organization"},"image":{"@id":"https:\/\/news.ecclesia.org.br\/?p=21941#primaryimage"},"thumbnailUrl":"https:\/\/news.ecclesia.org.br\/wp-content\/uploads\/2016\/10\/14642138.jpg","articleSection":["Mundo Ortodoxo"],"inLanguage":"pt-BR","potentialAction":[{"@type":"CommentAction","name":"Comment","target":["https:\/\/news.ecclesia.org.br\/?p=21941#respond"]}]},{"@type":"WebPage","@id":"https:\/\/news.ecclesia.org.br\/?p=21941","url":"https:\/\/news.ecclesia.org.br\/?p=21941","name":"CMI facilita a resposta interortodoxa ao texto de converg\u00eancia | ECCLESIA NEWS","isPartOf":{"@id":"https:\/\/news.ecclesia.org.br\/#website"},"primaryImageOfPage":{"@id":"https:\/\/news.ecclesia.org.br\/?p=21941#primaryimage"},"image":{"@id":"https:\/\/news.ecclesia.org.br\/?p=21941#primaryimage"},"thumbnailUrl":"https:\/\/news.ecclesia.org.br\/wp-content\/uploads\/2016\/10\/14642138.jpg","datePublished":"2016-10-21T12:16:52+00:00","dateModified":"2016-10-21T12:58:59+00:00","breadcrumb":{"@id":"https:\/\/news.ecclesia.org.br\/?p=21941#breadcrumb"},"inLanguage":"pt-BR","potentialAction":[{"@type":"ReadAction","target":["https:\/\/news.ecclesia.org.br\/?p=21941"]}]},{"@type":"ImageObject","inLanguage":"pt-BR","@id":"https:\/\/news.ecclesia.org.br\/?p=21941#primaryimage","url":"https:\/\/news.ecclesia.org.br\/wp-content\/uploads\/2016\/10\/14642138.jpg","contentUrl":"https:\/\/news.ecclesia.org.br\/wp-content\/uploads\/2016\/10\/14642138.jpg","width":960,"height":678},{"@type":"BreadcrumbList","@id":"https:\/\/news.ecclesia.org.br\/?p=21941#breadcrumb","itemListElement":[{"@type":"ListItem","position":1,"name":"In\u00edcio","item":"https:\/\/news.ecclesia.org.br\/"},{"@type":"ListItem","position":2,"name":"CMI facilita a resposta interortodoxa ao texto de converg\u00eancia"}]},{"@type":"WebSite","@id":"https:\/\/news.ecclesia.org.br\/#website","url":"https:\/\/news.ecclesia.org.br\/","name":"Ecclesia Brasil","description":"Desde 2003 onectando o Brasil ao mundo ortodoxo!","publisher":{"@id":"https:\/\/news.ecclesia.org.br\/#organization"},"alternateName":"Ecclesia","potentialAction":[{"@type":"SearchAction","target":{"@type":"EntryPoint","urlTemplate":"https:\/\/news.ecclesia.org.br\/?s={search_term_string}"},"query-input":{"@type":"PropertyValueSpecification","valueRequired":true,"valueName":"search_term_string"}}],"inLanguage":"pt-BR"},{"@type":"Organization","@id":"https:\/\/news.ecclesia.org.br\/#organization","name":"Sacra Arquidiocese de Buenos Aires e Am\u00e9rica do Sul | Patriarcado Ecum\u00eanico","alternateName":"News Ecclesia Brasil","url":"https:\/\/news.ecclesia.org.br\/","logo":{"@type":"ImageObject","inLanguage":"pt-BR","@id":"https:\/\/news.ecclesia.org.br\/#\/schema\/logo\/image\/","url":"https:\/\/news.ecclesia.org.br\/wp-content\/uploads\/2025\/05\/ecclesia2.png","contentUrl":"https:\/\/news.ecclesia.org.br\/wp-content\/uploads\/2025\/05\/ecclesia2.png","width":480,"height":120,"caption":"Sacra Arquidiocese de Buenos Aires e Am\u00e9rica do Sul | Patriarcado Ecum\u00eanico"},"image":{"@id":"https:\/\/news.ecclesia.org.br\/#\/schema\/logo\/image\/"},"sameAs":["https:\/\/www.facebook.com\/Ecclesia2025","https:\/\/x.com\/EcclesiaNews","https:\/\/br.pinterest.com\/ekklisia\/","https:\/\/www.youtube.com\/@EcclesiaBrasil"]},{"@type":"Person","@id":"https:\/\/news.ecclesia.org.br\/#\/schema\/person\/6f09597f025829745ba414a569f63758","name":"Pe. Andr\u00e9","image":{"@type":"ImageObject","inLanguage":"pt-BR","@id":"https:\/\/secure.gravatar.com\/avatar\/b4327cfa27e9799da239a26adcd534fc29cdc0c4a4a148eecbcfeb9b42c617ac?s=96&d=mm&r=g","url":"https:\/\/secure.gravatar.com\/avatar\/b4327cfa27e9799da239a26adcd534fc29cdc0c4a4a148eecbcfeb9b42c617ac?s=96&d=mm&r=g","contentUrl":"https:\/\/secure.gravatar.com\/avatar\/b4327cfa27e9799da239a26adcd534fc29cdc0c4a4a148eecbcfeb9b42c617ac?s=96&d=mm&r=g","caption":"Pe. Andr\u00e9"},"sameAs":["https:\/\/www.ecclesia.org.br"]}]}},"_links":{"self":[{"href":"https:\/\/news.ecclesia.org.br\/index.php?rest_route=\/wp\/v2\/posts\/21941","targetHints":{"allow":["GET"]}}],"collection":[{"href":"https:\/\/news.ecclesia.org.br\/index.php?rest_route=\/wp\/v2\/posts"}],"about":[{"href":"https:\/\/news.ecclesia.org.br\/index.php?rest_route=\/wp\/v2\/types\/post"}],"author":[{"embeddable":true,"href":"https:\/\/news.ecclesia.org.br\/index.php?rest_route=\/wp\/v2\/users\/1"}],"replies":[{"embeddable":true,"href":"https:\/\/news.ecclesia.org.br\/index.php?rest_route=%2Fwp%2Fv2%2Fcomments&post=21941"}],"version-history":[{"count":0,"href":"https:\/\/news.ecclesia.org.br\/index.php?rest_route=\/wp\/v2\/posts\/21941\/revisions"}],"wp:featuredmedia":[{"embeddable":true,"href":"https:\/\/news.ecclesia.org.br\/index.php?rest_route=\/wp\/v2\/media\/21945"}],"wp:attachment":[{"href":"https:\/\/news.ecclesia.org.br\/index.php?rest_route=%2Fwp%2Fv2%2Fmedia&parent=21941"}],"wp:term":[{"taxonomy":"category","embeddable":true,"href":"https:\/\/news.ecclesia.org.br\/index.php?rest_route=%2Fwp%2Fv2%2Fcategories&post=21941"},{"taxonomy":"post_tag","embeddable":true,"href":"https:\/\/news.ecclesia.org.br\/index.php?rest_route=%2Fwp%2Fv2%2Ftags&post=21941"}],"curies":[{"name":"wp","href":"https:\/\/api.w.org\/{rel}","templated":true}]}}