{"id":21873,"date":"2016-09-30T15:02:56","date_gmt":"2016-09-30T15:02:56","guid":{"rendered":"https:\/\/news.ecclesia.org.br\/2013\/?p=21873"},"modified":"2016-10-01T14:22:00","modified_gmt":"2016-10-01T14:22:00","slug":"papa-francisco-de-roma-peregrina-as-fronteiras-da-europa","status":"publish","type":"post","link":"https:\/\/news.ecclesia.org.br\/?p=21873","title":{"rendered":"Papa Francisco de Roma peregrina \u00e0s fronteiras da Europa"},"content":{"rendered":"<figure id=\"attachment_21879\" aria-describedby=\"caption-attachment-21879\" style=\"width: 300px\" class=\"wp-caption alignleft\"><a href=\"https:\/\/news.ecclesia.org.br\/2013\/wp-content\/uploads\/2016\/09\/georgia2016-002.jpg\"><img fetchpriority=\"high\" decoding=\"async\" class=\"size-medium wp-image-21879\" src=\"https:\/\/news.ecclesia.org.br\/2013\/wp-content\/uploads\/2016\/09\/georgia2016-002-300x225.jpg\" alt=\"Papa Francisco foi recebido Patriarca da Ge\u00f3rgia, El\u00edas II, ao chegar ao aeroporto de Tbilisi, capital da George, na manh\u00e3 desta sexta-feira (30) (Foto: Ivan Sekretarev\/AP)\" width=\"300\" height=\"225\" srcset=\"https:\/\/news.ecclesia.org.br\/wp-content\/uploads\/2016\/09\/georgia2016-002-300x225.jpg 300w, https:\/\/news.ecclesia.org.br\/wp-content\/uploads\/2016\/09\/georgia2016-002-600x450.jpg 600w, https:\/\/news.ecclesia.org.br\/wp-content\/uploads\/2016\/09\/georgia2016-002-73x55.jpg 73w, https:\/\/news.ecclesia.org.br\/wp-content\/uploads\/2016\/09\/georgia2016-002.jpg 620w\" sizes=\"(max-width: 300px) 100vw, 300px\" \/><\/a><figcaption id=\"caption-attachment-21879\" class=\"wp-caption-text\">Papa Francisco foi recebido Patriarca da Ge\u00f3rgia, El\u00edas II, ao chegar ao aeroporto de Tbilisi, capital da George, na manh\u00e3 desta sexta-feira (30) (Foto: Ivan Sekretarev\/AP)<\/figcaption><\/figure>\n<p style=\"text-align: justify;\">O Papa Francisco iniciou nesta sexta-feira (30) uma visita ao C\u00e1ucaso. Nesta manh\u00e3 ele chegou a Tbilisi, capital da Ge\u00f3rgia, e, no domingo, seguir\u00e1 para o Azerbaij\u00e3o.\u00a0Francisco\u00a0foi recebido pelo presidente da Ge\u00f3rgia, Giorgi Margvelashvili, e sua esposa, al\u00e9m do presidente do parlamento, David Usupashvili, e do patriarca da Ge\u00f3rgia, El\u00edas II.\u00a0Ap\u00f3s deixar o aeroporto, Francisco se dirigiu rumo ao pal\u00e1cio presidencial, para realizar uma visita de cortesia a Margvelashvili a s\u00f3s e depois assistir a uma recep\u00e7\u00e3o com 300 personalidades pol\u00edticas, da sociedade civil, religiosa e o corpo diplom\u00e1tico.\u00a0No centro de Tbilisi e suas principais avenidas, como a Rustaveli, foram colocadas bandeiras georgianas e do Vaticano por ocasi\u00e3o da visita.\u00a0No caminho, um pequeno grupo de ortodoxos se manifestou com cartazes de &#8220;o Papa n\u00e3o \u00e9 bem-vindo na Ge\u00f3rgia&#8221; em protesto pelo que consideram uma viagem proselitista para &#8220;expandir doutrinas err\u00f4neas&#8221;.\u00a0Ainda nesta manh\u00e3, o papa se reunir\u00e1 com El\u00edas II e mais tarde, na \u00faltima reuni\u00e3o do dia, encontrar\u00e1 com ass\u00edrios-caldeus na igreja cald\u00e9ia de S\u00e3o Sim\u00f3n Bar Sabbae.\u00a0Durante o voo para Ge\u00f3rgia, em que foi acompanhado por 70 jornalistas, o pont\u00edfice confessou ter pouco apre\u00e7o pelas viagens, segundo a Efe. &#8220;Esta viagem ser\u00e1 breve, gra\u00e7as a Deus e em tr\u00eas dias estamos outra vez em casa&#8221;. (Fonte:<a href=\"http:\/\/g1.globo.com\/mundo\/noticia\/2016\/09\/papa-francisco-chega-georgia.html\" target=\"_blank\"> G1.Globo<\/a>)<\/p>\n<hr \/>\n<h2 style=\"text-align: justify;\">Algumas\u00a0mplica\u00e7\u00f5es ecum\u00eanicas desta viagem<\/h2>\n<p style=\"text-align: justify;\">A viagem rel\u00e2mpago de tr\u00eas dias e duas noites que o papa inicia esta sexta-feira ao C\u00e1ucaso lev\u00e1-lo-\u00e1 \u00e0 Ge\u00f3rgia e Azerbaidj\u00e3o, completando a peregrina\u00e7\u00e3o iniciada em junho na Arm\u00eania.\u00a0Inicialmente a viagem tinha sido planeada como um todo, mas a coincid\u00eancia com o conc\u00edlio panortodoxo em Creta obrigou a dividi-la em duas, para n\u00e3o dificultar a presen\u00e7a do patriarca georgiano Elias II no grande s\u00ednodo, j\u00e1 que o bispo de Roma n\u00e3o poderia visitar um pa\u00eds de antiqu\u00edssima tradi\u00e7\u00e3o crist\u00e3 sem a presen\u00e7a da cabe\u00e7a da Igreja mais importante.\u00a0Elias II viria a ser um dos patriarcas que, juntamente com o de Moscovo, Cirilo, decidiram, quase em cima do conc\u00edlio, n\u00e3o ir a Creta. Mas entretanto o calend\u00e1rio da viagem papal dividida em duas etapas estava estabelecido.\u00a0A viagem \u00e0 fronteira entre a Europa e a \u00c1sia insere-se na tipologia das desloca\u00e7\u00f5es de Francisco no Velho Continente: pa\u00edses pequenos, ainda feridos por conflitos, onde o papa espera encorajar caminhos de reconcilia\u00e7\u00e3o e de paz. Pa\u00edses onde os cat\u00f3licos s\u00e3o um &#8220;pequenino rebanho&#8221; mas nos quais convivem com outras confiss\u00f5es crist\u00e3s e com outras religi\u00f5es.\u00a0A peregrina\u00e7\u00e3o \u00e0 Ge\u00f3rgia e Azerbaidj\u00e3o, como j\u00e1 tinha sido a da Turquia, toca tamb\u00e9m o drama dos refugiados em fuga do autoproclamado Estado Isl\u00e2mico. O papa partilhar\u00e1 o sofrimento dos crist\u00e3os iraquianos esta sexta-feira ao entardecer, em Tbilisi, na igreja ass\u00edrio-caldeia dedicada a Sim\u00e3o bar Sabbae.\u00a0A visita tamb\u00e9m evoca o drama de outros refugiados, obrigados a abandonar as zonas de fronteira com a Federa\u00e7\u00e3o Russa depois dos confrontos que viram os tanques de Moscovo entrar na Ge\u00f3rgia em 2008. E h\u00e1 ainda uma ferida aberta: o conflito entre Azerbaidj\u00e3o e a Arm\u00eania pelo controlo da regi\u00e3o de Nagorno Karabakh.<\/p>\n<blockquote>\n<p style=\"text-align: justify;\">\u00abAcolhi o convite a visitar estes pa\u00edses\u00bb &#8211; explicava o papa em junho &#8211; \u00abpor um duplo motivo: por um lado, valorizar as antigas ra\u00edzes crist\u00e3s presentes naquelas regi\u00f5es, sempre em esp\u00edrito de di\u00e1logo com as outras religi\u00f5es e culturas, e por outro encorajar esperan\u00e7as e sentimentos de paz\u00bb.<\/p>\n<p style=\"text-align: justify;\">\u00abA hist\u00f3ria ensina-nos que o caminho da paz requer uma grande tenacidade e passos cont\u00ednuos, come\u00e7ando pelos pequenino e, aos poucos, fazendo-os crescer, indo um ao encontro uns dos outros. Precisamente por isto o meu desejo \u00e9 que todos e cada um deem o pr\u00f3prio contributo para a paz e a reconcilia\u00e7\u00e3o\u00bb, sublinhou.<\/p>\n<\/blockquote>\n<p style=\"text-align: justify;\">O Secret\u00e1rio de Estado da Santa S\u00e9 comenta: \u00ab\u00c9 muito f\u00e1cil observar no papa um viv\u00edssimo desejo de ser portador de paz, onde quer que v\u00e1. Neste sentido, tamb\u00e9m as situa\u00e7\u00f5es pol\u00edticas ou os planos estrat\u00e9gicos passam, por assim dizer, para segundo plano\u00bb.<\/p>\n<blockquote>\n<p style=\"text-align: justify;\">\u00abNo caso concreto, n\u00e3o penso que se possa prever uma solu\u00e7\u00e3o f\u00e1cil de todas as problem\u00e1ticas que dizem respeito \u00e0 regi\u00e3o do C\u00e1ucaso. Elas precisam de esfor\u00e7o, de vontade pol\u00edtica e de disponibilidade para o compromisso. Mas o papa Francisco dirige-se aos pa\u00edses do C\u00e1ucaso com grande humildade, procurando antes de tudo escutar, compreender e, consequentemente, encorajar toda a iniciativa de di\u00e1logo e de abertura para com o outro\u00bb, declara o cardeal Pietro Parolin.<\/p>\n<\/blockquote>\n<p style=\"text-align: justify;\">J\u00e1 durante o encontro ecum\u00eanico e a ora\u00e7\u00e3o pela paz em Erevan, capital da Arm\u00eania, a 25 de junho, Francisco evocou o conflito em Nagorno Karabakh, desejando uma solu\u00e7\u00e3o pac\u00edfica. As hostilidades reacenderam-se em abril, e os membros do Grupo de Minsk, criado pela Organiza\u00e7\u00e3o para a Seguran\u00e7a e Coopera\u00e7\u00e3o na Europa (OSCE) procuram relan\u00e7ar iniciativas para um compromisso capaz de conduzir finalmente \u00e0 paz.\u00a0Ge\u00f3rgia e Azerbaidj\u00e3o, como tamb\u00e9m a Arm\u00eania, faziam parte do imp\u00e9rio sovi\u00e9tico, e a Federa\u00e7\u00e3o Russa tenta conserv\u00e1-los na sua \u00f3rbita ou, pelo menos, impedir que outros pa\u00edses a puxem para a sua.\u00a0A viagem, especialmente na sua primeira etapa de dois dias na Ge\u00f3rgia, tem importantes implica\u00e7\u00f5es ecum\u00eanicas. A Igreja ortodoxa georgiana, com a qual a Santa S\u00e9 mant\u00e9m boas rela\u00e7\u00f5es, est\u00e1 entre as poucas que n\u00e3o reconhecem a validade do Batismo administrado pelos cat\u00f3licos. Francisco e Elias II abra\u00e7ar-se-\u00e3o, mas n\u00e3o rezar\u00e3o juntos.\u00a0O patriarca dos ortodoxos georgianos n\u00e3o participa pessoalmente na missa celebrada por Francisco no s\u00e1bado, mas decidiu enviar uma delega\u00e7\u00e3o, sinal considerado importante pelo Vaticano.\u00a0A desloca\u00e7\u00e3o \u00e0 Ge\u00f3rgia \u00e9 uma viagem \u00e0s ra\u00edzes crist\u00e3s da Europa: o cristianismo foi declarado religi\u00e3o de Estado em 337, e a Igreja georgiana proclamou-se autoc\u00e9fala, tornando-se aut\u00f4noma do patriarcado de Antioquia desde o s\u00e9c. IV.\u00a0O Azerbaidj\u00e3o \u00e9 um pa\u00eds de esmagadora maioria mu\u00e7ulmana (96%), composta por 63% de xiitas e 33% de sunitas. E atrai a aten\u00e7\u00e3o n\u00e3o s\u00f3 do vizinho Ir\u00e3o, mas tamb\u00e9m dos pa\u00edses \u00e1rabes interessados em introduzir a componente fundamentalista do isl\u00e3o.\u00a0Com esfor\u00e7os not\u00e1veis as autoridades civis e religiosas do pa\u00eds tentaram de todas as formas distinguir a esfera estatal da confessional, resistindo \u00e0s infiltra\u00e7\u00f5es radicais promovidas, por v\u00e1rios motivos, por pa\u00edses vizinhos e correligion\u00e1rios, inclusive os do C\u00e1ucaso do norte.\u00a0A presen\u00e7a do papa, que encontrar\u00e1 os l\u00edderes das religi\u00f5es no domingo \u00e0 tarde, constituir\u00e1 por isso um encorajamento a este caminho de multiculturalidade e toler\u00e2ncia, diariamente amea\u00e7ado por um mundo em tumulto pela \u00abterceira guerra mundial em peda\u00e7os\u00bb, na qual se procura disfar\u00e7ar, atrav\u00e9s de motiva\u00e7\u00f5es religiosas, interesses econ\u00f4micos e pol\u00edticos.\u00a0Com esta viagem, o papa \u00abprossegue a sua aproxima\u00e7\u00e3o &#8220;perif\u00e9rica&#8221; \u00e0 Europa, que j\u00e1 o levou a Lampedusa, Tirana, Sarajevo, Lesbos, Erevan, e que em breve o conduzir\u00e1 a Lund [Su\u00e9cia]\u00bb, assinala o presidente do Conselho Pontif\u00edcio para a Promo\u00e7\u00e3o da Unidade dos Crist\u00e3os.\u00a0\u00ab\u00c9 destas regi\u00f5es muito diferentes entre si, mas todas situadas nas fronteiras da Europa, regi\u00f5es em que se entretecem os desafios da nossa \u00e9poca e em que os cat\u00f3licos s\u00e3o muitas vezes minorit\u00e1rios, que o pont\u00edfice olha o continente\u00bb, escreve o cardeal Kurt Koch na edi\u00e7\u00e3o desta quinta-feira do jornal \u00a0L&#8217;Osservatore Romano.<\/p>\n<p style=\"text-align: center;\"><div id=\"galleria-21873\"><a href=\"https:\/\/news.ecclesia.org.br\/wp-content\/uploads\/2016\/09\/georgia2016-1024x576.jpg\"><img decoding=\"async\" title=\"georgia2016\" alt=\"\" src=\"https:\/\/news.ecclesia.org.br\/wp-content\/uploads\/2016\/09\/georgia2016-98x55.jpg\" data-big=\"https:\/\/news.ecclesia.org.br\/wp-content\/uploads\/2016\/09\/georgia2016-1024x576.jpg\"><\/a><a href=\"https:\/\/news.ecclesia.org.br\/wp-content\/uploads\/2016\/09\/georgia2016-002-1.jpg\"><img decoding=\"async\" title=\"georgia2016-002\" alt=\"\" src=\"https:\/\/news.ecclesia.org.br\/wp-content\/uploads\/2016\/09\/georgia2016-002-1-73x55.jpg\" data-big=\"https:\/\/news.ecclesia.org.br\/wp-content\/uploads\/2016\/09\/georgia2016-002-1.jpg\"><\/a><a href=\"https:\/\/news.ecclesia.org.br\/wp-content\/uploads\/2016\/09\/georgia2016-003.jpg\"><img decoding=\"async\" title=\"georgia2016-003\" alt=\"\" src=\"https:\/\/news.ecclesia.org.br\/wp-content\/uploads\/2016\/09\/georgia2016-003-83x55.jpg\" data-big=\"https:\/\/news.ecclesia.org.br\/wp-content\/uploads\/2016\/09\/georgia2016-003.jpg\"><\/a><a href=\"https:\/\/news.ecclesia.org.br\/wp-content\/uploads\/2016\/09\/georgia2016-004.jpg\"><img decoding=\"async\" title=\"georgia2016-004\" alt=\"\" src=\"https:\/\/news.ecclesia.org.br\/wp-content\/uploads\/2016\/09\/georgia2016-004-83x55.jpg\" data-big=\"https:\/\/news.ecclesia.org.br\/wp-content\/uploads\/2016\/09\/georgia2016-004.jpg\"><\/a><a href=\"https:\/\/news.ecclesia.org.br\/wp-content\/uploads\/2016\/09\/georgia2016-005.jpg\"><img decoding=\"async\" title=\"georgia2016-005\" alt=\"\" src=\"https:\/\/news.ecclesia.org.br\/wp-content\/uploads\/2016\/09\/georgia2016-005-83x55.jpg\" data-big=\"https:\/\/news.ecclesia.org.br\/wp-content\/uploads\/2016\/09\/georgia2016-005.jpg\"><\/a><a href=\"https:\/\/news.ecclesia.org.br\/wp-content\/uploads\/2016\/09\/georgia2016-006.jpg\"><img decoding=\"async\" title=\"georgia2016-006\" alt=\"\" src=\"https:\/\/news.ecclesia.org.br\/wp-content\/uploads\/2016\/09\/georgia2016-006-83x55.jpg\" data-big=\"https:\/\/news.ecclesia.org.br\/wp-content\/uploads\/2016\/09\/georgia2016-006.jpg\"><\/a><\/div><\/p>\n<hr \/>\n<p style=\"text-align: right;\">Por Andrea Tornielli,<br \/>\nin Vatican Insider<\/p>\n","protected":false},"excerpt":{"rendered":"<p>O Papa Francisco iniciou nesta sexta-feira (30) uma visita ao C\u00e1ucaso. Nesta manh\u00e3 ele chegou a Tbilisi, capital da Ge\u00f3rgia, e, no domingo, seguir\u00e1 para o Azerbaij\u00e3o.\u00a0Francisco\u00a0foi recebido pelo presidente da Ge\u00f3rgia, Giorgi Margvelashvili, e sua esposa, al\u00e9m do presidente&#8230;<\/p>\n","protected":false},"author":1,"featured_media":21874,"comment_status":"open","ping_status":"open","sticky":false,"template":"","format":"standard","meta":{"_acf_changed":false,"footnotes":""},"categories":[1],"tags":[],"class_list":["post-21873","post","type-post","status-publish","format-standard","has-post-thumbnail","hentry","category-news","entry","rows-excerpt"],"acf":[],"yoast_head":"<!-- This site is optimized with the Yoast SEO plugin v27.5 - https:\/\/yoast.com\/product\/yoast-seo-wordpress\/ -->\n<title>Papa Francisco de Roma peregrina \u00e0s fronteiras da Europa | ECCLESIA NEWS<\/title>\n<meta name=\"robots\" content=\"index, follow, max-snippet:-1, max-image-preview:large, max-video-preview:-1\" \/>\n<link rel=\"canonical\" href=\"https:\/\/news.ecclesia.org.br\/?p=21873\" \/>\n<meta property=\"og:locale\" content=\"pt_BR\" \/>\n<meta property=\"og:type\" content=\"article\" \/>\n<meta property=\"og:title\" content=\"Papa Francisco de Roma peregrina \u00e0s fronteiras da Europa | ECCLESIA NEWS\" \/>\n<meta property=\"og:description\" content=\"O Papa Francisco iniciou nesta sexta-feira (30) uma visita ao C\u00e1ucaso. Nesta manh\u00e3 ele chegou a Tbilisi, capital da Ge\u00f3rgia, e, no domingo, seguir\u00e1 para o Azerbaij\u00e3o.\u00a0Francisco\u00a0foi recebido pelo presidente da Ge\u00f3rgia, Giorgi Margvelashvili, e sua esposa, al\u00e9m do presidente&#8230;\" \/>\n<meta property=\"og:url\" content=\"https:\/\/news.ecclesia.org.br\/?p=21873\" \/>\n<meta property=\"og:site_name\" content=\"ECCLESIA NEWS\" \/>\n<meta property=\"article:publisher\" content=\"https:\/\/www.facebook.com\/Ecclesia2025\" \/>\n<meta property=\"article:published_time\" content=\"2016-09-30T15:02:56+00:00\" \/>\n<meta property=\"article:modified_time\" content=\"2016-10-01T14:22:00+00:00\" \/>\n<meta property=\"og:image\" content=\"https:\/\/news.ecclesia.org.br\/wp-content\/uploads\/2016\/09\/georgia2016.jpg\" \/>\n\t<meta property=\"og:image:width\" content=\"1920\" \/>\n\t<meta property=\"og:image:height\" content=\"1080\" \/>\n\t<meta property=\"og:image:type\" content=\"image\/jpeg\" \/>\n<meta name=\"author\" content=\"Pe. Andr\u00e9\" \/>\n<meta name=\"twitter:card\" content=\"summary_large_image\" \/>\n<meta name=\"twitter:creator\" content=\"@EcclesiaNews\" \/>\n<meta name=\"twitter:site\" content=\"@EcclesiaNews\" \/>\n<meta name=\"twitter:label1\" content=\"Escrito por\" \/>\n\t<meta name=\"twitter:data1\" content=\"Pe. Andr\u00e9\" \/>\n\t<meta name=\"twitter:label2\" content=\"Est. tempo de leitura\" \/>\n\t<meta name=\"twitter:data2\" content=\"7 minutos\" \/>\n<script type=\"application\/ld+json\" class=\"yoast-schema-graph\">{\"@context\":\"https:\\\/\\\/schema.org\",\"@graph\":[{\"@type\":\"Article\",\"@id\":\"https:\\\/\\\/news.ecclesia.org.br\\\/?p=21873#article\",\"isPartOf\":{\"@id\":\"https:\\\/\\\/news.ecclesia.org.br\\\/?p=21873\"},\"author\":{\"name\":\"Pe. Andr\u00e9\",\"@id\":\"https:\\\/\\\/news.ecclesia.org.br\\\/#\\\/schema\\\/person\\\/6f09597f025829745ba414a569f63758\"},\"headline\":\"Papa Francisco de Roma peregrina \u00e0s fronteiras da Europa\",\"datePublished\":\"2016-09-30T15:02:56+00:00\",\"dateModified\":\"2016-10-01T14:22:00+00:00\",\"mainEntityOfPage\":{\"@id\":\"https:\\\/\\\/news.ecclesia.org.br\\\/?p=21873\"},\"wordCount\":1385,\"commentCount\":0,\"publisher\":{\"@id\":\"https:\\\/\\\/news.ecclesia.org.br\\\/#organization\"},\"image\":{\"@id\":\"https:\\\/\\\/news.ecclesia.org.br\\\/?p=21873#primaryimage\"},\"thumbnailUrl\":\"https:\\\/\\\/news.ecclesia.org.br\\\/wp-content\\\/uploads\\\/2016\\\/09\\\/georgia2016.jpg\",\"articleSection\":[\"NEWS\"],\"inLanguage\":\"pt-BR\",\"potentialAction\":[{\"@type\":\"CommentAction\",\"name\":\"Comment\",\"target\":[\"https:\\\/\\\/news.ecclesia.org.br\\\/?p=21873#respond\"]}]},{\"@type\":\"WebPage\",\"@id\":\"https:\\\/\\\/news.ecclesia.org.br\\\/?p=21873\",\"url\":\"https:\\\/\\\/news.ecclesia.org.br\\\/?p=21873\",\"name\":\"Papa Francisco de Roma peregrina \u00e0s fronteiras da Europa | ECCLESIA NEWS\",\"isPartOf\":{\"@id\":\"https:\\\/\\\/news.ecclesia.org.br\\\/#website\"},\"primaryImageOfPage\":{\"@id\":\"https:\\\/\\\/news.ecclesia.org.br\\\/?p=21873#primaryimage\"},\"image\":{\"@id\":\"https:\\\/\\\/news.ecclesia.org.br\\\/?p=21873#primaryimage\"},\"thumbnailUrl\":\"https:\\\/\\\/news.ecclesia.org.br\\\/wp-content\\\/uploads\\\/2016\\\/09\\\/georgia2016.jpg\",\"datePublished\":\"2016-09-30T15:02:56+00:00\",\"dateModified\":\"2016-10-01T14:22:00+00:00\",\"breadcrumb\":{\"@id\":\"https:\\\/\\\/news.ecclesia.org.br\\\/?p=21873#breadcrumb\"},\"inLanguage\":\"pt-BR\",\"potentialAction\":[{\"@type\":\"ReadAction\",\"target\":[\"https:\\\/\\\/news.ecclesia.org.br\\\/?p=21873\"]}]},{\"@type\":\"ImageObject\",\"inLanguage\":\"pt-BR\",\"@id\":\"https:\\\/\\\/news.ecclesia.org.br\\\/?p=21873#primaryimage\",\"url\":\"https:\\\/\\\/news.ecclesia.org.br\\\/wp-content\\\/uploads\\\/2016\\\/09\\\/georgia2016.jpg\",\"contentUrl\":\"https:\\\/\\\/news.ecclesia.org.br\\\/wp-content\\\/uploads\\\/2016\\\/09\\\/georgia2016.jpg\",\"width\":1920,\"height\":1080},{\"@type\":\"BreadcrumbList\",\"@id\":\"https:\\\/\\\/news.ecclesia.org.br\\\/?p=21873#breadcrumb\",\"itemListElement\":[{\"@type\":\"ListItem\",\"position\":1,\"name\":\"In\u00edcio\",\"item\":\"https:\\\/\\\/news.ecclesia.org.br\\\/\"},{\"@type\":\"ListItem\",\"position\":2,\"name\":\"Papa Francisco de Roma peregrina \u00e0s fronteiras da Europa\"}]},{\"@type\":\"WebSite\",\"@id\":\"https:\\\/\\\/news.ecclesia.org.br\\\/#website\",\"url\":\"https:\\\/\\\/news.ecclesia.org.br\\\/\",\"name\":\"Ecclesia Brasil\",\"description\":\"Desde 2003 onectando o Brasil ao mundo ortodoxo!\",\"publisher\":{\"@id\":\"https:\\\/\\\/news.ecclesia.org.br\\\/#organization\"},\"alternateName\":\"Ecclesia\",\"potentialAction\":[{\"@type\":\"SearchAction\",\"target\":{\"@type\":\"EntryPoint\",\"urlTemplate\":\"https:\\\/\\\/news.ecclesia.org.br\\\/?s={search_term_string}\"},\"query-input\":{\"@type\":\"PropertyValueSpecification\",\"valueRequired\":true,\"valueName\":\"search_term_string\"}}],\"inLanguage\":\"pt-BR\"},{\"@type\":\"Organization\",\"@id\":\"https:\\\/\\\/news.ecclesia.org.br\\\/#organization\",\"name\":\"Sacra Arquidiocese de Buenos Aires e Am\u00e9rica do Sul | Patriarcado Ecum\u00eanico\",\"alternateName\":\"News Ecclesia Brasil\",\"url\":\"https:\\\/\\\/news.ecclesia.org.br\\\/\",\"logo\":{\"@type\":\"ImageObject\",\"inLanguage\":\"pt-BR\",\"@id\":\"https:\\\/\\\/news.ecclesia.org.br\\\/#\\\/schema\\\/logo\\\/image\\\/\",\"url\":\"https:\\\/\\\/news.ecclesia.org.br\\\/wp-content\\\/uploads\\\/2025\\\/05\\\/ecclesia2.png\",\"contentUrl\":\"https:\\\/\\\/news.ecclesia.org.br\\\/wp-content\\\/uploads\\\/2025\\\/05\\\/ecclesia2.png\",\"width\":480,\"height\":120,\"caption\":\"Sacra Arquidiocese de Buenos Aires e Am\u00e9rica do Sul | Patriarcado Ecum\u00eanico\"},\"image\":{\"@id\":\"https:\\\/\\\/news.ecclesia.org.br\\\/#\\\/schema\\\/logo\\\/image\\\/\"},\"sameAs\":[\"https:\\\/\\\/www.facebook.com\\\/Ecclesia2025\",\"https:\\\/\\\/x.com\\\/EcclesiaNews\",\"https:\\\/\\\/br.pinterest.com\\\/ekklisia\\\/\",\"https:\\\/\\\/www.youtube.com\\\/@EcclesiaBrasil\"]},{\"@type\":\"Person\",\"@id\":\"https:\\\/\\\/news.ecclesia.org.br\\\/#\\\/schema\\\/person\\\/6f09597f025829745ba414a569f63758\",\"name\":\"Pe. Andr\u00e9\",\"image\":{\"@type\":\"ImageObject\",\"inLanguage\":\"pt-BR\",\"@id\":\"https:\\\/\\\/secure.gravatar.com\\\/avatar\\\/b4327cfa27e9799da239a26adcd534fc29cdc0c4a4a148eecbcfeb9b42c617ac?s=96&d=mm&r=g\",\"url\":\"https:\\\/\\\/secure.gravatar.com\\\/avatar\\\/b4327cfa27e9799da239a26adcd534fc29cdc0c4a4a148eecbcfeb9b42c617ac?s=96&d=mm&r=g\",\"contentUrl\":\"https:\\\/\\\/secure.gravatar.com\\\/avatar\\\/b4327cfa27e9799da239a26adcd534fc29cdc0c4a4a148eecbcfeb9b42c617ac?s=96&d=mm&r=g\",\"caption\":\"Pe. Andr\u00e9\"},\"sameAs\":[\"https:\\\/\\\/www.ecclesia.org.br\"]}]}<\/script>\n<!-- \/ Yoast SEO plugin. -->","yoast_head_json":{"title":"Papa Francisco de Roma peregrina \u00e0s fronteiras da Europa | ECCLESIA NEWS","robots":{"index":"index","follow":"follow","max-snippet":"max-snippet:-1","max-image-preview":"max-image-preview:large","max-video-preview":"max-video-preview:-1"},"canonical":"https:\/\/news.ecclesia.org.br\/?p=21873","og_locale":"pt_BR","og_type":"article","og_title":"Papa Francisco de Roma peregrina \u00e0s fronteiras da Europa | ECCLESIA NEWS","og_description":"O Papa Francisco iniciou nesta sexta-feira (30) uma visita ao C\u00e1ucaso. Nesta manh\u00e3 ele chegou a Tbilisi, capital da Ge\u00f3rgia, e, no domingo, seguir\u00e1 para o Azerbaij\u00e3o.\u00a0Francisco\u00a0foi recebido pelo presidente da Ge\u00f3rgia, Giorgi Margvelashvili, e sua esposa, al\u00e9m do presidente&#8230;","og_url":"https:\/\/news.ecclesia.org.br\/?p=21873","og_site_name":"ECCLESIA NEWS","article_publisher":"https:\/\/www.facebook.com\/Ecclesia2025","article_published_time":"2016-09-30T15:02:56+00:00","article_modified_time":"2016-10-01T14:22:00+00:00","og_image":[{"width":1920,"height":1080,"url":"https:\/\/news.ecclesia.org.br\/wp-content\/uploads\/2016\/09\/georgia2016.jpg","type":"image\/jpeg"}],"author":"Pe. Andr\u00e9","twitter_card":"summary_large_image","twitter_creator":"@EcclesiaNews","twitter_site":"@EcclesiaNews","twitter_misc":{"Escrito por":"Pe. Andr\u00e9","Est. tempo de leitura":"7 minutos"},"schema":{"@context":"https:\/\/schema.org","@graph":[{"@type":"Article","@id":"https:\/\/news.ecclesia.org.br\/?p=21873#article","isPartOf":{"@id":"https:\/\/news.ecclesia.org.br\/?p=21873"},"author":{"name":"Pe. Andr\u00e9","@id":"https:\/\/news.ecclesia.org.br\/#\/schema\/person\/6f09597f025829745ba414a569f63758"},"headline":"Papa Francisco de Roma peregrina \u00e0s fronteiras da Europa","datePublished":"2016-09-30T15:02:56+00:00","dateModified":"2016-10-01T14:22:00+00:00","mainEntityOfPage":{"@id":"https:\/\/news.ecclesia.org.br\/?p=21873"},"wordCount":1385,"commentCount":0,"publisher":{"@id":"https:\/\/news.ecclesia.org.br\/#organization"},"image":{"@id":"https:\/\/news.ecclesia.org.br\/?p=21873#primaryimage"},"thumbnailUrl":"https:\/\/news.ecclesia.org.br\/wp-content\/uploads\/2016\/09\/georgia2016.jpg","articleSection":["NEWS"],"inLanguage":"pt-BR","potentialAction":[{"@type":"CommentAction","name":"Comment","target":["https:\/\/news.ecclesia.org.br\/?p=21873#respond"]}]},{"@type":"WebPage","@id":"https:\/\/news.ecclesia.org.br\/?p=21873","url":"https:\/\/news.ecclesia.org.br\/?p=21873","name":"Papa Francisco de Roma peregrina \u00e0s fronteiras da Europa | ECCLESIA NEWS","isPartOf":{"@id":"https:\/\/news.ecclesia.org.br\/#website"},"primaryImageOfPage":{"@id":"https:\/\/news.ecclesia.org.br\/?p=21873#primaryimage"},"image":{"@id":"https:\/\/news.ecclesia.org.br\/?p=21873#primaryimage"},"thumbnailUrl":"https:\/\/news.ecclesia.org.br\/wp-content\/uploads\/2016\/09\/georgia2016.jpg","datePublished":"2016-09-30T15:02:56+00:00","dateModified":"2016-10-01T14:22:00+00:00","breadcrumb":{"@id":"https:\/\/news.ecclesia.org.br\/?p=21873#breadcrumb"},"inLanguage":"pt-BR","potentialAction":[{"@type":"ReadAction","target":["https:\/\/news.ecclesia.org.br\/?p=21873"]}]},{"@type":"ImageObject","inLanguage":"pt-BR","@id":"https:\/\/news.ecclesia.org.br\/?p=21873#primaryimage","url":"https:\/\/news.ecclesia.org.br\/wp-content\/uploads\/2016\/09\/georgia2016.jpg","contentUrl":"https:\/\/news.ecclesia.org.br\/wp-content\/uploads\/2016\/09\/georgia2016.jpg","width":1920,"height":1080},{"@type":"BreadcrumbList","@id":"https:\/\/news.ecclesia.org.br\/?p=21873#breadcrumb","itemListElement":[{"@type":"ListItem","position":1,"name":"In\u00edcio","item":"https:\/\/news.ecclesia.org.br\/"},{"@type":"ListItem","position":2,"name":"Papa Francisco de Roma peregrina \u00e0s fronteiras da Europa"}]},{"@type":"WebSite","@id":"https:\/\/news.ecclesia.org.br\/#website","url":"https:\/\/news.ecclesia.org.br\/","name":"Ecclesia Brasil","description":"Desde 2003 onectando o Brasil ao mundo ortodoxo!","publisher":{"@id":"https:\/\/news.ecclesia.org.br\/#organization"},"alternateName":"Ecclesia","potentialAction":[{"@type":"SearchAction","target":{"@type":"EntryPoint","urlTemplate":"https:\/\/news.ecclesia.org.br\/?s={search_term_string}"},"query-input":{"@type":"PropertyValueSpecification","valueRequired":true,"valueName":"search_term_string"}}],"inLanguage":"pt-BR"},{"@type":"Organization","@id":"https:\/\/news.ecclesia.org.br\/#organization","name":"Sacra Arquidiocese de Buenos Aires e Am\u00e9rica do Sul | Patriarcado Ecum\u00eanico","alternateName":"News Ecclesia Brasil","url":"https:\/\/news.ecclesia.org.br\/","logo":{"@type":"ImageObject","inLanguage":"pt-BR","@id":"https:\/\/news.ecclesia.org.br\/#\/schema\/logo\/image\/","url":"https:\/\/news.ecclesia.org.br\/wp-content\/uploads\/2025\/05\/ecclesia2.png","contentUrl":"https:\/\/news.ecclesia.org.br\/wp-content\/uploads\/2025\/05\/ecclesia2.png","width":480,"height":120,"caption":"Sacra Arquidiocese de Buenos Aires e Am\u00e9rica do Sul | Patriarcado Ecum\u00eanico"},"image":{"@id":"https:\/\/news.ecclesia.org.br\/#\/schema\/logo\/image\/"},"sameAs":["https:\/\/www.facebook.com\/Ecclesia2025","https:\/\/x.com\/EcclesiaNews","https:\/\/br.pinterest.com\/ekklisia\/","https:\/\/www.youtube.com\/@EcclesiaBrasil"]},{"@type":"Person","@id":"https:\/\/news.ecclesia.org.br\/#\/schema\/person\/6f09597f025829745ba414a569f63758","name":"Pe. Andr\u00e9","image":{"@type":"ImageObject","inLanguage":"pt-BR","@id":"https:\/\/secure.gravatar.com\/avatar\/b4327cfa27e9799da239a26adcd534fc29cdc0c4a4a148eecbcfeb9b42c617ac?s=96&d=mm&r=g","url":"https:\/\/secure.gravatar.com\/avatar\/b4327cfa27e9799da239a26adcd534fc29cdc0c4a4a148eecbcfeb9b42c617ac?s=96&d=mm&r=g","contentUrl":"https:\/\/secure.gravatar.com\/avatar\/b4327cfa27e9799da239a26adcd534fc29cdc0c4a4a148eecbcfeb9b42c617ac?s=96&d=mm&r=g","caption":"Pe. Andr\u00e9"},"sameAs":["https:\/\/www.ecclesia.org.br"]}]}},"_links":{"self":[{"href":"https:\/\/news.ecclesia.org.br\/index.php?rest_route=\/wp\/v2\/posts\/21873","targetHints":{"allow":["GET"]}}],"collection":[{"href":"https:\/\/news.ecclesia.org.br\/index.php?rest_route=\/wp\/v2\/posts"}],"about":[{"href":"https:\/\/news.ecclesia.org.br\/index.php?rest_route=\/wp\/v2\/types\/post"}],"author":[{"embeddable":true,"href":"https:\/\/news.ecclesia.org.br\/index.php?rest_route=\/wp\/v2\/users\/1"}],"replies":[{"embeddable":true,"href":"https:\/\/news.ecclesia.org.br\/index.php?rest_route=%2Fwp%2Fv2%2Fcomments&post=21873"}],"version-history":[{"count":0,"href":"https:\/\/news.ecclesia.org.br\/index.php?rest_route=\/wp\/v2\/posts\/21873\/revisions"}],"wp:featuredmedia":[{"embeddable":true,"href":"https:\/\/news.ecclesia.org.br\/index.php?rest_route=\/wp\/v2\/media\/21874"}],"wp:attachment":[{"href":"https:\/\/news.ecclesia.org.br\/index.php?rest_route=%2Fwp%2Fv2%2Fmedia&parent=21873"}],"wp:term":[{"taxonomy":"category","embeddable":true,"href":"https:\/\/news.ecclesia.org.br\/index.php?rest_route=%2Fwp%2Fv2%2Fcategories&post=21873"},{"taxonomy":"post_tag","embeddable":true,"href":"https:\/\/news.ecclesia.org.br\/index.php?rest_route=%2Fwp%2Fv2%2Ftags&post=21873"}],"curies":[{"name":"wp","href":"https:\/\/api.w.org\/{rel}","templated":true}]}}