{"id":21848,"date":"2016-09-25T00:03:42","date_gmt":"2016-09-25T00:03:42","guid":{"rendered":"https:\/\/news.ecclesia.org.br\/2013\/?p=21848"},"modified":"2016-09-25T00:11:19","modified_gmt":"2016-09-25T00:11:19","slug":"patriarca-de-jerusalem-participa-da-inauguracao-e-dedicacao-da-igreja-de-sao-joao-vladimir-em-bar-montenegro","status":"publish","type":"post","link":"https:\/\/news.ecclesia.org.br\/?p=21848","title":{"rendered":"Patriarca de Jerusal\u00e9m participa da inaugura\u00e7\u00e3o e dedica\u00e7\u00e3o da igreja de S\u00e3o Jo\u00e3o Vladimir em Bar, Montenegro"},"content":{"rendered":"<p style=\"text-align: justify;\">24 de setembro de 2016 &#8212;\u00a0Neste\u00a0domingo, 25 de setembro de 2016, ser\u00e1 inaugurada em Bar &#8211; Montenegro, a nova e esplendorosa igreja dedicada a S\u00e3o Jo\u00e3o Vladimir &#8211; de quem se celebra neste ano de 2016 o mil\u00eanio de seu mart\u00edrio. O\u00a0Patriarca de Jerusal\u00e9m,\u00a0Theophilus III. \u00a0desembarcou em Montenegro onde\u00a0participar\u00e1 da cerim\u00f4nia de consagra\u00e7\u00e3o. Vale destacar que esta \u00e9 a\u00a0primeira vez na hist\u00f3ria que um Patriarca de Jerusal\u00e9m visita Montenegro.<\/p>\n<p style=\"text-align: justify;\"><a href=\"https:\/\/news.ecclesia.org.br\/2013\/wp-content\/uploads\/2016\/09\/igreja-sao-vladimir-montenegro1.jpg\"><img fetchpriority=\"high\" decoding=\"async\" class=\"alignleft size-medium wp-image-21849\" src=\"https:\/\/news.ecclesia.org.br\/2013\/wp-content\/uploads\/2016\/09\/igreja-sao-vladimir-montenegro1-300x225.jpg\" alt=\"igreja-sao-vladimir-montenegro1\" width=\"300\" height=\"225\" srcset=\"https:\/\/news.ecclesia.org.br\/wp-content\/uploads\/2016\/09\/igreja-sao-vladimir-montenegro1-300x225.jpg 300w, https:\/\/news.ecclesia.org.br\/wp-content\/uploads\/2016\/09\/igreja-sao-vladimir-montenegro1-73x55.jpg 73w, https:\/\/news.ecclesia.org.br\/wp-content\/uploads\/2016\/09\/igreja-sao-vladimir-montenegro1.jpg 341w\" sizes=\"(max-width: 300px) 100vw, 300px\" \/><\/a>O\u00a0Metropolita Amfilohije foi quem recebeu o Patriarca Theophilos no aeroporto, conduzindo-o depois ao monast\u00e9rio de Cetinje onde era aguardado por Dom Kirilo, juntamente com membros do clero e fi\u00e9is.\u00a0Tamb\u00e9m est\u00e1 em\u00a0Montenegro e participa deste importante acontecimento o bispo Dom Jo\u00e3o de Caracas e Am\u00e9rica do Sul &#8211; Igreja Ortodoxa Russa no Exterior, especialmente convidado por Dom Kirilo. Dom Jo\u00e3o tem sua resid\u00eancia episcopal em Buenos Aires &#8211; Argentina.<\/p>\n<p style=\"text-align: justify;\">A Igreja de S\u00e3o Jo\u00e3o\u00a0Vladimir, em Bar (fotos) \u00e9 uma edifica\u00e7\u00e3o bel\u00edssima, tanto interior quanto exteriormente. \u00c9 a\u00a0segunda igreja em\u00a0beleza e tamanho (a primeira \u00e9 a Catedral da Ressurrei\u00e7\u00e3o, em Podgorica),\u00a0na Metr\u00f3pole\u00a0de\u00a0Montenegro, sob o pastoreio\u00a0de S.E. Metropolita Amfilohije.<\/p>\n<h2 style=\"text-align: justify;\">Santo M\u00e1rtir\u00a0Jo\u00e3o Vladimir,\u00a0 rei da S\u00e9rvia<\/h2>\n<p style=\"text-align: justify;\"><a href=\"https:\/\/news.ecclesia.org.br\/2013\/wp-content\/uploads\/2016\/09\/igreja-sao-vladimir-montenegro5.jpg\"><img decoding=\"async\" class=\"alignright size-medium wp-image-21850\" src=\"https:\/\/news.ecclesia.org.br\/2013\/wp-content\/uploads\/2016\/09\/igreja-sao-vladimir-montenegro5-221x300.jpg\" alt=\"igreja-sao-vladimir-montenegro5\" width=\"221\" height=\"300\" \/><\/a>Era de fam\u00edlia de duques, da regi\u00e3o\u00a0de Zahumlje. Seu av\u00f4 chamava-se\u00a0Hvalimir, e seu pai Petrislav. Era um\u00a0governante s\u00e1bio, bondoso, gentil, honesto e corajoso.\u00a0Orava fervorosamente a Deus e, voluntariamente, edificava igrejas e dedicava-lhes sua\u00a0ajuda. Mas os tempos eram dif\u00edceis, de muitos combates internos e externos: internos com os\u00a0hereges e bogomilos; externos com os invasores &#8211; imperadores Bas\u00edlio e Samuel. Este\u00a0\u00faltimo o\u00a0capturou por\u00a0engano e o colocou em uma pris\u00e3o. Na escurid\u00e3o do c\u00e1rcere, conta-se que lhe apareceu um anjo do Senhor que lhe predisse sua liberta\u00e7\u00e3o e seu mart\u00edrio. Samuel, conhecendo-o melhor, come\u00e7ou a sentir por ele muito\u00a0apre\u00e7o e lhe deu sua filha\u00a0Kosara por esposa. Quando\u00a0Samuel morreu, sucedeu-lhe no trono seu filho\u00a0Radomir, assassinado logo por seu primo Vladislav que, chamando por engano Jo\u00e3o Vladimir, tamb\u00e9m o decapitou em\u00a01016. Suas rel\u00edquias repousam incorruptas em seu monast\u00e9rio, pr\u00f3ximo a\u00a0Elbasan. Em\u00a01925, no monast\u00e9rio de S\u00e3o\u00a0Nahum, edificado por este santo,\u00a0uma igreja foi constru\u00edda em sua honra.<\/p>\n<p style=\"text-align: center;\"><div id=\"galleria-21848\"><a href=\"https:\/\/news.ecclesia.org.br\/wp-content\/uploads\/2016\/09\/igreja-sao-vladimir-montenegro1.jpg\"><img decoding=\"async\" title=\"igreja-sao-vladimir-montenegro1\" alt=\"\" src=\"https:\/\/news.ecclesia.org.br\/wp-content\/uploads\/2016\/09\/igreja-sao-vladimir-montenegro1-73x55.jpg\" data-big=\"https:\/\/news.ecclesia.org.br\/wp-content\/uploads\/2016\/09\/igreja-sao-vladimir-montenegro1.jpg\"><\/a><a href=\"https:\/\/news.ecclesia.org.br\/wp-content\/uploads\/2016\/09\/igreja-sao-vladimir-montenegro.jpg\"><img decoding=\"async\" title=\"igreja-sao-vladimir-montenegro\" alt=\"\" src=\"https:\/\/news.ecclesia.org.br\/wp-content\/uploads\/2016\/09\/igreja-sao-vladimir-montenegro-85x55.jpg\" data-big=\"https:\/\/news.ecclesia.org.br\/wp-content\/uploads\/2016\/09\/igreja-sao-vladimir-montenegro.jpg\"><\/a><a href=\"https:\/\/news.ecclesia.org.br\/wp-content\/uploads\/2016\/09\/igreja-sao-vladimir-montenegro2.jpg\"><img decoding=\"async\" title=\"igreja-sao-vladimir-montenegro2\" alt=\"\" src=\"https:\/\/news.ecclesia.org.br\/wp-content\/uploads\/2016\/09\/igreja-sao-vladimir-montenegro2-37x55.jpg\" data-big=\"https:\/\/news.ecclesia.org.br\/wp-content\/uploads\/2016\/09\/igreja-sao-vladimir-montenegro2.jpg\"><\/a><a href=\"https:\/\/news.ecclesia.org.br\/wp-content\/uploads\/2016\/09\/igreja-sao-vladimir-montenegro3.jpg\"><img decoding=\"async\" title=\"igreja-sao-vladimir-montenegro3\" alt=\"\" src=\"https:\/\/news.ecclesia.org.br\/wp-content\/uploads\/2016\/09\/igreja-sao-vladimir-montenegro3-83x55.jpg\" data-big=\"https:\/\/news.ecclesia.org.br\/wp-content\/uploads\/2016\/09\/igreja-sao-vladimir-montenegro3.jpg\"><\/a><a href=\"https:\/\/news.ecclesia.org.br\/wp-content\/uploads\/2016\/09\/igreja-sao-vladimir-montenegro4.jpg\"><img decoding=\"async\" title=\"igreja-sao-vladimir-montenegro4\" alt=\"\" src=\"https:\/\/news.ecclesia.org.br\/wp-content\/uploads\/2016\/09\/igreja-sao-vladimir-montenegro4-37x55.jpg\" data-big=\"https:\/\/news.ecclesia.org.br\/wp-content\/uploads\/2016\/09\/igreja-sao-vladimir-montenegro4.jpg\"><\/a><a href=\"https:\/\/news.ecclesia.org.br\/wp-content\/uploads\/2016\/09\/igreja-sao-vladimir-montenegro7.jpg\"><img decoding=\"async\" title=\"igreja-sao-vladimir-montenegro7\" alt=\"\" src=\"https:\/\/news.ecclesia.org.br\/wp-content\/uploads\/2016\/09\/igreja-sao-vladimir-montenegro7-104x55.jpg\" data-big=\"https:\/\/news.ecclesia.org.br\/wp-content\/uploads\/2016\/09\/igreja-sao-vladimir-montenegro7.jpg\"><\/a><a href=\"https:\/\/news.ecclesia.org.br\/wp-content\/uploads\/2016\/09\/igreja-sao-vladimir-montenegro8.jpg\"><img decoding=\"async\" title=\"igreja-sao-vladimir-montenegro8\" alt=\"\" src=\"https:\/\/news.ecclesia.org.br\/wp-content\/uploads\/2016\/09\/igreja-sao-vladimir-montenegro8-104x55.jpg\" data-big=\"https:\/\/news.ecclesia.org.br\/wp-content\/uploads\/2016\/09\/igreja-sao-vladimir-montenegro8.jpg\"><\/a><a href=\"https:\/\/news.ecclesia.org.br\/wp-content\/uploads\/2016\/09\/igreja-sao-vladimir-montenegro9.jpg\"><img decoding=\"async\" title=\"igreja-sao-vladimir-montenegro9\" alt=\"\" src=\"https:\/\/news.ecclesia.org.br\/wp-content\/uploads\/2016\/09\/igreja-sao-vladimir-montenegro9-83x55.jpg\" data-big=\"https:\/\/news.ecclesia.org.br\/wp-content\/uploads\/2016\/09\/igreja-sao-vladimir-montenegro9.jpg\"><\/a><a href=\"https:\/\/news.ecclesia.org.br\/wp-content\/uploads\/2016\/09\/igreja-sao-vladimir-montenegro10.jpg\"><img decoding=\"async\" title=\"igreja-sao-vladimir-montenegro10\" alt=\"\" src=\"https:\/\/news.ecclesia.org.br\/wp-content\/uploads\/2016\/09\/igreja-sao-vladimir-montenegro10-82x55.jpg\" data-big=\"https:\/\/news.ecclesia.org.br\/wp-content\/uploads\/2016\/09\/igreja-sao-vladimir-montenegro10.jpg\"><\/a><a href=\"https:\/\/news.ecclesia.org.br\/wp-content\/uploads\/2016\/09\/igreja-sao-vladimir-montenegro11.jpg\"><img decoding=\"async\" title=\"igreja-sao-vladimir-montenegro11\" alt=\"\" src=\"https:\/\/news.ecclesia.org.br\/wp-content\/uploads\/2016\/09\/igreja-sao-vladimir-montenegro11-106x55.jpg\" data-big=\"https:\/\/news.ecclesia.org.br\/wp-content\/uploads\/2016\/09\/igreja-sao-vladimir-montenegro11.jpg\"><\/a><a href=\"https:\/\/news.ecclesia.org.br\/wp-content\/uploads\/2016\/09\/igreja-sao-vladimir-montenegro14.jpg\"><img decoding=\"async\" title=\"igreja-sao-vladimir-montenegro14\" alt=\"\" src=\"https:\/\/news.ecclesia.org.br\/wp-content\/uploads\/2016\/09\/igreja-sao-vladimir-montenegro14-82x55.jpg\" data-big=\"https:\/\/news.ecclesia.org.br\/wp-content\/uploads\/2016\/09\/igreja-sao-vladimir-montenegro14.jpg\"><\/a><a href=\"https:\/\/news.ecclesia.org.br\/wp-content\/uploads\/2016\/09\/igreja-sao-vladimir-montenegro15.jpg\"><img decoding=\"async\" title=\"igreja-sao-vladimir-montenegro15\" alt=\"\" src=\"https:\/\/news.ecclesia.org.br\/wp-content\/uploads\/2016\/09\/igreja-sao-vladimir-montenegro15-82x55.jpg\" data-big=\"https:\/\/news.ecclesia.org.br\/wp-content\/uploads\/2016\/09\/igreja-sao-vladimir-montenegro15.jpg\"><\/a><a href=\"https:\/\/news.ecclesia.org.br\/wp-content\/uploads\/2016\/09\/igreja-sao-vladimir-montenegro16.jpg\"><img decoding=\"async\" title=\"igreja-sao-vladimir-montenegro16\" alt=\"\" src=\"https:\/\/news.ecclesia.org.br\/wp-content\/uploads\/2016\/09\/igreja-sao-vladimir-montenegro16-82x55.jpg\" data-big=\"https:\/\/news.ecclesia.org.br\/wp-content\/uploads\/2016\/09\/igreja-sao-vladimir-montenegro16.jpg\"><\/a><a href=\"https:\/\/news.ecclesia.org.br\/wp-content\/uploads\/2016\/09\/igreja-sao-vladimir-montenegro17.jpg\"><img decoding=\"async\" title=\"igreja-sao-vladimir-montenegro17\" alt=\"\" src=\"https:\/\/news.ecclesia.org.br\/wp-content\/uploads\/2016\/09\/igreja-sao-vladimir-montenegro17-83x55.jpg\" data-big=\"https:\/\/news.ecclesia.org.br\/wp-content\/uploads\/2016\/09\/igreja-sao-vladimir-montenegro17.jpg\"><\/a><a href=\"https:\/\/news.ecclesia.org.br\/wp-content\/uploads\/2016\/09\/igreja-sao-vladimir-montenegro15-1-1024x767.jpg\"><img decoding=\"async\" title=\"igreja-sao-vladimir-montenegro15\" alt=\"\" src=\"https:\/\/news.ecclesia.org.br\/wp-content\/uploads\/2016\/09\/igreja-sao-vladimir-montenegro15-1-73x55.jpg\" data-big=\"https:\/\/news.ecclesia.org.br\/wp-content\/uploads\/2016\/09\/igreja-sao-vladimir-montenegro15-1-1024x767.jpg\"><\/a><a href=\"https:\/\/news.ecclesia.org.br\/wp-content\/uploads\/2016\/09\/igreja-sao-vladimir-montenegro16-1-1024x682.jpg\"><img decoding=\"async\" title=\"igreja-sao-vladimir-montenegro16\" alt=\"\" src=\"https:\/\/news.ecclesia.org.br\/wp-content\/uploads\/2016\/09\/igreja-sao-vladimir-montenegro16-1-83x55.jpg\" data-big=\"https:\/\/news.ecclesia.org.br\/wp-content\/uploads\/2016\/09\/igreja-sao-vladimir-montenegro16-1-1024x682.jpg\"><\/a><\/div><\/p>\n<p style=\"text-align: right;\">Fonte: <a href=\"http:\/\/www.iglesiaortodoxaserbiasca.org\/\" target=\"_blank\">Igreja S\u00e9rvia (Argentina)<\/a><\/p>\n","protected":false},"excerpt":{"rendered":"<p>24 de setembro de 2016 &#8212;\u00a0Neste\u00a0domingo, 25 de setembro de 2016, ser\u00e1 inaugurada em Bar &#8211; Montenegro, a nova e esplendorosa igreja dedicada a S\u00e3o Jo\u00e3o Vladimir &#8211; de quem se celebra neste ano de 2016 o mil\u00eanio de seu&#8230;<\/p>\n","protected":false},"author":1,"featured_media":21851,"comment_status":"open","ping_status":"open","sticky":false,"template":"","format":"standard","meta":{"_acf_changed":false,"footnotes":""},"categories":[3],"tags":[],"class_list":["post-21848","post","type-post","status-publish","format-standard","has-post-thumbnail","hentry","category-mundo","entry","rows-excerpt"],"acf":[],"yoast_head":"<!-- This site is optimized with the Yoast SEO plugin v27.5 - https:\/\/yoast.com\/product\/yoast-seo-wordpress\/ -->\n<title>Patriarca de Jerusal\u00e9m participa da inaugura\u00e7\u00e3o e dedica\u00e7\u00e3o da igreja de S\u00e3o Jo\u00e3o Vladimir em Bar, Montenegro | ECCLESIA NEWS<\/title>\n<meta name=\"robots\" content=\"index, follow, max-snippet:-1, max-image-preview:large, max-video-preview:-1\" \/>\n<link rel=\"canonical\" href=\"https:\/\/news.ecclesia.org.br\/?p=21848\" \/>\n<meta property=\"og:locale\" content=\"pt_BR\" \/>\n<meta property=\"og:type\" content=\"article\" \/>\n<meta property=\"og:title\" content=\"Patriarca de Jerusal\u00e9m participa da inaugura\u00e7\u00e3o e dedica\u00e7\u00e3o da igreja de S\u00e3o Jo\u00e3o Vladimir em Bar, Montenegro | ECCLESIA NEWS\" \/>\n<meta property=\"og:description\" content=\"24 de setembro de 2016 &#8212;\u00a0Neste\u00a0domingo, 25 de setembro de 2016, ser\u00e1 inaugurada em Bar &#8211; Montenegro, a nova e esplendorosa igreja dedicada a S\u00e3o Jo\u00e3o Vladimir &#8211; de quem se celebra neste ano de 2016 o mil\u00eanio de seu&#8230;\" \/>\n<meta property=\"og:url\" content=\"https:\/\/news.ecclesia.org.br\/?p=21848\" \/>\n<meta property=\"og:site_name\" content=\"ECCLESIA NEWS\" \/>\n<meta property=\"article:publisher\" content=\"https:\/\/www.facebook.com\/Ecclesia2025\" \/>\n<meta property=\"article:published_time\" content=\"2016-09-25T00:03:42+00:00\" \/>\n<meta property=\"article:modified_time\" content=\"2016-09-25T00:11:19+00:00\" \/>\n<meta property=\"og:image\" content=\"https:\/\/news.ecclesia.org.br\/wp-content\/uploads\/2016\/09\/igreja-sao-vladimir-montenegro.jpg\" \/>\n\t<meta property=\"og:image:width\" content=\"630\" \/>\n\t<meta property=\"og:image:height\" content=\"410\" \/>\n\t<meta property=\"og:image:type\" content=\"image\/jpeg\" \/>\n<meta name=\"author\" content=\"Pe. Andr\u00e9\" \/>\n<meta name=\"twitter:card\" content=\"summary_large_image\" \/>\n<meta name=\"twitter:creator\" content=\"@EcclesiaNews\" \/>\n<meta name=\"twitter:site\" content=\"@EcclesiaNews\" \/>\n<meta name=\"twitter:label1\" content=\"Escrito por\" \/>\n\t<meta name=\"twitter:data1\" content=\"Pe. Andr\u00e9\" \/>\n\t<meta name=\"twitter:label2\" content=\"Est. tempo de leitura\" \/>\n\t<meta name=\"twitter:data2\" content=\"2 minutos\" \/>\n<script type=\"application\/ld+json\" class=\"yoast-schema-graph\">{\"@context\":\"https:\\\/\\\/schema.org\",\"@graph\":[{\"@type\":\"Article\",\"@id\":\"https:\\\/\\\/news.ecclesia.org.br\\\/?p=21848#article\",\"isPartOf\":{\"@id\":\"https:\\\/\\\/news.ecclesia.org.br\\\/?p=21848\"},\"author\":{\"name\":\"Pe. Andr\u00e9\",\"@id\":\"https:\\\/\\\/news.ecclesia.org.br\\\/#\\\/schema\\\/person\\\/6f09597f025829745ba414a569f63758\"},\"headline\":\"Patriarca de Jerusal\u00e9m participa da inaugura\u00e7\u00e3o e dedica\u00e7\u00e3o da igreja de S\u00e3o Jo\u00e3o Vladimir em Bar, Montenegro\",\"datePublished\":\"2016-09-25T00:03:42+00:00\",\"dateModified\":\"2016-09-25T00:11:19+00:00\",\"mainEntityOfPage\":{\"@id\":\"https:\\\/\\\/news.ecclesia.org.br\\\/?p=21848\"},\"wordCount\":431,\"commentCount\":0,\"publisher\":{\"@id\":\"https:\\\/\\\/news.ecclesia.org.br\\\/#organization\"},\"image\":{\"@id\":\"https:\\\/\\\/news.ecclesia.org.br\\\/?p=21848#primaryimage\"},\"thumbnailUrl\":\"https:\\\/\\\/news.ecclesia.org.br\\\/wp-content\\\/uploads\\\/2016\\\/09\\\/igreja-sao-vladimir-montenegro.jpg\",\"articleSection\":[\"Mundo Ortodoxo\"],\"inLanguage\":\"pt-BR\",\"potentialAction\":[{\"@type\":\"CommentAction\",\"name\":\"Comment\",\"target\":[\"https:\\\/\\\/news.ecclesia.org.br\\\/?p=21848#respond\"]}]},{\"@type\":\"WebPage\",\"@id\":\"https:\\\/\\\/news.ecclesia.org.br\\\/?p=21848\",\"url\":\"https:\\\/\\\/news.ecclesia.org.br\\\/?p=21848\",\"name\":\"Patriarca de Jerusal\u00e9m participa da inaugura\u00e7\u00e3o e dedica\u00e7\u00e3o da igreja de S\u00e3o Jo\u00e3o Vladimir em Bar, Montenegro | ECCLESIA NEWS\",\"isPartOf\":{\"@id\":\"https:\\\/\\\/news.ecclesia.org.br\\\/#website\"},\"primaryImageOfPage\":{\"@id\":\"https:\\\/\\\/news.ecclesia.org.br\\\/?p=21848#primaryimage\"},\"image\":{\"@id\":\"https:\\\/\\\/news.ecclesia.org.br\\\/?p=21848#primaryimage\"},\"thumbnailUrl\":\"https:\\\/\\\/news.ecclesia.org.br\\\/wp-content\\\/uploads\\\/2016\\\/09\\\/igreja-sao-vladimir-montenegro.jpg\",\"datePublished\":\"2016-09-25T00:03:42+00:00\",\"dateModified\":\"2016-09-25T00:11:19+00:00\",\"breadcrumb\":{\"@id\":\"https:\\\/\\\/news.ecclesia.org.br\\\/?p=21848#breadcrumb\"},\"inLanguage\":\"pt-BR\",\"potentialAction\":[{\"@type\":\"ReadAction\",\"target\":[\"https:\\\/\\\/news.ecclesia.org.br\\\/?p=21848\"]}]},{\"@type\":\"ImageObject\",\"inLanguage\":\"pt-BR\",\"@id\":\"https:\\\/\\\/news.ecclesia.org.br\\\/?p=21848#primaryimage\",\"url\":\"https:\\\/\\\/news.ecclesia.org.br\\\/wp-content\\\/uploads\\\/2016\\\/09\\\/igreja-sao-vladimir-montenegro.jpg\",\"contentUrl\":\"https:\\\/\\\/news.ecclesia.org.br\\\/wp-content\\\/uploads\\\/2016\\\/09\\\/igreja-sao-vladimir-montenegro.jpg\",\"width\":630,\"height\":410},{\"@type\":\"BreadcrumbList\",\"@id\":\"https:\\\/\\\/news.ecclesia.org.br\\\/?p=21848#breadcrumb\",\"itemListElement\":[{\"@type\":\"ListItem\",\"position\":1,\"name\":\"In\u00edcio\",\"item\":\"https:\\\/\\\/news.ecclesia.org.br\\\/\"},{\"@type\":\"ListItem\",\"position\":2,\"name\":\"Patriarca de Jerusal\u00e9m participa da inaugura\u00e7\u00e3o e dedica\u00e7\u00e3o da igreja de S\u00e3o Jo\u00e3o Vladimir em Bar, Montenegro\"}]},{\"@type\":\"WebSite\",\"@id\":\"https:\\\/\\\/news.ecclesia.org.br\\\/#website\",\"url\":\"https:\\\/\\\/news.ecclesia.org.br\\\/\",\"name\":\"Ecclesia Brasil\",\"description\":\"Desde 2003 onectando o Brasil ao mundo ortodoxo!\",\"publisher\":{\"@id\":\"https:\\\/\\\/news.ecclesia.org.br\\\/#organization\"},\"alternateName\":\"Ecclesia\",\"potentialAction\":[{\"@type\":\"SearchAction\",\"target\":{\"@type\":\"EntryPoint\",\"urlTemplate\":\"https:\\\/\\\/news.ecclesia.org.br\\\/?s={search_term_string}\"},\"query-input\":{\"@type\":\"PropertyValueSpecification\",\"valueRequired\":true,\"valueName\":\"search_term_string\"}}],\"inLanguage\":\"pt-BR\"},{\"@type\":\"Organization\",\"@id\":\"https:\\\/\\\/news.ecclesia.org.br\\\/#organization\",\"name\":\"Sacra Arquidiocese de Buenos Aires e Am\u00e9rica do Sul | Patriarcado Ecum\u00eanico\",\"alternateName\":\"News Ecclesia Brasil\",\"url\":\"https:\\\/\\\/news.ecclesia.org.br\\\/\",\"logo\":{\"@type\":\"ImageObject\",\"inLanguage\":\"pt-BR\",\"@id\":\"https:\\\/\\\/news.ecclesia.org.br\\\/#\\\/schema\\\/logo\\\/image\\\/\",\"url\":\"https:\\\/\\\/news.ecclesia.org.br\\\/wp-content\\\/uploads\\\/2025\\\/05\\\/ecclesia2.png\",\"contentUrl\":\"https:\\\/\\\/news.ecclesia.org.br\\\/wp-content\\\/uploads\\\/2025\\\/05\\\/ecclesia2.png\",\"width\":480,\"height\":120,\"caption\":\"Sacra Arquidiocese de Buenos Aires e Am\u00e9rica do Sul | Patriarcado Ecum\u00eanico\"},\"image\":{\"@id\":\"https:\\\/\\\/news.ecclesia.org.br\\\/#\\\/schema\\\/logo\\\/image\\\/\"},\"sameAs\":[\"https:\\\/\\\/www.facebook.com\\\/Ecclesia2025\",\"https:\\\/\\\/x.com\\\/EcclesiaNews\",\"https:\\\/\\\/br.pinterest.com\\\/ekklisia\\\/\",\"https:\\\/\\\/www.youtube.com\\\/@EcclesiaBrasil\"]},{\"@type\":\"Person\",\"@id\":\"https:\\\/\\\/news.ecclesia.org.br\\\/#\\\/schema\\\/person\\\/6f09597f025829745ba414a569f63758\",\"name\":\"Pe. Andr\u00e9\",\"image\":{\"@type\":\"ImageObject\",\"inLanguage\":\"pt-BR\",\"@id\":\"https:\\\/\\\/secure.gravatar.com\\\/avatar\\\/b4327cfa27e9799da239a26adcd534fc29cdc0c4a4a148eecbcfeb9b42c617ac?s=96&d=mm&r=g\",\"url\":\"https:\\\/\\\/secure.gravatar.com\\\/avatar\\\/b4327cfa27e9799da239a26adcd534fc29cdc0c4a4a148eecbcfeb9b42c617ac?s=96&d=mm&r=g\",\"contentUrl\":\"https:\\\/\\\/secure.gravatar.com\\\/avatar\\\/b4327cfa27e9799da239a26adcd534fc29cdc0c4a4a148eecbcfeb9b42c617ac?s=96&d=mm&r=g\",\"caption\":\"Pe. Andr\u00e9\"},\"sameAs\":[\"https:\\\/\\\/www.ecclesia.org.br\"]}]}<\/script>\n<!-- \/ Yoast SEO plugin. -->","yoast_head_json":{"title":"Patriarca de Jerusal\u00e9m participa da inaugura\u00e7\u00e3o e dedica\u00e7\u00e3o da igreja de S\u00e3o Jo\u00e3o Vladimir em Bar, Montenegro | ECCLESIA NEWS","robots":{"index":"index","follow":"follow","max-snippet":"max-snippet:-1","max-image-preview":"max-image-preview:large","max-video-preview":"max-video-preview:-1"},"canonical":"https:\/\/news.ecclesia.org.br\/?p=21848","og_locale":"pt_BR","og_type":"article","og_title":"Patriarca de Jerusal\u00e9m participa da inaugura\u00e7\u00e3o e dedica\u00e7\u00e3o da igreja de S\u00e3o Jo\u00e3o Vladimir em Bar, Montenegro | ECCLESIA NEWS","og_description":"24 de setembro de 2016 &#8212;\u00a0Neste\u00a0domingo, 25 de setembro de 2016, ser\u00e1 inaugurada em Bar &#8211; Montenegro, a nova e esplendorosa igreja dedicada a S\u00e3o Jo\u00e3o Vladimir &#8211; de quem se celebra neste ano de 2016 o mil\u00eanio de seu&#8230;","og_url":"https:\/\/news.ecclesia.org.br\/?p=21848","og_site_name":"ECCLESIA NEWS","article_publisher":"https:\/\/www.facebook.com\/Ecclesia2025","article_published_time":"2016-09-25T00:03:42+00:00","article_modified_time":"2016-09-25T00:11:19+00:00","og_image":[{"width":630,"height":410,"url":"https:\/\/news.ecclesia.org.br\/wp-content\/uploads\/2016\/09\/igreja-sao-vladimir-montenegro.jpg","type":"image\/jpeg"}],"author":"Pe. Andr\u00e9","twitter_card":"summary_large_image","twitter_creator":"@EcclesiaNews","twitter_site":"@EcclesiaNews","twitter_misc":{"Escrito por":"Pe. Andr\u00e9","Est. tempo de leitura":"2 minutos"},"schema":{"@context":"https:\/\/schema.org","@graph":[{"@type":"Article","@id":"https:\/\/news.ecclesia.org.br\/?p=21848#article","isPartOf":{"@id":"https:\/\/news.ecclesia.org.br\/?p=21848"},"author":{"name":"Pe. Andr\u00e9","@id":"https:\/\/news.ecclesia.org.br\/#\/schema\/person\/6f09597f025829745ba414a569f63758"},"headline":"Patriarca de Jerusal\u00e9m participa da inaugura\u00e7\u00e3o e dedica\u00e7\u00e3o da igreja de S\u00e3o Jo\u00e3o Vladimir em Bar, Montenegro","datePublished":"2016-09-25T00:03:42+00:00","dateModified":"2016-09-25T00:11:19+00:00","mainEntityOfPage":{"@id":"https:\/\/news.ecclesia.org.br\/?p=21848"},"wordCount":431,"commentCount":0,"publisher":{"@id":"https:\/\/news.ecclesia.org.br\/#organization"},"image":{"@id":"https:\/\/news.ecclesia.org.br\/?p=21848#primaryimage"},"thumbnailUrl":"https:\/\/news.ecclesia.org.br\/wp-content\/uploads\/2016\/09\/igreja-sao-vladimir-montenegro.jpg","articleSection":["Mundo Ortodoxo"],"inLanguage":"pt-BR","potentialAction":[{"@type":"CommentAction","name":"Comment","target":["https:\/\/news.ecclesia.org.br\/?p=21848#respond"]}]},{"@type":"WebPage","@id":"https:\/\/news.ecclesia.org.br\/?p=21848","url":"https:\/\/news.ecclesia.org.br\/?p=21848","name":"Patriarca de Jerusal\u00e9m participa da inaugura\u00e7\u00e3o e dedica\u00e7\u00e3o da igreja de S\u00e3o Jo\u00e3o Vladimir em Bar, Montenegro | ECCLESIA NEWS","isPartOf":{"@id":"https:\/\/news.ecclesia.org.br\/#website"},"primaryImageOfPage":{"@id":"https:\/\/news.ecclesia.org.br\/?p=21848#primaryimage"},"image":{"@id":"https:\/\/news.ecclesia.org.br\/?p=21848#primaryimage"},"thumbnailUrl":"https:\/\/news.ecclesia.org.br\/wp-content\/uploads\/2016\/09\/igreja-sao-vladimir-montenegro.jpg","datePublished":"2016-09-25T00:03:42+00:00","dateModified":"2016-09-25T00:11:19+00:00","breadcrumb":{"@id":"https:\/\/news.ecclesia.org.br\/?p=21848#breadcrumb"},"inLanguage":"pt-BR","potentialAction":[{"@type":"ReadAction","target":["https:\/\/news.ecclesia.org.br\/?p=21848"]}]},{"@type":"ImageObject","inLanguage":"pt-BR","@id":"https:\/\/news.ecclesia.org.br\/?p=21848#primaryimage","url":"https:\/\/news.ecclesia.org.br\/wp-content\/uploads\/2016\/09\/igreja-sao-vladimir-montenegro.jpg","contentUrl":"https:\/\/news.ecclesia.org.br\/wp-content\/uploads\/2016\/09\/igreja-sao-vladimir-montenegro.jpg","width":630,"height":410},{"@type":"BreadcrumbList","@id":"https:\/\/news.ecclesia.org.br\/?p=21848#breadcrumb","itemListElement":[{"@type":"ListItem","position":1,"name":"In\u00edcio","item":"https:\/\/news.ecclesia.org.br\/"},{"@type":"ListItem","position":2,"name":"Patriarca de Jerusal\u00e9m participa da inaugura\u00e7\u00e3o e dedica\u00e7\u00e3o da igreja de S\u00e3o Jo\u00e3o Vladimir em Bar, Montenegro"}]},{"@type":"WebSite","@id":"https:\/\/news.ecclesia.org.br\/#website","url":"https:\/\/news.ecclesia.org.br\/","name":"Ecclesia Brasil","description":"Desde 2003 onectando o Brasil ao mundo ortodoxo!","publisher":{"@id":"https:\/\/news.ecclesia.org.br\/#organization"},"alternateName":"Ecclesia","potentialAction":[{"@type":"SearchAction","target":{"@type":"EntryPoint","urlTemplate":"https:\/\/news.ecclesia.org.br\/?s={search_term_string}"},"query-input":{"@type":"PropertyValueSpecification","valueRequired":true,"valueName":"search_term_string"}}],"inLanguage":"pt-BR"},{"@type":"Organization","@id":"https:\/\/news.ecclesia.org.br\/#organization","name":"Sacra Arquidiocese de Buenos Aires e Am\u00e9rica do Sul | Patriarcado Ecum\u00eanico","alternateName":"News Ecclesia Brasil","url":"https:\/\/news.ecclesia.org.br\/","logo":{"@type":"ImageObject","inLanguage":"pt-BR","@id":"https:\/\/news.ecclesia.org.br\/#\/schema\/logo\/image\/","url":"https:\/\/news.ecclesia.org.br\/wp-content\/uploads\/2025\/05\/ecclesia2.png","contentUrl":"https:\/\/news.ecclesia.org.br\/wp-content\/uploads\/2025\/05\/ecclesia2.png","width":480,"height":120,"caption":"Sacra Arquidiocese de Buenos Aires e Am\u00e9rica do Sul | Patriarcado Ecum\u00eanico"},"image":{"@id":"https:\/\/news.ecclesia.org.br\/#\/schema\/logo\/image\/"},"sameAs":["https:\/\/www.facebook.com\/Ecclesia2025","https:\/\/x.com\/EcclesiaNews","https:\/\/br.pinterest.com\/ekklisia\/","https:\/\/www.youtube.com\/@EcclesiaBrasil"]},{"@type":"Person","@id":"https:\/\/news.ecclesia.org.br\/#\/schema\/person\/6f09597f025829745ba414a569f63758","name":"Pe. Andr\u00e9","image":{"@type":"ImageObject","inLanguage":"pt-BR","@id":"https:\/\/secure.gravatar.com\/avatar\/b4327cfa27e9799da239a26adcd534fc29cdc0c4a4a148eecbcfeb9b42c617ac?s=96&d=mm&r=g","url":"https:\/\/secure.gravatar.com\/avatar\/b4327cfa27e9799da239a26adcd534fc29cdc0c4a4a148eecbcfeb9b42c617ac?s=96&d=mm&r=g","contentUrl":"https:\/\/secure.gravatar.com\/avatar\/b4327cfa27e9799da239a26adcd534fc29cdc0c4a4a148eecbcfeb9b42c617ac?s=96&d=mm&r=g","caption":"Pe. Andr\u00e9"},"sameAs":["https:\/\/www.ecclesia.org.br"]}]}},"_links":{"self":[{"href":"https:\/\/news.ecclesia.org.br\/index.php?rest_route=\/wp\/v2\/posts\/21848","targetHints":{"allow":["GET"]}}],"collection":[{"href":"https:\/\/news.ecclesia.org.br\/index.php?rest_route=\/wp\/v2\/posts"}],"about":[{"href":"https:\/\/news.ecclesia.org.br\/index.php?rest_route=\/wp\/v2\/types\/post"}],"author":[{"embeddable":true,"href":"https:\/\/news.ecclesia.org.br\/index.php?rest_route=\/wp\/v2\/users\/1"}],"replies":[{"embeddable":true,"href":"https:\/\/news.ecclesia.org.br\/index.php?rest_route=%2Fwp%2Fv2%2Fcomments&post=21848"}],"version-history":[{"count":0,"href":"https:\/\/news.ecclesia.org.br\/index.php?rest_route=\/wp\/v2\/posts\/21848\/revisions"}],"wp:featuredmedia":[{"embeddable":true,"href":"https:\/\/news.ecclesia.org.br\/index.php?rest_route=\/wp\/v2\/media\/21851"}],"wp:attachment":[{"href":"https:\/\/news.ecclesia.org.br\/index.php?rest_route=%2Fwp%2Fv2%2Fmedia&parent=21848"}],"wp:term":[{"taxonomy":"category","embeddable":true,"href":"https:\/\/news.ecclesia.org.br\/index.php?rest_route=%2Fwp%2Fv2%2Fcategories&post=21848"},{"taxonomy":"post_tag","embeddable":true,"href":"https:\/\/news.ecclesia.org.br\/index.php?rest_route=%2Fwp%2Fv2%2Ftags&post=21848"}],"curies":[{"name":"wp","href":"https:\/\/api.w.org\/{rel}","templated":true}]}}