{"id":21839,"date":"2016-09-23T22:48:01","date_gmt":"2016-09-23T22:48:01","guid":{"rendered":"https:\/\/news.ecclesia.org.br\/2013\/?p=21839"},"modified":"2016-09-23T22:50:31","modified_gmt":"2016-09-23T22:50:31","slug":"patriarca-da-igreja-sirian-ortodoxa-mor-ignatius-aphrem-ii-fara-sua-primeira-visita-apostolica-ao-brasil","status":"publish","type":"post","link":"https:\/\/news.ecclesia.org.br\/?p=21839","title":{"rendered":"Patriarca da Igreja Sirian-Ortodoxa, Mor Ignatius Aphrem II, far\u00e1 sua primeira visita apost\u00f3lica ao Brasil"},"content":{"rendered":"<p style=\"text-align: justify;\"><a href=\"https:\/\/news.ecclesia.org.br\/2013\/wp-content\/uploads\/2016\/09\/visita-patriarca-sirio-ignatius-aphrem-3.jpg\"><img fetchpriority=\"high\" decoding=\"async\" class=\"alignleft size-medium wp-image-21840\" src=\"https:\/\/news.ecclesia.org.br\/2013\/wp-content\/uploads\/2016\/09\/visita-patriarca-sirio-ignatius-aphrem-3-300x300.jpg\" alt=\"visita-patriarca-sirio-ignatius-aphrem-3\" width=\"300\" height=\"300\" srcset=\"https:\/\/news.ecclesia.org.br\/wp-content\/uploads\/2016\/09\/visita-patriarca-sirio-ignatius-aphrem-3-300x300.jpg 300w, https:\/\/news.ecclesia.org.br\/wp-content\/uploads\/2016\/09\/visita-patriarca-sirio-ignatius-aphrem-3-150x150.jpg 150w, https:\/\/news.ecclesia.org.br\/wp-content\/uploads\/2016\/09\/visita-patriarca-sirio-ignatius-aphrem-3-600x600.jpg 600w, https:\/\/news.ecclesia.org.br\/wp-content\/uploads\/2016\/09\/visita-patriarca-sirio-ignatius-aphrem-3-55x55.jpg 55w, https:\/\/news.ecclesia.org.br\/wp-content\/uploads\/2016\/09\/visita-patriarca-sirio-ignatius-aphrem-3.jpg 630w\" sizes=\"(max-width: 300px) 100vw, 300px\" \/><\/a>A chegada do l\u00edder da Igreja Sirian Ortodoxa de Antioquia \u2013 Patriarcado de Antioquia e Todo Oriente &#8211; ao Brasil est\u00e1 marcada para o final de outubro, desembarcando em\u00a0Bras\u00edlia no dia\u00a026, onde ser\u00e1 recebido por autoridades civis e eclesi\u00e1sticas, cumprindo uma extensa agenda na capital federal.<\/p>\n<p style=\"text-align: justify;\">Mor Ignatius Aphrem II foi eleito em mar\u00e7o de 2014 como 123\u00ba Patriarca de Antioquia e Todo Oriente da Igreja Sirian Ortodoxa de Antioquia, uma das mais antigas Igrejas crist\u00e3s orientais, fruto da evangeliza\u00e7\u00e3o apost\u00f3lica na cidade de Antioquia da S\u00edria, ainda no primeiro s\u00e9culo. Seu minist\u00e9rio patriarcal tem sido marcado pela defesa dos crist\u00e3os perseguidos no Oriente M\u00e9dio, especialmente em pa\u00edses como S\u00edria, Iraque e L\u00edbano, al\u00e9m do di\u00e1logo ecum\u00eanico e interconfessional. O Patriarca participou no in\u00edcio do m\u00eas de setembro, juntamente com o Papa Francisco, do evento em Assis em prol da paz.<\/p>\n<p style=\"text-align: justify;\">O Patriarca visitar\u00e1 as principais comunidades, obras sociais e miss\u00f5es da Igreja Sirian Ortodoxa de Antioquia no Brasil, tanto no Distrito Federal, quando em Goi\u00e1s e S\u00e3o Paulo. O clero de todo Brasil estar\u00e1 presente, juntamente com as caravanas de fi\u00e9is que acompanhar\u00e3o o Patriarca durante sua visita ao Brasil. Autoridades da embaixada S\u00edria, do Itamaraty (Minist\u00e9rio das Rela\u00e7\u00f5es Exteriores), dos governos e prefeituras do Distrito Federal e Goi\u00e1s tamb\u00e9m cumprir\u00e3o agenda de encontros oficiais com o Patriarca durante a sua visita. Al\u00e9m disso, encontros ecum\u00eanicos com representantes de outras Igrejas tamb\u00e9m est\u00e3o marcados.<\/p>\n<p style=\"text-align: justify;\">A Igreja Sirian Ortodoxa de Antioquia chegou ao Brasil com os imigrantes s\u00edrios e libaneses. Inicialmente, estabeleceu comunidades em S\u00e3o Paulo &#8211; SP, Belo Horizonte &#8211; MG e Campo Grande \u2013 MS, atendendo as fam\u00edlias crist\u00e3s orientais que buscavam melhores condi\u00e7\u00f5es de vida no Brasil. Na d\u00e9cada de 1980, j\u00e1 bastante estabelecida em nosso pa\u00eds, a Igreja iniciou miss\u00f5es de evangeliza\u00e7\u00e3o entre brasileiros sem ascend\u00eancia oriental, formando comunidades em mais de 15 estados brasileiros. Atualmente, \u00e9 membro do CONIC \u2013 Conselho Nacional de Igrejas Crist\u00e3s, com nunciatura apost\u00f3lica sediada em Bras\u00edlia \u2013 DF e duas dioceses mission\u00e1rias que abrangem as comunidades brasileiras em todo pa\u00eds, al\u00e9m das comunidades formadas por imigrantes e seus descendentes.<\/p>\n<p style=\"text-align: right;\">Fonte: <a href=\"isoacomunica@gmail.com\" target=\"_blank\">Comunica\u00e7\u00e3o ISOA<\/a><\/p>\n","protected":false},"excerpt":{"rendered":"<p>A chegada do l\u00edder da Igreja Sirian Ortodoxa de Antioquia \u2013 Patriarcado de Antioquia e Todo Oriente &#8211; ao Brasil est\u00e1 marcada para o final de outubro, desembarcando em\u00a0Bras\u00edlia no dia\u00a026, onde ser\u00e1 recebido por autoridades civis e eclesi\u00e1sticas, cumprindo&#8230;<\/p>\n","protected":false},"author":1,"featured_media":21840,"comment_status":"open","ping_status":"open","sticky":false,"template":"","format":"standard","meta":{"_acf_changed":false,"footnotes":""},"categories":[1],"tags":[],"class_list":["post-21839","post","type-post","status-publish","format-standard","has-post-thumbnail","hentry","category-news","entry","rows-excerpt"],"acf":[],"yoast_head":"<!-- This site is optimized with the Yoast SEO plugin v27.5 - https:\/\/yoast.com\/product\/yoast-seo-wordpress\/ -->\n<title>Patriarca da Igreja Sirian-Ortodoxa, Mor Ignatius Aphrem II, far\u00e1 sua primeira visita apost\u00f3lica ao Brasil | ECCLESIA NEWS<\/title>\n<meta name=\"robots\" content=\"index, follow, max-snippet:-1, max-image-preview:large, max-video-preview:-1\" \/>\n<link rel=\"canonical\" href=\"https:\/\/news.ecclesia.org.br\/?p=21839\" \/>\n<meta property=\"og:locale\" content=\"pt_BR\" \/>\n<meta property=\"og:type\" content=\"article\" \/>\n<meta property=\"og:title\" content=\"Patriarca da Igreja Sirian-Ortodoxa, Mor Ignatius Aphrem II, far\u00e1 sua primeira visita apost\u00f3lica ao Brasil | ECCLESIA NEWS\" \/>\n<meta property=\"og:description\" content=\"A chegada do l\u00edder da Igreja Sirian Ortodoxa de Antioquia \u2013 Patriarcado de Antioquia e Todo Oriente &#8211; ao Brasil est\u00e1 marcada para o final de outubro, desembarcando em\u00a0Bras\u00edlia no dia\u00a026, onde ser\u00e1 recebido por autoridades civis e eclesi\u00e1sticas, cumprindo&#8230;\" \/>\n<meta property=\"og:url\" content=\"https:\/\/news.ecclesia.org.br\/?p=21839\" \/>\n<meta property=\"og:site_name\" content=\"ECCLESIA NEWS\" \/>\n<meta property=\"article:publisher\" content=\"https:\/\/www.facebook.com\/Ecclesia2025\" \/>\n<meta property=\"article:published_time\" content=\"2016-09-23T22:48:01+00:00\" \/>\n<meta property=\"article:modified_time\" content=\"2016-09-23T22:50:31+00:00\" \/>\n<meta property=\"og:image\" content=\"https:\/\/news.ecclesia.org.br\/wp-content\/uploads\/2016\/09\/visita-patriarca-sirio-ignatius-aphrem-3.jpg\" \/>\n\t<meta property=\"og:image:width\" content=\"630\" \/>\n\t<meta property=\"og:image:height\" content=\"630\" \/>\n\t<meta property=\"og:image:type\" content=\"image\/jpeg\" \/>\n<meta name=\"author\" content=\"Pe. Andr\u00e9\" \/>\n<meta name=\"twitter:card\" content=\"summary_large_image\" \/>\n<meta name=\"twitter:creator\" content=\"@EcclesiaNews\" \/>\n<meta name=\"twitter:site\" content=\"@EcclesiaNews\" \/>\n<meta name=\"twitter:label1\" content=\"Escrito por\" \/>\n\t<meta name=\"twitter:data1\" content=\"Pe. Andr\u00e9\" \/>\n\t<meta name=\"twitter:label2\" content=\"Est. tempo de leitura\" \/>\n\t<meta name=\"twitter:data2\" content=\"2 minutos\" \/>\n<script type=\"application\/ld+json\" class=\"yoast-schema-graph\">{\"@context\":\"https:\\\/\\\/schema.org\",\"@graph\":[{\"@type\":\"Article\",\"@id\":\"https:\\\/\\\/news.ecclesia.org.br\\\/?p=21839#article\",\"isPartOf\":{\"@id\":\"https:\\\/\\\/news.ecclesia.org.br\\\/?p=21839\"},\"author\":{\"name\":\"Pe. Andr\u00e9\",\"@id\":\"https:\\\/\\\/news.ecclesia.org.br\\\/#\\\/schema\\\/person\\\/6f09597f025829745ba414a569f63758\"},\"headline\":\"Patriarca da Igreja Sirian-Ortodoxa, Mor Ignatius Aphrem II, far\u00e1 sua primeira visita apost\u00f3lica ao Brasil\",\"datePublished\":\"2016-09-23T22:48:01+00:00\",\"dateModified\":\"2016-09-23T22:50:31+00:00\",\"mainEntityOfPage\":{\"@id\":\"https:\\\/\\\/news.ecclesia.org.br\\\/?p=21839\"},\"wordCount\":412,\"commentCount\":1,\"publisher\":{\"@id\":\"https:\\\/\\\/news.ecclesia.org.br\\\/#organization\"},\"image\":{\"@id\":\"https:\\\/\\\/news.ecclesia.org.br\\\/?p=21839#primaryimage\"},\"thumbnailUrl\":\"https:\\\/\\\/news.ecclesia.org.br\\\/wp-content\\\/uploads\\\/2016\\\/09\\\/visita-patriarca-sirio-ignatius-aphrem-3.jpg\",\"articleSection\":[\"NEWS\"],\"inLanguage\":\"pt-BR\",\"potentialAction\":[{\"@type\":\"CommentAction\",\"name\":\"Comment\",\"target\":[\"https:\\\/\\\/news.ecclesia.org.br\\\/?p=21839#respond\"]}]},{\"@type\":\"WebPage\",\"@id\":\"https:\\\/\\\/news.ecclesia.org.br\\\/?p=21839\",\"url\":\"https:\\\/\\\/news.ecclesia.org.br\\\/?p=21839\",\"name\":\"Patriarca da Igreja Sirian-Ortodoxa, Mor Ignatius Aphrem II, far\u00e1 sua primeira visita apost\u00f3lica ao Brasil | ECCLESIA NEWS\",\"isPartOf\":{\"@id\":\"https:\\\/\\\/news.ecclesia.org.br\\\/#website\"},\"primaryImageOfPage\":{\"@id\":\"https:\\\/\\\/news.ecclesia.org.br\\\/?p=21839#primaryimage\"},\"image\":{\"@id\":\"https:\\\/\\\/news.ecclesia.org.br\\\/?p=21839#primaryimage\"},\"thumbnailUrl\":\"https:\\\/\\\/news.ecclesia.org.br\\\/wp-content\\\/uploads\\\/2016\\\/09\\\/visita-patriarca-sirio-ignatius-aphrem-3.jpg\",\"datePublished\":\"2016-09-23T22:48:01+00:00\",\"dateModified\":\"2016-09-23T22:50:31+00:00\",\"breadcrumb\":{\"@id\":\"https:\\\/\\\/news.ecclesia.org.br\\\/?p=21839#breadcrumb\"},\"inLanguage\":\"pt-BR\",\"potentialAction\":[{\"@type\":\"ReadAction\",\"target\":[\"https:\\\/\\\/news.ecclesia.org.br\\\/?p=21839\"]}]},{\"@type\":\"ImageObject\",\"inLanguage\":\"pt-BR\",\"@id\":\"https:\\\/\\\/news.ecclesia.org.br\\\/?p=21839#primaryimage\",\"url\":\"https:\\\/\\\/news.ecclesia.org.br\\\/wp-content\\\/uploads\\\/2016\\\/09\\\/visita-patriarca-sirio-ignatius-aphrem-3.jpg\",\"contentUrl\":\"https:\\\/\\\/news.ecclesia.org.br\\\/wp-content\\\/uploads\\\/2016\\\/09\\\/visita-patriarca-sirio-ignatius-aphrem-3.jpg\",\"width\":630,\"height\":630},{\"@type\":\"BreadcrumbList\",\"@id\":\"https:\\\/\\\/news.ecclesia.org.br\\\/?p=21839#breadcrumb\",\"itemListElement\":[{\"@type\":\"ListItem\",\"position\":1,\"name\":\"In\u00edcio\",\"item\":\"https:\\\/\\\/news.ecclesia.org.br\\\/\"},{\"@type\":\"ListItem\",\"position\":2,\"name\":\"Patriarca da Igreja Sirian-Ortodoxa, Mor Ignatius Aphrem II, far\u00e1 sua primeira visita apost\u00f3lica ao Brasil\"}]},{\"@type\":\"WebSite\",\"@id\":\"https:\\\/\\\/news.ecclesia.org.br\\\/#website\",\"url\":\"https:\\\/\\\/news.ecclesia.org.br\\\/\",\"name\":\"Ecclesia Brasil\",\"description\":\"Desde 2003 onectando o Brasil ao mundo ortodoxo!\",\"publisher\":{\"@id\":\"https:\\\/\\\/news.ecclesia.org.br\\\/#organization\"},\"alternateName\":\"Ecclesia\",\"potentialAction\":[{\"@type\":\"SearchAction\",\"target\":{\"@type\":\"EntryPoint\",\"urlTemplate\":\"https:\\\/\\\/news.ecclesia.org.br\\\/?s={search_term_string}\"},\"query-input\":{\"@type\":\"PropertyValueSpecification\",\"valueRequired\":true,\"valueName\":\"search_term_string\"}}],\"inLanguage\":\"pt-BR\"},{\"@type\":\"Organization\",\"@id\":\"https:\\\/\\\/news.ecclesia.org.br\\\/#organization\",\"name\":\"Sacra Arquidiocese de Buenos Aires e Am\u00e9rica do Sul | Patriarcado Ecum\u00eanico\",\"alternateName\":\"News Ecclesia Brasil\",\"url\":\"https:\\\/\\\/news.ecclesia.org.br\\\/\",\"logo\":{\"@type\":\"ImageObject\",\"inLanguage\":\"pt-BR\",\"@id\":\"https:\\\/\\\/news.ecclesia.org.br\\\/#\\\/schema\\\/logo\\\/image\\\/\",\"url\":\"https:\\\/\\\/news.ecclesia.org.br\\\/wp-content\\\/uploads\\\/2025\\\/05\\\/ecclesia2.png\",\"contentUrl\":\"https:\\\/\\\/news.ecclesia.org.br\\\/wp-content\\\/uploads\\\/2025\\\/05\\\/ecclesia2.png\",\"width\":480,\"height\":120,\"caption\":\"Sacra Arquidiocese de Buenos Aires e Am\u00e9rica do Sul | Patriarcado Ecum\u00eanico\"},\"image\":{\"@id\":\"https:\\\/\\\/news.ecclesia.org.br\\\/#\\\/schema\\\/logo\\\/image\\\/\"},\"sameAs\":[\"https:\\\/\\\/www.facebook.com\\\/Ecclesia2025\",\"https:\\\/\\\/x.com\\\/EcclesiaNews\",\"https:\\\/\\\/br.pinterest.com\\\/ekklisia\\\/\",\"https:\\\/\\\/www.youtube.com\\\/@EcclesiaBrasil\"]},{\"@type\":\"Person\",\"@id\":\"https:\\\/\\\/news.ecclesia.org.br\\\/#\\\/schema\\\/person\\\/6f09597f025829745ba414a569f63758\",\"name\":\"Pe. Andr\u00e9\",\"image\":{\"@type\":\"ImageObject\",\"inLanguage\":\"pt-BR\",\"@id\":\"https:\\\/\\\/secure.gravatar.com\\\/avatar\\\/b4327cfa27e9799da239a26adcd534fc29cdc0c4a4a148eecbcfeb9b42c617ac?s=96&d=mm&r=g\",\"url\":\"https:\\\/\\\/secure.gravatar.com\\\/avatar\\\/b4327cfa27e9799da239a26adcd534fc29cdc0c4a4a148eecbcfeb9b42c617ac?s=96&d=mm&r=g\",\"contentUrl\":\"https:\\\/\\\/secure.gravatar.com\\\/avatar\\\/b4327cfa27e9799da239a26adcd534fc29cdc0c4a4a148eecbcfeb9b42c617ac?s=96&d=mm&r=g\",\"caption\":\"Pe. Andr\u00e9\"},\"sameAs\":[\"https:\\\/\\\/www.ecclesia.org.br\"]}]}<\/script>\n<!-- \/ Yoast SEO plugin. -->","yoast_head_json":{"title":"Patriarca da Igreja Sirian-Ortodoxa, Mor Ignatius Aphrem II, far\u00e1 sua primeira visita apost\u00f3lica ao Brasil | ECCLESIA NEWS","robots":{"index":"index","follow":"follow","max-snippet":"max-snippet:-1","max-image-preview":"max-image-preview:large","max-video-preview":"max-video-preview:-1"},"canonical":"https:\/\/news.ecclesia.org.br\/?p=21839","og_locale":"pt_BR","og_type":"article","og_title":"Patriarca da Igreja Sirian-Ortodoxa, Mor Ignatius Aphrem II, far\u00e1 sua primeira visita apost\u00f3lica ao Brasil | ECCLESIA NEWS","og_description":"A chegada do l\u00edder da Igreja Sirian Ortodoxa de Antioquia \u2013 Patriarcado de Antioquia e Todo Oriente &#8211; ao Brasil est\u00e1 marcada para o final de outubro, desembarcando em\u00a0Bras\u00edlia no dia\u00a026, onde ser\u00e1 recebido por autoridades civis e eclesi\u00e1sticas, cumprindo&#8230;","og_url":"https:\/\/news.ecclesia.org.br\/?p=21839","og_site_name":"ECCLESIA NEWS","article_publisher":"https:\/\/www.facebook.com\/Ecclesia2025","article_published_time":"2016-09-23T22:48:01+00:00","article_modified_time":"2016-09-23T22:50:31+00:00","og_image":[{"width":630,"height":630,"url":"https:\/\/news.ecclesia.org.br\/wp-content\/uploads\/2016\/09\/visita-patriarca-sirio-ignatius-aphrem-3.jpg","type":"image\/jpeg"}],"author":"Pe. Andr\u00e9","twitter_card":"summary_large_image","twitter_creator":"@EcclesiaNews","twitter_site":"@EcclesiaNews","twitter_misc":{"Escrito por":"Pe. Andr\u00e9","Est. tempo de leitura":"2 minutos"},"schema":{"@context":"https:\/\/schema.org","@graph":[{"@type":"Article","@id":"https:\/\/news.ecclesia.org.br\/?p=21839#article","isPartOf":{"@id":"https:\/\/news.ecclesia.org.br\/?p=21839"},"author":{"name":"Pe. Andr\u00e9","@id":"https:\/\/news.ecclesia.org.br\/#\/schema\/person\/6f09597f025829745ba414a569f63758"},"headline":"Patriarca da Igreja Sirian-Ortodoxa, Mor Ignatius Aphrem II, far\u00e1 sua primeira visita apost\u00f3lica ao Brasil","datePublished":"2016-09-23T22:48:01+00:00","dateModified":"2016-09-23T22:50:31+00:00","mainEntityOfPage":{"@id":"https:\/\/news.ecclesia.org.br\/?p=21839"},"wordCount":412,"commentCount":1,"publisher":{"@id":"https:\/\/news.ecclesia.org.br\/#organization"},"image":{"@id":"https:\/\/news.ecclesia.org.br\/?p=21839#primaryimage"},"thumbnailUrl":"https:\/\/news.ecclesia.org.br\/wp-content\/uploads\/2016\/09\/visita-patriarca-sirio-ignatius-aphrem-3.jpg","articleSection":["NEWS"],"inLanguage":"pt-BR","potentialAction":[{"@type":"CommentAction","name":"Comment","target":["https:\/\/news.ecclesia.org.br\/?p=21839#respond"]}]},{"@type":"WebPage","@id":"https:\/\/news.ecclesia.org.br\/?p=21839","url":"https:\/\/news.ecclesia.org.br\/?p=21839","name":"Patriarca da Igreja Sirian-Ortodoxa, Mor Ignatius Aphrem II, far\u00e1 sua primeira visita apost\u00f3lica ao Brasil | ECCLESIA NEWS","isPartOf":{"@id":"https:\/\/news.ecclesia.org.br\/#website"},"primaryImageOfPage":{"@id":"https:\/\/news.ecclesia.org.br\/?p=21839#primaryimage"},"image":{"@id":"https:\/\/news.ecclesia.org.br\/?p=21839#primaryimage"},"thumbnailUrl":"https:\/\/news.ecclesia.org.br\/wp-content\/uploads\/2016\/09\/visita-patriarca-sirio-ignatius-aphrem-3.jpg","datePublished":"2016-09-23T22:48:01+00:00","dateModified":"2016-09-23T22:50:31+00:00","breadcrumb":{"@id":"https:\/\/news.ecclesia.org.br\/?p=21839#breadcrumb"},"inLanguage":"pt-BR","potentialAction":[{"@type":"ReadAction","target":["https:\/\/news.ecclesia.org.br\/?p=21839"]}]},{"@type":"ImageObject","inLanguage":"pt-BR","@id":"https:\/\/news.ecclesia.org.br\/?p=21839#primaryimage","url":"https:\/\/news.ecclesia.org.br\/wp-content\/uploads\/2016\/09\/visita-patriarca-sirio-ignatius-aphrem-3.jpg","contentUrl":"https:\/\/news.ecclesia.org.br\/wp-content\/uploads\/2016\/09\/visita-patriarca-sirio-ignatius-aphrem-3.jpg","width":630,"height":630},{"@type":"BreadcrumbList","@id":"https:\/\/news.ecclesia.org.br\/?p=21839#breadcrumb","itemListElement":[{"@type":"ListItem","position":1,"name":"In\u00edcio","item":"https:\/\/news.ecclesia.org.br\/"},{"@type":"ListItem","position":2,"name":"Patriarca da Igreja Sirian-Ortodoxa, Mor Ignatius Aphrem II, far\u00e1 sua primeira visita apost\u00f3lica ao Brasil"}]},{"@type":"WebSite","@id":"https:\/\/news.ecclesia.org.br\/#website","url":"https:\/\/news.ecclesia.org.br\/","name":"Ecclesia Brasil","description":"Desde 2003 onectando o Brasil ao mundo ortodoxo!","publisher":{"@id":"https:\/\/news.ecclesia.org.br\/#organization"},"alternateName":"Ecclesia","potentialAction":[{"@type":"SearchAction","target":{"@type":"EntryPoint","urlTemplate":"https:\/\/news.ecclesia.org.br\/?s={search_term_string}"},"query-input":{"@type":"PropertyValueSpecification","valueRequired":true,"valueName":"search_term_string"}}],"inLanguage":"pt-BR"},{"@type":"Organization","@id":"https:\/\/news.ecclesia.org.br\/#organization","name":"Sacra Arquidiocese de Buenos Aires e Am\u00e9rica do Sul | Patriarcado Ecum\u00eanico","alternateName":"News Ecclesia Brasil","url":"https:\/\/news.ecclesia.org.br\/","logo":{"@type":"ImageObject","inLanguage":"pt-BR","@id":"https:\/\/news.ecclesia.org.br\/#\/schema\/logo\/image\/","url":"https:\/\/news.ecclesia.org.br\/wp-content\/uploads\/2025\/05\/ecclesia2.png","contentUrl":"https:\/\/news.ecclesia.org.br\/wp-content\/uploads\/2025\/05\/ecclesia2.png","width":480,"height":120,"caption":"Sacra Arquidiocese de Buenos Aires e Am\u00e9rica do Sul | Patriarcado Ecum\u00eanico"},"image":{"@id":"https:\/\/news.ecclesia.org.br\/#\/schema\/logo\/image\/"},"sameAs":["https:\/\/www.facebook.com\/Ecclesia2025","https:\/\/x.com\/EcclesiaNews","https:\/\/br.pinterest.com\/ekklisia\/","https:\/\/www.youtube.com\/@EcclesiaBrasil"]},{"@type":"Person","@id":"https:\/\/news.ecclesia.org.br\/#\/schema\/person\/6f09597f025829745ba414a569f63758","name":"Pe. Andr\u00e9","image":{"@type":"ImageObject","inLanguage":"pt-BR","@id":"https:\/\/secure.gravatar.com\/avatar\/b4327cfa27e9799da239a26adcd534fc29cdc0c4a4a148eecbcfeb9b42c617ac?s=96&d=mm&r=g","url":"https:\/\/secure.gravatar.com\/avatar\/b4327cfa27e9799da239a26adcd534fc29cdc0c4a4a148eecbcfeb9b42c617ac?s=96&d=mm&r=g","contentUrl":"https:\/\/secure.gravatar.com\/avatar\/b4327cfa27e9799da239a26adcd534fc29cdc0c4a4a148eecbcfeb9b42c617ac?s=96&d=mm&r=g","caption":"Pe. Andr\u00e9"},"sameAs":["https:\/\/www.ecclesia.org.br"]}]}},"_links":{"self":[{"href":"https:\/\/news.ecclesia.org.br\/index.php?rest_route=\/wp\/v2\/posts\/21839","targetHints":{"allow":["GET"]}}],"collection":[{"href":"https:\/\/news.ecclesia.org.br\/index.php?rest_route=\/wp\/v2\/posts"}],"about":[{"href":"https:\/\/news.ecclesia.org.br\/index.php?rest_route=\/wp\/v2\/types\/post"}],"author":[{"embeddable":true,"href":"https:\/\/news.ecclesia.org.br\/index.php?rest_route=\/wp\/v2\/users\/1"}],"replies":[{"embeddable":true,"href":"https:\/\/news.ecclesia.org.br\/index.php?rest_route=%2Fwp%2Fv2%2Fcomments&post=21839"}],"version-history":[{"count":0,"href":"https:\/\/news.ecclesia.org.br\/index.php?rest_route=\/wp\/v2\/posts\/21839\/revisions"}],"wp:featuredmedia":[{"embeddable":true,"href":"https:\/\/news.ecclesia.org.br\/index.php?rest_route=\/wp\/v2\/media\/21840"}],"wp:attachment":[{"href":"https:\/\/news.ecclesia.org.br\/index.php?rest_route=%2Fwp%2Fv2%2Fmedia&parent=21839"}],"wp:term":[{"taxonomy":"category","embeddable":true,"href":"https:\/\/news.ecclesia.org.br\/index.php?rest_route=%2Fwp%2Fv2%2Fcategories&post=21839"},{"taxonomy":"post_tag","embeddable":true,"href":"https:\/\/news.ecclesia.org.br\/index.php?rest_route=%2Fwp%2Fv2%2Ftags&post=21839"}],"curies":[{"name":"wp","href":"https:\/\/api.w.org\/{rel}","templated":true}]}}