{"id":21831,"date":"2016-09-22T23:45:41","date_gmt":"2016-09-22T23:45:41","guid":{"rendered":"https:\/\/news.ecclesia.org.br\/2013\/?p=21831"},"modified":"2016-09-22T23:47:07","modified_gmt":"2016-09-22T23:47:07","slug":"consenso-entre-ortodoxos-e-catolicos-sobre-sinodalidade-e-primado","status":"publish","type":"post","link":"https:\/\/news.ecclesia.org.br\/?p=21831","title":{"rendered":"Consenso entre ortodoxos e cat\u00f3licos sobre sinodalidade e primado"},"content":{"rendered":"<p style=\"text-align: justify;\"><a href=\"https:\/\/news.ecclesia.org.br\/2013\/wp-content\/uploads\/2016\/09\/plenaria2016-2.jpg\"><img fetchpriority=\"high\" decoding=\"async\" class=\"aligncenter size-full wp-image-21832\" src=\"https:\/\/news.ecclesia.org.br\/2013\/wp-content\/uploads\/2016\/09\/plenaria2016-2.jpg\" alt=\"plenaria2016-2\" width=\"800\" height=\"391\" srcset=\"https:\/\/news.ecclesia.org.br\/wp-content\/uploads\/2016\/09\/plenaria2016-2.jpg 800w, https:\/\/news.ecclesia.org.br\/wp-content\/uploads\/2016\/09\/plenaria2016-2-300x147.jpg 300w, https:\/\/news.ecclesia.org.br\/wp-content\/uploads\/2016\/09\/plenaria2016-2-768x375.jpg 768w, https:\/\/news.ecclesia.org.br\/wp-content\/uploads\/2016\/09\/plenaria2016-2-600x293.jpg 600w, https:\/\/news.ecclesia.org.br\/wp-content\/uploads\/2016\/09\/plenaria2016-2-113x55.jpg 113w\" sizes=\"(max-width: 800px) 100vw, 800px\" \/><\/a><\/p>\n<p style=\"text-align: justify;\">A Comiss\u00e3o Mista Internacional para o di\u00e1logo Teol\u00f3gico entre a Igreja Cat\u00f3lica e a Igreja Ortodoxa, cuja plen\u00e1ria concluiu-se em Chieti esta quinta-feira (22\/09), chegou a um acordo sobre a ado\u00e7\u00e3o do documento intitulado \u201cRumo a uma comum compreens\u00e3o da sinodalidade e do primado a servi\u00e7o da unidade da Igreja\u201d.\u00a0\u00c9 o que informa o Departamento Sinodal para as Rela\u00e7\u00f5es Eclesi\u00e1sticas Externas do Patriarcado de Moscou, que em um comunicado em seu site, sublinhou tamb\u00e9m os desafios para o futuro. Para Moscou, \u201cser\u00e1 dif\u00edcil avan\u00e7ar no di\u00e1logo, se permanecer sem solu\u00e7\u00e3o a quest\u00e3o das consequ\u00eancias eclesiol\u00f3gicas e can\u00f4nicas do uniatismo\u201d (termo usado para designar os greco-cat\u00f3licos ucranianos com rito oriental, mas fieis ao Papa).<\/p>\n<h3 style=\"text-align: justify;\"><strong>Oposi\u00e7\u00e3o da Igreja Ortodoxa da Ge\u00f3rgia n\u00e3o obstaculiza a aprova\u00e7\u00e3o<\/strong><\/h3>\n<p style=\"text-align: justify;\">A reda\u00e7\u00e3o do documento foi iniciada no decorrer da precedente Sess\u00e3o Plen\u00e1ria da Comiss\u00e3o &#8211; realizada em Am\u00e3, Jord\u00e2nia, em 2014 \u2013 e conclu\u00edda pelo Comit\u00ea de Coordena\u00e7\u00e3o da Comiss\u00e3o durante a reuni\u00e3o de 2015, em Roma.\u00a0\u201cEm Chieti \u2013 havia explicado uma nota da Sala de Imprensa da Santa S\u00e9 \u2013 os membros da Comiss\u00e3o ser\u00e3o chamados a avaliar se tal esbo\u00e7o espelha em maneira adequada o consenso atualmente existente sobre a delicada quest\u00e3o da rela\u00e7\u00e3o teol\u00f3gica e eclesiol\u00f3gica entre Primado e Sinodalidade na vida da Igreja ou se ser\u00e1 necess\u00e1rio continuar a aprofundar a tem\u00e1tica\u201d.<\/p>\n<h3 style=\"text-align: justify;\"><strong>Consenso alcan\u00e7ado<\/strong><\/h3>\n<p style=\"text-align: justify;\">Segundo o Patriarcado de Moscou, o consenso foi alcan\u00e7ado, mesmo que a Igreja Ortodoxa georgiana \u201ctenha expresso desacordo com alguns par\u00e1grafos\u201d do documento. A declara\u00e7\u00e3o dos georgianos est\u00e1 contida em uma nota no comunicado final adotado pela Sess\u00e3o Plen\u00e1ria. Uma ulterior mensagem sobre este tema ser\u00e1 inserida tamb\u00e9m no documento conjunto, que ser\u00e1 publicado em breve pela Comiss\u00e3o.\u00a0Trata-se de uma decis\u00e3o encorajadora \u2013 sublinharam alguns analistas \u2013 visto que os ortodoxos n\u00e3o permitiram que o desacordo da Igreja georgiana impedisse a ado\u00e7\u00e3o do documento. Os georgianos ortodoxos est\u00e3o demonstrando uma certa propens\u00e3o em seguir pelo pr\u00f3prio caminho, tamb\u00e9m em rela\u00e7\u00e3o a este tema. Nos trabalhos precedentes, o Conc\u00edlio Pan-Ortodoxo de Creta, por exemplo, foram os \u00fanicos a oporem-se ao matrim\u00f4nio entre ortodoxos e n\u00e3o-ortodoxos.<\/p>\n<h3 style=\"text-align: justify;\"><strong>Uniatismo e o tema da pr\u00f3xima Plen\u00e1ria<\/strong><\/h3>\n<p style=\"text-align: justify;\">Em Chieti, sede do atual encontro, n\u00e3o chegou-se a um acordo sobre o tema da pr\u00f3xima Sess\u00e3o Plen\u00e1ria, que o Patriarcado de Moscou auspicia que possa debater a quest\u00e3o do uniatismo. Foi decidido que a escolha do tema ser\u00e1 feita na reuni\u00e3o do Comit\u00ea de Coordena\u00e7\u00e3o da Comiss\u00e3o Mista, que ter\u00e1 lugar no decorrer de 2017.\u00a0Na Plen\u00e1ria de Chieti, o Chefe da delega\u00e7\u00e3o ortodoxa-russa, Metropolita Hilarion, advertiu que a a\u00e7\u00e3o da Igreja Greco-cat\u00f3lica na Ucr\u00e2nia \u00e9 \u201cinaceit\u00e1vel do ponto de vista da \u00e9tica crist\u00e3\u201d. O dedo \u00e9 apontado diretamente contra o Arcebispo-Mor de Kiev, Sviatoslav Shevchuk, cujas declara\u00e7\u00f5es anti-russas \u2013 segundo Moscou \u2013 \u201cest\u00e3o em contraste com o nosso di\u00e1logo e semeiam desconfian\u00e7a entre ortodoxos e cat\u00f3licos\u201d. \u201cDevemos estar conscientes de que dentro de nossas Igrejas existem pessoas que obstaculizam o nosso caminho e devemos recordar disto quando pensamos no futuro de nosso di\u00e1logo\u201d.<\/p>\n<p style=\"text-align: justify;\">Outro membro da delega\u00e7\u00e3o ortodoxa russa, o Arquimandrita Irineu, sublinhou que \u201cser\u00e1 dif\u00edcil avan\u00e7ar no di\u00e1logo cat\u00f3lico-ortodoxo, se esta quest\u00e3o das consequ\u00eancias eclesiol\u00f3gicas e can\u00f4nicas do uniatismo permanecer sem solu\u00e7\u00e3o\u201d. \u201cO objetivo de nosso di\u00e1logo \u00e9 o de chegar a um acordo sobre quest\u00f5es em que j\u00e1 estamos de acordo, mas devemos discutir tamb\u00e9m os problemas que nos dividem. E o tema do uniatismo \u00e9 um problema extremamente atual, um daqueles centrais no segundo mil\u00eanio\u201d.\u00a0Nos trabalhos da Comiss\u00e3o Mista \u2013 presididos pelo Cardeal Kurt Koch, Presidente do Pontif\u00edcio Conselho para a Promo\u00e7\u00e3o da Unidade dos Crist\u00e3os, e pelo Arcebispo de Telmessos Iob (Getcha), do Patriarcado Ecum\u00eanico \u2013 participaram dois representantes de cada uma das 14 Igrejas Ortodoxas autoc\u00e9falas, al\u00e9m de representantes cat\u00f3licos.\u00a0(je\/asianews)<\/p>\n","protected":false},"excerpt":{"rendered":"<p>A Comiss\u00e3o Mista Internacional para o di\u00e1logo Teol\u00f3gico entre a Igreja Cat\u00f3lica e a Igreja Ortodoxa, cuja plen\u00e1ria concluiu-se em Chieti esta quinta-feira (22\/09), chegou a um acordo sobre a ado\u00e7\u00e3o do documento intitulado \u201cRumo a uma comum compreens\u00e3o da&#8230;<\/p>\n","protected":false},"author":1,"featured_media":21832,"comment_status":"open","ping_status":"open","sticky":false,"template":"","format":"standard","meta":{"_acf_changed":false,"footnotes":""},"categories":[1],"tags":[],"class_list":["post-21831","post","type-post","status-publish","format-standard","has-post-thumbnail","hentry","category-news","entry","rows-excerpt"],"acf":[],"yoast_head":"<!-- This site is optimized with the Yoast SEO plugin v27.5 - https:\/\/yoast.com\/product\/yoast-seo-wordpress\/ -->\n<title>Consenso entre ortodoxos e cat\u00f3licos sobre sinodalidade e primado | ECCLESIA NEWS<\/title>\n<meta name=\"robots\" content=\"index, follow, max-snippet:-1, max-image-preview:large, max-video-preview:-1\" \/>\n<link rel=\"canonical\" href=\"https:\/\/news.ecclesia.org.br\/?p=21831\" \/>\n<meta property=\"og:locale\" content=\"pt_BR\" \/>\n<meta property=\"og:type\" content=\"article\" \/>\n<meta property=\"og:title\" content=\"Consenso entre ortodoxos e cat\u00f3licos sobre sinodalidade e primado | ECCLESIA NEWS\" \/>\n<meta property=\"og:description\" content=\"A Comiss\u00e3o Mista Internacional para o di\u00e1logo Teol\u00f3gico entre a Igreja Cat\u00f3lica e a Igreja Ortodoxa, cuja plen\u00e1ria concluiu-se em Chieti esta quinta-feira (22\/09), chegou a um acordo sobre a ado\u00e7\u00e3o do documento intitulado \u201cRumo a uma comum compreens\u00e3o da&#8230;\" \/>\n<meta property=\"og:url\" content=\"https:\/\/news.ecclesia.org.br\/?p=21831\" \/>\n<meta property=\"og:site_name\" content=\"ECCLESIA NEWS\" \/>\n<meta property=\"article:publisher\" content=\"https:\/\/www.facebook.com\/Ecclesia2025\" \/>\n<meta property=\"article:published_time\" content=\"2016-09-22T23:45:41+00:00\" \/>\n<meta property=\"article:modified_time\" content=\"2016-09-22T23:47:07+00:00\" \/>\n<meta property=\"og:image\" content=\"https:\/\/news.ecclesia.org.br\/wp-content\/uploads\/2016\/09\/plenaria2016-2.jpg\" \/>\n\t<meta property=\"og:image:width\" content=\"800\" \/>\n\t<meta property=\"og:image:height\" content=\"391\" \/>\n\t<meta property=\"og:image:type\" content=\"image\/jpeg\" \/>\n<meta name=\"author\" content=\"Pe. Andr\u00e9\" \/>\n<meta name=\"twitter:card\" content=\"summary_large_image\" \/>\n<meta name=\"twitter:creator\" content=\"@EcclesiaNews\" \/>\n<meta name=\"twitter:site\" content=\"@EcclesiaNews\" \/>\n<meta name=\"twitter:label1\" content=\"Escrito por\" \/>\n\t<meta name=\"twitter:data1\" content=\"Pe. Andr\u00e9\" \/>\n\t<meta name=\"twitter:label2\" content=\"Est. tempo de leitura\" \/>\n\t<meta name=\"twitter:data2\" content=\"4 minutos\" \/>\n<script type=\"application\/ld+json\" class=\"yoast-schema-graph\">{\"@context\":\"https:\\\/\\\/schema.org\",\"@graph\":[{\"@type\":\"Article\",\"@id\":\"https:\\\/\\\/news.ecclesia.org.br\\\/?p=21831#article\",\"isPartOf\":{\"@id\":\"https:\\\/\\\/news.ecclesia.org.br\\\/?p=21831\"},\"author\":{\"name\":\"Pe. Andr\u00e9\",\"@id\":\"https:\\\/\\\/news.ecclesia.org.br\\\/#\\\/schema\\\/person\\\/6f09597f025829745ba414a569f63758\"},\"headline\":\"Consenso entre ortodoxos e cat\u00f3licos sobre sinodalidade e primado\",\"datePublished\":\"2016-09-22T23:45:41+00:00\",\"dateModified\":\"2016-09-22T23:47:07+00:00\",\"mainEntityOfPage\":{\"@id\":\"https:\\\/\\\/news.ecclesia.org.br\\\/?p=21831\"},\"wordCount\":721,\"commentCount\":1,\"publisher\":{\"@id\":\"https:\\\/\\\/news.ecclesia.org.br\\\/#organization\"},\"image\":{\"@id\":\"https:\\\/\\\/news.ecclesia.org.br\\\/?p=21831#primaryimage\"},\"thumbnailUrl\":\"https:\\\/\\\/news.ecclesia.org.br\\\/wp-content\\\/uploads\\\/2016\\\/09\\\/plenaria2016-2.jpg\",\"articleSection\":[\"NEWS\"],\"inLanguage\":\"pt-BR\",\"potentialAction\":[{\"@type\":\"CommentAction\",\"name\":\"Comment\",\"target\":[\"https:\\\/\\\/news.ecclesia.org.br\\\/?p=21831#respond\"]}]},{\"@type\":\"WebPage\",\"@id\":\"https:\\\/\\\/news.ecclesia.org.br\\\/?p=21831\",\"url\":\"https:\\\/\\\/news.ecclesia.org.br\\\/?p=21831\",\"name\":\"Consenso entre ortodoxos e cat\u00f3licos sobre sinodalidade e primado | ECCLESIA NEWS\",\"isPartOf\":{\"@id\":\"https:\\\/\\\/news.ecclesia.org.br\\\/#website\"},\"primaryImageOfPage\":{\"@id\":\"https:\\\/\\\/news.ecclesia.org.br\\\/?p=21831#primaryimage\"},\"image\":{\"@id\":\"https:\\\/\\\/news.ecclesia.org.br\\\/?p=21831#primaryimage\"},\"thumbnailUrl\":\"https:\\\/\\\/news.ecclesia.org.br\\\/wp-content\\\/uploads\\\/2016\\\/09\\\/plenaria2016-2.jpg\",\"datePublished\":\"2016-09-22T23:45:41+00:00\",\"dateModified\":\"2016-09-22T23:47:07+00:00\",\"breadcrumb\":{\"@id\":\"https:\\\/\\\/news.ecclesia.org.br\\\/?p=21831#breadcrumb\"},\"inLanguage\":\"pt-BR\",\"potentialAction\":[{\"@type\":\"ReadAction\",\"target\":[\"https:\\\/\\\/news.ecclesia.org.br\\\/?p=21831\"]}]},{\"@type\":\"ImageObject\",\"inLanguage\":\"pt-BR\",\"@id\":\"https:\\\/\\\/news.ecclesia.org.br\\\/?p=21831#primaryimage\",\"url\":\"https:\\\/\\\/news.ecclesia.org.br\\\/wp-content\\\/uploads\\\/2016\\\/09\\\/plenaria2016-2.jpg\",\"contentUrl\":\"https:\\\/\\\/news.ecclesia.org.br\\\/wp-content\\\/uploads\\\/2016\\\/09\\\/plenaria2016-2.jpg\",\"width\":800,\"height\":391},{\"@type\":\"BreadcrumbList\",\"@id\":\"https:\\\/\\\/news.ecclesia.org.br\\\/?p=21831#breadcrumb\",\"itemListElement\":[{\"@type\":\"ListItem\",\"position\":1,\"name\":\"In\u00edcio\",\"item\":\"https:\\\/\\\/news.ecclesia.org.br\\\/\"},{\"@type\":\"ListItem\",\"position\":2,\"name\":\"Consenso entre ortodoxos e cat\u00f3licos sobre sinodalidade e primado\"}]},{\"@type\":\"WebSite\",\"@id\":\"https:\\\/\\\/news.ecclesia.org.br\\\/#website\",\"url\":\"https:\\\/\\\/news.ecclesia.org.br\\\/\",\"name\":\"Ecclesia Brasil\",\"description\":\"Desde 2003 onectando o Brasil ao mundo ortodoxo!\",\"publisher\":{\"@id\":\"https:\\\/\\\/news.ecclesia.org.br\\\/#organization\"},\"alternateName\":\"Ecclesia\",\"potentialAction\":[{\"@type\":\"SearchAction\",\"target\":{\"@type\":\"EntryPoint\",\"urlTemplate\":\"https:\\\/\\\/news.ecclesia.org.br\\\/?s={search_term_string}\"},\"query-input\":{\"@type\":\"PropertyValueSpecification\",\"valueRequired\":true,\"valueName\":\"search_term_string\"}}],\"inLanguage\":\"pt-BR\"},{\"@type\":\"Organization\",\"@id\":\"https:\\\/\\\/news.ecclesia.org.br\\\/#organization\",\"name\":\"Sacra Arquidiocese de Buenos Aires e Am\u00e9rica do Sul | Patriarcado Ecum\u00eanico\",\"alternateName\":\"News Ecclesia Brasil\",\"url\":\"https:\\\/\\\/news.ecclesia.org.br\\\/\",\"logo\":{\"@type\":\"ImageObject\",\"inLanguage\":\"pt-BR\",\"@id\":\"https:\\\/\\\/news.ecclesia.org.br\\\/#\\\/schema\\\/logo\\\/image\\\/\",\"url\":\"https:\\\/\\\/news.ecclesia.org.br\\\/wp-content\\\/uploads\\\/2025\\\/05\\\/ecclesia2.png\",\"contentUrl\":\"https:\\\/\\\/news.ecclesia.org.br\\\/wp-content\\\/uploads\\\/2025\\\/05\\\/ecclesia2.png\",\"width\":480,\"height\":120,\"caption\":\"Sacra Arquidiocese de Buenos Aires e Am\u00e9rica do Sul | Patriarcado Ecum\u00eanico\"},\"image\":{\"@id\":\"https:\\\/\\\/news.ecclesia.org.br\\\/#\\\/schema\\\/logo\\\/image\\\/\"},\"sameAs\":[\"https:\\\/\\\/www.facebook.com\\\/Ecclesia2025\",\"https:\\\/\\\/x.com\\\/EcclesiaNews\",\"https:\\\/\\\/br.pinterest.com\\\/ekklisia\\\/\",\"https:\\\/\\\/www.youtube.com\\\/@EcclesiaBrasil\"]},{\"@type\":\"Person\",\"@id\":\"https:\\\/\\\/news.ecclesia.org.br\\\/#\\\/schema\\\/person\\\/6f09597f025829745ba414a569f63758\",\"name\":\"Pe. Andr\u00e9\",\"image\":{\"@type\":\"ImageObject\",\"inLanguage\":\"pt-BR\",\"@id\":\"https:\\\/\\\/secure.gravatar.com\\\/avatar\\\/b4327cfa27e9799da239a26adcd534fc29cdc0c4a4a148eecbcfeb9b42c617ac?s=96&d=mm&r=g\",\"url\":\"https:\\\/\\\/secure.gravatar.com\\\/avatar\\\/b4327cfa27e9799da239a26adcd534fc29cdc0c4a4a148eecbcfeb9b42c617ac?s=96&d=mm&r=g\",\"contentUrl\":\"https:\\\/\\\/secure.gravatar.com\\\/avatar\\\/b4327cfa27e9799da239a26adcd534fc29cdc0c4a4a148eecbcfeb9b42c617ac?s=96&d=mm&r=g\",\"caption\":\"Pe. Andr\u00e9\"},\"sameAs\":[\"https:\\\/\\\/www.ecclesia.org.br\"]}]}<\/script>\n<!-- \/ Yoast SEO plugin. -->","yoast_head_json":{"title":"Consenso entre ortodoxos e cat\u00f3licos sobre sinodalidade e primado | ECCLESIA NEWS","robots":{"index":"index","follow":"follow","max-snippet":"max-snippet:-1","max-image-preview":"max-image-preview:large","max-video-preview":"max-video-preview:-1"},"canonical":"https:\/\/news.ecclesia.org.br\/?p=21831","og_locale":"pt_BR","og_type":"article","og_title":"Consenso entre ortodoxos e cat\u00f3licos sobre sinodalidade e primado | ECCLESIA NEWS","og_description":"A Comiss\u00e3o Mista Internacional para o di\u00e1logo Teol\u00f3gico entre a Igreja Cat\u00f3lica e a Igreja Ortodoxa, cuja plen\u00e1ria concluiu-se em Chieti esta quinta-feira (22\/09), chegou a um acordo sobre a ado\u00e7\u00e3o do documento intitulado \u201cRumo a uma comum compreens\u00e3o da&#8230;","og_url":"https:\/\/news.ecclesia.org.br\/?p=21831","og_site_name":"ECCLESIA NEWS","article_publisher":"https:\/\/www.facebook.com\/Ecclesia2025","article_published_time":"2016-09-22T23:45:41+00:00","article_modified_time":"2016-09-22T23:47:07+00:00","og_image":[{"width":800,"height":391,"url":"https:\/\/news.ecclesia.org.br\/wp-content\/uploads\/2016\/09\/plenaria2016-2.jpg","type":"image\/jpeg"}],"author":"Pe. Andr\u00e9","twitter_card":"summary_large_image","twitter_creator":"@EcclesiaNews","twitter_site":"@EcclesiaNews","twitter_misc":{"Escrito por":"Pe. Andr\u00e9","Est. tempo de leitura":"4 minutos"},"schema":{"@context":"https:\/\/schema.org","@graph":[{"@type":"Article","@id":"https:\/\/news.ecclesia.org.br\/?p=21831#article","isPartOf":{"@id":"https:\/\/news.ecclesia.org.br\/?p=21831"},"author":{"name":"Pe. Andr\u00e9","@id":"https:\/\/news.ecclesia.org.br\/#\/schema\/person\/6f09597f025829745ba414a569f63758"},"headline":"Consenso entre ortodoxos e cat\u00f3licos sobre sinodalidade e primado","datePublished":"2016-09-22T23:45:41+00:00","dateModified":"2016-09-22T23:47:07+00:00","mainEntityOfPage":{"@id":"https:\/\/news.ecclesia.org.br\/?p=21831"},"wordCount":721,"commentCount":1,"publisher":{"@id":"https:\/\/news.ecclesia.org.br\/#organization"},"image":{"@id":"https:\/\/news.ecclesia.org.br\/?p=21831#primaryimage"},"thumbnailUrl":"https:\/\/news.ecclesia.org.br\/wp-content\/uploads\/2016\/09\/plenaria2016-2.jpg","articleSection":["NEWS"],"inLanguage":"pt-BR","potentialAction":[{"@type":"CommentAction","name":"Comment","target":["https:\/\/news.ecclesia.org.br\/?p=21831#respond"]}]},{"@type":"WebPage","@id":"https:\/\/news.ecclesia.org.br\/?p=21831","url":"https:\/\/news.ecclesia.org.br\/?p=21831","name":"Consenso entre ortodoxos e cat\u00f3licos sobre sinodalidade e primado | ECCLESIA NEWS","isPartOf":{"@id":"https:\/\/news.ecclesia.org.br\/#website"},"primaryImageOfPage":{"@id":"https:\/\/news.ecclesia.org.br\/?p=21831#primaryimage"},"image":{"@id":"https:\/\/news.ecclesia.org.br\/?p=21831#primaryimage"},"thumbnailUrl":"https:\/\/news.ecclesia.org.br\/wp-content\/uploads\/2016\/09\/plenaria2016-2.jpg","datePublished":"2016-09-22T23:45:41+00:00","dateModified":"2016-09-22T23:47:07+00:00","breadcrumb":{"@id":"https:\/\/news.ecclesia.org.br\/?p=21831#breadcrumb"},"inLanguage":"pt-BR","potentialAction":[{"@type":"ReadAction","target":["https:\/\/news.ecclesia.org.br\/?p=21831"]}]},{"@type":"ImageObject","inLanguage":"pt-BR","@id":"https:\/\/news.ecclesia.org.br\/?p=21831#primaryimage","url":"https:\/\/news.ecclesia.org.br\/wp-content\/uploads\/2016\/09\/plenaria2016-2.jpg","contentUrl":"https:\/\/news.ecclesia.org.br\/wp-content\/uploads\/2016\/09\/plenaria2016-2.jpg","width":800,"height":391},{"@type":"BreadcrumbList","@id":"https:\/\/news.ecclesia.org.br\/?p=21831#breadcrumb","itemListElement":[{"@type":"ListItem","position":1,"name":"In\u00edcio","item":"https:\/\/news.ecclesia.org.br\/"},{"@type":"ListItem","position":2,"name":"Consenso entre ortodoxos e cat\u00f3licos sobre sinodalidade e primado"}]},{"@type":"WebSite","@id":"https:\/\/news.ecclesia.org.br\/#website","url":"https:\/\/news.ecclesia.org.br\/","name":"Ecclesia Brasil","description":"Desde 2003 onectando o Brasil ao mundo ortodoxo!","publisher":{"@id":"https:\/\/news.ecclesia.org.br\/#organization"},"alternateName":"Ecclesia","potentialAction":[{"@type":"SearchAction","target":{"@type":"EntryPoint","urlTemplate":"https:\/\/news.ecclesia.org.br\/?s={search_term_string}"},"query-input":{"@type":"PropertyValueSpecification","valueRequired":true,"valueName":"search_term_string"}}],"inLanguage":"pt-BR"},{"@type":"Organization","@id":"https:\/\/news.ecclesia.org.br\/#organization","name":"Sacra Arquidiocese de Buenos Aires e Am\u00e9rica do Sul | Patriarcado Ecum\u00eanico","alternateName":"News Ecclesia Brasil","url":"https:\/\/news.ecclesia.org.br\/","logo":{"@type":"ImageObject","inLanguage":"pt-BR","@id":"https:\/\/news.ecclesia.org.br\/#\/schema\/logo\/image\/","url":"https:\/\/news.ecclesia.org.br\/wp-content\/uploads\/2025\/05\/ecclesia2.png","contentUrl":"https:\/\/news.ecclesia.org.br\/wp-content\/uploads\/2025\/05\/ecclesia2.png","width":480,"height":120,"caption":"Sacra Arquidiocese de Buenos Aires e Am\u00e9rica do Sul | Patriarcado Ecum\u00eanico"},"image":{"@id":"https:\/\/news.ecclesia.org.br\/#\/schema\/logo\/image\/"},"sameAs":["https:\/\/www.facebook.com\/Ecclesia2025","https:\/\/x.com\/EcclesiaNews","https:\/\/br.pinterest.com\/ekklisia\/","https:\/\/www.youtube.com\/@EcclesiaBrasil"]},{"@type":"Person","@id":"https:\/\/news.ecclesia.org.br\/#\/schema\/person\/6f09597f025829745ba414a569f63758","name":"Pe. Andr\u00e9","image":{"@type":"ImageObject","inLanguage":"pt-BR","@id":"https:\/\/secure.gravatar.com\/avatar\/b4327cfa27e9799da239a26adcd534fc29cdc0c4a4a148eecbcfeb9b42c617ac?s=96&d=mm&r=g","url":"https:\/\/secure.gravatar.com\/avatar\/b4327cfa27e9799da239a26adcd534fc29cdc0c4a4a148eecbcfeb9b42c617ac?s=96&d=mm&r=g","contentUrl":"https:\/\/secure.gravatar.com\/avatar\/b4327cfa27e9799da239a26adcd534fc29cdc0c4a4a148eecbcfeb9b42c617ac?s=96&d=mm&r=g","caption":"Pe. Andr\u00e9"},"sameAs":["https:\/\/www.ecclesia.org.br"]}]}},"_links":{"self":[{"href":"https:\/\/news.ecclesia.org.br\/index.php?rest_route=\/wp\/v2\/posts\/21831","targetHints":{"allow":["GET"]}}],"collection":[{"href":"https:\/\/news.ecclesia.org.br\/index.php?rest_route=\/wp\/v2\/posts"}],"about":[{"href":"https:\/\/news.ecclesia.org.br\/index.php?rest_route=\/wp\/v2\/types\/post"}],"author":[{"embeddable":true,"href":"https:\/\/news.ecclesia.org.br\/index.php?rest_route=\/wp\/v2\/users\/1"}],"replies":[{"embeddable":true,"href":"https:\/\/news.ecclesia.org.br\/index.php?rest_route=%2Fwp%2Fv2%2Fcomments&post=21831"}],"version-history":[{"count":0,"href":"https:\/\/news.ecclesia.org.br\/index.php?rest_route=\/wp\/v2\/posts\/21831\/revisions"}],"wp:featuredmedia":[{"embeddable":true,"href":"https:\/\/news.ecclesia.org.br\/index.php?rest_route=\/wp\/v2\/media\/21832"}],"wp:attachment":[{"href":"https:\/\/news.ecclesia.org.br\/index.php?rest_route=%2Fwp%2Fv2%2Fmedia&parent=21831"}],"wp:term":[{"taxonomy":"category","embeddable":true,"href":"https:\/\/news.ecclesia.org.br\/index.php?rest_route=%2Fwp%2Fv2%2Fcategories&post=21831"},{"taxonomy":"post_tag","embeddable":true,"href":"https:\/\/news.ecclesia.org.br\/index.php?rest_route=%2Fwp%2Fv2%2Ftags&post=21831"}],"curies":[{"name":"wp","href":"https:\/\/api.w.org\/{rel}","templated":true}]}}