{"id":21821,"date":"2016-09-22T21:40:48","date_gmt":"2016-09-22T21:40:48","guid":{"rendered":"https:\/\/news.ecclesia.org.br\/2013\/?p=21821"},"modified":"2016-09-23T20:27:43","modified_gmt":"2016-09-23T20:27:43","slug":"chega-ao-seu-final-em-chieti-italia-a-14a-plenaria-da-comissao-mista-internacional-para-o-dialogo-teologico-entre-a-igreja-catolica-e-a-igreja-ortodoxa","status":"publish","type":"post","link":"https:\/\/news.ecclesia.org.br\/?p=21821","title":{"rendered":"Chega ao final, em Chieti, a 14\u00aa Plen\u00e1ria da Comiss\u00e3o Mista Internacional para o Di\u00e1logo Teol\u00f3gico Cat\u00f3lico-Ortodoxo"},"content":{"rendered":"<p style=\"text-align: justify;\">De 15 a 22 de setembro de 2016 realizou-se em Chieti (It\u00e1lia) a XIV plen\u00e1ria da Comiss\u00e3o Mista Internacional para o Di\u00e1logo Teol\u00f3gico entre a Igreja Cat\u00f3lica e a Igreja Ortodoxa. \u00c9 a terceira vez que a Comiss\u00e3o se re\u00fane na\u00a0It\u00e1lia, depois de Bari e Ravena.<\/p>\n<p style=\"text-align: justify;\">Esta sess\u00e3o foi co-presidida, do lado cat\u00f3lico, pelo cardeal Kurt Koch, presidente do Conselho Pontif\u00edcio para a Promo\u00e7\u00e3o da Unidade dos Crist\u00e3os\u00a0e, do\u00a0lado Ortodoxo, pelo Arcebispo Job (Getcha) de\u00a0Telmessos, representante do Patriarcado Ecum\u00eanico no Conselho Mundial de Igrejas e recentemente nomeado para esta fun\u00e7\u00e3o\u00a0em substitui\u00e7\u00e3o ao Metropolita Jo\u00e3o (Zizioulas) de P\u00e9rgamo, conhecido te\u00f3logo ortodoxo que renunciou por motivo de idade.<\/p>\n<p style=\"text-align: justify;\">A Comiss\u00e3o Mista Internacional para o Di\u00e1logo Teol\u00f3gico entre a Igreja Cat\u00f3lica e a Igreja Ortodoxa foi institu\u00edda por Jo\u00e3o Paulo II e o Patriarca Ecum\u00eanico Dimitrios I, por ocasi\u00e3o da visita do Papa ao\u00a0Fanar, em 30 de novembro de 1979.<\/p>\n<p style=\"text-align: justify;\">A primeira sess\u00e3o plan\u00e1ria da Comiss\u00e3o teve lugar em 1980 nas ilhas gregas de Patmos e Rodi. Desde ent\u00e3o a Comiss\u00e3o j\u00e1 publicou cinco documentos:<\/p>\n<ol>\n<li style=\"text-align: justify;\">\u201cO Mist\u00e9rio da Igreja e da Eucaristia \u00e0 luz do Mist\u00e9rio da Sant\u00edssima Trindade\u201d (Munique, Alemanha 1982);<\/li>\n<li style=\"text-align: justify;\">\u201cF\u00e9, Sacramento e Unidade da Igreja\u201d (Valamo, Finl\u00e2ndia 1988);<\/li>\n<li style=\"text-align: justify;\">\u201cO Uniatismo, M\u00e9todo de Uni\u00e3o do passado\u201d, \u201cA Investiga\u00e7\u00e3o atual da plena Comunh\u00e3o\u201d (Balaman, L\u00edbano, 1993);<\/li>\n<li style=\"text-align: justify;\">\u201cAs Consequ\u00eancias Eclesiol\u00f3gicas e Can\u00f4nicas da Natureza Sacramental da Igreja\u201d (Ravena, It\u00e1lia, 2007).<\/li>\n<\/ol>\n<p style=\"text-align: justify;\">A Comiss\u00e3o \u00e9 composta por dois representantes de cada um das catorze Igrejas Ortodoxas Locais e um igual n\u00famero de membros cat\u00f3licos. Como tem acontecido em sess\u00f5es plen\u00e1rias recentes, o Patriarcado da Bulg\u00e1ria n\u00e3o enviou seus representantes.<\/p>\n<p style=\"text-align: justify;\">Durante a sess\u00e3o plen\u00e1ria de Chieti, a Comiss\u00e3o estudou o documento, elaborado pelo Comit\u00ea de Coordena\u00e7\u00e3o que se reuniu em Roma em setembro passado.\u00a0A XIV sess\u00e3o tratou de discutir o documento de Ravena, delineando algumas caracter\u00edsticas compartilhadas por cat\u00f3licos e ortodoxos em\u00a0n\u00edvel universal.\u00a0Os dois co-presidentes ao final da Sess\u00e3o, agradeceram e elogiaram o \u00eaxito do encontro, transcorrido em clima de amig\u00e1vel \u00a0respeito fraterno.<\/p>\n<p style=\"text-align: justify;\">Fotos do evento:\u00a0<a href=\"http:\/\/www.amen.gr\/article\/eikones-apo-to-dialogo-orthodokson-kai-romaiokatholikon-sto-chieti\" target=\"_blank\">http:\/\/www.amen.gr\/article\/eikones-apo-to-dialogo-orthodokson-kai-romaiokatholikon-sto-chieti<\/a><\/p>\n","protected":false},"excerpt":{"rendered":"<p>De 15 a 22 de setembro de 2016 realizou-se em Chieti (It\u00e1lia) a XIV plen\u00e1ria da Comiss\u00e3o Mista Internacional para o Di\u00e1logo Teol\u00f3gico entre a Igreja Cat\u00f3lica e a Igreja Ortodoxa. \u00c9 a terceira vez que a Comiss\u00e3o se re\u00fane&#8230;<\/p>\n","protected":false},"author":1,"featured_media":21822,"comment_status":"open","ping_status":"open","sticky":false,"template":"","format":"standard","meta":{"_acf_changed":false,"footnotes":""},"categories":[1],"tags":[],"class_list":["post-21821","post","type-post","status-publish","format-standard","has-post-thumbnail","hentry","category-news","entry","rows-excerpt"],"acf":[],"yoast_head":"<!-- This site is optimized with the Yoast SEO plugin v27.5 - https:\/\/yoast.com\/product\/yoast-seo-wordpress\/ -->\n<title>Chega ao final, em Chieti, a 14\u00aa Plen\u00e1ria da Comiss\u00e3o Mista Internacional para o Di\u00e1logo Teol\u00f3gico Cat\u00f3lico-Ortodoxo | ECCLESIA NEWS<\/title>\n<meta name=\"robots\" content=\"index, follow, max-snippet:-1, max-image-preview:large, max-video-preview:-1\" \/>\n<link rel=\"canonical\" href=\"https:\/\/news.ecclesia.org.br\/?p=21821\" \/>\n<meta property=\"og:locale\" content=\"pt_BR\" \/>\n<meta property=\"og:type\" content=\"article\" \/>\n<meta property=\"og:title\" content=\"Chega ao final, em Chieti, a 14\u00aa Plen\u00e1ria da Comiss\u00e3o Mista Internacional para o Di\u00e1logo Teol\u00f3gico Cat\u00f3lico-Ortodoxo | ECCLESIA NEWS\" \/>\n<meta property=\"og:description\" content=\"De 15 a 22 de setembro de 2016 realizou-se em Chieti (It\u00e1lia) a XIV plen\u00e1ria da Comiss\u00e3o Mista Internacional para o Di\u00e1logo Teol\u00f3gico entre a Igreja Cat\u00f3lica e a Igreja Ortodoxa. \u00c9 a terceira vez que a Comiss\u00e3o se re\u00fane&#8230;\" \/>\n<meta property=\"og:url\" content=\"https:\/\/news.ecclesia.org.br\/?p=21821\" \/>\n<meta property=\"og:site_name\" content=\"ECCLESIA NEWS\" \/>\n<meta property=\"article:publisher\" content=\"https:\/\/www.facebook.com\/Ecclesia2025\" \/>\n<meta property=\"article:published_time\" content=\"2016-09-22T21:40:48+00:00\" \/>\n<meta property=\"article:modified_time\" content=\"2016-09-23T20:27:43+00:00\" \/>\n<meta property=\"og:image\" content=\"https:\/\/news.ecclesia.org.br\/wp-content\/uploads\/2016\/09\/plenaria2016.jpg\" \/>\n\t<meta property=\"og:image:width\" content=\"800\" \/>\n\t<meta property=\"og:image:height\" content=\"533\" \/>\n\t<meta property=\"og:image:type\" content=\"image\/jpeg\" \/>\n<meta name=\"author\" content=\"Pe. Andr\u00e9\" \/>\n<meta name=\"twitter:card\" content=\"summary_large_image\" \/>\n<meta name=\"twitter:creator\" content=\"@EcclesiaNews\" \/>\n<meta name=\"twitter:site\" content=\"@EcclesiaNews\" \/>\n<meta name=\"twitter:label1\" content=\"Escrito por\" \/>\n\t<meta name=\"twitter:data1\" content=\"Pe. Andr\u00e9\" \/>\n\t<meta name=\"twitter:label2\" content=\"Est. tempo de leitura\" \/>\n\t<meta name=\"twitter:data2\" content=\"2 minutos\" \/>\n<script type=\"application\/ld+json\" class=\"yoast-schema-graph\">{\"@context\":\"https:\\\/\\\/schema.org\",\"@graph\":[{\"@type\":\"Article\",\"@id\":\"https:\\\/\\\/news.ecclesia.org.br\\\/?p=21821#article\",\"isPartOf\":{\"@id\":\"https:\\\/\\\/news.ecclesia.org.br\\\/?p=21821\"},\"author\":{\"name\":\"Pe. Andr\u00e9\",\"@id\":\"https:\\\/\\\/news.ecclesia.org.br\\\/#\\\/schema\\\/person\\\/6f09597f025829745ba414a569f63758\"},\"headline\":\"Chega ao final, em Chieti, a 14\u00aa Plen\u00e1ria da Comiss\u00e3o Mista Internacional para o Di\u00e1logo Teol\u00f3gico Cat\u00f3lico-Ortodoxo\",\"datePublished\":\"2016-09-22T21:40:48+00:00\",\"dateModified\":\"2016-09-23T20:27:43+00:00\",\"mainEntityOfPage\":{\"@id\":\"https:\\\/\\\/news.ecclesia.org.br\\\/?p=21821\"},\"wordCount\":416,\"commentCount\":0,\"publisher\":{\"@id\":\"https:\\\/\\\/news.ecclesia.org.br\\\/#organization\"},\"image\":{\"@id\":\"https:\\\/\\\/news.ecclesia.org.br\\\/?p=21821#primaryimage\"},\"thumbnailUrl\":\"https:\\\/\\\/news.ecclesia.org.br\\\/wp-content\\\/uploads\\\/2016\\\/09\\\/plenaria2016.jpg\",\"articleSection\":[\"NEWS\"],\"inLanguage\":\"pt-BR\",\"potentialAction\":[{\"@type\":\"CommentAction\",\"name\":\"Comment\",\"target\":[\"https:\\\/\\\/news.ecclesia.org.br\\\/?p=21821#respond\"]}]},{\"@type\":\"WebPage\",\"@id\":\"https:\\\/\\\/news.ecclesia.org.br\\\/?p=21821\",\"url\":\"https:\\\/\\\/news.ecclesia.org.br\\\/?p=21821\",\"name\":\"Chega ao final, em Chieti, a 14\u00aa Plen\u00e1ria da Comiss\u00e3o Mista Internacional para o Di\u00e1logo Teol\u00f3gico Cat\u00f3lico-Ortodoxo | ECCLESIA NEWS\",\"isPartOf\":{\"@id\":\"https:\\\/\\\/news.ecclesia.org.br\\\/#website\"},\"primaryImageOfPage\":{\"@id\":\"https:\\\/\\\/news.ecclesia.org.br\\\/?p=21821#primaryimage\"},\"image\":{\"@id\":\"https:\\\/\\\/news.ecclesia.org.br\\\/?p=21821#primaryimage\"},\"thumbnailUrl\":\"https:\\\/\\\/news.ecclesia.org.br\\\/wp-content\\\/uploads\\\/2016\\\/09\\\/plenaria2016.jpg\",\"datePublished\":\"2016-09-22T21:40:48+00:00\",\"dateModified\":\"2016-09-23T20:27:43+00:00\",\"breadcrumb\":{\"@id\":\"https:\\\/\\\/news.ecclesia.org.br\\\/?p=21821#breadcrumb\"},\"inLanguage\":\"pt-BR\",\"potentialAction\":[{\"@type\":\"ReadAction\",\"target\":[\"https:\\\/\\\/news.ecclesia.org.br\\\/?p=21821\"]}]},{\"@type\":\"ImageObject\",\"inLanguage\":\"pt-BR\",\"@id\":\"https:\\\/\\\/news.ecclesia.org.br\\\/?p=21821#primaryimage\",\"url\":\"https:\\\/\\\/news.ecclesia.org.br\\\/wp-content\\\/uploads\\\/2016\\\/09\\\/plenaria2016.jpg\",\"contentUrl\":\"https:\\\/\\\/news.ecclesia.org.br\\\/wp-content\\\/uploads\\\/2016\\\/09\\\/plenaria2016.jpg\",\"width\":800,\"height\":533},{\"@type\":\"BreadcrumbList\",\"@id\":\"https:\\\/\\\/news.ecclesia.org.br\\\/?p=21821#breadcrumb\",\"itemListElement\":[{\"@type\":\"ListItem\",\"position\":1,\"name\":\"In\u00edcio\",\"item\":\"https:\\\/\\\/news.ecclesia.org.br\\\/\"},{\"@type\":\"ListItem\",\"position\":2,\"name\":\"Chega ao final, em Chieti, a 14\u00aa Plen\u00e1ria da Comiss\u00e3o Mista Internacional para o Di\u00e1logo Teol\u00f3gico Cat\u00f3lico-Ortodoxo\"}]},{\"@type\":\"WebSite\",\"@id\":\"https:\\\/\\\/news.ecclesia.org.br\\\/#website\",\"url\":\"https:\\\/\\\/news.ecclesia.org.br\\\/\",\"name\":\"Ecclesia Brasil\",\"description\":\"Desde 2003 onectando o Brasil ao mundo ortodoxo!\",\"publisher\":{\"@id\":\"https:\\\/\\\/news.ecclesia.org.br\\\/#organization\"},\"alternateName\":\"Ecclesia\",\"potentialAction\":[{\"@type\":\"SearchAction\",\"target\":{\"@type\":\"EntryPoint\",\"urlTemplate\":\"https:\\\/\\\/news.ecclesia.org.br\\\/?s={search_term_string}\"},\"query-input\":{\"@type\":\"PropertyValueSpecification\",\"valueRequired\":true,\"valueName\":\"search_term_string\"}}],\"inLanguage\":\"pt-BR\"},{\"@type\":\"Organization\",\"@id\":\"https:\\\/\\\/news.ecclesia.org.br\\\/#organization\",\"name\":\"Sacra Arquidiocese de Buenos Aires e Am\u00e9rica do Sul | Patriarcado Ecum\u00eanico\",\"alternateName\":\"News Ecclesia Brasil\",\"url\":\"https:\\\/\\\/news.ecclesia.org.br\\\/\",\"logo\":{\"@type\":\"ImageObject\",\"inLanguage\":\"pt-BR\",\"@id\":\"https:\\\/\\\/news.ecclesia.org.br\\\/#\\\/schema\\\/logo\\\/image\\\/\",\"url\":\"https:\\\/\\\/news.ecclesia.org.br\\\/wp-content\\\/uploads\\\/2025\\\/05\\\/ecclesia2.png\",\"contentUrl\":\"https:\\\/\\\/news.ecclesia.org.br\\\/wp-content\\\/uploads\\\/2025\\\/05\\\/ecclesia2.png\",\"width\":480,\"height\":120,\"caption\":\"Sacra Arquidiocese de Buenos Aires e Am\u00e9rica do Sul | Patriarcado Ecum\u00eanico\"},\"image\":{\"@id\":\"https:\\\/\\\/news.ecclesia.org.br\\\/#\\\/schema\\\/logo\\\/image\\\/\"},\"sameAs\":[\"https:\\\/\\\/www.facebook.com\\\/Ecclesia2025\",\"https:\\\/\\\/x.com\\\/EcclesiaNews\",\"https:\\\/\\\/br.pinterest.com\\\/ekklisia\\\/\",\"https:\\\/\\\/www.youtube.com\\\/@EcclesiaBrasil\"]},{\"@type\":\"Person\",\"@id\":\"https:\\\/\\\/news.ecclesia.org.br\\\/#\\\/schema\\\/person\\\/6f09597f025829745ba414a569f63758\",\"name\":\"Pe. Andr\u00e9\",\"image\":{\"@type\":\"ImageObject\",\"inLanguage\":\"pt-BR\",\"@id\":\"https:\\\/\\\/secure.gravatar.com\\\/avatar\\\/b4327cfa27e9799da239a26adcd534fc29cdc0c4a4a148eecbcfeb9b42c617ac?s=96&d=mm&r=g\",\"url\":\"https:\\\/\\\/secure.gravatar.com\\\/avatar\\\/b4327cfa27e9799da239a26adcd534fc29cdc0c4a4a148eecbcfeb9b42c617ac?s=96&d=mm&r=g\",\"contentUrl\":\"https:\\\/\\\/secure.gravatar.com\\\/avatar\\\/b4327cfa27e9799da239a26adcd534fc29cdc0c4a4a148eecbcfeb9b42c617ac?s=96&d=mm&r=g\",\"caption\":\"Pe. Andr\u00e9\"},\"sameAs\":[\"https:\\\/\\\/www.ecclesia.org.br\"]}]}<\/script>\n<!-- \/ Yoast SEO plugin. -->","yoast_head_json":{"title":"Chega ao final, em Chieti, a 14\u00aa Plen\u00e1ria da Comiss\u00e3o Mista Internacional para o Di\u00e1logo Teol\u00f3gico Cat\u00f3lico-Ortodoxo | ECCLESIA NEWS","robots":{"index":"index","follow":"follow","max-snippet":"max-snippet:-1","max-image-preview":"max-image-preview:large","max-video-preview":"max-video-preview:-1"},"canonical":"https:\/\/news.ecclesia.org.br\/?p=21821","og_locale":"pt_BR","og_type":"article","og_title":"Chega ao final, em Chieti, a 14\u00aa Plen\u00e1ria da Comiss\u00e3o Mista Internacional para o Di\u00e1logo Teol\u00f3gico Cat\u00f3lico-Ortodoxo | ECCLESIA NEWS","og_description":"De 15 a 22 de setembro de 2016 realizou-se em Chieti (It\u00e1lia) a XIV plen\u00e1ria da Comiss\u00e3o Mista Internacional para o Di\u00e1logo Teol\u00f3gico entre a Igreja Cat\u00f3lica e a Igreja Ortodoxa. \u00c9 a terceira vez que a Comiss\u00e3o se re\u00fane&#8230;","og_url":"https:\/\/news.ecclesia.org.br\/?p=21821","og_site_name":"ECCLESIA NEWS","article_publisher":"https:\/\/www.facebook.com\/Ecclesia2025","article_published_time":"2016-09-22T21:40:48+00:00","article_modified_time":"2016-09-23T20:27:43+00:00","og_image":[{"width":800,"height":533,"url":"https:\/\/news.ecclesia.org.br\/wp-content\/uploads\/2016\/09\/plenaria2016.jpg","type":"image\/jpeg"}],"author":"Pe. Andr\u00e9","twitter_card":"summary_large_image","twitter_creator":"@EcclesiaNews","twitter_site":"@EcclesiaNews","twitter_misc":{"Escrito por":"Pe. Andr\u00e9","Est. tempo de leitura":"2 minutos"},"schema":{"@context":"https:\/\/schema.org","@graph":[{"@type":"Article","@id":"https:\/\/news.ecclesia.org.br\/?p=21821#article","isPartOf":{"@id":"https:\/\/news.ecclesia.org.br\/?p=21821"},"author":{"name":"Pe. Andr\u00e9","@id":"https:\/\/news.ecclesia.org.br\/#\/schema\/person\/6f09597f025829745ba414a569f63758"},"headline":"Chega ao final, em Chieti, a 14\u00aa Plen\u00e1ria da Comiss\u00e3o Mista Internacional para o Di\u00e1logo Teol\u00f3gico Cat\u00f3lico-Ortodoxo","datePublished":"2016-09-22T21:40:48+00:00","dateModified":"2016-09-23T20:27:43+00:00","mainEntityOfPage":{"@id":"https:\/\/news.ecclesia.org.br\/?p=21821"},"wordCount":416,"commentCount":0,"publisher":{"@id":"https:\/\/news.ecclesia.org.br\/#organization"},"image":{"@id":"https:\/\/news.ecclesia.org.br\/?p=21821#primaryimage"},"thumbnailUrl":"https:\/\/news.ecclesia.org.br\/wp-content\/uploads\/2016\/09\/plenaria2016.jpg","articleSection":["NEWS"],"inLanguage":"pt-BR","potentialAction":[{"@type":"CommentAction","name":"Comment","target":["https:\/\/news.ecclesia.org.br\/?p=21821#respond"]}]},{"@type":"WebPage","@id":"https:\/\/news.ecclesia.org.br\/?p=21821","url":"https:\/\/news.ecclesia.org.br\/?p=21821","name":"Chega ao final, em Chieti, a 14\u00aa Plen\u00e1ria da Comiss\u00e3o Mista Internacional para o Di\u00e1logo Teol\u00f3gico Cat\u00f3lico-Ortodoxo | ECCLESIA NEWS","isPartOf":{"@id":"https:\/\/news.ecclesia.org.br\/#website"},"primaryImageOfPage":{"@id":"https:\/\/news.ecclesia.org.br\/?p=21821#primaryimage"},"image":{"@id":"https:\/\/news.ecclesia.org.br\/?p=21821#primaryimage"},"thumbnailUrl":"https:\/\/news.ecclesia.org.br\/wp-content\/uploads\/2016\/09\/plenaria2016.jpg","datePublished":"2016-09-22T21:40:48+00:00","dateModified":"2016-09-23T20:27:43+00:00","breadcrumb":{"@id":"https:\/\/news.ecclesia.org.br\/?p=21821#breadcrumb"},"inLanguage":"pt-BR","potentialAction":[{"@type":"ReadAction","target":["https:\/\/news.ecclesia.org.br\/?p=21821"]}]},{"@type":"ImageObject","inLanguage":"pt-BR","@id":"https:\/\/news.ecclesia.org.br\/?p=21821#primaryimage","url":"https:\/\/news.ecclesia.org.br\/wp-content\/uploads\/2016\/09\/plenaria2016.jpg","contentUrl":"https:\/\/news.ecclesia.org.br\/wp-content\/uploads\/2016\/09\/plenaria2016.jpg","width":800,"height":533},{"@type":"BreadcrumbList","@id":"https:\/\/news.ecclesia.org.br\/?p=21821#breadcrumb","itemListElement":[{"@type":"ListItem","position":1,"name":"In\u00edcio","item":"https:\/\/news.ecclesia.org.br\/"},{"@type":"ListItem","position":2,"name":"Chega ao final, em Chieti, a 14\u00aa Plen\u00e1ria da Comiss\u00e3o Mista Internacional para o Di\u00e1logo Teol\u00f3gico Cat\u00f3lico-Ortodoxo"}]},{"@type":"WebSite","@id":"https:\/\/news.ecclesia.org.br\/#website","url":"https:\/\/news.ecclesia.org.br\/","name":"Ecclesia Brasil","description":"Desde 2003 onectando o Brasil ao mundo ortodoxo!","publisher":{"@id":"https:\/\/news.ecclesia.org.br\/#organization"},"alternateName":"Ecclesia","potentialAction":[{"@type":"SearchAction","target":{"@type":"EntryPoint","urlTemplate":"https:\/\/news.ecclesia.org.br\/?s={search_term_string}"},"query-input":{"@type":"PropertyValueSpecification","valueRequired":true,"valueName":"search_term_string"}}],"inLanguage":"pt-BR"},{"@type":"Organization","@id":"https:\/\/news.ecclesia.org.br\/#organization","name":"Sacra Arquidiocese de Buenos Aires e Am\u00e9rica do Sul | Patriarcado Ecum\u00eanico","alternateName":"News Ecclesia Brasil","url":"https:\/\/news.ecclesia.org.br\/","logo":{"@type":"ImageObject","inLanguage":"pt-BR","@id":"https:\/\/news.ecclesia.org.br\/#\/schema\/logo\/image\/","url":"https:\/\/news.ecclesia.org.br\/wp-content\/uploads\/2025\/05\/ecclesia2.png","contentUrl":"https:\/\/news.ecclesia.org.br\/wp-content\/uploads\/2025\/05\/ecclesia2.png","width":480,"height":120,"caption":"Sacra Arquidiocese de Buenos Aires e Am\u00e9rica do Sul | Patriarcado Ecum\u00eanico"},"image":{"@id":"https:\/\/news.ecclesia.org.br\/#\/schema\/logo\/image\/"},"sameAs":["https:\/\/www.facebook.com\/Ecclesia2025","https:\/\/x.com\/EcclesiaNews","https:\/\/br.pinterest.com\/ekklisia\/","https:\/\/www.youtube.com\/@EcclesiaBrasil"]},{"@type":"Person","@id":"https:\/\/news.ecclesia.org.br\/#\/schema\/person\/6f09597f025829745ba414a569f63758","name":"Pe. Andr\u00e9","image":{"@type":"ImageObject","inLanguage":"pt-BR","@id":"https:\/\/secure.gravatar.com\/avatar\/b4327cfa27e9799da239a26adcd534fc29cdc0c4a4a148eecbcfeb9b42c617ac?s=96&d=mm&r=g","url":"https:\/\/secure.gravatar.com\/avatar\/b4327cfa27e9799da239a26adcd534fc29cdc0c4a4a148eecbcfeb9b42c617ac?s=96&d=mm&r=g","contentUrl":"https:\/\/secure.gravatar.com\/avatar\/b4327cfa27e9799da239a26adcd534fc29cdc0c4a4a148eecbcfeb9b42c617ac?s=96&d=mm&r=g","caption":"Pe. Andr\u00e9"},"sameAs":["https:\/\/www.ecclesia.org.br"]}]}},"_links":{"self":[{"href":"https:\/\/news.ecclesia.org.br\/index.php?rest_route=\/wp\/v2\/posts\/21821","targetHints":{"allow":["GET"]}}],"collection":[{"href":"https:\/\/news.ecclesia.org.br\/index.php?rest_route=\/wp\/v2\/posts"}],"about":[{"href":"https:\/\/news.ecclesia.org.br\/index.php?rest_route=\/wp\/v2\/types\/post"}],"author":[{"embeddable":true,"href":"https:\/\/news.ecclesia.org.br\/index.php?rest_route=\/wp\/v2\/users\/1"}],"replies":[{"embeddable":true,"href":"https:\/\/news.ecclesia.org.br\/index.php?rest_route=%2Fwp%2Fv2%2Fcomments&post=21821"}],"version-history":[{"count":0,"href":"https:\/\/news.ecclesia.org.br\/index.php?rest_route=\/wp\/v2\/posts\/21821\/revisions"}],"wp:featuredmedia":[{"embeddable":true,"href":"https:\/\/news.ecclesia.org.br\/index.php?rest_route=\/wp\/v2\/media\/21822"}],"wp:attachment":[{"href":"https:\/\/news.ecclesia.org.br\/index.php?rest_route=%2Fwp%2Fv2%2Fmedia&parent=21821"}],"wp:term":[{"taxonomy":"category","embeddable":true,"href":"https:\/\/news.ecclesia.org.br\/index.php?rest_route=%2Fwp%2Fv2%2Fcategories&post=21821"},{"taxonomy":"post_tag","embeddable":true,"href":"https:\/\/news.ecclesia.org.br\/index.php?rest_route=%2Fwp%2Fv2%2Ftags&post=21821"}],"curies":[{"name":"wp","href":"https:\/\/api.w.org\/{rel}","templated":true}]}}