{"id":21796,"date":"2016-09-15T17:22:31","date_gmt":"2016-09-15T17:22:31","guid":{"rendered":"https:\/\/news.ecclesia.org.br\/2013\/?p=21796"},"modified":"2016-09-15T17:22:45","modified_gmt":"2016-09-15T17:22:45","slug":"o-primado-na-pauta-da-plenaria-catolico-ortodoxa","status":"publish","type":"post","link":"https:\/\/news.ecclesia.org.br\/?p=21796","title":{"rendered":"O &#8220;Primado&#8221; na pauta da plen\u00e1ria cat\u00f3lico-ortodoxa"},"content":{"rendered":"<figure id=\"attachment_21797\" aria-describedby=\"caption-attachment-21797\" style=\"width: 300px\" class=\"wp-caption alignleft\"><a href=\"https:\/\/news.ecclesia.org.br\/2013\/wp-content\/uploads\/2016\/09\/AP3305374_Articolo.jpg\"><img fetchpriority=\"high\" decoding=\"async\" class=\"size-medium wp-image-21797\" src=\"https:\/\/news.ecclesia.org.br\/2013\/wp-content\/uploads\/2016\/09\/AP3305374_Articolo-300x212.jpg\" alt=\"Encontro em Cuba entre Kirill e Francisco ter\u00e1 influ\u00eancia positiva na XIV Plen\u00e1ria da Comiss\u00e3o Mista - AP\" width=\"300\" height=\"212\" srcset=\"https:\/\/news.ecclesia.org.br\/wp-content\/uploads\/2016\/09\/AP3305374_Articolo-300x212.jpg 300w, https:\/\/news.ecclesia.org.br\/wp-content\/uploads\/2016\/09\/AP3305374_Articolo-600x425.jpg 600w, https:\/\/news.ecclesia.org.br\/wp-content\/uploads\/2016\/09\/AP3305374_Articolo-78x55.jpg 78w, https:\/\/news.ecclesia.org.br\/wp-content\/uploads\/2016\/09\/AP3305374_Articolo.jpg 640w\" sizes=\"(max-width: 300px) 100vw, 300px\" \/><\/a><figcaption id=\"caption-attachment-21797\" class=\"wp-caption-text\">Encontro em Cuba entre Kirill e Francisco ter\u00e1 influ\u00eancia positiva na XIV Plen\u00e1ria da Comiss\u00e3o Mista &#8211; AP<\/figcaption><\/figure>\n<p style=\"text-align: justify;\">15\/09\/2016 &#8212;\u00a0Cidade do Vaticano (<a href=\"http:\/\/pt.radiovaticana.va\/\" target=\"_blank\">RV<\/a>) \u2013 Teve in\u00edcio nesta quinta-feira (15\/09), em Chieti, It\u00e1lia, a XIV Sess\u00e3o Plen\u00e1ria da Comiss\u00e3o mista internacional para o Di\u00e1logo Teol\u00f3gico entre a Igreja Cat\u00f3lica e a Igreja Ortodoxa.\u00a0O encontro \u00e9 presidido, pelo lado cat\u00f3lico, pelo Presidente do Pontif\u00edcio Conselho para a Promo\u00e7\u00e3o da Unidade dos Crist\u00e3os, Cardeal Kurt Koch, e pelo lado ortodoxo, pelo <strong>Representante do Patriarcado Ecum\u00eanico de Constantinopla junto ao Conselho Ecum\u00eanico das Igrejas, Arcebispo de Telmessos Job Gretcha<\/strong>.\u00a0O encontro pretende dar prosseguimento \u00e0 reflex\u00e3o iniciada pelo Documento de Ravena, delineando algumas caracter\u00edsticas compartilhadas por cat\u00f3licos e ortodoxos de um primado a n\u00edvel da Igreja universal que seja aceito por todos como um servi\u00e7o \u00e0 unidade. Trata-se de um tema que toca o cora\u00e7\u00e3o do contencioso hist\u00f3rico entre cat\u00f3licos e ortodoxos.\u00a0A R\u00e1dio Vaticano conversou com o Sub-Secret\u00e1rio do Pontif\u00edcio Conselho para a Promo\u00e7\u00e3o da Unidade dos Crist\u00e3os, Mons. Andrea Palmieri, sobre as expectativas para esta Plen\u00e1ria:<\/p>\n<blockquote>\n<p style=\"text-align: justify;\">\u201cA esperan\u00e7a \u00e9 a de alcan\u00e7ar um consenso suficiente para poder publicar um documento. Desde 2007, da Plen\u00e1ria realizada em Ravena, que a Comiss\u00e3o n\u00e3o consegue publicar um novo documento. Mas seria muito importante conseguir se chegar a tal consenso, pois ofereceria a possibilidade de enfrentar, mais tarde, novas quest\u00f5es. De fato, somente no quadro teol\u00f3gico e eclesiol\u00f3gico da rela\u00e7\u00e3o entre primado e sinodalidade \u00e9 poss\u00edvel tratar de outras quest\u00f5es ainda abertas no contencioso entre cat\u00f3licos e ortodoxos\u201d.<\/p>\n<\/blockquote>\n<p style=\"text-align: justify;\">RV: Esta Comiss\u00e3o encontra-se tr\u00eas meses ap\u00f3s o <strong>Grande Conc\u00edlio Pan-Ortodoxo realizado em Creta no m\u00eas de junho<\/strong>. O ecumenismo, as rela\u00e7\u00f5es com as outras Igrejas, era um dos temas que foram tratados e \u00e9 um assunto que causou algumas divis\u00f5es neste Conc\u00edlio. Que efeito ter\u00e3o os resultados neste Conc\u00edlio sobre o encontro?<\/p>\n<blockquote>\n<p style=\"text-align: justify;\">\u201cO Conc\u00edlio Pan-ortodoxo que realizou-se em Creta aprovou um documento sobre as rela\u00e7\u00f5es entre a Igreja Ortodoxa e o restante do mundo crist\u00e3o. Portanto, de fato, houve naquele encontro um consenso entre as Igrejas que participaram naquele Conc\u00edlio em rela\u00e7\u00e3o a este tema. E ent\u00e3o estamos confiantes de que aquele consenso alcan\u00e7ado naquele encontro poder\u00e1 ajudar tamb\u00e9m a alcan\u00e7ar um consenso sobre o tema que atualmente est\u00e1 em discuss\u00e3o no di\u00e1logo entre cat\u00f3licos e ortodoxos. O documento, \u00e9 um documento que seguramente abre novas perspectivas, um documento que atesta a vontade da Igreja Ortodoxa de continuar o di\u00e1logo teol\u00f3gico, n\u00e3o somente com a Igreja Cat\u00f3lica, mas tamb\u00e9m com as outras Igrejas e comunidades eclesiais. Deste ponto de vista \u00e9 seguramente um encorajamento tamb\u00e9m para o di\u00e1logo cat\u00f3lico-ortodoxo\u201d.<\/p>\n<\/blockquote>\n<p style=\"text-align: justify;\">RV: Este encontro tem lugar tamb\u00e9m alguns meses ap\u00f3s o <strong>hist\u00f3rico encontro entre o Papa Francisco e o Patriarca Kirill em Cuba<\/strong>. Um grande acontecimento nas rela\u00e7\u00f5es entre Roma e Moscou. Tamb\u00e9m isto, talvez, poder\u00e1 ter alguma repercuss\u00e3o sobre o vosso di\u00e1logo, nesta ocasi\u00e3o?<\/p>\n<blockquote>\n<p style=\"text-align: justify;\">\u201cCertamente, o encontro em Cuba ter\u00e1 uma influ\u00eancia positiva. Todas as ocasi\u00f5es de encontro, de di\u00e1logo e de troca entre os l\u00edderes das Igrejas oferecem o contexto e o clima para poder levar em frente o di\u00e1logo teol\u00f3gico. Mas n\u00f3s devemos recordar tamb\u00e9m outro <strong>hist\u00f3rico encontro que realizou-se durante este ano: o do Papa Francisco, o Patriarca Bartolomeu e o Arcebispo de Atenas e de toda a Gr\u00e9cia, Hieronimus, em Lesbos<\/strong>. O di\u00e1logo teol\u00f3gico, quando \u00e9 realmente tal e n\u00e3o simplesmente uma discuss\u00e3o acad\u00eamica, diz respeito ao cora\u00e7\u00e3o da vida da Igreja, N\u00e3o por acaso o tema da sinodalidade e do primado est\u00e3o no centro da aten\u00e7\u00e3o, quer da Igreja Cat\u00f3lica, quer da Igreja Ortodoxa;. Ambas as Igrejas se interrogam sobre como deve ser exercida a sinodalidade na rela\u00e7\u00e3o com o primado. E isto, n\u00e3o somente por um interesse intelectual, mas porque a rela\u00e7\u00e3o \u00e9 com a pr\u00f3pria miss\u00e3o da Igreja: basta ver como na Exorta\u00e7\u00e3o Apost\u00f3lica \u201cEvangelii Gaudium\u201d o Papa coloca precisamente as quest\u00f5es da reforma do Papado e a quest\u00e3o da sinodalidade, no documento em que se fala precisamente da nova evangeliza\u00e7\u00e3o. Discutir sobre estes temas significa tamb\u00e9m pensar juntos em uma Igreja reconciliada que possa estar a servi\u00e7o da miss\u00e3o da Igreja de levar o Evangelho a todos os homens, tamb\u00e9m os homens de hoje que, mesmo sendo batizados, n\u00e3o vivem plenamente a sua ades\u00e3o \u00e0 Igreja\u201d.<\/p>\n<p style=\"text-align: right;\">(JE\/PH)<\/p>\n<\/blockquote>\n","protected":false},"excerpt":{"rendered":"<p>15\/09\/2016 &#8212;\u00a0Cidade do Vaticano (RV) \u2013 Teve in\u00edcio nesta quinta-feira (15\/09), em Chieti, It\u00e1lia, a XIV Sess\u00e3o Plen\u00e1ria da Comiss\u00e3o mista internacional para o Di\u00e1logo Teol\u00f3gico entre a Igreja Cat\u00f3lica e a Igreja Ortodoxa.\u00a0O encontro \u00e9 presidido, pelo lado cat\u00f3lico,&#8230;<\/p>\n","protected":false},"author":1,"featured_media":0,"comment_status":"open","ping_status":"open","sticky":false,"template":"","format":"standard","meta":{"_acf_changed":false,"footnotes":""},"categories":[1],"tags":[],"class_list":["post-21796","post","type-post","status-publish","format-standard","hentry","category-news","entry","rows-excerpt"],"acf":[],"yoast_head":"<!-- This site is optimized with the Yoast SEO plugin v27.5 - https:\/\/yoast.com\/product\/yoast-seo-wordpress\/ -->\n<title>O &quot;Primado&quot; na pauta da plen\u00e1ria cat\u00f3lico-ortodoxa | ECCLESIA NEWS<\/title>\n<meta name=\"robots\" content=\"index, follow, max-snippet:-1, max-image-preview:large, max-video-preview:-1\" \/>\n<link rel=\"canonical\" href=\"https:\/\/news.ecclesia.org.br\/?p=21796\" \/>\n<meta property=\"og:locale\" content=\"pt_BR\" \/>\n<meta property=\"og:type\" content=\"article\" \/>\n<meta property=\"og:title\" content=\"O &quot;Primado&quot; na pauta da plen\u00e1ria cat\u00f3lico-ortodoxa | ECCLESIA NEWS\" \/>\n<meta property=\"og:description\" content=\"15\/09\/2016 &#8212;\u00a0Cidade do Vaticano (RV) \u2013 Teve in\u00edcio nesta quinta-feira (15\/09), em Chieti, It\u00e1lia, a XIV Sess\u00e3o Plen\u00e1ria da Comiss\u00e3o mista internacional para o Di\u00e1logo Teol\u00f3gico entre a Igreja Cat\u00f3lica e a Igreja Ortodoxa.\u00a0O encontro \u00e9 presidido, pelo lado cat\u00f3lico,&#8230;\" \/>\n<meta property=\"og:url\" content=\"https:\/\/news.ecclesia.org.br\/?p=21796\" \/>\n<meta property=\"og:site_name\" content=\"ECCLESIA NEWS\" \/>\n<meta property=\"article:publisher\" content=\"https:\/\/www.facebook.com\/Ecclesia2025\" \/>\n<meta property=\"article:published_time\" content=\"2016-09-15T17:22:31+00:00\" \/>\n<meta property=\"article:modified_time\" content=\"2016-09-15T17:22:45+00:00\" \/>\n<meta property=\"og:image\" content=\"https:\/\/news.ecclesia.org.br\/2013\/wp-content\/uploads\/2016\/09\/AP3305374_Articolo-300x212.jpg\" \/>\n<meta name=\"author\" content=\"Pe. Andr\u00e9\" \/>\n<meta name=\"twitter:card\" content=\"summary_large_image\" \/>\n<meta name=\"twitter:creator\" content=\"@EcclesiaNews\" \/>\n<meta name=\"twitter:site\" content=\"@EcclesiaNews\" \/>\n<meta name=\"twitter:label1\" content=\"Escrito por\" \/>\n\t<meta name=\"twitter:data1\" content=\"Pe. Andr\u00e9\" \/>\n\t<meta name=\"twitter:label2\" content=\"Est. tempo de leitura\" \/>\n\t<meta name=\"twitter:data2\" content=\"4 minutos\" \/>\n<script type=\"application\/ld+json\" class=\"yoast-schema-graph\">{\"@context\":\"https:\\\/\\\/schema.org\",\"@graph\":[{\"@type\":\"Article\",\"@id\":\"https:\\\/\\\/news.ecclesia.org.br\\\/?p=21796#article\",\"isPartOf\":{\"@id\":\"https:\\\/\\\/news.ecclesia.org.br\\\/?p=21796\"},\"author\":{\"name\":\"Pe. Andr\u00e9\",\"@id\":\"https:\\\/\\\/news.ecclesia.org.br\\\/#\\\/schema\\\/person\\\/6f09597f025829745ba414a569f63758\"},\"headline\":\"O &#8220;Primado&#8221; na pauta da plen\u00e1ria cat\u00f3lico-ortodoxa\",\"datePublished\":\"2016-09-15T17:22:31+00:00\",\"dateModified\":\"2016-09-15T17:22:45+00:00\",\"mainEntityOfPage\":{\"@id\":\"https:\\\/\\\/news.ecclesia.org.br\\\/?p=21796\"},\"wordCount\":828,\"commentCount\":0,\"publisher\":{\"@id\":\"https:\\\/\\\/news.ecclesia.org.br\\\/#organization\"},\"image\":{\"@id\":\"https:\\\/\\\/news.ecclesia.org.br\\\/?p=21796#primaryimage\"},\"thumbnailUrl\":\"https:\\\/\\\/news.ecclesia.org.br\\\/2013\\\/wp-content\\\/uploads\\\/2016\\\/09\\\/AP3305374_Articolo-300x212.jpg\",\"articleSection\":[\"NEWS\"],\"inLanguage\":\"pt-BR\",\"potentialAction\":[{\"@type\":\"CommentAction\",\"name\":\"Comment\",\"target\":[\"https:\\\/\\\/news.ecclesia.org.br\\\/?p=21796#respond\"]}]},{\"@type\":\"WebPage\",\"@id\":\"https:\\\/\\\/news.ecclesia.org.br\\\/?p=21796\",\"url\":\"https:\\\/\\\/news.ecclesia.org.br\\\/?p=21796\",\"name\":\"O \\\"Primado\\\" na pauta da plen\u00e1ria cat\u00f3lico-ortodoxa | ECCLESIA NEWS\",\"isPartOf\":{\"@id\":\"https:\\\/\\\/news.ecclesia.org.br\\\/#website\"},\"primaryImageOfPage\":{\"@id\":\"https:\\\/\\\/news.ecclesia.org.br\\\/?p=21796#primaryimage\"},\"image\":{\"@id\":\"https:\\\/\\\/news.ecclesia.org.br\\\/?p=21796#primaryimage\"},\"thumbnailUrl\":\"https:\\\/\\\/news.ecclesia.org.br\\\/2013\\\/wp-content\\\/uploads\\\/2016\\\/09\\\/AP3305374_Articolo-300x212.jpg\",\"datePublished\":\"2016-09-15T17:22:31+00:00\",\"dateModified\":\"2016-09-15T17:22:45+00:00\",\"breadcrumb\":{\"@id\":\"https:\\\/\\\/news.ecclesia.org.br\\\/?p=21796#breadcrumb\"},\"inLanguage\":\"pt-BR\",\"potentialAction\":[{\"@type\":\"ReadAction\",\"target\":[\"https:\\\/\\\/news.ecclesia.org.br\\\/?p=21796\"]}]},{\"@type\":\"ImageObject\",\"inLanguage\":\"pt-BR\",\"@id\":\"https:\\\/\\\/news.ecclesia.org.br\\\/?p=21796#primaryimage\",\"url\":\"https:\\\/\\\/news.ecclesia.org.br\\\/wp-content\\\/uploads\\\/2016\\\/09\\\/AP3305374_Articolo.jpg\",\"contentUrl\":\"https:\\\/\\\/news.ecclesia.org.br\\\/wp-content\\\/uploads\\\/2016\\\/09\\\/AP3305374_Articolo.jpg\",\"width\":640,\"height\":453,\"caption\":\"Encontro em Cuba entre Kirill e Francisco ter\u00e1 influ\u00eancia positiva na XIV Plen\u00e1ria da Comiss\u00e3o Mista - AP\"},{\"@type\":\"BreadcrumbList\",\"@id\":\"https:\\\/\\\/news.ecclesia.org.br\\\/?p=21796#breadcrumb\",\"itemListElement\":[{\"@type\":\"ListItem\",\"position\":1,\"name\":\"In\u00edcio\",\"item\":\"https:\\\/\\\/news.ecclesia.org.br\\\/\"},{\"@type\":\"ListItem\",\"position\":2,\"name\":\"O &#8220;Primado&#8221; na pauta da plen\u00e1ria cat\u00f3lico-ortodoxa\"}]},{\"@type\":\"WebSite\",\"@id\":\"https:\\\/\\\/news.ecclesia.org.br\\\/#website\",\"url\":\"https:\\\/\\\/news.ecclesia.org.br\\\/\",\"name\":\"Ecclesia Brasil\",\"description\":\"Desde 2003 onectando o Brasil ao mundo ortodoxo!\",\"publisher\":{\"@id\":\"https:\\\/\\\/news.ecclesia.org.br\\\/#organization\"},\"alternateName\":\"Ecclesia\",\"potentialAction\":[{\"@type\":\"SearchAction\",\"target\":{\"@type\":\"EntryPoint\",\"urlTemplate\":\"https:\\\/\\\/news.ecclesia.org.br\\\/?s={search_term_string}\"},\"query-input\":{\"@type\":\"PropertyValueSpecification\",\"valueRequired\":true,\"valueName\":\"search_term_string\"}}],\"inLanguage\":\"pt-BR\"},{\"@type\":\"Organization\",\"@id\":\"https:\\\/\\\/news.ecclesia.org.br\\\/#organization\",\"name\":\"Sacra Arquidiocese de Buenos Aires e Am\u00e9rica do Sul | Patriarcado Ecum\u00eanico\",\"alternateName\":\"News Ecclesia Brasil\",\"url\":\"https:\\\/\\\/news.ecclesia.org.br\\\/\",\"logo\":{\"@type\":\"ImageObject\",\"inLanguage\":\"pt-BR\",\"@id\":\"https:\\\/\\\/news.ecclesia.org.br\\\/#\\\/schema\\\/logo\\\/image\\\/\",\"url\":\"https:\\\/\\\/news.ecclesia.org.br\\\/wp-content\\\/uploads\\\/2025\\\/05\\\/ecclesia2.png\",\"contentUrl\":\"https:\\\/\\\/news.ecclesia.org.br\\\/wp-content\\\/uploads\\\/2025\\\/05\\\/ecclesia2.png\",\"width\":480,\"height\":120,\"caption\":\"Sacra Arquidiocese de Buenos Aires e Am\u00e9rica do Sul | Patriarcado Ecum\u00eanico\"},\"image\":{\"@id\":\"https:\\\/\\\/news.ecclesia.org.br\\\/#\\\/schema\\\/logo\\\/image\\\/\"},\"sameAs\":[\"https:\\\/\\\/www.facebook.com\\\/Ecclesia2025\",\"https:\\\/\\\/x.com\\\/EcclesiaNews\",\"https:\\\/\\\/br.pinterest.com\\\/ekklisia\\\/\",\"https:\\\/\\\/www.youtube.com\\\/@EcclesiaBrasil\"]},{\"@type\":\"Person\",\"@id\":\"https:\\\/\\\/news.ecclesia.org.br\\\/#\\\/schema\\\/person\\\/6f09597f025829745ba414a569f63758\",\"name\":\"Pe. Andr\u00e9\",\"image\":{\"@type\":\"ImageObject\",\"inLanguage\":\"pt-BR\",\"@id\":\"https:\\\/\\\/secure.gravatar.com\\\/avatar\\\/b4327cfa27e9799da239a26adcd534fc29cdc0c4a4a148eecbcfeb9b42c617ac?s=96&d=mm&r=g\",\"url\":\"https:\\\/\\\/secure.gravatar.com\\\/avatar\\\/b4327cfa27e9799da239a26adcd534fc29cdc0c4a4a148eecbcfeb9b42c617ac?s=96&d=mm&r=g\",\"contentUrl\":\"https:\\\/\\\/secure.gravatar.com\\\/avatar\\\/b4327cfa27e9799da239a26adcd534fc29cdc0c4a4a148eecbcfeb9b42c617ac?s=96&d=mm&r=g\",\"caption\":\"Pe. Andr\u00e9\"},\"sameAs\":[\"https:\\\/\\\/www.ecclesia.org.br\"]}]}<\/script>\n<!-- \/ Yoast SEO plugin. -->","yoast_head_json":{"title":"O \"Primado\" na pauta da plen\u00e1ria cat\u00f3lico-ortodoxa | ECCLESIA NEWS","robots":{"index":"index","follow":"follow","max-snippet":"max-snippet:-1","max-image-preview":"max-image-preview:large","max-video-preview":"max-video-preview:-1"},"canonical":"https:\/\/news.ecclesia.org.br\/?p=21796","og_locale":"pt_BR","og_type":"article","og_title":"O \"Primado\" na pauta da plen\u00e1ria cat\u00f3lico-ortodoxa | ECCLESIA NEWS","og_description":"15\/09\/2016 &#8212;\u00a0Cidade do Vaticano (RV) \u2013 Teve in\u00edcio nesta quinta-feira (15\/09), em Chieti, It\u00e1lia, a XIV Sess\u00e3o Plen\u00e1ria da Comiss\u00e3o mista internacional para o Di\u00e1logo Teol\u00f3gico entre a Igreja Cat\u00f3lica e a Igreja Ortodoxa.\u00a0O encontro \u00e9 presidido, pelo lado cat\u00f3lico,&#8230;","og_url":"https:\/\/news.ecclesia.org.br\/?p=21796","og_site_name":"ECCLESIA NEWS","article_publisher":"https:\/\/www.facebook.com\/Ecclesia2025","article_published_time":"2016-09-15T17:22:31+00:00","article_modified_time":"2016-09-15T17:22:45+00:00","og_image":[{"url":"https:\/\/news.ecclesia.org.br\/2013\/wp-content\/uploads\/2016\/09\/AP3305374_Articolo-300x212.jpg","type":"","width":"","height":""}],"author":"Pe. Andr\u00e9","twitter_card":"summary_large_image","twitter_creator":"@EcclesiaNews","twitter_site":"@EcclesiaNews","twitter_misc":{"Escrito por":"Pe. Andr\u00e9","Est. tempo de leitura":"4 minutos"},"schema":{"@context":"https:\/\/schema.org","@graph":[{"@type":"Article","@id":"https:\/\/news.ecclesia.org.br\/?p=21796#article","isPartOf":{"@id":"https:\/\/news.ecclesia.org.br\/?p=21796"},"author":{"name":"Pe. Andr\u00e9","@id":"https:\/\/news.ecclesia.org.br\/#\/schema\/person\/6f09597f025829745ba414a569f63758"},"headline":"O &#8220;Primado&#8221; na pauta da plen\u00e1ria cat\u00f3lico-ortodoxa","datePublished":"2016-09-15T17:22:31+00:00","dateModified":"2016-09-15T17:22:45+00:00","mainEntityOfPage":{"@id":"https:\/\/news.ecclesia.org.br\/?p=21796"},"wordCount":828,"commentCount":0,"publisher":{"@id":"https:\/\/news.ecclesia.org.br\/#organization"},"image":{"@id":"https:\/\/news.ecclesia.org.br\/?p=21796#primaryimage"},"thumbnailUrl":"https:\/\/news.ecclesia.org.br\/2013\/wp-content\/uploads\/2016\/09\/AP3305374_Articolo-300x212.jpg","articleSection":["NEWS"],"inLanguage":"pt-BR","potentialAction":[{"@type":"CommentAction","name":"Comment","target":["https:\/\/news.ecclesia.org.br\/?p=21796#respond"]}]},{"@type":"WebPage","@id":"https:\/\/news.ecclesia.org.br\/?p=21796","url":"https:\/\/news.ecclesia.org.br\/?p=21796","name":"O \"Primado\" na pauta da plen\u00e1ria cat\u00f3lico-ortodoxa | ECCLESIA NEWS","isPartOf":{"@id":"https:\/\/news.ecclesia.org.br\/#website"},"primaryImageOfPage":{"@id":"https:\/\/news.ecclesia.org.br\/?p=21796#primaryimage"},"image":{"@id":"https:\/\/news.ecclesia.org.br\/?p=21796#primaryimage"},"thumbnailUrl":"https:\/\/news.ecclesia.org.br\/2013\/wp-content\/uploads\/2016\/09\/AP3305374_Articolo-300x212.jpg","datePublished":"2016-09-15T17:22:31+00:00","dateModified":"2016-09-15T17:22:45+00:00","breadcrumb":{"@id":"https:\/\/news.ecclesia.org.br\/?p=21796#breadcrumb"},"inLanguage":"pt-BR","potentialAction":[{"@type":"ReadAction","target":["https:\/\/news.ecclesia.org.br\/?p=21796"]}]},{"@type":"ImageObject","inLanguage":"pt-BR","@id":"https:\/\/news.ecclesia.org.br\/?p=21796#primaryimage","url":"https:\/\/news.ecclesia.org.br\/wp-content\/uploads\/2016\/09\/AP3305374_Articolo.jpg","contentUrl":"https:\/\/news.ecclesia.org.br\/wp-content\/uploads\/2016\/09\/AP3305374_Articolo.jpg","width":640,"height":453,"caption":"Encontro em Cuba entre Kirill e Francisco ter\u00e1 influ\u00eancia positiva na XIV Plen\u00e1ria da Comiss\u00e3o Mista - AP"},{"@type":"BreadcrumbList","@id":"https:\/\/news.ecclesia.org.br\/?p=21796#breadcrumb","itemListElement":[{"@type":"ListItem","position":1,"name":"In\u00edcio","item":"https:\/\/news.ecclesia.org.br\/"},{"@type":"ListItem","position":2,"name":"O &#8220;Primado&#8221; na pauta da plen\u00e1ria cat\u00f3lico-ortodoxa"}]},{"@type":"WebSite","@id":"https:\/\/news.ecclesia.org.br\/#website","url":"https:\/\/news.ecclesia.org.br\/","name":"Ecclesia Brasil","description":"Desde 2003 onectando o Brasil ao mundo ortodoxo!","publisher":{"@id":"https:\/\/news.ecclesia.org.br\/#organization"},"alternateName":"Ecclesia","potentialAction":[{"@type":"SearchAction","target":{"@type":"EntryPoint","urlTemplate":"https:\/\/news.ecclesia.org.br\/?s={search_term_string}"},"query-input":{"@type":"PropertyValueSpecification","valueRequired":true,"valueName":"search_term_string"}}],"inLanguage":"pt-BR"},{"@type":"Organization","@id":"https:\/\/news.ecclesia.org.br\/#organization","name":"Sacra Arquidiocese de Buenos Aires e Am\u00e9rica do Sul | Patriarcado Ecum\u00eanico","alternateName":"News Ecclesia Brasil","url":"https:\/\/news.ecclesia.org.br\/","logo":{"@type":"ImageObject","inLanguage":"pt-BR","@id":"https:\/\/news.ecclesia.org.br\/#\/schema\/logo\/image\/","url":"https:\/\/news.ecclesia.org.br\/wp-content\/uploads\/2025\/05\/ecclesia2.png","contentUrl":"https:\/\/news.ecclesia.org.br\/wp-content\/uploads\/2025\/05\/ecclesia2.png","width":480,"height":120,"caption":"Sacra Arquidiocese de Buenos Aires e Am\u00e9rica do Sul | Patriarcado Ecum\u00eanico"},"image":{"@id":"https:\/\/news.ecclesia.org.br\/#\/schema\/logo\/image\/"},"sameAs":["https:\/\/www.facebook.com\/Ecclesia2025","https:\/\/x.com\/EcclesiaNews","https:\/\/br.pinterest.com\/ekklisia\/","https:\/\/www.youtube.com\/@EcclesiaBrasil"]},{"@type":"Person","@id":"https:\/\/news.ecclesia.org.br\/#\/schema\/person\/6f09597f025829745ba414a569f63758","name":"Pe. Andr\u00e9","image":{"@type":"ImageObject","inLanguage":"pt-BR","@id":"https:\/\/secure.gravatar.com\/avatar\/b4327cfa27e9799da239a26adcd534fc29cdc0c4a4a148eecbcfeb9b42c617ac?s=96&d=mm&r=g","url":"https:\/\/secure.gravatar.com\/avatar\/b4327cfa27e9799da239a26adcd534fc29cdc0c4a4a148eecbcfeb9b42c617ac?s=96&d=mm&r=g","contentUrl":"https:\/\/secure.gravatar.com\/avatar\/b4327cfa27e9799da239a26adcd534fc29cdc0c4a4a148eecbcfeb9b42c617ac?s=96&d=mm&r=g","caption":"Pe. Andr\u00e9"},"sameAs":["https:\/\/www.ecclesia.org.br"]}]}},"_links":{"self":[{"href":"https:\/\/news.ecclesia.org.br\/index.php?rest_route=\/wp\/v2\/posts\/21796","targetHints":{"allow":["GET"]}}],"collection":[{"href":"https:\/\/news.ecclesia.org.br\/index.php?rest_route=\/wp\/v2\/posts"}],"about":[{"href":"https:\/\/news.ecclesia.org.br\/index.php?rest_route=\/wp\/v2\/types\/post"}],"author":[{"embeddable":true,"href":"https:\/\/news.ecclesia.org.br\/index.php?rest_route=\/wp\/v2\/users\/1"}],"replies":[{"embeddable":true,"href":"https:\/\/news.ecclesia.org.br\/index.php?rest_route=%2Fwp%2Fv2%2Fcomments&post=21796"}],"version-history":[{"count":0,"href":"https:\/\/news.ecclesia.org.br\/index.php?rest_route=\/wp\/v2\/posts\/21796\/revisions"}],"wp:attachment":[{"href":"https:\/\/news.ecclesia.org.br\/index.php?rest_route=%2Fwp%2Fv2%2Fmedia&parent=21796"}],"wp:term":[{"taxonomy":"category","embeddable":true,"href":"https:\/\/news.ecclesia.org.br\/index.php?rest_route=%2Fwp%2Fv2%2Fcategories&post=21796"},{"taxonomy":"post_tag","embeddable":true,"href":"https:\/\/news.ecclesia.org.br\/index.php?rest_route=%2Fwp%2Fv2%2Ftags&post=21796"}],"curies":[{"name":"wp","href":"https:\/\/api.w.org\/{rel}","templated":true}]}}