{"id":21781,"date":"2016-09-15T00:57:58","date_gmt":"2016-09-15T00:57:58","guid":{"rendered":"https:\/\/news.ecclesia.org.br\/2013\/?p=21781"},"modified":"2016-09-15T01:00:53","modified_gmt":"2016-09-15T01:00:53","slug":"catolicos-e-ortodoxos-continuam-o-dialogo-teologico","status":"publish","type":"post","link":"https:\/\/news.ecclesia.org.br\/?p=21781","title":{"rendered":"Cat\u00f3licos e Ortodoxos continuam o di\u00e1logo teol\u00f3gico"},"content":{"rendered":"<figure id=\"attachment_21785\" aria-describedby=\"caption-attachment-21785\" style=\"width: 225px\" class=\"wp-caption alignleft\"><a href=\"https:\/\/news.ecclesia.org.br\/2013\/wp-content\/uploads\/2016\/09\/bruno-forte.jpg\"><img fetchpriority=\"high\" decoding=\"async\" class=\"wp-image-21785 size-medium\" src=\"https:\/\/news.ecclesia.org.br\/2013\/wp-content\/uploads\/2016\/09\/bruno-forte-225x300.jpg\" alt=\"bruno-forte\" width=\"225\" height=\"300\" srcset=\"https:\/\/news.ecclesia.org.br\/wp-content\/uploads\/2016\/09\/bruno-forte-225x300.jpg 225w, https:\/\/news.ecclesia.org.br\/wp-content\/uploads\/2016\/09\/bruno-forte-41x55.jpg 41w, https:\/\/news.ecclesia.org.br\/wp-content\/uploads\/2016\/09\/bruno-forte.jpg 360w\" sizes=\"(max-width: 225px) 100vw, 225px\" \/><\/a><figcaption id=\"caption-attachment-21785\" class=\"wp-caption-text\">D. Bruno Forte, arcebispo de Chieti-Vasto, membro da Comiss\u00e3o Mista Cat\u00f3lica-Ortodoxa para o Dialogo Teol\u00f3gico<\/figcaption><\/figure>\n<p style=\"text-align: justify;\">14\/09\/2016 (<a href=\"http:\/\/pt.radiovaticana.va\/news\/2016\/09\/14\/cat%C3%B3licos_e_ortodoxos_continuam_o_di%C3%A1logo_teol%C3%B3gico_\/1258100\" target=\"_blank\">RV<\/a>) &#8212; Tem in\u00edcio nesta\u00a0quinta-feira, 15 \u00a0e se prolonga at\u00e9 dia 22 deste m\u00eas de setembro, em Chieti, na It\u00e1lia centro-oriental, a XIV sess\u00e3o plen\u00e1ria da Comiss\u00e3o Mista Internacional para o Di\u00e1logo Teol\u00f3gico entre a Igreja Ortodoxa e a Igreja Cat\u00f3lica. A reuni\u00e3o ser\u00e1 \u00e0 porta fechada, mas prev\u00ea-se um encontro em que a imprensa poder\u00e1 estar presente.\u00a0Os trabalhos ser\u00e3o presididos pelo Cardeal Kurt Koch, Presidente do Conselho Pontif\u00edcio para a Promo\u00e7\u00e3o da Unidade dos Crist\u00e3os e por Mons. Job Getcha, arcebispo de Telmessos, representante do Patriarcado Ecum\u00eanico de Constantinopla junto ao Conselho Ecum\u00eanico das Igrejas.\u00a0D. Bruno Forte, Arcebispo de Chieti-Vasto, far\u00e1 uma sauda\u00e7\u00e3o aos membros da comiss\u00e3o.\u00a0A Comiss\u00e3o Mista Internacional para o Di\u00e1logo Teol\u00f3gico entre a Igreja cat\u00f3lica e a Igreja ortodoxa foi institu\u00edda pelo Papa Jo\u00e3o Paulo II e pelo Patriarca Ecum\u00eanico Dimitrios I por ocasi\u00e3o da visita do Papa Wojtyla ao Phanar, na Turquia, a 30 de novembro de 1979.\u00a0A primeira sess\u00e3o plen\u00e1ria da Comiss\u00e3o teve lugar em 1980, nas ilhas gregas de Patmos e Rodes. Desde ent\u00e3o, a Comiss\u00e3o j\u00e1 publicou cinco documentos: \u201cO Mist\u00e9rio da Igreja e da Eucaristia \u00e0 luz do Mist\u00e9rio da Sant\u00edssima Trindade\u201d (Munique, Alemanha 1982); \u201cF\u00e9, Sacramento e Unidade da Igreja\u201d (Valamo, Finl\u00e2ndia 1988), \u201cO Uniatismo, M\u00e9todo de Uni\u00e3o do passado\u201d, \u201cA Investiga\u00e7\u00e3o atual da plena Comunh\u00e3o\u201d (Balaman, L\u00edbano, 1993), e \u201cAs Consequ\u00eancias Eclesiol\u00f3gicas e Can\u00f4nicas da Natureza Sacramental da Igreja\u201d (Ravena, It\u00e1lia, 2007).\u00a0A convite do Arcebispo de Chieti, Bruno Forte, que \u00e9 membro da Comiss\u00e3o, tem agora lugar de 15 a 22 deste m\u00eas a 14\u00aa sess\u00e3o plen\u00e1ria naquela cidade da regi\u00e3o italiana dos Abruzos. Esta \u00e9 a terceira vez que a Comiss\u00e3o se re\u00fane na It\u00e1lia. As duas primeiras foram em Bari e Ravena.\u00a0A Comiss\u00e3o \u00e9 composta por dois representantes de cada uma das 14 Igrejas ortodoxas autoc\u00e9falas e por um igual n\u00famero de cat\u00f3licos. Tal como aconteceu nas \u00faltimas sess\u00f5es plen\u00e1rias, o Patriarcado da Bulg\u00e1ria n\u00e3o enviou nenhum representante.\u00a0Durante a sess\u00e3o plen\u00e1ria de Chieti, a Comiss\u00e3o analisar\u00e1 um esbo\u00e7o de documento, redigido pelo Comit\u00e9 de Coordena\u00e7\u00e3o da Comiss\u00e3o que se reuniu em Roma. O documento pretende dar continuidade \u00e0 reflex\u00e3o j\u00e1 iniciada no documento de Ravena, delineando algumas caracter\u00edsticas partilhadas entre cat\u00f3licos e ortodoxos acerca de um primado a n\u00edvel da Igreja universal que seja aceite por todos como um servi\u00e7o de unidade da Igreja. Trata-se de um tema que toca o cora\u00e7\u00e3o do hist\u00f3rico contencioso entre cat\u00f3licos e ortodoxos.\u00a0(DA)<\/p>\n","protected":false},"excerpt":{"rendered":"<p>14\/09\/2016 (RV) &#8212; Tem in\u00edcio nesta\u00a0quinta-feira, 15 \u00a0e se prolonga at\u00e9 dia 22 deste m\u00eas de setembro, em Chieti, na It\u00e1lia centro-oriental, a XIV sess\u00e3o plen\u00e1ria da Comiss\u00e3o Mista Internacional para o Di\u00e1logo Teol\u00f3gico entre a Igreja Ortodoxa e a&#8230;<\/p>\n","protected":false},"author":1,"featured_media":7417,"comment_status":"open","ping_status":"open","sticky":false,"template":"","format":"standard","meta":{"_acf_changed":false,"footnotes":""},"categories":[3],"tags":[],"class_list":["post-21781","post","type-post","status-publish","format-standard","has-post-thumbnail","hentry","category-mundo","entry","rows-excerpt"],"acf":[],"yoast_head":"<!-- This site is optimized with the Yoast SEO plugin v27.5 - https:\/\/yoast.com\/product\/yoast-seo-wordpress\/ -->\n<title>Cat\u00f3licos e Ortodoxos continuam o di\u00e1logo teol\u00f3gico | ECCLESIA NEWS<\/title>\n<meta name=\"robots\" content=\"index, follow, max-snippet:-1, max-image-preview:large, max-video-preview:-1\" \/>\n<link rel=\"canonical\" href=\"https:\/\/news.ecclesia.org.br\/?p=21781\" \/>\n<meta property=\"og:locale\" content=\"pt_BR\" \/>\n<meta property=\"og:type\" content=\"article\" \/>\n<meta property=\"og:title\" content=\"Cat\u00f3licos e Ortodoxos continuam o di\u00e1logo teol\u00f3gico | ECCLESIA NEWS\" \/>\n<meta property=\"og:description\" content=\"14\/09\/2016 (RV) &#8212; Tem in\u00edcio nesta\u00a0quinta-feira, 15 \u00a0e se prolonga at\u00e9 dia 22 deste m\u00eas de setembro, em Chieti, na It\u00e1lia centro-oriental, a XIV sess\u00e3o plen\u00e1ria da Comiss\u00e3o Mista Internacional para o Di\u00e1logo Teol\u00f3gico entre a Igreja Ortodoxa e a&#8230;\" \/>\n<meta property=\"og:url\" content=\"https:\/\/news.ecclesia.org.br\/?p=21781\" \/>\n<meta property=\"og:site_name\" content=\"ECCLESIA NEWS\" \/>\n<meta property=\"article:publisher\" content=\"https:\/\/www.facebook.com\/Ecclesia2025\" \/>\n<meta property=\"article:published_time\" content=\"2016-09-15T00:57:58+00:00\" \/>\n<meta property=\"article:modified_time\" content=\"2016-09-15T01:00:53+00:00\" \/>\n<meta property=\"og:image\" content=\"https:\/\/news.ecclesia.org.br\/wp-content\/uploads\/2014\/11\/bartolomeu-francisco-1.jpg\" \/>\n\t<meta property=\"og:image:width\" content=\"1202\" \/>\n\t<meta property=\"og:image:height\" content=\"800\" \/>\n\t<meta property=\"og:image:type\" content=\"image\/jpeg\" \/>\n<meta name=\"author\" content=\"Pe. Andr\u00e9\" \/>\n<meta name=\"twitter:card\" content=\"summary_large_image\" \/>\n<meta name=\"twitter:creator\" content=\"@EcclesiaNews\" \/>\n<meta name=\"twitter:site\" content=\"@EcclesiaNews\" \/>\n<meta name=\"twitter:label1\" content=\"Escrito por\" \/>\n\t<meta name=\"twitter:data1\" content=\"Pe. Andr\u00e9\" \/>\n\t<meta name=\"twitter:label2\" content=\"Est. tempo de leitura\" \/>\n\t<meta name=\"twitter:data2\" content=\"2 minutos\" \/>\n<script type=\"application\/ld+json\" class=\"yoast-schema-graph\">{\"@context\":\"https:\\\/\\\/schema.org\",\"@graph\":[{\"@type\":\"Article\",\"@id\":\"https:\\\/\\\/news.ecclesia.org.br\\\/?p=21781#article\",\"isPartOf\":{\"@id\":\"https:\\\/\\\/news.ecclesia.org.br\\\/?p=21781\"},\"author\":{\"name\":\"Pe. Andr\u00e9\",\"@id\":\"https:\\\/\\\/news.ecclesia.org.br\\\/#\\\/schema\\\/person\\\/6f09597f025829745ba414a569f63758\"},\"headline\":\"Cat\u00f3licos e Ortodoxos continuam o di\u00e1logo teol\u00f3gico\",\"datePublished\":\"2016-09-15T00:57:58+00:00\",\"dateModified\":\"2016-09-15T01:00:53+00:00\",\"mainEntityOfPage\":{\"@id\":\"https:\\\/\\\/news.ecclesia.org.br\\\/?p=21781\"},\"wordCount\":502,\"commentCount\":0,\"publisher\":{\"@id\":\"https:\\\/\\\/news.ecclesia.org.br\\\/#organization\"},\"image\":{\"@id\":\"https:\\\/\\\/news.ecclesia.org.br\\\/?p=21781#primaryimage\"},\"thumbnailUrl\":\"https:\\\/\\\/news.ecclesia.org.br\\\/wp-content\\\/uploads\\\/2014\\\/11\\\/bartolomeu-francisco-1.jpg\",\"articleSection\":[\"Mundo Ortodoxo\"],\"inLanguage\":\"pt-BR\",\"potentialAction\":[{\"@type\":\"CommentAction\",\"name\":\"Comment\",\"target\":[\"https:\\\/\\\/news.ecclesia.org.br\\\/?p=21781#respond\"]}]},{\"@type\":\"WebPage\",\"@id\":\"https:\\\/\\\/news.ecclesia.org.br\\\/?p=21781\",\"url\":\"https:\\\/\\\/news.ecclesia.org.br\\\/?p=21781\",\"name\":\"Cat\u00f3licos e Ortodoxos continuam o di\u00e1logo teol\u00f3gico | ECCLESIA NEWS\",\"isPartOf\":{\"@id\":\"https:\\\/\\\/news.ecclesia.org.br\\\/#website\"},\"primaryImageOfPage\":{\"@id\":\"https:\\\/\\\/news.ecclesia.org.br\\\/?p=21781#primaryimage\"},\"image\":{\"@id\":\"https:\\\/\\\/news.ecclesia.org.br\\\/?p=21781#primaryimage\"},\"thumbnailUrl\":\"https:\\\/\\\/news.ecclesia.org.br\\\/wp-content\\\/uploads\\\/2014\\\/11\\\/bartolomeu-francisco-1.jpg\",\"datePublished\":\"2016-09-15T00:57:58+00:00\",\"dateModified\":\"2016-09-15T01:00:53+00:00\",\"breadcrumb\":{\"@id\":\"https:\\\/\\\/news.ecclesia.org.br\\\/?p=21781#breadcrumb\"},\"inLanguage\":\"pt-BR\",\"potentialAction\":[{\"@type\":\"ReadAction\",\"target\":[\"https:\\\/\\\/news.ecclesia.org.br\\\/?p=21781\"]}]},{\"@type\":\"ImageObject\",\"inLanguage\":\"pt-BR\",\"@id\":\"https:\\\/\\\/news.ecclesia.org.br\\\/?p=21781#primaryimage\",\"url\":\"https:\\\/\\\/news.ecclesia.org.br\\\/wp-content\\\/uploads\\\/2014\\\/11\\\/bartolomeu-francisco-1.jpg\",\"contentUrl\":\"https:\\\/\\\/news.ecclesia.org.br\\\/wp-content\\\/uploads\\\/2014\\\/11\\\/bartolomeu-francisco-1.jpg\",\"width\":1202,\"height\":800},{\"@type\":\"BreadcrumbList\",\"@id\":\"https:\\\/\\\/news.ecclesia.org.br\\\/?p=21781#breadcrumb\",\"itemListElement\":[{\"@type\":\"ListItem\",\"position\":1,\"name\":\"In\u00edcio\",\"item\":\"https:\\\/\\\/news.ecclesia.org.br\\\/\"},{\"@type\":\"ListItem\",\"position\":2,\"name\":\"Cat\u00f3licos e Ortodoxos continuam o di\u00e1logo teol\u00f3gico\"}]},{\"@type\":\"WebSite\",\"@id\":\"https:\\\/\\\/news.ecclesia.org.br\\\/#website\",\"url\":\"https:\\\/\\\/news.ecclesia.org.br\\\/\",\"name\":\"Ecclesia Brasil\",\"description\":\"Desde 2003 onectando o Brasil ao mundo ortodoxo!\",\"publisher\":{\"@id\":\"https:\\\/\\\/news.ecclesia.org.br\\\/#organization\"},\"alternateName\":\"Ecclesia\",\"potentialAction\":[{\"@type\":\"SearchAction\",\"target\":{\"@type\":\"EntryPoint\",\"urlTemplate\":\"https:\\\/\\\/news.ecclesia.org.br\\\/?s={search_term_string}\"},\"query-input\":{\"@type\":\"PropertyValueSpecification\",\"valueRequired\":true,\"valueName\":\"search_term_string\"}}],\"inLanguage\":\"pt-BR\"},{\"@type\":\"Organization\",\"@id\":\"https:\\\/\\\/news.ecclesia.org.br\\\/#organization\",\"name\":\"Sacra Arquidiocese de Buenos Aires e Am\u00e9rica do Sul | Patriarcado Ecum\u00eanico\",\"alternateName\":\"News Ecclesia Brasil\",\"url\":\"https:\\\/\\\/news.ecclesia.org.br\\\/\",\"logo\":{\"@type\":\"ImageObject\",\"inLanguage\":\"pt-BR\",\"@id\":\"https:\\\/\\\/news.ecclesia.org.br\\\/#\\\/schema\\\/logo\\\/image\\\/\",\"url\":\"https:\\\/\\\/news.ecclesia.org.br\\\/wp-content\\\/uploads\\\/2025\\\/05\\\/ecclesia2.png\",\"contentUrl\":\"https:\\\/\\\/news.ecclesia.org.br\\\/wp-content\\\/uploads\\\/2025\\\/05\\\/ecclesia2.png\",\"width\":480,\"height\":120,\"caption\":\"Sacra Arquidiocese de Buenos Aires e Am\u00e9rica do Sul | Patriarcado Ecum\u00eanico\"},\"image\":{\"@id\":\"https:\\\/\\\/news.ecclesia.org.br\\\/#\\\/schema\\\/logo\\\/image\\\/\"},\"sameAs\":[\"https:\\\/\\\/www.facebook.com\\\/Ecclesia2025\",\"https:\\\/\\\/x.com\\\/EcclesiaNews\",\"https:\\\/\\\/br.pinterest.com\\\/ekklisia\\\/\",\"https:\\\/\\\/www.youtube.com\\\/@EcclesiaBrasil\"]},{\"@type\":\"Person\",\"@id\":\"https:\\\/\\\/news.ecclesia.org.br\\\/#\\\/schema\\\/person\\\/6f09597f025829745ba414a569f63758\",\"name\":\"Pe. Andr\u00e9\",\"image\":{\"@type\":\"ImageObject\",\"inLanguage\":\"pt-BR\",\"@id\":\"https:\\\/\\\/secure.gravatar.com\\\/avatar\\\/b4327cfa27e9799da239a26adcd534fc29cdc0c4a4a148eecbcfeb9b42c617ac?s=96&d=mm&r=g\",\"url\":\"https:\\\/\\\/secure.gravatar.com\\\/avatar\\\/b4327cfa27e9799da239a26adcd534fc29cdc0c4a4a148eecbcfeb9b42c617ac?s=96&d=mm&r=g\",\"contentUrl\":\"https:\\\/\\\/secure.gravatar.com\\\/avatar\\\/b4327cfa27e9799da239a26adcd534fc29cdc0c4a4a148eecbcfeb9b42c617ac?s=96&d=mm&r=g\",\"caption\":\"Pe. Andr\u00e9\"},\"sameAs\":[\"https:\\\/\\\/www.ecclesia.org.br\"]}]}<\/script>\n<!-- \/ Yoast SEO plugin. -->","yoast_head_json":{"title":"Cat\u00f3licos e Ortodoxos continuam o di\u00e1logo teol\u00f3gico | ECCLESIA NEWS","robots":{"index":"index","follow":"follow","max-snippet":"max-snippet:-1","max-image-preview":"max-image-preview:large","max-video-preview":"max-video-preview:-1"},"canonical":"https:\/\/news.ecclesia.org.br\/?p=21781","og_locale":"pt_BR","og_type":"article","og_title":"Cat\u00f3licos e Ortodoxos continuam o di\u00e1logo teol\u00f3gico | ECCLESIA NEWS","og_description":"14\/09\/2016 (RV) &#8212; Tem in\u00edcio nesta\u00a0quinta-feira, 15 \u00a0e se prolonga at\u00e9 dia 22 deste m\u00eas de setembro, em Chieti, na It\u00e1lia centro-oriental, a XIV sess\u00e3o plen\u00e1ria da Comiss\u00e3o Mista Internacional para o Di\u00e1logo Teol\u00f3gico entre a Igreja Ortodoxa e a&#8230;","og_url":"https:\/\/news.ecclesia.org.br\/?p=21781","og_site_name":"ECCLESIA NEWS","article_publisher":"https:\/\/www.facebook.com\/Ecclesia2025","article_published_time":"2016-09-15T00:57:58+00:00","article_modified_time":"2016-09-15T01:00:53+00:00","og_image":[{"width":1202,"height":800,"url":"https:\/\/news.ecclesia.org.br\/wp-content\/uploads\/2014\/11\/bartolomeu-francisco-1.jpg","type":"image\/jpeg"}],"author":"Pe. Andr\u00e9","twitter_card":"summary_large_image","twitter_creator":"@EcclesiaNews","twitter_site":"@EcclesiaNews","twitter_misc":{"Escrito por":"Pe. Andr\u00e9","Est. tempo de leitura":"2 minutos"},"schema":{"@context":"https:\/\/schema.org","@graph":[{"@type":"Article","@id":"https:\/\/news.ecclesia.org.br\/?p=21781#article","isPartOf":{"@id":"https:\/\/news.ecclesia.org.br\/?p=21781"},"author":{"name":"Pe. Andr\u00e9","@id":"https:\/\/news.ecclesia.org.br\/#\/schema\/person\/6f09597f025829745ba414a569f63758"},"headline":"Cat\u00f3licos e Ortodoxos continuam o di\u00e1logo teol\u00f3gico","datePublished":"2016-09-15T00:57:58+00:00","dateModified":"2016-09-15T01:00:53+00:00","mainEntityOfPage":{"@id":"https:\/\/news.ecclesia.org.br\/?p=21781"},"wordCount":502,"commentCount":0,"publisher":{"@id":"https:\/\/news.ecclesia.org.br\/#organization"},"image":{"@id":"https:\/\/news.ecclesia.org.br\/?p=21781#primaryimage"},"thumbnailUrl":"https:\/\/news.ecclesia.org.br\/wp-content\/uploads\/2014\/11\/bartolomeu-francisco-1.jpg","articleSection":["Mundo Ortodoxo"],"inLanguage":"pt-BR","potentialAction":[{"@type":"CommentAction","name":"Comment","target":["https:\/\/news.ecclesia.org.br\/?p=21781#respond"]}]},{"@type":"WebPage","@id":"https:\/\/news.ecclesia.org.br\/?p=21781","url":"https:\/\/news.ecclesia.org.br\/?p=21781","name":"Cat\u00f3licos e Ortodoxos continuam o di\u00e1logo teol\u00f3gico | ECCLESIA NEWS","isPartOf":{"@id":"https:\/\/news.ecclesia.org.br\/#website"},"primaryImageOfPage":{"@id":"https:\/\/news.ecclesia.org.br\/?p=21781#primaryimage"},"image":{"@id":"https:\/\/news.ecclesia.org.br\/?p=21781#primaryimage"},"thumbnailUrl":"https:\/\/news.ecclesia.org.br\/wp-content\/uploads\/2014\/11\/bartolomeu-francisco-1.jpg","datePublished":"2016-09-15T00:57:58+00:00","dateModified":"2016-09-15T01:00:53+00:00","breadcrumb":{"@id":"https:\/\/news.ecclesia.org.br\/?p=21781#breadcrumb"},"inLanguage":"pt-BR","potentialAction":[{"@type":"ReadAction","target":["https:\/\/news.ecclesia.org.br\/?p=21781"]}]},{"@type":"ImageObject","inLanguage":"pt-BR","@id":"https:\/\/news.ecclesia.org.br\/?p=21781#primaryimage","url":"https:\/\/news.ecclesia.org.br\/wp-content\/uploads\/2014\/11\/bartolomeu-francisco-1.jpg","contentUrl":"https:\/\/news.ecclesia.org.br\/wp-content\/uploads\/2014\/11\/bartolomeu-francisco-1.jpg","width":1202,"height":800},{"@type":"BreadcrumbList","@id":"https:\/\/news.ecclesia.org.br\/?p=21781#breadcrumb","itemListElement":[{"@type":"ListItem","position":1,"name":"In\u00edcio","item":"https:\/\/news.ecclesia.org.br\/"},{"@type":"ListItem","position":2,"name":"Cat\u00f3licos e Ortodoxos continuam o di\u00e1logo teol\u00f3gico"}]},{"@type":"WebSite","@id":"https:\/\/news.ecclesia.org.br\/#website","url":"https:\/\/news.ecclesia.org.br\/","name":"Ecclesia Brasil","description":"Desde 2003 onectando o Brasil ao mundo ortodoxo!","publisher":{"@id":"https:\/\/news.ecclesia.org.br\/#organization"},"alternateName":"Ecclesia","potentialAction":[{"@type":"SearchAction","target":{"@type":"EntryPoint","urlTemplate":"https:\/\/news.ecclesia.org.br\/?s={search_term_string}"},"query-input":{"@type":"PropertyValueSpecification","valueRequired":true,"valueName":"search_term_string"}}],"inLanguage":"pt-BR"},{"@type":"Organization","@id":"https:\/\/news.ecclesia.org.br\/#organization","name":"Sacra Arquidiocese de Buenos Aires e Am\u00e9rica do Sul | Patriarcado Ecum\u00eanico","alternateName":"News Ecclesia Brasil","url":"https:\/\/news.ecclesia.org.br\/","logo":{"@type":"ImageObject","inLanguage":"pt-BR","@id":"https:\/\/news.ecclesia.org.br\/#\/schema\/logo\/image\/","url":"https:\/\/news.ecclesia.org.br\/wp-content\/uploads\/2025\/05\/ecclesia2.png","contentUrl":"https:\/\/news.ecclesia.org.br\/wp-content\/uploads\/2025\/05\/ecclesia2.png","width":480,"height":120,"caption":"Sacra Arquidiocese de Buenos Aires e Am\u00e9rica do Sul | Patriarcado Ecum\u00eanico"},"image":{"@id":"https:\/\/news.ecclesia.org.br\/#\/schema\/logo\/image\/"},"sameAs":["https:\/\/www.facebook.com\/Ecclesia2025","https:\/\/x.com\/EcclesiaNews","https:\/\/br.pinterest.com\/ekklisia\/","https:\/\/www.youtube.com\/@EcclesiaBrasil"]},{"@type":"Person","@id":"https:\/\/news.ecclesia.org.br\/#\/schema\/person\/6f09597f025829745ba414a569f63758","name":"Pe. Andr\u00e9","image":{"@type":"ImageObject","inLanguage":"pt-BR","@id":"https:\/\/secure.gravatar.com\/avatar\/b4327cfa27e9799da239a26adcd534fc29cdc0c4a4a148eecbcfeb9b42c617ac?s=96&d=mm&r=g","url":"https:\/\/secure.gravatar.com\/avatar\/b4327cfa27e9799da239a26adcd534fc29cdc0c4a4a148eecbcfeb9b42c617ac?s=96&d=mm&r=g","contentUrl":"https:\/\/secure.gravatar.com\/avatar\/b4327cfa27e9799da239a26adcd534fc29cdc0c4a4a148eecbcfeb9b42c617ac?s=96&d=mm&r=g","caption":"Pe. Andr\u00e9"},"sameAs":["https:\/\/www.ecclesia.org.br"]}]}},"_links":{"self":[{"href":"https:\/\/news.ecclesia.org.br\/index.php?rest_route=\/wp\/v2\/posts\/21781","targetHints":{"allow":["GET"]}}],"collection":[{"href":"https:\/\/news.ecclesia.org.br\/index.php?rest_route=\/wp\/v2\/posts"}],"about":[{"href":"https:\/\/news.ecclesia.org.br\/index.php?rest_route=\/wp\/v2\/types\/post"}],"author":[{"embeddable":true,"href":"https:\/\/news.ecclesia.org.br\/index.php?rest_route=\/wp\/v2\/users\/1"}],"replies":[{"embeddable":true,"href":"https:\/\/news.ecclesia.org.br\/index.php?rest_route=%2Fwp%2Fv2%2Fcomments&post=21781"}],"version-history":[{"count":0,"href":"https:\/\/news.ecclesia.org.br\/index.php?rest_route=\/wp\/v2\/posts\/21781\/revisions"}],"wp:featuredmedia":[{"embeddable":true,"href":"https:\/\/news.ecclesia.org.br\/index.php?rest_route=\/wp\/v2\/media\/7417"}],"wp:attachment":[{"href":"https:\/\/news.ecclesia.org.br\/index.php?rest_route=%2Fwp%2Fv2%2Fmedia&parent=21781"}],"wp:term":[{"taxonomy":"category","embeddable":true,"href":"https:\/\/news.ecclesia.org.br\/index.php?rest_route=%2Fwp%2Fv2%2Fcategories&post=21781"},{"taxonomy":"post_tag","embeddable":true,"href":"https:\/\/news.ecclesia.org.br\/index.php?rest_route=%2Fwp%2Fv2%2Ftags&post=21781"}],"curies":[{"name":"wp","href":"https:\/\/api.w.org\/{rel}","templated":true}]}}