{"id":21770,"date":"2016-09-07T23:06:05","date_gmt":"2016-09-07T23:06:05","guid":{"rendered":"https:\/\/news.ecclesia.org.br\/2013\/?p=21770"},"modified":"2016-09-08T14:16:57","modified_gmt":"2016-09-08T14:16:57","slug":"historica-visita-do-patriarca-ecumenico-a-croacia","status":"publish","type":"post","link":"https:\/\/news.ecclesia.org.br\/?p=21770","title":{"rendered":"Hist\u00f3rica visita do Patriarca Ecum\u00eanico \u00e0 Cro\u00e1cia"},"content":{"rendered":"<p style=\"text-align: justify;\"><strong><a href=\"https:\/\/news.ecclesia.org.br\/2013\/wp-content\/uploads\/2016\/09\/patriarca-bartolomeu-patriarca-irineu-da-servia.jpg\"><img decoding=\"async\" class=\"alignleft size-medium wp-image-21771\" src=\"https:\/\/news.ecclesia.org.br\/2013\/wp-content\/uploads\/2016\/09\/patriarca-bartolomeu-patriarca-irineu-da-servia-300x126.jpg\" alt=\"patriarca-bartolomeu-patriarca-irineu-da-servia\" width=\"300\" height=\"126\" srcset=\"https:\/\/news.ecclesia.org.br\/wp-content\/uploads\/2016\/09\/patriarca-bartolomeu-patriarca-irineu-da-servia-300x126.jpg 300w, https:\/\/news.ecclesia.org.br\/wp-content\/uploads\/2016\/09\/patriarca-bartolomeu-patriarca-irineu-da-servia-131x55.jpg 131w, https:\/\/news.ecclesia.org.br\/wp-content\/uploads\/2016\/09\/patriarca-bartolomeu-patriarca-irineu-da-servia.jpg 515w\" sizes=\"(max-width: 300px) 100vw, 300px\" \/><\/a><\/strong>06 de setembro de 2016 &#8212; S. Santidade o Patriarca Ecum\u00eanico Bartolomeu I ir\u00e1 visitar Zagreb no pr\u00f3ximo dia 09 de setembro de 2016 onde far\u00e1 a abertura da confer\u00eancia acad\u00eamica sobre o tema \u00abOs novos m\u00e1rtires: uma multi-perspectiva II\u00bb que ter\u00e1 lugar no liceu ortodoxa s\u00e9rvio \u00abKatarina Kantakuzina Brankovic\u00bb. Eminentes especialistas de quest\u00f5es relativas aos sofrimentos das pessoas no s\u00e9culo XX participar\u00e3o deste simp\u00f3sio: Efraim Zuroff, diretor do Centro Simon Wiesenthal \u00e0 Jerusal\u00e9m; Ruta Vaganaite de Litu\u00e2nia, autor do best-seller \u00abNossa Gente\u00bb; o protopresb\u00edtero Aleksander Mazirin da R\u00fassia, bem como historiadores, soci\u00f3logos, te\u00f3logos, entre outros especialistas da Pol\u00f4nia, R\u00fassia, Republica Srpska, Rom\u00eania, Cro\u00e1cia, Israel e S\u00e9rvia. O trabalho da confer\u00eancia ser\u00e1 presidido por S. Excia. Dom Jovan, bispo da Eslav\u00f4nia.<\/p>\n<p style=\"text-align: justify;\">Transmitindo a sauda\u00e7\u00e3o do Patriarca Ecum\u00eanico e suas palavras de aten\u00e7\u00e3o e de apoio paternal, Sua Emin\u00eancia o Metropolita Porf\u00edrio de Zagreb-Ljubljana disse que Sua Santidade,\u00a0o Patriarca Bartolomeu, tinha sido muito bem informado acerca da situa\u00e7\u00e3o na Cro\u00e1cia e que seria uma grande alegria para os s\u00e9rvios ortodoxos acolher, pela primeira vez na hist\u00f3ria, esta importante personalidade da Igreja Ortodoxa.<\/p>\n<p style=\"text-align: justify;\">No mesmo dia, Sua Santidade Bartolomeu I, juntamente com os hierarcas participantes da confer\u00eancia, ir\u00e3o visitar a regi\u00e3o onde foi constru\u00eddo o campo de exterm\u00ednio de Jasenovac e assistir ao of\u00edcio de V\u00e9speras na igreja de Santo Elias, na aldeia de Mlaka.<\/p>\n<p style=\"text-align: justify;\">No s\u00e1bado, 10 de setembro de 2016, o Patriarca ecum\u00eanico Bartolomeu I, juntamente com o Patriarca Irineu da S\u00e9rvia ir\u00e3o concelebrar \u2013 por ocasi\u00e3o do 75\u00ba anivers\u00e1rio do sofrimento dos santos m\u00e1rtires de Jasenovac &#8211; \u00a0uma Liturgia Pontifical na igreja da Natividade de S\u00e3o Jo\u00e3o Batista, em Jasenovac, com a participa\u00e7\u00e3o de muitos hierarcas e representantes do Patriarcado de Moscou, da Igreja Ortodoxa da Pol\u00f4nia e da Igreja Ortodoxa romena.<\/p>\n<p style=\"text-align: justify;\">No mesmo dia, \u00e0s 13h, Sua Santidade aben\u00e7oar\u00e1 em Pakrac, a vila onde reside o bispo ortodoxo s\u00e9rvio da Eslav\u00f4nia, o pal\u00e1cio Episcopal recentemente restaurado.<\/p>\n<p style=\"text-align: right;\">Fonte: <a href=\"http:\/\/www.spc.rs\/eng\/ecumenical_patriarchs_historical_visit_croatia\">Igreja Ortodoxa da S\u00e9rvia<\/a><\/p>\n","protected":false},"excerpt":{"rendered":"<p>06 de setembro de 2016 &#8212; S. Santidade o Patriarca Ecum\u00eanico Bartolomeu I ir\u00e1 visitar Zagreb no pr\u00f3ximo dia 09 de setembro de 2016 onde far\u00e1 a abertura da confer\u00eancia acad\u00eamica sobre o tema \u00abOs novos m\u00e1rtires: uma multi-perspectiva II\u00bb&#8230;<\/p>\n","protected":false},"author":1,"featured_media":21771,"comment_status":"open","ping_status":"open","sticky":false,"template":"","format":"standard","meta":{"_acf_changed":false,"footnotes":""},"categories":[72],"tags":[],"class_list":["post-21770","post","type-post","status-publish","format-standard","has-post-thumbnail","hentry","category-patriarcado-ecumenico","entry","rows-excerpt"],"acf":[],"yoast_head":"<!-- This site is optimized with the Yoast SEO plugin v27.4 - https:\/\/yoast.com\/product\/yoast-seo-wordpress\/ -->\n<title>Hist\u00f3rica visita do Patriarca Ecum\u00eanico \u00e0 Cro\u00e1cia | ECCLESIA NEWS<\/title>\n<meta name=\"robots\" content=\"index, follow, max-snippet:-1, max-image-preview:large, max-video-preview:-1\" \/>\n<link rel=\"canonical\" href=\"https:\/\/news.ecclesia.org.br\/?p=21770\" \/>\n<meta property=\"og:locale\" content=\"pt_BR\" \/>\n<meta property=\"og:type\" content=\"article\" \/>\n<meta property=\"og:title\" content=\"Hist\u00f3rica visita do Patriarca Ecum\u00eanico \u00e0 Cro\u00e1cia | ECCLESIA NEWS\" \/>\n<meta property=\"og:description\" content=\"06 de setembro de 2016 &#8212; S. Santidade o Patriarca Ecum\u00eanico Bartolomeu I ir\u00e1 visitar Zagreb no pr\u00f3ximo dia 09 de setembro de 2016 onde far\u00e1 a abertura da confer\u00eancia acad\u00eamica sobre o tema \u00abOs novos m\u00e1rtires: uma multi-perspectiva II\u00bb&#8230;\" \/>\n<meta property=\"og:url\" content=\"https:\/\/news.ecclesia.org.br\/?p=21770\" \/>\n<meta property=\"og:site_name\" content=\"ECCLESIA NEWS\" \/>\n<meta property=\"article:publisher\" content=\"https:\/\/www.facebook.com\/Ecclesia2025\" \/>\n<meta property=\"article:published_time\" content=\"2016-09-07T23:06:05+00:00\" \/>\n<meta property=\"article:modified_time\" content=\"2016-09-08T14:16:57+00:00\" \/>\n<meta property=\"og:image\" content=\"https:\/\/news.ecclesia.org.br\/wp-content\/uploads\/2016\/09\/patriarca-bartolomeu-patriarca-irineu-da-servia.jpg\" \/>\n\t<meta property=\"og:image:width\" content=\"515\" \/>\n\t<meta property=\"og:image:height\" content=\"216\" \/>\n\t<meta property=\"og:image:type\" content=\"image\/jpeg\" \/>\n<meta name=\"author\" content=\"Pe. Andr\u00e9\" \/>\n<meta name=\"twitter:card\" content=\"summary_large_image\" \/>\n<meta name=\"twitter:creator\" content=\"@EcclesiaNews\" \/>\n<meta name=\"twitter:site\" content=\"@EcclesiaNews\" \/>\n<meta name=\"twitter:label1\" content=\"Escrito por\" \/>\n\t<meta name=\"twitter:data1\" content=\"Pe. Andr\u00e9\" \/>\n\t<meta name=\"twitter:label2\" content=\"Est. tempo de leitura\" \/>\n\t<meta name=\"twitter:data2\" content=\"2 minutos\" \/>\n<script type=\"application\/ld+json\" class=\"yoast-schema-graph\">{\"@context\":\"https:\\\/\\\/schema.org\",\"@graph\":[{\"@type\":\"Article\",\"@id\":\"https:\\\/\\\/news.ecclesia.org.br\\\/?p=21770#article\",\"isPartOf\":{\"@id\":\"https:\\\/\\\/news.ecclesia.org.br\\\/?p=21770\"},\"author\":{\"name\":\"Pe. Andr\u00e9\",\"@id\":\"https:\\\/\\\/news.ecclesia.org.br\\\/#\\\/schema\\\/person\\\/6f09597f025829745ba414a569f63758\"},\"headline\":\"Hist\u00f3rica visita do Patriarca Ecum\u00eanico \u00e0 Cro\u00e1cia\",\"datePublished\":\"2016-09-07T23:06:05+00:00\",\"dateModified\":\"2016-09-08T14:16:57+00:00\",\"mainEntityOfPage\":{\"@id\":\"https:\\\/\\\/news.ecclesia.org.br\\\/?p=21770\"},\"wordCount\":379,\"commentCount\":0,\"publisher\":{\"@id\":\"https:\\\/\\\/news.ecclesia.org.br\\\/#organization\"},\"image\":{\"@id\":\"https:\\\/\\\/news.ecclesia.org.br\\\/?p=21770#primaryimage\"},\"thumbnailUrl\":\"https:\\\/\\\/news.ecclesia.org.br\\\/wp-content\\\/uploads\\\/2016\\\/09\\\/patriarca-bartolomeu-patriarca-irineu-da-servia.jpg\",\"articleSection\":[\"Patriarcado Ecum\u00eanico\"],\"inLanguage\":\"pt-BR\",\"potentialAction\":[{\"@type\":\"CommentAction\",\"name\":\"Comment\",\"target\":[\"https:\\\/\\\/news.ecclesia.org.br\\\/?p=21770#respond\"]}]},{\"@type\":\"WebPage\",\"@id\":\"https:\\\/\\\/news.ecclesia.org.br\\\/?p=21770\",\"url\":\"https:\\\/\\\/news.ecclesia.org.br\\\/?p=21770\",\"name\":\"Hist\u00f3rica visita do Patriarca Ecum\u00eanico \u00e0 Cro\u00e1cia | ECCLESIA NEWS\",\"isPartOf\":{\"@id\":\"https:\\\/\\\/news.ecclesia.org.br\\\/#website\"},\"primaryImageOfPage\":{\"@id\":\"https:\\\/\\\/news.ecclesia.org.br\\\/?p=21770#primaryimage\"},\"image\":{\"@id\":\"https:\\\/\\\/news.ecclesia.org.br\\\/?p=21770#primaryimage\"},\"thumbnailUrl\":\"https:\\\/\\\/news.ecclesia.org.br\\\/wp-content\\\/uploads\\\/2016\\\/09\\\/patriarca-bartolomeu-patriarca-irineu-da-servia.jpg\",\"datePublished\":\"2016-09-07T23:06:05+00:00\",\"dateModified\":\"2016-09-08T14:16:57+00:00\",\"breadcrumb\":{\"@id\":\"https:\\\/\\\/news.ecclesia.org.br\\\/?p=21770#breadcrumb\"},\"inLanguage\":\"pt-BR\",\"potentialAction\":[{\"@type\":\"ReadAction\",\"target\":[\"https:\\\/\\\/news.ecclesia.org.br\\\/?p=21770\"]}]},{\"@type\":\"ImageObject\",\"inLanguage\":\"pt-BR\",\"@id\":\"https:\\\/\\\/news.ecclesia.org.br\\\/?p=21770#primaryimage\",\"url\":\"https:\\\/\\\/news.ecclesia.org.br\\\/wp-content\\\/uploads\\\/2016\\\/09\\\/patriarca-bartolomeu-patriarca-irineu-da-servia.jpg\",\"contentUrl\":\"https:\\\/\\\/news.ecclesia.org.br\\\/wp-content\\\/uploads\\\/2016\\\/09\\\/patriarca-bartolomeu-patriarca-irineu-da-servia.jpg\",\"width\":515,\"height\":216},{\"@type\":\"BreadcrumbList\",\"@id\":\"https:\\\/\\\/news.ecclesia.org.br\\\/?p=21770#breadcrumb\",\"itemListElement\":[{\"@type\":\"ListItem\",\"position\":1,\"name\":\"In\u00edcio\",\"item\":\"https:\\\/\\\/news.ecclesia.org.br\\\/\"},{\"@type\":\"ListItem\",\"position\":2,\"name\":\"Hist\u00f3rica visita do Patriarca Ecum\u00eanico \u00e0 Cro\u00e1cia\"}]},{\"@type\":\"WebSite\",\"@id\":\"https:\\\/\\\/news.ecclesia.org.br\\\/#website\",\"url\":\"https:\\\/\\\/news.ecclesia.org.br\\\/\",\"name\":\"Ecclesia Brasil\",\"description\":\"Desde 2003 onectando o Brasil ao mundo ortodoxo!\",\"publisher\":{\"@id\":\"https:\\\/\\\/news.ecclesia.org.br\\\/#organization\"},\"alternateName\":\"Ecclesia\",\"potentialAction\":[{\"@type\":\"SearchAction\",\"target\":{\"@type\":\"EntryPoint\",\"urlTemplate\":\"https:\\\/\\\/news.ecclesia.org.br\\\/?s={search_term_string}\"},\"query-input\":{\"@type\":\"PropertyValueSpecification\",\"valueRequired\":true,\"valueName\":\"search_term_string\"}}],\"inLanguage\":\"pt-BR\"},{\"@type\":\"Organization\",\"@id\":\"https:\\\/\\\/news.ecclesia.org.br\\\/#organization\",\"name\":\"Sacra Arquidiocese de Buenos Aires e Am\u00e9rica do Sul | Patriarcado Ecum\u00eanico\",\"alternateName\":\"News Ecclesia Brasil\",\"url\":\"https:\\\/\\\/news.ecclesia.org.br\\\/\",\"logo\":{\"@type\":\"ImageObject\",\"inLanguage\":\"pt-BR\",\"@id\":\"https:\\\/\\\/news.ecclesia.org.br\\\/#\\\/schema\\\/logo\\\/image\\\/\",\"url\":\"https:\\\/\\\/news.ecclesia.org.br\\\/wp-content\\\/uploads\\\/2025\\\/05\\\/ecclesia2.png\",\"contentUrl\":\"https:\\\/\\\/news.ecclesia.org.br\\\/wp-content\\\/uploads\\\/2025\\\/05\\\/ecclesia2.png\",\"width\":480,\"height\":120,\"caption\":\"Sacra Arquidiocese de Buenos Aires e Am\u00e9rica do Sul | Patriarcado Ecum\u00eanico\"},\"image\":{\"@id\":\"https:\\\/\\\/news.ecclesia.org.br\\\/#\\\/schema\\\/logo\\\/image\\\/\"},\"sameAs\":[\"https:\\\/\\\/www.facebook.com\\\/Ecclesia2025\",\"https:\\\/\\\/x.com\\\/EcclesiaNews\",\"https:\\\/\\\/br.pinterest.com\\\/ekklisia\\\/\",\"https:\\\/\\\/www.youtube.com\\\/@EcclesiaBrasil\"]},{\"@type\":\"Person\",\"@id\":\"https:\\\/\\\/news.ecclesia.org.br\\\/#\\\/schema\\\/person\\\/6f09597f025829745ba414a569f63758\",\"name\":\"Pe. Andr\u00e9\",\"image\":{\"@type\":\"ImageObject\",\"inLanguage\":\"pt-BR\",\"@id\":\"https:\\\/\\\/secure.gravatar.com\\\/avatar\\\/b4327cfa27e9799da239a26adcd534fc29cdc0c4a4a148eecbcfeb9b42c617ac?s=96&d=mm&r=g\",\"url\":\"https:\\\/\\\/secure.gravatar.com\\\/avatar\\\/b4327cfa27e9799da239a26adcd534fc29cdc0c4a4a148eecbcfeb9b42c617ac?s=96&d=mm&r=g\",\"contentUrl\":\"https:\\\/\\\/secure.gravatar.com\\\/avatar\\\/b4327cfa27e9799da239a26adcd534fc29cdc0c4a4a148eecbcfeb9b42c617ac?s=96&d=mm&r=g\",\"caption\":\"Pe. Andr\u00e9\"},\"sameAs\":[\"https:\\\/\\\/www.ecclesia.org.br\"]}]}<\/script>\n<!-- \/ Yoast SEO plugin. -->","yoast_head_json":{"title":"Hist\u00f3rica visita do Patriarca Ecum\u00eanico \u00e0 Cro\u00e1cia | ECCLESIA NEWS","robots":{"index":"index","follow":"follow","max-snippet":"max-snippet:-1","max-image-preview":"max-image-preview:large","max-video-preview":"max-video-preview:-1"},"canonical":"https:\/\/news.ecclesia.org.br\/?p=21770","og_locale":"pt_BR","og_type":"article","og_title":"Hist\u00f3rica visita do Patriarca Ecum\u00eanico \u00e0 Cro\u00e1cia | ECCLESIA NEWS","og_description":"06 de setembro de 2016 &#8212; S. Santidade o Patriarca Ecum\u00eanico Bartolomeu I ir\u00e1 visitar Zagreb no pr\u00f3ximo dia 09 de setembro de 2016 onde far\u00e1 a abertura da confer\u00eancia acad\u00eamica sobre o tema \u00abOs novos m\u00e1rtires: uma multi-perspectiva II\u00bb&#8230;","og_url":"https:\/\/news.ecclesia.org.br\/?p=21770","og_site_name":"ECCLESIA NEWS","article_publisher":"https:\/\/www.facebook.com\/Ecclesia2025","article_published_time":"2016-09-07T23:06:05+00:00","article_modified_time":"2016-09-08T14:16:57+00:00","og_image":[{"width":515,"height":216,"url":"https:\/\/news.ecclesia.org.br\/wp-content\/uploads\/2016\/09\/patriarca-bartolomeu-patriarca-irineu-da-servia.jpg","type":"image\/jpeg"}],"author":"Pe. Andr\u00e9","twitter_card":"summary_large_image","twitter_creator":"@EcclesiaNews","twitter_site":"@EcclesiaNews","twitter_misc":{"Escrito por":"Pe. Andr\u00e9","Est. tempo de leitura":"2 minutos"},"schema":{"@context":"https:\/\/schema.org","@graph":[{"@type":"Article","@id":"https:\/\/news.ecclesia.org.br\/?p=21770#article","isPartOf":{"@id":"https:\/\/news.ecclesia.org.br\/?p=21770"},"author":{"name":"Pe. Andr\u00e9","@id":"https:\/\/news.ecclesia.org.br\/#\/schema\/person\/6f09597f025829745ba414a569f63758"},"headline":"Hist\u00f3rica visita do Patriarca Ecum\u00eanico \u00e0 Cro\u00e1cia","datePublished":"2016-09-07T23:06:05+00:00","dateModified":"2016-09-08T14:16:57+00:00","mainEntityOfPage":{"@id":"https:\/\/news.ecclesia.org.br\/?p=21770"},"wordCount":379,"commentCount":0,"publisher":{"@id":"https:\/\/news.ecclesia.org.br\/#organization"},"image":{"@id":"https:\/\/news.ecclesia.org.br\/?p=21770#primaryimage"},"thumbnailUrl":"https:\/\/news.ecclesia.org.br\/wp-content\/uploads\/2016\/09\/patriarca-bartolomeu-patriarca-irineu-da-servia.jpg","articleSection":["Patriarcado Ecum\u00eanico"],"inLanguage":"pt-BR","potentialAction":[{"@type":"CommentAction","name":"Comment","target":["https:\/\/news.ecclesia.org.br\/?p=21770#respond"]}]},{"@type":"WebPage","@id":"https:\/\/news.ecclesia.org.br\/?p=21770","url":"https:\/\/news.ecclesia.org.br\/?p=21770","name":"Hist\u00f3rica visita do Patriarca Ecum\u00eanico \u00e0 Cro\u00e1cia | ECCLESIA NEWS","isPartOf":{"@id":"https:\/\/news.ecclesia.org.br\/#website"},"primaryImageOfPage":{"@id":"https:\/\/news.ecclesia.org.br\/?p=21770#primaryimage"},"image":{"@id":"https:\/\/news.ecclesia.org.br\/?p=21770#primaryimage"},"thumbnailUrl":"https:\/\/news.ecclesia.org.br\/wp-content\/uploads\/2016\/09\/patriarca-bartolomeu-patriarca-irineu-da-servia.jpg","datePublished":"2016-09-07T23:06:05+00:00","dateModified":"2016-09-08T14:16:57+00:00","breadcrumb":{"@id":"https:\/\/news.ecclesia.org.br\/?p=21770#breadcrumb"},"inLanguage":"pt-BR","potentialAction":[{"@type":"ReadAction","target":["https:\/\/news.ecclesia.org.br\/?p=21770"]}]},{"@type":"ImageObject","inLanguage":"pt-BR","@id":"https:\/\/news.ecclesia.org.br\/?p=21770#primaryimage","url":"https:\/\/news.ecclesia.org.br\/wp-content\/uploads\/2016\/09\/patriarca-bartolomeu-patriarca-irineu-da-servia.jpg","contentUrl":"https:\/\/news.ecclesia.org.br\/wp-content\/uploads\/2016\/09\/patriarca-bartolomeu-patriarca-irineu-da-servia.jpg","width":515,"height":216},{"@type":"BreadcrumbList","@id":"https:\/\/news.ecclesia.org.br\/?p=21770#breadcrumb","itemListElement":[{"@type":"ListItem","position":1,"name":"In\u00edcio","item":"https:\/\/news.ecclesia.org.br\/"},{"@type":"ListItem","position":2,"name":"Hist\u00f3rica visita do Patriarca Ecum\u00eanico \u00e0 Cro\u00e1cia"}]},{"@type":"WebSite","@id":"https:\/\/news.ecclesia.org.br\/#website","url":"https:\/\/news.ecclesia.org.br\/","name":"Ecclesia Brasil","description":"Desde 2003 onectando o Brasil ao mundo ortodoxo!","publisher":{"@id":"https:\/\/news.ecclesia.org.br\/#organization"},"alternateName":"Ecclesia","potentialAction":[{"@type":"SearchAction","target":{"@type":"EntryPoint","urlTemplate":"https:\/\/news.ecclesia.org.br\/?s={search_term_string}"},"query-input":{"@type":"PropertyValueSpecification","valueRequired":true,"valueName":"search_term_string"}}],"inLanguage":"pt-BR"},{"@type":"Organization","@id":"https:\/\/news.ecclesia.org.br\/#organization","name":"Sacra Arquidiocese de Buenos Aires e Am\u00e9rica do Sul | Patriarcado Ecum\u00eanico","alternateName":"News Ecclesia Brasil","url":"https:\/\/news.ecclesia.org.br\/","logo":{"@type":"ImageObject","inLanguage":"pt-BR","@id":"https:\/\/news.ecclesia.org.br\/#\/schema\/logo\/image\/","url":"https:\/\/news.ecclesia.org.br\/wp-content\/uploads\/2025\/05\/ecclesia2.png","contentUrl":"https:\/\/news.ecclesia.org.br\/wp-content\/uploads\/2025\/05\/ecclesia2.png","width":480,"height":120,"caption":"Sacra Arquidiocese de Buenos Aires e Am\u00e9rica do Sul | Patriarcado Ecum\u00eanico"},"image":{"@id":"https:\/\/news.ecclesia.org.br\/#\/schema\/logo\/image\/"},"sameAs":["https:\/\/www.facebook.com\/Ecclesia2025","https:\/\/x.com\/EcclesiaNews","https:\/\/br.pinterest.com\/ekklisia\/","https:\/\/www.youtube.com\/@EcclesiaBrasil"]},{"@type":"Person","@id":"https:\/\/news.ecclesia.org.br\/#\/schema\/person\/6f09597f025829745ba414a569f63758","name":"Pe. Andr\u00e9","image":{"@type":"ImageObject","inLanguage":"pt-BR","@id":"https:\/\/secure.gravatar.com\/avatar\/b4327cfa27e9799da239a26adcd534fc29cdc0c4a4a148eecbcfeb9b42c617ac?s=96&d=mm&r=g","url":"https:\/\/secure.gravatar.com\/avatar\/b4327cfa27e9799da239a26adcd534fc29cdc0c4a4a148eecbcfeb9b42c617ac?s=96&d=mm&r=g","contentUrl":"https:\/\/secure.gravatar.com\/avatar\/b4327cfa27e9799da239a26adcd534fc29cdc0c4a4a148eecbcfeb9b42c617ac?s=96&d=mm&r=g","caption":"Pe. Andr\u00e9"},"sameAs":["https:\/\/www.ecclesia.org.br"]}]}},"_links":{"self":[{"href":"https:\/\/news.ecclesia.org.br\/index.php?rest_route=\/wp\/v2\/posts\/21770","targetHints":{"allow":["GET"]}}],"collection":[{"href":"https:\/\/news.ecclesia.org.br\/index.php?rest_route=\/wp\/v2\/posts"}],"about":[{"href":"https:\/\/news.ecclesia.org.br\/index.php?rest_route=\/wp\/v2\/types\/post"}],"author":[{"embeddable":true,"href":"https:\/\/news.ecclesia.org.br\/index.php?rest_route=\/wp\/v2\/users\/1"}],"replies":[{"embeddable":true,"href":"https:\/\/news.ecclesia.org.br\/index.php?rest_route=%2Fwp%2Fv2%2Fcomments&post=21770"}],"version-history":[{"count":0,"href":"https:\/\/news.ecclesia.org.br\/index.php?rest_route=\/wp\/v2\/posts\/21770\/revisions"}],"wp:featuredmedia":[{"embeddable":true,"href":"https:\/\/news.ecclesia.org.br\/index.php?rest_route=\/wp\/v2\/media\/21771"}],"wp:attachment":[{"href":"https:\/\/news.ecclesia.org.br\/index.php?rest_route=%2Fwp%2Fv2%2Fmedia&parent=21770"}],"wp:term":[{"taxonomy":"category","embeddable":true,"href":"https:\/\/news.ecclesia.org.br\/index.php?rest_route=%2Fwp%2Fv2%2Fcategories&post=21770"},{"taxonomy":"post_tag","embeddable":true,"href":"https:\/\/news.ecclesia.org.br\/index.php?rest_route=%2Fwp%2Fv2%2Ftags&post=21770"}],"curies":[{"name":"wp","href":"https:\/\/api.w.org\/{rel}","templated":true}]}}