{"id":21737,"date":"2016-09-03T21:47:37","date_gmt":"2016-09-03T21:47:37","guid":{"rendered":"https:\/\/news.ecclesia.org.br\/2013\/?p=21737"},"modified":"2021-07-22T19:52:46","modified_gmt":"2021-07-22T22:52:46","slug":"patriarca-ecumenico-pede-beleza-diz-que-ambiente-e-cultura-estao-unidos-e-lamenta-destruicao-de-monumentos","status":"publish","type":"post","link":"https:\/\/news.ecclesia.org.br\/?p=21737","title":{"rendered":"Patriarca Ecum\u00eanico pede \u00abbeleza\u00bb, diz que ambiente e cultura est\u00e3o unidos e lamenta destrui\u00e7\u00e3o de monumentos"},"content":{"rendered":"<figure id=\"attachment_21738\" aria-describedby=\"caption-attachment-21738\" style=\"width: 400px\" class=\"wp-caption alignleft\"><a href=\"https:\/\/news.ecclesia.org.br\/2013\/wp-content\/uploads\/2016\/09\/palmira.jpg\"><img fetchpriority=\"high\" decoding=\"async\" class=\"size-full wp-image-21738\" src=\"https:\/\/news.ecclesia.org.br\/2013\/wp-content\/uploads\/2016\/09\/palmira.jpg\" alt=\"Palmira, S\u00edria | \u00a9 2016 LUSA - Ag\u00eancia de Not\u00edcias de Portugal, S.A\" width=\"400\" height=\"580\" srcset=\"https:\/\/news.ecclesia.org.br\/wp-content\/uploads\/2016\/09\/palmira.jpg 400w, https:\/\/news.ecclesia.org.br\/wp-content\/uploads\/2016\/09\/palmira-207x300.jpg 207w, https:\/\/news.ecclesia.org.br\/wp-content\/uploads\/2016\/09\/palmira-38x55.jpg 38w\" sizes=\"(max-width: 400px) 100vw, 400px\" \/><\/a><figcaption id=\"caption-attachment-21738\" class=\"wp-caption-text\">Palmira, S\u00edria | \u00a9 2016 LUSA &#8211; Ag\u00eancia de Not\u00edcias de Portugal, S.A<\/figcaption><\/figure>\n<p style=\"text-align: justify;\">O Patriarca ecum\u00eanico Bartolomeu I considera que \u00e9 fundamental mobilizar as for\u00e7as na luta pela prote\u00e7\u00e3o do ambiente na sua mais ampla acep\u00e7\u00e3o, ou seja, como \u00abconjun\u00e7\u00e3o harm\u00f4nica do ambiente natural e cultural do g\u00eanero humano\u00bb. A posi\u00e7\u00e3o de Bartolomeu I \u00e9 assumida na sua mensagem para o <strong>Dia Mundial de Ora\u00e7\u00e3o pelo Cuidado da Cria\u00e7\u00e3o<\/strong>, que se celebra anualmente no primeiro dia de setembro, data que para a Igreja Ortodoxa marca tamb\u00e9m o in\u00edcio do novo ano eclesi\u00e1stico.<\/p>\n<p style=\"text-align: justify;\">O Patriarca re\u00fane no texto ambiente e cultura, sublinhando que \u00abest\u00e3o unidos, de igual valor, intermut\u00e1veis. O mundo que abra\u00e7a a humanidade foi criado por uma s\u00f3 palavra imperativa: \u2018E seja\u2019. A cultura foi criada pelo homem munido de uma mente racional, de modo que o respeito por ela \u00e9 \u00f3bvio e necess\u00e1rio\u00bb.<\/p>\n<p style=\"text-align: justify;\">O prelado sublinha que \u00e9 requerida \u00abuma vigil\u00e2ncia cont\u00ednua, forma\u00e7\u00e3o e ensino, de modo que seja clara a rela\u00e7\u00e3o da atual crise ecol\u00f3gica com as paix\u00f5es humanas da avareza, da gan\u00e2ncia, do ego\u00edsmo, de voracidade predat\u00f3ria\u00bb, que resultaram na perigosa situa\u00e7\u00e3o ambiental contempor\u00e2nea.<\/p>\n<p style=\"text-align: justify;\">Bartolomeu apela ao \u00abregresso \u00e0 beleza antiga da ordem e da economia, da modera\u00e7\u00e3o e da ascese, que possam conduzir \u00e0 s\u00e1bia gest\u00e3o do ambiente natural. De modo particular, a gan\u00e2ncia com a satisfa\u00e7\u00e3o das necessidades materiais conduz com certeza \u00e0 pobreza espiritual do homem, a qual comporta a destrui\u00e7\u00e3o do ambiente natural\u00bb.<\/p>\n<p style=\"text-align: justify;\">A segunda parte da mensagem \u00e9 dedicada aos monumentos atingidos pela guerra, citando os \u00abmaravilhosos s\u00edtios arqueol\u00f3gicos na S\u00edria e em todo o mundo\u00bb, como o \u00abfamoso da antiga Palmira, que consta a n\u00edvel mundial entre os principais monumentos de heran\u00e7a cultural\u00bb.<\/p>\n<p style=\"text-align: justify;\">A destrui\u00e7\u00e3o dessas edifica\u00e7\u00f5es evidencia \u00aba crise da cultura que, durante os \u00faltimos anos, \u00e9 mundial\u00bb, acentua o arcebispo, que salienta a necessidade \u00abda prote\u00e7\u00e3o do ambiente natural, assim como da heran\u00e7a cultural mundial, que se encontra em perigo por causa das altera\u00e7\u00f5es clim\u00e1ticas, dos conflitos b\u00e9licos e de outros motivos\u00bb.<\/p>\n<p style=\"text-align: justify;\">\u00abOs tesouros culturais, que como monumentos religiosos e espirituais, mas tamb\u00e9m como express\u00e3o bimilen\u00e1ria da mente humana pertencem a toda a humanidade, e n\u00e3o exclusivamente aos pa\u00edses no interior de cujas fronteiras se encontram, correm graves perigos\u00bb, assinala.<\/p>\n<p style=\"text-align: justify;\">A ru\u00edna e a destrui\u00e7\u00e3o de um monumento cultural de uma na\u00e7\u00e3o \u00abfere a heran\u00e7a universal da humanidade\u00bb, pelo que \u00e9 \u00abdever e tarefa\u00bb de cada pessoa \u00abrefor\u00e7ar as medidas de prote\u00e7\u00e3o e de conserva\u00e7\u00e3o ininterrupta\u00bb desses espa\u00e7os.<\/p>\n<p style=\"text-align: justify;\">O documento real\u00e7a que a \u00abmaior responsabilidade\u00bb consiste em realizar todo o esfor\u00e7o poss\u00edvel \u00abpara transmitir \u00e0s futuras gera\u00e7\u00f5es um ambiente natural habit\u00e1vel e o seu uso conforme \u00e0 vontade divina\u00bb, dado que \u00abn\u00e3o s\u00f3 as gera\u00e7\u00f5es atuais, mas tamb\u00e9m as futuras t\u00eam o direito de usufruir dos bens naturais\u00bb oferecidos por Deus.<\/p>\n<hr>\n<p style=\"text-align: right;\">In &#8220;L&#8217;Osservatore Romano&#8221;, 1.9.2016<br \/>\nTrad. \/ Edi\u00e7\u00e3o: Rui Jorge Martins<br \/>\nFonte: <a href=\"http:\/\/www.snpcultura.org\/\">Pastoral da Cultura<\/a><\/p>\n<p>&nbsp;<\/p>\n","protected":false},"excerpt":{"rendered":"<p>O Patriarca ecum\u00eanico Bartolomeu I considera que \u00e9 fundamental mobilizar as for\u00e7as na luta pela prote\u00e7\u00e3o do ambiente na sua mais ampla acep\u00e7\u00e3o, ou seja, como \u00abconjun\u00e7\u00e3o harm\u00f4nica do ambiente natural e cultural do g\u00eanero humano\u00bb. A posi\u00e7\u00e3o de Bartolomeu&#8230;<\/p>\n","protected":false},"author":1,"featured_media":21738,"comment_status":"open","ping_status":"open","sticky":false,"template":"","format":"standard","meta":{"_acf_changed":false,"footnotes":""},"categories":[1,72],"tags":[],"class_list":["post-21737","post","type-post","status-publish","format-standard","has-post-thumbnail","hentry","category-news","category-patriarcado-ecumenico","entry","rows-excerpt"],"acf":[],"yoast_head":"<!-- This site is optimized with the Yoast SEO plugin v27.4 - https:\/\/yoast.com\/product\/yoast-seo-wordpress\/ -->\n<title>Patriarca Ecum\u00eanico pede \u00abbeleza\u00bb, diz que ambiente e cultura est\u00e3o unidos e lamenta destrui\u00e7\u00e3o de monumentos | ECCLESIA NEWS<\/title>\n<meta name=\"robots\" content=\"index, follow, max-snippet:-1, max-image-preview:large, max-video-preview:-1\" \/>\n<link rel=\"canonical\" href=\"https:\/\/news.ecclesia.org.br\/?p=21737\" \/>\n<meta property=\"og:locale\" content=\"pt_BR\" \/>\n<meta property=\"og:type\" content=\"article\" \/>\n<meta property=\"og:title\" content=\"Patriarca Ecum\u00eanico pede \u00abbeleza\u00bb, diz que ambiente e cultura est\u00e3o unidos e lamenta destrui\u00e7\u00e3o de monumentos | ECCLESIA NEWS\" \/>\n<meta property=\"og:description\" content=\"O Patriarca ecum\u00eanico Bartolomeu I considera que \u00e9 fundamental mobilizar as for\u00e7as na luta pela prote\u00e7\u00e3o do ambiente na sua mais ampla acep\u00e7\u00e3o, ou seja, como \u00abconjun\u00e7\u00e3o harm\u00f4nica do ambiente natural e cultural do g\u00eanero humano\u00bb. A posi\u00e7\u00e3o de Bartolomeu&#8230;\" \/>\n<meta property=\"og:url\" content=\"https:\/\/news.ecclesia.org.br\/?p=21737\" \/>\n<meta property=\"og:site_name\" content=\"ECCLESIA NEWS\" \/>\n<meta property=\"article:publisher\" content=\"https:\/\/www.facebook.com\/Ecclesia2025\" \/>\n<meta property=\"article:published_time\" content=\"2016-09-03T21:47:37+00:00\" \/>\n<meta property=\"article:modified_time\" content=\"2021-07-22T22:52:46+00:00\" \/>\n<meta property=\"og:image\" content=\"https:\/\/news.ecclesia.org.br\/wp-content\/uploads\/2016\/09\/palmira.jpg\" \/>\n\t<meta property=\"og:image:width\" content=\"400\" \/>\n\t<meta property=\"og:image:height\" content=\"580\" \/>\n\t<meta property=\"og:image:type\" content=\"image\/jpeg\" \/>\n<meta name=\"author\" content=\"Pe. Andr\u00e9\" \/>\n<meta name=\"twitter:card\" content=\"summary_large_image\" \/>\n<meta name=\"twitter:creator\" content=\"@EcclesiaNews\" \/>\n<meta name=\"twitter:site\" content=\"@EcclesiaNews\" \/>\n<meta name=\"twitter:label1\" content=\"Escrito por\" \/>\n\t<meta name=\"twitter:data1\" content=\"Pe. Andr\u00e9\" \/>\n\t<meta name=\"twitter:label2\" content=\"Est. tempo de leitura\" \/>\n\t<meta name=\"twitter:data2\" content=\"3 minutos\" \/>\n<script type=\"application\/ld+json\" class=\"yoast-schema-graph\">{\"@context\":\"https:\\\/\\\/schema.org\",\"@graph\":[{\"@type\":\"Article\",\"@id\":\"https:\\\/\\\/news.ecclesia.org.br\\\/?p=21737#article\",\"isPartOf\":{\"@id\":\"https:\\\/\\\/news.ecclesia.org.br\\\/?p=21737\"},\"author\":{\"name\":\"Pe. Andr\u00e9\",\"@id\":\"https:\\\/\\\/news.ecclesia.org.br\\\/#\\\/schema\\\/person\\\/6f09597f025829745ba414a569f63758\"},\"headline\":\"Patriarca Ecum\u00eanico pede \u00abbeleza\u00bb, diz que ambiente e cultura est\u00e3o unidos e lamenta destrui\u00e7\u00e3o de monumentos\",\"datePublished\":\"2016-09-03T21:47:37+00:00\",\"dateModified\":\"2021-07-22T22:52:46+00:00\",\"mainEntityOfPage\":{\"@id\":\"https:\\\/\\\/news.ecclesia.org.br\\\/?p=21737\"},\"wordCount\":563,\"commentCount\":0,\"publisher\":{\"@id\":\"https:\\\/\\\/news.ecclesia.org.br\\\/#organization\"},\"image\":{\"@id\":\"https:\\\/\\\/news.ecclesia.org.br\\\/?p=21737#primaryimage\"},\"thumbnailUrl\":\"https:\\\/\\\/news.ecclesia.org.br\\\/wp-content\\\/uploads\\\/2016\\\/09\\\/palmira.jpg\",\"articleSection\":[\"NEWS\",\"Patriarcado Ecum\u00eanico\"],\"inLanguage\":\"pt-BR\",\"potentialAction\":[{\"@type\":\"CommentAction\",\"name\":\"Comment\",\"target\":[\"https:\\\/\\\/news.ecclesia.org.br\\\/?p=21737#respond\"]}]},{\"@type\":\"WebPage\",\"@id\":\"https:\\\/\\\/news.ecclesia.org.br\\\/?p=21737\",\"url\":\"https:\\\/\\\/news.ecclesia.org.br\\\/?p=21737\",\"name\":\"Patriarca Ecum\u00eanico pede \u00abbeleza\u00bb, diz que ambiente e cultura est\u00e3o unidos e lamenta destrui\u00e7\u00e3o de monumentos | ECCLESIA NEWS\",\"isPartOf\":{\"@id\":\"https:\\\/\\\/news.ecclesia.org.br\\\/#website\"},\"primaryImageOfPage\":{\"@id\":\"https:\\\/\\\/news.ecclesia.org.br\\\/?p=21737#primaryimage\"},\"image\":{\"@id\":\"https:\\\/\\\/news.ecclesia.org.br\\\/?p=21737#primaryimage\"},\"thumbnailUrl\":\"https:\\\/\\\/news.ecclesia.org.br\\\/wp-content\\\/uploads\\\/2016\\\/09\\\/palmira.jpg\",\"datePublished\":\"2016-09-03T21:47:37+00:00\",\"dateModified\":\"2021-07-22T22:52:46+00:00\",\"breadcrumb\":{\"@id\":\"https:\\\/\\\/news.ecclesia.org.br\\\/?p=21737#breadcrumb\"},\"inLanguage\":\"pt-BR\",\"potentialAction\":[{\"@type\":\"ReadAction\",\"target\":[\"https:\\\/\\\/news.ecclesia.org.br\\\/?p=21737\"]}]},{\"@type\":\"ImageObject\",\"inLanguage\":\"pt-BR\",\"@id\":\"https:\\\/\\\/news.ecclesia.org.br\\\/?p=21737#primaryimage\",\"url\":\"https:\\\/\\\/news.ecclesia.org.br\\\/wp-content\\\/uploads\\\/2016\\\/09\\\/palmira.jpg\",\"contentUrl\":\"https:\\\/\\\/news.ecclesia.org.br\\\/wp-content\\\/uploads\\\/2016\\\/09\\\/palmira.jpg\",\"width\":400,\"height\":580,\"caption\":\"Palmira, S\u00edria | \u00a9 2016 LUSA - Ag\u00eancia de Not\u00edcias de Portugal, S.A\"},{\"@type\":\"BreadcrumbList\",\"@id\":\"https:\\\/\\\/news.ecclesia.org.br\\\/?p=21737#breadcrumb\",\"itemListElement\":[{\"@type\":\"ListItem\",\"position\":1,\"name\":\"In\u00edcio\",\"item\":\"https:\\\/\\\/news.ecclesia.org.br\\\/\"},{\"@type\":\"ListItem\",\"position\":2,\"name\":\"Patriarca Ecum\u00eanico pede \u00abbeleza\u00bb, diz que ambiente e cultura est\u00e3o unidos e lamenta destrui\u00e7\u00e3o de monumentos\"}]},{\"@type\":\"WebSite\",\"@id\":\"https:\\\/\\\/news.ecclesia.org.br\\\/#website\",\"url\":\"https:\\\/\\\/news.ecclesia.org.br\\\/\",\"name\":\"Ecclesia Brasil\",\"description\":\"Desde 2003 onectando o Brasil ao mundo ortodoxo!\",\"publisher\":{\"@id\":\"https:\\\/\\\/news.ecclesia.org.br\\\/#organization\"},\"alternateName\":\"Ecclesia\",\"potentialAction\":[{\"@type\":\"SearchAction\",\"target\":{\"@type\":\"EntryPoint\",\"urlTemplate\":\"https:\\\/\\\/news.ecclesia.org.br\\\/?s={search_term_string}\"},\"query-input\":{\"@type\":\"PropertyValueSpecification\",\"valueRequired\":true,\"valueName\":\"search_term_string\"}}],\"inLanguage\":\"pt-BR\"},{\"@type\":\"Organization\",\"@id\":\"https:\\\/\\\/news.ecclesia.org.br\\\/#organization\",\"name\":\"Sacra Arquidiocese de Buenos Aires e Am\u00e9rica do Sul | Patriarcado Ecum\u00eanico\",\"alternateName\":\"News Ecclesia Brasil\",\"url\":\"https:\\\/\\\/news.ecclesia.org.br\\\/\",\"logo\":{\"@type\":\"ImageObject\",\"inLanguage\":\"pt-BR\",\"@id\":\"https:\\\/\\\/news.ecclesia.org.br\\\/#\\\/schema\\\/logo\\\/image\\\/\",\"url\":\"https:\\\/\\\/news.ecclesia.org.br\\\/wp-content\\\/uploads\\\/2025\\\/05\\\/ecclesia2.png\",\"contentUrl\":\"https:\\\/\\\/news.ecclesia.org.br\\\/wp-content\\\/uploads\\\/2025\\\/05\\\/ecclesia2.png\",\"width\":480,\"height\":120,\"caption\":\"Sacra Arquidiocese de Buenos Aires e Am\u00e9rica do Sul | Patriarcado Ecum\u00eanico\"},\"image\":{\"@id\":\"https:\\\/\\\/news.ecclesia.org.br\\\/#\\\/schema\\\/logo\\\/image\\\/\"},\"sameAs\":[\"https:\\\/\\\/www.facebook.com\\\/Ecclesia2025\",\"https:\\\/\\\/x.com\\\/EcclesiaNews\",\"https:\\\/\\\/br.pinterest.com\\\/ekklisia\\\/\",\"https:\\\/\\\/www.youtube.com\\\/@EcclesiaBrasil\"]},{\"@type\":\"Person\",\"@id\":\"https:\\\/\\\/news.ecclesia.org.br\\\/#\\\/schema\\\/person\\\/6f09597f025829745ba414a569f63758\",\"name\":\"Pe. Andr\u00e9\",\"image\":{\"@type\":\"ImageObject\",\"inLanguage\":\"pt-BR\",\"@id\":\"https:\\\/\\\/secure.gravatar.com\\\/avatar\\\/b4327cfa27e9799da239a26adcd534fc29cdc0c4a4a148eecbcfeb9b42c617ac?s=96&d=mm&r=g\",\"url\":\"https:\\\/\\\/secure.gravatar.com\\\/avatar\\\/b4327cfa27e9799da239a26adcd534fc29cdc0c4a4a148eecbcfeb9b42c617ac?s=96&d=mm&r=g\",\"contentUrl\":\"https:\\\/\\\/secure.gravatar.com\\\/avatar\\\/b4327cfa27e9799da239a26adcd534fc29cdc0c4a4a148eecbcfeb9b42c617ac?s=96&d=mm&r=g\",\"caption\":\"Pe. Andr\u00e9\"},\"sameAs\":[\"https:\\\/\\\/www.ecclesia.org.br\"]}]}<\/script>\n<!-- \/ Yoast SEO plugin. -->","yoast_head_json":{"title":"Patriarca Ecum\u00eanico pede \u00abbeleza\u00bb, diz que ambiente e cultura est\u00e3o unidos e lamenta destrui\u00e7\u00e3o de monumentos | ECCLESIA NEWS","robots":{"index":"index","follow":"follow","max-snippet":"max-snippet:-1","max-image-preview":"max-image-preview:large","max-video-preview":"max-video-preview:-1"},"canonical":"https:\/\/news.ecclesia.org.br\/?p=21737","og_locale":"pt_BR","og_type":"article","og_title":"Patriarca Ecum\u00eanico pede \u00abbeleza\u00bb, diz que ambiente e cultura est\u00e3o unidos e lamenta destrui\u00e7\u00e3o de monumentos | ECCLESIA NEWS","og_description":"O Patriarca ecum\u00eanico Bartolomeu I considera que \u00e9 fundamental mobilizar as for\u00e7as na luta pela prote\u00e7\u00e3o do ambiente na sua mais ampla acep\u00e7\u00e3o, ou seja, como \u00abconjun\u00e7\u00e3o harm\u00f4nica do ambiente natural e cultural do g\u00eanero humano\u00bb. A posi\u00e7\u00e3o de Bartolomeu&#8230;","og_url":"https:\/\/news.ecclesia.org.br\/?p=21737","og_site_name":"ECCLESIA NEWS","article_publisher":"https:\/\/www.facebook.com\/Ecclesia2025","article_published_time":"2016-09-03T21:47:37+00:00","article_modified_time":"2021-07-22T22:52:46+00:00","og_image":[{"width":400,"height":580,"url":"https:\/\/news.ecclesia.org.br\/wp-content\/uploads\/2016\/09\/palmira.jpg","type":"image\/jpeg"}],"author":"Pe. Andr\u00e9","twitter_card":"summary_large_image","twitter_creator":"@EcclesiaNews","twitter_site":"@EcclesiaNews","twitter_misc":{"Escrito por":"Pe. Andr\u00e9","Est. tempo de leitura":"3 minutos"},"schema":{"@context":"https:\/\/schema.org","@graph":[{"@type":"Article","@id":"https:\/\/news.ecclesia.org.br\/?p=21737#article","isPartOf":{"@id":"https:\/\/news.ecclesia.org.br\/?p=21737"},"author":{"name":"Pe. Andr\u00e9","@id":"https:\/\/news.ecclesia.org.br\/#\/schema\/person\/6f09597f025829745ba414a569f63758"},"headline":"Patriarca Ecum\u00eanico pede \u00abbeleza\u00bb, diz que ambiente e cultura est\u00e3o unidos e lamenta destrui\u00e7\u00e3o de monumentos","datePublished":"2016-09-03T21:47:37+00:00","dateModified":"2021-07-22T22:52:46+00:00","mainEntityOfPage":{"@id":"https:\/\/news.ecclesia.org.br\/?p=21737"},"wordCount":563,"commentCount":0,"publisher":{"@id":"https:\/\/news.ecclesia.org.br\/#organization"},"image":{"@id":"https:\/\/news.ecclesia.org.br\/?p=21737#primaryimage"},"thumbnailUrl":"https:\/\/news.ecclesia.org.br\/wp-content\/uploads\/2016\/09\/palmira.jpg","articleSection":["NEWS","Patriarcado Ecum\u00eanico"],"inLanguage":"pt-BR","potentialAction":[{"@type":"CommentAction","name":"Comment","target":["https:\/\/news.ecclesia.org.br\/?p=21737#respond"]}]},{"@type":"WebPage","@id":"https:\/\/news.ecclesia.org.br\/?p=21737","url":"https:\/\/news.ecclesia.org.br\/?p=21737","name":"Patriarca Ecum\u00eanico pede \u00abbeleza\u00bb, diz que ambiente e cultura est\u00e3o unidos e lamenta destrui\u00e7\u00e3o de monumentos | ECCLESIA NEWS","isPartOf":{"@id":"https:\/\/news.ecclesia.org.br\/#website"},"primaryImageOfPage":{"@id":"https:\/\/news.ecclesia.org.br\/?p=21737#primaryimage"},"image":{"@id":"https:\/\/news.ecclesia.org.br\/?p=21737#primaryimage"},"thumbnailUrl":"https:\/\/news.ecclesia.org.br\/wp-content\/uploads\/2016\/09\/palmira.jpg","datePublished":"2016-09-03T21:47:37+00:00","dateModified":"2021-07-22T22:52:46+00:00","breadcrumb":{"@id":"https:\/\/news.ecclesia.org.br\/?p=21737#breadcrumb"},"inLanguage":"pt-BR","potentialAction":[{"@type":"ReadAction","target":["https:\/\/news.ecclesia.org.br\/?p=21737"]}]},{"@type":"ImageObject","inLanguage":"pt-BR","@id":"https:\/\/news.ecclesia.org.br\/?p=21737#primaryimage","url":"https:\/\/news.ecclesia.org.br\/wp-content\/uploads\/2016\/09\/palmira.jpg","contentUrl":"https:\/\/news.ecclesia.org.br\/wp-content\/uploads\/2016\/09\/palmira.jpg","width":400,"height":580,"caption":"Palmira, S\u00edria | \u00a9 2016 LUSA - Ag\u00eancia de Not\u00edcias de Portugal, S.A"},{"@type":"BreadcrumbList","@id":"https:\/\/news.ecclesia.org.br\/?p=21737#breadcrumb","itemListElement":[{"@type":"ListItem","position":1,"name":"In\u00edcio","item":"https:\/\/news.ecclesia.org.br\/"},{"@type":"ListItem","position":2,"name":"Patriarca Ecum\u00eanico pede \u00abbeleza\u00bb, diz que ambiente e cultura est\u00e3o unidos e lamenta destrui\u00e7\u00e3o de monumentos"}]},{"@type":"WebSite","@id":"https:\/\/news.ecclesia.org.br\/#website","url":"https:\/\/news.ecclesia.org.br\/","name":"Ecclesia Brasil","description":"Desde 2003 onectando o Brasil ao mundo ortodoxo!","publisher":{"@id":"https:\/\/news.ecclesia.org.br\/#organization"},"alternateName":"Ecclesia","potentialAction":[{"@type":"SearchAction","target":{"@type":"EntryPoint","urlTemplate":"https:\/\/news.ecclesia.org.br\/?s={search_term_string}"},"query-input":{"@type":"PropertyValueSpecification","valueRequired":true,"valueName":"search_term_string"}}],"inLanguage":"pt-BR"},{"@type":"Organization","@id":"https:\/\/news.ecclesia.org.br\/#organization","name":"Sacra Arquidiocese de Buenos Aires e Am\u00e9rica do Sul | Patriarcado Ecum\u00eanico","alternateName":"News Ecclesia Brasil","url":"https:\/\/news.ecclesia.org.br\/","logo":{"@type":"ImageObject","inLanguage":"pt-BR","@id":"https:\/\/news.ecclesia.org.br\/#\/schema\/logo\/image\/","url":"https:\/\/news.ecclesia.org.br\/wp-content\/uploads\/2025\/05\/ecclesia2.png","contentUrl":"https:\/\/news.ecclesia.org.br\/wp-content\/uploads\/2025\/05\/ecclesia2.png","width":480,"height":120,"caption":"Sacra Arquidiocese de Buenos Aires e Am\u00e9rica do Sul | Patriarcado Ecum\u00eanico"},"image":{"@id":"https:\/\/news.ecclesia.org.br\/#\/schema\/logo\/image\/"},"sameAs":["https:\/\/www.facebook.com\/Ecclesia2025","https:\/\/x.com\/EcclesiaNews","https:\/\/br.pinterest.com\/ekklisia\/","https:\/\/www.youtube.com\/@EcclesiaBrasil"]},{"@type":"Person","@id":"https:\/\/news.ecclesia.org.br\/#\/schema\/person\/6f09597f025829745ba414a569f63758","name":"Pe. Andr\u00e9","image":{"@type":"ImageObject","inLanguage":"pt-BR","@id":"https:\/\/secure.gravatar.com\/avatar\/b4327cfa27e9799da239a26adcd534fc29cdc0c4a4a148eecbcfeb9b42c617ac?s=96&d=mm&r=g","url":"https:\/\/secure.gravatar.com\/avatar\/b4327cfa27e9799da239a26adcd534fc29cdc0c4a4a148eecbcfeb9b42c617ac?s=96&d=mm&r=g","contentUrl":"https:\/\/secure.gravatar.com\/avatar\/b4327cfa27e9799da239a26adcd534fc29cdc0c4a4a148eecbcfeb9b42c617ac?s=96&d=mm&r=g","caption":"Pe. Andr\u00e9"},"sameAs":["https:\/\/www.ecclesia.org.br"]}]}},"_links":{"self":[{"href":"https:\/\/news.ecclesia.org.br\/index.php?rest_route=\/wp\/v2\/posts\/21737","targetHints":{"allow":["GET"]}}],"collection":[{"href":"https:\/\/news.ecclesia.org.br\/index.php?rest_route=\/wp\/v2\/posts"}],"about":[{"href":"https:\/\/news.ecclesia.org.br\/index.php?rest_route=\/wp\/v2\/types\/post"}],"author":[{"embeddable":true,"href":"https:\/\/news.ecclesia.org.br\/index.php?rest_route=\/wp\/v2\/users\/1"}],"replies":[{"embeddable":true,"href":"https:\/\/news.ecclesia.org.br\/index.php?rest_route=%2Fwp%2Fv2%2Fcomments&post=21737"}],"version-history":[{"count":1,"href":"https:\/\/news.ecclesia.org.br\/index.php?rest_route=\/wp\/v2\/posts\/21737\/revisions"}],"predecessor-version":[{"id":33946,"href":"https:\/\/news.ecclesia.org.br\/index.php?rest_route=\/wp\/v2\/posts\/21737\/revisions\/33946"}],"wp:featuredmedia":[{"embeddable":true,"href":"https:\/\/news.ecclesia.org.br\/index.php?rest_route=\/wp\/v2\/media\/21738"}],"wp:attachment":[{"href":"https:\/\/news.ecclesia.org.br\/index.php?rest_route=%2Fwp%2Fv2%2Fmedia&parent=21737"}],"wp:term":[{"taxonomy":"category","embeddable":true,"href":"https:\/\/news.ecclesia.org.br\/index.php?rest_route=%2Fwp%2Fv2%2Fcategories&post=21737"},{"taxonomy":"post_tag","embeddable":true,"href":"https:\/\/news.ecclesia.org.br\/index.php?rest_route=%2Fwp%2Fv2%2Ftags&post=21737"}],"curies":[{"name":"wp","href":"https:\/\/api.w.org\/{rel}","templated":true}]}}