{"id":21698,"date":"2016-08-31T13:15:02","date_gmt":"2016-08-31T13:15:02","guid":{"rendered":"https:\/\/news.ecclesia.org.br\/2013\/?p=21698"},"modified":"2016-08-31T13:22:17","modified_gmt":"2016-08-31T13:22:17","slug":"o-dia-mundial-de-oracao-e-acao-pelo-cuidado-da-criacao-une-os-cristaos","status":"publish","type":"post","link":"https:\/\/news.ecclesia.org.br\/?p=21698","title":{"rendered":"O Dia Mundial de Ora\u00e7\u00e3o &#8211; e a\u00e7\u00e3o &#8211; pelo &#8220;Cuidado da Cria\u00e7\u00e3o&#8221; une os crist\u00e3os"},"content":{"rendered":"<p style=\"text-align: justify;\"><a href=\"https:\/\/news.ecclesia.org.br\/2013\/wp-content\/uploads\/2016\/08\/010.jpg\"><img fetchpriority=\"high\" decoding=\"async\" class=\"alignleft size-medium wp-image-21700\" src=\"https:\/\/news.ecclesia.org.br\/2013\/wp-content\/uploads\/2016\/08\/010-300x213.jpg\" alt=\"010\" width=\"300\" height=\"213\" srcset=\"https:\/\/news.ecclesia.org.br\/wp-content\/uploads\/2016\/08\/010-300x213.jpg 300w, https:\/\/news.ecclesia.org.br\/wp-content\/uploads\/2016\/08\/010-600x426.jpg 600w, https:\/\/news.ecclesia.org.br\/wp-content\/uploads\/2016\/08\/010-78x55.jpg 78w, https:\/\/news.ecclesia.org.br\/wp-content\/uploads\/2016\/08\/010.jpg 640w\" sizes=\"(max-width: 300px) 100vw, 300px\" \/><\/a>30 de agosto 2016 \u2013 CMI &#8212; \u00abComo crist\u00e3os, temos esperan\u00e7a. N\u00f3s acreditamos que Deus n\u00e3o abandona a cria\u00e7\u00e3o e que n\u00f3s mesmos podemos nos tornar far\u00f3is dessa esperan\u00e7a semeando as sementes de um futuro diferente\u00bb, disse o Rev. Dr. Olav Fykse Tveit, secret\u00e1rio-geral do Conselho Mundial de Igrejas (CMI) em uma mensagem de v\u00eddeo na qual apela aos crist\u00e3os de todo o mundo para que orem juntos pela \u00abmaravilhosa obra de Deus.\u00bb<\/p>\n<p style=\"text-align: justify;\">Em 1\u00ba de setembro, as igrejas em todo o mundo ir\u00e3o se unir para comemorar o \u00abDia Mundial de Ora\u00e7\u00e3o pelo Cuidado da Cria\u00e7\u00e3o\u00bb e para comemorar o Tempo da cria\u00e7\u00e3o entre esse dia e o dia 4 de outubro, data em que se celebra a festa de S\u00e3o Francisco de Assis. Muitas organiza\u00e7\u00f5es ortodoxas, cat\u00f3licas, protestantes e anglicanas ir\u00e3o aderir a esta iniciativa, a fim de incentivar aos 2.200 milh\u00f5es de crist\u00e3os em todo o mundo a orar e atuar em quest\u00f5es ecol\u00f3gicas no pr\u00f3ximo m\u00eas.<\/p>\n<p style=\"text-align: justify;\">Em sua mensagem, Tveit referiu-se a outras medidas que podem adotar os que se unem \u00e0s ora\u00e7\u00f5es. \u00abInstemos a nossos governos a ratificarem o Acordo de Paris; exijamos indicadores alternativos de crescimento que afiram melhor a sa\u00fade das comunidades e dos ecossistemas. Podemos parar de investir em combust\u00edveis f\u00f3sseis e voltar a investir em alternativas sustent\u00e1veis\u00bb&#8221;, disse.<\/p>\n<p style=\"text-align: justify;\"><strong>O Patriarca Ecum\u00eanico Dimitrios I, de santa Mem\u00f3ria, proclamou o 1\u00ba de setembro como o Dia de Ora\u00e7\u00e3o pelo Meio Ambiente, em 1989. O Novo Ano da Igreja Ortodoxa come\u00e7a nesse dia com a comemora\u00e7\u00e3o de como Deus criou o mundo. As Igrejas Cat\u00f3lico-Romana e outras de tradi\u00e7\u00f5es ocidentais celebram em 4 de outubro a festa de S\u00e3o Francisco de Assis, conhecido por muitos como o autor do C\u00e2ntico das Criaturas. <\/strong><\/p>\n<p style=\"text-align: justify;\">A Terceira Assembleia Ecum\u00eanica Europeia, realizada em Sibiu, em 2007, prop\u00f4s celebrar um tempo para a cria\u00e7\u00e3o durante estas cinco semanas. No no ano seguinte, o Comit\u00ea Central do CMI convidou as igrejas a dedicar um tempo para a cria\u00e7\u00e3o atrav\u00e9s de ora\u00e7\u00f5es e a\u00e7\u00f5es. Em 2015, o Papa Francisco instituiu tamb\u00e9m o Dia Mundial de Ora\u00e7\u00e3o pelo Cuidado da Cria\u00e7\u00e3o na Igreja Cat\u00f3lica Romana em todo o mundo em 1\u00ba de setembro.<\/p>\n<p style=\"text-align: justify;\">O esfor\u00e7o coletivo das diferentes tradi\u00e7\u00f5es, em 2016 incentiva a ora\u00e7\u00e3o e a a\u00e7\u00e3o pela cria\u00e7\u00e3o. Para este fim, criou-se o site ecum\u00eanico <a href=\"http:\/\/www.es.seasonofcreation.org\/\">es.seasonofcreation.org<\/a> para que seja usado como um centro de coleta recursos e informa\u00e7\u00f5es sobre a campanha.<\/p>\n<p style=\"text-align: justify;\">Os participantes s\u00e3o encorajados a realizar algum tipo de iniciativa de promo\u00e7\u00e3o como uma maneira de levar sua ora\u00e7\u00e3o \u00e0 a\u00e7\u00e3o. Al\u00e9m disso, ser\u00e1 realizado um esfor\u00e7o conjunto de conscientiza\u00e7\u00e3o pedindo para que seja assinado e ratificado com urg\u00eancia o Acordo de Paris, coincidindo com a Assembleia Geral da ONU.<\/p>\n<p style=\"text-align: justify;\">\u00abEnquanto o planeta segue a quebrar recordes de calor, n\u00f3s, cat\u00f3licos, devemos responder ao dram\u00e1tico apelo \u00e0 a\u00e7\u00e3o do Santo Padre em<em> Laudato si\u00bb<\/em>, disse Thomas Insua, coordenador global do Movimento Cat\u00f3lico Mundial pelo Clima. \u00abE o Dia Mundial de Ora\u00e7\u00e3o pelo Cuidado da Cria\u00e7\u00e3o \u00e9 a oportunidade perfeita para que as par\u00f3quias e as comunidades intensifiquem seu compromisso ecol\u00f3gico e se juntem a outros crist\u00e3os para passar \u00e0 a\u00e7\u00e3o durante o Tempo da Cria\u00e7\u00e3o.\u00bb<\/p>\n<p style=\"text-align: justify;\">Convida-se as pessoas e as comunidades a organizar servi\u00e7os de ora\u00e7\u00e3o a n\u00edvel local, para que mostrem um mapa mundial ilustrando o alcance da colabora\u00e7\u00e3o. Tamb\u00e9m s\u00e3o convidados indiv\u00edduos a participarem on-line por meio de eventos do Facebook e campanhas de Thunderclap promovendo o\u00a0hashtag\u00a0#SeasonOfCreation.<\/p>\n<p style=\"text-align: justify;\">As organiza\u00e7\u00f5es que convocam, que lideram os esfor\u00e7os de promo\u00e7\u00e3o do Tempo da Cria\u00e7\u00e3o s\u00e3o: o Conselho Mundial de Igrejas \u2013 CMI; a Rede Ambiental da Comunh\u00e3o Anglicana; a Rede Mundial de Ora\u00e7\u00e3o do Papa (Apostolado da Ora\u00e7\u00e3o); o Movimento Cat\u00f3lico Mundial pelo clima; ACT Alliance e GreenFaith.<\/p>\n<ul>\n<li><a href=\"https:\/\/www.facebook.com\/plugins\/video.php?href=https%3A%2F%2Fwww.facebook.com%2FWorldCouncilofChurches%2Fvideos%2F1145946832117767%2F&amp;show_text=0&amp;width=560\">V\u00eddeo WCC: Ore e cuidar da cria\u00e7\u00e3o em 1\u00ba de Setembro<\/a><\/li>\n<li><a href=\"http:\/\/www.oikoumene.org\/es\/nuestra-labor\/el-cuidado-de-la-creacion-y-la-justicia-climatica\/tiempo-para-la-creacion\">Tempo para a Cria\u00e7\u00e3o do CMI<\/a><\/li>\n<li><a href=\"http:\/\/es.seasonofcreation.org\/\">Web Site Tempo da cria\u00e7\u00e3o<\/a><\/li>\n<li><a href=\"http:\/\/www.oikoumene.org\/es\/press-centre\/news\/nuestra-labor\/el-cuidado-de-la-creacion-y-la-justicia-climatica?set_language=es\">Trabalho do CMI sobre o cuidado da cria\u00e7\u00e3o e a justi\u00e7a clim\u00e1tica<\/a><\/li>\n<\/ul>\n<p style=\"text-align: right;\">Fonte: <a href=\"http:\/\/www.oikoumene.org\/es\/press-centre\/news\/day-of-worldwide-201ccare-of-creation201d-prayer-and-action-unites-christians\">CMI<\/a><br \/>\nTradu\u00e7\u00e3o: Pe. Andr\u00e9 Sperandio | S\u00e3o Jos\u00e9 &#8211; SC<\/p>\n<p>&nbsp;<\/p>\n<p>&nbsp;<\/p>\n<p>&nbsp;<\/p>\n<p>&nbsp;<\/p>\n<p>&nbsp;<\/p>\n<p>&nbsp;<\/p>\n<p>&nbsp;<\/p>\n","protected":false},"excerpt":{"rendered":"<p>30 de agosto 2016 \u2013 CMI &#8212; \u00abComo crist\u00e3os, temos esperan\u00e7a. N\u00f3s acreditamos que Deus n\u00e3o abandona a cria\u00e7\u00e3o e que n\u00f3s mesmos podemos nos tornar far\u00f3is dessa esperan\u00e7a semeando as sementes de um futuro diferente\u00bb, disse o Rev. Dr.&#8230;<\/p>\n","protected":false},"author":1,"featured_media":21700,"comment_status":"open","ping_status":"open","sticky":false,"template":"","format":"standard","meta":{"_acf_changed":false,"footnotes":""},"categories":[3,72],"tags":[],"class_list":["post-21698","post","type-post","status-publish","format-standard","has-post-thumbnail","hentry","category-mundo","category-patriarcado-ecumenico","entry","rows-excerpt"],"acf":[],"yoast_head":"<!-- This site is optimized with the Yoast SEO plugin v27.4 - https:\/\/yoast.com\/product\/yoast-seo-wordpress\/ -->\n<title>O Dia Mundial de Ora\u00e7\u00e3o - e a\u00e7\u00e3o - pelo &quot;Cuidado da Cria\u00e7\u00e3o&quot; une os crist\u00e3os | ECCLESIA NEWS<\/title>\n<meta name=\"robots\" content=\"index, follow, max-snippet:-1, max-image-preview:large, max-video-preview:-1\" \/>\n<link rel=\"canonical\" href=\"https:\/\/news.ecclesia.org.br\/?p=21698\" \/>\n<meta property=\"og:locale\" content=\"pt_BR\" \/>\n<meta property=\"og:type\" content=\"article\" \/>\n<meta property=\"og:title\" content=\"O Dia Mundial de Ora\u00e7\u00e3o - e a\u00e7\u00e3o - pelo &quot;Cuidado da Cria\u00e7\u00e3o&quot; une os crist\u00e3os | ECCLESIA NEWS\" \/>\n<meta property=\"og:description\" content=\"30 de agosto 2016 \u2013 CMI &#8212; \u00abComo crist\u00e3os, temos esperan\u00e7a. N\u00f3s acreditamos que Deus n\u00e3o abandona a cria\u00e7\u00e3o e que n\u00f3s mesmos podemos nos tornar far\u00f3is dessa esperan\u00e7a semeando as sementes de um futuro diferente\u00bb, disse o Rev. Dr.&#8230;\" \/>\n<meta property=\"og:url\" content=\"https:\/\/news.ecclesia.org.br\/?p=21698\" \/>\n<meta property=\"og:site_name\" content=\"ECCLESIA NEWS\" \/>\n<meta property=\"article:publisher\" content=\"https:\/\/www.facebook.com\/Ecclesia2025\" \/>\n<meta property=\"article:published_time\" content=\"2016-08-31T13:15:02+00:00\" \/>\n<meta property=\"article:modified_time\" content=\"2016-08-31T13:22:17+00:00\" \/>\n<meta property=\"og:image\" content=\"https:\/\/news.ecclesia.org.br\/wp-content\/uploads\/2016\/08\/010.jpg\" \/>\n\t<meta property=\"og:image:width\" content=\"640\" \/>\n\t<meta property=\"og:image:height\" content=\"454\" \/>\n\t<meta property=\"og:image:type\" content=\"image\/jpeg\" \/>\n<meta name=\"author\" content=\"Pe. Andr\u00e9\" \/>\n<meta name=\"twitter:card\" content=\"summary_large_image\" \/>\n<meta name=\"twitter:creator\" content=\"@EcclesiaNews\" \/>\n<meta name=\"twitter:site\" content=\"@EcclesiaNews\" \/>\n<meta name=\"twitter:label1\" content=\"Escrito por\" \/>\n\t<meta name=\"twitter:data1\" content=\"Pe. Andr\u00e9\" \/>\n\t<meta name=\"twitter:label2\" content=\"Est. tempo de leitura\" \/>\n\t<meta name=\"twitter:data2\" content=\"4 minutos\" \/>\n<script type=\"application\/ld+json\" class=\"yoast-schema-graph\">{\"@context\":\"https:\\\/\\\/schema.org\",\"@graph\":[{\"@type\":\"Article\",\"@id\":\"https:\\\/\\\/news.ecclesia.org.br\\\/?p=21698#article\",\"isPartOf\":{\"@id\":\"https:\\\/\\\/news.ecclesia.org.br\\\/?p=21698\"},\"author\":{\"name\":\"Pe. Andr\u00e9\",\"@id\":\"https:\\\/\\\/news.ecclesia.org.br\\\/#\\\/schema\\\/person\\\/6f09597f025829745ba414a569f63758\"},\"headline\":\"O Dia Mundial de Ora\u00e7\u00e3o &#8211; e a\u00e7\u00e3o &#8211; pelo &#8220;Cuidado da Cria\u00e7\u00e3o&#8221; une os crist\u00e3os\",\"datePublished\":\"2016-08-31T13:15:02+00:00\",\"dateModified\":\"2016-08-31T13:22:17+00:00\",\"mainEntityOfPage\":{\"@id\":\"https:\\\/\\\/news.ecclesia.org.br\\\/?p=21698\"},\"wordCount\":775,\"commentCount\":0,\"publisher\":{\"@id\":\"https:\\\/\\\/news.ecclesia.org.br\\\/#organization\"},\"image\":{\"@id\":\"https:\\\/\\\/news.ecclesia.org.br\\\/?p=21698#primaryimage\"},\"thumbnailUrl\":\"https:\\\/\\\/news.ecclesia.org.br\\\/wp-content\\\/uploads\\\/2016\\\/08\\\/010.jpg\",\"articleSection\":[\"Mundo Ortodoxo\",\"Patriarcado Ecum\u00eanico\"],\"inLanguage\":\"pt-BR\",\"potentialAction\":[{\"@type\":\"CommentAction\",\"name\":\"Comment\",\"target\":[\"https:\\\/\\\/news.ecclesia.org.br\\\/?p=21698#respond\"]}]},{\"@type\":\"WebPage\",\"@id\":\"https:\\\/\\\/news.ecclesia.org.br\\\/?p=21698\",\"url\":\"https:\\\/\\\/news.ecclesia.org.br\\\/?p=21698\",\"name\":\"O Dia Mundial de Ora\u00e7\u00e3o - e a\u00e7\u00e3o - pelo \\\"Cuidado da Cria\u00e7\u00e3o\\\" une os crist\u00e3os | ECCLESIA NEWS\",\"isPartOf\":{\"@id\":\"https:\\\/\\\/news.ecclesia.org.br\\\/#website\"},\"primaryImageOfPage\":{\"@id\":\"https:\\\/\\\/news.ecclesia.org.br\\\/?p=21698#primaryimage\"},\"image\":{\"@id\":\"https:\\\/\\\/news.ecclesia.org.br\\\/?p=21698#primaryimage\"},\"thumbnailUrl\":\"https:\\\/\\\/news.ecclesia.org.br\\\/wp-content\\\/uploads\\\/2016\\\/08\\\/010.jpg\",\"datePublished\":\"2016-08-31T13:15:02+00:00\",\"dateModified\":\"2016-08-31T13:22:17+00:00\",\"breadcrumb\":{\"@id\":\"https:\\\/\\\/news.ecclesia.org.br\\\/?p=21698#breadcrumb\"},\"inLanguage\":\"pt-BR\",\"potentialAction\":[{\"@type\":\"ReadAction\",\"target\":[\"https:\\\/\\\/news.ecclesia.org.br\\\/?p=21698\"]}]},{\"@type\":\"ImageObject\",\"inLanguage\":\"pt-BR\",\"@id\":\"https:\\\/\\\/news.ecclesia.org.br\\\/?p=21698#primaryimage\",\"url\":\"https:\\\/\\\/news.ecclesia.org.br\\\/wp-content\\\/uploads\\\/2016\\\/08\\\/010.jpg\",\"contentUrl\":\"https:\\\/\\\/news.ecclesia.org.br\\\/wp-content\\\/uploads\\\/2016\\\/08\\\/010.jpg\",\"width\":640,\"height\":454},{\"@type\":\"BreadcrumbList\",\"@id\":\"https:\\\/\\\/news.ecclesia.org.br\\\/?p=21698#breadcrumb\",\"itemListElement\":[{\"@type\":\"ListItem\",\"position\":1,\"name\":\"In\u00edcio\",\"item\":\"https:\\\/\\\/news.ecclesia.org.br\\\/\"},{\"@type\":\"ListItem\",\"position\":2,\"name\":\"O Dia Mundial de Ora\u00e7\u00e3o &#8211; e a\u00e7\u00e3o &#8211; pelo &#8220;Cuidado da Cria\u00e7\u00e3o&#8221; une os crist\u00e3os\"}]},{\"@type\":\"WebSite\",\"@id\":\"https:\\\/\\\/news.ecclesia.org.br\\\/#website\",\"url\":\"https:\\\/\\\/news.ecclesia.org.br\\\/\",\"name\":\"Ecclesia Brasil\",\"description\":\"Desde 2003 onectando o Brasil ao mundo ortodoxo!\",\"publisher\":{\"@id\":\"https:\\\/\\\/news.ecclesia.org.br\\\/#organization\"},\"alternateName\":\"Ecclesia\",\"potentialAction\":[{\"@type\":\"SearchAction\",\"target\":{\"@type\":\"EntryPoint\",\"urlTemplate\":\"https:\\\/\\\/news.ecclesia.org.br\\\/?s={search_term_string}\"},\"query-input\":{\"@type\":\"PropertyValueSpecification\",\"valueRequired\":true,\"valueName\":\"search_term_string\"}}],\"inLanguage\":\"pt-BR\"},{\"@type\":\"Organization\",\"@id\":\"https:\\\/\\\/news.ecclesia.org.br\\\/#organization\",\"name\":\"Sacra Arquidiocese de Buenos Aires e Am\u00e9rica do Sul | Patriarcado Ecum\u00eanico\",\"alternateName\":\"News Ecclesia Brasil\",\"url\":\"https:\\\/\\\/news.ecclesia.org.br\\\/\",\"logo\":{\"@type\":\"ImageObject\",\"inLanguage\":\"pt-BR\",\"@id\":\"https:\\\/\\\/news.ecclesia.org.br\\\/#\\\/schema\\\/logo\\\/image\\\/\",\"url\":\"https:\\\/\\\/news.ecclesia.org.br\\\/wp-content\\\/uploads\\\/2025\\\/05\\\/ecclesia2.png\",\"contentUrl\":\"https:\\\/\\\/news.ecclesia.org.br\\\/wp-content\\\/uploads\\\/2025\\\/05\\\/ecclesia2.png\",\"width\":480,\"height\":120,\"caption\":\"Sacra Arquidiocese de Buenos Aires e Am\u00e9rica do Sul | Patriarcado Ecum\u00eanico\"},\"image\":{\"@id\":\"https:\\\/\\\/news.ecclesia.org.br\\\/#\\\/schema\\\/logo\\\/image\\\/\"},\"sameAs\":[\"https:\\\/\\\/www.facebook.com\\\/Ecclesia2025\",\"https:\\\/\\\/x.com\\\/EcclesiaNews\",\"https:\\\/\\\/br.pinterest.com\\\/ekklisia\\\/\",\"https:\\\/\\\/www.youtube.com\\\/@EcclesiaBrasil\"]},{\"@type\":\"Person\",\"@id\":\"https:\\\/\\\/news.ecclesia.org.br\\\/#\\\/schema\\\/person\\\/6f09597f025829745ba414a569f63758\",\"name\":\"Pe. Andr\u00e9\",\"image\":{\"@type\":\"ImageObject\",\"inLanguage\":\"pt-BR\",\"@id\":\"https:\\\/\\\/secure.gravatar.com\\\/avatar\\\/b4327cfa27e9799da239a26adcd534fc29cdc0c4a4a148eecbcfeb9b42c617ac?s=96&d=mm&r=g\",\"url\":\"https:\\\/\\\/secure.gravatar.com\\\/avatar\\\/b4327cfa27e9799da239a26adcd534fc29cdc0c4a4a148eecbcfeb9b42c617ac?s=96&d=mm&r=g\",\"contentUrl\":\"https:\\\/\\\/secure.gravatar.com\\\/avatar\\\/b4327cfa27e9799da239a26adcd534fc29cdc0c4a4a148eecbcfeb9b42c617ac?s=96&d=mm&r=g\",\"caption\":\"Pe. Andr\u00e9\"},\"sameAs\":[\"https:\\\/\\\/www.ecclesia.org.br\"]}]}<\/script>\n<!-- \/ Yoast SEO plugin. -->","yoast_head_json":{"title":"O Dia Mundial de Ora\u00e7\u00e3o - e a\u00e7\u00e3o - pelo \"Cuidado da Cria\u00e7\u00e3o\" une os crist\u00e3os | ECCLESIA NEWS","robots":{"index":"index","follow":"follow","max-snippet":"max-snippet:-1","max-image-preview":"max-image-preview:large","max-video-preview":"max-video-preview:-1"},"canonical":"https:\/\/news.ecclesia.org.br\/?p=21698","og_locale":"pt_BR","og_type":"article","og_title":"O Dia Mundial de Ora\u00e7\u00e3o - e a\u00e7\u00e3o - pelo \"Cuidado da Cria\u00e7\u00e3o\" une os crist\u00e3os | ECCLESIA NEWS","og_description":"30 de agosto 2016 \u2013 CMI &#8212; \u00abComo crist\u00e3os, temos esperan\u00e7a. N\u00f3s acreditamos que Deus n\u00e3o abandona a cria\u00e7\u00e3o e que n\u00f3s mesmos podemos nos tornar far\u00f3is dessa esperan\u00e7a semeando as sementes de um futuro diferente\u00bb, disse o Rev. Dr.&#8230;","og_url":"https:\/\/news.ecclesia.org.br\/?p=21698","og_site_name":"ECCLESIA NEWS","article_publisher":"https:\/\/www.facebook.com\/Ecclesia2025","article_published_time":"2016-08-31T13:15:02+00:00","article_modified_time":"2016-08-31T13:22:17+00:00","og_image":[{"width":640,"height":454,"url":"https:\/\/news.ecclesia.org.br\/wp-content\/uploads\/2016\/08\/010.jpg","type":"image\/jpeg"}],"author":"Pe. Andr\u00e9","twitter_card":"summary_large_image","twitter_creator":"@EcclesiaNews","twitter_site":"@EcclesiaNews","twitter_misc":{"Escrito por":"Pe. Andr\u00e9","Est. tempo de leitura":"4 minutos"},"schema":{"@context":"https:\/\/schema.org","@graph":[{"@type":"Article","@id":"https:\/\/news.ecclesia.org.br\/?p=21698#article","isPartOf":{"@id":"https:\/\/news.ecclesia.org.br\/?p=21698"},"author":{"name":"Pe. Andr\u00e9","@id":"https:\/\/news.ecclesia.org.br\/#\/schema\/person\/6f09597f025829745ba414a569f63758"},"headline":"O Dia Mundial de Ora\u00e7\u00e3o &#8211; e a\u00e7\u00e3o &#8211; pelo &#8220;Cuidado da Cria\u00e7\u00e3o&#8221; une os crist\u00e3os","datePublished":"2016-08-31T13:15:02+00:00","dateModified":"2016-08-31T13:22:17+00:00","mainEntityOfPage":{"@id":"https:\/\/news.ecclesia.org.br\/?p=21698"},"wordCount":775,"commentCount":0,"publisher":{"@id":"https:\/\/news.ecclesia.org.br\/#organization"},"image":{"@id":"https:\/\/news.ecclesia.org.br\/?p=21698#primaryimage"},"thumbnailUrl":"https:\/\/news.ecclesia.org.br\/wp-content\/uploads\/2016\/08\/010.jpg","articleSection":["Mundo Ortodoxo","Patriarcado Ecum\u00eanico"],"inLanguage":"pt-BR","potentialAction":[{"@type":"CommentAction","name":"Comment","target":["https:\/\/news.ecclesia.org.br\/?p=21698#respond"]}]},{"@type":"WebPage","@id":"https:\/\/news.ecclesia.org.br\/?p=21698","url":"https:\/\/news.ecclesia.org.br\/?p=21698","name":"O Dia Mundial de Ora\u00e7\u00e3o - e a\u00e7\u00e3o - pelo \"Cuidado da Cria\u00e7\u00e3o\" une os crist\u00e3os | ECCLESIA NEWS","isPartOf":{"@id":"https:\/\/news.ecclesia.org.br\/#website"},"primaryImageOfPage":{"@id":"https:\/\/news.ecclesia.org.br\/?p=21698#primaryimage"},"image":{"@id":"https:\/\/news.ecclesia.org.br\/?p=21698#primaryimage"},"thumbnailUrl":"https:\/\/news.ecclesia.org.br\/wp-content\/uploads\/2016\/08\/010.jpg","datePublished":"2016-08-31T13:15:02+00:00","dateModified":"2016-08-31T13:22:17+00:00","breadcrumb":{"@id":"https:\/\/news.ecclesia.org.br\/?p=21698#breadcrumb"},"inLanguage":"pt-BR","potentialAction":[{"@type":"ReadAction","target":["https:\/\/news.ecclesia.org.br\/?p=21698"]}]},{"@type":"ImageObject","inLanguage":"pt-BR","@id":"https:\/\/news.ecclesia.org.br\/?p=21698#primaryimage","url":"https:\/\/news.ecclesia.org.br\/wp-content\/uploads\/2016\/08\/010.jpg","contentUrl":"https:\/\/news.ecclesia.org.br\/wp-content\/uploads\/2016\/08\/010.jpg","width":640,"height":454},{"@type":"BreadcrumbList","@id":"https:\/\/news.ecclesia.org.br\/?p=21698#breadcrumb","itemListElement":[{"@type":"ListItem","position":1,"name":"In\u00edcio","item":"https:\/\/news.ecclesia.org.br\/"},{"@type":"ListItem","position":2,"name":"O Dia Mundial de Ora\u00e7\u00e3o &#8211; e a\u00e7\u00e3o &#8211; pelo &#8220;Cuidado da Cria\u00e7\u00e3o&#8221; une os crist\u00e3os"}]},{"@type":"WebSite","@id":"https:\/\/news.ecclesia.org.br\/#website","url":"https:\/\/news.ecclesia.org.br\/","name":"Ecclesia Brasil","description":"Desde 2003 onectando o Brasil ao mundo ortodoxo!","publisher":{"@id":"https:\/\/news.ecclesia.org.br\/#organization"},"alternateName":"Ecclesia","potentialAction":[{"@type":"SearchAction","target":{"@type":"EntryPoint","urlTemplate":"https:\/\/news.ecclesia.org.br\/?s={search_term_string}"},"query-input":{"@type":"PropertyValueSpecification","valueRequired":true,"valueName":"search_term_string"}}],"inLanguage":"pt-BR"},{"@type":"Organization","@id":"https:\/\/news.ecclesia.org.br\/#organization","name":"Sacra Arquidiocese de Buenos Aires e Am\u00e9rica do Sul | Patriarcado Ecum\u00eanico","alternateName":"News Ecclesia Brasil","url":"https:\/\/news.ecclesia.org.br\/","logo":{"@type":"ImageObject","inLanguage":"pt-BR","@id":"https:\/\/news.ecclesia.org.br\/#\/schema\/logo\/image\/","url":"https:\/\/news.ecclesia.org.br\/wp-content\/uploads\/2025\/05\/ecclesia2.png","contentUrl":"https:\/\/news.ecclesia.org.br\/wp-content\/uploads\/2025\/05\/ecclesia2.png","width":480,"height":120,"caption":"Sacra Arquidiocese de Buenos Aires e Am\u00e9rica do Sul | Patriarcado Ecum\u00eanico"},"image":{"@id":"https:\/\/news.ecclesia.org.br\/#\/schema\/logo\/image\/"},"sameAs":["https:\/\/www.facebook.com\/Ecclesia2025","https:\/\/x.com\/EcclesiaNews","https:\/\/br.pinterest.com\/ekklisia\/","https:\/\/www.youtube.com\/@EcclesiaBrasil"]},{"@type":"Person","@id":"https:\/\/news.ecclesia.org.br\/#\/schema\/person\/6f09597f025829745ba414a569f63758","name":"Pe. Andr\u00e9","image":{"@type":"ImageObject","inLanguage":"pt-BR","@id":"https:\/\/secure.gravatar.com\/avatar\/b4327cfa27e9799da239a26adcd534fc29cdc0c4a4a148eecbcfeb9b42c617ac?s=96&d=mm&r=g","url":"https:\/\/secure.gravatar.com\/avatar\/b4327cfa27e9799da239a26adcd534fc29cdc0c4a4a148eecbcfeb9b42c617ac?s=96&d=mm&r=g","contentUrl":"https:\/\/secure.gravatar.com\/avatar\/b4327cfa27e9799da239a26adcd534fc29cdc0c4a4a148eecbcfeb9b42c617ac?s=96&d=mm&r=g","caption":"Pe. Andr\u00e9"},"sameAs":["https:\/\/www.ecclesia.org.br"]}]}},"_links":{"self":[{"href":"https:\/\/news.ecclesia.org.br\/index.php?rest_route=\/wp\/v2\/posts\/21698","targetHints":{"allow":["GET"]}}],"collection":[{"href":"https:\/\/news.ecclesia.org.br\/index.php?rest_route=\/wp\/v2\/posts"}],"about":[{"href":"https:\/\/news.ecclesia.org.br\/index.php?rest_route=\/wp\/v2\/types\/post"}],"author":[{"embeddable":true,"href":"https:\/\/news.ecclesia.org.br\/index.php?rest_route=\/wp\/v2\/users\/1"}],"replies":[{"embeddable":true,"href":"https:\/\/news.ecclesia.org.br\/index.php?rest_route=%2Fwp%2Fv2%2Fcomments&post=21698"}],"version-history":[{"count":0,"href":"https:\/\/news.ecclesia.org.br\/index.php?rest_route=\/wp\/v2\/posts\/21698\/revisions"}],"wp:featuredmedia":[{"embeddable":true,"href":"https:\/\/news.ecclesia.org.br\/index.php?rest_route=\/wp\/v2\/media\/21700"}],"wp:attachment":[{"href":"https:\/\/news.ecclesia.org.br\/index.php?rest_route=%2Fwp%2Fv2%2Fmedia&parent=21698"}],"wp:term":[{"taxonomy":"category","embeddable":true,"href":"https:\/\/news.ecclesia.org.br\/index.php?rest_route=%2Fwp%2Fv2%2Fcategories&post=21698"},{"taxonomy":"post_tag","embeddable":true,"href":"https:\/\/news.ecclesia.org.br\/index.php?rest_route=%2Fwp%2Fv2%2Ftags&post=21698"}],"curies":[{"name":"wp","href":"https:\/\/api.w.org\/{rel}","templated":true}]}}