{"id":21688,"date":"2016-08-30T15:02:17","date_gmt":"2016-08-30T15:02:17","guid":{"rendered":"https:\/\/news.ecclesia.org.br\/2013\/?p=21688"},"modified":"2016-08-30T15:02:17","modified_gmt":"2016-08-30T15:02:17","slug":"1o-de-setembro-dia-de-oracao-e-cuidado-com-a-criacao","status":"publish","type":"post","link":"https:\/\/news.ecclesia.org.br\/?p=21688","title":{"rendered":"1\u00ba de Setembro: \u00abDia de ora\u00e7\u00e3o e cuidado com a Cria\u00e7\u00e3o\u00bb"},"content":{"rendered":"<p style=\"text-align: justify;\"><a href=\"https:\/\/news.ecclesia.org.br\/2013\/wp-content\/uploads\/2015\/11\/criacao-transfigurada1-1.jpg\"><img fetchpriority=\"high\" decoding=\"async\" class=\"alignleft size-medium wp-image-8526\" src=\"https:\/\/news.ecclesia.org.br\/2013\/wp-content\/uploads\/2015\/11\/criacao-transfigurada1-1-233x300.jpg\" alt=\"criacao-transfigurada1\" width=\"233\" height=\"300\" \/><\/a>Apesar de tudo, uma profunda esperan\u00e7a brilha sobre a Terra. Ela vem do fato de que, no mundo inteiro, a cada dia, cresce o n\u00famero de pessoas e grupos que aprofundam a espiritualidade e se p\u00f5em em di\u00e1logo para buscar novos caminhos. O resgate da dignidade da Terra, da \u00c1gua e do Ar est\u00e1 na ordem do dia de grupos espirituais das mais diversas tradi\u00e7\u00f5es.<\/p>\n<p style=\"text-align: justify;\">Pela primeira vez na hist\u00f3ria, diversas Igrejas crist\u00e3s e at\u00e9 outras religi\u00f5es se unir\u00e3o nessa semana para orar e meditar sobre o cuidado com a Terra, a \u00e1gua, o ar e todo o universo no qual n\u00f3s, seres humanos somos inseridos e ao qual pertencemos. <strong>Desde a d\u00e9cada de 70, a cada ano, o Patriarca (Ecum\u00eanico Bartolomeu I) de Constantinopla prop\u00f5e que todas as Igrejas Orientais (Ortodoxas) dediquem o 1\u00ba de Setembro como \u00abDia de ora\u00e7\u00e3o e cuidado com a Cria\u00e7\u00e3o\u00bb. Em agosto do ano passado, o Papa Francisco enviou uma carta a todas as dioceses pedindo que a Igreja Cat\u00f3lica tamb\u00e9m se una a essa celebra\u00e7\u00e3o. Por sua vez, o Conselho Mundial de Igrejas convidou as Igrejas Evang\u00e9licas, membros do Conselho para entrarem nessa mesma sintonia de cuidado com o ambiente. E, nesses dias, algumas not\u00edcias da internet contam que grupos hindus e budistas quiseram tamb\u00e9m unir-se a essa iniciativa ecum\u00eanica e ecol\u00f3gica.<\/strong><\/p>\n<p style=\"text-align: justify;\">Orar e meditar sobre a natureza como cria\u00e7\u00e3o significa contemplar nela uma presen\u00e7a ativa do Criador que, permanentemente, continua conduzindo o universo no rumo do seu amor. O ser humano s\u00f3 mudar\u00e1 a sua forma de relacionar-se com os seus semelhantes e com os outros seres vivos se optar por um olhar de amor sobre o universo. Ao aprofundar a rela\u00e7\u00e3o consigo mesmo e com os outros, \u00e9 fundamental pressentir uma marca divina por tr\u00e1s de cada ser do universo.<\/p>\n<p style=\"text-align: justify;\">Atualmente, o planeta Terra abriga mais de sete bilh\u00f5es de pessoas. Nos pr\u00f3ximos 50 anos, a previs\u00e3o \u00e9 de que o mundo tenha entre 8, 5 a 9 bilh\u00f5es de habitantes. Mas, como viver\u00e1 essa popula\u00e7\u00e3o, se metade dos recursos h\u00eddricos dispon\u00edveis para consumo humano e 47% da \u00e1rea terrestre j\u00e1 s\u00e3o utilizados? E ainda assim mais de um bilh\u00e3o de pessoas passa fome e, a cada dia, mais de 30 mil morrem por este motivo? Estudos afirmam que a rela\u00e7\u00e3o entre crescimento populacional e o uso de recursos do Planeta j\u00e1 ultrapassou em 20% a capacidade de reposi\u00e7\u00e3o da biosfera e esse d\u00e9ficit aumenta cerca de 2,5% cada ano. Isso quer dizer que a diversidade biol\u00f3gica \u2013 de onde v\u00eam novos medicamentos, novos alimentos e materiais para substituir os que se esgotam \u2013 est\u00e1 sendo destru\u00edda muito mais r\u00e1pido do que est\u00e1 sendo reposta. Esse desequil\u00edbrio est\u00e1 crescendo. At\u00e9 2030, 70% da biodiversidade poder\u00e1 ter desaparecido&#8230;\u201d.<\/p>\n<p style=\"text-align: justify;\">Apesar de tudo, uma profunda esperan\u00e7a brilha sobre a Terra. Ela vem do fato de que, no mundo inteiro, a cada dia, cresce o n\u00famero de pessoas e grupos que aprofundam a espiritualidade e se p\u00f5em em di\u00e1logo para buscar novos caminhos. O resgate da dignidade da Terra, da \u00c1gua e do Ar est\u00e1 na ordem do dia de grupos espirituais das mais diversas tradi\u00e7\u00f5es. As pr\u00f3prias Igrejas crist\u00e3s que, durante s\u00e9culos, pareciam n\u00e3o ligar o ato criador de Deus com sua atua\u00e7\u00e3o salvadora na hist\u00f3ria, nas \u00faltimas d\u00e9cadas t\u00eam todas aprofundado essa quest\u00e3o. Em maio do ano passado, o Papa Francisco dirigiu a toda humanidade uma carta sobre o cuidado com a casa comum. Nessa carta, ele se une a Bartolomeu I, Patriarca (Ecum\u00eanico) de Constantinopla, na insist\u00eancia em unir o cuidado ambiental com a preocupa\u00e7\u00e3o pela justi\u00e7a social e econ\u00f4mica. Ao mesmo tempo, ensina que a raiz de tudo \u00e9 um novo olhar espiritual sobre o universo como cria\u00e7\u00e3o amorosa de Deus.<\/p>\n<p style=\"text-align: justify;\">Na Am\u00e9rica Latina, um dos mais importantes sinais de esperan\u00e7a para a causa ecol\u00f3gica \u00e9 o fortalecimento dos movimentos ind\u00edgenas. Esses t\u00eam proposto como novo paradigma civilizat\u00f3rio o cuidado com o Bem-Viver que implica priorizar a vida comunit\u00e1ria, as rela\u00e7\u00f5es humanas e a rela\u00e7\u00e3o harmoniosa com a natureza como formas de organizar a sociedade. O cuidado com a Terra, a \u00c1gua e todos os seres vivos se torna elemento central do processo social e pol\u00edtico, assim como de uma nova sensibilidade espiritual. Todos n\u00f3s somos convidados a participar ativamente dessa celebra\u00e7\u00e3o de amor, como um casamento entre o c\u00e9u e a terra.<\/p>\n<p style=\"text-align: right;\">Fonte: <a href=\"http:\/\/www.ihu.unisinos.br\/noticias\/559456-dia-da-criacao\" target=\"_blank\">IHU<\/a><\/p>\n","protected":false},"excerpt":{"rendered":"<p>Apesar de tudo, uma profunda esperan\u00e7a brilha sobre a Terra. Ela vem do fato de que, no mundo inteiro, a cada dia, cresce o n\u00famero de pessoas e grupos que aprofundam a espiritualidade e se p\u00f5em em di\u00e1logo para buscar&#8230;<\/p>\n","protected":false},"author":1,"featured_media":0,"comment_status":"open","ping_status":"open","sticky":false,"template":"","format":"standard","meta":{"_acf_changed":false,"footnotes":""},"categories":[72],"tags":[],"class_list":["post-21688","post","type-post","status-publish","format-standard","hentry","category-patriarcado-ecumenico","entry","rows-excerpt"],"acf":[],"yoast_head":"<!-- This site is optimized with the Yoast SEO plugin v27.4 - https:\/\/yoast.com\/product\/yoast-seo-wordpress\/ -->\n<title>1\u00ba de Setembro: \u00abDia de ora\u00e7\u00e3o e cuidado com a Cria\u00e7\u00e3o\u00bb | ECCLESIA NEWS<\/title>\n<meta name=\"robots\" content=\"index, follow, max-snippet:-1, max-image-preview:large, max-video-preview:-1\" \/>\n<link rel=\"canonical\" href=\"https:\/\/news.ecclesia.org.br\/?p=21688\" \/>\n<meta property=\"og:locale\" content=\"pt_BR\" \/>\n<meta property=\"og:type\" content=\"article\" \/>\n<meta property=\"og:title\" content=\"1\u00ba de Setembro: \u00abDia de ora\u00e7\u00e3o e cuidado com a Cria\u00e7\u00e3o\u00bb | ECCLESIA NEWS\" \/>\n<meta property=\"og:description\" content=\"Apesar de tudo, uma profunda esperan\u00e7a brilha sobre a Terra. Ela vem do fato de que, no mundo inteiro, a cada dia, cresce o n\u00famero de pessoas e grupos que aprofundam a espiritualidade e se p\u00f5em em di\u00e1logo para buscar&#8230;\" \/>\n<meta property=\"og:url\" content=\"https:\/\/news.ecclesia.org.br\/?p=21688\" \/>\n<meta property=\"og:site_name\" content=\"ECCLESIA NEWS\" \/>\n<meta property=\"article:publisher\" content=\"https:\/\/www.facebook.com\/Ecclesia2025\" \/>\n<meta property=\"article:published_time\" content=\"2016-08-30T15:02:17+00:00\" \/>\n<meta property=\"og:image\" content=\"https:\/\/news.ecclesia.org.br\/2013\/wp-content\/uploads\/2015\/11\/criacao-transfigurada1-1-233x300.jpg\" \/>\n<meta name=\"author\" content=\"Pe. Andr\u00e9\" \/>\n<meta name=\"twitter:card\" content=\"summary_large_image\" \/>\n<meta name=\"twitter:creator\" content=\"@EcclesiaNews\" \/>\n<meta name=\"twitter:site\" content=\"@EcclesiaNews\" \/>\n<meta name=\"twitter:label1\" content=\"Escrito por\" \/>\n\t<meta name=\"twitter:data1\" content=\"Pe. Andr\u00e9\" \/>\n\t<meta name=\"twitter:label2\" content=\"Est. tempo de leitura\" \/>\n\t<meta name=\"twitter:data2\" content=\"4 minutos\" \/>\n<script type=\"application\/ld+json\" class=\"yoast-schema-graph\">{\"@context\":\"https:\\\/\\\/schema.org\",\"@graph\":[{\"@type\":\"Article\",\"@id\":\"https:\\\/\\\/news.ecclesia.org.br\\\/?p=21688#article\",\"isPartOf\":{\"@id\":\"https:\\\/\\\/news.ecclesia.org.br\\\/?p=21688\"},\"author\":{\"name\":\"Pe. Andr\u00e9\",\"@id\":\"https:\\\/\\\/news.ecclesia.org.br\\\/#\\\/schema\\\/person\\\/6f09597f025829745ba414a569f63758\"},\"headline\":\"1\u00ba de Setembro: \u00abDia de ora\u00e7\u00e3o e cuidado com a Cria\u00e7\u00e3o\u00bb\",\"datePublished\":\"2016-08-30T15:02:17+00:00\",\"mainEntityOfPage\":{\"@id\":\"https:\\\/\\\/news.ecclesia.org.br\\\/?p=21688\"},\"wordCount\":795,\"commentCount\":0,\"publisher\":{\"@id\":\"https:\\\/\\\/news.ecclesia.org.br\\\/#organization\"},\"image\":{\"@id\":\"https:\\\/\\\/news.ecclesia.org.br\\\/?p=21688#primaryimage\"},\"thumbnailUrl\":\"https:\\\/\\\/news.ecclesia.org.br\\\/2013\\\/wp-content\\\/uploads\\\/2015\\\/11\\\/criacao-transfigurada1-1-233x300.jpg\",\"articleSection\":[\"Patriarcado Ecum\u00eanico\"],\"inLanguage\":\"pt-BR\",\"potentialAction\":[{\"@type\":\"CommentAction\",\"name\":\"Comment\",\"target\":[\"https:\\\/\\\/news.ecclesia.org.br\\\/?p=21688#respond\"]}]},{\"@type\":\"WebPage\",\"@id\":\"https:\\\/\\\/news.ecclesia.org.br\\\/?p=21688\",\"url\":\"https:\\\/\\\/news.ecclesia.org.br\\\/?p=21688\",\"name\":\"1\u00ba de Setembro: \u00abDia de ora\u00e7\u00e3o e cuidado com a Cria\u00e7\u00e3o\u00bb | ECCLESIA NEWS\",\"isPartOf\":{\"@id\":\"https:\\\/\\\/news.ecclesia.org.br\\\/#website\"},\"primaryImageOfPage\":{\"@id\":\"https:\\\/\\\/news.ecclesia.org.br\\\/?p=21688#primaryimage\"},\"image\":{\"@id\":\"https:\\\/\\\/news.ecclesia.org.br\\\/?p=21688#primaryimage\"},\"thumbnailUrl\":\"https:\\\/\\\/news.ecclesia.org.br\\\/2013\\\/wp-content\\\/uploads\\\/2015\\\/11\\\/criacao-transfigurada1-1-233x300.jpg\",\"datePublished\":\"2016-08-30T15:02:17+00:00\",\"breadcrumb\":{\"@id\":\"https:\\\/\\\/news.ecclesia.org.br\\\/?p=21688#breadcrumb\"},\"inLanguage\":\"pt-BR\",\"potentialAction\":[{\"@type\":\"ReadAction\",\"target\":[\"https:\\\/\\\/news.ecclesia.org.br\\\/?p=21688\"]}]},{\"@type\":\"ImageObject\",\"inLanguage\":\"pt-BR\",\"@id\":\"https:\\\/\\\/news.ecclesia.org.br\\\/?p=21688#primaryimage\",\"url\":\"\",\"contentUrl\":\"\"},{\"@type\":\"BreadcrumbList\",\"@id\":\"https:\\\/\\\/news.ecclesia.org.br\\\/?p=21688#breadcrumb\",\"itemListElement\":[{\"@type\":\"ListItem\",\"position\":1,\"name\":\"In\u00edcio\",\"item\":\"https:\\\/\\\/news.ecclesia.org.br\\\/\"},{\"@type\":\"ListItem\",\"position\":2,\"name\":\"1\u00ba de Setembro: \u00abDia de ora\u00e7\u00e3o e cuidado com a Cria\u00e7\u00e3o\u00bb\"}]},{\"@type\":\"WebSite\",\"@id\":\"https:\\\/\\\/news.ecclesia.org.br\\\/#website\",\"url\":\"https:\\\/\\\/news.ecclesia.org.br\\\/\",\"name\":\"Ecclesia Brasil\",\"description\":\"Desde 2003 onectando o Brasil ao mundo ortodoxo!\",\"publisher\":{\"@id\":\"https:\\\/\\\/news.ecclesia.org.br\\\/#organization\"},\"alternateName\":\"Ecclesia\",\"potentialAction\":[{\"@type\":\"SearchAction\",\"target\":{\"@type\":\"EntryPoint\",\"urlTemplate\":\"https:\\\/\\\/news.ecclesia.org.br\\\/?s={search_term_string}\"},\"query-input\":{\"@type\":\"PropertyValueSpecification\",\"valueRequired\":true,\"valueName\":\"search_term_string\"}}],\"inLanguage\":\"pt-BR\"},{\"@type\":\"Organization\",\"@id\":\"https:\\\/\\\/news.ecclesia.org.br\\\/#organization\",\"name\":\"Sacra Arquidiocese de Buenos Aires e Am\u00e9rica do Sul | Patriarcado Ecum\u00eanico\",\"alternateName\":\"News Ecclesia Brasil\",\"url\":\"https:\\\/\\\/news.ecclesia.org.br\\\/\",\"logo\":{\"@type\":\"ImageObject\",\"inLanguage\":\"pt-BR\",\"@id\":\"https:\\\/\\\/news.ecclesia.org.br\\\/#\\\/schema\\\/logo\\\/image\\\/\",\"url\":\"https:\\\/\\\/news.ecclesia.org.br\\\/wp-content\\\/uploads\\\/2025\\\/05\\\/ecclesia2.png\",\"contentUrl\":\"https:\\\/\\\/news.ecclesia.org.br\\\/wp-content\\\/uploads\\\/2025\\\/05\\\/ecclesia2.png\",\"width\":480,\"height\":120,\"caption\":\"Sacra Arquidiocese de Buenos Aires e Am\u00e9rica do Sul | Patriarcado Ecum\u00eanico\"},\"image\":{\"@id\":\"https:\\\/\\\/news.ecclesia.org.br\\\/#\\\/schema\\\/logo\\\/image\\\/\"},\"sameAs\":[\"https:\\\/\\\/www.facebook.com\\\/Ecclesia2025\",\"https:\\\/\\\/x.com\\\/EcclesiaNews\",\"https:\\\/\\\/br.pinterest.com\\\/ekklisia\\\/\",\"https:\\\/\\\/www.youtube.com\\\/@EcclesiaBrasil\"]},{\"@type\":\"Person\",\"@id\":\"https:\\\/\\\/news.ecclesia.org.br\\\/#\\\/schema\\\/person\\\/6f09597f025829745ba414a569f63758\",\"name\":\"Pe. Andr\u00e9\",\"image\":{\"@type\":\"ImageObject\",\"inLanguage\":\"pt-BR\",\"@id\":\"https:\\\/\\\/secure.gravatar.com\\\/avatar\\\/b4327cfa27e9799da239a26adcd534fc29cdc0c4a4a148eecbcfeb9b42c617ac?s=96&d=mm&r=g\",\"url\":\"https:\\\/\\\/secure.gravatar.com\\\/avatar\\\/b4327cfa27e9799da239a26adcd534fc29cdc0c4a4a148eecbcfeb9b42c617ac?s=96&d=mm&r=g\",\"contentUrl\":\"https:\\\/\\\/secure.gravatar.com\\\/avatar\\\/b4327cfa27e9799da239a26adcd534fc29cdc0c4a4a148eecbcfeb9b42c617ac?s=96&d=mm&r=g\",\"caption\":\"Pe. Andr\u00e9\"},\"sameAs\":[\"https:\\\/\\\/www.ecclesia.org.br\"]}]}<\/script>\n<!-- \/ Yoast SEO plugin. -->","yoast_head_json":{"title":"1\u00ba de Setembro: \u00abDia de ora\u00e7\u00e3o e cuidado com a Cria\u00e7\u00e3o\u00bb | ECCLESIA NEWS","robots":{"index":"index","follow":"follow","max-snippet":"max-snippet:-1","max-image-preview":"max-image-preview:large","max-video-preview":"max-video-preview:-1"},"canonical":"https:\/\/news.ecclesia.org.br\/?p=21688","og_locale":"pt_BR","og_type":"article","og_title":"1\u00ba de Setembro: \u00abDia de ora\u00e7\u00e3o e cuidado com a Cria\u00e7\u00e3o\u00bb | ECCLESIA NEWS","og_description":"Apesar de tudo, uma profunda esperan\u00e7a brilha sobre a Terra. Ela vem do fato de que, no mundo inteiro, a cada dia, cresce o n\u00famero de pessoas e grupos que aprofundam a espiritualidade e se p\u00f5em em di\u00e1logo para buscar&#8230;","og_url":"https:\/\/news.ecclesia.org.br\/?p=21688","og_site_name":"ECCLESIA NEWS","article_publisher":"https:\/\/www.facebook.com\/Ecclesia2025","article_published_time":"2016-08-30T15:02:17+00:00","og_image":[{"url":"https:\/\/news.ecclesia.org.br\/2013\/wp-content\/uploads\/2015\/11\/criacao-transfigurada1-1-233x300.jpg","type":"","width":"","height":""}],"author":"Pe. Andr\u00e9","twitter_card":"summary_large_image","twitter_creator":"@EcclesiaNews","twitter_site":"@EcclesiaNews","twitter_misc":{"Escrito por":"Pe. Andr\u00e9","Est. tempo de leitura":"4 minutos"},"schema":{"@context":"https:\/\/schema.org","@graph":[{"@type":"Article","@id":"https:\/\/news.ecclesia.org.br\/?p=21688#article","isPartOf":{"@id":"https:\/\/news.ecclesia.org.br\/?p=21688"},"author":{"name":"Pe. Andr\u00e9","@id":"https:\/\/news.ecclesia.org.br\/#\/schema\/person\/6f09597f025829745ba414a569f63758"},"headline":"1\u00ba de Setembro: \u00abDia de ora\u00e7\u00e3o e cuidado com a Cria\u00e7\u00e3o\u00bb","datePublished":"2016-08-30T15:02:17+00:00","mainEntityOfPage":{"@id":"https:\/\/news.ecclesia.org.br\/?p=21688"},"wordCount":795,"commentCount":0,"publisher":{"@id":"https:\/\/news.ecclesia.org.br\/#organization"},"image":{"@id":"https:\/\/news.ecclesia.org.br\/?p=21688#primaryimage"},"thumbnailUrl":"https:\/\/news.ecclesia.org.br\/2013\/wp-content\/uploads\/2015\/11\/criacao-transfigurada1-1-233x300.jpg","articleSection":["Patriarcado Ecum\u00eanico"],"inLanguage":"pt-BR","potentialAction":[{"@type":"CommentAction","name":"Comment","target":["https:\/\/news.ecclesia.org.br\/?p=21688#respond"]}]},{"@type":"WebPage","@id":"https:\/\/news.ecclesia.org.br\/?p=21688","url":"https:\/\/news.ecclesia.org.br\/?p=21688","name":"1\u00ba de Setembro: \u00abDia de ora\u00e7\u00e3o e cuidado com a Cria\u00e7\u00e3o\u00bb | ECCLESIA NEWS","isPartOf":{"@id":"https:\/\/news.ecclesia.org.br\/#website"},"primaryImageOfPage":{"@id":"https:\/\/news.ecclesia.org.br\/?p=21688#primaryimage"},"image":{"@id":"https:\/\/news.ecclesia.org.br\/?p=21688#primaryimage"},"thumbnailUrl":"https:\/\/news.ecclesia.org.br\/2013\/wp-content\/uploads\/2015\/11\/criacao-transfigurada1-1-233x300.jpg","datePublished":"2016-08-30T15:02:17+00:00","breadcrumb":{"@id":"https:\/\/news.ecclesia.org.br\/?p=21688#breadcrumb"},"inLanguage":"pt-BR","potentialAction":[{"@type":"ReadAction","target":["https:\/\/news.ecclesia.org.br\/?p=21688"]}]},{"@type":"ImageObject","inLanguage":"pt-BR","@id":"https:\/\/news.ecclesia.org.br\/?p=21688#primaryimage","url":"","contentUrl":""},{"@type":"BreadcrumbList","@id":"https:\/\/news.ecclesia.org.br\/?p=21688#breadcrumb","itemListElement":[{"@type":"ListItem","position":1,"name":"In\u00edcio","item":"https:\/\/news.ecclesia.org.br\/"},{"@type":"ListItem","position":2,"name":"1\u00ba de Setembro: \u00abDia de ora\u00e7\u00e3o e cuidado com a Cria\u00e7\u00e3o\u00bb"}]},{"@type":"WebSite","@id":"https:\/\/news.ecclesia.org.br\/#website","url":"https:\/\/news.ecclesia.org.br\/","name":"Ecclesia Brasil","description":"Desde 2003 onectando o Brasil ao mundo ortodoxo!","publisher":{"@id":"https:\/\/news.ecclesia.org.br\/#organization"},"alternateName":"Ecclesia","potentialAction":[{"@type":"SearchAction","target":{"@type":"EntryPoint","urlTemplate":"https:\/\/news.ecclesia.org.br\/?s={search_term_string}"},"query-input":{"@type":"PropertyValueSpecification","valueRequired":true,"valueName":"search_term_string"}}],"inLanguage":"pt-BR"},{"@type":"Organization","@id":"https:\/\/news.ecclesia.org.br\/#organization","name":"Sacra Arquidiocese de Buenos Aires e Am\u00e9rica do Sul | Patriarcado Ecum\u00eanico","alternateName":"News Ecclesia Brasil","url":"https:\/\/news.ecclesia.org.br\/","logo":{"@type":"ImageObject","inLanguage":"pt-BR","@id":"https:\/\/news.ecclesia.org.br\/#\/schema\/logo\/image\/","url":"https:\/\/news.ecclesia.org.br\/wp-content\/uploads\/2025\/05\/ecclesia2.png","contentUrl":"https:\/\/news.ecclesia.org.br\/wp-content\/uploads\/2025\/05\/ecclesia2.png","width":480,"height":120,"caption":"Sacra Arquidiocese de Buenos Aires e Am\u00e9rica do Sul | Patriarcado Ecum\u00eanico"},"image":{"@id":"https:\/\/news.ecclesia.org.br\/#\/schema\/logo\/image\/"},"sameAs":["https:\/\/www.facebook.com\/Ecclesia2025","https:\/\/x.com\/EcclesiaNews","https:\/\/br.pinterest.com\/ekklisia\/","https:\/\/www.youtube.com\/@EcclesiaBrasil"]},{"@type":"Person","@id":"https:\/\/news.ecclesia.org.br\/#\/schema\/person\/6f09597f025829745ba414a569f63758","name":"Pe. Andr\u00e9","image":{"@type":"ImageObject","inLanguage":"pt-BR","@id":"https:\/\/secure.gravatar.com\/avatar\/b4327cfa27e9799da239a26adcd534fc29cdc0c4a4a148eecbcfeb9b42c617ac?s=96&d=mm&r=g","url":"https:\/\/secure.gravatar.com\/avatar\/b4327cfa27e9799da239a26adcd534fc29cdc0c4a4a148eecbcfeb9b42c617ac?s=96&d=mm&r=g","contentUrl":"https:\/\/secure.gravatar.com\/avatar\/b4327cfa27e9799da239a26adcd534fc29cdc0c4a4a148eecbcfeb9b42c617ac?s=96&d=mm&r=g","caption":"Pe. Andr\u00e9"},"sameAs":["https:\/\/www.ecclesia.org.br"]}]}},"_links":{"self":[{"href":"https:\/\/news.ecclesia.org.br\/index.php?rest_route=\/wp\/v2\/posts\/21688","targetHints":{"allow":["GET"]}}],"collection":[{"href":"https:\/\/news.ecclesia.org.br\/index.php?rest_route=\/wp\/v2\/posts"}],"about":[{"href":"https:\/\/news.ecclesia.org.br\/index.php?rest_route=\/wp\/v2\/types\/post"}],"author":[{"embeddable":true,"href":"https:\/\/news.ecclesia.org.br\/index.php?rest_route=\/wp\/v2\/users\/1"}],"replies":[{"embeddable":true,"href":"https:\/\/news.ecclesia.org.br\/index.php?rest_route=%2Fwp%2Fv2%2Fcomments&post=21688"}],"version-history":[{"count":0,"href":"https:\/\/news.ecclesia.org.br\/index.php?rest_route=\/wp\/v2\/posts\/21688\/revisions"}],"wp:attachment":[{"href":"https:\/\/news.ecclesia.org.br\/index.php?rest_route=%2Fwp%2Fv2%2Fmedia&parent=21688"}],"wp:term":[{"taxonomy":"category","embeddable":true,"href":"https:\/\/news.ecclesia.org.br\/index.php?rest_route=%2Fwp%2Fv2%2Fcategories&post=21688"},{"taxonomy":"post_tag","embeddable":true,"href":"https:\/\/news.ecclesia.org.br\/index.php?rest_route=%2Fwp%2Fv2%2Ftags&post=21688"}],"curies":[{"name":"wp","href":"https:\/\/api.w.org\/{rel}","templated":true}]}}