{"id":21684,"date":"2016-08-29T20:29:08","date_gmt":"2016-08-29T20:29:08","guid":{"rendered":"https:\/\/news.ecclesia.org.br\/2013\/?p=21684"},"modified":"2016-08-29T20:30:42","modified_gmt":"2016-08-29T20:30:42","slug":"os-tres-lideres-cristaos-de-damasco-patriarcas-ortodoxo-siriaco-catolico-melquita-exigem-o-levantamento-de-sancoes-contra-a-siria","status":"publish","type":"post","link":"https:\/\/news.ecclesia.org.br\/?p=21684","title":{"rendered":"Os tr\u00eas l\u00edderes crist\u00e3os de Damasco exigem o levantamento das san\u00e7\u00f5es contra a S\u00edria"},"content":{"rendered":"<p style=\"text-align: justify;\"><a href=\"https:\/\/news.ecclesia.org.br\/2013\/wp-content\/uploads\/2016\/08\/patriarca-joao1.jpg\"><img fetchpriority=\"high\" decoding=\"async\" class=\"alignleft size-medium wp-image-21685\" src=\"https:\/\/news.ecclesia.org.br\/2013\/wp-content\/uploads\/2016\/08\/patriarca-joao1-300x225.jpg\" alt=\"patriarca-joao1\" width=\"300\" height=\"225\" srcset=\"https:\/\/news.ecclesia.org.br\/wp-content\/uploads\/2016\/08\/patriarca-joao1-300x225.jpg 300w, https:\/\/news.ecclesia.org.br\/wp-content\/uploads\/2016\/08\/patriarca-joao1-73x55.jpg 73w, https:\/\/news.ecclesia.org.br\/wp-content\/uploads\/2016\/08\/patriarca-joao1.jpg 441w\" sizes=\"(max-width: 300px) 100vw, 300px\" \/><\/a>29 de agosto de 2016 &#8212; Os tr\u00eas l\u00edderes crist\u00e3os que residem em Damasco, \u2013 Patriarca ortodoxo Jo\u00e3o X, Patriarca cat\u00f3lico-melquita Greg\u00f3rio III e o Patriarca sir\u00edaco In\u00e1cio Ephrem II, instaram a comunidade internacional para que ponham fim ao \u201ccerco ao povo s\u00edrio&#8221; e suspendam os efeitos das san\u00e7\u00f5es internacionais que agravam ainda mais o sofrimento daquele povo. Juntos, dirigiram apelo em 23 de agosto \u00faltimo, \u00e0 &#8220;consci\u00eancia internacional e aos pa\u00edses em causa\u201d. Embora &#8220;os objetivos, ao impor tais san\u00e7\u00f5es, sejam pol\u00edticos&#8221;, disseram os patriarcas, \u201celes afetam a totalidade do povo s\u00edrio&#8221;, sobretudo os mais pobres e a classe trabalhadora em geral, cujas possibilidades de lidar com a suas necessidades di\u00e1rias, como alimenta\u00e7\u00e3o e assist\u00eancia m\u00e9dica, ficam drasticamente afetadas&#8221;. Apesar da determina\u00e7\u00e3o do povo s\u00edrio e de sua resist\u00eancia em situa\u00e7\u00f5es de crise, agrava-se muito os problemas sociais em geral, a pobreza e o sofrimento \u00e9 cada vez maior&#8221;. Na declara\u00e7\u00e3o conjunta, enfatizam os patriarcas que as consequ\u00eancias destas san\u00e7\u00f5es \u00e9 a paraliza\u00e7\u00e3o total do pa\u00eds e seu isolamento do resto do mundo. Isso inclui a falta de investimento, a proibi\u00e7\u00e3o de voos internacionais para a S\u00edria, a redu\u00e7\u00e3o das exporta\u00e7\u00f5es para o pa\u00eds e a coloca\u00e7\u00e3o de determinadas empresas s\u00edrias na lista negra do com\u00e9rcio internacional, todas medidas econ\u00f4micas destinadas a isolar a S\u00edria da comunidade internacional&#8221;, acrescentaram os patriarcas. Criticaram ainda os pa\u00edses ocidentais que fecharam suas embaixadas e participam do embargo sobre as transa\u00e7\u00f5es banc\u00e1rias internacionais com a S\u00edria que &#8220;coloca as pessoas em dificuldades financeiras&#8221;. \u201cO levantamento das san\u00e7\u00f5es, al\u00e9m de melhorar as terr\u00edveis condi\u00e7\u00f5es de vida na S\u00edria, ajudaria nos esfor\u00e7os de presta\u00e7\u00e3o de ajuda da Igreja e grupos humanit\u00e1rios, reduzindo a explora\u00e7\u00e3o do povo s\u00edrio que sofre\u201d acrescentaram os patriarcas. &#8220;Esperamos que a comunidade internacional responda prontamente ao apelo humanit\u00e1rio em pela S\u00edria: Parem o cerco ao povo s\u00edrio! Suspendam as san\u00e7\u00f5es internacionais sobre a S\u00edria e permitam que as pessoas vivam com dignidade, o direito fundamental de todos os povos do mundo&#8221;, conclu\u00edram. No dia anterior, em uma reuni\u00e3o com o embaixador russo na S\u00edria, Sr. Alexander Kinshchak, o Patriarca Ephrem havia procurado a ajuda da R\u00fassia para libertar os dois hierarcas de Aleppo, o Metropolita sir\u00edaco Greg\u00f3rio e o Metropolita ortodoxo Paulo Yazigi, irm\u00e3o do Patriarca ortodoxo Jo\u00e3o, sequestrados em abril de 2013, no norte da S\u00edria, onde se encontravam em uma miss\u00e3o humanit\u00e1ria.<\/p>\n<p style=\"text-align: right;\">Fonte: <a href=\"http:\/\/www.pravoslavie.ru\/english\/96475.htm\">Prasvolavie<\/a><\/p>\n","protected":false},"excerpt":{"rendered":"<p>29 de agosto de 2016 &#8212; Os tr\u00eas l\u00edderes crist\u00e3os que residem em Damasco, \u2013 Patriarca ortodoxo Jo\u00e3o X, Patriarca cat\u00f3lico-melquita Greg\u00f3rio III e o Patriarca sir\u00edaco In\u00e1cio Ephrem II, instaram a comunidade internacional para que ponham fim ao \u201ccerco&#8230;<\/p>\n","protected":false},"author":1,"featured_media":21685,"comment_status":"open","ping_status":"open","sticky":false,"template":"","format":"standard","meta":{"_acf_changed":false,"footnotes":""},"categories":[1],"tags":[],"class_list":["post-21684","post","type-post","status-publish","format-standard","has-post-thumbnail","hentry","category-news","entry","rows-excerpt"],"acf":[],"yoast_head":"<!-- This site is optimized with the Yoast SEO plugin v27.5 - https:\/\/yoast.com\/product\/yoast-seo-wordpress\/ -->\n<title>Os tr\u00eas l\u00edderes crist\u00e3os de Damasco exigem o levantamento das san\u00e7\u00f5es contra a S\u00edria | ECCLESIA NEWS<\/title>\n<meta name=\"robots\" content=\"index, follow, max-snippet:-1, max-image-preview:large, max-video-preview:-1\" \/>\n<link rel=\"canonical\" href=\"https:\/\/news.ecclesia.org.br\/?p=21684\" \/>\n<meta property=\"og:locale\" content=\"pt_BR\" \/>\n<meta property=\"og:type\" content=\"article\" \/>\n<meta property=\"og:title\" content=\"Os tr\u00eas l\u00edderes crist\u00e3os de Damasco exigem o levantamento das san\u00e7\u00f5es contra a S\u00edria | ECCLESIA NEWS\" \/>\n<meta property=\"og:description\" content=\"29 de agosto de 2016 &#8212; Os tr\u00eas l\u00edderes crist\u00e3os que residem em Damasco, \u2013 Patriarca ortodoxo Jo\u00e3o X, Patriarca cat\u00f3lico-melquita Greg\u00f3rio III e o Patriarca sir\u00edaco In\u00e1cio Ephrem II, instaram a comunidade internacional para que ponham fim ao \u201ccerco&#8230;\" \/>\n<meta property=\"og:url\" content=\"https:\/\/news.ecclesia.org.br\/?p=21684\" \/>\n<meta property=\"og:site_name\" content=\"ECCLESIA NEWS\" \/>\n<meta property=\"article:publisher\" content=\"https:\/\/www.facebook.com\/Ecclesia2025\" \/>\n<meta property=\"article:published_time\" content=\"2016-08-29T20:29:08+00:00\" \/>\n<meta property=\"article:modified_time\" content=\"2016-08-29T20:30:42+00:00\" \/>\n<meta property=\"og:image\" content=\"https:\/\/news.ecclesia.org.br\/wp-content\/uploads\/2016\/08\/patriarca-joao1.jpg\" \/>\n\t<meta property=\"og:image:width\" content=\"441\" \/>\n\t<meta property=\"og:image:height\" content=\"331\" \/>\n\t<meta property=\"og:image:type\" content=\"image\/jpeg\" \/>\n<meta name=\"author\" content=\"Pe. Andr\u00e9\" \/>\n<meta name=\"twitter:card\" content=\"summary_large_image\" \/>\n<meta name=\"twitter:creator\" content=\"@EcclesiaNews\" \/>\n<meta name=\"twitter:site\" content=\"@EcclesiaNews\" \/>\n<meta name=\"twitter:label1\" content=\"Escrito por\" \/>\n\t<meta name=\"twitter:data1\" content=\"Pe. Andr\u00e9\" \/>\n\t<meta name=\"twitter:label2\" content=\"Est. tempo de leitura\" \/>\n\t<meta name=\"twitter:data2\" content=\"2 minutos\" \/>\n<script type=\"application\/ld+json\" class=\"yoast-schema-graph\">{\"@context\":\"https:\\\/\\\/schema.org\",\"@graph\":[{\"@type\":\"Article\",\"@id\":\"https:\\\/\\\/news.ecclesia.org.br\\\/?p=21684#article\",\"isPartOf\":{\"@id\":\"https:\\\/\\\/news.ecclesia.org.br\\\/?p=21684\"},\"author\":{\"name\":\"Pe. Andr\u00e9\",\"@id\":\"https:\\\/\\\/news.ecclesia.org.br\\\/#\\\/schema\\\/person\\\/6f09597f025829745ba414a569f63758\"},\"headline\":\"Os tr\u00eas l\u00edderes crist\u00e3os de Damasco exigem o levantamento das san\u00e7\u00f5es contra a S\u00edria\",\"datePublished\":\"2016-08-29T20:29:08+00:00\",\"dateModified\":\"2016-08-29T20:30:42+00:00\",\"mainEntityOfPage\":{\"@id\":\"https:\\\/\\\/news.ecclesia.org.br\\\/?p=21684\"},\"wordCount\":474,\"commentCount\":1,\"publisher\":{\"@id\":\"https:\\\/\\\/news.ecclesia.org.br\\\/#organization\"},\"image\":{\"@id\":\"https:\\\/\\\/news.ecclesia.org.br\\\/?p=21684#primaryimage\"},\"thumbnailUrl\":\"https:\\\/\\\/news.ecclesia.org.br\\\/wp-content\\\/uploads\\\/2016\\\/08\\\/patriarca-joao1.jpg\",\"articleSection\":[\"NEWS\"],\"inLanguage\":\"pt-BR\",\"potentialAction\":[{\"@type\":\"CommentAction\",\"name\":\"Comment\",\"target\":[\"https:\\\/\\\/news.ecclesia.org.br\\\/?p=21684#respond\"]}]},{\"@type\":\"WebPage\",\"@id\":\"https:\\\/\\\/news.ecclesia.org.br\\\/?p=21684\",\"url\":\"https:\\\/\\\/news.ecclesia.org.br\\\/?p=21684\",\"name\":\"Os tr\u00eas l\u00edderes crist\u00e3os de Damasco exigem o levantamento das san\u00e7\u00f5es contra a S\u00edria | ECCLESIA NEWS\",\"isPartOf\":{\"@id\":\"https:\\\/\\\/news.ecclesia.org.br\\\/#website\"},\"primaryImageOfPage\":{\"@id\":\"https:\\\/\\\/news.ecclesia.org.br\\\/?p=21684#primaryimage\"},\"image\":{\"@id\":\"https:\\\/\\\/news.ecclesia.org.br\\\/?p=21684#primaryimage\"},\"thumbnailUrl\":\"https:\\\/\\\/news.ecclesia.org.br\\\/wp-content\\\/uploads\\\/2016\\\/08\\\/patriarca-joao1.jpg\",\"datePublished\":\"2016-08-29T20:29:08+00:00\",\"dateModified\":\"2016-08-29T20:30:42+00:00\",\"breadcrumb\":{\"@id\":\"https:\\\/\\\/news.ecclesia.org.br\\\/?p=21684#breadcrumb\"},\"inLanguage\":\"pt-BR\",\"potentialAction\":[{\"@type\":\"ReadAction\",\"target\":[\"https:\\\/\\\/news.ecclesia.org.br\\\/?p=21684\"]}]},{\"@type\":\"ImageObject\",\"inLanguage\":\"pt-BR\",\"@id\":\"https:\\\/\\\/news.ecclesia.org.br\\\/?p=21684#primaryimage\",\"url\":\"https:\\\/\\\/news.ecclesia.org.br\\\/wp-content\\\/uploads\\\/2016\\\/08\\\/patriarca-joao1.jpg\",\"contentUrl\":\"https:\\\/\\\/news.ecclesia.org.br\\\/wp-content\\\/uploads\\\/2016\\\/08\\\/patriarca-joao1.jpg\",\"width\":441,\"height\":331},{\"@type\":\"BreadcrumbList\",\"@id\":\"https:\\\/\\\/news.ecclesia.org.br\\\/?p=21684#breadcrumb\",\"itemListElement\":[{\"@type\":\"ListItem\",\"position\":1,\"name\":\"In\u00edcio\",\"item\":\"https:\\\/\\\/news.ecclesia.org.br\\\/\"},{\"@type\":\"ListItem\",\"position\":2,\"name\":\"Os tr\u00eas l\u00edderes crist\u00e3os de Damasco exigem o levantamento das san\u00e7\u00f5es contra a S\u00edria\"}]},{\"@type\":\"WebSite\",\"@id\":\"https:\\\/\\\/news.ecclesia.org.br\\\/#website\",\"url\":\"https:\\\/\\\/news.ecclesia.org.br\\\/\",\"name\":\"Ecclesia Brasil\",\"description\":\"Desde 2003 onectando o Brasil ao mundo ortodoxo!\",\"publisher\":{\"@id\":\"https:\\\/\\\/news.ecclesia.org.br\\\/#organization\"},\"alternateName\":\"Ecclesia\",\"potentialAction\":[{\"@type\":\"SearchAction\",\"target\":{\"@type\":\"EntryPoint\",\"urlTemplate\":\"https:\\\/\\\/news.ecclesia.org.br\\\/?s={search_term_string}\"},\"query-input\":{\"@type\":\"PropertyValueSpecification\",\"valueRequired\":true,\"valueName\":\"search_term_string\"}}],\"inLanguage\":\"pt-BR\"},{\"@type\":\"Organization\",\"@id\":\"https:\\\/\\\/news.ecclesia.org.br\\\/#organization\",\"name\":\"Sacra Arquidiocese de Buenos Aires e Am\u00e9rica do Sul | Patriarcado Ecum\u00eanico\",\"alternateName\":\"News Ecclesia Brasil\",\"url\":\"https:\\\/\\\/news.ecclesia.org.br\\\/\",\"logo\":{\"@type\":\"ImageObject\",\"inLanguage\":\"pt-BR\",\"@id\":\"https:\\\/\\\/news.ecclesia.org.br\\\/#\\\/schema\\\/logo\\\/image\\\/\",\"url\":\"https:\\\/\\\/news.ecclesia.org.br\\\/wp-content\\\/uploads\\\/2025\\\/05\\\/ecclesia2.png\",\"contentUrl\":\"https:\\\/\\\/news.ecclesia.org.br\\\/wp-content\\\/uploads\\\/2025\\\/05\\\/ecclesia2.png\",\"width\":480,\"height\":120,\"caption\":\"Sacra Arquidiocese de Buenos Aires e Am\u00e9rica do Sul | Patriarcado Ecum\u00eanico\"},\"image\":{\"@id\":\"https:\\\/\\\/news.ecclesia.org.br\\\/#\\\/schema\\\/logo\\\/image\\\/\"},\"sameAs\":[\"https:\\\/\\\/www.facebook.com\\\/Ecclesia2025\",\"https:\\\/\\\/x.com\\\/EcclesiaNews\",\"https:\\\/\\\/br.pinterest.com\\\/ekklisia\\\/\",\"https:\\\/\\\/www.youtube.com\\\/@EcclesiaBrasil\"]},{\"@type\":\"Person\",\"@id\":\"https:\\\/\\\/news.ecclesia.org.br\\\/#\\\/schema\\\/person\\\/6f09597f025829745ba414a569f63758\",\"name\":\"Pe. Andr\u00e9\",\"image\":{\"@type\":\"ImageObject\",\"inLanguage\":\"pt-BR\",\"@id\":\"https:\\\/\\\/secure.gravatar.com\\\/avatar\\\/b4327cfa27e9799da239a26adcd534fc29cdc0c4a4a148eecbcfeb9b42c617ac?s=96&d=mm&r=g\",\"url\":\"https:\\\/\\\/secure.gravatar.com\\\/avatar\\\/b4327cfa27e9799da239a26adcd534fc29cdc0c4a4a148eecbcfeb9b42c617ac?s=96&d=mm&r=g\",\"contentUrl\":\"https:\\\/\\\/secure.gravatar.com\\\/avatar\\\/b4327cfa27e9799da239a26adcd534fc29cdc0c4a4a148eecbcfeb9b42c617ac?s=96&d=mm&r=g\",\"caption\":\"Pe. Andr\u00e9\"},\"sameAs\":[\"https:\\\/\\\/www.ecclesia.org.br\"]}]}<\/script>\n<!-- \/ Yoast SEO plugin. -->","yoast_head_json":{"title":"Os tr\u00eas l\u00edderes crist\u00e3os de Damasco exigem o levantamento das san\u00e7\u00f5es contra a S\u00edria | ECCLESIA NEWS","robots":{"index":"index","follow":"follow","max-snippet":"max-snippet:-1","max-image-preview":"max-image-preview:large","max-video-preview":"max-video-preview:-1"},"canonical":"https:\/\/news.ecclesia.org.br\/?p=21684","og_locale":"pt_BR","og_type":"article","og_title":"Os tr\u00eas l\u00edderes crist\u00e3os de Damasco exigem o levantamento das san\u00e7\u00f5es contra a S\u00edria | ECCLESIA NEWS","og_description":"29 de agosto de 2016 &#8212; Os tr\u00eas l\u00edderes crist\u00e3os que residem em Damasco, \u2013 Patriarca ortodoxo Jo\u00e3o X, Patriarca cat\u00f3lico-melquita Greg\u00f3rio III e o Patriarca sir\u00edaco In\u00e1cio Ephrem II, instaram a comunidade internacional para que ponham fim ao \u201ccerco&#8230;","og_url":"https:\/\/news.ecclesia.org.br\/?p=21684","og_site_name":"ECCLESIA NEWS","article_publisher":"https:\/\/www.facebook.com\/Ecclesia2025","article_published_time":"2016-08-29T20:29:08+00:00","article_modified_time":"2016-08-29T20:30:42+00:00","og_image":[{"width":441,"height":331,"url":"https:\/\/news.ecclesia.org.br\/wp-content\/uploads\/2016\/08\/patriarca-joao1.jpg","type":"image\/jpeg"}],"author":"Pe. Andr\u00e9","twitter_card":"summary_large_image","twitter_creator":"@EcclesiaNews","twitter_site":"@EcclesiaNews","twitter_misc":{"Escrito por":"Pe. Andr\u00e9","Est. tempo de leitura":"2 minutos"},"schema":{"@context":"https:\/\/schema.org","@graph":[{"@type":"Article","@id":"https:\/\/news.ecclesia.org.br\/?p=21684#article","isPartOf":{"@id":"https:\/\/news.ecclesia.org.br\/?p=21684"},"author":{"name":"Pe. Andr\u00e9","@id":"https:\/\/news.ecclesia.org.br\/#\/schema\/person\/6f09597f025829745ba414a569f63758"},"headline":"Os tr\u00eas l\u00edderes crist\u00e3os de Damasco exigem o levantamento das san\u00e7\u00f5es contra a S\u00edria","datePublished":"2016-08-29T20:29:08+00:00","dateModified":"2016-08-29T20:30:42+00:00","mainEntityOfPage":{"@id":"https:\/\/news.ecclesia.org.br\/?p=21684"},"wordCount":474,"commentCount":1,"publisher":{"@id":"https:\/\/news.ecclesia.org.br\/#organization"},"image":{"@id":"https:\/\/news.ecclesia.org.br\/?p=21684#primaryimage"},"thumbnailUrl":"https:\/\/news.ecclesia.org.br\/wp-content\/uploads\/2016\/08\/patriarca-joao1.jpg","articleSection":["NEWS"],"inLanguage":"pt-BR","potentialAction":[{"@type":"CommentAction","name":"Comment","target":["https:\/\/news.ecclesia.org.br\/?p=21684#respond"]}]},{"@type":"WebPage","@id":"https:\/\/news.ecclesia.org.br\/?p=21684","url":"https:\/\/news.ecclesia.org.br\/?p=21684","name":"Os tr\u00eas l\u00edderes crist\u00e3os de Damasco exigem o levantamento das san\u00e7\u00f5es contra a S\u00edria | ECCLESIA NEWS","isPartOf":{"@id":"https:\/\/news.ecclesia.org.br\/#website"},"primaryImageOfPage":{"@id":"https:\/\/news.ecclesia.org.br\/?p=21684#primaryimage"},"image":{"@id":"https:\/\/news.ecclesia.org.br\/?p=21684#primaryimage"},"thumbnailUrl":"https:\/\/news.ecclesia.org.br\/wp-content\/uploads\/2016\/08\/patriarca-joao1.jpg","datePublished":"2016-08-29T20:29:08+00:00","dateModified":"2016-08-29T20:30:42+00:00","breadcrumb":{"@id":"https:\/\/news.ecclesia.org.br\/?p=21684#breadcrumb"},"inLanguage":"pt-BR","potentialAction":[{"@type":"ReadAction","target":["https:\/\/news.ecclesia.org.br\/?p=21684"]}]},{"@type":"ImageObject","inLanguage":"pt-BR","@id":"https:\/\/news.ecclesia.org.br\/?p=21684#primaryimage","url":"https:\/\/news.ecclesia.org.br\/wp-content\/uploads\/2016\/08\/patriarca-joao1.jpg","contentUrl":"https:\/\/news.ecclesia.org.br\/wp-content\/uploads\/2016\/08\/patriarca-joao1.jpg","width":441,"height":331},{"@type":"BreadcrumbList","@id":"https:\/\/news.ecclesia.org.br\/?p=21684#breadcrumb","itemListElement":[{"@type":"ListItem","position":1,"name":"In\u00edcio","item":"https:\/\/news.ecclesia.org.br\/"},{"@type":"ListItem","position":2,"name":"Os tr\u00eas l\u00edderes crist\u00e3os de Damasco exigem o levantamento das san\u00e7\u00f5es contra a S\u00edria"}]},{"@type":"WebSite","@id":"https:\/\/news.ecclesia.org.br\/#website","url":"https:\/\/news.ecclesia.org.br\/","name":"Ecclesia Brasil","description":"Desde 2003 onectando o Brasil ao mundo ortodoxo!","publisher":{"@id":"https:\/\/news.ecclesia.org.br\/#organization"},"alternateName":"Ecclesia","potentialAction":[{"@type":"SearchAction","target":{"@type":"EntryPoint","urlTemplate":"https:\/\/news.ecclesia.org.br\/?s={search_term_string}"},"query-input":{"@type":"PropertyValueSpecification","valueRequired":true,"valueName":"search_term_string"}}],"inLanguage":"pt-BR"},{"@type":"Organization","@id":"https:\/\/news.ecclesia.org.br\/#organization","name":"Sacra Arquidiocese de Buenos Aires e Am\u00e9rica do Sul | Patriarcado Ecum\u00eanico","alternateName":"News Ecclesia Brasil","url":"https:\/\/news.ecclesia.org.br\/","logo":{"@type":"ImageObject","inLanguage":"pt-BR","@id":"https:\/\/news.ecclesia.org.br\/#\/schema\/logo\/image\/","url":"https:\/\/news.ecclesia.org.br\/wp-content\/uploads\/2025\/05\/ecclesia2.png","contentUrl":"https:\/\/news.ecclesia.org.br\/wp-content\/uploads\/2025\/05\/ecclesia2.png","width":480,"height":120,"caption":"Sacra Arquidiocese de Buenos Aires e Am\u00e9rica do Sul | Patriarcado Ecum\u00eanico"},"image":{"@id":"https:\/\/news.ecclesia.org.br\/#\/schema\/logo\/image\/"},"sameAs":["https:\/\/www.facebook.com\/Ecclesia2025","https:\/\/x.com\/EcclesiaNews","https:\/\/br.pinterest.com\/ekklisia\/","https:\/\/www.youtube.com\/@EcclesiaBrasil"]},{"@type":"Person","@id":"https:\/\/news.ecclesia.org.br\/#\/schema\/person\/6f09597f025829745ba414a569f63758","name":"Pe. Andr\u00e9","image":{"@type":"ImageObject","inLanguage":"pt-BR","@id":"https:\/\/secure.gravatar.com\/avatar\/b4327cfa27e9799da239a26adcd534fc29cdc0c4a4a148eecbcfeb9b42c617ac?s=96&d=mm&r=g","url":"https:\/\/secure.gravatar.com\/avatar\/b4327cfa27e9799da239a26adcd534fc29cdc0c4a4a148eecbcfeb9b42c617ac?s=96&d=mm&r=g","contentUrl":"https:\/\/secure.gravatar.com\/avatar\/b4327cfa27e9799da239a26adcd534fc29cdc0c4a4a148eecbcfeb9b42c617ac?s=96&d=mm&r=g","caption":"Pe. Andr\u00e9"},"sameAs":["https:\/\/www.ecclesia.org.br"]}]}},"_links":{"self":[{"href":"https:\/\/news.ecclesia.org.br\/index.php?rest_route=\/wp\/v2\/posts\/21684","targetHints":{"allow":["GET"]}}],"collection":[{"href":"https:\/\/news.ecclesia.org.br\/index.php?rest_route=\/wp\/v2\/posts"}],"about":[{"href":"https:\/\/news.ecclesia.org.br\/index.php?rest_route=\/wp\/v2\/types\/post"}],"author":[{"embeddable":true,"href":"https:\/\/news.ecclesia.org.br\/index.php?rest_route=\/wp\/v2\/users\/1"}],"replies":[{"embeddable":true,"href":"https:\/\/news.ecclesia.org.br\/index.php?rest_route=%2Fwp%2Fv2%2Fcomments&post=21684"}],"version-history":[{"count":0,"href":"https:\/\/news.ecclesia.org.br\/index.php?rest_route=\/wp\/v2\/posts\/21684\/revisions"}],"wp:featuredmedia":[{"embeddable":true,"href":"https:\/\/news.ecclesia.org.br\/index.php?rest_route=\/wp\/v2\/media\/21685"}],"wp:attachment":[{"href":"https:\/\/news.ecclesia.org.br\/index.php?rest_route=%2Fwp%2Fv2%2Fmedia&parent=21684"}],"wp:term":[{"taxonomy":"category","embeddable":true,"href":"https:\/\/news.ecclesia.org.br\/index.php?rest_route=%2Fwp%2Fv2%2Fcategories&post=21684"},{"taxonomy":"post_tag","embeddable":true,"href":"https:\/\/news.ecclesia.org.br\/index.php?rest_route=%2Fwp%2Fv2%2Ftags&post=21684"}],"curies":[{"name":"wp","href":"https:\/\/api.w.org\/{rel}","templated":true}]}}