{"id":21674,"date":"2016-08-22T21:35:58","date_gmt":"2016-08-22T21:35:58","guid":{"rendered":"https:\/\/news.ecclesia.org.br\/2013\/?p=21674"},"modified":"2016-08-22T21:37:23","modified_gmt":"2016-08-22T21:37:23","slug":"diretor-do-escritorio-de-imprensa-do-patriarcado-ecumenico-falou-sobre-a-tentativa-de-golpe-na-turquia","status":"publish","type":"post","link":"https:\/\/news.ecclesia.org.br\/?p=21674","title":{"rendered":"Diretor do Escrit\u00f3rio de Imprensa do Patriarcado Ecum\u00eanico falou sobre a &#8220;tentativa de golpe&#8221; na Turquia"},"content":{"rendered":"<figure id=\"attachment_21675\" aria-describedby=\"caption-attachment-21675\" style=\"width: 300px\" class=\"wp-caption alignleft\"><a href=\"https:\/\/news.ecclesia.org.br\/2013\/wp-content\/uploads\/2016\/08\/pe-dositheos.jpg\"><img fetchpriority=\"high\" decoding=\"async\" class=\"wp-image-21675 size-medium\" src=\"https:\/\/news.ecclesia.org.br\/2013\/wp-content\/uploads\/2016\/08\/pe-dositheos-300x225.jpg\" alt=\"Pe. Dosith\u00e9e Anagnostopoulos, diretor do Escrit\u00f3rio de Imprensa do Patriarcado Ecum\u00eanico \" width=\"300\" height=\"225\" srcset=\"https:\/\/news.ecclesia.org.br\/wp-content\/uploads\/2016\/08\/pe-dositheos-300x225.jpg 300w, https:\/\/news.ecclesia.org.br\/wp-content\/uploads\/2016\/08\/pe-dositheos-768x576.jpg 768w, https:\/\/news.ecclesia.org.br\/wp-content\/uploads\/2016\/08\/pe-dositheos-600x450.jpg 600w, https:\/\/news.ecclesia.org.br\/wp-content\/uploads\/2016\/08\/pe-dositheos-73x55.jpg 73w, https:\/\/news.ecclesia.org.br\/wp-content\/uploads\/2016\/08\/pe-dositheos.jpg 918w\" sizes=\"(max-width: 300px) 100vw, 300px\" \/><\/a><figcaption id=\"caption-attachment-21675\" class=\"wp-caption-text\">Pe. Dositheo Anagnostopoulos, diretor do Escrit\u00f3rio de Imprensa do Patriarcado Ecum\u00eanico<\/figcaption><\/figure>\n<p style=\"text-align: justify;\">22 de agosto de 2016 &#8212;\u00a0Pe.\u00a0Dositheo Anagnostopoulos, diretor do escrit\u00f3rio\u00a0de Imprensa do Patriarcado Ecum\u00eanico, disse que\u00a0\u00aba\u00a0\u2018tentativa de golpe\u2019 na Turquia n\u00e3o chegou a afetar\u00a0o Patriarcado, tampouco a comunidade grega de Constantinopla. At\u00e9 o momento, n\u00e3o se observou qualquer mudan\u00e7a para os gregos da cidade, assim como no que diz respeito \u00e0s rela\u00e7\u00f5es com a popula\u00e7\u00e3o turca. N\u00e3o se registrou at\u00e9 agora qualquer ato de provoca\u00e7\u00e3o ou amea\u00e7as de quem quer que seja. Todas as igrejas ortodoxas, escolas e associa\u00e7\u00f5es gregas funcionam normalmente. Nenhuma interven\u00e7\u00e3o aconteceu na imprensa grega local\u00bb, sublinhou Pe. Dositheo, acrescentando que \u00abas medidas de seguran\u00e7a seguem sendo as mesmas de antes\u00bb. O aumento do efetivo de seguran\u00e7a n\u00e3o deixa d\u00favida de que algo aconteceu, contudo, diz Pe. Dositheo que \u00aba vida cotidiana segue seu ritmo normal\u00bb (&#8230;) Ademais, Pe. Dositheo revelou-se espantado com a dimens\u00f5es que tiveram a viagem \u00e0 Eslov\u00eania do Patriarca Bartolomeu. \u00abN\u00e3o \u00e9 verdade o que foi dito na imprensa grega, que o patriarca havia deixado Constantinopla em raz\u00e3o de um golpe militar. A viagem patriarcal estava j\u00e1 programada desde antes da P\u00e1scoa\u00bb (&#8230;). \u00abO Patriarca retornou normalmente no \u00faltimo dia 27 de julho e, desde ent\u00e3o, tem estado todos os dias em seu escrit\u00f3rio. No que diz respeito \u00e0 Faculdade de Halki, nada aconteceu ap\u00f3s os recentes acontecimentos. Como no passado, o governo turco ainda n\u00e3o nos disse claramente o que pretende fazer. As coisas n\u00e3o melhoraram, mas tamb\u00e9m n\u00e3o pioraram. E isso se aplica a todas as pend\u00eancias da comunidade grega com o governo turco\u00bb. Em 27 de julho, dia de S\u00e3o Pantele\u00edmon, as celebra\u00e7\u00f5es festivas foram realizadas normalmente em sua igreja situada na parte oriental de Constantinopla, sem qualquer problema, tendo contado com a participa\u00e7\u00e3o de tr\u00eas metropolitas e um grande n\u00famero de fi\u00e9is. Do mesmo modo, todos os eventos religiosos seguem acontecendo normalmente, incluindo a visita do Patriarca ao acampamento da juventude na ilha de Proti, como faz todos os anos\u00bb. Ademais, Pe. Dositheo chama de \u2018mentira descarada\u2019 os boatos acerca da suposta remo\u00e7\u00e3o de s\u00edmbolos hel\u00eanicos nas institui\u00e7\u00f5es gregas de Constantinopla (&#8230;). \u00a0\u00abN\u00e3o foram registradas qualquer mudan\u00e7a nas rela\u00e7\u00f5es do governo turco com as minorias locais\u00bb. \u00a0Finalmente, salienta Pe. Dositheo que \u00abna noite do golpe, os \u00fanicos edif\u00edcios religiosos atacados foram um templo cat\u00f3lico-romano em Trabzon e outro turco-protestante em Malatya.<\/p>\n<hr \/>\n<p style=\"text-align: right;\">Fonte: Com informa\u00e7\u00f5es e foto de <a href=\"http:\/\/www.romfea.gr\/oikoumeniko-patriarxeio\/9834-den-jerame-gia-to-prajikopima\" target=\"_blank\">Romfea.gr<\/a><\/p>\n","protected":false},"excerpt":{"rendered":"<p>22 de agosto de 2016 &#8212;\u00a0Pe.\u00a0Dositheo Anagnostopoulos, diretor do escrit\u00f3rio\u00a0de Imprensa do Patriarcado Ecum\u00eanico, disse que\u00a0\u00aba\u00a0\u2018tentativa de golpe\u2019 na Turquia n\u00e3o chegou a afetar\u00a0o Patriarcado, tampouco a comunidade grega de Constantinopla. At\u00e9 o momento, n\u00e3o se observou qualquer mudan\u00e7a para&#8230;<\/p>\n","protected":false},"author":1,"featured_media":21675,"comment_status":"open","ping_status":"open","sticky":false,"template":"","format":"standard","meta":{"_acf_changed":false,"footnotes":""},"categories":[72],"tags":[],"class_list":["post-21674","post","type-post","status-publish","format-standard","has-post-thumbnail","hentry","category-patriarcado-ecumenico","entry","rows-excerpt"],"acf":[],"yoast_head":"<!-- This site is optimized with the Yoast SEO plugin v27.5 - https:\/\/yoast.com\/product\/yoast-seo-wordpress\/ -->\n<title>Diretor do Escrit\u00f3rio de Imprensa do Patriarcado Ecum\u00eanico falou sobre a &quot;tentativa de golpe&quot; na Turquia | ECCLESIA NEWS<\/title>\n<meta name=\"robots\" content=\"index, follow, max-snippet:-1, max-image-preview:large, max-video-preview:-1\" \/>\n<link rel=\"canonical\" href=\"https:\/\/news.ecclesia.org.br\/?p=21674\" \/>\n<meta property=\"og:locale\" content=\"pt_BR\" \/>\n<meta property=\"og:type\" content=\"article\" \/>\n<meta property=\"og:title\" content=\"Diretor do Escrit\u00f3rio de Imprensa do Patriarcado Ecum\u00eanico falou sobre a &quot;tentativa de golpe&quot; na Turquia | ECCLESIA NEWS\" \/>\n<meta property=\"og:description\" content=\"22 de agosto de 2016 &#8212;\u00a0Pe.\u00a0Dositheo Anagnostopoulos, diretor do escrit\u00f3rio\u00a0de Imprensa do Patriarcado Ecum\u00eanico, disse que\u00a0\u00aba\u00a0\u2018tentativa de golpe\u2019 na Turquia n\u00e3o chegou a afetar\u00a0o Patriarcado, tampouco a comunidade grega de Constantinopla. At\u00e9 o momento, n\u00e3o se observou qualquer mudan\u00e7a para&#8230;\" \/>\n<meta property=\"og:url\" content=\"https:\/\/news.ecclesia.org.br\/?p=21674\" \/>\n<meta property=\"og:site_name\" content=\"ECCLESIA NEWS\" \/>\n<meta property=\"article:publisher\" content=\"https:\/\/www.facebook.com\/Ecclesia2025\" \/>\n<meta property=\"article:published_time\" content=\"2016-08-22T21:35:58+00:00\" \/>\n<meta property=\"article:modified_time\" content=\"2016-08-22T21:37:23+00:00\" \/>\n<meta property=\"og:image\" content=\"https:\/\/news.ecclesia.org.br\/wp-content\/uploads\/2016\/08\/pe-dositheos.jpg\" \/>\n\t<meta property=\"og:image:width\" content=\"918\" \/>\n\t<meta property=\"og:image:height\" content=\"689\" \/>\n\t<meta property=\"og:image:type\" content=\"image\/jpeg\" \/>\n<meta name=\"author\" content=\"Pe. Andr\u00e9\" \/>\n<meta name=\"twitter:card\" content=\"summary_large_image\" \/>\n<meta name=\"twitter:creator\" content=\"@EcclesiaNews\" \/>\n<meta name=\"twitter:site\" content=\"@EcclesiaNews\" \/>\n<meta name=\"twitter:label1\" content=\"Escrito por\" \/>\n\t<meta name=\"twitter:data1\" content=\"Pe. Andr\u00e9\" \/>\n\t<meta name=\"twitter:label2\" content=\"Est. tempo de leitura\" \/>\n\t<meta name=\"twitter:data2\" content=\"2 minutos\" \/>\n<script type=\"application\/ld+json\" class=\"yoast-schema-graph\">{\"@context\":\"https:\\\/\\\/schema.org\",\"@graph\":[{\"@type\":\"Article\",\"@id\":\"https:\\\/\\\/news.ecclesia.org.br\\\/?p=21674#article\",\"isPartOf\":{\"@id\":\"https:\\\/\\\/news.ecclesia.org.br\\\/?p=21674\"},\"author\":{\"name\":\"Pe. Andr\u00e9\",\"@id\":\"https:\\\/\\\/news.ecclesia.org.br\\\/#\\\/schema\\\/person\\\/6f09597f025829745ba414a569f63758\"},\"headline\":\"Diretor do Escrit\u00f3rio de Imprensa do Patriarcado Ecum\u00eanico falou sobre a &#8220;tentativa de golpe&#8221; na Turquia\",\"datePublished\":\"2016-08-22T21:35:58+00:00\",\"dateModified\":\"2016-08-22T21:37:23+00:00\",\"mainEntityOfPage\":{\"@id\":\"https:\\\/\\\/news.ecclesia.org.br\\\/?p=21674\"},\"wordCount\":470,\"commentCount\":0,\"publisher\":{\"@id\":\"https:\\\/\\\/news.ecclesia.org.br\\\/#organization\"},\"image\":{\"@id\":\"https:\\\/\\\/news.ecclesia.org.br\\\/?p=21674#primaryimage\"},\"thumbnailUrl\":\"https:\\\/\\\/news.ecclesia.org.br\\\/wp-content\\\/uploads\\\/2016\\\/08\\\/pe-dositheos.jpg\",\"articleSection\":[\"Patriarcado Ecum\u00eanico\"],\"inLanguage\":\"pt-BR\",\"potentialAction\":[{\"@type\":\"CommentAction\",\"name\":\"Comment\",\"target\":[\"https:\\\/\\\/news.ecclesia.org.br\\\/?p=21674#respond\"]}]},{\"@type\":\"WebPage\",\"@id\":\"https:\\\/\\\/news.ecclesia.org.br\\\/?p=21674\",\"url\":\"https:\\\/\\\/news.ecclesia.org.br\\\/?p=21674\",\"name\":\"Diretor do Escrit\u00f3rio de Imprensa do Patriarcado Ecum\u00eanico falou sobre a \\\"tentativa de golpe\\\" na Turquia | ECCLESIA NEWS\",\"isPartOf\":{\"@id\":\"https:\\\/\\\/news.ecclesia.org.br\\\/#website\"},\"primaryImageOfPage\":{\"@id\":\"https:\\\/\\\/news.ecclesia.org.br\\\/?p=21674#primaryimage\"},\"image\":{\"@id\":\"https:\\\/\\\/news.ecclesia.org.br\\\/?p=21674#primaryimage\"},\"thumbnailUrl\":\"https:\\\/\\\/news.ecclesia.org.br\\\/wp-content\\\/uploads\\\/2016\\\/08\\\/pe-dositheos.jpg\",\"datePublished\":\"2016-08-22T21:35:58+00:00\",\"dateModified\":\"2016-08-22T21:37:23+00:00\",\"breadcrumb\":{\"@id\":\"https:\\\/\\\/news.ecclesia.org.br\\\/?p=21674#breadcrumb\"},\"inLanguage\":\"pt-BR\",\"potentialAction\":[{\"@type\":\"ReadAction\",\"target\":[\"https:\\\/\\\/news.ecclesia.org.br\\\/?p=21674\"]}]},{\"@type\":\"ImageObject\",\"inLanguage\":\"pt-BR\",\"@id\":\"https:\\\/\\\/news.ecclesia.org.br\\\/?p=21674#primaryimage\",\"url\":\"https:\\\/\\\/news.ecclesia.org.br\\\/wp-content\\\/uploads\\\/2016\\\/08\\\/pe-dositheos.jpg\",\"contentUrl\":\"https:\\\/\\\/news.ecclesia.org.br\\\/wp-content\\\/uploads\\\/2016\\\/08\\\/pe-dositheos.jpg\",\"width\":918,\"height\":689,\"caption\":\"Pe. Dosith\u00e9e Anagnostopoulos, diretor do Escrit\u00f3rio de Imprensa do Patriarcado Ecum\u00eanico\"},{\"@type\":\"BreadcrumbList\",\"@id\":\"https:\\\/\\\/news.ecclesia.org.br\\\/?p=21674#breadcrumb\",\"itemListElement\":[{\"@type\":\"ListItem\",\"position\":1,\"name\":\"In\u00edcio\",\"item\":\"https:\\\/\\\/news.ecclesia.org.br\\\/\"},{\"@type\":\"ListItem\",\"position\":2,\"name\":\"Diretor do Escrit\u00f3rio de Imprensa do Patriarcado Ecum\u00eanico falou sobre a &#8220;tentativa de golpe&#8221; na Turquia\"}]},{\"@type\":\"WebSite\",\"@id\":\"https:\\\/\\\/news.ecclesia.org.br\\\/#website\",\"url\":\"https:\\\/\\\/news.ecclesia.org.br\\\/\",\"name\":\"Ecclesia Brasil\",\"description\":\"Desde 2003 onectando o Brasil ao mundo ortodoxo!\",\"publisher\":{\"@id\":\"https:\\\/\\\/news.ecclesia.org.br\\\/#organization\"},\"alternateName\":\"Ecclesia\",\"potentialAction\":[{\"@type\":\"SearchAction\",\"target\":{\"@type\":\"EntryPoint\",\"urlTemplate\":\"https:\\\/\\\/news.ecclesia.org.br\\\/?s={search_term_string}\"},\"query-input\":{\"@type\":\"PropertyValueSpecification\",\"valueRequired\":true,\"valueName\":\"search_term_string\"}}],\"inLanguage\":\"pt-BR\"},{\"@type\":\"Organization\",\"@id\":\"https:\\\/\\\/news.ecclesia.org.br\\\/#organization\",\"name\":\"Sacra Arquidiocese de Buenos Aires e Am\u00e9rica do Sul | Patriarcado Ecum\u00eanico\",\"alternateName\":\"News Ecclesia Brasil\",\"url\":\"https:\\\/\\\/news.ecclesia.org.br\\\/\",\"logo\":{\"@type\":\"ImageObject\",\"inLanguage\":\"pt-BR\",\"@id\":\"https:\\\/\\\/news.ecclesia.org.br\\\/#\\\/schema\\\/logo\\\/image\\\/\",\"url\":\"https:\\\/\\\/news.ecclesia.org.br\\\/wp-content\\\/uploads\\\/2025\\\/05\\\/ecclesia2.png\",\"contentUrl\":\"https:\\\/\\\/news.ecclesia.org.br\\\/wp-content\\\/uploads\\\/2025\\\/05\\\/ecclesia2.png\",\"width\":480,\"height\":120,\"caption\":\"Sacra Arquidiocese de Buenos Aires e Am\u00e9rica do Sul | Patriarcado Ecum\u00eanico\"},\"image\":{\"@id\":\"https:\\\/\\\/news.ecclesia.org.br\\\/#\\\/schema\\\/logo\\\/image\\\/\"},\"sameAs\":[\"https:\\\/\\\/www.facebook.com\\\/Ecclesia2025\",\"https:\\\/\\\/x.com\\\/EcclesiaNews\",\"https:\\\/\\\/br.pinterest.com\\\/ekklisia\\\/\",\"https:\\\/\\\/www.youtube.com\\\/@EcclesiaBrasil\"]},{\"@type\":\"Person\",\"@id\":\"https:\\\/\\\/news.ecclesia.org.br\\\/#\\\/schema\\\/person\\\/6f09597f025829745ba414a569f63758\",\"name\":\"Pe. Andr\u00e9\",\"image\":{\"@type\":\"ImageObject\",\"inLanguage\":\"pt-BR\",\"@id\":\"https:\\\/\\\/secure.gravatar.com\\\/avatar\\\/b4327cfa27e9799da239a26adcd534fc29cdc0c4a4a148eecbcfeb9b42c617ac?s=96&d=mm&r=g\",\"url\":\"https:\\\/\\\/secure.gravatar.com\\\/avatar\\\/b4327cfa27e9799da239a26adcd534fc29cdc0c4a4a148eecbcfeb9b42c617ac?s=96&d=mm&r=g\",\"contentUrl\":\"https:\\\/\\\/secure.gravatar.com\\\/avatar\\\/b4327cfa27e9799da239a26adcd534fc29cdc0c4a4a148eecbcfeb9b42c617ac?s=96&d=mm&r=g\",\"caption\":\"Pe. Andr\u00e9\"},\"sameAs\":[\"https:\\\/\\\/www.ecclesia.org.br\"]}]}<\/script>\n<!-- \/ Yoast SEO plugin. -->","yoast_head_json":{"title":"Diretor do Escrit\u00f3rio de Imprensa do Patriarcado Ecum\u00eanico falou sobre a \"tentativa de golpe\" na Turquia | ECCLESIA NEWS","robots":{"index":"index","follow":"follow","max-snippet":"max-snippet:-1","max-image-preview":"max-image-preview:large","max-video-preview":"max-video-preview:-1"},"canonical":"https:\/\/news.ecclesia.org.br\/?p=21674","og_locale":"pt_BR","og_type":"article","og_title":"Diretor do Escrit\u00f3rio de Imprensa do Patriarcado Ecum\u00eanico falou sobre a \"tentativa de golpe\" na Turquia | ECCLESIA NEWS","og_description":"22 de agosto de 2016 &#8212;\u00a0Pe.\u00a0Dositheo Anagnostopoulos, diretor do escrit\u00f3rio\u00a0de Imprensa do Patriarcado Ecum\u00eanico, disse que\u00a0\u00aba\u00a0\u2018tentativa de golpe\u2019 na Turquia n\u00e3o chegou a afetar\u00a0o Patriarcado, tampouco a comunidade grega de Constantinopla. At\u00e9 o momento, n\u00e3o se observou qualquer mudan\u00e7a para&#8230;","og_url":"https:\/\/news.ecclesia.org.br\/?p=21674","og_site_name":"ECCLESIA NEWS","article_publisher":"https:\/\/www.facebook.com\/Ecclesia2025","article_published_time":"2016-08-22T21:35:58+00:00","article_modified_time":"2016-08-22T21:37:23+00:00","og_image":[{"width":918,"height":689,"url":"https:\/\/news.ecclesia.org.br\/wp-content\/uploads\/2016\/08\/pe-dositheos.jpg","type":"image\/jpeg"}],"author":"Pe. Andr\u00e9","twitter_card":"summary_large_image","twitter_creator":"@EcclesiaNews","twitter_site":"@EcclesiaNews","twitter_misc":{"Escrito por":"Pe. Andr\u00e9","Est. tempo de leitura":"2 minutos"},"schema":{"@context":"https:\/\/schema.org","@graph":[{"@type":"Article","@id":"https:\/\/news.ecclesia.org.br\/?p=21674#article","isPartOf":{"@id":"https:\/\/news.ecclesia.org.br\/?p=21674"},"author":{"name":"Pe. Andr\u00e9","@id":"https:\/\/news.ecclesia.org.br\/#\/schema\/person\/6f09597f025829745ba414a569f63758"},"headline":"Diretor do Escrit\u00f3rio de Imprensa do Patriarcado Ecum\u00eanico falou sobre a &#8220;tentativa de golpe&#8221; na Turquia","datePublished":"2016-08-22T21:35:58+00:00","dateModified":"2016-08-22T21:37:23+00:00","mainEntityOfPage":{"@id":"https:\/\/news.ecclesia.org.br\/?p=21674"},"wordCount":470,"commentCount":0,"publisher":{"@id":"https:\/\/news.ecclesia.org.br\/#organization"},"image":{"@id":"https:\/\/news.ecclesia.org.br\/?p=21674#primaryimage"},"thumbnailUrl":"https:\/\/news.ecclesia.org.br\/wp-content\/uploads\/2016\/08\/pe-dositheos.jpg","articleSection":["Patriarcado Ecum\u00eanico"],"inLanguage":"pt-BR","potentialAction":[{"@type":"CommentAction","name":"Comment","target":["https:\/\/news.ecclesia.org.br\/?p=21674#respond"]}]},{"@type":"WebPage","@id":"https:\/\/news.ecclesia.org.br\/?p=21674","url":"https:\/\/news.ecclesia.org.br\/?p=21674","name":"Diretor do Escrit\u00f3rio de Imprensa do Patriarcado Ecum\u00eanico falou sobre a \"tentativa de golpe\" na Turquia | ECCLESIA NEWS","isPartOf":{"@id":"https:\/\/news.ecclesia.org.br\/#website"},"primaryImageOfPage":{"@id":"https:\/\/news.ecclesia.org.br\/?p=21674#primaryimage"},"image":{"@id":"https:\/\/news.ecclesia.org.br\/?p=21674#primaryimage"},"thumbnailUrl":"https:\/\/news.ecclesia.org.br\/wp-content\/uploads\/2016\/08\/pe-dositheos.jpg","datePublished":"2016-08-22T21:35:58+00:00","dateModified":"2016-08-22T21:37:23+00:00","breadcrumb":{"@id":"https:\/\/news.ecclesia.org.br\/?p=21674#breadcrumb"},"inLanguage":"pt-BR","potentialAction":[{"@type":"ReadAction","target":["https:\/\/news.ecclesia.org.br\/?p=21674"]}]},{"@type":"ImageObject","inLanguage":"pt-BR","@id":"https:\/\/news.ecclesia.org.br\/?p=21674#primaryimage","url":"https:\/\/news.ecclesia.org.br\/wp-content\/uploads\/2016\/08\/pe-dositheos.jpg","contentUrl":"https:\/\/news.ecclesia.org.br\/wp-content\/uploads\/2016\/08\/pe-dositheos.jpg","width":918,"height":689,"caption":"Pe. Dosith\u00e9e Anagnostopoulos, diretor do Escrit\u00f3rio de Imprensa do Patriarcado Ecum\u00eanico"},{"@type":"BreadcrumbList","@id":"https:\/\/news.ecclesia.org.br\/?p=21674#breadcrumb","itemListElement":[{"@type":"ListItem","position":1,"name":"In\u00edcio","item":"https:\/\/news.ecclesia.org.br\/"},{"@type":"ListItem","position":2,"name":"Diretor do Escrit\u00f3rio de Imprensa do Patriarcado Ecum\u00eanico falou sobre a &#8220;tentativa de golpe&#8221; na Turquia"}]},{"@type":"WebSite","@id":"https:\/\/news.ecclesia.org.br\/#website","url":"https:\/\/news.ecclesia.org.br\/","name":"Ecclesia Brasil","description":"Desde 2003 onectando o Brasil ao mundo ortodoxo!","publisher":{"@id":"https:\/\/news.ecclesia.org.br\/#organization"},"alternateName":"Ecclesia","potentialAction":[{"@type":"SearchAction","target":{"@type":"EntryPoint","urlTemplate":"https:\/\/news.ecclesia.org.br\/?s={search_term_string}"},"query-input":{"@type":"PropertyValueSpecification","valueRequired":true,"valueName":"search_term_string"}}],"inLanguage":"pt-BR"},{"@type":"Organization","@id":"https:\/\/news.ecclesia.org.br\/#organization","name":"Sacra Arquidiocese de Buenos Aires e Am\u00e9rica do Sul | Patriarcado Ecum\u00eanico","alternateName":"News Ecclesia Brasil","url":"https:\/\/news.ecclesia.org.br\/","logo":{"@type":"ImageObject","inLanguage":"pt-BR","@id":"https:\/\/news.ecclesia.org.br\/#\/schema\/logo\/image\/","url":"https:\/\/news.ecclesia.org.br\/wp-content\/uploads\/2025\/05\/ecclesia2.png","contentUrl":"https:\/\/news.ecclesia.org.br\/wp-content\/uploads\/2025\/05\/ecclesia2.png","width":480,"height":120,"caption":"Sacra Arquidiocese de Buenos Aires e Am\u00e9rica do Sul | Patriarcado Ecum\u00eanico"},"image":{"@id":"https:\/\/news.ecclesia.org.br\/#\/schema\/logo\/image\/"},"sameAs":["https:\/\/www.facebook.com\/Ecclesia2025","https:\/\/x.com\/EcclesiaNews","https:\/\/br.pinterest.com\/ekklisia\/","https:\/\/www.youtube.com\/@EcclesiaBrasil"]},{"@type":"Person","@id":"https:\/\/news.ecclesia.org.br\/#\/schema\/person\/6f09597f025829745ba414a569f63758","name":"Pe. Andr\u00e9","image":{"@type":"ImageObject","inLanguage":"pt-BR","@id":"https:\/\/secure.gravatar.com\/avatar\/b4327cfa27e9799da239a26adcd534fc29cdc0c4a4a148eecbcfeb9b42c617ac?s=96&d=mm&r=g","url":"https:\/\/secure.gravatar.com\/avatar\/b4327cfa27e9799da239a26adcd534fc29cdc0c4a4a148eecbcfeb9b42c617ac?s=96&d=mm&r=g","contentUrl":"https:\/\/secure.gravatar.com\/avatar\/b4327cfa27e9799da239a26adcd534fc29cdc0c4a4a148eecbcfeb9b42c617ac?s=96&d=mm&r=g","caption":"Pe. Andr\u00e9"},"sameAs":["https:\/\/www.ecclesia.org.br"]}]}},"_links":{"self":[{"href":"https:\/\/news.ecclesia.org.br\/index.php?rest_route=\/wp\/v2\/posts\/21674","targetHints":{"allow":["GET"]}}],"collection":[{"href":"https:\/\/news.ecclesia.org.br\/index.php?rest_route=\/wp\/v2\/posts"}],"about":[{"href":"https:\/\/news.ecclesia.org.br\/index.php?rest_route=\/wp\/v2\/types\/post"}],"author":[{"embeddable":true,"href":"https:\/\/news.ecclesia.org.br\/index.php?rest_route=\/wp\/v2\/users\/1"}],"replies":[{"embeddable":true,"href":"https:\/\/news.ecclesia.org.br\/index.php?rest_route=%2Fwp%2Fv2%2Fcomments&post=21674"}],"version-history":[{"count":0,"href":"https:\/\/news.ecclesia.org.br\/index.php?rest_route=\/wp\/v2\/posts\/21674\/revisions"}],"wp:featuredmedia":[{"embeddable":true,"href":"https:\/\/news.ecclesia.org.br\/index.php?rest_route=\/wp\/v2\/media\/21675"}],"wp:attachment":[{"href":"https:\/\/news.ecclesia.org.br\/index.php?rest_route=%2Fwp%2Fv2%2Fmedia&parent=21674"}],"wp:term":[{"taxonomy":"category","embeddable":true,"href":"https:\/\/news.ecclesia.org.br\/index.php?rest_route=%2Fwp%2Fv2%2Fcategories&post=21674"},{"taxonomy":"post_tag","embeddable":true,"href":"https:\/\/news.ecclesia.org.br\/index.php?rest_route=%2Fwp%2Fv2%2Ftags&post=21674"}],"curies":[{"name":"wp","href":"https:\/\/api.w.org\/{rel}","templated":true}]}}