{"id":21661,"date":"2016-08-18T17:49:51","date_gmt":"2016-08-18T17:49:51","guid":{"rendered":"https:\/\/news.ecclesia.org.br\/2013\/?p=21661"},"modified":"2016-08-18T17:52:40","modified_gmt":"2016-08-18T17:52:40","slug":"patriarca-joao-de-antioquia-visita-a-igreja-ortodoxa-da-polonia","status":"publish","type":"post","link":"https:\/\/news.ecclesia.org.br\/?p=21661","title":{"rendered":"Patriarca Jo\u00e3o X, de Antioquia, visita a Igreja Ortodoxa da Pol\u00f4nia"},"content":{"rendered":"<p style=\"text-align: justify;\"><a href=\"https:\/\/news.ecclesia.org.br\/2013\/wp-content\/uploads\/2016\/08\/patriarca-joao-na-polonia.jpg\"><img fetchpriority=\"high\" decoding=\"async\" class=\"aligncenter wp-image-21662\" src=\"https:\/\/news.ecclesia.org.br\/2013\/wp-content\/uploads\/2016\/08\/patriarca-joao-na-polonia.jpg\" alt=\"patriarca-joao-na-polonia\" width=\"640\" height=\"426\" srcset=\"https:\/\/news.ecclesia.org.br\/wp-content\/uploads\/2016\/08\/patriarca-joao-na-polonia.jpg 770w, https:\/\/news.ecclesia.org.br\/wp-content\/uploads\/2016\/08\/patriarca-joao-na-polonia-300x199.jpg 300w, https:\/\/news.ecclesia.org.br\/wp-content\/uploads\/2016\/08\/patriarca-joao-na-polonia-768x511.jpg 768w, https:\/\/news.ecclesia.org.br\/wp-content\/uploads\/2016\/08\/patriarca-joao-na-polonia-600x399.jpg 600w, https:\/\/news.ecclesia.org.br\/wp-content\/uploads\/2016\/08\/patriarca-joao-na-polonia-83x55.jpg 83w, https:\/\/news.ecclesia.org.br\/wp-content\/uploads\/2016\/08\/patriarca-joao-na-polonia-60x40.jpg 60w, https:\/\/news.ecclesia.org.br\/wp-content\/uploads\/2016\/08\/patriarca-joao-na-polonia-120x80.jpg 120w\" sizes=\"(max-width: 640px) 100vw, 640px\" \/><\/a><\/p>\n<p style=\"text-align: justify;\">O Patriarca Jo\u00e3o X, de Antioquia, acompanhado de sua comitiva, foi calorosamente recepcionado no aeroporto de Vars\u00f3via pelo Metropolita Sawa, Arcebispo Primaz da Igreja Ortodoxa na Pol\u00f4nia. Logo\u00a0depois, os dois Primazes seguiram para a igreja de Santa Maria Madalena, onde concelebraram uma\u00a0doxologia. Durante este servi\u00e7o lit\u00fargico, o Patriarca Jo\u00e3o de Antioquia disse, em sua homilia: &#8220;Agrade\u00e7o de todo o meu cora\u00e7\u00e3o\u00a0por cada uma das palavras de amor e de boas-vindas que me foram dirigidas; sinto-me particularmente enobrecido pelos sentimentos expressados em rela\u00e7\u00e3o aos vossos irm\u00e3os da Igreja de Antioquia&#8221;.\u00a0Em outra passagem de sua homilia, o Patriarca Jo\u00e3o\u00a0disse: &#8220;Assumimos\u00a0as preocupa\u00e7\u00f5es dos sem-teto, dos que foram sequestrados, dos\u00a0migrantes, obrigados ao deslocamento\u00a0e dos \u00f3rf\u00e3os. Trazemos a dor da cidade de Alepo (S\u00edria) que ainda espera por\u00a0seus pastores Yohanna (Jo\u00e3o) e Paulo\u00a0Ibrahim Yazigi, sequestrados h\u00e1\u00a0mais de tr\u00eas anos, enquanto o mundo continua segue como\u00a0mero\u00a0espectador desta trag\u00e9dia&#8221;.\u00a0Em seguida, o Patriarca Jo\u00e3o de Antioquia, acompanhado por Metropolita Sawa de Vars\u00f3via, visitou a Academia Crist\u00e3 Teol\u00f3gica onde foi recebido pelo seu Presidente.\u00a0L\u00e1, o primaz da Igreja de Antioquia recebeu o t\u00edtulo de <em>doutor honoris causa<\/em>, na presen\u00e7a do presidente da Academia, membros do corpo docente, alunos e um grande p\u00fablico. Ao receber tal\u00a0distin\u00e7\u00e3o, o Patriarca Jo\u00e3o\u00a0agradeceu ao presidente, dizendo: &#8220;\u00c9 uma grande honra para mim, neste primeiro dia da minha visita \u00e0 Pol\u00f4nia, estar aqui e ser distinguido com o\u00a0<em>doutoramento honoris causa<\/em> de Academia Crist\u00e3 Teol\u00f3gica de Vars\u00f3via&#8221;. \u00a0E concluiu em seguida dizendo: &#8220;Obrigado, meus irm\u00e3os, por esta\u00a0honra que consideramos principalmente como uma medalha colocada no peito da Igreja de Antioquia&#8221;.<\/p>\n<p style=\"text-align: right;\">Fonte: <a href=\"http:\/\/www.romfea.gr\/epikairotita-xronika\/9952-i-polonia-upodexthike-ton-patriarxi-antioxeias-foto\" target=\"_blank\">Romfea.gr<\/a><\/p>\n","protected":false},"excerpt":{"rendered":"<p>O Patriarca Jo\u00e3o X, de Antioquia, acompanhado de sua comitiva, foi calorosamente recepcionado no aeroporto de Vars\u00f3via pelo Metropolita Sawa, Arcebispo Primaz da Igreja Ortodoxa na Pol\u00f4nia. Logo\u00a0depois, os dois Primazes seguiram para a igreja de Santa Maria Madalena, onde&#8230;<\/p>\n","protected":false},"author":1,"featured_media":21662,"comment_status":"open","ping_status":"open","sticky":false,"template":"","format":"standard","meta":{"_acf_changed":false,"footnotes":""},"categories":[1],"tags":[],"class_list":["post-21661","post","type-post","status-publish","format-standard","has-post-thumbnail","hentry","category-news","entry","rows-excerpt"],"acf":[],"yoast_head":"<!-- This site is optimized with the Yoast SEO plugin v27.5 - https:\/\/yoast.com\/product\/yoast-seo-wordpress\/ -->\n<title>Patriarca Jo\u00e3o X, de Antioquia, visita a Igreja Ortodoxa da Pol\u00f4nia | ECCLESIA NEWS<\/title>\n<meta name=\"robots\" content=\"index, follow, max-snippet:-1, max-image-preview:large, max-video-preview:-1\" \/>\n<link rel=\"canonical\" href=\"https:\/\/news.ecclesia.org.br\/?p=21661\" \/>\n<meta property=\"og:locale\" content=\"pt_BR\" \/>\n<meta property=\"og:type\" content=\"article\" \/>\n<meta property=\"og:title\" content=\"Patriarca Jo\u00e3o X, de Antioquia, visita a Igreja Ortodoxa da Pol\u00f4nia | ECCLESIA NEWS\" \/>\n<meta property=\"og:description\" content=\"O Patriarca Jo\u00e3o X, de Antioquia, acompanhado de sua comitiva, foi calorosamente recepcionado no aeroporto de Vars\u00f3via pelo Metropolita Sawa, Arcebispo Primaz da Igreja Ortodoxa na Pol\u00f4nia. Logo\u00a0depois, os dois Primazes seguiram para a igreja de Santa Maria Madalena, onde&#8230;\" \/>\n<meta property=\"og:url\" content=\"https:\/\/news.ecclesia.org.br\/?p=21661\" \/>\n<meta property=\"og:site_name\" content=\"ECCLESIA NEWS\" \/>\n<meta property=\"article:publisher\" content=\"https:\/\/www.facebook.com\/Ecclesia2025\" \/>\n<meta property=\"article:published_time\" content=\"2016-08-18T17:49:51+00:00\" \/>\n<meta property=\"article:modified_time\" content=\"2016-08-18T17:52:40+00:00\" \/>\n<meta property=\"og:image\" content=\"https:\/\/news.ecclesia.org.br\/wp-content\/uploads\/2016\/08\/patriarca-joao-na-polonia.jpg\" \/>\n\t<meta property=\"og:image:width\" content=\"770\" \/>\n\t<meta property=\"og:image:height\" content=\"512\" \/>\n\t<meta property=\"og:image:type\" content=\"image\/jpeg\" \/>\n<meta name=\"author\" content=\"Pe. Andr\u00e9\" \/>\n<meta name=\"twitter:card\" content=\"summary_large_image\" \/>\n<meta name=\"twitter:creator\" content=\"@EcclesiaNews\" \/>\n<meta name=\"twitter:site\" content=\"@EcclesiaNews\" \/>\n<meta name=\"twitter:label1\" content=\"Escrito por\" \/>\n\t<meta name=\"twitter:data1\" content=\"Pe. Andr\u00e9\" \/>\n\t<meta name=\"twitter:label2\" content=\"Est. tempo de leitura\" \/>\n\t<meta name=\"twitter:data2\" content=\"2 minutos\" \/>\n<script type=\"application\/ld+json\" class=\"yoast-schema-graph\">{\"@context\":\"https:\\\/\\\/schema.org\",\"@graph\":[{\"@type\":\"Article\",\"@id\":\"https:\\\/\\\/news.ecclesia.org.br\\\/?p=21661#article\",\"isPartOf\":{\"@id\":\"https:\\\/\\\/news.ecclesia.org.br\\\/?p=21661\"},\"author\":{\"name\":\"Pe. Andr\u00e9\",\"@id\":\"https:\\\/\\\/news.ecclesia.org.br\\\/#\\\/schema\\\/person\\\/6f09597f025829745ba414a569f63758\"},\"headline\":\"Patriarca Jo\u00e3o X, de Antioquia, visita a Igreja Ortodoxa da Pol\u00f4nia\",\"datePublished\":\"2016-08-18T17:49:51+00:00\",\"dateModified\":\"2016-08-18T17:52:40+00:00\",\"mainEntityOfPage\":{\"@id\":\"https:\\\/\\\/news.ecclesia.org.br\\\/?p=21661\"},\"wordCount\":316,\"commentCount\":0,\"publisher\":{\"@id\":\"https:\\\/\\\/news.ecclesia.org.br\\\/#organization\"},\"image\":{\"@id\":\"https:\\\/\\\/news.ecclesia.org.br\\\/?p=21661#primaryimage\"},\"thumbnailUrl\":\"https:\\\/\\\/news.ecclesia.org.br\\\/wp-content\\\/uploads\\\/2016\\\/08\\\/patriarca-joao-na-polonia.jpg\",\"articleSection\":[\"NEWS\"],\"inLanguage\":\"pt-BR\",\"potentialAction\":[{\"@type\":\"CommentAction\",\"name\":\"Comment\",\"target\":[\"https:\\\/\\\/news.ecclesia.org.br\\\/?p=21661#respond\"]}]},{\"@type\":\"WebPage\",\"@id\":\"https:\\\/\\\/news.ecclesia.org.br\\\/?p=21661\",\"url\":\"https:\\\/\\\/news.ecclesia.org.br\\\/?p=21661\",\"name\":\"Patriarca Jo\u00e3o X, de Antioquia, visita a Igreja Ortodoxa da Pol\u00f4nia | ECCLESIA NEWS\",\"isPartOf\":{\"@id\":\"https:\\\/\\\/news.ecclesia.org.br\\\/#website\"},\"primaryImageOfPage\":{\"@id\":\"https:\\\/\\\/news.ecclesia.org.br\\\/?p=21661#primaryimage\"},\"image\":{\"@id\":\"https:\\\/\\\/news.ecclesia.org.br\\\/?p=21661#primaryimage\"},\"thumbnailUrl\":\"https:\\\/\\\/news.ecclesia.org.br\\\/wp-content\\\/uploads\\\/2016\\\/08\\\/patriarca-joao-na-polonia.jpg\",\"datePublished\":\"2016-08-18T17:49:51+00:00\",\"dateModified\":\"2016-08-18T17:52:40+00:00\",\"breadcrumb\":{\"@id\":\"https:\\\/\\\/news.ecclesia.org.br\\\/?p=21661#breadcrumb\"},\"inLanguage\":\"pt-BR\",\"potentialAction\":[{\"@type\":\"ReadAction\",\"target\":[\"https:\\\/\\\/news.ecclesia.org.br\\\/?p=21661\"]}]},{\"@type\":\"ImageObject\",\"inLanguage\":\"pt-BR\",\"@id\":\"https:\\\/\\\/news.ecclesia.org.br\\\/?p=21661#primaryimage\",\"url\":\"https:\\\/\\\/news.ecclesia.org.br\\\/wp-content\\\/uploads\\\/2016\\\/08\\\/patriarca-joao-na-polonia.jpg\",\"contentUrl\":\"https:\\\/\\\/news.ecclesia.org.br\\\/wp-content\\\/uploads\\\/2016\\\/08\\\/patriarca-joao-na-polonia.jpg\",\"width\":770,\"height\":512},{\"@type\":\"BreadcrumbList\",\"@id\":\"https:\\\/\\\/news.ecclesia.org.br\\\/?p=21661#breadcrumb\",\"itemListElement\":[{\"@type\":\"ListItem\",\"position\":1,\"name\":\"In\u00edcio\",\"item\":\"https:\\\/\\\/news.ecclesia.org.br\\\/\"},{\"@type\":\"ListItem\",\"position\":2,\"name\":\"Patriarca Jo\u00e3o X, de Antioquia, visita a Igreja Ortodoxa da Pol\u00f4nia\"}]},{\"@type\":\"WebSite\",\"@id\":\"https:\\\/\\\/news.ecclesia.org.br\\\/#website\",\"url\":\"https:\\\/\\\/news.ecclesia.org.br\\\/\",\"name\":\"Ecclesia Brasil\",\"description\":\"Desde 2003 onectando o Brasil ao mundo ortodoxo!\",\"publisher\":{\"@id\":\"https:\\\/\\\/news.ecclesia.org.br\\\/#organization\"},\"alternateName\":\"Ecclesia\",\"potentialAction\":[{\"@type\":\"SearchAction\",\"target\":{\"@type\":\"EntryPoint\",\"urlTemplate\":\"https:\\\/\\\/news.ecclesia.org.br\\\/?s={search_term_string}\"},\"query-input\":{\"@type\":\"PropertyValueSpecification\",\"valueRequired\":true,\"valueName\":\"search_term_string\"}}],\"inLanguage\":\"pt-BR\"},{\"@type\":\"Organization\",\"@id\":\"https:\\\/\\\/news.ecclesia.org.br\\\/#organization\",\"name\":\"Sacra Arquidiocese de Buenos Aires e Am\u00e9rica do Sul | Patriarcado Ecum\u00eanico\",\"alternateName\":\"News Ecclesia Brasil\",\"url\":\"https:\\\/\\\/news.ecclesia.org.br\\\/\",\"logo\":{\"@type\":\"ImageObject\",\"inLanguage\":\"pt-BR\",\"@id\":\"https:\\\/\\\/news.ecclesia.org.br\\\/#\\\/schema\\\/logo\\\/image\\\/\",\"url\":\"https:\\\/\\\/news.ecclesia.org.br\\\/wp-content\\\/uploads\\\/2025\\\/05\\\/ecclesia2.png\",\"contentUrl\":\"https:\\\/\\\/news.ecclesia.org.br\\\/wp-content\\\/uploads\\\/2025\\\/05\\\/ecclesia2.png\",\"width\":480,\"height\":120,\"caption\":\"Sacra Arquidiocese de Buenos Aires e Am\u00e9rica do Sul | Patriarcado Ecum\u00eanico\"},\"image\":{\"@id\":\"https:\\\/\\\/news.ecclesia.org.br\\\/#\\\/schema\\\/logo\\\/image\\\/\"},\"sameAs\":[\"https:\\\/\\\/www.facebook.com\\\/Ecclesia2025\",\"https:\\\/\\\/x.com\\\/EcclesiaNews\",\"https:\\\/\\\/br.pinterest.com\\\/ekklisia\\\/\",\"https:\\\/\\\/www.youtube.com\\\/@EcclesiaBrasil\"]},{\"@type\":\"Person\",\"@id\":\"https:\\\/\\\/news.ecclesia.org.br\\\/#\\\/schema\\\/person\\\/6f09597f025829745ba414a569f63758\",\"name\":\"Pe. Andr\u00e9\",\"image\":{\"@type\":\"ImageObject\",\"inLanguage\":\"pt-BR\",\"@id\":\"https:\\\/\\\/secure.gravatar.com\\\/avatar\\\/b4327cfa27e9799da239a26adcd534fc29cdc0c4a4a148eecbcfeb9b42c617ac?s=96&d=mm&r=g\",\"url\":\"https:\\\/\\\/secure.gravatar.com\\\/avatar\\\/b4327cfa27e9799da239a26adcd534fc29cdc0c4a4a148eecbcfeb9b42c617ac?s=96&d=mm&r=g\",\"contentUrl\":\"https:\\\/\\\/secure.gravatar.com\\\/avatar\\\/b4327cfa27e9799da239a26adcd534fc29cdc0c4a4a148eecbcfeb9b42c617ac?s=96&d=mm&r=g\",\"caption\":\"Pe. Andr\u00e9\"},\"sameAs\":[\"https:\\\/\\\/www.ecclesia.org.br\"]}]}<\/script>\n<!-- \/ Yoast SEO plugin. -->","yoast_head_json":{"title":"Patriarca Jo\u00e3o X, de Antioquia, visita a Igreja Ortodoxa da Pol\u00f4nia | ECCLESIA NEWS","robots":{"index":"index","follow":"follow","max-snippet":"max-snippet:-1","max-image-preview":"max-image-preview:large","max-video-preview":"max-video-preview:-1"},"canonical":"https:\/\/news.ecclesia.org.br\/?p=21661","og_locale":"pt_BR","og_type":"article","og_title":"Patriarca Jo\u00e3o X, de Antioquia, visita a Igreja Ortodoxa da Pol\u00f4nia | ECCLESIA NEWS","og_description":"O Patriarca Jo\u00e3o X, de Antioquia, acompanhado de sua comitiva, foi calorosamente recepcionado no aeroporto de Vars\u00f3via pelo Metropolita Sawa, Arcebispo Primaz da Igreja Ortodoxa na Pol\u00f4nia. Logo\u00a0depois, os dois Primazes seguiram para a igreja de Santa Maria Madalena, onde&#8230;","og_url":"https:\/\/news.ecclesia.org.br\/?p=21661","og_site_name":"ECCLESIA NEWS","article_publisher":"https:\/\/www.facebook.com\/Ecclesia2025","article_published_time":"2016-08-18T17:49:51+00:00","article_modified_time":"2016-08-18T17:52:40+00:00","og_image":[{"width":770,"height":512,"url":"https:\/\/news.ecclesia.org.br\/wp-content\/uploads\/2016\/08\/patriarca-joao-na-polonia.jpg","type":"image\/jpeg"}],"author":"Pe. Andr\u00e9","twitter_card":"summary_large_image","twitter_creator":"@EcclesiaNews","twitter_site":"@EcclesiaNews","twitter_misc":{"Escrito por":"Pe. Andr\u00e9","Est. tempo de leitura":"2 minutos"},"schema":{"@context":"https:\/\/schema.org","@graph":[{"@type":"Article","@id":"https:\/\/news.ecclesia.org.br\/?p=21661#article","isPartOf":{"@id":"https:\/\/news.ecclesia.org.br\/?p=21661"},"author":{"name":"Pe. Andr\u00e9","@id":"https:\/\/news.ecclesia.org.br\/#\/schema\/person\/6f09597f025829745ba414a569f63758"},"headline":"Patriarca Jo\u00e3o X, de Antioquia, visita a Igreja Ortodoxa da Pol\u00f4nia","datePublished":"2016-08-18T17:49:51+00:00","dateModified":"2016-08-18T17:52:40+00:00","mainEntityOfPage":{"@id":"https:\/\/news.ecclesia.org.br\/?p=21661"},"wordCount":316,"commentCount":0,"publisher":{"@id":"https:\/\/news.ecclesia.org.br\/#organization"},"image":{"@id":"https:\/\/news.ecclesia.org.br\/?p=21661#primaryimage"},"thumbnailUrl":"https:\/\/news.ecclesia.org.br\/wp-content\/uploads\/2016\/08\/patriarca-joao-na-polonia.jpg","articleSection":["NEWS"],"inLanguage":"pt-BR","potentialAction":[{"@type":"CommentAction","name":"Comment","target":["https:\/\/news.ecclesia.org.br\/?p=21661#respond"]}]},{"@type":"WebPage","@id":"https:\/\/news.ecclesia.org.br\/?p=21661","url":"https:\/\/news.ecclesia.org.br\/?p=21661","name":"Patriarca Jo\u00e3o X, de Antioquia, visita a Igreja Ortodoxa da Pol\u00f4nia | ECCLESIA NEWS","isPartOf":{"@id":"https:\/\/news.ecclesia.org.br\/#website"},"primaryImageOfPage":{"@id":"https:\/\/news.ecclesia.org.br\/?p=21661#primaryimage"},"image":{"@id":"https:\/\/news.ecclesia.org.br\/?p=21661#primaryimage"},"thumbnailUrl":"https:\/\/news.ecclesia.org.br\/wp-content\/uploads\/2016\/08\/patriarca-joao-na-polonia.jpg","datePublished":"2016-08-18T17:49:51+00:00","dateModified":"2016-08-18T17:52:40+00:00","breadcrumb":{"@id":"https:\/\/news.ecclesia.org.br\/?p=21661#breadcrumb"},"inLanguage":"pt-BR","potentialAction":[{"@type":"ReadAction","target":["https:\/\/news.ecclesia.org.br\/?p=21661"]}]},{"@type":"ImageObject","inLanguage":"pt-BR","@id":"https:\/\/news.ecclesia.org.br\/?p=21661#primaryimage","url":"https:\/\/news.ecclesia.org.br\/wp-content\/uploads\/2016\/08\/patriarca-joao-na-polonia.jpg","contentUrl":"https:\/\/news.ecclesia.org.br\/wp-content\/uploads\/2016\/08\/patriarca-joao-na-polonia.jpg","width":770,"height":512},{"@type":"BreadcrumbList","@id":"https:\/\/news.ecclesia.org.br\/?p=21661#breadcrumb","itemListElement":[{"@type":"ListItem","position":1,"name":"In\u00edcio","item":"https:\/\/news.ecclesia.org.br\/"},{"@type":"ListItem","position":2,"name":"Patriarca Jo\u00e3o X, de Antioquia, visita a Igreja Ortodoxa da Pol\u00f4nia"}]},{"@type":"WebSite","@id":"https:\/\/news.ecclesia.org.br\/#website","url":"https:\/\/news.ecclesia.org.br\/","name":"Ecclesia Brasil","description":"Desde 2003 onectando o Brasil ao mundo ortodoxo!","publisher":{"@id":"https:\/\/news.ecclesia.org.br\/#organization"},"alternateName":"Ecclesia","potentialAction":[{"@type":"SearchAction","target":{"@type":"EntryPoint","urlTemplate":"https:\/\/news.ecclesia.org.br\/?s={search_term_string}"},"query-input":{"@type":"PropertyValueSpecification","valueRequired":true,"valueName":"search_term_string"}}],"inLanguage":"pt-BR"},{"@type":"Organization","@id":"https:\/\/news.ecclesia.org.br\/#organization","name":"Sacra Arquidiocese de Buenos Aires e Am\u00e9rica do Sul | Patriarcado Ecum\u00eanico","alternateName":"News Ecclesia Brasil","url":"https:\/\/news.ecclesia.org.br\/","logo":{"@type":"ImageObject","inLanguage":"pt-BR","@id":"https:\/\/news.ecclesia.org.br\/#\/schema\/logo\/image\/","url":"https:\/\/news.ecclesia.org.br\/wp-content\/uploads\/2025\/05\/ecclesia2.png","contentUrl":"https:\/\/news.ecclesia.org.br\/wp-content\/uploads\/2025\/05\/ecclesia2.png","width":480,"height":120,"caption":"Sacra Arquidiocese de Buenos Aires e Am\u00e9rica do Sul | Patriarcado Ecum\u00eanico"},"image":{"@id":"https:\/\/news.ecclesia.org.br\/#\/schema\/logo\/image\/"},"sameAs":["https:\/\/www.facebook.com\/Ecclesia2025","https:\/\/x.com\/EcclesiaNews","https:\/\/br.pinterest.com\/ekklisia\/","https:\/\/www.youtube.com\/@EcclesiaBrasil"]},{"@type":"Person","@id":"https:\/\/news.ecclesia.org.br\/#\/schema\/person\/6f09597f025829745ba414a569f63758","name":"Pe. Andr\u00e9","image":{"@type":"ImageObject","inLanguage":"pt-BR","@id":"https:\/\/secure.gravatar.com\/avatar\/b4327cfa27e9799da239a26adcd534fc29cdc0c4a4a148eecbcfeb9b42c617ac?s=96&d=mm&r=g","url":"https:\/\/secure.gravatar.com\/avatar\/b4327cfa27e9799da239a26adcd534fc29cdc0c4a4a148eecbcfeb9b42c617ac?s=96&d=mm&r=g","contentUrl":"https:\/\/secure.gravatar.com\/avatar\/b4327cfa27e9799da239a26adcd534fc29cdc0c4a4a148eecbcfeb9b42c617ac?s=96&d=mm&r=g","caption":"Pe. Andr\u00e9"},"sameAs":["https:\/\/www.ecclesia.org.br"]}]}},"_links":{"self":[{"href":"https:\/\/news.ecclesia.org.br\/index.php?rest_route=\/wp\/v2\/posts\/21661","targetHints":{"allow":["GET"]}}],"collection":[{"href":"https:\/\/news.ecclesia.org.br\/index.php?rest_route=\/wp\/v2\/posts"}],"about":[{"href":"https:\/\/news.ecclesia.org.br\/index.php?rest_route=\/wp\/v2\/types\/post"}],"author":[{"embeddable":true,"href":"https:\/\/news.ecclesia.org.br\/index.php?rest_route=\/wp\/v2\/users\/1"}],"replies":[{"embeddable":true,"href":"https:\/\/news.ecclesia.org.br\/index.php?rest_route=%2Fwp%2Fv2%2Fcomments&post=21661"}],"version-history":[{"count":0,"href":"https:\/\/news.ecclesia.org.br\/index.php?rest_route=\/wp\/v2\/posts\/21661\/revisions"}],"wp:featuredmedia":[{"embeddable":true,"href":"https:\/\/news.ecclesia.org.br\/index.php?rest_route=\/wp\/v2\/media\/21662"}],"wp:attachment":[{"href":"https:\/\/news.ecclesia.org.br\/index.php?rest_route=%2Fwp%2Fv2%2Fmedia&parent=21661"}],"wp:term":[{"taxonomy":"category","embeddable":true,"href":"https:\/\/news.ecclesia.org.br\/index.php?rest_route=%2Fwp%2Fv2%2Fcategories&post=21661"},{"taxonomy":"post_tag","embeddable":true,"href":"https:\/\/news.ecclesia.org.br\/index.php?rest_route=%2Fwp%2Fv2%2Ftags&post=21661"}],"curies":[{"name":"wp","href":"https:\/\/api.w.org\/{rel}","templated":true}]}}