{"id":21613,"date":"2016-08-05T19:31:17","date_gmt":"2016-08-05T19:31:17","guid":{"rendered":"https:\/\/news.ecclesia.org.br\/2013\/?p=21613"},"modified":"2016-08-05T20:41:30","modified_gmt":"2016-08-05T20:41:30","slug":"a-dormicao-da-theotokos-aprofundamentos-mariologicos-por-s-s-bartolomeu-i-patriarca-ecumenico-de-constantinopla","status":"publish","type":"post","link":"https:\/\/news.ecclesia.org.br\/?p=21613","title":{"rendered":"A Dormi\u00e7\u00e3o da Theotokos &#8211; aprofundamentos mariol\u00f3gicos, por S. S.Bartolomeu I, Patriarca Ecum\u00eanico de Constantinopla"},"content":{"rendered":"<figure id=\"attachment_17218\" aria-describedby=\"caption-attachment-17218\" style=\"width: 289px\" class=\"wp-caption alignleft\"><a href=\"https:\/\/news.ecclesia.org.br\/2013\/wp-content\/uploads\/2012\/08\/dormicao-biblioteca.jpg\"><img fetchpriority=\"high\" decoding=\"async\" class=\"size-medium wp-image-17218\" src=\"https:\/\/news.ecclesia.org.br\/2013\/wp-content\/uploads\/2012\/08\/dormicao-biblioteca-289x300.jpg\" alt=\"Dormi\u00e7\u00e3o da Virgem, mosaico da igreja de Cristo Salvador, em Chora, c. 1320, Museu de Kariye Camii, Istambul, Turquia\" width=\"289\" height=\"300\" \/><\/a><figcaption id=\"caption-attachment-17218\" class=\"wp-caption-text\">Dormi\u00e7\u00e3o da Virgem, mosaico da igreja de Cristo Salvador, em Chora, c. 1320, Museu de Kariye Camii, Istambul, Turquia<\/figcaption><\/figure>\n<p style=\"text-align: justify;\">A Igreja Ortodoxa venera intensamente a M\u00e3e de Deus \u2013 ou <em>Theotokos<\/em>, ou\u00a0<em>Panaghia\u00a0<\/em>(a Toda Santa), como n\u00f3s preferimos nos referir a ela \u2013 exaltando-a, n\u00e3o como uma piedosa exce\u00e7\u00e3o, mas realmente como um exemplo concreto do modo crist\u00e3o de entregar-se e responder \u00e0 voca\u00e7\u00e3o a ser disc\u00edpulo de Cristo. Maria \u00e9 extraordin\u00e1ria apenas na sua virtude ordinariamente humana, que n\u00f3s somos chamados a respeitar e imitar como devotos crist\u00e3os. Sua morte \u00e9 comemorada em 15 de agosto, uma das doze Grandes Festas do calend\u00e1rio ortodoxo.<\/p>\n<p style=\"text-align: justify;\">Ao compreender a \u201csagrada alian\u00e7a\u201d ou mist\u00e9rio de Maria, do qual \u201cningu\u00e9m se pode aproximar com m\u00e3os despreparadas\u201d, a teologia ortodoxa mira \u00e0 Escritura mas, sobretudo, \u00e0 Tradi\u00e7\u00e3o, de modo particular \u00e0 liturgia e \u00e0 iconografia. Nesse sentido, os crist\u00e3os ortodoxos ligam Maria antes de mais nada ao seu papel na divina encarna\u00e7\u00e3o, como M\u00e3e de nosso Senhor e Salvador Jesus Cristo, enquanto, ao mesmo tempo, a conectam a uma longa s\u00e9rie de seres humanos \u2013 e n\u00e3o divinos \u2013 que remete \u00e0 continuidade da hist\u00f3ria sagrada, conduzindo at\u00e9 o nascimento do Filho de Deus, Jesus de Nazar\u00e9, h\u00e1 dois mil anos. Isolar Maria dessa estirpe preparat\u00f3ria ou \u201cecon\u00f4mica\u201d separa-a da nossa realidade e a p\u00f5e em posi\u00e7\u00e3o marginal em rela\u00e7\u00e3o \u00e0 nossa salva\u00e7\u00e3o. Maria tamb\u00e9m precisa da salva\u00e7\u00e3o \u2013 como todos os seres humanos; ainda que ela tenha sido considerada \u201csem pecados pessoais\u201d, continua sujeita \u00e0 servid\u00e3o do pecado original. Embora ela seja \u201cmais honor\u00e1vel que os Querubins e incomparavelmente mais gloriosa que os Serafins\u201d, o que vale para n\u00f3s vale tamb\u00e9m para Maria. Ainda que tenha sido \u201cbendita entre todas as mulheres\u201d, ela encarna a \u00fanica coisa necess\u00e1ria entre todos os seres humanos, ou seja, a dedica\u00e7\u00e3o \u00e0 Palavra de Deus e a entrega \u00e0 Sua vontade [&#8230;] <a href=\"http:\/\/ecclesia.org.br\/biblioteca\/fe_crista_ortodoxa\/a-dormicao-da-theotokos.html\" target=\"_blank\">Continue lendo<\/a>.<\/p>\n","protected":false},"excerpt":{"rendered":"<p>A Igreja Ortodoxa venera intensamente a M\u00e3e de Deus \u2013 ou Theotokos, ou\u00a0Panaghia\u00a0(a Toda Santa), como n\u00f3s preferimos nos referir a ela \u2013 exaltando-a, n\u00e3o como uma piedosa exce\u00e7\u00e3o, mas realmente como um exemplo concreto do modo crist\u00e3o de entregar-se&#8230;<\/p>\n","protected":false},"author":1,"featured_media":0,"comment_status":"open","ping_status":"open","sticky":false,"template":"","format":"standard","meta":{"_acf_changed":false,"footnotes":""},"categories":[1],"tags":[],"class_list":["post-21613","post","type-post","status-publish","format-standard","hentry","category-news","entry","rows-excerpt"],"acf":[],"yoast_head":"<!-- This site is optimized with the Yoast SEO plugin v27.5 - https:\/\/yoast.com\/product\/yoast-seo-wordpress\/ -->\n<title>A Dormi\u00e7\u00e3o da Theotokos - aprofundamentos mariol\u00f3gicos, por S. S.Bartolomeu I, Patriarca Ecum\u00eanico de Constantinopla | ECCLESIA NEWS<\/title>\n<meta name=\"robots\" content=\"index, follow, max-snippet:-1, max-image-preview:large, max-video-preview:-1\" \/>\n<link rel=\"canonical\" href=\"https:\/\/news.ecclesia.org.br\/?p=21613\" \/>\n<meta property=\"og:locale\" content=\"pt_BR\" \/>\n<meta property=\"og:type\" content=\"article\" \/>\n<meta property=\"og:title\" content=\"A Dormi\u00e7\u00e3o da Theotokos - aprofundamentos mariol\u00f3gicos, por S. S.Bartolomeu I, Patriarca Ecum\u00eanico de Constantinopla | ECCLESIA NEWS\" \/>\n<meta property=\"og:description\" content=\"A Igreja Ortodoxa venera intensamente a M\u00e3e de Deus \u2013 ou Theotokos, ou\u00a0Panaghia\u00a0(a Toda Santa), como n\u00f3s preferimos nos referir a ela \u2013 exaltando-a, n\u00e3o como uma piedosa exce\u00e7\u00e3o, mas realmente como um exemplo concreto do modo crist\u00e3o de entregar-se&#8230;\" \/>\n<meta property=\"og:url\" content=\"https:\/\/news.ecclesia.org.br\/?p=21613\" \/>\n<meta property=\"og:site_name\" content=\"ECCLESIA NEWS\" \/>\n<meta property=\"article:publisher\" content=\"https:\/\/www.facebook.com\/Ecclesia2025\" \/>\n<meta property=\"article:published_time\" content=\"2016-08-05T19:31:17+00:00\" \/>\n<meta property=\"article:modified_time\" content=\"2016-08-05T20:41:30+00:00\" \/>\n<meta property=\"og:image\" content=\"https:\/\/news.ecclesia.org.br\/2013\/wp-content\/uploads\/2012\/08\/dormicao-biblioteca-289x300.jpg\" \/>\n<meta name=\"author\" content=\"Pe. Andr\u00e9\" \/>\n<meta name=\"twitter:card\" content=\"summary_large_image\" \/>\n<meta name=\"twitter:creator\" content=\"@EcclesiaNews\" \/>\n<meta name=\"twitter:site\" content=\"@EcclesiaNews\" \/>\n<meta name=\"twitter:label1\" content=\"Escrito por\" \/>\n\t<meta name=\"twitter:data1\" content=\"Pe. Andr\u00e9\" \/>\n\t<meta name=\"twitter:label2\" content=\"Est. tempo de leitura\" \/>\n\t<meta name=\"twitter:data2\" content=\"2 minutos\" \/>\n<script type=\"application\/ld+json\" class=\"yoast-schema-graph\">{\"@context\":\"https:\\\/\\\/schema.org\",\"@graph\":[{\"@type\":\"Article\",\"@id\":\"https:\\\/\\\/news.ecclesia.org.br\\\/?p=21613#article\",\"isPartOf\":{\"@id\":\"https:\\\/\\\/news.ecclesia.org.br\\\/?p=21613\"},\"author\":{\"name\":\"Pe. Andr\u00e9\",\"@id\":\"https:\\\/\\\/news.ecclesia.org.br\\\/#\\\/schema\\\/person\\\/6f09597f025829745ba414a569f63758\"},\"headline\":\"A Dormi\u00e7\u00e3o da Theotokos &#8211; aprofundamentos mariol\u00f3gicos, por S. S.Bartolomeu I, Patriarca Ecum\u00eanico de Constantinopla\",\"datePublished\":\"2016-08-05T19:31:17+00:00\",\"dateModified\":\"2016-08-05T20:41:30+00:00\",\"mainEntityOfPage\":{\"@id\":\"https:\\\/\\\/news.ecclesia.org.br\\\/?p=21613\"},\"wordCount\":361,\"commentCount\":1,\"publisher\":{\"@id\":\"https:\\\/\\\/news.ecclesia.org.br\\\/#organization\"},\"image\":{\"@id\":\"https:\\\/\\\/news.ecclesia.org.br\\\/?p=21613#primaryimage\"},\"thumbnailUrl\":\"https:\\\/\\\/news.ecclesia.org.br\\\/2013\\\/wp-content\\\/uploads\\\/2012\\\/08\\\/dormicao-biblioteca-289x300.jpg\",\"articleSection\":[\"NEWS\"],\"inLanguage\":\"pt-BR\",\"potentialAction\":[{\"@type\":\"CommentAction\",\"name\":\"Comment\",\"target\":[\"https:\\\/\\\/news.ecclesia.org.br\\\/?p=21613#respond\"]}]},{\"@type\":\"WebPage\",\"@id\":\"https:\\\/\\\/news.ecclesia.org.br\\\/?p=21613\",\"url\":\"https:\\\/\\\/news.ecclesia.org.br\\\/?p=21613\",\"name\":\"A Dormi\u00e7\u00e3o da Theotokos - aprofundamentos mariol\u00f3gicos, por S. S.Bartolomeu I, Patriarca Ecum\u00eanico de Constantinopla | ECCLESIA NEWS\",\"isPartOf\":{\"@id\":\"https:\\\/\\\/news.ecclesia.org.br\\\/#website\"},\"primaryImageOfPage\":{\"@id\":\"https:\\\/\\\/news.ecclesia.org.br\\\/?p=21613#primaryimage\"},\"image\":{\"@id\":\"https:\\\/\\\/news.ecclesia.org.br\\\/?p=21613#primaryimage\"},\"thumbnailUrl\":\"https:\\\/\\\/news.ecclesia.org.br\\\/2013\\\/wp-content\\\/uploads\\\/2012\\\/08\\\/dormicao-biblioteca-289x300.jpg\",\"datePublished\":\"2016-08-05T19:31:17+00:00\",\"dateModified\":\"2016-08-05T20:41:30+00:00\",\"breadcrumb\":{\"@id\":\"https:\\\/\\\/news.ecclesia.org.br\\\/?p=21613#breadcrumb\"},\"inLanguage\":\"pt-BR\",\"potentialAction\":[{\"@type\":\"ReadAction\",\"target\":[\"https:\\\/\\\/news.ecclesia.org.br\\\/?p=21613\"]}]},{\"@type\":\"ImageObject\",\"inLanguage\":\"pt-BR\",\"@id\":\"https:\\\/\\\/news.ecclesia.org.br\\\/?p=21613#primaryimage\",\"url\":\"\",\"contentUrl\":\"\"},{\"@type\":\"BreadcrumbList\",\"@id\":\"https:\\\/\\\/news.ecclesia.org.br\\\/?p=21613#breadcrumb\",\"itemListElement\":[{\"@type\":\"ListItem\",\"position\":1,\"name\":\"In\u00edcio\",\"item\":\"https:\\\/\\\/news.ecclesia.org.br\\\/\"},{\"@type\":\"ListItem\",\"position\":2,\"name\":\"A Dormi\u00e7\u00e3o da Theotokos &#8211; aprofundamentos mariol\u00f3gicos, por S. S.Bartolomeu I, Patriarca Ecum\u00eanico de Constantinopla\"}]},{\"@type\":\"WebSite\",\"@id\":\"https:\\\/\\\/news.ecclesia.org.br\\\/#website\",\"url\":\"https:\\\/\\\/news.ecclesia.org.br\\\/\",\"name\":\"Ecclesia Brasil\",\"description\":\"Desde 2003 onectando o Brasil ao mundo ortodoxo!\",\"publisher\":{\"@id\":\"https:\\\/\\\/news.ecclesia.org.br\\\/#organization\"},\"alternateName\":\"Ecclesia\",\"potentialAction\":[{\"@type\":\"SearchAction\",\"target\":{\"@type\":\"EntryPoint\",\"urlTemplate\":\"https:\\\/\\\/news.ecclesia.org.br\\\/?s={search_term_string}\"},\"query-input\":{\"@type\":\"PropertyValueSpecification\",\"valueRequired\":true,\"valueName\":\"search_term_string\"}}],\"inLanguage\":\"pt-BR\"},{\"@type\":\"Organization\",\"@id\":\"https:\\\/\\\/news.ecclesia.org.br\\\/#organization\",\"name\":\"Sacra Arquidiocese de Buenos Aires e Am\u00e9rica do Sul | Patriarcado Ecum\u00eanico\",\"alternateName\":\"News Ecclesia Brasil\",\"url\":\"https:\\\/\\\/news.ecclesia.org.br\\\/\",\"logo\":{\"@type\":\"ImageObject\",\"inLanguage\":\"pt-BR\",\"@id\":\"https:\\\/\\\/news.ecclesia.org.br\\\/#\\\/schema\\\/logo\\\/image\\\/\",\"url\":\"https:\\\/\\\/news.ecclesia.org.br\\\/wp-content\\\/uploads\\\/2025\\\/05\\\/ecclesia2.png\",\"contentUrl\":\"https:\\\/\\\/news.ecclesia.org.br\\\/wp-content\\\/uploads\\\/2025\\\/05\\\/ecclesia2.png\",\"width\":480,\"height\":120,\"caption\":\"Sacra Arquidiocese de Buenos Aires e Am\u00e9rica do Sul | Patriarcado Ecum\u00eanico\"},\"image\":{\"@id\":\"https:\\\/\\\/news.ecclesia.org.br\\\/#\\\/schema\\\/logo\\\/image\\\/\"},\"sameAs\":[\"https:\\\/\\\/www.facebook.com\\\/Ecclesia2025\",\"https:\\\/\\\/x.com\\\/EcclesiaNews\",\"https:\\\/\\\/br.pinterest.com\\\/ekklisia\\\/\",\"https:\\\/\\\/www.youtube.com\\\/@EcclesiaBrasil\"]},{\"@type\":\"Person\",\"@id\":\"https:\\\/\\\/news.ecclesia.org.br\\\/#\\\/schema\\\/person\\\/6f09597f025829745ba414a569f63758\",\"name\":\"Pe. Andr\u00e9\",\"image\":{\"@type\":\"ImageObject\",\"inLanguage\":\"pt-BR\",\"@id\":\"https:\\\/\\\/secure.gravatar.com\\\/avatar\\\/b4327cfa27e9799da239a26adcd534fc29cdc0c4a4a148eecbcfeb9b42c617ac?s=96&d=mm&r=g\",\"url\":\"https:\\\/\\\/secure.gravatar.com\\\/avatar\\\/b4327cfa27e9799da239a26adcd534fc29cdc0c4a4a148eecbcfeb9b42c617ac?s=96&d=mm&r=g\",\"contentUrl\":\"https:\\\/\\\/secure.gravatar.com\\\/avatar\\\/b4327cfa27e9799da239a26adcd534fc29cdc0c4a4a148eecbcfeb9b42c617ac?s=96&d=mm&r=g\",\"caption\":\"Pe. Andr\u00e9\"},\"sameAs\":[\"https:\\\/\\\/www.ecclesia.org.br\"]}]}<\/script>\n<!-- \/ Yoast SEO plugin. -->","yoast_head_json":{"title":"A Dormi\u00e7\u00e3o da Theotokos - aprofundamentos mariol\u00f3gicos, por S. S.Bartolomeu I, Patriarca Ecum\u00eanico de Constantinopla | ECCLESIA NEWS","robots":{"index":"index","follow":"follow","max-snippet":"max-snippet:-1","max-image-preview":"max-image-preview:large","max-video-preview":"max-video-preview:-1"},"canonical":"https:\/\/news.ecclesia.org.br\/?p=21613","og_locale":"pt_BR","og_type":"article","og_title":"A Dormi\u00e7\u00e3o da Theotokos - aprofundamentos mariol\u00f3gicos, por S. S.Bartolomeu I, Patriarca Ecum\u00eanico de Constantinopla | ECCLESIA NEWS","og_description":"A Igreja Ortodoxa venera intensamente a M\u00e3e de Deus \u2013 ou Theotokos, ou\u00a0Panaghia\u00a0(a Toda Santa), como n\u00f3s preferimos nos referir a ela \u2013 exaltando-a, n\u00e3o como uma piedosa exce\u00e7\u00e3o, mas realmente como um exemplo concreto do modo crist\u00e3o de entregar-se&#8230;","og_url":"https:\/\/news.ecclesia.org.br\/?p=21613","og_site_name":"ECCLESIA NEWS","article_publisher":"https:\/\/www.facebook.com\/Ecclesia2025","article_published_time":"2016-08-05T19:31:17+00:00","article_modified_time":"2016-08-05T20:41:30+00:00","og_image":[{"url":"https:\/\/news.ecclesia.org.br\/2013\/wp-content\/uploads\/2012\/08\/dormicao-biblioteca-289x300.jpg","type":"","width":"","height":""}],"author":"Pe. Andr\u00e9","twitter_card":"summary_large_image","twitter_creator":"@EcclesiaNews","twitter_site":"@EcclesiaNews","twitter_misc":{"Escrito por":"Pe. Andr\u00e9","Est. tempo de leitura":"2 minutos"},"schema":{"@context":"https:\/\/schema.org","@graph":[{"@type":"Article","@id":"https:\/\/news.ecclesia.org.br\/?p=21613#article","isPartOf":{"@id":"https:\/\/news.ecclesia.org.br\/?p=21613"},"author":{"name":"Pe. Andr\u00e9","@id":"https:\/\/news.ecclesia.org.br\/#\/schema\/person\/6f09597f025829745ba414a569f63758"},"headline":"A Dormi\u00e7\u00e3o da Theotokos &#8211; aprofundamentos mariol\u00f3gicos, por S. S.Bartolomeu I, Patriarca Ecum\u00eanico de Constantinopla","datePublished":"2016-08-05T19:31:17+00:00","dateModified":"2016-08-05T20:41:30+00:00","mainEntityOfPage":{"@id":"https:\/\/news.ecclesia.org.br\/?p=21613"},"wordCount":361,"commentCount":1,"publisher":{"@id":"https:\/\/news.ecclesia.org.br\/#organization"},"image":{"@id":"https:\/\/news.ecclesia.org.br\/?p=21613#primaryimage"},"thumbnailUrl":"https:\/\/news.ecclesia.org.br\/2013\/wp-content\/uploads\/2012\/08\/dormicao-biblioteca-289x300.jpg","articleSection":["NEWS"],"inLanguage":"pt-BR","potentialAction":[{"@type":"CommentAction","name":"Comment","target":["https:\/\/news.ecclesia.org.br\/?p=21613#respond"]}]},{"@type":"WebPage","@id":"https:\/\/news.ecclesia.org.br\/?p=21613","url":"https:\/\/news.ecclesia.org.br\/?p=21613","name":"A Dormi\u00e7\u00e3o da Theotokos - aprofundamentos mariol\u00f3gicos, por S. S.Bartolomeu I, Patriarca Ecum\u00eanico de Constantinopla | ECCLESIA NEWS","isPartOf":{"@id":"https:\/\/news.ecclesia.org.br\/#website"},"primaryImageOfPage":{"@id":"https:\/\/news.ecclesia.org.br\/?p=21613#primaryimage"},"image":{"@id":"https:\/\/news.ecclesia.org.br\/?p=21613#primaryimage"},"thumbnailUrl":"https:\/\/news.ecclesia.org.br\/2013\/wp-content\/uploads\/2012\/08\/dormicao-biblioteca-289x300.jpg","datePublished":"2016-08-05T19:31:17+00:00","dateModified":"2016-08-05T20:41:30+00:00","breadcrumb":{"@id":"https:\/\/news.ecclesia.org.br\/?p=21613#breadcrumb"},"inLanguage":"pt-BR","potentialAction":[{"@type":"ReadAction","target":["https:\/\/news.ecclesia.org.br\/?p=21613"]}]},{"@type":"ImageObject","inLanguage":"pt-BR","@id":"https:\/\/news.ecclesia.org.br\/?p=21613#primaryimage","url":"","contentUrl":""},{"@type":"BreadcrumbList","@id":"https:\/\/news.ecclesia.org.br\/?p=21613#breadcrumb","itemListElement":[{"@type":"ListItem","position":1,"name":"In\u00edcio","item":"https:\/\/news.ecclesia.org.br\/"},{"@type":"ListItem","position":2,"name":"A Dormi\u00e7\u00e3o da Theotokos &#8211; aprofundamentos mariol\u00f3gicos, por S. S.Bartolomeu I, Patriarca Ecum\u00eanico de Constantinopla"}]},{"@type":"WebSite","@id":"https:\/\/news.ecclesia.org.br\/#website","url":"https:\/\/news.ecclesia.org.br\/","name":"Ecclesia Brasil","description":"Desde 2003 onectando o Brasil ao mundo ortodoxo!","publisher":{"@id":"https:\/\/news.ecclesia.org.br\/#organization"},"alternateName":"Ecclesia","potentialAction":[{"@type":"SearchAction","target":{"@type":"EntryPoint","urlTemplate":"https:\/\/news.ecclesia.org.br\/?s={search_term_string}"},"query-input":{"@type":"PropertyValueSpecification","valueRequired":true,"valueName":"search_term_string"}}],"inLanguage":"pt-BR"},{"@type":"Organization","@id":"https:\/\/news.ecclesia.org.br\/#organization","name":"Sacra Arquidiocese de Buenos Aires e Am\u00e9rica do Sul | Patriarcado Ecum\u00eanico","alternateName":"News Ecclesia Brasil","url":"https:\/\/news.ecclesia.org.br\/","logo":{"@type":"ImageObject","inLanguage":"pt-BR","@id":"https:\/\/news.ecclesia.org.br\/#\/schema\/logo\/image\/","url":"https:\/\/news.ecclesia.org.br\/wp-content\/uploads\/2025\/05\/ecclesia2.png","contentUrl":"https:\/\/news.ecclesia.org.br\/wp-content\/uploads\/2025\/05\/ecclesia2.png","width":480,"height":120,"caption":"Sacra Arquidiocese de Buenos Aires e Am\u00e9rica do Sul | Patriarcado Ecum\u00eanico"},"image":{"@id":"https:\/\/news.ecclesia.org.br\/#\/schema\/logo\/image\/"},"sameAs":["https:\/\/www.facebook.com\/Ecclesia2025","https:\/\/x.com\/EcclesiaNews","https:\/\/br.pinterest.com\/ekklisia\/","https:\/\/www.youtube.com\/@EcclesiaBrasil"]},{"@type":"Person","@id":"https:\/\/news.ecclesia.org.br\/#\/schema\/person\/6f09597f025829745ba414a569f63758","name":"Pe. Andr\u00e9","image":{"@type":"ImageObject","inLanguage":"pt-BR","@id":"https:\/\/secure.gravatar.com\/avatar\/b4327cfa27e9799da239a26adcd534fc29cdc0c4a4a148eecbcfeb9b42c617ac?s=96&d=mm&r=g","url":"https:\/\/secure.gravatar.com\/avatar\/b4327cfa27e9799da239a26adcd534fc29cdc0c4a4a148eecbcfeb9b42c617ac?s=96&d=mm&r=g","contentUrl":"https:\/\/secure.gravatar.com\/avatar\/b4327cfa27e9799da239a26adcd534fc29cdc0c4a4a148eecbcfeb9b42c617ac?s=96&d=mm&r=g","caption":"Pe. Andr\u00e9"},"sameAs":["https:\/\/www.ecclesia.org.br"]}]}},"_links":{"self":[{"href":"https:\/\/news.ecclesia.org.br\/index.php?rest_route=\/wp\/v2\/posts\/21613","targetHints":{"allow":["GET"]}}],"collection":[{"href":"https:\/\/news.ecclesia.org.br\/index.php?rest_route=\/wp\/v2\/posts"}],"about":[{"href":"https:\/\/news.ecclesia.org.br\/index.php?rest_route=\/wp\/v2\/types\/post"}],"author":[{"embeddable":true,"href":"https:\/\/news.ecclesia.org.br\/index.php?rest_route=\/wp\/v2\/users\/1"}],"replies":[{"embeddable":true,"href":"https:\/\/news.ecclesia.org.br\/index.php?rest_route=%2Fwp%2Fv2%2Fcomments&post=21613"}],"version-history":[{"count":0,"href":"https:\/\/news.ecclesia.org.br\/index.php?rest_route=\/wp\/v2\/posts\/21613\/revisions"}],"wp:attachment":[{"href":"https:\/\/news.ecclesia.org.br\/index.php?rest_route=%2Fwp%2Fv2%2Fmedia&parent=21613"}],"wp:term":[{"taxonomy":"category","embeddable":true,"href":"https:\/\/news.ecclesia.org.br\/index.php?rest_route=%2Fwp%2Fv2%2Fcategories&post=21613"},{"taxonomy":"post_tag","embeddable":true,"href":"https:\/\/news.ecclesia.org.br\/index.php?rest_route=%2Fwp%2Fv2%2Ftags&post=21613"}],"curies":[{"name":"wp","href":"https:\/\/api.w.org\/{rel}","templated":true}]}}