{"id":21587,"date":"2016-08-02T20:25:54","date_gmt":"2016-08-02T20:25:54","guid":{"rendered":"https:\/\/news.ecclesia.org.br\/2013\/?p=21587"},"modified":"2020-05-31T18:48:20","modified_gmt":"2020-05-31T18:48:20","slug":"deificacao-ou-nirvana-reflexao-do-hieromonge-diego-daniel-flamini","status":"publish","type":"post","link":"https:\/\/news.ecclesia.org.br\/?p=21587","title":{"rendered":"DEIFICA\u00c7\u00c3O OU NIRVANA?: reflex\u00e3o do Hieromonge Diego Daniel Flamini"},"content":{"rendered":"<p style=\"text-align: justify;\">\n<p style=\"text-align: justify;\"><a href=\"https:\/\/news.ecclesia.org.br\/2013\/wp-content\/uploads\/2016\/08\/sofronio.jpg\"><img fetchpriority=\"high\" decoding=\"async\" class=\"alignleft size-medium wp-image-23357\" src=\"https:\/\/news.ecclesia.org.br\/2013\/wp-content\/uploads\/2016\/08\/sofronio-225x300.jpg\" alt=\"\" width=\"225\" height=\"300\" srcset=\"https:\/\/news.ecclesia.org.br\/wp-content\/uploads\/2016\/08\/sofronio-225x300.jpg 225w, https:\/\/news.ecclesia.org.br\/wp-content\/uploads\/2016\/08\/sofronio-41x55.jpg 41w, https:\/\/news.ecclesia.org.br\/wp-content\/uploads\/2016\/08\/sofronio.jpg 453w\" sizes=\"(max-width: 225px) 100vw, 225px\" \/><\/a>O arquimandrita Sofr\u00f4nio, em seu livro \u00abVer a Deus como Ele \u00e9\u00bb, nos diz o seguinte: \u00abNa natureza, nada \u00e9 repeti\u00e7\u00e3o absolutamente id\u00eantica. E isto vale, sobretudo, para a realidade dos seres racionais. Cada homem (ser humano) possui um cora\u00e7\u00e3o especialmente criado por Deus \u2014 Ele formou o cora\u00e7\u00e3o de cada homem e discerne todas as suas obras (Sl 32, 15): \u00e9 o cora\u00e7\u00e3o de uma pessoa-hip\u00f3stase dada e, enquanto tal, irrepet\u00edvel. Em sua realiza\u00e7\u00e3o \u00faltima, cada pessoa receber\u00e1, certamente, para sempre, um nome, conhecido apenas por Deus e por quem o recebe (cf. Ap 2, 17). Assim, por mais que a vida de todos os redimidos seja uma, como \u00e9 uno o reino do Sant\u00edssima Trindade (Jo 17, 11; 21-22), o princ\u00edpio pessoal de cada um de n\u00f3s ser\u00e1 irredut\u00edvel ao outro\u00bb.\u00a0Precisamos compreender ent\u00e3o que, de acordo com a tradi\u00e7\u00e3o crist\u00e3, ao contr\u00e1rio do que pregam diversas correntes pseudo-espirituais sobre a aniquila\u00e7\u00e3o da pessoa (do eu), os santos, isto \u00e9, aqueles que pela deifica\u00e7\u00e3o chegaram a ser deuses por participa\u00e7\u00e3o \u2014 mas n\u00e3o por natureza \u2014, preservam uma singularidade irredut\u00edvel em seu estado de bem-aventuran\u00e7a&#8230; [<a href=\"http:\/\/www.ecclesia.org.br\/biblioteca\/espiritualidade\/deificacao-ou-nirvana.html\" target=\"_blank\" rel=\"noopener noreferrer\">Continue lendo<\/a>]<\/p>\n<p style=\"text-align: justify;\">\n","protected":false},"excerpt":{"rendered":"<p>O arquimandrita Sofr\u00f4nio, em seu livro \u00abVer a Deus como Ele \u00e9\u00bb, nos diz o seguinte: \u00abNa natureza, nada \u00e9 repeti\u00e7\u00e3o absolutamente id\u00eantica. E isto vale, sobretudo, para a realidade dos seres racionais. Cada homem (ser humano) possui um cora\u00e7\u00e3o&#8230;<\/p>\n","protected":false},"author":1,"featured_media":23357,"comment_status":"open","ping_status":"open","sticky":false,"template":"","format":"standard","meta":{"_acf_changed":false,"footnotes":""},"categories":[1],"tags":[],"class_list":["post-21587","post","type-post","status-publish","format-standard","has-post-thumbnail","hentry","category-news","entry","rows-excerpt"],"acf":[],"yoast_head":"<!-- This site is optimized with the Yoast SEO plugin v27.5 - https:\/\/yoast.com\/product\/yoast-seo-wordpress\/ -->\n<title>DEIFICA\u00c7\u00c3O OU NIRVANA?: reflex\u00e3o do Hieromonge Diego Daniel Flamini | ECCLESIA NEWS<\/title>\n<meta name=\"robots\" content=\"index, follow, max-snippet:-1, max-image-preview:large, max-video-preview:-1\" \/>\n<link rel=\"canonical\" href=\"https:\/\/news.ecclesia.org.br\/?p=21587\" \/>\n<meta property=\"og:locale\" content=\"pt_BR\" \/>\n<meta property=\"og:type\" content=\"article\" \/>\n<meta property=\"og:title\" content=\"DEIFICA\u00c7\u00c3O OU NIRVANA?: reflex\u00e3o do Hieromonge Diego Daniel Flamini | ECCLESIA NEWS\" \/>\n<meta property=\"og:description\" content=\"O arquimandrita Sofr\u00f4nio, em seu livro \u00abVer a Deus como Ele \u00e9\u00bb, nos diz o seguinte: \u00abNa natureza, nada \u00e9 repeti\u00e7\u00e3o absolutamente id\u00eantica. E isto vale, sobretudo, para a realidade dos seres racionais. Cada homem (ser humano) possui um cora\u00e7\u00e3o&#8230;\" \/>\n<meta property=\"og:url\" content=\"https:\/\/news.ecclesia.org.br\/?p=21587\" \/>\n<meta property=\"og:site_name\" content=\"ECCLESIA NEWS\" \/>\n<meta property=\"article:publisher\" content=\"https:\/\/www.facebook.com\/Ecclesia2025\" \/>\n<meta property=\"article:published_time\" content=\"2016-08-02T20:25:54+00:00\" \/>\n<meta property=\"article:modified_time\" content=\"2020-05-31T18:48:20+00:00\" \/>\n<meta property=\"og:image\" content=\"https:\/\/news.ecclesia.org.br\/wp-content\/uploads\/2016\/08\/sofronio.jpg\" \/>\n\t<meta property=\"og:image:width\" content=\"453\" \/>\n\t<meta property=\"og:image:height\" content=\"604\" \/>\n\t<meta property=\"og:image:type\" content=\"image\/jpeg\" \/>\n<meta name=\"author\" content=\"Pe. Andr\u00e9\" \/>\n<meta name=\"twitter:card\" content=\"summary_large_image\" \/>\n<meta name=\"twitter:creator\" content=\"@EcclesiaNews\" \/>\n<meta name=\"twitter:site\" content=\"@EcclesiaNews\" \/>\n<meta name=\"twitter:label1\" content=\"Escrito por\" \/>\n\t<meta name=\"twitter:data1\" content=\"Pe. Andr\u00e9\" \/>\n\t<meta name=\"twitter:label2\" content=\"Est. tempo de leitura\" \/>\n\t<meta name=\"twitter:data2\" content=\"1 minuto\" \/>\n<script type=\"application\/ld+json\" class=\"yoast-schema-graph\">{\"@context\":\"https:\\\/\\\/schema.org\",\"@graph\":[{\"@type\":\"Article\",\"@id\":\"https:\\\/\\\/news.ecclesia.org.br\\\/?p=21587#article\",\"isPartOf\":{\"@id\":\"https:\\\/\\\/news.ecclesia.org.br\\\/?p=21587\"},\"author\":{\"name\":\"Pe. Andr\u00e9\",\"@id\":\"https:\\\/\\\/news.ecclesia.org.br\\\/#\\\/schema\\\/person\\\/6f09597f025829745ba414a569f63758\"},\"headline\":\"DEIFICA\u00c7\u00c3O OU NIRVANA?: reflex\u00e3o do Hieromonge Diego Daniel Flamini\",\"datePublished\":\"2016-08-02T20:25:54+00:00\",\"dateModified\":\"2020-05-31T18:48:20+00:00\",\"mainEntityOfPage\":{\"@id\":\"https:\\\/\\\/news.ecclesia.org.br\\\/?p=21587\"},\"wordCount\":208,\"commentCount\":0,\"publisher\":{\"@id\":\"https:\\\/\\\/news.ecclesia.org.br\\\/#organization\"},\"image\":{\"@id\":\"https:\\\/\\\/news.ecclesia.org.br\\\/?p=21587#primaryimage\"},\"thumbnailUrl\":\"https:\\\/\\\/news.ecclesia.org.br\\\/wp-content\\\/uploads\\\/2016\\\/08\\\/sofronio.jpg\",\"articleSection\":[\"NEWS\"],\"inLanguage\":\"pt-BR\",\"potentialAction\":[{\"@type\":\"CommentAction\",\"name\":\"Comment\",\"target\":[\"https:\\\/\\\/news.ecclesia.org.br\\\/?p=21587#respond\"]}]},{\"@type\":\"WebPage\",\"@id\":\"https:\\\/\\\/news.ecclesia.org.br\\\/?p=21587\",\"url\":\"https:\\\/\\\/news.ecclesia.org.br\\\/?p=21587\",\"name\":\"DEIFICA\u00c7\u00c3O OU NIRVANA?: reflex\u00e3o do Hieromonge Diego Daniel Flamini | ECCLESIA NEWS\",\"isPartOf\":{\"@id\":\"https:\\\/\\\/news.ecclesia.org.br\\\/#website\"},\"primaryImageOfPage\":{\"@id\":\"https:\\\/\\\/news.ecclesia.org.br\\\/?p=21587#primaryimage\"},\"image\":{\"@id\":\"https:\\\/\\\/news.ecclesia.org.br\\\/?p=21587#primaryimage\"},\"thumbnailUrl\":\"https:\\\/\\\/news.ecclesia.org.br\\\/wp-content\\\/uploads\\\/2016\\\/08\\\/sofronio.jpg\",\"datePublished\":\"2016-08-02T20:25:54+00:00\",\"dateModified\":\"2020-05-31T18:48:20+00:00\",\"breadcrumb\":{\"@id\":\"https:\\\/\\\/news.ecclesia.org.br\\\/?p=21587#breadcrumb\"},\"inLanguage\":\"pt-BR\",\"potentialAction\":[{\"@type\":\"ReadAction\",\"target\":[\"https:\\\/\\\/news.ecclesia.org.br\\\/?p=21587\"]}]},{\"@type\":\"ImageObject\",\"inLanguage\":\"pt-BR\",\"@id\":\"https:\\\/\\\/news.ecclesia.org.br\\\/?p=21587#primaryimage\",\"url\":\"https:\\\/\\\/news.ecclesia.org.br\\\/wp-content\\\/uploads\\\/2016\\\/08\\\/sofronio.jpg\",\"contentUrl\":\"https:\\\/\\\/news.ecclesia.org.br\\\/wp-content\\\/uploads\\\/2016\\\/08\\\/sofronio.jpg\",\"width\":453,\"height\":604},{\"@type\":\"BreadcrumbList\",\"@id\":\"https:\\\/\\\/news.ecclesia.org.br\\\/?p=21587#breadcrumb\",\"itemListElement\":[{\"@type\":\"ListItem\",\"position\":1,\"name\":\"In\u00edcio\",\"item\":\"https:\\\/\\\/news.ecclesia.org.br\\\/\"},{\"@type\":\"ListItem\",\"position\":2,\"name\":\"DEIFICA\u00c7\u00c3O OU NIRVANA?: reflex\u00e3o do Hieromonge Diego Daniel Flamini\"}]},{\"@type\":\"WebSite\",\"@id\":\"https:\\\/\\\/news.ecclesia.org.br\\\/#website\",\"url\":\"https:\\\/\\\/news.ecclesia.org.br\\\/\",\"name\":\"Ecclesia Brasil\",\"description\":\"Desde 2003 onectando o Brasil ao mundo ortodoxo!\",\"publisher\":{\"@id\":\"https:\\\/\\\/news.ecclesia.org.br\\\/#organization\"},\"alternateName\":\"Ecclesia\",\"potentialAction\":[{\"@type\":\"SearchAction\",\"target\":{\"@type\":\"EntryPoint\",\"urlTemplate\":\"https:\\\/\\\/news.ecclesia.org.br\\\/?s={search_term_string}\"},\"query-input\":{\"@type\":\"PropertyValueSpecification\",\"valueRequired\":true,\"valueName\":\"search_term_string\"}}],\"inLanguage\":\"pt-BR\"},{\"@type\":\"Organization\",\"@id\":\"https:\\\/\\\/news.ecclesia.org.br\\\/#organization\",\"name\":\"Sacra Arquidiocese de Buenos Aires e Am\u00e9rica do Sul | Patriarcado Ecum\u00eanico\",\"alternateName\":\"News Ecclesia Brasil\",\"url\":\"https:\\\/\\\/news.ecclesia.org.br\\\/\",\"logo\":{\"@type\":\"ImageObject\",\"inLanguage\":\"pt-BR\",\"@id\":\"https:\\\/\\\/news.ecclesia.org.br\\\/#\\\/schema\\\/logo\\\/image\\\/\",\"url\":\"https:\\\/\\\/news.ecclesia.org.br\\\/wp-content\\\/uploads\\\/2025\\\/05\\\/ecclesia2.png\",\"contentUrl\":\"https:\\\/\\\/news.ecclesia.org.br\\\/wp-content\\\/uploads\\\/2025\\\/05\\\/ecclesia2.png\",\"width\":480,\"height\":120,\"caption\":\"Sacra Arquidiocese de Buenos Aires e Am\u00e9rica do Sul | Patriarcado Ecum\u00eanico\"},\"image\":{\"@id\":\"https:\\\/\\\/news.ecclesia.org.br\\\/#\\\/schema\\\/logo\\\/image\\\/\"},\"sameAs\":[\"https:\\\/\\\/www.facebook.com\\\/Ecclesia2025\",\"https:\\\/\\\/x.com\\\/EcclesiaNews\",\"https:\\\/\\\/br.pinterest.com\\\/ekklisia\\\/\",\"https:\\\/\\\/www.youtube.com\\\/@EcclesiaBrasil\"]},{\"@type\":\"Person\",\"@id\":\"https:\\\/\\\/news.ecclesia.org.br\\\/#\\\/schema\\\/person\\\/6f09597f025829745ba414a569f63758\",\"name\":\"Pe. Andr\u00e9\",\"image\":{\"@type\":\"ImageObject\",\"inLanguage\":\"pt-BR\",\"@id\":\"https:\\\/\\\/secure.gravatar.com\\\/avatar\\\/b4327cfa27e9799da239a26adcd534fc29cdc0c4a4a148eecbcfeb9b42c617ac?s=96&d=mm&r=g\",\"url\":\"https:\\\/\\\/secure.gravatar.com\\\/avatar\\\/b4327cfa27e9799da239a26adcd534fc29cdc0c4a4a148eecbcfeb9b42c617ac?s=96&d=mm&r=g\",\"contentUrl\":\"https:\\\/\\\/secure.gravatar.com\\\/avatar\\\/b4327cfa27e9799da239a26adcd534fc29cdc0c4a4a148eecbcfeb9b42c617ac?s=96&d=mm&r=g\",\"caption\":\"Pe. Andr\u00e9\"},\"sameAs\":[\"https:\\\/\\\/www.ecclesia.org.br\"]}]}<\/script>\n<!-- \/ Yoast SEO plugin. -->","yoast_head_json":{"title":"DEIFICA\u00c7\u00c3O OU NIRVANA?: reflex\u00e3o do Hieromonge Diego Daniel Flamini | ECCLESIA NEWS","robots":{"index":"index","follow":"follow","max-snippet":"max-snippet:-1","max-image-preview":"max-image-preview:large","max-video-preview":"max-video-preview:-1"},"canonical":"https:\/\/news.ecclesia.org.br\/?p=21587","og_locale":"pt_BR","og_type":"article","og_title":"DEIFICA\u00c7\u00c3O OU NIRVANA?: reflex\u00e3o do Hieromonge Diego Daniel Flamini | ECCLESIA NEWS","og_description":"O arquimandrita Sofr\u00f4nio, em seu livro \u00abVer a Deus como Ele \u00e9\u00bb, nos diz o seguinte: \u00abNa natureza, nada \u00e9 repeti\u00e7\u00e3o absolutamente id\u00eantica. E isto vale, sobretudo, para a realidade dos seres racionais. Cada homem (ser humano) possui um cora\u00e7\u00e3o&#8230;","og_url":"https:\/\/news.ecclesia.org.br\/?p=21587","og_site_name":"ECCLESIA NEWS","article_publisher":"https:\/\/www.facebook.com\/Ecclesia2025","article_published_time":"2016-08-02T20:25:54+00:00","article_modified_time":"2020-05-31T18:48:20+00:00","og_image":[{"width":453,"height":604,"url":"https:\/\/news.ecclesia.org.br\/wp-content\/uploads\/2016\/08\/sofronio.jpg","type":"image\/jpeg"}],"author":"Pe. Andr\u00e9","twitter_card":"summary_large_image","twitter_creator":"@EcclesiaNews","twitter_site":"@EcclesiaNews","twitter_misc":{"Escrito por":"Pe. Andr\u00e9","Est. tempo de leitura":"1 minuto"},"schema":{"@context":"https:\/\/schema.org","@graph":[{"@type":"Article","@id":"https:\/\/news.ecclesia.org.br\/?p=21587#article","isPartOf":{"@id":"https:\/\/news.ecclesia.org.br\/?p=21587"},"author":{"name":"Pe. Andr\u00e9","@id":"https:\/\/news.ecclesia.org.br\/#\/schema\/person\/6f09597f025829745ba414a569f63758"},"headline":"DEIFICA\u00c7\u00c3O OU NIRVANA?: reflex\u00e3o do Hieromonge Diego Daniel Flamini","datePublished":"2016-08-02T20:25:54+00:00","dateModified":"2020-05-31T18:48:20+00:00","mainEntityOfPage":{"@id":"https:\/\/news.ecclesia.org.br\/?p=21587"},"wordCount":208,"commentCount":0,"publisher":{"@id":"https:\/\/news.ecclesia.org.br\/#organization"},"image":{"@id":"https:\/\/news.ecclesia.org.br\/?p=21587#primaryimage"},"thumbnailUrl":"https:\/\/news.ecclesia.org.br\/wp-content\/uploads\/2016\/08\/sofronio.jpg","articleSection":["NEWS"],"inLanguage":"pt-BR","potentialAction":[{"@type":"CommentAction","name":"Comment","target":["https:\/\/news.ecclesia.org.br\/?p=21587#respond"]}]},{"@type":"WebPage","@id":"https:\/\/news.ecclesia.org.br\/?p=21587","url":"https:\/\/news.ecclesia.org.br\/?p=21587","name":"DEIFICA\u00c7\u00c3O OU NIRVANA?: reflex\u00e3o do Hieromonge Diego Daniel Flamini | ECCLESIA NEWS","isPartOf":{"@id":"https:\/\/news.ecclesia.org.br\/#website"},"primaryImageOfPage":{"@id":"https:\/\/news.ecclesia.org.br\/?p=21587#primaryimage"},"image":{"@id":"https:\/\/news.ecclesia.org.br\/?p=21587#primaryimage"},"thumbnailUrl":"https:\/\/news.ecclesia.org.br\/wp-content\/uploads\/2016\/08\/sofronio.jpg","datePublished":"2016-08-02T20:25:54+00:00","dateModified":"2020-05-31T18:48:20+00:00","breadcrumb":{"@id":"https:\/\/news.ecclesia.org.br\/?p=21587#breadcrumb"},"inLanguage":"pt-BR","potentialAction":[{"@type":"ReadAction","target":["https:\/\/news.ecclesia.org.br\/?p=21587"]}]},{"@type":"ImageObject","inLanguage":"pt-BR","@id":"https:\/\/news.ecclesia.org.br\/?p=21587#primaryimage","url":"https:\/\/news.ecclesia.org.br\/wp-content\/uploads\/2016\/08\/sofronio.jpg","contentUrl":"https:\/\/news.ecclesia.org.br\/wp-content\/uploads\/2016\/08\/sofronio.jpg","width":453,"height":604},{"@type":"BreadcrumbList","@id":"https:\/\/news.ecclesia.org.br\/?p=21587#breadcrumb","itemListElement":[{"@type":"ListItem","position":1,"name":"In\u00edcio","item":"https:\/\/news.ecclesia.org.br\/"},{"@type":"ListItem","position":2,"name":"DEIFICA\u00c7\u00c3O OU NIRVANA?: reflex\u00e3o do Hieromonge Diego Daniel Flamini"}]},{"@type":"WebSite","@id":"https:\/\/news.ecclesia.org.br\/#website","url":"https:\/\/news.ecclesia.org.br\/","name":"Ecclesia Brasil","description":"Desde 2003 onectando o Brasil ao mundo ortodoxo!","publisher":{"@id":"https:\/\/news.ecclesia.org.br\/#organization"},"alternateName":"Ecclesia","potentialAction":[{"@type":"SearchAction","target":{"@type":"EntryPoint","urlTemplate":"https:\/\/news.ecclesia.org.br\/?s={search_term_string}"},"query-input":{"@type":"PropertyValueSpecification","valueRequired":true,"valueName":"search_term_string"}}],"inLanguage":"pt-BR"},{"@type":"Organization","@id":"https:\/\/news.ecclesia.org.br\/#organization","name":"Sacra Arquidiocese de Buenos Aires e Am\u00e9rica do Sul | Patriarcado Ecum\u00eanico","alternateName":"News Ecclesia Brasil","url":"https:\/\/news.ecclesia.org.br\/","logo":{"@type":"ImageObject","inLanguage":"pt-BR","@id":"https:\/\/news.ecclesia.org.br\/#\/schema\/logo\/image\/","url":"https:\/\/news.ecclesia.org.br\/wp-content\/uploads\/2025\/05\/ecclesia2.png","contentUrl":"https:\/\/news.ecclesia.org.br\/wp-content\/uploads\/2025\/05\/ecclesia2.png","width":480,"height":120,"caption":"Sacra Arquidiocese de Buenos Aires e Am\u00e9rica do Sul | Patriarcado Ecum\u00eanico"},"image":{"@id":"https:\/\/news.ecclesia.org.br\/#\/schema\/logo\/image\/"},"sameAs":["https:\/\/www.facebook.com\/Ecclesia2025","https:\/\/x.com\/EcclesiaNews","https:\/\/br.pinterest.com\/ekklisia\/","https:\/\/www.youtube.com\/@EcclesiaBrasil"]},{"@type":"Person","@id":"https:\/\/news.ecclesia.org.br\/#\/schema\/person\/6f09597f025829745ba414a569f63758","name":"Pe. Andr\u00e9","image":{"@type":"ImageObject","inLanguage":"pt-BR","@id":"https:\/\/secure.gravatar.com\/avatar\/b4327cfa27e9799da239a26adcd534fc29cdc0c4a4a148eecbcfeb9b42c617ac?s=96&d=mm&r=g","url":"https:\/\/secure.gravatar.com\/avatar\/b4327cfa27e9799da239a26adcd534fc29cdc0c4a4a148eecbcfeb9b42c617ac?s=96&d=mm&r=g","contentUrl":"https:\/\/secure.gravatar.com\/avatar\/b4327cfa27e9799da239a26adcd534fc29cdc0c4a4a148eecbcfeb9b42c617ac?s=96&d=mm&r=g","caption":"Pe. Andr\u00e9"},"sameAs":["https:\/\/www.ecclesia.org.br"]}]}},"_links":{"self":[{"href":"https:\/\/news.ecclesia.org.br\/index.php?rest_route=\/wp\/v2\/posts\/21587","targetHints":{"allow":["GET"]}}],"collection":[{"href":"https:\/\/news.ecclesia.org.br\/index.php?rest_route=\/wp\/v2\/posts"}],"about":[{"href":"https:\/\/news.ecclesia.org.br\/index.php?rest_route=\/wp\/v2\/types\/post"}],"author":[{"embeddable":true,"href":"https:\/\/news.ecclesia.org.br\/index.php?rest_route=\/wp\/v2\/users\/1"}],"replies":[{"embeddable":true,"href":"https:\/\/news.ecclesia.org.br\/index.php?rest_route=%2Fwp%2Fv2%2Fcomments&post=21587"}],"version-history":[{"count":0,"href":"https:\/\/news.ecclesia.org.br\/index.php?rest_route=\/wp\/v2\/posts\/21587\/revisions"}],"wp:featuredmedia":[{"embeddable":true,"href":"https:\/\/news.ecclesia.org.br\/index.php?rest_route=\/wp\/v2\/media\/23357"}],"wp:attachment":[{"href":"https:\/\/news.ecclesia.org.br\/index.php?rest_route=%2Fwp%2Fv2%2Fmedia&parent=21587"}],"wp:term":[{"taxonomy":"category","embeddable":true,"href":"https:\/\/news.ecclesia.org.br\/index.php?rest_route=%2Fwp%2Fv2%2Fcategories&post=21587"},{"taxonomy":"post_tag","embeddable":true,"href":"https:\/\/news.ecclesia.org.br\/index.php?rest_route=%2Fwp%2Fv2%2Ftags&post=21587"}],"curies":[{"name":"wp","href":"https:\/\/api.w.org\/{rel}","templated":true}]}}