{"id":21575,"date":"2016-07-30T23:32:13","date_gmt":"2016-07-30T23:32:13","guid":{"rendered":"https:\/\/news.ecclesia.org.br\/2013\/?p=21575"},"modified":"2016-07-30T23:36:53","modified_gmt":"2016-07-30T23:36:53","slug":"o-servico-liturgico-da-artoclassia","status":"publish","type":"post","link":"https:\/\/news.ecclesia.org.br\/?p=21575","title":{"rendered":"O Servi\u00e7o Lit\u00fargico da ARTOKLASIA"},"content":{"rendered":"<p class=\"title1\" style=\"text-align: justify;\"><a href=\"https:\/\/news.ecclesia.org.br\/2013\/wp-content\/uploads\/2016\/07\/Artoklasia.jpg\"><img fetchpriority=\"high\" decoding=\"async\" class=\"alignleft wp-image-21576 size-medium\" src=\"https:\/\/news.ecclesia.org.br\/2013\/wp-content\/uploads\/2016\/07\/Artoklasia-248x300.jpg\" alt=\"Artoklasia\" width=\"248\" height=\"300\" srcset=\"https:\/\/news.ecclesia.org.br\/wp-content\/uploads\/2016\/07\/Artoklasia-248x300.jpg 248w, https:\/\/news.ecclesia.org.br\/wp-content\/uploads\/2016\/07\/Artoklasia-45x55.jpg 45w, https:\/\/news.ecclesia.org.br\/wp-content\/uploads\/2016\/07\/Artoklasia.jpg 440w\" sizes=\"(max-width: 248px) 100vw, 248px\" \/><\/a>O termo ARTOKLASIA (do grego artos=p\u00e3o + Klao=quebrar ou partir), \u00e9 de origem grega e deriva das mesmas palavras usadas pelos evangelistas para descrever o que aconteceu na \u00faltima ceia em que Jesus Cristo \u00abpartiu o p\u00e3o\u00bb e o entregou aos seus disc\u00edpulos como seu pr\u00f3prio Corpo. Ademais, no of\u00edcio ortodoxo da ARTOKLASIA, o p\u00e3o tamb\u00e9m \u00e9 \u00abquebrado\u00bb, remetendo ao mesmo significando da fra\u00e7\u00e3o do p\u00e3o que o Senhor realizou.<\/p>\n<p class=\"txt_paragr\" style=\"text-align: justify;\">Trata-se de um servi\u00e7o lit\u00fargico pr\u00f3prio da Igreja ortodoxa que \u00e9 realizado ao final do Of\u00edcio de V\u00e9speras ou do Orthros (Matinas), ou mesmo, ao final da Divina Liturgia.<\/p>\n<p class=\"txt_paragr\" style=\"text-align: justify;\">Cinco p\u00e3es redondos levedados s\u00e3o oferecidos pelo fiel como sinal de devo\u00e7\u00e3o em mem\u00f3ria de um familiar, amigo ou conhecido falecido, na data do falecimento ou do onom\u00e1stico. Os cinco p\u00e3es s\u00e3o uma reminisc\u00eancia dos cinco p\u00e3es que Jesus aben\u00e7oou no deserto e com os quais saciou a fome de uma multid\u00e3o de pessoas que o seguiam para ouvi-lo. Recordam tamb\u00e9m os cinco livros de Mois\u00e9s (o Pentateuco) [&#8230;]<\/p>\n<p class=\"txt_paragr\" style=\"text-align: right;\">(<a href=\"http:\/\/ecclesia.org.br\/biblioteca\/liturgia\/artoclassia.html\">Siga lendo&#8230;<\/a>)<\/p>\n","protected":false},"excerpt":{"rendered":"<p>O termo ARTOKLASIA (do grego artos=p\u00e3o + Klao=quebrar ou partir), \u00e9 de origem grega e deriva das mesmas palavras usadas pelos evangelistas para descrever o que aconteceu na \u00faltima ceia em que Jesus Cristo \u00abpartiu o p\u00e3o\u00bb e o entregou&#8230;<\/p>\n","protected":false},"author":1,"featured_media":21576,"comment_status":"open","ping_status":"open","sticky":false,"template":"","format":"standard","meta":{"_acf_changed":false,"footnotes":""},"categories":[1],"tags":[],"class_list":["post-21575","post","type-post","status-publish","format-standard","has-post-thumbnail","hentry","category-news","entry","rows-excerpt"],"acf":[],"yoast_head":"<!-- This site is optimized with the Yoast SEO plugin v27.5 - https:\/\/yoast.com\/product\/yoast-seo-wordpress\/ -->\n<title>O Servi\u00e7o Lit\u00fargico da ARTOKLASIA | ECCLESIA NEWS<\/title>\n<meta name=\"robots\" content=\"index, follow, max-snippet:-1, max-image-preview:large, max-video-preview:-1\" \/>\n<link rel=\"canonical\" href=\"https:\/\/news.ecclesia.org.br\/?p=21575\" \/>\n<meta property=\"og:locale\" content=\"pt_BR\" \/>\n<meta property=\"og:type\" content=\"article\" \/>\n<meta property=\"og:title\" content=\"O Servi\u00e7o Lit\u00fargico da ARTOKLASIA | ECCLESIA NEWS\" \/>\n<meta property=\"og:description\" content=\"O termo ARTOKLASIA (do grego artos=p\u00e3o + Klao=quebrar ou partir), \u00e9 de origem grega e deriva das mesmas palavras usadas pelos evangelistas para descrever o que aconteceu na \u00faltima ceia em que Jesus Cristo \u00abpartiu o p\u00e3o\u00bb e o entregou&#8230;\" \/>\n<meta property=\"og:url\" content=\"https:\/\/news.ecclesia.org.br\/?p=21575\" \/>\n<meta property=\"og:site_name\" content=\"ECCLESIA NEWS\" \/>\n<meta property=\"article:publisher\" content=\"https:\/\/www.facebook.com\/Ecclesia2025\" \/>\n<meta property=\"article:published_time\" content=\"2016-07-30T23:32:13+00:00\" \/>\n<meta property=\"article:modified_time\" content=\"2016-07-30T23:36:53+00:00\" \/>\n<meta property=\"og:image\" content=\"https:\/\/news.ecclesia.org.br\/wp-content\/uploads\/2016\/07\/Artoklasia.jpg\" \/>\n\t<meta property=\"og:image:width\" content=\"440\" \/>\n\t<meta property=\"og:image:height\" content=\"533\" \/>\n\t<meta property=\"og:image:type\" content=\"image\/jpeg\" \/>\n<meta name=\"author\" content=\"Pe. Andr\u00e9\" \/>\n<meta name=\"twitter:card\" content=\"summary_large_image\" \/>\n<meta name=\"twitter:creator\" content=\"@EcclesiaNews\" \/>\n<meta name=\"twitter:site\" content=\"@EcclesiaNews\" \/>\n<meta name=\"twitter:label1\" content=\"Escrito por\" \/>\n\t<meta name=\"twitter:data1\" content=\"Pe. Andr\u00e9\" \/>\n\t<meta name=\"twitter:label2\" content=\"Est. tempo de leitura\" \/>\n\t<meta name=\"twitter:data2\" content=\"1 minuto\" \/>\n<script type=\"application\/ld+json\" class=\"yoast-schema-graph\">{\"@context\":\"https:\\\/\\\/schema.org\",\"@graph\":[{\"@type\":\"Article\",\"@id\":\"https:\\\/\\\/news.ecclesia.org.br\\\/?p=21575#article\",\"isPartOf\":{\"@id\":\"https:\\\/\\\/news.ecclesia.org.br\\\/?p=21575\"},\"author\":{\"name\":\"Pe. Andr\u00e9\",\"@id\":\"https:\\\/\\\/news.ecclesia.org.br\\\/#\\\/schema\\\/person\\\/6f09597f025829745ba414a569f63758\"},\"headline\":\"O Servi\u00e7o Lit\u00fargico da ARTOKLASIA\",\"datePublished\":\"2016-07-30T23:32:13+00:00\",\"dateModified\":\"2016-07-30T23:36:53+00:00\",\"mainEntityOfPage\":{\"@id\":\"https:\\\/\\\/news.ecclesia.org.br\\\/?p=21575\"},\"wordCount\":201,\"commentCount\":0,\"publisher\":{\"@id\":\"https:\\\/\\\/news.ecclesia.org.br\\\/#organization\"},\"image\":{\"@id\":\"https:\\\/\\\/news.ecclesia.org.br\\\/?p=21575#primaryimage\"},\"thumbnailUrl\":\"https:\\\/\\\/news.ecclesia.org.br\\\/wp-content\\\/uploads\\\/2016\\\/07\\\/Artoklasia.jpg\",\"articleSection\":[\"NEWS\"],\"inLanguage\":\"pt-BR\",\"potentialAction\":[{\"@type\":\"CommentAction\",\"name\":\"Comment\",\"target\":[\"https:\\\/\\\/news.ecclesia.org.br\\\/?p=21575#respond\"]}]},{\"@type\":\"WebPage\",\"@id\":\"https:\\\/\\\/news.ecclesia.org.br\\\/?p=21575\",\"url\":\"https:\\\/\\\/news.ecclesia.org.br\\\/?p=21575\",\"name\":\"O Servi\u00e7o Lit\u00fargico da ARTOKLASIA | ECCLESIA NEWS\",\"isPartOf\":{\"@id\":\"https:\\\/\\\/news.ecclesia.org.br\\\/#website\"},\"primaryImageOfPage\":{\"@id\":\"https:\\\/\\\/news.ecclesia.org.br\\\/?p=21575#primaryimage\"},\"image\":{\"@id\":\"https:\\\/\\\/news.ecclesia.org.br\\\/?p=21575#primaryimage\"},\"thumbnailUrl\":\"https:\\\/\\\/news.ecclesia.org.br\\\/wp-content\\\/uploads\\\/2016\\\/07\\\/Artoklasia.jpg\",\"datePublished\":\"2016-07-30T23:32:13+00:00\",\"dateModified\":\"2016-07-30T23:36:53+00:00\",\"breadcrumb\":{\"@id\":\"https:\\\/\\\/news.ecclesia.org.br\\\/?p=21575#breadcrumb\"},\"inLanguage\":\"pt-BR\",\"potentialAction\":[{\"@type\":\"ReadAction\",\"target\":[\"https:\\\/\\\/news.ecclesia.org.br\\\/?p=21575\"]}]},{\"@type\":\"ImageObject\",\"inLanguage\":\"pt-BR\",\"@id\":\"https:\\\/\\\/news.ecclesia.org.br\\\/?p=21575#primaryimage\",\"url\":\"https:\\\/\\\/news.ecclesia.org.br\\\/wp-content\\\/uploads\\\/2016\\\/07\\\/Artoklasia.jpg\",\"contentUrl\":\"https:\\\/\\\/news.ecclesia.org.br\\\/wp-content\\\/uploads\\\/2016\\\/07\\\/Artoklasia.jpg\",\"width\":440,\"height\":533},{\"@type\":\"BreadcrumbList\",\"@id\":\"https:\\\/\\\/news.ecclesia.org.br\\\/?p=21575#breadcrumb\",\"itemListElement\":[{\"@type\":\"ListItem\",\"position\":1,\"name\":\"In\u00edcio\",\"item\":\"https:\\\/\\\/news.ecclesia.org.br\\\/\"},{\"@type\":\"ListItem\",\"position\":2,\"name\":\"O Servi\u00e7o Lit\u00fargico da ARTOKLASIA\"}]},{\"@type\":\"WebSite\",\"@id\":\"https:\\\/\\\/news.ecclesia.org.br\\\/#website\",\"url\":\"https:\\\/\\\/news.ecclesia.org.br\\\/\",\"name\":\"Ecclesia Brasil\",\"description\":\"Desde 2003 onectando o Brasil ao mundo ortodoxo!\",\"publisher\":{\"@id\":\"https:\\\/\\\/news.ecclesia.org.br\\\/#organization\"},\"alternateName\":\"Ecclesia\",\"potentialAction\":[{\"@type\":\"SearchAction\",\"target\":{\"@type\":\"EntryPoint\",\"urlTemplate\":\"https:\\\/\\\/news.ecclesia.org.br\\\/?s={search_term_string}\"},\"query-input\":{\"@type\":\"PropertyValueSpecification\",\"valueRequired\":true,\"valueName\":\"search_term_string\"}}],\"inLanguage\":\"pt-BR\"},{\"@type\":\"Organization\",\"@id\":\"https:\\\/\\\/news.ecclesia.org.br\\\/#organization\",\"name\":\"Sacra Arquidiocese de Buenos Aires e Am\u00e9rica do Sul | Patriarcado Ecum\u00eanico\",\"alternateName\":\"News Ecclesia Brasil\",\"url\":\"https:\\\/\\\/news.ecclesia.org.br\\\/\",\"logo\":{\"@type\":\"ImageObject\",\"inLanguage\":\"pt-BR\",\"@id\":\"https:\\\/\\\/news.ecclesia.org.br\\\/#\\\/schema\\\/logo\\\/image\\\/\",\"url\":\"https:\\\/\\\/news.ecclesia.org.br\\\/wp-content\\\/uploads\\\/2025\\\/05\\\/ecclesia2.png\",\"contentUrl\":\"https:\\\/\\\/news.ecclesia.org.br\\\/wp-content\\\/uploads\\\/2025\\\/05\\\/ecclesia2.png\",\"width\":480,\"height\":120,\"caption\":\"Sacra Arquidiocese de Buenos Aires e Am\u00e9rica do Sul | Patriarcado Ecum\u00eanico\"},\"image\":{\"@id\":\"https:\\\/\\\/news.ecclesia.org.br\\\/#\\\/schema\\\/logo\\\/image\\\/\"},\"sameAs\":[\"https:\\\/\\\/www.facebook.com\\\/Ecclesia2025\",\"https:\\\/\\\/x.com\\\/EcclesiaNews\",\"https:\\\/\\\/br.pinterest.com\\\/ekklisia\\\/\",\"https:\\\/\\\/www.youtube.com\\\/@EcclesiaBrasil\"]},{\"@type\":\"Person\",\"@id\":\"https:\\\/\\\/news.ecclesia.org.br\\\/#\\\/schema\\\/person\\\/6f09597f025829745ba414a569f63758\",\"name\":\"Pe. Andr\u00e9\",\"image\":{\"@type\":\"ImageObject\",\"inLanguage\":\"pt-BR\",\"@id\":\"https:\\\/\\\/secure.gravatar.com\\\/avatar\\\/b4327cfa27e9799da239a26adcd534fc29cdc0c4a4a148eecbcfeb9b42c617ac?s=96&d=mm&r=g\",\"url\":\"https:\\\/\\\/secure.gravatar.com\\\/avatar\\\/b4327cfa27e9799da239a26adcd534fc29cdc0c4a4a148eecbcfeb9b42c617ac?s=96&d=mm&r=g\",\"contentUrl\":\"https:\\\/\\\/secure.gravatar.com\\\/avatar\\\/b4327cfa27e9799da239a26adcd534fc29cdc0c4a4a148eecbcfeb9b42c617ac?s=96&d=mm&r=g\",\"caption\":\"Pe. Andr\u00e9\"},\"sameAs\":[\"https:\\\/\\\/www.ecclesia.org.br\"]}]}<\/script>\n<!-- \/ Yoast SEO plugin. -->","yoast_head_json":{"title":"O Servi\u00e7o Lit\u00fargico da ARTOKLASIA | ECCLESIA NEWS","robots":{"index":"index","follow":"follow","max-snippet":"max-snippet:-1","max-image-preview":"max-image-preview:large","max-video-preview":"max-video-preview:-1"},"canonical":"https:\/\/news.ecclesia.org.br\/?p=21575","og_locale":"pt_BR","og_type":"article","og_title":"O Servi\u00e7o Lit\u00fargico da ARTOKLASIA | ECCLESIA NEWS","og_description":"O termo ARTOKLASIA (do grego artos=p\u00e3o + Klao=quebrar ou partir), \u00e9 de origem grega e deriva das mesmas palavras usadas pelos evangelistas para descrever o que aconteceu na \u00faltima ceia em que Jesus Cristo \u00abpartiu o p\u00e3o\u00bb e o entregou&#8230;","og_url":"https:\/\/news.ecclesia.org.br\/?p=21575","og_site_name":"ECCLESIA NEWS","article_publisher":"https:\/\/www.facebook.com\/Ecclesia2025","article_published_time":"2016-07-30T23:32:13+00:00","article_modified_time":"2016-07-30T23:36:53+00:00","og_image":[{"width":440,"height":533,"url":"https:\/\/news.ecclesia.org.br\/wp-content\/uploads\/2016\/07\/Artoklasia.jpg","type":"image\/jpeg"}],"author":"Pe. Andr\u00e9","twitter_card":"summary_large_image","twitter_creator":"@EcclesiaNews","twitter_site":"@EcclesiaNews","twitter_misc":{"Escrito por":"Pe. Andr\u00e9","Est. tempo de leitura":"1 minuto"},"schema":{"@context":"https:\/\/schema.org","@graph":[{"@type":"Article","@id":"https:\/\/news.ecclesia.org.br\/?p=21575#article","isPartOf":{"@id":"https:\/\/news.ecclesia.org.br\/?p=21575"},"author":{"name":"Pe. Andr\u00e9","@id":"https:\/\/news.ecclesia.org.br\/#\/schema\/person\/6f09597f025829745ba414a569f63758"},"headline":"O Servi\u00e7o Lit\u00fargico da ARTOKLASIA","datePublished":"2016-07-30T23:32:13+00:00","dateModified":"2016-07-30T23:36:53+00:00","mainEntityOfPage":{"@id":"https:\/\/news.ecclesia.org.br\/?p=21575"},"wordCount":201,"commentCount":0,"publisher":{"@id":"https:\/\/news.ecclesia.org.br\/#organization"},"image":{"@id":"https:\/\/news.ecclesia.org.br\/?p=21575#primaryimage"},"thumbnailUrl":"https:\/\/news.ecclesia.org.br\/wp-content\/uploads\/2016\/07\/Artoklasia.jpg","articleSection":["NEWS"],"inLanguage":"pt-BR","potentialAction":[{"@type":"CommentAction","name":"Comment","target":["https:\/\/news.ecclesia.org.br\/?p=21575#respond"]}]},{"@type":"WebPage","@id":"https:\/\/news.ecclesia.org.br\/?p=21575","url":"https:\/\/news.ecclesia.org.br\/?p=21575","name":"O Servi\u00e7o Lit\u00fargico da ARTOKLASIA | ECCLESIA NEWS","isPartOf":{"@id":"https:\/\/news.ecclesia.org.br\/#website"},"primaryImageOfPage":{"@id":"https:\/\/news.ecclesia.org.br\/?p=21575#primaryimage"},"image":{"@id":"https:\/\/news.ecclesia.org.br\/?p=21575#primaryimage"},"thumbnailUrl":"https:\/\/news.ecclesia.org.br\/wp-content\/uploads\/2016\/07\/Artoklasia.jpg","datePublished":"2016-07-30T23:32:13+00:00","dateModified":"2016-07-30T23:36:53+00:00","breadcrumb":{"@id":"https:\/\/news.ecclesia.org.br\/?p=21575#breadcrumb"},"inLanguage":"pt-BR","potentialAction":[{"@type":"ReadAction","target":["https:\/\/news.ecclesia.org.br\/?p=21575"]}]},{"@type":"ImageObject","inLanguage":"pt-BR","@id":"https:\/\/news.ecclesia.org.br\/?p=21575#primaryimage","url":"https:\/\/news.ecclesia.org.br\/wp-content\/uploads\/2016\/07\/Artoklasia.jpg","contentUrl":"https:\/\/news.ecclesia.org.br\/wp-content\/uploads\/2016\/07\/Artoklasia.jpg","width":440,"height":533},{"@type":"BreadcrumbList","@id":"https:\/\/news.ecclesia.org.br\/?p=21575#breadcrumb","itemListElement":[{"@type":"ListItem","position":1,"name":"In\u00edcio","item":"https:\/\/news.ecclesia.org.br\/"},{"@type":"ListItem","position":2,"name":"O Servi\u00e7o Lit\u00fargico da ARTOKLASIA"}]},{"@type":"WebSite","@id":"https:\/\/news.ecclesia.org.br\/#website","url":"https:\/\/news.ecclesia.org.br\/","name":"Ecclesia Brasil","description":"Desde 2003 onectando o Brasil ao mundo ortodoxo!","publisher":{"@id":"https:\/\/news.ecclesia.org.br\/#organization"},"alternateName":"Ecclesia","potentialAction":[{"@type":"SearchAction","target":{"@type":"EntryPoint","urlTemplate":"https:\/\/news.ecclesia.org.br\/?s={search_term_string}"},"query-input":{"@type":"PropertyValueSpecification","valueRequired":true,"valueName":"search_term_string"}}],"inLanguage":"pt-BR"},{"@type":"Organization","@id":"https:\/\/news.ecclesia.org.br\/#organization","name":"Sacra Arquidiocese de Buenos Aires e Am\u00e9rica do Sul | Patriarcado Ecum\u00eanico","alternateName":"News Ecclesia Brasil","url":"https:\/\/news.ecclesia.org.br\/","logo":{"@type":"ImageObject","inLanguage":"pt-BR","@id":"https:\/\/news.ecclesia.org.br\/#\/schema\/logo\/image\/","url":"https:\/\/news.ecclesia.org.br\/wp-content\/uploads\/2025\/05\/ecclesia2.png","contentUrl":"https:\/\/news.ecclesia.org.br\/wp-content\/uploads\/2025\/05\/ecclesia2.png","width":480,"height":120,"caption":"Sacra Arquidiocese de Buenos Aires e Am\u00e9rica do Sul | Patriarcado Ecum\u00eanico"},"image":{"@id":"https:\/\/news.ecclesia.org.br\/#\/schema\/logo\/image\/"},"sameAs":["https:\/\/www.facebook.com\/Ecclesia2025","https:\/\/x.com\/EcclesiaNews","https:\/\/br.pinterest.com\/ekklisia\/","https:\/\/www.youtube.com\/@EcclesiaBrasil"]},{"@type":"Person","@id":"https:\/\/news.ecclesia.org.br\/#\/schema\/person\/6f09597f025829745ba414a569f63758","name":"Pe. Andr\u00e9","image":{"@type":"ImageObject","inLanguage":"pt-BR","@id":"https:\/\/secure.gravatar.com\/avatar\/b4327cfa27e9799da239a26adcd534fc29cdc0c4a4a148eecbcfeb9b42c617ac?s=96&d=mm&r=g","url":"https:\/\/secure.gravatar.com\/avatar\/b4327cfa27e9799da239a26adcd534fc29cdc0c4a4a148eecbcfeb9b42c617ac?s=96&d=mm&r=g","contentUrl":"https:\/\/secure.gravatar.com\/avatar\/b4327cfa27e9799da239a26adcd534fc29cdc0c4a4a148eecbcfeb9b42c617ac?s=96&d=mm&r=g","caption":"Pe. Andr\u00e9"},"sameAs":["https:\/\/www.ecclesia.org.br"]}]}},"_links":{"self":[{"href":"https:\/\/news.ecclesia.org.br\/index.php?rest_route=\/wp\/v2\/posts\/21575","targetHints":{"allow":["GET"]}}],"collection":[{"href":"https:\/\/news.ecclesia.org.br\/index.php?rest_route=\/wp\/v2\/posts"}],"about":[{"href":"https:\/\/news.ecclesia.org.br\/index.php?rest_route=\/wp\/v2\/types\/post"}],"author":[{"embeddable":true,"href":"https:\/\/news.ecclesia.org.br\/index.php?rest_route=\/wp\/v2\/users\/1"}],"replies":[{"embeddable":true,"href":"https:\/\/news.ecclesia.org.br\/index.php?rest_route=%2Fwp%2Fv2%2Fcomments&post=21575"}],"version-history":[{"count":0,"href":"https:\/\/news.ecclesia.org.br\/index.php?rest_route=\/wp\/v2\/posts\/21575\/revisions"}],"wp:featuredmedia":[{"embeddable":true,"href":"https:\/\/news.ecclesia.org.br\/index.php?rest_route=\/wp\/v2\/media\/21576"}],"wp:attachment":[{"href":"https:\/\/news.ecclesia.org.br\/index.php?rest_route=%2Fwp%2Fv2%2Fmedia&parent=21575"}],"wp:term":[{"taxonomy":"category","embeddable":true,"href":"https:\/\/news.ecclesia.org.br\/index.php?rest_route=%2Fwp%2Fv2%2Fcategories&post=21575"},{"taxonomy":"post_tag","embeddable":true,"href":"https:\/\/news.ecclesia.org.br\/index.php?rest_route=%2Fwp%2Fv2%2Ftags&post=21575"}],"curies":[{"name":"wp","href":"https:\/\/api.w.org\/{rel}","templated":true}]}}