{"id":21566,"date":"2016-07-22T00:01:58","date_gmt":"2016-07-22T00:01:58","guid":{"rendered":"https:\/\/news.ecclesia.org.br\/2013\/?p=21566"},"modified":"2016-07-22T17:27:08","modified_gmt":"2016-07-22T17:27:08","slug":"22-de-julho-a-igreja-comemora-neste-dia-santa-maria-madalena-igual-aos-apostolos","status":"publish","type":"post","link":"https:\/\/news.ecclesia.org.br\/?p=21566","title":{"rendered":"22 de Julho: a Igreja comemora hoje Santa Maria Madalena, Igual-aos-Ap\u00f3stolos"},"content":{"rendered":"<figure id=\"attachment_8593\" aria-describedby=\"caption-attachment-8593\" style=\"width: 421px\" class=\"wp-caption alignleft\"><img fetchpriority=\"high\" decoding=\"async\" class=\"size-full wp-image-8593\" src=\"https:\/\/news.ecclesia.org.br\/wp-content\/uploads\/2015\/07\/maria-madalena.png\" alt=\"Santa Maria Magdalena\" width=\"421\" height=\"336\" \/><figcaption id=\"caption-attachment-8593\" class=\"wp-caption-text\">Santa Maria Magdalena<\/figcaption><\/figure>\n<p style=\"text-align: justify;\">Santa Maria Madalena, portadora de mirra, [Mir\u00f3fora] nasceu na cidade de Magdala, \u00e0s margens do Lago de Genesar\u00e9 [Mar da Galileia], ao norte da Terra Santa. Desde a sua juventude era v\u00edtima de possess\u00f5es que lhe causavam sofrimentos. Pela miseric\u00f3rdia divina, Maria teve um encontro com o Senhor, quando, pregando o evangelho, ele visitou sua cidade. Jesus se compadeceu dela e expulsou sete dem\u00f4nios que a atormentavam, propiciando-lhe, assim, uma cura tanto f\u00edsica como espiritual. Daquele momento em diante, Maria se converteu numa disc\u00edpula do Divino Mestre, servindo-lhe, juntamente com outras virtuosas mulheres.<\/p>\n<p style=\"text-align: justify;\">Quando Jesus foi levado ante Pilatos, sendo por todos injuriado, os disc\u00edpulos vacilaram e fugiram; Maria, por\u00e9m, n\u00e3o abandonou o Senhor; esteve junto \u00e0 Cruz, ao lado de sua pur\u00edssima M\u00e3e e do Ap\u00f3stolo S\u00e3o Jo\u00e3o, o Disc\u00edpulo Amado; foi ela quem acompanhou o corpo do Salvador quando era trasladado para o sepulcro no jardim de Jos\u00e9 de Arimateia, ungindo ali o corpo com o preciso m\u00edrron e as subst\u00e2ncias arom\u00e1ticas, sendo, por isso chamada de Portadora de Mirra [Mir\u00f3fora]. O sepultamento de Jesus foi realizado \u00e0s pressas, j\u00e1 que era sexta-feira e, em poucas horas, ao anoitecer, deveria ter in\u00edcio a celebra\u00e7\u00e3o da P\u00e1scoa judaica.<\/p>\n<p style=\"text-align: justify;\">No dia seguinte, depois da P\u00e1scoa, primeira hora da manh\u00e3 de Domingo, quando ainda estava escuro, Maria foi a primeira a chegar ao sepulcro para terminar o rito do sepultamento do corpo do Salvador. Ainda no caminho, pensava sobre como iria mover a pedra \u00e0 entrada do t\u00famulo, porque era muito pesada. Chegando, viu que a pedra j\u00e1 estava retirada. Voltou apressada aos ap\u00f3stolos e contou a Pedro e a Jo\u00e3o o que tinha visto. Os ap\u00f3stolos foram correndo \u00e0 sepultura e, ao chegar, encontrando apenas os v\u00e9us com os quais o corpo de Jesus tinha sido envolvido, foram-se de l\u00e1. Maria chegou depois dos ap\u00f3stolos e, entrando no lugar onde estava a tumba, come\u00e7ou a chorar. Viu ent\u00e3o dois jovens vestidos de branco e, um deles, lhe dirigiu a palavra perguntando: \u00abMulher, por que choras?\u00bb Maria respondeu: \u00abLevaram meu Senhor, e n\u00e3o sei onde o puseram.\u00bb Tendo dito isto, virou-se e viu Jesus, mas n\u00e3o o reconheceu. Pensando ser o jardineiro, disse-lhe: \u00abSenhor, se foste tu que o levaste, dize-me, onde o puseste?\u00bb Jesus lhe disse: \u00abMaria!\u00bb E ela reconheceu aquela voz familiar, e viu que o Senhor tinha ressuscitado. Num \u00edmpeto de alegria, prostrou-se aos seus p\u00e9s.<\/p>\n<figure id=\"attachment_8594\" aria-describedby=\"caption-attachment-8594\" style=\"width: 300px\" class=\"wp-caption alignright\"><a href=\"https:\/\/news.ecclesia.org.br\/wp-content\/uploads\/2015\/07\/s-maria-madalena.jpg\" target=\"_blank\"><img decoding=\"async\" class=\"wp-image-8594 size-medium\" src=\"https:\/\/news.ecclesia.org.br\/wp-content\/uploads\/2015\/07\/s-maria-madalena-300x232.jpg\" alt=\"s-maria-madalena\" width=\"300\" height=\"232\" \/><\/a><figcaption id=\"caption-attachment-8594\" class=\"wp-caption-text\">Santa Maria Magdalena<\/figcaption><\/figure>\n<p style=\"text-align: justify;\">Nesse mesmo dia, pela terceira vez, Maria foi digna de ver o Salvador Ressuscitado quando, junto \u00e0s outras mulheres portadoras de aroma [Mir\u00f3foras], voltou \u00e0 sepultura. Contou logo aos ap\u00f3stolos sobre as apari\u00e7\u00f5es do Salvador, mas n\u00e3o lhe deram cr\u00e9dito.<\/p>\n<p style=\"text-align: justify;\">Maria, testemunha da vida e dos milagres realizados pelo Salvador, percorreu numerosos pa\u00edses anunciando o Evangelho. Diz-se que, estando em Roma, foi ao Pal\u00e1cio do Imperador Tib\u00e9rio. Durante a audi\u00eancia que este lhe concedeu, falou-lhe de Jesus Cristo, dos seus ensinamentos, de sua morte e ressurrei\u00e7\u00e3o. O imperador duvidou da ressurrei\u00e7\u00e3o e pediu-lhe algumas evid\u00eancias. Maria ent\u00e3o, tomando um ovo cozido que estava sobre uma mesa, entregou ao imperador, dizendo-lhe: \u00abCristo ressuscitou!\u00bb Enquanto pronunciava estas palavras, o ovo de cor branca que estava nas m\u00e3os do imperador, tornou-se vermelho bem vivo. [Este acontecimento est\u00e1 muito bem representado na parede oriental do altar da bela igreja de Santa Maria Madalena, localizada no Jardim do Gets\u00eamani, e que foi constru\u00edda pelo imperador russo Alexandre III, no ano de 1886. A santa se encontra vestida humildemente de branco, ao estilo apost\u00f3lico, diante do imperador Tib\u00e9rio, que est\u00e1 cercado de guarda-costas. Em sua m\u00e3o estendida ela segura um ovo vermelho]. No dia de sua comemora\u00e7\u00e3o, no Jardim Gets\u00eamani, depois da Divina Liturgia, os peregrinos costumam trocar ovos vermelho pascais, dizendo uns aos outros: \u00abCristo ressuscitou!\u00bb<\/p>\n<p style=\"text-align: justify;\">Depois de Roma, Santa Maria Madalena foi a \u00c9feso, e l\u00e1 ajudou o Ap\u00f3stolo S\u00e3o Jo\u00e3o, o Te\u00f3logo, na prega\u00e7\u00e3o do Evangelho. As circunst\u00e2ncias de sua morte s\u00e3o desconhecidas.<\/p>\n<p style=\"text-align: justify;\"><strong><a href=\"https:\/\/news.ecclesia.org.br\/wp-content\/uploads\/2015\/07\/Maria_Magdalini.jpg\" target=\"_blank\"><img decoding=\"async\" class=\"alignleft size-medium wp-image-8592\" src=\"https:\/\/news.ecclesia.org.br\/wp-content\/uploads\/2015\/07\/Maria_Magdalini-300x220.jpg\" alt=\"Maria_Magdalini\" width=\"300\" height=\"220\" \/><\/a>S\u00cdNTESE HAGIOGR\u00c1FICA:<\/strong> Maria Madalena \u00e9 uma personagem feminina do Novo Testamento. Provavelmente natural de Magdala (da\u00ed o nome Madalena), foi uma das \u00abpiedosas mulheres\u00bb que acompanhavam Jesus, que a havia libertado de sete dem\u00f4nios. Assistiu \u00e0 crucifix\u00e3o e \u00e0 deposi\u00e7\u00e3o de Cristo e foi testemunha da Ressurrei\u00e7\u00e3o do Mestre. Tradicionalmente \u00e9 identificada com a an\u00f4nima \u00abpecadora arrependida\u00bb de que fala Lucas, aquela que perfumou os p\u00e9s de Jesus, banhou-os com suas l\u00e1grimas e enxugou-os com os pr\u00f3prios cabelos; a sua figura representa, para a cristandade, o s\u00edmbolo da penitente. A Igreja romana, seguindo s\u00e3o Greg\u00f3rio Magno, al\u00e9m de a identificar com a \u00abpecadora\u00bb, tamb\u00e9m a confunde freq\u00fcentemente com Maria de Bet\u00e2nia, irm\u00e3 de L\u00e1zaro, e celebra as tr\u00eas Marias com uma \u00fanica festa. A Igreja grega, ao contr\u00e1rio, seguindo Or\u00edgenes, distingue as tr\u00eas figuras, celebrando tr\u00eas festas diferentes.<\/p>\n<p style=\"text-align: right;\"><em>Tradu\u00e7\u00e3o e publica\u00e7\u00e3o neste site<br \/>\ncom permiss\u00e3o de: <\/em><a href=\"http:\/\/www.ortodoxia.org\/\" target=\"_blank\"><em>Ortodoxia.org<\/em><\/a><em><br \/>\nTrad.: pe. Andr\u00e9<\/em><\/p>\n","protected":false},"excerpt":{"rendered":"<p>Santa Maria Madalena, portadora de mirra, [Mir\u00f3fora] nasceu na cidade de Magdala, \u00e0s margens do Lago de Genesar\u00e9 [Mar da Galileia], ao norte da Terra Santa. Desde a sua juventude era v\u00edtima de possess\u00f5es que lhe causavam sofrimentos. Pela miseric\u00f3rdia&#8230;<\/p>\n","protected":false},"author":1,"featured_media":0,"comment_status":"open","ping_status":"open","sticky":false,"template":"","format":"standard","meta":{"_acf_changed":false,"footnotes":""},"categories":[1],"tags":[],"class_list":["post-21566","post","type-post","status-publish","format-standard","hentry","category-news","entry","rows-excerpt"],"acf":[],"yoast_head":"<!-- This site is optimized with the Yoast SEO plugin v27.5 - https:\/\/yoast.com\/product\/yoast-seo-wordpress\/ -->\n<title>22 de Julho: a Igreja comemora hoje Santa Maria Madalena, Igual-aos-Ap\u00f3stolos | ECCLESIA NEWS<\/title>\n<meta name=\"robots\" content=\"index, follow, max-snippet:-1, max-image-preview:large, max-video-preview:-1\" \/>\n<link rel=\"canonical\" href=\"https:\/\/news.ecclesia.org.br\/?p=21566\" \/>\n<meta property=\"og:locale\" content=\"pt_BR\" \/>\n<meta property=\"og:type\" content=\"article\" \/>\n<meta property=\"og:title\" content=\"22 de Julho: a Igreja comemora hoje Santa Maria Madalena, Igual-aos-Ap\u00f3stolos | ECCLESIA NEWS\" \/>\n<meta property=\"og:description\" content=\"Santa Maria Madalena, portadora de mirra, [Mir\u00f3fora] nasceu na cidade de Magdala, \u00e0s margens do Lago de Genesar\u00e9 [Mar da Galileia], ao norte da Terra Santa. Desde a sua juventude era v\u00edtima de possess\u00f5es que lhe causavam sofrimentos. Pela miseric\u00f3rdia&#8230;\" \/>\n<meta property=\"og:url\" content=\"https:\/\/news.ecclesia.org.br\/?p=21566\" \/>\n<meta property=\"og:site_name\" content=\"ECCLESIA NEWS\" \/>\n<meta property=\"article:publisher\" content=\"https:\/\/www.facebook.com\/Ecclesia2025\" \/>\n<meta property=\"article:published_time\" content=\"2016-07-22T00:01:58+00:00\" \/>\n<meta property=\"article:modified_time\" content=\"2016-07-22T17:27:08+00:00\" \/>\n<meta property=\"og:image\" content=\"https:\/\/news.ecclesia.org.br\/wp-content\/uploads\/2015\/07\/maria-madalena.png\" \/>\n<meta name=\"author\" content=\"Pe. Andr\u00e9\" \/>\n<meta name=\"twitter:card\" content=\"summary_large_image\" \/>\n<meta name=\"twitter:creator\" content=\"@EcclesiaNews\" \/>\n<meta name=\"twitter:site\" content=\"@EcclesiaNews\" \/>\n<meta name=\"twitter:label1\" content=\"Escrito por\" \/>\n\t<meta name=\"twitter:data1\" content=\"Pe. Andr\u00e9\" \/>\n\t<meta name=\"twitter:label2\" content=\"Est. tempo de leitura\" \/>\n\t<meta name=\"twitter:data2\" content=\"4 minutos\" \/>\n<script type=\"application\/ld+json\" class=\"yoast-schema-graph\">{\"@context\":\"https:\\\/\\\/schema.org\",\"@graph\":[{\"@type\":\"Article\",\"@id\":\"https:\\\/\\\/news.ecclesia.org.br\\\/?p=21566#article\",\"isPartOf\":{\"@id\":\"https:\\\/\\\/news.ecclesia.org.br\\\/?p=21566\"},\"author\":{\"name\":\"Pe. Andr\u00e9\",\"@id\":\"https:\\\/\\\/news.ecclesia.org.br\\\/#\\\/schema\\\/person\\\/6f09597f025829745ba414a569f63758\"},\"headline\":\"22 de Julho: a Igreja comemora hoje Santa Maria Madalena, Igual-aos-Ap\u00f3stolos\",\"datePublished\":\"2016-07-22T00:01:58+00:00\",\"dateModified\":\"2016-07-22T17:27:08+00:00\",\"mainEntityOfPage\":{\"@id\":\"https:\\\/\\\/news.ecclesia.org.br\\\/?p=21566\"},\"wordCount\":910,\"commentCount\":0,\"publisher\":{\"@id\":\"https:\\\/\\\/news.ecclesia.org.br\\\/#organization\"},\"image\":{\"@id\":\"https:\\\/\\\/news.ecclesia.org.br\\\/?p=21566#primaryimage\"},\"thumbnailUrl\":\"https:\\\/\\\/news.ecclesia.org.br\\\/wp-content\\\/uploads\\\/2015\\\/07\\\/maria-madalena.png\",\"articleSection\":[\"NEWS\"],\"inLanguage\":\"pt-BR\",\"potentialAction\":[{\"@type\":\"CommentAction\",\"name\":\"Comment\",\"target\":[\"https:\\\/\\\/news.ecclesia.org.br\\\/?p=21566#respond\"]}]},{\"@type\":\"WebPage\",\"@id\":\"https:\\\/\\\/news.ecclesia.org.br\\\/?p=21566\",\"url\":\"https:\\\/\\\/news.ecclesia.org.br\\\/?p=21566\",\"name\":\"22 de Julho: a Igreja comemora hoje Santa Maria Madalena, Igual-aos-Ap\u00f3stolos | ECCLESIA NEWS\",\"isPartOf\":{\"@id\":\"https:\\\/\\\/news.ecclesia.org.br\\\/#website\"},\"primaryImageOfPage\":{\"@id\":\"https:\\\/\\\/news.ecclesia.org.br\\\/?p=21566#primaryimage\"},\"image\":{\"@id\":\"https:\\\/\\\/news.ecclesia.org.br\\\/?p=21566#primaryimage\"},\"thumbnailUrl\":\"https:\\\/\\\/news.ecclesia.org.br\\\/wp-content\\\/uploads\\\/2015\\\/07\\\/maria-madalena.png\",\"datePublished\":\"2016-07-22T00:01:58+00:00\",\"dateModified\":\"2016-07-22T17:27:08+00:00\",\"breadcrumb\":{\"@id\":\"https:\\\/\\\/news.ecclesia.org.br\\\/?p=21566#breadcrumb\"},\"inLanguage\":\"pt-BR\",\"potentialAction\":[{\"@type\":\"ReadAction\",\"target\":[\"https:\\\/\\\/news.ecclesia.org.br\\\/?p=21566\"]}]},{\"@type\":\"ImageObject\",\"inLanguage\":\"pt-BR\",\"@id\":\"https:\\\/\\\/news.ecclesia.org.br\\\/?p=21566#primaryimage\",\"url\":\"\",\"contentUrl\":\"\"},{\"@type\":\"BreadcrumbList\",\"@id\":\"https:\\\/\\\/news.ecclesia.org.br\\\/?p=21566#breadcrumb\",\"itemListElement\":[{\"@type\":\"ListItem\",\"position\":1,\"name\":\"In\u00edcio\",\"item\":\"https:\\\/\\\/news.ecclesia.org.br\\\/\"},{\"@type\":\"ListItem\",\"position\":2,\"name\":\"22 de Julho: a Igreja comemora hoje Santa Maria Madalena, Igual-aos-Ap\u00f3stolos\"}]},{\"@type\":\"WebSite\",\"@id\":\"https:\\\/\\\/news.ecclesia.org.br\\\/#website\",\"url\":\"https:\\\/\\\/news.ecclesia.org.br\\\/\",\"name\":\"Ecclesia Brasil\",\"description\":\"Desde 2003 onectando o Brasil ao mundo ortodoxo!\",\"publisher\":{\"@id\":\"https:\\\/\\\/news.ecclesia.org.br\\\/#organization\"},\"alternateName\":\"Ecclesia\",\"potentialAction\":[{\"@type\":\"SearchAction\",\"target\":{\"@type\":\"EntryPoint\",\"urlTemplate\":\"https:\\\/\\\/news.ecclesia.org.br\\\/?s={search_term_string}\"},\"query-input\":{\"@type\":\"PropertyValueSpecification\",\"valueRequired\":true,\"valueName\":\"search_term_string\"}}],\"inLanguage\":\"pt-BR\"},{\"@type\":\"Organization\",\"@id\":\"https:\\\/\\\/news.ecclesia.org.br\\\/#organization\",\"name\":\"Sacra Arquidiocese de Buenos Aires e Am\u00e9rica do Sul | Patriarcado Ecum\u00eanico\",\"alternateName\":\"News Ecclesia Brasil\",\"url\":\"https:\\\/\\\/news.ecclesia.org.br\\\/\",\"logo\":{\"@type\":\"ImageObject\",\"inLanguage\":\"pt-BR\",\"@id\":\"https:\\\/\\\/news.ecclesia.org.br\\\/#\\\/schema\\\/logo\\\/image\\\/\",\"url\":\"https:\\\/\\\/news.ecclesia.org.br\\\/wp-content\\\/uploads\\\/2025\\\/05\\\/ecclesia2.png\",\"contentUrl\":\"https:\\\/\\\/news.ecclesia.org.br\\\/wp-content\\\/uploads\\\/2025\\\/05\\\/ecclesia2.png\",\"width\":480,\"height\":120,\"caption\":\"Sacra Arquidiocese de Buenos Aires e Am\u00e9rica do Sul | Patriarcado Ecum\u00eanico\"},\"image\":{\"@id\":\"https:\\\/\\\/news.ecclesia.org.br\\\/#\\\/schema\\\/logo\\\/image\\\/\"},\"sameAs\":[\"https:\\\/\\\/www.facebook.com\\\/Ecclesia2025\",\"https:\\\/\\\/x.com\\\/EcclesiaNews\",\"https:\\\/\\\/br.pinterest.com\\\/ekklisia\\\/\",\"https:\\\/\\\/www.youtube.com\\\/@EcclesiaBrasil\"]},{\"@type\":\"Person\",\"@id\":\"https:\\\/\\\/news.ecclesia.org.br\\\/#\\\/schema\\\/person\\\/6f09597f025829745ba414a569f63758\",\"name\":\"Pe. Andr\u00e9\",\"image\":{\"@type\":\"ImageObject\",\"inLanguage\":\"pt-BR\",\"@id\":\"https:\\\/\\\/secure.gravatar.com\\\/avatar\\\/b4327cfa27e9799da239a26adcd534fc29cdc0c4a4a148eecbcfeb9b42c617ac?s=96&d=mm&r=g\",\"url\":\"https:\\\/\\\/secure.gravatar.com\\\/avatar\\\/b4327cfa27e9799da239a26adcd534fc29cdc0c4a4a148eecbcfeb9b42c617ac?s=96&d=mm&r=g\",\"contentUrl\":\"https:\\\/\\\/secure.gravatar.com\\\/avatar\\\/b4327cfa27e9799da239a26adcd534fc29cdc0c4a4a148eecbcfeb9b42c617ac?s=96&d=mm&r=g\",\"caption\":\"Pe. Andr\u00e9\"},\"sameAs\":[\"https:\\\/\\\/www.ecclesia.org.br\"]}]}<\/script>\n<!-- \/ Yoast SEO plugin. -->","yoast_head_json":{"title":"22 de Julho: a Igreja comemora hoje Santa Maria Madalena, Igual-aos-Ap\u00f3stolos | ECCLESIA NEWS","robots":{"index":"index","follow":"follow","max-snippet":"max-snippet:-1","max-image-preview":"max-image-preview:large","max-video-preview":"max-video-preview:-1"},"canonical":"https:\/\/news.ecclesia.org.br\/?p=21566","og_locale":"pt_BR","og_type":"article","og_title":"22 de Julho: a Igreja comemora hoje Santa Maria Madalena, Igual-aos-Ap\u00f3stolos | ECCLESIA NEWS","og_description":"Santa Maria Madalena, portadora de mirra, [Mir\u00f3fora] nasceu na cidade de Magdala, \u00e0s margens do Lago de Genesar\u00e9 [Mar da Galileia], ao norte da Terra Santa. Desde a sua juventude era v\u00edtima de possess\u00f5es que lhe causavam sofrimentos. Pela miseric\u00f3rdia&#8230;","og_url":"https:\/\/news.ecclesia.org.br\/?p=21566","og_site_name":"ECCLESIA NEWS","article_publisher":"https:\/\/www.facebook.com\/Ecclesia2025","article_published_time":"2016-07-22T00:01:58+00:00","article_modified_time":"2016-07-22T17:27:08+00:00","og_image":[{"url":"https:\/\/news.ecclesia.org.br\/wp-content\/uploads\/2015\/07\/maria-madalena.png","type":"","width":"","height":""}],"author":"Pe. Andr\u00e9","twitter_card":"summary_large_image","twitter_creator":"@EcclesiaNews","twitter_site":"@EcclesiaNews","twitter_misc":{"Escrito por":"Pe. Andr\u00e9","Est. tempo de leitura":"4 minutos"},"schema":{"@context":"https:\/\/schema.org","@graph":[{"@type":"Article","@id":"https:\/\/news.ecclesia.org.br\/?p=21566#article","isPartOf":{"@id":"https:\/\/news.ecclesia.org.br\/?p=21566"},"author":{"name":"Pe. Andr\u00e9","@id":"https:\/\/news.ecclesia.org.br\/#\/schema\/person\/6f09597f025829745ba414a569f63758"},"headline":"22 de Julho: a Igreja comemora hoje Santa Maria Madalena, Igual-aos-Ap\u00f3stolos","datePublished":"2016-07-22T00:01:58+00:00","dateModified":"2016-07-22T17:27:08+00:00","mainEntityOfPage":{"@id":"https:\/\/news.ecclesia.org.br\/?p=21566"},"wordCount":910,"commentCount":0,"publisher":{"@id":"https:\/\/news.ecclesia.org.br\/#organization"},"image":{"@id":"https:\/\/news.ecclesia.org.br\/?p=21566#primaryimage"},"thumbnailUrl":"https:\/\/news.ecclesia.org.br\/wp-content\/uploads\/2015\/07\/maria-madalena.png","articleSection":["NEWS"],"inLanguage":"pt-BR","potentialAction":[{"@type":"CommentAction","name":"Comment","target":["https:\/\/news.ecclesia.org.br\/?p=21566#respond"]}]},{"@type":"WebPage","@id":"https:\/\/news.ecclesia.org.br\/?p=21566","url":"https:\/\/news.ecclesia.org.br\/?p=21566","name":"22 de Julho: a Igreja comemora hoje Santa Maria Madalena, Igual-aos-Ap\u00f3stolos | ECCLESIA NEWS","isPartOf":{"@id":"https:\/\/news.ecclesia.org.br\/#website"},"primaryImageOfPage":{"@id":"https:\/\/news.ecclesia.org.br\/?p=21566#primaryimage"},"image":{"@id":"https:\/\/news.ecclesia.org.br\/?p=21566#primaryimage"},"thumbnailUrl":"https:\/\/news.ecclesia.org.br\/wp-content\/uploads\/2015\/07\/maria-madalena.png","datePublished":"2016-07-22T00:01:58+00:00","dateModified":"2016-07-22T17:27:08+00:00","breadcrumb":{"@id":"https:\/\/news.ecclesia.org.br\/?p=21566#breadcrumb"},"inLanguage":"pt-BR","potentialAction":[{"@type":"ReadAction","target":["https:\/\/news.ecclesia.org.br\/?p=21566"]}]},{"@type":"ImageObject","inLanguage":"pt-BR","@id":"https:\/\/news.ecclesia.org.br\/?p=21566#primaryimage","url":"","contentUrl":""},{"@type":"BreadcrumbList","@id":"https:\/\/news.ecclesia.org.br\/?p=21566#breadcrumb","itemListElement":[{"@type":"ListItem","position":1,"name":"In\u00edcio","item":"https:\/\/news.ecclesia.org.br\/"},{"@type":"ListItem","position":2,"name":"22 de Julho: a Igreja comemora hoje Santa Maria Madalena, Igual-aos-Ap\u00f3stolos"}]},{"@type":"WebSite","@id":"https:\/\/news.ecclesia.org.br\/#website","url":"https:\/\/news.ecclesia.org.br\/","name":"Ecclesia Brasil","description":"Desde 2003 onectando o Brasil ao mundo ortodoxo!","publisher":{"@id":"https:\/\/news.ecclesia.org.br\/#organization"},"alternateName":"Ecclesia","potentialAction":[{"@type":"SearchAction","target":{"@type":"EntryPoint","urlTemplate":"https:\/\/news.ecclesia.org.br\/?s={search_term_string}"},"query-input":{"@type":"PropertyValueSpecification","valueRequired":true,"valueName":"search_term_string"}}],"inLanguage":"pt-BR"},{"@type":"Organization","@id":"https:\/\/news.ecclesia.org.br\/#organization","name":"Sacra Arquidiocese de Buenos Aires e Am\u00e9rica do Sul | Patriarcado Ecum\u00eanico","alternateName":"News Ecclesia Brasil","url":"https:\/\/news.ecclesia.org.br\/","logo":{"@type":"ImageObject","inLanguage":"pt-BR","@id":"https:\/\/news.ecclesia.org.br\/#\/schema\/logo\/image\/","url":"https:\/\/news.ecclesia.org.br\/wp-content\/uploads\/2025\/05\/ecclesia2.png","contentUrl":"https:\/\/news.ecclesia.org.br\/wp-content\/uploads\/2025\/05\/ecclesia2.png","width":480,"height":120,"caption":"Sacra Arquidiocese de Buenos Aires e Am\u00e9rica do Sul | Patriarcado Ecum\u00eanico"},"image":{"@id":"https:\/\/news.ecclesia.org.br\/#\/schema\/logo\/image\/"},"sameAs":["https:\/\/www.facebook.com\/Ecclesia2025","https:\/\/x.com\/EcclesiaNews","https:\/\/br.pinterest.com\/ekklisia\/","https:\/\/www.youtube.com\/@EcclesiaBrasil"]},{"@type":"Person","@id":"https:\/\/news.ecclesia.org.br\/#\/schema\/person\/6f09597f025829745ba414a569f63758","name":"Pe. Andr\u00e9","image":{"@type":"ImageObject","inLanguage":"pt-BR","@id":"https:\/\/secure.gravatar.com\/avatar\/b4327cfa27e9799da239a26adcd534fc29cdc0c4a4a148eecbcfeb9b42c617ac?s=96&d=mm&r=g","url":"https:\/\/secure.gravatar.com\/avatar\/b4327cfa27e9799da239a26adcd534fc29cdc0c4a4a148eecbcfeb9b42c617ac?s=96&d=mm&r=g","contentUrl":"https:\/\/secure.gravatar.com\/avatar\/b4327cfa27e9799da239a26adcd534fc29cdc0c4a4a148eecbcfeb9b42c617ac?s=96&d=mm&r=g","caption":"Pe. Andr\u00e9"},"sameAs":["https:\/\/www.ecclesia.org.br"]}]}},"_links":{"self":[{"href":"https:\/\/news.ecclesia.org.br\/index.php?rest_route=\/wp\/v2\/posts\/21566","targetHints":{"allow":["GET"]}}],"collection":[{"href":"https:\/\/news.ecclesia.org.br\/index.php?rest_route=\/wp\/v2\/posts"}],"about":[{"href":"https:\/\/news.ecclesia.org.br\/index.php?rest_route=\/wp\/v2\/types\/post"}],"author":[{"embeddable":true,"href":"https:\/\/news.ecclesia.org.br\/index.php?rest_route=\/wp\/v2\/users\/1"}],"replies":[{"embeddable":true,"href":"https:\/\/news.ecclesia.org.br\/index.php?rest_route=%2Fwp%2Fv2%2Fcomments&post=21566"}],"version-history":[{"count":0,"href":"https:\/\/news.ecclesia.org.br\/index.php?rest_route=\/wp\/v2\/posts\/21566\/revisions"}],"wp:attachment":[{"href":"https:\/\/news.ecclesia.org.br\/index.php?rest_route=%2Fwp%2Fv2%2Fmedia&parent=21566"}],"wp:term":[{"taxonomy":"category","embeddable":true,"href":"https:\/\/news.ecclesia.org.br\/index.php?rest_route=%2Fwp%2Fv2%2Fcategories&post=21566"},{"taxonomy":"post_tag","embeddable":true,"href":"https:\/\/news.ecclesia.org.br\/index.php?rest_route=%2Fwp%2Fv2%2Ftags&post=21566"}],"curies":[{"name":"wp","href":"https:\/\/api.w.org\/{rel}","templated":true}]}}