{"id":21509,"date":"2016-07-15T19:46:33","date_gmt":"2016-07-15T19:46:33","guid":{"rendered":"https:\/\/news.ecclesia.org.br\/2013\/?p=21509"},"modified":"2018-01-18T22:58:28","modified_gmt":"2018-01-18T22:58:28","slug":"a-igreja-ortodoxa-condena-veementemente-o-ataque-terrorista-em-nice-franca","status":"publish","type":"post","link":"https:\/\/news.ecclesia.org.br\/?p=21509","title":{"rendered":"A Igreja Ortodoxa condena veementemente o ataque terrorista em Nice, Fran\u00e7a"},"content":{"rendered":"<p style=\"text-align: justify;\"><a href=\"https:\/\/news.ecclesia.org.br\/2013\/wp-content\/uploads\/2016\/07\/terror-franca-nice.jpg\"><img fetchpriority=\"high\" decoding=\"async\" class=\"alignleft size-medium wp-image-24813\" src=\"https:\/\/news.ecclesia.org.br\/2013\/wp-content\/uploads\/2016\/07\/terror-franca-nice-300x225.jpg\" alt=\"\" width=\"300\" height=\"225\" srcset=\"https:\/\/news.ecclesia.org.br\/wp-content\/uploads\/2016\/07\/terror-franca-nice-300x225.jpg 300w, https:\/\/news.ecclesia.org.br\/wp-content\/uploads\/2016\/07\/terror-franca-nice-768x576.jpg 768w, https:\/\/news.ecclesia.org.br\/wp-content\/uploads\/2016\/07\/terror-franca-nice-600x450.jpg 600w, https:\/\/news.ecclesia.org.br\/wp-content\/uploads\/2016\/07\/terror-franca-nice-73x55.jpg 73w, https:\/\/news.ecclesia.org.br\/wp-content\/uploads\/2016\/07\/terror-franca-nice.jpg 992w\" sizes=\"(max-width: 300px) 100vw, 300px\" \/><\/a>15 de julho de 2016 &#8212; A <strong>Assembl\u00e9ia de Bispos Ortodoxos da Fran\u00e7a<\/strong> emitiu hoje uma declara\u00e7\u00e3o sobre o que denomina uma &#8220;barb\u00e1rie inomin\u00e1vel que, mais uma vez, atingiu a Fran\u00e7a, na cidade de Nice&#8221;. Os bispos da Assembl\u00e9ia de Bispos Ortodoxos da Fran\u00e7a, condenam com toda a veem\u00eancia este ataque terrorista indescrit\u00edvel, elogiando\u00a0o engajamento cont\u00ednuo das autoridades e das for\u00e7as de seguran\u00e7a francesa que d\u00e3o suporte e al\u00edvio aos cidad\u00e3os. Afirma ainda o comunicado que os bispos est\u00e3o em ora\u00e7\u00f5es\u00a0pelas v\u00edtimas, feridos e mortos, e expressam as suas condol\u00eancias mais fraternas e a sua solidariedade aos familiares e parentes das v\u00edtimas.<\/p>\n<p style=\"text-align: justify;\">A\u00a0<strong>Igreja Ortodoxa Romena<\/strong> emitiu comunicado atrav\u00e9s de sua\u00a0Assessoria de Imprensa no\u00a0 no qual condena &#8220;o ataque terrorista em Nice, ocorrido em 14 de Julho de 2016, ato abomin\u00e1vel que fez <strong>84 mortos e mais de 100 feridos<\/strong>, incluindo dois cidad\u00e3os romenos. Expressa, deste modo, sua rejei\u00e7\u00e3o\u00a0a todas as formas de viol\u00eancia e extremismo que causam baixas nas fileiras da popula\u00e7\u00e3o inocente e que contribuem para a um clima de instabilidade, medo, desconfian\u00e7a e inseguran\u00e7a entre as pessoas. Neste momento dif\u00edcil, oramos pelo repouso das almas dos mortos, pelos feridos, para que tenham uma r\u00e1pida e boa recupera\u00e7\u00e3o, e expressamos nossa simpatia e solidariedade para com o povo franc\u00eas, duramente atingido mais uma vez&#8221;, diz o comunicado.<\/p>\n<p style=\"text-align: justify;\">Tamb\u00e9m o <strong>bispo Nestor, de Korsun, do Patriarcado de Moscou<\/strong>, em nome de todos os seus fi\u00e9is na Fran\u00e7a e em seu nome pessoal, enviou um comunicado apresentando\u00a0suas condol\u00eancias mais profundas, no qual expressa\u00a0que &#8220;uma dor indiz\u00edvel, amargura, \u00e9 o que nossos cora\u00e7\u00f5es sentem ap\u00f3s esta trag\u00e9dia que custou a vida de quase uma centena de pessoas e feriu a muitos neste 14 de julho na capital da Riviera Francesa. Nesta cidade agrad\u00e1vel, onde reinava a calma e a serenidade, a alegria e a paz, cidade de tantos povos e culturas diversas, espa\u00e7o onde o \u00f3dio n\u00e3o tinha lugar, o mal se manifesta derramando sangue de pessoas inocentes&#8221;. Conclui dizendo que &#8220;h\u00e1 entre as v\u00edtimas alguns compatriotas e amigos dos paroquianos da Catedral de S\u00e3o Nicolas, entre eles, Igor Cheleshko, sacrist\u00e3o da catedral e assistente do reitor. Oramos pelas almas das v\u00edtimas inocentes que ca\u00edram nas m\u00e3os de um terrorismo cego e implac\u00e1vel e para que todos os que sofrem encontrem o consolo que vem do\u00a0Senhor.<\/p>\n<p style=\"text-align: justify;\"><a href=\"https:\/\/news.ecclesia.org.br\/2013\/wp-content\/uploads\/2016\/07\/patriarca-irineu-servia.jpg\"><img decoding=\"async\" class=\"alignleft size-thumbnail wp-image-21521\" src=\"https:\/\/news.ecclesia.org.br\/2013\/wp-content\/uploads\/2016\/07\/patriarca-irineu-servia-150x150.jpg\" alt=\"patriarca-irineu-servia\" width=\"150\" height=\"150\" \/><\/a>O <strong>Patriarca Irineu da S\u00e9rvia<\/strong> enviou mensagem ao Presidente da Fran\u00e7a em nome da Igreja Ortodoxa S\u00e9rvia na\u00a0qual expressa, em seu pr\u00f3prio nome e em nome de toda a Igreja, &#8220;as mais profundas condol\u00eancias&#8221; pela\u00a0trag\u00e9dia ocorrida em\u00a0Nice na noite da celebra\u00e7\u00e3o do dia nacional da Fran\u00e7a e na qual foram cruelmente mortas e feridas cerca de duas centenas de pessoas. A\u00a0mensagem dirige-se tamb\u00e9m ao povo franc\u00eas, neste momento dif\u00edcil pelo qual passa, assegurando as ora\u00e7\u00f5es da Igreja da S\u00e9rvia que suplica\u00a0a Deus pelo\u00a0descanso das almas de todos os\u00a0que morreram tragicamente, consolo aos\u00a0familiares e\u00a0parentes na sua dor, recupera\u00e7\u00e3o r\u00e1pida aos feridos e, ao povo franc\u00eas, a for\u00e7a do alto que ajuda a\u00a0superar\u00a0as\u00a0dificuldades de mais esta trag\u00e9dia.<\/p>\n<p style=\"text-align: right;\">Fonte: \u00a0com informa\u00e7\u00f5es de\u00a0<a href=\"http:\/\/orthodoxie.com\/\" target=\"_blank\" rel=\"noopener\">Orthodoxie.com<\/a><\/p>\n","protected":false},"excerpt":{"rendered":"<p>15 de julho de 2016 &#8212; A Assembl\u00e9ia de Bispos Ortodoxos da Fran\u00e7a emitiu hoje uma declara\u00e7\u00e3o sobre o que denomina uma &#8220;barb\u00e1rie inomin\u00e1vel que, mais uma vez, atingiu a Fran\u00e7a, na cidade de Nice&#8221;. Os bispos da Assembl\u00e9ia de&#8230;<\/p>\n","protected":false},"author":1,"featured_media":24813,"comment_status":"open","ping_status":"open","sticky":false,"template":"","format":"standard","meta":{"_acf_changed":false,"footnotes":""},"categories":[3,1],"tags":[],"class_list":["post-21509","post","type-post","status-publish","format-standard","has-post-thumbnail","hentry","category-mundo","category-news","entry","rows-excerpt"],"acf":[],"yoast_head":"<!-- This site is optimized with the Yoast SEO plugin v27.5 - https:\/\/yoast.com\/product\/yoast-seo-wordpress\/ -->\n<title>A Igreja Ortodoxa condena veementemente o ataque terrorista em Nice, Fran\u00e7a | ECCLESIA NEWS<\/title>\n<meta name=\"robots\" content=\"index, follow, max-snippet:-1, max-image-preview:large, max-video-preview:-1\" \/>\n<link rel=\"canonical\" href=\"https:\/\/news.ecclesia.org.br\/?p=21509\" \/>\n<meta property=\"og:locale\" content=\"pt_BR\" \/>\n<meta property=\"og:type\" content=\"article\" \/>\n<meta property=\"og:title\" content=\"A Igreja Ortodoxa condena veementemente o ataque terrorista em Nice, Fran\u00e7a | ECCLESIA NEWS\" \/>\n<meta property=\"og:description\" content=\"15 de julho de 2016 &#8212; A Assembl\u00e9ia de Bispos Ortodoxos da Fran\u00e7a emitiu hoje uma declara\u00e7\u00e3o sobre o que denomina uma &#8220;barb\u00e1rie inomin\u00e1vel que, mais uma vez, atingiu a Fran\u00e7a, na cidade de Nice&#8221;. Os bispos da Assembl\u00e9ia de&#8230;\" \/>\n<meta property=\"og:url\" content=\"https:\/\/news.ecclesia.org.br\/?p=21509\" \/>\n<meta property=\"og:site_name\" content=\"ECCLESIA NEWS\" \/>\n<meta property=\"article:publisher\" content=\"https:\/\/www.facebook.com\/Ecclesia2025\" \/>\n<meta property=\"article:published_time\" content=\"2016-07-15T19:46:33+00:00\" \/>\n<meta property=\"article:modified_time\" content=\"2018-01-18T22:58:28+00:00\" \/>\n<meta property=\"og:image\" content=\"https:\/\/news.ecclesia.org.br\/wp-content\/uploads\/2016\/07\/terror-franca-nice.jpg\" \/>\n\t<meta property=\"og:image:width\" content=\"992\" \/>\n\t<meta property=\"og:image:height\" content=\"744\" \/>\n\t<meta property=\"og:image:type\" content=\"image\/jpeg\" \/>\n<meta name=\"author\" content=\"Pe. Andr\u00e9\" \/>\n<meta name=\"twitter:card\" content=\"summary_large_image\" \/>\n<meta name=\"twitter:creator\" content=\"@EcclesiaNews\" \/>\n<meta name=\"twitter:site\" content=\"@EcclesiaNews\" \/>\n<meta name=\"twitter:label1\" content=\"Escrito por\" \/>\n\t<meta name=\"twitter:data1\" content=\"Pe. Andr\u00e9\" \/>\n\t<meta name=\"twitter:label2\" content=\"Est. tempo de leitura\" \/>\n\t<meta name=\"twitter:data2\" content=\"3 minutos\" \/>\n<script type=\"application\/ld+json\" class=\"yoast-schema-graph\">{\"@context\":\"https:\\\/\\\/schema.org\",\"@graph\":[{\"@type\":\"Article\",\"@id\":\"https:\\\/\\\/news.ecclesia.org.br\\\/?p=21509#article\",\"isPartOf\":{\"@id\":\"https:\\\/\\\/news.ecclesia.org.br\\\/?p=21509\"},\"author\":{\"name\":\"Pe. Andr\u00e9\",\"@id\":\"https:\\\/\\\/news.ecclesia.org.br\\\/#\\\/schema\\\/person\\\/6f09597f025829745ba414a569f63758\"},\"headline\":\"A Igreja Ortodoxa condena veementemente o ataque terrorista em Nice, Fran\u00e7a\",\"datePublished\":\"2016-07-15T19:46:33+00:00\",\"dateModified\":\"2018-01-18T22:58:28+00:00\",\"mainEntityOfPage\":{\"@id\":\"https:\\\/\\\/news.ecclesia.org.br\\\/?p=21509\"},\"wordCount\":599,\"commentCount\":0,\"publisher\":{\"@id\":\"https:\\\/\\\/news.ecclesia.org.br\\\/#organization\"},\"image\":{\"@id\":\"https:\\\/\\\/news.ecclesia.org.br\\\/?p=21509#primaryimage\"},\"thumbnailUrl\":\"https:\\\/\\\/news.ecclesia.org.br\\\/wp-content\\\/uploads\\\/2016\\\/07\\\/terror-franca-nice.jpg\",\"articleSection\":[\"Mundo Ortodoxo\",\"NEWS\"],\"inLanguage\":\"pt-BR\",\"potentialAction\":[{\"@type\":\"CommentAction\",\"name\":\"Comment\",\"target\":[\"https:\\\/\\\/news.ecclesia.org.br\\\/?p=21509#respond\"]}]},{\"@type\":\"WebPage\",\"@id\":\"https:\\\/\\\/news.ecclesia.org.br\\\/?p=21509\",\"url\":\"https:\\\/\\\/news.ecclesia.org.br\\\/?p=21509\",\"name\":\"A Igreja Ortodoxa condena veementemente o ataque terrorista em Nice, Fran\u00e7a | ECCLESIA NEWS\",\"isPartOf\":{\"@id\":\"https:\\\/\\\/news.ecclesia.org.br\\\/#website\"},\"primaryImageOfPage\":{\"@id\":\"https:\\\/\\\/news.ecclesia.org.br\\\/?p=21509#primaryimage\"},\"image\":{\"@id\":\"https:\\\/\\\/news.ecclesia.org.br\\\/?p=21509#primaryimage\"},\"thumbnailUrl\":\"https:\\\/\\\/news.ecclesia.org.br\\\/wp-content\\\/uploads\\\/2016\\\/07\\\/terror-franca-nice.jpg\",\"datePublished\":\"2016-07-15T19:46:33+00:00\",\"dateModified\":\"2018-01-18T22:58:28+00:00\",\"breadcrumb\":{\"@id\":\"https:\\\/\\\/news.ecclesia.org.br\\\/?p=21509#breadcrumb\"},\"inLanguage\":\"pt-BR\",\"potentialAction\":[{\"@type\":\"ReadAction\",\"target\":[\"https:\\\/\\\/news.ecclesia.org.br\\\/?p=21509\"]}]},{\"@type\":\"ImageObject\",\"inLanguage\":\"pt-BR\",\"@id\":\"https:\\\/\\\/news.ecclesia.org.br\\\/?p=21509#primaryimage\",\"url\":\"https:\\\/\\\/news.ecclesia.org.br\\\/wp-content\\\/uploads\\\/2016\\\/07\\\/terror-franca-nice.jpg\",\"contentUrl\":\"https:\\\/\\\/news.ecclesia.org.br\\\/wp-content\\\/uploads\\\/2016\\\/07\\\/terror-franca-nice.jpg\",\"width\":992,\"height\":744},{\"@type\":\"BreadcrumbList\",\"@id\":\"https:\\\/\\\/news.ecclesia.org.br\\\/?p=21509#breadcrumb\",\"itemListElement\":[{\"@type\":\"ListItem\",\"position\":1,\"name\":\"In\u00edcio\",\"item\":\"https:\\\/\\\/news.ecclesia.org.br\\\/\"},{\"@type\":\"ListItem\",\"position\":2,\"name\":\"A Igreja Ortodoxa condena veementemente o ataque terrorista em Nice, Fran\u00e7a\"}]},{\"@type\":\"WebSite\",\"@id\":\"https:\\\/\\\/news.ecclesia.org.br\\\/#website\",\"url\":\"https:\\\/\\\/news.ecclesia.org.br\\\/\",\"name\":\"Ecclesia Brasil\",\"description\":\"Desde 2003 onectando o Brasil ao mundo ortodoxo!\",\"publisher\":{\"@id\":\"https:\\\/\\\/news.ecclesia.org.br\\\/#organization\"},\"alternateName\":\"Ecclesia\",\"potentialAction\":[{\"@type\":\"SearchAction\",\"target\":{\"@type\":\"EntryPoint\",\"urlTemplate\":\"https:\\\/\\\/news.ecclesia.org.br\\\/?s={search_term_string}\"},\"query-input\":{\"@type\":\"PropertyValueSpecification\",\"valueRequired\":true,\"valueName\":\"search_term_string\"}}],\"inLanguage\":\"pt-BR\"},{\"@type\":\"Organization\",\"@id\":\"https:\\\/\\\/news.ecclesia.org.br\\\/#organization\",\"name\":\"Sacra Arquidiocese de Buenos Aires e Am\u00e9rica do Sul | Patriarcado Ecum\u00eanico\",\"alternateName\":\"News Ecclesia Brasil\",\"url\":\"https:\\\/\\\/news.ecclesia.org.br\\\/\",\"logo\":{\"@type\":\"ImageObject\",\"inLanguage\":\"pt-BR\",\"@id\":\"https:\\\/\\\/news.ecclesia.org.br\\\/#\\\/schema\\\/logo\\\/image\\\/\",\"url\":\"https:\\\/\\\/news.ecclesia.org.br\\\/wp-content\\\/uploads\\\/2025\\\/05\\\/ecclesia2.png\",\"contentUrl\":\"https:\\\/\\\/news.ecclesia.org.br\\\/wp-content\\\/uploads\\\/2025\\\/05\\\/ecclesia2.png\",\"width\":480,\"height\":120,\"caption\":\"Sacra Arquidiocese de Buenos Aires e Am\u00e9rica do Sul | Patriarcado Ecum\u00eanico\"},\"image\":{\"@id\":\"https:\\\/\\\/news.ecclesia.org.br\\\/#\\\/schema\\\/logo\\\/image\\\/\"},\"sameAs\":[\"https:\\\/\\\/www.facebook.com\\\/Ecclesia2025\",\"https:\\\/\\\/x.com\\\/EcclesiaNews\",\"https:\\\/\\\/br.pinterest.com\\\/ekklisia\\\/\",\"https:\\\/\\\/www.youtube.com\\\/@EcclesiaBrasil\"]},{\"@type\":\"Person\",\"@id\":\"https:\\\/\\\/news.ecclesia.org.br\\\/#\\\/schema\\\/person\\\/6f09597f025829745ba414a569f63758\",\"name\":\"Pe. Andr\u00e9\",\"image\":{\"@type\":\"ImageObject\",\"inLanguage\":\"pt-BR\",\"@id\":\"https:\\\/\\\/secure.gravatar.com\\\/avatar\\\/b4327cfa27e9799da239a26adcd534fc29cdc0c4a4a148eecbcfeb9b42c617ac?s=96&d=mm&r=g\",\"url\":\"https:\\\/\\\/secure.gravatar.com\\\/avatar\\\/b4327cfa27e9799da239a26adcd534fc29cdc0c4a4a148eecbcfeb9b42c617ac?s=96&d=mm&r=g\",\"contentUrl\":\"https:\\\/\\\/secure.gravatar.com\\\/avatar\\\/b4327cfa27e9799da239a26adcd534fc29cdc0c4a4a148eecbcfeb9b42c617ac?s=96&d=mm&r=g\",\"caption\":\"Pe. Andr\u00e9\"},\"sameAs\":[\"https:\\\/\\\/www.ecclesia.org.br\"]}]}<\/script>\n<!-- \/ Yoast SEO plugin. -->","yoast_head_json":{"title":"A Igreja Ortodoxa condena veementemente o ataque terrorista em Nice, Fran\u00e7a | ECCLESIA NEWS","robots":{"index":"index","follow":"follow","max-snippet":"max-snippet:-1","max-image-preview":"max-image-preview:large","max-video-preview":"max-video-preview:-1"},"canonical":"https:\/\/news.ecclesia.org.br\/?p=21509","og_locale":"pt_BR","og_type":"article","og_title":"A Igreja Ortodoxa condena veementemente o ataque terrorista em Nice, Fran\u00e7a | ECCLESIA NEWS","og_description":"15 de julho de 2016 &#8212; A Assembl\u00e9ia de Bispos Ortodoxos da Fran\u00e7a emitiu hoje uma declara\u00e7\u00e3o sobre o que denomina uma &#8220;barb\u00e1rie inomin\u00e1vel que, mais uma vez, atingiu a Fran\u00e7a, na cidade de Nice&#8221;. Os bispos da Assembl\u00e9ia de&#8230;","og_url":"https:\/\/news.ecclesia.org.br\/?p=21509","og_site_name":"ECCLESIA NEWS","article_publisher":"https:\/\/www.facebook.com\/Ecclesia2025","article_published_time":"2016-07-15T19:46:33+00:00","article_modified_time":"2018-01-18T22:58:28+00:00","og_image":[{"width":992,"height":744,"url":"https:\/\/news.ecclesia.org.br\/wp-content\/uploads\/2016\/07\/terror-franca-nice.jpg","type":"image\/jpeg"}],"author":"Pe. Andr\u00e9","twitter_card":"summary_large_image","twitter_creator":"@EcclesiaNews","twitter_site":"@EcclesiaNews","twitter_misc":{"Escrito por":"Pe. Andr\u00e9","Est. tempo de leitura":"3 minutos"},"schema":{"@context":"https:\/\/schema.org","@graph":[{"@type":"Article","@id":"https:\/\/news.ecclesia.org.br\/?p=21509#article","isPartOf":{"@id":"https:\/\/news.ecclesia.org.br\/?p=21509"},"author":{"name":"Pe. Andr\u00e9","@id":"https:\/\/news.ecclesia.org.br\/#\/schema\/person\/6f09597f025829745ba414a569f63758"},"headline":"A Igreja Ortodoxa condena veementemente o ataque terrorista em Nice, Fran\u00e7a","datePublished":"2016-07-15T19:46:33+00:00","dateModified":"2018-01-18T22:58:28+00:00","mainEntityOfPage":{"@id":"https:\/\/news.ecclesia.org.br\/?p=21509"},"wordCount":599,"commentCount":0,"publisher":{"@id":"https:\/\/news.ecclesia.org.br\/#organization"},"image":{"@id":"https:\/\/news.ecclesia.org.br\/?p=21509#primaryimage"},"thumbnailUrl":"https:\/\/news.ecclesia.org.br\/wp-content\/uploads\/2016\/07\/terror-franca-nice.jpg","articleSection":["Mundo Ortodoxo","NEWS"],"inLanguage":"pt-BR","potentialAction":[{"@type":"CommentAction","name":"Comment","target":["https:\/\/news.ecclesia.org.br\/?p=21509#respond"]}]},{"@type":"WebPage","@id":"https:\/\/news.ecclesia.org.br\/?p=21509","url":"https:\/\/news.ecclesia.org.br\/?p=21509","name":"A Igreja Ortodoxa condena veementemente o ataque terrorista em Nice, Fran\u00e7a | ECCLESIA NEWS","isPartOf":{"@id":"https:\/\/news.ecclesia.org.br\/#website"},"primaryImageOfPage":{"@id":"https:\/\/news.ecclesia.org.br\/?p=21509#primaryimage"},"image":{"@id":"https:\/\/news.ecclesia.org.br\/?p=21509#primaryimage"},"thumbnailUrl":"https:\/\/news.ecclesia.org.br\/wp-content\/uploads\/2016\/07\/terror-franca-nice.jpg","datePublished":"2016-07-15T19:46:33+00:00","dateModified":"2018-01-18T22:58:28+00:00","breadcrumb":{"@id":"https:\/\/news.ecclesia.org.br\/?p=21509#breadcrumb"},"inLanguage":"pt-BR","potentialAction":[{"@type":"ReadAction","target":["https:\/\/news.ecclesia.org.br\/?p=21509"]}]},{"@type":"ImageObject","inLanguage":"pt-BR","@id":"https:\/\/news.ecclesia.org.br\/?p=21509#primaryimage","url":"https:\/\/news.ecclesia.org.br\/wp-content\/uploads\/2016\/07\/terror-franca-nice.jpg","contentUrl":"https:\/\/news.ecclesia.org.br\/wp-content\/uploads\/2016\/07\/terror-franca-nice.jpg","width":992,"height":744},{"@type":"BreadcrumbList","@id":"https:\/\/news.ecclesia.org.br\/?p=21509#breadcrumb","itemListElement":[{"@type":"ListItem","position":1,"name":"In\u00edcio","item":"https:\/\/news.ecclesia.org.br\/"},{"@type":"ListItem","position":2,"name":"A Igreja Ortodoxa condena veementemente o ataque terrorista em Nice, Fran\u00e7a"}]},{"@type":"WebSite","@id":"https:\/\/news.ecclesia.org.br\/#website","url":"https:\/\/news.ecclesia.org.br\/","name":"Ecclesia Brasil","description":"Desde 2003 onectando o Brasil ao mundo ortodoxo!","publisher":{"@id":"https:\/\/news.ecclesia.org.br\/#organization"},"alternateName":"Ecclesia","potentialAction":[{"@type":"SearchAction","target":{"@type":"EntryPoint","urlTemplate":"https:\/\/news.ecclesia.org.br\/?s={search_term_string}"},"query-input":{"@type":"PropertyValueSpecification","valueRequired":true,"valueName":"search_term_string"}}],"inLanguage":"pt-BR"},{"@type":"Organization","@id":"https:\/\/news.ecclesia.org.br\/#organization","name":"Sacra Arquidiocese de Buenos Aires e Am\u00e9rica do Sul | Patriarcado Ecum\u00eanico","alternateName":"News Ecclesia Brasil","url":"https:\/\/news.ecclesia.org.br\/","logo":{"@type":"ImageObject","inLanguage":"pt-BR","@id":"https:\/\/news.ecclesia.org.br\/#\/schema\/logo\/image\/","url":"https:\/\/news.ecclesia.org.br\/wp-content\/uploads\/2025\/05\/ecclesia2.png","contentUrl":"https:\/\/news.ecclesia.org.br\/wp-content\/uploads\/2025\/05\/ecclesia2.png","width":480,"height":120,"caption":"Sacra Arquidiocese de Buenos Aires e Am\u00e9rica do Sul | Patriarcado Ecum\u00eanico"},"image":{"@id":"https:\/\/news.ecclesia.org.br\/#\/schema\/logo\/image\/"},"sameAs":["https:\/\/www.facebook.com\/Ecclesia2025","https:\/\/x.com\/EcclesiaNews","https:\/\/br.pinterest.com\/ekklisia\/","https:\/\/www.youtube.com\/@EcclesiaBrasil"]},{"@type":"Person","@id":"https:\/\/news.ecclesia.org.br\/#\/schema\/person\/6f09597f025829745ba414a569f63758","name":"Pe. Andr\u00e9","image":{"@type":"ImageObject","inLanguage":"pt-BR","@id":"https:\/\/secure.gravatar.com\/avatar\/b4327cfa27e9799da239a26adcd534fc29cdc0c4a4a148eecbcfeb9b42c617ac?s=96&d=mm&r=g","url":"https:\/\/secure.gravatar.com\/avatar\/b4327cfa27e9799da239a26adcd534fc29cdc0c4a4a148eecbcfeb9b42c617ac?s=96&d=mm&r=g","contentUrl":"https:\/\/secure.gravatar.com\/avatar\/b4327cfa27e9799da239a26adcd534fc29cdc0c4a4a148eecbcfeb9b42c617ac?s=96&d=mm&r=g","caption":"Pe. Andr\u00e9"},"sameAs":["https:\/\/www.ecclesia.org.br"]}]}},"_links":{"self":[{"href":"https:\/\/news.ecclesia.org.br\/index.php?rest_route=\/wp\/v2\/posts\/21509","targetHints":{"allow":["GET"]}}],"collection":[{"href":"https:\/\/news.ecclesia.org.br\/index.php?rest_route=\/wp\/v2\/posts"}],"about":[{"href":"https:\/\/news.ecclesia.org.br\/index.php?rest_route=\/wp\/v2\/types\/post"}],"author":[{"embeddable":true,"href":"https:\/\/news.ecclesia.org.br\/index.php?rest_route=\/wp\/v2\/users\/1"}],"replies":[{"embeddable":true,"href":"https:\/\/news.ecclesia.org.br\/index.php?rest_route=%2Fwp%2Fv2%2Fcomments&post=21509"}],"version-history":[{"count":0,"href":"https:\/\/news.ecclesia.org.br\/index.php?rest_route=\/wp\/v2\/posts\/21509\/revisions"}],"wp:featuredmedia":[{"embeddable":true,"href":"https:\/\/news.ecclesia.org.br\/index.php?rest_route=\/wp\/v2\/media\/24813"}],"wp:attachment":[{"href":"https:\/\/news.ecclesia.org.br\/index.php?rest_route=%2Fwp%2Fv2%2Fmedia&parent=21509"}],"wp:term":[{"taxonomy":"category","embeddable":true,"href":"https:\/\/news.ecclesia.org.br\/index.php?rest_route=%2Fwp%2Fv2%2Fcategories&post=21509"},{"taxonomy":"post_tag","embeddable":true,"href":"https:\/\/news.ecclesia.org.br\/index.php?rest_route=%2Fwp%2Fv2%2Ftags&post=21509"}],"curies":[{"name":"wp","href":"https:\/\/api.w.org\/{rel}","templated":true}]}}