{"id":21503,"date":"2016-07-15T00:23:55","date_gmt":"2016-07-15T00:23:55","guid":{"rendered":"https:\/\/news.ecclesia.org.br\/2013\/?p=21503"},"modified":"2016-07-15T15:32:58","modified_gmt":"2016-07-15T15:32:58","slug":"comissao-catolico-ortodoxa-faz-releitura-da-vida-do-beato-stepinac","status":"publish","type":"post","link":"https:\/\/news.ecclesia.org.br\/?p=21503","title":{"rendered":"Comiss\u00e3o cat\u00f3lico-ortodoxa faz releitura da vida do Beato Stepinac"},"content":{"rendered":"<figure id=\"attachment_21507\" aria-describedby=\"caption-attachment-21507\" style=\"width: 300px\" class=\"wp-caption alignleft\"><a href=\"https:\/\/news.ecclesia.org.br\/2013\/wp-content\/uploads\/2016\/07\/Cardeal-Alojzije-Stepinac-1.jpg\"><img decoding=\"async\" class=\"size-medium wp-image-21507\" src=\"https:\/\/news.ecclesia.org.br\/2013\/wp-content\/uploads\/2016\/07\/Cardeal-Alojzije-Stepinac-1-300x150.jpg\" alt=\"Cardeal Alojzije Stepinac\" width=\"300\" height=\"150\" srcset=\"https:\/\/news.ecclesia.org.br\/wp-content\/uploads\/2016\/07\/Cardeal-Alojzije-Stepinac-1-300x150.jpg 300w, https:\/\/news.ecclesia.org.br\/wp-content\/uploads\/2016\/07\/Cardeal-Alojzije-Stepinac-1-600x300.jpg 600w, https:\/\/news.ecclesia.org.br\/wp-content\/uploads\/2016\/07\/Cardeal-Alojzije-Stepinac-1-110x55.jpg 110w, https:\/\/news.ecclesia.org.br\/wp-content\/uploads\/2016\/07\/Cardeal-Alojzije-Stepinac-1.jpg 660w\" sizes=\"(max-width: 300px) 100vw, 300px\" \/><\/a><figcaption id=\"caption-attachment-21507\" class=\"wp-caption-text\">Cardeal Alojzije Stepinac<\/figcaption><\/figure>\n<p style=\"text-align: justify;\">13\/07\/2016 &#8212; \u00a0Cidade do Vaticano (<a href=\"http:\/\/br.radiovaticana.va\/\" target=\"_blank\">RV<\/a>) \u2013 Realizou-se no Vaticano nesta ter\u00e7a e quarta-feira a primeira reuni\u00e3o da Comiss\u00e3o mista de especialistas croatas e s\u00e9rvios, \u201cencarregada de fazer uma releitura em comum da vida do Beato Cardeal Alojzije Stepinac, antes, durante e ap\u00f3s a II Guerra Mundial\u201d.<\/p>\n<p style=\"text-align: justify;\">\u00c9 o que informa um comunicado que explica como tal Comiss\u00e3o tenha sido \u201ccriada por iniciativa do Santo Padre, ap\u00f3s v\u00e1rios encontros e consultas entre representantes da Santa S\u00e9, da Igreja Ortodoxa da S\u00e9rvia e da Confer\u00eancia Episcopal croata para responder \u00e0 necessidade de esclarecer algumas quest\u00f5es da hist\u00f3ria\u201d.<\/p>\n<h3 style=\"text-align: justify;\">Trabalho hist\u00f3rico-cient\u00edfico n\u00e3o interfere no processo de canoniza\u00e7\u00e3o<\/h3>\n<p style=\"text-align: justify;\">O Cardeal Stepinac, Arcebispo de Zagabria a partir de 1937, viveu inicialmente o per\u00edodo da II Guerra Mundial e depois, em 1946, sob o regime comunista de Tito, foi preso, processado e condenado. Morreu em pris\u00e3o domiciliar em 1960. A Igreja Cat\u00f3lica sempre se empenhou em reconhecer no Cardeal Stepinac o perfil de um pastor santo. Foi beatificado por Jo\u00e3o Paulo II em 1998. A not\u00edcia da beatifica\u00e7\u00e3o, por\u00e9m, foi acolhida com alguma perplexidade e oposi\u00e7\u00e3o no mundo s\u00e9rvio.<\/p>\n<p style=\"text-align: justify;\">\u201cA Comiss\u00e3o &#8211; presidida pelo Padre Bernard Ardura, Presidente do Pontif\u00edcio Comit\u00ea de Ci\u00eancias Hist\u00f3rica \u2013 foi encarregada de desenvolver um trabalho cient\u00edfico, seguindo a metodologia das ci\u00eancias hist\u00f3ricas, baseada na documenta\u00e7\u00e3o dispon\u00edvel e na sua contextualiza\u00e7\u00e3o\u201d.<\/p>\n<p style=\"text-align: justify;\">O comunicado explica que esta n\u00e3o interferir\u00e1 no processo de canoniza\u00e7\u00e3o do Beatro Cardeal Alojzije Stepinac, \u201cque \u00e9 de estreita compet\u00eancia da Santa S\u00e9\u201d. Prev\u00ea-se, outrossim, uma s\u00e9rie de encontros que dever\u00e3o concluir-se no arco de 12 meses. A pr\u00f3xima reuni\u00e3o ter\u00e1 lugar em Zagabria nos dias 17 e 18 de outubro.<\/p>\n<h3 style=\"text-align: justify;\">Alguns testemunhos<\/h3>\n<p style=\"text-align: justify;\">Durante a sua vida, o Cardeal Stepinac se ocupava em salvar vidas, como testemunha, entre outros, um documento divulgado internamente na Igreja. No texto, l\u00ea-se que o purpurado convidava os sacerdotes a acolher, sem pedir-lhes nenhuma particular instru\u00e7\u00e3o religiosa, as pessoas de religi\u00e3o hebraica ou de confiss\u00e3o ortodoxa em perigo de morte e intencionadas a converterem-se ao catolicismo, para salvar sua vida.<\/p>\n<p style=\"text-align: justify;\">\u201cO compromisso e o dever do crist\u00e3o \u00e9 em primeiro lugar o de salvar a vida dos homens. Quando tiver passado este tempo de loucura \u2013 escrevia \u2013 permanecer\u00e3o na nossa Igreja aqueles que tiverem se convertido por convic\u00e7\u00e3o, enquanto os outros, passado o perigo, retornar\u00e3o \u00e0 sua f\u00e9\u201d.<\/p>\n<h3 style=\"text-align: justify;\">Stepinac no pensamento dos Papas Francisco e Bento XVI<\/h3>\n<p style=\"text-align: justify;\">Em 7 de abril passado, no col\u00f3quio com o Papa Francisco, o Premier croata Tihomir Ore\u0161kovi\u0107 deteve-se sobre a import\u00e2ncia da figura do Beato Stepinac para os fieis croatas. O purpurado foi uma figura cara tamb\u00e9m para Bento XVI. Em 2011, por ocasi\u00e3o de uma viagem \u00e0 Cro\u00e1cia, Ratzinger falou do papel do Cardeal Stepinac na luta contra todo e qualquer totalitarismo: \u201cSoube resistir \u2013 afirmou \u2013 a todo totalitarismo, tornando-se no tempo da ditadura nazista e fascista defensor dos judeus, dos ortodoxos e de todos os perseguidos, e depois, no per\u00edodo do comunismo, \u201cadvogado\u201d de seus fi\u00e9is, especialmente dos tantos sacerdotes perseguidos e mortos\u201d.<\/p>\n<h3 style=\"text-align: justify;\">Beatificado por Jo\u00e3o Paulo II<\/h3>\n<p style=\"text-align: justify;\">Quando o beatificou em 1998, Jo\u00e3o Paulo II explicou que o beato Stepinac n\u00e3o derramou sangue no sentido estreito da palavra. \u201cA sua morte foi provocada pelos longos sofrimentos: os \u00faltimos 15 anos da sua vida foram um cont\u00ednuo suceder de persegui\u00e7\u00f5es, em meio \u00e0s quais exp\u00f4s com coragem a pr\u00f3pria vida para testemunhar o Evangelho e a unidade da Igreja\u201d.<\/p>\n<p style=\"text-align: justify;\">Jo\u00e3o Paulo II sublinhou, al\u00e9m disto, como na pessoa do novo Beato sintetiza-se, por assim dizer, \u201ctoda a trag\u00e9dia que se abateu sobre as popula\u00e7\u00f5es croatas e da Europa durante este s\u00e9culo marcado pelos tr\u00eas grandes males do fascismo, do nazismo e do comunismo\u201d. (JE\/DD)<\/p>\n","protected":false},"excerpt":{"rendered":"<p>13\/07\/2016 &#8212; \u00a0Cidade do Vaticano (RV) \u2013 Realizou-se no Vaticano nesta ter\u00e7a e quarta-feira a primeira reuni\u00e3o da Comiss\u00e3o mista de especialistas croatas e s\u00e9rvios, \u201cencarregada de fazer uma releitura em comum da vida do Beato Cardeal Alojzije Stepinac, antes,&#8230;<\/p>\n","protected":false},"author":1,"featured_media":21507,"comment_status":"open","ping_status":"open","sticky":false,"template":"","format":"standard","meta":{"_acf_changed":false,"footnotes":""},"categories":[1],"tags":[],"class_list":["post-21503","post","type-post","status-publish","format-standard","has-post-thumbnail","hentry","category-news","entry","rows-excerpt"],"acf":[],"yoast_head":"<!-- This site is optimized with the Yoast SEO plugin v27.5 - https:\/\/yoast.com\/product\/yoast-seo-wordpress\/ -->\n<title>Comiss\u00e3o cat\u00f3lico-ortodoxa faz releitura da vida do Beato Stepinac | ECCLESIA NEWS<\/title>\n<meta name=\"robots\" content=\"index, follow, max-snippet:-1, max-image-preview:large, max-video-preview:-1\" \/>\n<link rel=\"canonical\" href=\"https:\/\/news.ecclesia.org.br\/?p=21503\" \/>\n<meta property=\"og:locale\" content=\"pt_BR\" \/>\n<meta property=\"og:type\" content=\"article\" \/>\n<meta property=\"og:title\" content=\"Comiss\u00e3o cat\u00f3lico-ortodoxa faz releitura da vida do Beato Stepinac | ECCLESIA NEWS\" \/>\n<meta property=\"og:description\" content=\"13\/07\/2016 &#8212; \u00a0Cidade do Vaticano (RV) \u2013 Realizou-se no Vaticano nesta ter\u00e7a e quarta-feira a primeira reuni\u00e3o da Comiss\u00e3o mista de especialistas croatas e s\u00e9rvios, \u201cencarregada de fazer uma releitura em comum da vida do Beato Cardeal Alojzije Stepinac, antes,&#8230;\" \/>\n<meta property=\"og:url\" content=\"https:\/\/news.ecclesia.org.br\/?p=21503\" \/>\n<meta property=\"og:site_name\" content=\"ECCLESIA NEWS\" \/>\n<meta property=\"article:publisher\" content=\"https:\/\/www.facebook.com\/Ecclesia2025\" \/>\n<meta property=\"article:published_time\" content=\"2016-07-15T00:23:55+00:00\" \/>\n<meta property=\"article:modified_time\" content=\"2016-07-15T15:32:58+00:00\" \/>\n<meta property=\"og:image\" content=\"https:\/\/news.ecclesia.org.br\/wp-content\/uploads\/2016\/07\/Cardeal-Alojzije-Stepinac-1.jpg\" \/>\n\t<meta property=\"og:image:width\" content=\"660\" \/>\n\t<meta property=\"og:image:height\" content=\"330\" \/>\n\t<meta property=\"og:image:type\" content=\"image\/jpeg\" \/>\n<meta name=\"author\" content=\"Pe. Andr\u00e9\" \/>\n<meta name=\"twitter:card\" content=\"summary_large_image\" \/>\n<meta name=\"twitter:creator\" content=\"@EcclesiaNews\" \/>\n<meta name=\"twitter:site\" content=\"@EcclesiaNews\" \/>\n<meta name=\"twitter:label1\" content=\"Escrito por\" \/>\n\t<meta name=\"twitter:data1\" content=\"Pe. Andr\u00e9\" \/>\n\t<meta name=\"twitter:label2\" content=\"Est. tempo de leitura\" \/>\n\t<meta name=\"twitter:data2\" content=\"3 minutos\" \/>\n<script type=\"application\/ld+json\" class=\"yoast-schema-graph\">{\"@context\":\"https:\\\/\\\/schema.org\",\"@graph\":[{\"@type\":\"Article\",\"@id\":\"https:\\\/\\\/news.ecclesia.org.br\\\/?p=21503#article\",\"isPartOf\":{\"@id\":\"https:\\\/\\\/news.ecclesia.org.br\\\/?p=21503\"},\"author\":{\"name\":\"Pe. Andr\u00e9\",\"@id\":\"https:\\\/\\\/news.ecclesia.org.br\\\/#\\\/schema\\\/person\\\/6f09597f025829745ba414a569f63758\"},\"headline\":\"Comiss\u00e3o cat\u00f3lico-ortodoxa faz releitura da vida do Beato Stepinac\",\"datePublished\":\"2016-07-15T00:23:55+00:00\",\"dateModified\":\"2016-07-15T15:32:58+00:00\",\"mainEntityOfPage\":{\"@id\":\"https:\\\/\\\/news.ecclesia.org.br\\\/?p=21503\"},\"wordCount\":680,\"commentCount\":0,\"publisher\":{\"@id\":\"https:\\\/\\\/news.ecclesia.org.br\\\/#organization\"},\"image\":{\"@id\":\"https:\\\/\\\/news.ecclesia.org.br\\\/?p=21503#primaryimage\"},\"thumbnailUrl\":\"https:\\\/\\\/news.ecclesia.org.br\\\/wp-content\\\/uploads\\\/2016\\\/07\\\/Cardeal-Alojzije-Stepinac-1.jpg\",\"articleSection\":[\"NEWS\"],\"inLanguage\":\"pt-BR\",\"potentialAction\":[{\"@type\":\"CommentAction\",\"name\":\"Comment\",\"target\":[\"https:\\\/\\\/news.ecclesia.org.br\\\/?p=21503#respond\"]}]},{\"@type\":\"WebPage\",\"@id\":\"https:\\\/\\\/news.ecclesia.org.br\\\/?p=21503\",\"url\":\"https:\\\/\\\/news.ecclesia.org.br\\\/?p=21503\",\"name\":\"Comiss\u00e3o cat\u00f3lico-ortodoxa faz releitura da vida do Beato Stepinac | ECCLESIA NEWS\",\"isPartOf\":{\"@id\":\"https:\\\/\\\/news.ecclesia.org.br\\\/#website\"},\"primaryImageOfPage\":{\"@id\":\"https:\\\/\\\/news.ecclesia.org.br\\\/?p=21503#primaryimage\"},\"image\":{\"@id\":\"https:\\\/\\\/news.ecclesia.org.br\\\/?p=21503#primaryimage\"},\"thumbnailUrl\":\"https:\\\/\\\/news.ecclesia.org.br\\\/wp-content\\\/uploads\\\/2016\\\/07\\\/Cardeal-Alojzije-Stepinac-1.jpg\",\"datePublished\":\"2016-07-15T00:23:55+00:00\",\"dateModified\":\"2016-07-15T15:32:58+00:00\",\"breadcrumb\":{\"@id\":\"https:\\\/\\\/news.ecclesia.org.br\\\/?p=21503#breadcrumb\"},\"inLanguage\":\"pt-BR\",\"potentialAction\":[{\"@type\":\"ReadAction\",\"target\":[\"https:\\\/\\\/news.ecclesia.org.br\\\/?p=21503\"]}]},{\"@type\":\"ImageObject\",\"inLanguage\":\"pt-BR\",\"@id\":\"https:\\\/\\\/news.ecclesia.org.br\\\/?p=21503#primaryimage\",\"url\":\"https:\\\/\\\/news.ecclesia.org.br\\\/wp-content\\\/uploads\\\/2016\\\/07\\\/Cardeal-Alojzije-Stepinac-1.jpg\",\"contentUrl\":\"https:\\\/\\\/news.ecclesia.org.br\\\/wp-content\\\/uploads\\\/2016\\\/07\\\/Cardeal-Alojzije-Stepinac-1.jpg\",\"width\":660,\"height\":330,\"caption\":\"Cardeal Alojzije Stepinac\"},{\"@type\":\"BreadcrumbList\",\"@id\":\"https:\\\/\\\/news.ecclesia.org.br\\\/?p=21503#breadcrumb\",\"itemListElement\":[{\"@type\":\"ListItem\",\"position\":1,\"name\":\"In\u00edcio\",\"item\":\"https:\\\/\\\/news.ecclesia.org.br\\\/\"},{\"@type\":\"ListItem\",\"position\":2,\"name\":\"Comiss\u00e3o cat\u00f3lico-ortodoxa faz releitura da vida do Beato Stepinac\"}]},{\"@type\":\"WebSite\",\"@id\":\"https:\\\/\\\/news.ecclesia.org.br\\\/#website\",\"url\":\"https:\\\/\\\/news.ecclesia.org.br\\\/\",\"name\":\"Ecclesia Brasil\",\"description\":\"Desde 2003 onectando o Brasil ao mundo ortodoxo!\",\"publisher\":{\"@id\":\"https:\\\/\\\/news.ecclesia.org.br\\\/#organization\"},\"alternateName\":\"Ecclesia\",\"potentialAction\":[{\"@type\":\"SearchAction\",\"target\":{\"@type\":\"EntryPoint\",\"urlTemplate\":\"https:\\\/\\\/news.ecclesia.org.br\\\/?s={search_term_string}\"},\"query-input\":{\"@type\":\"PropertyValueSpecification\",\"valueRequired\":true,\"valueName\":\"search_term_string\"}}],\"inLanguage\":\"pt-BR\"},{\"@type\":\"Organization\",\"@id\":\"https:\\\/\\\/news.ecclesia.org.br\\\/#organization\",\"name\":\"Sacra Arquidiocese de Buenos Aires e Am\u00e9rica do Sul | Patriarcado Ecum\u00eanico\",\"alternateName\":\"News Ecclesia Brasil\",\"url\":\"https:\\\/\\\/news.ecclesia.org.br\\\/\",\"logo\":{\"@type\":\"ImageObject\",\"inLanguage\":\"pt-BR\",\"@id\":\"https:\\\/\\\/news.ecclesia.org.br\\\/#\\\/schema\\\/logo\\\/image\\\/\",\"url\":\"https:\\\/\\\/news.ecclesia.org.br\\\/wp-content\\\/uploads\\\/2025\\\/05\\\/ecclesia2.png\",\"contentUrl\":\"https:\\\/\\\/news.ecclesia.org.br\\\/wp-content\\\/uploads\\\/2025\\\/05\\\/ecclesia2.png\",\"width\":480,\"height\":120,\"caption\":\"Sacra Arquidiocese de Buenos Aires e Am\u00e9rica do Sul | Patriarcado Ecum\u00eanico\"},\"image\":{\"@id\":\"https:\\\/\\\/news.ecclesia.org.br\\\/#\\\/schema\\\/logo\\\/image\\\/\"},\"sameAs\":[\"https:\\\/\\\/www.facebook.com\\\/Ecclesia2025\",\"https:\\\/\\\/x.com\\\/EcclesiaNews\",\"https:\\\/\\\/br.pinterest.com\\\/ekklisia\\\/\",\"https:\\\/\\\/www.youtube.com\\\/@EcclesiaBrasil\"]},{\"@type\":\"Person\",\"@id\":\"https:\\\/\\\/news.ecclesia.org.br\\\/#\\\/schema\\\/person\\\/6f09597f025829745ba414a569f63758\",\"name\":\"Pe. Andr\u00e9\",\"image\":{\"@type\":\"ImageObject\",\"inLanguage\":\"pt-BR\",\"@id\":\"https:\\\/\\\/secure.gravatar.com\\\/avatar\\\/b4327cfa27e9799da239a26adcd534fc29cdc0c4a4a148eecbcfeb9b42c617ac?s=96&d=mm&r=g\",\"url\":\"https:\\\/\\\/secure.gravatar.com\\\/avatar\\\/b4327cfa27e9799da239a26adcd534fc29cdc0c4a4a148eecbcfeb9b42c617ac?s=96&d=mm&r=g\",\"contentUrl\":\"https:\\\/\\\/secure.gravatar.com\\\/avatar\\\/b4327cfa27e9799da239a26adcd534fc29cdc0c4a4a148eecbcfeb9b42c617ac?s=96&d=mm&r=g\",\"caption\":\"Pe. Andr\u00e9\"},\"sameAs\":[\"https:\\\/\\\/www.ecclesia.org.br\"]}]}<\/script>\n<!-- \/ Yoast SEO plugin. -->","yoast_head_json":{"title":"Comiss\u00e3o cat\u00f3lico-ortodoxa faz releitura da vida do Beato Stepinac | ECCLESIA NEWS","robots":{"index":"index","follow":"follow","max-snippet":"max-snippet:-1","max-image-preview":"max-image-preview:large","max-video-preview":"max-video-preview:-1"},"canonical":"https:\/\/news.ecclesia.org.br\/?p=21503","og_locale":"pt_BR","og_type":"article","og_title":"Comiss\u00e3o cat\u00f3lico-ortodoxa faz releitura da vida do Beato Stepinac | ECCLESIA NEWS","og_description":"13\/07\/2016 &#8212; \u00a0Cidade do Vaticano (RV) \u2013 Realizou-se no Vaticano nesta ter\u00e7a e quarta-feira a primeira reuni\u00e3o da Comiss\u00e3o mista de especialistas croatas e s\u00e9rvios, \u201cencarregada de fazer uma releitura em comum da vida do Beato Cardeal Alojzije Stepinac, antes,&#8230;","og_url":"https:\/\/news.ecclesia.org.br\/?p=21503","og_site_name":"ECCLESIA NEWS","article_publisher":"https:\/\/www.facebook.com\/Ecclesia2025","article_published_time":"2016-07-15T00:23:55+00:00","article_modified_time":"2016-07-15T15:32:58+00:00","og_image":[{"width":660,"height":330,"url":"https:\/\/news.ecclesia.org.br\/wp-content\/uploads\/2016\/07\/Cardeal-Alojzije-Stepinac-1.jpg","type":"image\/jpeg"}],"author":"Pe. Andr\u00e9","twitter_card":"summary_large_image","twitter_creator":"@EcclesiaNews","twitter_site":"@EcclesiaNews","twitter_misc":{"Escrito por":"Pe. Andr\u00e9","Est. tempo de leitura":"3 minutos"},"schema":{"@context":"https:\/\/schema.org","@graph":[{"@type":"Article","@id":"https:\/\/news.ecclesia.org.br\/?p=21503#article","isPartOf":{"@id":"https:\/\/news.ecclesia.org.br\/?p=21503"},"author":{"name":"Pe. Andr\u00e9","@id":"https:\/\/news.ecclesia.org.br\/#\/schema\/person\/6f09597f025829745ba414a569f63758"},"headline":"Comiss\u00e3o cat\u00f3lico-ortodoxa faz releitura da vida do Beato Stepinac","datePublished":"2016-07-15T00:23:55+00:00","dateModified":"2016-07-15T15:32:58+00:00","mainEntityOfPage":{"@id":"https:\/\/news.ecclesia.org.br\/?p=21503"},"wordCount":680,"commentCount":0,"publisher":{"@id":"https:\/\/news.ecclesia.org.br\/#organization"},"image":{"@id":"https:\/\/news.ecclesia.org.br\/?p=21503#primaryimage"},"thumbnailUrl":"https:\/\/news.ecclesia.org.br\/wp-content\/uploads\/2016\/07\/Cardeal-Alojzije-Stepinac-1.jpg","articleSection":["NEWS"],"inLanguage":"pt-BR","potentialAction":[{"@type":"CommentAction","name":"Comment","target":["https:\/\/news.ecclesia.org.br\/?p=21503#respond"]}]},{"@type":"WebPage","@id":"https:\/\/news.ecclesia.org.br\/?p=21503","url":"https:\/\/news.ecclesia.org.br\/?p=21503","name":"Comiss\u00e3o cat\u00f3lico-ortodoxa faz releitura da vida do Beato Stepinac | ECCLESIA NEWS","isPartOf":{"@id":"https:\/\/news.ecclesia.org.br\/#website"},"primaryImageOfPage":{"@id":"https:\/\/news.ecclesia.org.br\/?p=21503#primaryimage"},"image":{"@id":"https:\/\/news.ecclesia.org.br\/?p=21503#primaryimage"},"thumbnailUrl":"https:\/\/news.ecclesia.org.br\/wp-content\/uploads\/2016\/07\/Cardeal-Alojzije-Stepinac-1.jpg","datePublished":"2016-07-15T00:23:55+00:00","dateModified":"2016-07-15T15:32:58+00:00","breadcrumb":{"@id":"https:\/\/news.ecclesia.org.br\/?p=21503#breadcrumb"},"inLanguage":"pt-BR","potentialAction":[{"@type":"ReadAction","target":["https:\/\/news.ecclesia.org.br\/?p=21503"]}]},{"@type":"ImageObject","inLanguage":"pt-BR","@id":"https:\/\/news.ecclesia.org.br\/?p=21503#primaryimage","url":"https:\/\/news.ecclesia.org.br\/wp-content\/uploads\/2016\/07\/Cardeal-Alojzije-Stepinac-1.jpg","contentUrl":"https:\/\/news.ecclesia.org.br\/wp-content\/uploads\/2016\/07\/Cardeal-Alojzije-Stepinac-1.jpg","width":660,"height":330,"caption":"Cardeal Alojzije Stepinac"},{"@type":"BreadcrumbList","@id":"https:\/\/news.ecclesia.org.br\/?p=21503#breadcrumb","itemListElement":[{"@type":"ListItem","position":1,"name":"In\u00edcio","item":"https:\/\/news.ecclesia.org.br\/"},{"@type":"ListItem","position":2,"name":"Comiss\u00e3o cat\u00f3lico-ortodoxa faz releitura da vida do Beato Stepinac"}]},{"@type":"WebSite","@id":"https:\/\/news.ecclesia.org.br\/#website","url":"https:\/\/news.ecclesia.org.br\/","name":"Ecclesia Brasil","description":"Desde 2003 onectando o Brasil ao mundo ortodoxo!","publisher":{"@id":"https:\/\/news.ecclesia.org.br\/#organization"},"alternateName":"Ecclesia","potentialAction":[{"@type":"SearchAction","target":{"@type":"EntryPoint","urlTemplate":"https:\/\/news.ecclesia.org.br\/?s={search_term_string}"},"query-input":{"@type":"PropertyValueSpecification","valueRequired":true,"valueName":"search_term_string"}}],"inLanguage":"pt-BR"},{"@type":"Organization","@id":"https:\/\/news.ecclesia.org.br\/#organization","name":"Sacra Arquidiocese de Buenos Aires e Am\u00e9rica do Sul | Patriarcado Ecum\u00eanico","alternateName":"News Ecclesia Brasil","url":"https:\/\/news.ecclesia.org.br\/","logo":{"@type":"ImageObject","inLanguage":"pt-BR","@id":"https:\/\/news.ecclesia.org.br\/#\/schema\/logo\/image\/","url":"https:\/\/news.ecclesia.org.br\/wp-content\/uploads\/2025\/05\/ecclesia2.png","contentUrl":"https:\/\/news.ecclesia.org.br\/wp-content\/uploads\/2025\/05\/ecclesia2.png","width":480,"height":120,"caption":"Sacra Arquidiocese de Buenos Aires e Am\u00e9rica do Sul | Patriarcado Ecum\u00eanico"},"image":{"@id":"https:\/\/news.ecclesia.org.br\/#\/schema\/logo\/image\/"},"sameAs":["https:\/\/www.facebook.com\/Ecclesia2025","https:\/\/x.com\/EcclesiaNews","https:\/\/br.pinterest.com\/ekklisia\/","https:\/\/www.youtube.com\/@EcclesiaBrasil"]},{"@type":"Person","@id":"https:\/\/news.ecclesia.org.br\/#\/schema\/person\/6f09597f025829745ba414a569f63758","name":"Pe. Andr\u00e9","image":{"@type":"ImageObject","inLanguage":"pt-BR","@id":"https:\/\/secure.gravatar.com\/avatar\/b4327cfa27e9799da239a26adcd534fc29cdc0c4a4a148eecbcfeb9b42c617ac?s=96&d=mm&r=g","url":"https:\/\/secure.gravatar.com\/avatar\/b4327cfa27e9799da239a26adcd534fc29cdc0c4a4a148eecbcfeb9b42c617ac?s=96&d=mm&r=g","contentUrl":"https:\/\/secure.gravatar.com\/avatar\/b4327cfa27e9799da239a26adcd534fc29cdc0c4a4a148eecbcfeb9b42c617ac?s=96&d=mm&r=g","caption":"Pe. Andr\u00e9"},"sameAs":["https:\/\/www.ecclesia.org.br"]}]}},"_links":{"self":[{"href":"https:\/\/news.ecclesia.org.br\/index.php?rest_route=\/wp\/v2\/posts\/21503","targetHints":{"allow":["GET"]}}],"collection":[{"href":"https:\/\/news.ecclesia.org.br\/index.php?rest_route=\/wp\/v2\/posts"}],"about":[{"href":"https:\/\/news.ecclesia.org.br\/index.php?rest_route=\/wp\/v2\/types\/post"}],"author":[{"embeddable":true,"href":"https:\/\/news.ecclesia.org.br\/index.php?rest_route=\/wp\/v2\/users\/1"}],"replies":[{"embeddable":true,"href":"https:\/\/news.ecclesia.org.br\/index.php?rest_route=%2Fwp%2Fv2%2Fcomments&post=21503"}],"version-history":[{"count":0,"href":"https:\/\/news.ecclesia.org.br\/index.php?rest_route=\/wp\/v2\/posts\/21503\/revisions"}],"wp:featuredmedia":[{"embeddable":true,"href":"https:\/\/news.ecclesia.org.br\/index.php?rest_route=\/wp\/v2\/media\/21507"}],"wp:attachment":[{"href":"https:\/\/news.ecclesia.org.br\/index.php?rest_route=%2Fwp%2Fv2%2Fmedia&parent=21503"}],"wp:term":[{"taxonomy":"category","embeddable":true,"href":"https:\/\/news.ecclesia.org.br\/index.php?rest_route=%2Fwp%2Fv2%2Fcategories&post=21503"},{"taxonomy":"post_tag","embeddable":true,"href":"https:\/\/news.ecclesia.org.br\/index.php?rest_route=%2Fwp%2Fv2%2Ftags&post=21503"}],"curies":[{"name":"wp","href":"https:\/\/api.w.org\/{rel}","templated":true}]}}