{"id":21274,"date":"2016-07-05T01:36:25","date_gmt":"2016-07-05T01:36:25","guid":{"rendered":"https:\/\/news.ecclesia.org.br\/2013\/?p=21274"},"modified":"2016-07-06T14:13:49","modified_gmt":"2016-07-06T14:13:49","slug":"turquia-o-desafio-ao-mundo-cristao-o-muezzin-volta-a-cantar-em-santa-sofia","status":"publish","type":"post","link":"https:\/\/news.ecclesia.org.br\/?p=21274","title":{"rendered":"CONSTANTINOPLA-Turquia, o desafio ao mundo crist\u00e3o: o muezzin volta a cantar em SANTA SOFIA"},"content":{"rendered":"<figure id=\"attachment_21275\" aria-describedby=\"caption-attachment-21275\" style=\"width: 640px\" class=\"wp-caption aligncenter\"><a href=\"https:\/\/news.ecclesia.org.br\/2013\/wp-content\/uploads\/2016\/07\/haghia-sophia.jpg\"><img fetchpriority=\"high\" decoding=\"async\" class=\"wp-image-21275\" src=\"https:\/\/news.ecclesia.org.br\/2013\/wp-content\/uploads\/2016\/07\/haghia-sophia-1024x512.jpg\" alt=\"ISTANBUL, TURKEY - 2009\/04\/30: Haghia Sophia (Aya Sofya), The Church of Holy Wisdom, Sultanahmet, Istanbul, Turkey Haghia Sophia (Aya Sofya), The Church of Holy Wisdom in Sultanahmet.. (Photo by Jeremy Horner\/LightRocket via Getty Images)\" width=\"640\" height=\"320\" srcset=\"https:\/\/news.ecclesia.org.br\/wp-content\/uploads\/2016\/07\/haghia-sophia-1024x512.jpg 1024w, https:\/\/news.ecclesia.org.br\/wp-content\/uploads\/2016\/07\/haghia-sophia-300x150.jpg 300w, https:\/\/news.ecclesia.org.br\/wp-content\/uploads\/2016\/07\/haghia-sophia-768x384.jpg 768w, https:\/\/news.ecclesia.org.br\/wp-content\/uploads\/2016\/07\/haghia-sophia-600x300.jpg 600w, https:\/\/news.ecclesia.org.br\/wp-content\/uploads\/2016\/07\/haghia-sophia-110x55.jpg 110w, https:\/\/news.ecclesia.org.br\/wp-content\/uploads\/2016\/07\/haghia-sophia.jpg 2000w\" sizes=\"(max-width: 640px) 100vw, 640px\" \/><\/a><figcaption id=\"caption-attachment-21275\" class=\"wp-caption-text\">ISTANBUL, TURKEY &#8211; 2009\/04\/30: Haghia Sophia (Aya Sofya), The Church of Holy Wisdom, Sultanahmet, Istanbul, Turkey Haghia Sophia (Aya Sofya), The Church of Holy Wisdom in Sultanahmet.. (Photo by Jeremy Horner\/LightRocket via Getty Images)<\/figcaption><\/figure>\n<p style=\"text-align: justify;\">Em uma Istambul vazia de turistas estrangeiros depois do atentado de ter\u00e7a-feira \u00e0 noite no Aeroporto Internacional Ataturk, o canto do muezim ecoou depois de 85 anos em Santa Sofia, na Pra\u00e7a Sultanahmet, objeto, em janeiro, de um atentado suicida que matou 10 visitantes alem\u00e3es. \u00c9 a primeira vez que isso acontece desde que o museu, uma das joias arquitet\u00f4nicas da Turquia, foi convertido em estrutura art\u00edstica depois de ter sido, primeiro, uma bas\u00edlica e, depois, uma mesquita.<\/p>\n<p style=\"text-align: justify;\">A reportagem \u00e9 de Marco Ansaldo, publicada no jornal La Repubblica, 02-07-2016. A tradu\u00e7\u00e3o \u00e9 de Mois\u00e9s Sbardelotto para o site <a href=\"http:\/\/www.ihu.unisinos.br\/\" target=\"_blank\">IHU On-line<\/a>, de onde extra\u00edmos este artigos para publica\u00e7\u00e3o em ECCLESIA.<\/p>\n<p style=\"text-align: justify;\">Um gesto de desafio consciente ao mundo crist\u00e3o, at\u00e9 porque, h\u00e1 anos, a amea\u00e7a de voltar a rezar a\u00ed, elevando louvores ao profeta Maom\u00e9, \u00e9 levantada com o consentimento direto do governo turco, conservador de inspira\u00e7\u00e3o religiosa, e agora levado a cabo com o seu expl\u00edcito consentimento.<\/p>\n<p style=\"text-align: justify;\">As notas moduladas do muezzin partiram, \u00e0 noite, de dentro do edif\u00edcio. O chamado aos fi\u00e9is, de fato, foi transmitido pela TV, ao vivo, com a presen\u00e7a da mais alta autoridade espiritual do pa\u00eds, o gr\u00e3o-mufti da Turquia, chefe da presid\u00eancia turca para os Assuntos Religiosos (Diyanet), Mehmet G\u00f6rmez.<\/p>\n<p style=\"text-align: justify;\">Foi justamente G\u00f6rmez, cuja particularidade \u00e9 a de ter um cargo n\u00e3o s\u00f3 confessional, mas tamb\u00e9m como alto funcion\u00e1rio do governo, que criticou o Papa Francisco, no ano passado, pelas suas palavras sobre o genoc\u00eddio arm\u00eanio n\u00e3o reconhecido como tal por Ancara. E foi quem polemizou antes da sua chegada na Turquia, quando Jorge Bergoglio decidiu a sua visita a Istambul em 2014.<\/p>\n<p style=\"text-align: justify;\">H\u00e1 ao menos quatro anos, os convites para a ora\u00e7\u00e3o j\u00e1 haviam sido anunciados e divulgados pelos minaretes de Santa Sofia, mas nunca antes o muezzin tinha feito isso de dentro do edif\u00edcio. O canto ressoou depois da chamada &#8220;Noite do Poder&#8221;, ao t\u00e9rmino da \u00faltima sexta-feira do Ramad\u00e3, o per\u00edodo do jejum mu\u00e7ulmano ainda em curso, que reevoca a revela\u00e7\u00e3o do Alcor\u00e3o ao profeta Maom\u00e9.<\/p>\n<p style=\"text-align: justify;\">Santa Sofia foi transformada em um museu laico em 1935 pelo fundador da Turquia republicana, Mustafa Kemal, conhecido como Ataturk, o pai dos turcos. Conclu\u00edda como bas\u00edlica crist\u00e3 pelo imperador bizantino Justiniano I, em 537, Santa Sofia, depois, foi convertida em mesquita em 1453, depois da conquista otomana de Constantinopla.<\/p>\n<p style=\"text-align: justify;\">V\u00e1rias vezes, recentemente, grupos radicais islamistas protestaram na frente do edif\u00edcio para exigir o seu retorno a lugar de ora\u00e7\u00e3o isl\u00e2mico. Uma eventualidade n\u00e3o descartada pelas autoridades turcas. A leitura do Alcor\u00e3o nos arredores da ex-bas\u00edlica, no passado, j\u00e1 tinha desencadeado pol\u00eamicas com a Gr\u00e9cia, que, atrav\u00e9s do Minist\u00e9rio dos Assuntos Exteriores de Atenas, havia criticado a escolha. Uma tomada de posi\u00e7\u00e3o definida, por\u00e9m, como &#8220;inaceit\u00e1vel&#8221; pelo respons\u00e1vel dos Assuntos Exteriores turco, Mevlut Cavusoglu.<\/p>\n<p style=\"text-align: justify;\">Agora, o novo gesto est\u00e1 destinado a desencadear duras pol\u00eamicas e, precisamente, com o Vaticano.<\/p>\n<hr \/>\n<p style=\"text-align: center;\"><iframe src=\"https:\/\/www.youtube.com\/embed\/jfMdn_T3yWU\" width=\"640\" height=\"480\" frameborder=\"0\" allowfullscreen=\"allowfullscreen\"><\/iframe><\/p>\n","protected":false},"excerpt":{"rendered":"<p>Em uma Istambul vazia de turistas estrangeiros depois do atentado de ter\u00e7a-feira \u00e0 noite no Aeroporto Internacional Ataturk, o canto do muezim ecoou depois de 85 anos em Santa Sofia, na Pra\u00e7a Sultanahmet, objeto, em janeiro, de um atentado suicida&#8230;<\/p>\n","protected":false},"author":1,"featured_media":21275,"comment_status":"open","ping_status":"open","sticky":false,"template":"","format":"standard","meta":{"_acf_changed":false,"footnotes":""},"categories":[1,72],"tags":[],"class_list":["post-21274","post","type-post","status-publish","format-standard","has-post-thumbnail","hentry","category-news","category-patriarcado-ecumenico","entry","rows-excerpt"],"acf":[],"yoast_head":"<!-- This site is optimized with the Yoast SEO plugin v27.4 - https:\/\/yoast.com\/product\/yoast-seo-wordpress\/ -->\n<title>CONSTANTINOPLA-Turquia, o desafio ao mundo crist\u00e3o: o muezzin volta a cantar em SANTA SOFIA | ECCLESIA NEWS<\/title>\n<meta name=\"robots\" content=\"index, follow, max-snippet:-1, max-image-preview:large, max-video-preview:-1\" \/>\n<link rel=\"canonical\" href=\"https:\/\/news.ecclesia.org.br\/?p=21274\" \/>\n<meta property=\"og:locale\" content=\"pt_BR\" \/>\n<meta property=\"og:type\" content=\"article\" \/>\n<meta property=\"og:title\" content=\"CONSTANTINOPLA-Turquia, o desafio ao mundo crist\u00e3o: o muezzin volta a cantar em SANTA SOFIA | ECCLESIA NEWS\" \/>\n<meta property=\"og:description\" content=\"Em uma Istambul vazia de turistas estrangeiros depois do atentado de ter\u00e7a-feira \u00e0 noite no Aeroporto Internacional Ataturk, o canto do muezim ecoou depois de 85 anos em Santa Sofia, na Pra\u00e7a Sultanahmet, objeto, em janeiro, de um atentado suicida&#8230;\" \/>\n<meta property=\"og:url\" content=\"https:\/\/news.ecclesia.org.br\/?p=21274\" \/>\n<meta property=\"og:site_name\" content=\"ECCLESIA NEWS\" \/>\n<meta property=\"article:publisher\" content=\"https:\/\/www.facebook.com\/Ecclesia2025\" \/>\n<meta property=\"article:published_time\" content=\"2016-07-05T01:36:25+00:00\" \/>\n<meta property=\"article:modified_time\" content=\"2016-07-06T14:13:49+00:00\" \/>\n<meta property=\"og:image\" content=\"https:\/\/news.ecclesia.org.br\/wp-content\/uploads\/2016\/07\/haghia-sophia.jpg\" \/>\n\t<meta property=\"og:image:width\" content=\"2000\" \/>\n\t<meta property=\"og:image:height\" content=\"1000\" \/>\n\t<meta property=\"og:image:type\" content=\"image\/jpeg\" \/>\n<meta name=\"author\" content=\"Pe. Andr\u00e9\" \/>\n<meta name=\"twitter:card\" content=\"summary_large_image\" \/>\n<meta name=\"twitter:creator\" content=\"@EcclesiaNews\" \/>\n<meta name=\"twitter:site\" content=\"@EcclesiaNews\" \/>\n<meta name=\"twitter:label1\" content=\"Escrito por\" \/>\n\t<meta name=\"twitter:data1\" content=\"Pe. Andr\u00e9\" \/>\n\t<meta name=\"twitter:label2\" content=\"Est. tempo de leitura\" \/>\n\t<meta name=\"twitter:data2\" content=\"3 minutos\" \/>\n<script type=\"application\/ld+json\" class=\"yoast-schema-graph\">{\"@context\":\"https:\\\/\\\/schema.org\",\"@graph\":[{\"@type\":\"Article\",\"@id\":\"https:\\\/\\\/news.ecclesia.org.br\\\/?p=21274#article\",\"isPartOf\":{\"@id\":\"https:\\\/\\\/news.ecclesia.org.br\\\/?p=21274\"},\"author\":{\"name\":\"Pe. Andr\u00e9\",\"@id\":\"https:\\\/\\\/news.ecclesia.org.br\\\/#\\\/schema\\\/person\\\/6f09597f025829745ba414a569f63758\"},\"headline\":\"CONSTANTINOPLA-Turquia, o desafio ao mundo crist\u00e3o: o muezzin volta a cantar em SANTA SOFIA\",\"datePublished\":\"2016-07-05T01:36:25+00:00\",\"dateModified\":\"2016-07-06T14:13:49+00:00\",\"mainEntityOfPage\":{\"@id\":\"https:\\\/\\\/news.ecclesia.org.br\\\/?p=21274\"},\"wordCount\":571,\"commentCount\":4,\"publisher\":{\"@id\":\"https:\\\/\\\/news.ecclesia.org.br\\\/#organization\"},\"image\":{\"@id\":\"https:\\\/\\\/news.ecclesia.org.br\\\/?p=21274#primaryimage\"},\"thumbnailUrl\":\"https:\\\/\\\/news.ecclesia.org.br\\\/wp-content\\\/uploads\\\/2016\\\/07\\\/haghia-sophia.jpg\",\"articleSection\":[\"NEWS\",\"Patriarcado Ecum\u00eanico\"],\"inLanguage\":\"pt-BR\",\"potentialAction\":[{\"@type\":\"CommentAction\",\"name\":\"Comment\",\"target\":[\"https:\\\/\\\/news.ecclesia.org.br\\\/?p=21274#respond\"]}]},{\"@type\":\"WebPage\",\"@id\":\"https:\\\/\\\/news.ecclesia.org.br\\\/?p=21274\",\"url\":\"https:\\\/\\\/news.ecclesia.org.br\\\/?p=21274\",\"name\":\"CONSTANTINOPLA-Turquia, o desafio ao mundo crist\u00e3o: o muezzin volta a cantar em SANTA SOFIA | ECCLESIA NEWS\",\"isPartOf\":{\"@id\":\"https:\\\/\\\/news.ecclesia.org.br\\\/#website\"},\"primaryImageOfPage\":{\"@id\":\"https:\\\/\\\/news.ecclesia.org.br\\\/?p=21274#primaryimage\"},\"image\":{\"@id\":\"https:\\\/\\\/news.ecclesia.org.br\\\/?p=21274#primaryimage\"},\"thumbnailUrl\":\"https:\\\/\\\/news.ecclesia.org.br\\\/wp-content\\\/uploads\\\/2016\\\/07\\\/haghia-sophia.jpg\",\"datePublished\":\"2016-07-05T01:36:25+00:00\",\"dateModified\":\"2016-07-06T14:13:49+00:00\",\"breadcrumb\":{\"@id\":\"https:\\\/\\\/news.ecclesia.org.br\\\/?p=21274#breadcrumb\"},\"inLanguage\":\"pt-BR\",\"potentialAction\":[{\"@type\":\"ReadAction\",\"target\":[\"https:\\\/\\\/news.ecclesia.org.br\\\/?p=21274\"]}]},{\"@type\":\"ImageObject\",\"inLanguage\":\"pt-BR\",\"@id\":\"https:\\\/\\\/news.ecclesia.org.br\\\/?p=21274#primaryimage\",\"url\":\"https:\\\/\\\/news.ecclesia.org.br\\\/wp-content\\\/uploads\\\/2016\\\/07\\\/haghia-sophia.jpg\",\"contentUrl\":\"https:\\\/\\\/news.ecclesia.org.br\\\/wp-content\\\/uploads\\\/2016\\\/07\\\/haghia-sophia.jpg\",\"width\":2000,\"height\":1000,\"caption\":\"ISTANBUL, TURKEY - 2009\\\/04\\\/30: Haghia Sophia (Aya Sofya), The Church of Holy Wisdom, Sultanahmet, Istanbul, Turkey Haghia Sophia (Aya Sofya), The Church of Holy Wisdom in Sultanahmet.. (Photo by Jeremy Horner\\\/LightRocket via Getty Images)\"},{\"@type\":\"BreadcrumbList\",\"@id\":\"https:\\\/\\\/news.ecclesia.org.br\\\/?p=21274#breadcrumb\",\"itemListElement\":[{\"@type\":\"ListItem\",\"position\":1,\"name\":\"In\u00edcio\",\"item\":\"https:\\\/\\\/news.ecclesia.org.br\\\/\"},{\"@type\":\"ListItem\",\"position\":2,\"name\":\"CONSTANTINOPLA-Turquia, o desafio ao mundo crist\u00e3o: o muezzin volta a cantar em SANTA SOFIA\"}]},{\"@type\":\"WebSite\",\"@id\":\"https:\\\/\\\/news.ecclesia.org.br\\\/#website\",\"url\":\"https:\\\/\\\/news.ecclesia.org.br\\\/\",\"name\":\"Ecclesia Brasil\",\"description\":\"Desde 2003 onectando o Brasil ao mundo ortodoxo!\",\"publisher\":{\"@id\":\"https:\\\/\\\/news.ecclesia.org.br\\\/#organization\"},\"alternateName\":\"Ecclesia\",\"potentialAction\":[{\"@type\":\"SearchAction\",\"target\":{\"@type\":\"EntryPoint\",\"urlTemplate\":\"https:\\\/\\\/news.ecclesia.org.br\\\/?s={search_term_string}\"},\"query-input\":{\"@type\":\"PropertyValueSpecification\",\"valueRequired\":true,\"valueName\":\"search_term_string\"}}],\"inLanguage\":\"pt-BR\"},{\"@type\":\"Organization\",\"@id\":\"https:\\\/\\\/news.ecclesia.org.br\\\/#organization\",\"name\":\"Sacra Arquidiocese de Buenos Aires e Am\u00e9rica do Sul | Patriarcado Ecum\u00eanico\",\"alternateName\":\"News Ecclesia Brasil\",\"url\":\"https:\\\/\\\/news.ecclesia.org.br\\\/\",\"logo\":{\"@type\":\"ImageObject\",\"inLanguage\":\"pt-BR\",\"@id\":\"https:\\\/\\\/news.ecclesia.org.br\\\/#\\\/schema\\\/logo\\\/image\\\/\",\"url\":\"https:\\\/\\\/news.ecclesia.org.br\\\/wp-content\\\/uploads\\\/2025\\\/05\\\/ecclesia2.png\",\"contentUrl\":\"https:\\\/\\\/news.ecclesia.org.br\\\/wp-content\\\/uploads\\\/2025\\\/05\\\/ecclesia2.png\",\"width\":480,\"height\":120,\"caption\":\"Sacra Arquidiocese de Buenos Aires e Am\u00e9rica do Sul | Patriarcado Ecum\u00eanico\"},\"image\":{\"@id\":\"https:\\\/\\\/news.ecclesia.org.br\\\/#\\\/schema\\\/logo\\\/image\\\/\"},\"sameAs\":[\"https:\\\/\\\/www.facebook.com\\\/Ecclesia2025\",\"https:\\\/\\\/x.com\\\/EcclesiaNews\",\"https:\\\/\\\/br.pinterest.com\\\/ekklisia\\\/\",\"https:\\\/\\\/www.youtube.com\\\/@EcclesiaBrasil\"]},{\"@type\":\"Person\",\"@id\":\"https:\\\/\\\/news.ecclesia.org.br\\\/#\\\/schema\\\/person\\\/6f09597f025829745ba414a569f63758\",\"name\":\"Pe. Andr\u00e9\",\"image\":{\"@type\":\"ImageObject\",\"inLanguage\":\"pt-BR\",\"@id\":\"https:\\\/\\\/secure.gravatar.com\\\/avatar\\\/b4327cfa27e9799da239a26adcd534fc29cdc0c4a4a148eecbcfeb9b42c617ac?s=96&d=mm&r=g\",\"url\":\"https:\\\/\\\/secure.gravatar.com\\\/avatar\\\/b4327cfa27e9799da239a26adcd534fc29cdc0c4a4a148eecbcfeb9b42c617ac?s=96&d=mm&r=g\",\"contentUrl\":\"https:\\\/\\\/secure.gravatar.com\\\/avatar\\\/b4327cfa27e9799da239a26adcd534fc29cdc0c4a4a148eecbcfeb9b42c617ac?s=96&d=mm&r=g\",\"caption\":\"Pe. Andr\u00e9\"},\"sameAs\":[\"https:\\\/\\\/www.ecclesia.org.br\"]}]}<\/script>\n<!-- \/ Yoast SEO plugin. -->","yoast_head_json":{"title":"CONSTANTINOPLA-Turquia, o desafio ao mundo crist\u00e3o: o muezzin volta a cantar em SANTA SOFIA | ECCLESIA NEWS","robots":{"index":"index","follow":"follow","max-snippet":"max-snippet:-1","max-image-preview":"max-image-preview:large","max-video-preview":"max-video-preview:-1"},"canonical":"https:\/\/news.ecclesia.org.br\/?p=21274","og_locale":"pt_BR","og_type":"article","og_title":"CONSTANTINOPLA-Turquia, o desafio ao mundo crist\u00e3o: o muezzin volta a cantar em SANTA SOFIA | ECCLESIA NEWS","og_description":"Em uma Istambul vazia de turistas estrangeiros depois do atentado de ter\u00e7a-feira \u00e0 noite no Aeroporto Internacional Ataturk, o canto do muezim ecoou depois de 85 anos em Santa Sofia, na Pra\u00e7a Sultanahmet, objeto, em janeiro, de um atentado suicida&#8230;","og_url":"https:\/\/news.ecclesia.org.br\/?p=21274","og_site_name":"ECCLESIA NEWS","article_publisher":"https:\/\/www.facebook.com\/Ecclesia2025","article_published_time":"2016-07-05T01:36:25+00:00","article_modified_time":"2016-07-06T14:13:49+00:00","og_image":[{"width":2000,"height":1000,"url":"https:\/\/news.ecclesia.org.br\/wp-content\/uploads\/2016\/07\/haghia-sophia.jpg","type":"image\/jpeg"}],"author":"Pe. Andr\u00e9","twitter_card":"summary_large_image","twitter_creator":"@EcclesiaNews","twitter_site":"@EcclesiaNews","twitter_misc":{"Escrito por":"Pe. Andr\u00e9","Est. tempo de leitura":"3 minutos"},"schema":{"@context":"https:\/\/schema.org","@graph":[{"@type":"Article","@id":"https:\/\/news.ecclesia.org.br\/?p=21274#article","isPartOf":{"@id":"https:\/\/news.ecclesia.org.br\/?p=21274"},"author":{"name":"Pe. Andr\u00e9","@id":"https:\/\/news.ecclesia.org.br\/#\/schema\/person\/6f09597f025829745ba414a569f63758"},"headline":"CONSTANTINOPLA-Turquia, o desafio ao mundo crist\u00e3o: o muezzin volta a cantar em SANTA SOFIA","datePublished":"2016-07-05T01:36:25+00:00","dateModified":"2016-07-06T14:13:49+00:00","mainEntityOfPage":{"@id":"https:\/\/news.ecclesia.org.br\/?p=21274"},"wordCount":571,"commentCount":4,"publisher":{"@id":"https:\/\/news.ecclesia.org.br\/#organization"},"image":{"@id":"https:\/\/news.ecclesia.org.br\/?p=21274#primaryimage"},"thumbnailUrl":"https:\/\/news.ecclesia.org.br\/wp-content\/uploads\/2016\/07\/haghia-sophia.jpg","articleSection":["NEWS","Patriarcado Ecum\u00eanico"],"inLanguage":"pt-BR","potentialAction":[{"@type":"CommentAction","name":"Comment","target":["https:\/\/news.ecclesia.org.br\/?p=21274#respond"]}]},{"@type":"WebPage","@id":"https:\/\/news.ecclesia.org.br\/?p=21274","url":"https:\/\/news.ecclesia.org.br\/?p=21274","name":"CONSTANTINOPLA-Turquia, o desafio ao mundo crist\u00e3o: o muezzin volta a cantar em SANTA SOFIA | ECCLESIA NEWS","isPartOf":{"@id":"https:\/\/news.ecclesia.org.br\/#website"},"primaryImageOfPage":{"@id":"https:\/\/news.ecclesia.org.br\/?p=21274#primaryimage"},"image":{"@id":"https:\/\/news.ecclesia.org.br\/?p=21274#primaryimage"},"thumbnailUrl":"https:\/\/news.ecclesia.org.br\/wp-content\/uploads\/2016\/07\/haghia-sophia.jpg","datePublished":"2016-07-05T01:36:25+00:00","dateModified":"2016-07-06T14:13:49+00:00","breadcrumb":{"@id":"https:\/\/news.ecclesia.org.br\/?p=21274#breadcrumb"},"inLanguage":"pt-BR","potentialAction":[{"@type":"ReadAction","target":["https:\/\/news.ecclesia.org.br\/?p=21274"]}]},{"@type":"ImageObject","inLanguage":"pt-BR","@id":"https:\/\/news.ecclesia.org.br\/?p=21274#primaryimage","url":"https:\/\/news.ecclesia.org.br\/wp-content\/uploads\/2016\/07\/haghia-sophia.jpg","contentUrl":"https:\/\/news.ecclesia.org.br\/wp-content\/uploads\/2016\/07\/haghia-sophia.jpg","width":2000,"height":1000,"caption":"ISTANBUL, TURKEY - 2009\/04\/30: Haghia Sophia (Aya Sofya), The Church of Holy Wisdom, Sultanahmet, Istanbul, Turkey Haghia Sophia (Aya Sofya), The Church of Holy Wisdom in Sultanahmet.. (Photo by Jeremy Horner\/LightRocket via Getty Images)"},{"@type":"BreadcrumbList","@id":"https:\/\/news.ecclesia.org.br\/?p=21274#breadcrumb","itemListElement":[{"@type":"ListItem","position":1,"name":"In\u00edcio","item":"https:\/\/news.ecclesia.org.br\/"},{"@type":"ListItem","position":2,"name":"CONSTANTINOPLA-Turquia, o desafio ao mundo crist\u00e3o: o muezzin volta a cantar em SANTA SOFIA"}]},{"@type":"WebSite","@id":"https:\/\/news.ecclesia.org.br\/#website","url":"https:\/\/news.ecclesia.org.br\/","name":"Ecclesia Brasil","description":"Desde 2003 onectando o Brasil ao mundo ortodoxo!","publisher":{"@id":"https:\/\/news.ecclesia.org.br\/#organization"},"alternateName":"Ecclesia","potentialAction":[{"@type":"SearchAction","target":{"@type":"EntryPoint","urlTemplate":"https:\/\/news.ecclesia.org.br\/?s={search_term_string}"},"query-input":{"@type":"PropertyValueSpecification","valueRequired":true,"valueName":"search_term_string"}}],"inLanguage":"pt-BR"},{"@type":"Organization","@id":"https:\/\/news.ecclesia.org.br\/#organization","name":"Sacra Arquidiocese de Buenos Aires e Am\u00e9rica do Sul | Patriarcado Ecum\u00eanico","alternateName":"News Ecclesia Brasil","url":"https:\/\/news.ecclesia.org.br\/","logo":{"@type":"ImageObject","inLanguage":"pt-BR","@id":"https:\/\/news.ecclesia.org.br\/#\/schema\/logo\/image\/","url":"https:\/\/news.ecclesia.org.br\/wp-content\/uploads\/2025\/05\/ecclesia2.png","contentUrl":"https:\/\/news.ecclesia.org.br\/wp-content\/uploads\/2025\/05\/ecclesia2.png","width":480,"height":120,"caption":"Sacra Arquidiocese de Buenos Aires e Am\u00e9rica do Sul | Patriarcado Ecum\u00eanico"},"image":{"@id":"https:\/\/news.ecclesia.org.br\/#\/schema\/logo\/image\/"},"sameAs":["https:\/\/www.facebook.com\/Ecclesia2025","https:\/\/x.com\/EcclesiaNews","https:\/\/br.pinterest.com\/ekklisia\/","https:\/\/www.youtube.com\/@EcclesiaBrasil"]},{"@type":"Person","@id":"https:\/\/news.ecclesia.org.br\/#\/schema\/person\/6f09597f025829745ba414a569f63758","name":"Pe. Andr\u00e9","image":{"@type":"ImageObject","inLanguage":"pt-BR","@id":"https:\/\/secure.gravatar.com\/avatar\/b4327cfa27e9799da239a26adcd534fc29cdc0c4a4a148eecbcfeb9b42c617ac?s=96&d=mm&r=g","url":"https:\/\/secure.gravatar.com\/avatar\/b4327cfa27e9799da239a26adcd534fc29cdc0c4a4a148eecbcfeb9b42c617ac?s=96&d=mm&r=g","contentUrl":"https:\/\/secure.gravatar.com\/avatar\/b4327cfa27e9799da239a26adcd534fc29cdc0c4a4a148eecbcfeb9b42c617ac?s=96&d=mm&r=g","caption":"Pe. Andr\u00e9"},"sameAs":["https:\/\/www.ecclesia.org.br"]}]}},"_links":{"self":[{"href":"https:\/\/news.ecclesia.org.br\/index.php?rest_route=\/wp\/v2\/posts\/21274","targetHints":{"allow":["GET"]}}],"collection":[{"href":"https:\/\/news.ecclesia.org.br\/index.php?rest_route=\/wp\/v2\/posts"}],"about":[{"href":"https:\/\/news.ecclesia.org.br\/index.php?rest_route=\/wp\/v2\/types\/post"}],"author":[{"embeddable":true,"href":"https:\/\/news.ecclesia.org.br\/index.php?rest_route=\/wp\/v2\/users\/1"}],"replies":[{"embeddable":true,"href":"https:\/\/news.ecclesia.org.br\/index.php?rest_route=%2Fwp%2Fv2%2Fcomments&post=21274"}],"version-history":[{"count":0,"href":"https:\/\/news.ecclesia.org.br\/index.php?rest_route=\/wp\/v2\/posts\/21274\/revisions"}],"wp:featuredmedia":[{"embeddable":true,"href":"https:\/\/news.ecclesia.org.br\/index.php?rest_route=\/wp\/v2\/media\/21275"}],"wp:attachment":[{"href":"https:\/\/news.ecclesia.org.br\/index.php?rest_route=%2Fwp%2Fv2%2Fmedia&parent=21274"}],"wp:term":[{"taxonomy":"category","embeddable":true,"href":"https:\/\/news.ecclesia.org.br\/index.php?rest_route=%2Fwp%2Fv2%2Fcategories&post=21274"},{"taxonomy":"post_tag","embeddable":true,"href":"https:\/\/news.ecclesia.org.br\/index.php?rest_route=%2Fwp%2Fv2%2Ftags&post=21274"}],"curies":[{"name":"wp","href":"https:\/\/api.w.org\/{rel}","templated":true}]}}