{"id":21219,"date":"2016-07-03T14:04:18","date_gmt":"2016-07-03T14:04:18","guid":{"rendered":"https:\/\/news.ecclesia.org.br\/2013\/?p=21219"},"modified":"2016-07-03T20:06:34","modified_gmt":"2016-07-03T20:06:34","slug":"celebrada-hoje-a-primeira-divina-liturgia-na-catedral-de-atenas-restaurada-desde-que-teve-inicio-os-trabalhos-de-sua-restauracao","status":"publish","type":"post","link":"https:\/\/news.ecclesia.org.br\/?p=21219","title":{"rendered":"Celebrada hoje a primeira Divina Liturgia na Catedral de Atenas ap\u00f3s a sua\u00a0restaura\u00e7\u00e3o"},"content":{"rendered":"<p style=\"text-align: center;\"><span style=\"text-decoration: underline;\"><div id=\"galleria-21219\"><a href=\"https:\/\/news.ecclesia.org.br\/wp-content\/uploads\/2016\/07\/001.jpg\"><img decoding=\"async\" title=\"\u0307\u0511\u03d0\u03cb\u01e0H\u01cd\u064d &#8211;\u0411\u0654\u01e0\u0205\u0241 \u02c5\u0254\u03d5\u0443\u0241 \u0305\u0501 \u0507\u0360\u0150MK\u0149\u050f\u0551\u00c9`\u0507\u04ed-\u05d1\u01d3\u050f\u04e0\u0310\u03cd\u01d3\" alt=\"\" src=\"https:\/\/news.ecclesia.org.br\/wp-content\/uploads\/2016\/07\/001-83x55.jpg\" data-big=\"https:\/\/news.ecclesia.org.br\/wp-content\/uploads\/2016\/07\/001.jpg\"><\/a><a href=\"https:\/\/news.ecclesia.org.br\/wp-content\/uploads\/2016\/07\/002.jpg\"><img decoding=\"async\" title=\"\u0307\u0511\u03d0\u03cb\u01e0H\u01cd\u064d &#8211;\u0411\u0654\u01e0\u0205\u0241 \u02c5\u0254\u03d5\u0443\u0241 \u0305\u0501 \u0507\u0360\u0150MK\u0149\u050f\u0551\u00c9`\u0507\u04ed-\u05d1\u01d3\u050f\u04e0\u0310\u03cd\u01d3\" alt=\"\" src=\"https:\/\/news.ecclesia.org.br\/wp-content\/uploads\/2016\/07\/002-83x55.jpg\" data-big=\"https:\/\/news.ecclesia.org.br\/wp-content\/uploads\/2016\/07\/002.jpg\"><\/a><a href=\"https:\/\/news.ecclesia.org.br\/wp-content\/uploads\/2016\/07\/003.jpg\"><img decoding=\"async\" title=\"\u0307\u0511\u03d0\u03cb\u01e0H\u01cd\u064d &#8211;\u0411\u0654\u01e0\u0205\u0241 \u02c5\u0254\u03d5\u0443\u0241 \u0305\u0501 \u0507\u0360\u0150MK\u0149\u050f\u0551\u00c9`\u0507\u04ed-\u05d1\u01d3\u050f\u04e0\u0310\u03cd\u01d3\" alt=\"\" src=\"https:\/\/news.ecclesia.org.br\/wp-content\/uploads\/2016\/07\/003-83x55.jpg\" data-big=\"https:\/\/news.ecclesia.org.br\/wp-content\/uploads\/2016\/07\/003.jpg\"><\/a><a href=\"https:\/\/news.ecclesia.org.br\/wp-content\/uploads\/2016\/07\/004.jpg\"><img decoding=\"async\" title=\"\u0307\u0511\u03d0\u03cb\u01e0H\u01cd\u064d &#8211;\u0411\u0654\u01e0\u0205\u0241 \u02c5\u0254\u03d5\u0443\u0241 \u0305\u0501 \u0507\u0360\u0150MK\u0149\u050f\u0551\u00c9`\u0507\u04ed-\u05d1\u01d3\u050f\u04e0\u0310\u03cd\u01d3\" alt=\"\" src=\"https:\/\/news.ecclesia.org.br\/wp-content\/uploads\/2016\/07\/004-83x55.jpg\" data-big=\"https:\/\/news.ecclesia.org.br\/wp-content\/uploads\/2016\/07\/004.jpg\"><\/a><a href=\"https:\/\/news.ecclesia.org.br\/wp-content\/uploads\/2016\/07\/005.jpg\"><img decoding=\"async\" title=\"\u0307\u0511\u03d0\u03cb\u01e0H\u01cd\u064d &#8211;\u0411\u0654\u01e0\u0205\u0241 \u02c5\u0254\u03d5\u0443\u0241 \u0305\u0501 \u0507\u0360\u0150MK\u0149\u050f\u0551\u00c9`\u0507\u04ed-\u05d1\u01d3\u050f\u04e0\u0310\u03cd\u01d3\" alt=\"\" src=\"https:\/\/news.ecclesia.org.br\/wp-content\/uploads\/2016\/07\/005-83x55.jpg\" data-big=\"https:\/\/news.ecclesia.org.br\/wp-content\/uploads\/2016\/07\/005.jpg\"><\/a><a href=\"https:\/\/news.ecclesia.org.br\/wp-content\/uploads\/2016\/07\/006.jpg\"><img decoding=\"async\" title=\"\u0307\u0511\u03d0\u03cb\u01e0H\u01cd\u064d &#8211;\u0411\u0654\u01e0\u0205\u0241 \u02c5\u0254\u03d5\u0443\u0241 \u0305\u0501 \u0507\u0360\u0150MK\u0149\u050f\u0551\u00c9`\u0507\u04ed-\u05d1\u01d3\u050f\u04e0\u0310\u03cd\u01d3\" alt=\"\" src=\"https:\/\/news.ecclesia.org.br\/wp-content\/uploads\/2016\/07\/006-83x55.jpg\" data-big=\"https:\/\/news.ecclesia.org.br\/wp-content\/uploads\/2016\/07\/006.jpg\"><\/a><a href=\"https:\/\/news.ecclesia.org.br\/wp-content\/uploads\/2016\/07\/007.jpg\"><img decoding=\"async\" title=\"\u0307\u0511\u03d0\u03cb\u01e0H\u01cd\u064d &#8211;\u0411\u0654\u01e0\u0205\u0241 \u02c5\u0254\u03d5\u0443\u0241 \u0305\u0501 \u0507\u0360\u0150MK\u0149\u050f\u0551\u00c9`\u0507\u04ed-\u05d1\u01d3\u050f\u04e0\u0310\u03cd\u01d3\" alt=\"\" src=\"https:\/\/news.ecclesia.org.br\/wp-content\/uploads\/2016\/07\/007-83x55.jpg\" data-big=\"https:\/\/news.ecclesia.org.br\/wp-content\/uploads\/2016\/07\/007.jpg\"><\/a><a href=\"https:\/\/news.ecclesia.org.br\/wp-content\/uploads\/2016\/07\/008.jpg\"><img decoding=\"async\" title=\"\u0307\u0511\u03d0\u03cb\u01e0H\u01cd\u064d &#8211;\u0411\u0654\u01e0\u0205\u0241 \u02c5\u0254\u03d5\u0443\u0241 \u0305\u0501 \u0507\u0360\u0150MK\u0149\u050f\u0551\u00c9`\u0507\u04ed-\u05d1\u01d3\u050f\u04e0\u0310\u03cd\u01d3\" alt=\"\" src=\"https:\/\/news.ecclesia.org.br\/wp-content\/uploads\/2016\/07\/008-83x55.jpg\" data-big=\"https:\/\/news.ecclesia.org.br\/wp-content\/uploads\/2016\/07\/008.jpg\"><\/a><a href=\"https:\/\/news.ecclesia.org.br\/wp-content\/uploads\/2016\/07\/009.jpg\"><img decoding=\"async\" title=\"\u0307\u0511\u03d0\u03cb\u01e0H\u01cd\u064d &#8211;\u0411\u0654\u01e0\u0205\u0241 \u02c5\u0254\u03d5\u0443\u0241 \u0305\u0501 \u0507\u0360\u0150MK\u0149\u050f\u0551\u00c9`\u0507\u04ed-\u05d1\u01d3\u050f\u04e0\u0310\u03cd\u01d3\" alt=\"\" src=\"https:\/\/news.ecclesia.org.br\/wp-content\/uploads\/2016\/07\/009-83x55.jpg\" data-big=\"https:\/\/news.ecclesia.org.br\/wp-content\/uploads\/2016\/07\/009.jpg\"><\/a><a href=\"https:\/\/news.ecclesia.org.br\/wp-content\/uploads\/2016\/07\/010.jpg\"><img decoding=\"async\" title=\"\u0307\u0511\u03d0\u03cb\u01e0H\u01cd\u064d &#8211;\u0411\u0654\u01e0\u0205\u0241 \u02c5\u0254\u03d5\u0443\u0241 \u0305\u0501 \u0507\u0360\u0150MK\u0149\u050f\u0551\u00c9`\u0507\u04ed-\u05d1\u01d3\u050f\u04e0\u0310\u03cd\u01d3\" alt=\"\" src=\"https:\/\/news.ecclesia.org.br\/wp-content\/uploads\/2016\/07\/010-83x55.jpg\" data-big=\"https:\/\/news.ecclesia.org.br\/wp-content\/uploads\/2016\/07\/010.jpg\"><\/a><a href=\"https:\/\/news.ecclesia.org.br\/wp-content\/uploads\/2016\/07\/011.jpg\"><img decoding=\"async\" title=\"\u0307\u0511\u03d0\u03cb\u01e0H\u01cd\u064d &#8211;\u0411\u0654\u01e0\u0205\u0241 \u02c5\u0254\u03d5\u0443\u0241 \u0305\u0501 \u0507\u0360\u0150MK\u0149\u050f\u0551\u00c9`\u0507\u04ed-\u05d1\u01d3\u050f\u04e0\u0310\u03cd\u01d3\" alt=\"\" src=\"https:\/\/news.ecclesia.org.br\/wp-content\/uploads\/2016\/07\/011-83x55.jpg\" data-big=\"https:\/\/news.ecclesia.org.br\/wp-content\/uploads\/2016\/07\/011.jpg\"><\/a><a href=\"https:\/\/news.ecclesia.org.br\/wp-content\/uploads\/2016\/07\/012.jpg\"><img decoding=\"async\" title=\"\u0307\u0511\u03d0\u03cb\u01e0H\u01cd\u064d &#8211;\u0411\u0654\u01e0\u0205\u0241 \u02c5\u0254\u03d5\u0443\u0241 \u0305\u0501 \u0507\u0360\u0150MK\u0149\u050f\u0551\u00c9`\u0507\u04ed-\u05d1\u01d3\u050f\u04e0\u0310\u03cd\u01d3\" alt=\"\" src=\"https:\/\/news.ecclesia.org.br\/wp-content\/uploads\/2016\/07\/012-83x55.jpg\" data-big=\"https:\/\/news.ecclesia.org.br\/wp-content\/uploads\/2016\/07\/012.jpg\"><\/a><a href=\"https:\/\/news.ecclesia.org.br\/wp-content\/uploads\/2016\/07\/013.jpg\"><img decoding=\"async\" title=\"\u0307\u0511\u03d0\u03cb\u01e0H\u01cd\u064d &#8211;\u0411\u0654\u01e0\u0205\u0241 \u02c5\u0254\u03d5\u0443\u0241 \u0305\u0501 \u0507\u0360\u0150MK\u0149\u050f\u0551\u00c9`\u0507\u04ed-\u05d1\u01d3\u050f\u04e0\u0310\u03cd\u01d3\" alt=\"\" src=\"https:\/\/news.ecclesia.org.br\/wp-content\/uploads\/2016\/07\/013-83x55.jpg\" data-big=\"https:\/\/news.ecclesia.org.br\/wp-content\/uploads\/2016\/07\/013.jpg\"><\/a><\/div><\/span><\/p>\n<p style=\"text-align: justify;\">Uma Divina Liturgia sinodal foi celebrada hoje, domingo, 3 de julho de 2016, na Catedral da Anuncia\u00e7\u00e3o da Sant\u00edssima Virgem, em Atenas (Gr\u00e9cia), ap\u00f3s os trabalhos de restaura\u00e7\u00e3o que foram\u00a0iniciados h\u00e1 8 anos atr\u00e1s. A Divina Liturgia sinodal foi presidida pelo S. B. Hieronymos, Arcebispo de Atenas e Toda a Gr\u00e9cia. Al\u00e9m dos hierarcas, sinodais, registrou-se tamb\u00e9m a presen\u00e7a de hierarcas de outras Igrejas Ortodoxas Locais, como a do representante do Patriarcado de Alexandria em Atenas, o Metropolita George de Guin\u00e9, o Exarca do Santo Sepulcro, Arquimandrita Damianos Panou, autoridades civis e militares da Gr\u00e9cia e numerosos fi\u00e9is. A Palavra de Deus foi pregada pelo Arquimandrita Cris\u00f3stomo Papathanasiou.<\/p>\n<hr \/>\n<p style=\"text-align: right;\">Fonte\u00a0(informa\u00e7\u00f5es para texto, e fotos):\u00a0<a href=\"http:\/\/www.romfea.gr\/\" target=\"_blank\">Romfea<\/a><\/p>\n","protected":false},"excerpt":{"rendered":"<p>Uma Divina Liturgia sinodal foi celebrada hoje, domingo, 3 de julho de 2016, na Catedral da Anuncia\u00e7\u00e3o da Sant\u00edssima Virgem, em Atenas (Gr\u00e9cia), ap\u00f3s os trabalhos de restaura\u00e7\u00e3o que foram\u00a0iniciados h\u00e1 8 anos atr\u00e1s. A Divina Liturgia sinodal foi presidida&#8230;<\/p>\n","protected":false},"author":1,"featured_media":21225,"comment_status":"open","ping_status":"open","sticky":false,"template":"","format":"standard","meta":{"_acf_changed":false,"footnotes":""},"categories":[1],"tags":[],"class_list":["post-21219","post","type-post","status-publish","format-standard","has-post-thumbnail","hentry","category-news","entry","rows-excerpt"],"acf":[],"yoast_head":"<!-- This site is optimized with the Yoast SEO plugin v27.5 - https:\/\/yoast.com\/product\/yoast-seo-wordpress\/ -->\n<title>Celebrada hoje a primeira Divina Liturgia na Catedral de Atenas ap\u00f3s a sua\u00a0restaura\u00e7\u00e3o | ECCLESIA NEWS<\/title>\n<meta name=\"robots\" content=\"index, follow, max-snippet:-1, max-image-preview:large, max-video-preview:-1\" \/>\n<link rel=\"canonical\" href=\"https:\/\/news.ecclesia.org.br\/?p=21219\" \/>\n<meta property=\"og:locale\" content=\"pt_BR\" \/>\n<meta property=\"og:type\" content=\"article\" \/>\n<meta property=\"og:title\" content=\"Celebrada hoje a primeira Divina Liturgia na Catedral de Atenas ap\u00f3s a sua\u00a0restaura\u00e7\u00e3o | ECCLESIA NEWS\" \/>\n<meta property=\"og:description\" content=\"Uma Divina Liturgia sinodal foi celebrada hoje, domingo, 3 de julho de 2016, na Catedral da Anuncia\u00e7\u00e3o da Sant\u00edssima Virgem, em Atenas (Gr\u00e9cia), ap\u00f3s os trabalhos de restaura\u00e7\u00e3o que foram\u00a0iniciados h\u00e1 8 anos atr\u00e1s. A Divina Liturgia sinodal foi presidida&#8230;\" \/>\n<meta property=\"og:url\" content=\"https:\/\/news.ecclesia.org.br\/?p=21219\" \/>\n<meta property=\"og:site_name\" content=\"ECCLESIA NEWS\" \/>\n<meta property=\"article:publisher\" content=\"https:\/\/www.facebook.com\/Ecclesia2025\" \/>\n<meta property=\"article:published_time\" content=\"2016-07-03T14:04:18+00:00\" \/>\n<meta property=\"article:modified_time\" content=\"2016-07-03T20:06:34+00:00\" \/>\n<meta property=\"og:image\" content=\"https:\/\/news.ecclesia.org.br\/wp-content\/uploads\/2016\/07\/006.jpg\" \/>\n\t<meta property=\"og:image:width\" content=\"770\" \/>\n\t<meta property=\"og:image:height\" content=\"513\" \/>\n\t<meta property=\"og:image:type\" content=\"image\/jpeg\" \/>\n<meta name=\"author\" content=\"Pe. Andr\u00e9\" \/>\n<meta name=\"twitter:card\" content=\"summary_large_image\" \/>\n<meta name=\"twitter:creator\" content=\"@EcclesiaNews\" \/>\n<meta name=\"twitter:site\" content=\"@EcclesiaNews\" \/>\n<meta name=\"twitter:label1\" content=\"Escrito por\" \/>\n\t<meta name=\"twitter:data1\" content=\"Pe. Andr\u00e9\" \/>\n\t<meta name=\"twitter:label2\" content=\"Est. tempo de leitura\" \/>\n\t<meta name=\"twitter:data2\" content=\"1 minuto\" \/>\n<script type=\"application\/ld+json\" class=\"yoast-schema-graph\">{\"@context\":\"https:\\\/\\\/schema.org\",\"@graph\":[{\"@type\":\"Article\",\"@id\":\"https:\\\/\\\/news.ecclesia.org.br\\\/?p=21219#article\",\"isPartOf\":{\"@id\":\"https:\\\/\\\/news.ecclesia.org.br\\\/?p=21219\"},\"author\":{\"name\":\"Pe. Andr\u00e9\",\"@id\":\"https:\\\/\\\/news.ecclesia.org.br\\\/#\\\/schema\\\/person\\\/6f09597f025829745ba414a569f63758\"},\"headline\":\"Celebrada hoje a primeira Divina Liturgia na Catedral de Atenas ap\u00f3s a sua\u00a0restaura\u00e7\u00e3o\",\"datePublished\":\"2016-07-03T14:04:18+00:00\",\"dateModified\":\"2016-07-03T20:06:34+00:00\",\"mainEntityOfPage\":{\"@id\":\"https:\\\/\\\/news.ecclesia.org.br\\\/?p=21219\"},\"wordCount\":146,\"commentCount\":0,\"publisher\":{\"@id\":\"https:\\\/\\\/news.ecclesia.org.br\\\/#organization\"},\"image\":{\"@id\":\"https:\\\/\\\/news.ecclesia.org.br\\\/?p=21219#primaryimage\"},\"thumbnailUrl\":\"https:\\\/\\\/news.ecclesia.org.br\\\/wp-content\\\/uploads\\\/2016\\\/07\\\/006.jpg\",\"articleSection\":[\"NEWS\"],\"inLanguage\":\"pt-BR\",\"potentialAction\":[{\"@type\":\"CommentAction\",\"name\":\"Comment\",\"target\":[\"https:\\\/\\\/news.ecclesia.org.br\\\/?p=21219#respond\"]}]},{\"@type\":\"WebPage\",\"@id\":\"https:\\\/\\\/news.ecclesia.org.br\\\/?p=21219\",\"url\":\"https:\\\/\\\/news.ecclesia.org.br\\\/?p=21219\",\"name\":\"Celebrada hoje a primeira Divina Liturgia na Catedral de Atenas ap\u00f3s a sua\u00a0restaura\u00e7\u00e3o | ECCLESIA NEWS\",\"isPartOf\":{\"@id\":\"https:\\\/\\\/news.ecclesia.org.br\\\/#website\"},\"primaryImageOfPage\":{\"@id\":\"https:\\\/\\\/news.ecclesia.org.br\\\/?p=21219#primaryimage\"},\"image\":{\"@id\":\"https:\\\/\\\/news.ecclesia.org.br\\\/?p=21219#primaryimage\"},\"thumbnailUrl\":\"https:\\\/\\\/news.ecclesia.org.br\\\/wp-content\\\/uploads\\\/2016\\\/07\\\/006.jpg\",\"datePublished\":\"2016-07-03T14:04:18+00:00\",\"dateModified\":\"2016-07-03T20:06:34+00:00\",\"breadcrumb\":{\"@id\":\"https:\\\/\\\/news.ecclesia.org.br\\\/?p=21219#breadcrumb\"},\"inLanguage\":\"pt-BR\",\"potentialAction\":[{\"@type\":\"ReadAction\",\"target\":[\"https:\\\/\\\/news.ecclesia.org.br\\\/?p=21219\"]}]},{\"@type\":\"ImageObject\",\"inLanguage\":\"pt-BR\",\"@id\":\"https:\\\/\\\/news.ecclesia.org.br\\\/?p=21219#primaryimage\",\"url\":\"https:\\\/\\\/news.ecclesia.org.br\\\/wp-content\\\/uploads\\\/2016\\\/07\\\/006.jpg\",\"contentUrl\":\"https:\\\/\\\/news.ecclesia.org.br\\\/wp-content\\\/uploads\\\/2016\\\/07\\\/006.jpg\",\"width\":770,\"height\":513,\"caption\":\"\u0505\u02c5\u04d4\u01ca\u0160\u04c7\u0305\u0441 \u01e0\u0411\u0654\u01e0 Q\u05c9\u0151T\u024a\u01e0 \u0205\u0241 \u02c5\u0254\u03d5\u0443\u0241 \u04d4\u01cd MJI\u0349\u04cc\u014d\u03e0\u0307\u0511\u03d0\u03cb\u0254\u024a\u03e0\u0341\u03e0\u0519\u0360H\u01cd\u064d \u0305\u0501 \u0507\u0360 \u05c8\u0153\u024d\u01e0\u0401\u0347\u00d5\u0449\u0287 \u0505\u02c5\u0507 \u0507\u04e0\u0150MK\u0149\u050f\u0551\u00c9`\u04d4\u03d5 \u0150\u0149\u0501 P\u03e08 \u0154\u01ed,\u05cf\u044f\u04d4T\u03d5\u0354\u03d3 \u050f\u0560Q\u05c9\u0150\u0253\u028f\u040f\u0560H\u01cd\u064d \u0281\u0260\u0401\u04c7\u04e0\u014b\u02c1\u010f\u04e0\u0245\u0459\u0355\u030f\u0560\u0281\u0260\u0519\u0360\u0305\u02d9\u0360\u0507\u04e0\u0245\u0441\u04e0\u04d5\u034f\u010f\u0560--\u0401\u0445\u0551\u0148\u01caM \u014a \u0305\u044f\u0553 \u0507\u04e0\u0295\u0085\u044d\u01d3\u01d3 \u03e0\u0550.\u0401\u0441 \u0519 \u0411\u0648\u0550\u03d5\u0443\u03e0\u0505\u0445\u0353 \u028f\u0549\u02a0\u0260\u03c9 \u008f\u054b\u0155\u0505\u04e0\u0507\u04e0\u0345S \u0107\u030f\u0291T\u0241\u04e0 \u0299\u04d4S \u0513\u0241\u0441\u04e0\u0281\u0260\u00c9\u0651\u00cf\u04e0\u028f\u054c\u03d5\u0513J\u03d3 \u0281\u0219\u04e0\u0281\u0260\u03e0\u008f\u054b\u0155\u0507\u04e0\u0507\u04e0\u05d1\u0553\u01d3 U\u00c7\u04e0\u05d1\u01d3\u050f\u04e0\u0401\u0401\u04ed-\u0150\u0253\u01d3 \u0401\u0445\u0551\u0148\u01caM \u03c9 \u014a\u0411\u03d3\u0650\u03c9 \u0519\u0360\u0401\u0511\u0241\u0457\u0149\u03d9\u0360K\u014eM\u0111\u0149S \u0307\u0511\u03d0 . \u00cf\u0549\u0345S \u00c5\u0651\u00c9\u03d3 \u0281\u0260\u050f\u0560\u0401\u0511\u0241\u0457 \u0245\u044f\u04cf\u02d5\u0319\u0360\u03e0\u014eQ\u05cf\u04e0q \u0101\u0309A\u034f\u04e0\u0401\u034f\u056d---\u0599\u050f \u05d1\u01d3\u050f\u04e0\u0310\u03cd\u01d3\\\/\\\/\"},{\"@type\":\"BreadcrumbList\",\"@id\":\"https:\\\/\\\/news.ecclesia.org.br\\\/?p=21219#breadcrumb\",\"itemListElement\":[{\"@type\":\"ListItem\",\"position\":1,\"name\":\"In\u00edcio\",\"item\":\"https:\\\/\\\/news.ecclesia.org.br\\\/\"},{\"@type\":\"ListItem\",\"position\":2,\"name\":\"Celebrada hoje a primeira Divina Liturgia na Catedral de Atenas ap\u00f3s a sua\u00a0restaura\u00e7\u00e3o\"}]},{\"@type\":\"WebSite\",\"@id\":\"https:\\\/\\\/news.ecclesia.org.br\\\/#website\",\"url\":\"https:\\\/\\\/news.ecclesia.org.br\\\/\",\"name\":\"Ecclesia Brasil\",\"description\":\"Desde 2003 onectando o Brasil ao mundo ortodoxo!\",\"publisher\":{\"@id\":\"https:\\\/\\\/news.ecclesia.org.br\\\/#organization\"},\"alternateName\":\"Ecclesia\",\"potentialAction\":[{\"@type\":\"SearchAction\",\"target\":{\"@type\":\"EntryPoint\",\"urlTemplate\":\"https:\\\/\\\/news.ecclesia.org.br\\\/?s={search_term_string}\"},\"query-input\":{\"@type\":\"PropertyValueSpecification\",\"valueRequired\":true,\"valueName\":\"search_term_string\"}}],\"inLanguage\":\"pt-BR\"},{\"@type\":\"Organization\",\"@id\":\"https:\\\/\\\/news.ecclesia.org.br\\\/#organization\",\"name\":\"Sacra Arquidiocese de Buenos Aires e Am\u00e9rica do Sul | Patriarcado Ecum\u00eanico\",\"alternateName\":\"News Ecclesia Brasil\",\"url\":\"https:\\\/\\\/news.ecclesia.org.br\\\/\",\"logo\":{\"@type\":\"ImageObject\",\"inLanguage\":\"pt-BR\",\"@id\":\"https:\\\/\\\/news.ecclesia.org.br\\\/#\\\/schema\\\/logo\\\/image\\\/\",\"url\":\"https:\\\/\\\/news.ecclesia.org.br\\\/wp-content\\\/uploads\\\/2025\\\/05\\\/ecclesia2.png\",\"contentUrl\":\"https:\\\/\\\/news.ecclesia.org.br\\\/wp-content\\\/uploads\\\/2025\\\/05\\\/ecclesia2.png\",\"width\":480,\"height\":120,\"caption\":\"Sacra Arquidiocese de Buenos Aires e Am\u00e9rica do Sul | Patriarcado Ecum\u00eanico\"},\"image\":{\"@id\":\"https:\\\/\\\/news.ecclesia.org.br\\\/#\\\/schema\\\/logo\\\/image\\\/\"},\"sameAs\":[\"https:\\\/\\\/www.facebook.com\\\/Ecclesia2025\",\"https:\\\/\\\/x.com\\\/EcclesiaNews\",\"https:\\\/\\\/br.pinterest.com\\\/ekklisia\\\/\",\"https:\\\/\\\/www.youtube.com\\\/@EcclesiaBrasil\"]},{\"@type\":\"Person\",\"@id\":\"https:\\\/\\\/news.ecclesia.org.br\\\/#\\\/schema\\\/person\\\/6f09597f025829745ba414a569f63758\",\"name\":\"Pe. Andr\u00e9\",\"image\":{\"@type\":\"ImageObject\",\"inLanguage\":\"pt-BR\",\"@id\":\"https:\\\/\\\/secure.gravatar.com\\\/avatar\\\/b4327cfa27e9799da239a26adcd534fc29cdc0c4a4a148eecbcfeb9b42c617ac?s=96&d=mm&r=g\",\"url\":\"https:\\\/\\\/secure.gravatar.com\\\/avatar\\\/b4327cfa27e9799da239a26adcd534fc29cdc0c4a4a148eecbcfeb9b42c617ac?s=96&d=mm&r=g\",\"contentUrl\":\"https:\\\/\\\/secure.gravatar.com\\\/avatar\\\/b4327cfa27e9799da239a26adcd534fc29cdc0c4a4a148eecbcfeb9b42c617ac?s=96&d=mm&r=g\",\"caption\":\"Pe. Andr\u00e9\"},\"sameAs\":[\"https:\\\/\\\/www.ecclesia.org.br\"]}]}<\/script>\n<!-- \/ Yoast SEO plugin. -->","yoast_head_json":{"title":"Celebrada hoje a primeira Divina Liturgia na Catedral de Atenas ap\u00f3s a sua\u00a0restaura\u00e7\u00e3o | ECCLESIA NEWS","robots":{"index":"index","follow":"follow","max-snippet":"max-snippet:-1","max-image-preview":"max-image-preview:large","max-video-preview":"max-video-preview:-1"},"canonical":"https:\/\/news.ecclesia.org.br\/?p=21219","og_locale":"pt_BR","og_type":"article","og_title":"Celebrada hoje a primeira Divina Liturgia na Catedral de Atenas ap\u00f3s a sua\u00a0restaura\u00e7\u00e3o | ECCLESIA NEWS","og_description":"Uma Divina Liturgia sinodal foi celebrada hoje, domingo, 3 de julho de 2016, na Catedral da Anuncia\u00e7\u00e3o da Sant\u00edssima Virgem, em Atenas (Gr\u00e9cia), ap\u00f3s os trabalhos de restaura\u00e7\u00e3o que foram\u00a0iniciados h\u00e1 8 anos atr\u00e1s. A Divina Liturgia sinodal foi presidida&#8230;","og_url":"https:\/\/news.ecclesia.org.br\/?p=21219","og_site_name":"ECCLESIA NEWS","article_publisher":"https:\/\/www.facebook.com\/Ecclesia2025","article_published_time":"2016-07-03T14:04:18+00:00","article_modified_time":"2016-07-03T20:06:34+00:00","og_image":[{"width":770,"height":513,"url":"https:\/\/news.ecclesia.org.br\/wp-content\/uploads\/2016\/07\/006.jpg","type":"image\/jpeg"}],"author":"Pe. Andr\u00e9","twitter_card":"summary_large_image","twitter_creator":"@EcclesiaNews","twitter_site":"@EcclesiaNews","twitter_misc":{"Escrito por":"Pe. Andr\u00e9","Est. tempo de leitura":"1 minuto"},"schema":{"@context":"https:\/\/schema.org","@graph":[{"@type":"Article","@id":"https:\/\/news.ecclesia.org.br\/?p=21219#article","isPartOf":{"@id":"https:\/\/news.ecclesia.org.br\/?p=21219"},"author":{"name":"Pe. Andr\u00e9","@id":"https:\/\/news.ecclesia.org.br\/#\/schema\/person\/6f09597f025829745ba414a569f63758"},"headline":"Celebrada hoje a primeira Divina Liturgia na Catedral de Atenas ap\u00f3s a sua\u00a0restaura\u00e7\u00e3o","datePublished":"2016-07-03T14:04:18+00:00","dateModified":"2016-07-03T20:06:34+00:00","mainEntityOfPage":{"@id":"https:\/\/news.ecclesia.org.br\/?p=21219"},"wordCount":146,"commentCount":0,"publisher":{"@id":"https:\/\/news.ecclesia.org.br\/#organization"},"image":{"@id":"https:\/\/news.ecclesia.org.br\/?p=21219#primaryimage"},"thumbnailUrl":"https:\/\/news.ecclesia.org.br\/wp-content\/uploads\/2016\/07\/006.jpg","articleSection":["NEWS"],"inLanguage":"pt-BR","potentialAction":[{"@type":"CommentAction","name":"Comment","target":["https:\/\/news.ecclesia.org.br\/?p=21219#respond"]}]},{"@type":"WebPage","@id":"https:\/\/news.ecclesia.org.br\/?p=21219","url":"https:\/\/news.ecclesia.org.br\/?p=21219","name":"Celebrada hoje a primeira Divina Liturgia na Catedral de Atenas ap\u00f3s a sua\u00a0restaura\u00e7\u00e3o | ECCLESIA NEWS","isPartOf":{"@id":"https:\/\/news.ecclesia.org.br\/#website"},"primaryImageOfPage":{"@id":"https:\/\/news.ecclesia.org.br\/?p=21219#primaryimage"},"image":{"@id":"https:\/\/news.ecclesia.org.br\/?p=21219#primaryimage"},"thumbnailUrl":"https:\/\/news.ecclesia.org.br\/wp-content\/uploads\/2016\/07\/006.jpg","datePublished":"2016-07-03T14:04:18+00:00","dateModified":"2016-07-03T20:06:34+00:00","breadcrumb":{"@id":"https:\/\/news.ecclesia.org.br\/?p=21219#breadcrumb"},"inLanguage":"pt-BR","potentialAction":[{"@type":"ReadAction","target":["https:\/\/news.ecclesia.org.br\/?p=21219"]}]},{"@type":"ImageObject","inLanguage":"pt-BR","@id":"https:\/\/news.ecclesia.org.br\/?p=21219#primaryimage","url":"https:\/\/news.ecclesia.org.br\/wp-content\/uploads\/2016\/07\/006.jpg","contentUrl":"https:\/\/news.ecclesia.org.br\/wp-content\/uploads\/2016\/07\/006.jpg","width":770,"height":513,"caption":"\u0505\u02c5\u04d4\u01ca\u0160\u04c7\u0305\u0441 \u01e0\u0411\u0654\u01e0 Q\u05c9\u0151T\u024a\u01e0 \u0205\u0241 \u02c5\u0254\u03d5\u0443\u0241 \u04d4\u01cd MJI\u0349\u04cc\u014d\u03e0\u0307\u0511\u03d0\u03cb\u0254\u024a\u03e0\u0341\u03e0\u0519\u0360H\u01cd\u064d \u0305\u0501 \u0507\u0360 \u05c8\u0153\u024d\u01e0\u0401\u0347\u00d5\u0449\u0287 \u0505\u02c5\u0507 \u0507\u04e0\u0150MK\u0149\u050f\u0551\u00c9`\u04d4\u03d5 \u0150\u0149\u0501 P\u03e08 \u0154\u01ed,\u05cf\u044f\u04d4T\u03d5\u0354\u03d3 \u050f\u0560Q\u05c9\u0150\u0253\u028f\u040f\u0560H\u01cd\u064d \u0281\u0260\u0401\u04c7\u04e0\u014b\u02c1\u010f\u04e0\u0245\u0459\u0355\u030f\u0560\u0281\u0260\u0519\u0360\u0305\u02d9\u0360\u0507\u04e0\u0245\u0441\u04e0\u04d5\u034f\u010f\u0560--\u0401\u0445\u0551\u0148\u01caM \u014a \u0305\u044f\u0553 \u0507\u04e0\u0295\u0085\u044d\u01d3\u01d3 \u03e0\u0550.\u0401\u0441 \u0519 \u0411\u0648\u0550\u03d5\u0443\u03e0\u0505\u0445\u0353 \u028f\u0549\u02a0\u0260\u03c9 \u008f\u054b\u0155\u0505\u04e0\u0507\u04e0\u0345S \u0107\u030f\u0291T\u0241\u04e0 \u0299\u04d4S \u0513\u0241\u0441\u04e0\u0281\u0260\u00c9\u0651\u00cf\u04e0\u028f\u054c\u03d5\u0513J\u03d3 \u0281\u0219\u04e0\u0281\u0260\u03e0\u008f\u054b\u0155\u0507\u04e0\u0507\u04e0\u05d1\u0553\u01d3 U\u00c7\u04e0\u05d1\u01d3\u050f\u04e0\u0401\u0401\u04ed-\u0150\u0253\u01d3 \u0401\u0445\u0551\u0148\u01caM \u03c9 \u014a\u0411\u03d3\u0650\u03c9 \u0519\u0360\u0401\u0511\u0241\u0457\u0149\u03d9\u0360K\u014eM\u0111\u0149S \u0307\u0511\u03d0 . \u00cf\u0549\u0345S \u00c5\u0651\u00c9\u03d3 \u0281\u0260\u050f\u0560\u0401\u0511\u0241\u0457 \u0245\u044f\u04cf\u02d5\u0319\u0360\u03e0\u014eQ\u05cf\u04e0q \u0101\u0309A\u034f\u04e0\u0401\u034f\u056d---\u0599\u050f \u05d1\u01d3\u050f\u04e0\u0310\u03cd\u01d3\/\/"},{"@type":"BreadcrumbList","@id":"https:\/\/news.ecclesia.org.br\/?p=21219#breadcrumb","itemListElement":[{"@type":"ListItem","position":1,"name":"In\u00edcio","item":"https:\/\/news.ecclesia.org.br\/"},{"@type":"ListItem","position":2,"name":"Celebrada hoje a primeira Divina Liturgia na Catedral de Atenas ap\u00f3s a sua\u00a0restaura\u00e7\u00e3o"}]},{"@type":"WebSite","@id":"https:\/\/news.ecclesia.org.br\/#website","url":"https:\/\/news.ecclesia.org.br\/","name":"Ecclesia Brasil","description":"Desde 2003 onectando o Brasil ao mundo ortodoxo!","publisher":{"@id":"https:\/\/news.ecclesia.org.br\/#organization"},"alternateName":"Ecclesia","potentialAction":[{"@type":"SearchAction","target":{"@type":"EntryPoint","urlTemplate":"https:\/\/news.ecclesia.org.br\/?s={search_term_string}"},"query-input":{"@type":"PropertyValueSpecification","valueRequired":true,"valueName":"search_term_string"}}],"inLanguage":"pt-BR"},{"@type":"Organization","@id":"https:\/\/news.ecclesia.org.br\/#organization","name":"Sacra Arquidiocese de Buenos Aires e Am\u00e9rica do Sul | Patriarcado Ecum\u00eanico","alternateName":"News Ecclesia Brasil","url":"https:\/\/news.ecclesia.org.br\/","logo":{"@type":"ImageObject","inLanguage":"pt-BR","@id":"https:\/\/news.ecclesia.org.br\/#\/schema\/logo\/image\/","url":"https:\/\/news.ecclesia.org.br\/wp-content\/uploads\/2025\/05\/ecclesia2.png","contentUrl":"https:\/\/news.ecclesia.org.br\/wp-content\/uploads\/2025\/05\/ecclesia2.png","width":480,"height":120,"caption":"Sacra Arquidiocese de Buenos Aires e Am\u00e9rica do Sul | Patriarcado Ecum\u00eanico"},"image":{"@id":"https:\/\/news.ecclesia.org.br\/#\/schema\/logo\/image\/"},"sameAs":["https:\/\/www.facebook.com\/Ecclesia2025","https:\/\/x.com\/EcclesiaNews","https:\/\/br.pinterest.com\/ekklisia\/","https:\/\/www.youtube.com\/@EcclesiaBrasil"]},{"@type":"Person","@id":"https:\/\/news.ecclesia.org.br\/#\/schema\/person\/6f09597f025829745ba414a569f63758","name":"Pe. Andr\u00e9","image":{"@type":"ImageObject","inLanguage":"pt-BR","@id":"https:\/\/secure.gravatar.com\/avatar\/b4327cfa27e9799da239a26adcd534fc29cdc0c4a4a148eecbcfeb9b42c617ac?s=96&d=mm&r=g","url":"https:\/\/secure.gravatar.com\/avatar\/b4327cfa27e9799da239a26adcd534fc29cdc0c4a4a148eecbcfeb9b42c617ac?s=96&d=mm&r=g","contentUrl":"https:\/\/secure.gravatar.com\/avatar\/b4327cfa27e9799da239a26adcd534fc29cdc0c4a4a148eecbcfeb9b42c617ac?s=96&d=mm&r=g","caption":"Pe. Andr\u00e9"},"sameAs":["https:\/\/www.ecclesia.org.br"]}]}},"_links":{"self":[{"href":"https:\/\/news.ecclesia.org.br\/index.php?rest_route=\/wp\/v2\/posts\/21219","targetHints":{"allow":["GET"]}}],"collection":[{"href":"https:\/\/news.ecclesia.org.br\/index.php?rest_route=\/wp\/v2\/posts"}],"about":[{"href":"https:\/\/news.ecclesia.org.br\/index.php?rest_route=\/wp\/v2\/types\/post"}],"author":[{"embeddable":true,"href":"https:\/\/news.ecclesia.org.br\/index.php?rest_route=\/wp\/v2\/users\/1"}],"replies":[{"embeddable":true,"href":"https:\/\/news.ecclesia.org.br\/index.php?rest_route=%2Fwp%2Fv2%2Fcomments&post=21219"}],"version-history":[{"count":0,"href":"https:\/\/news.ecclesia.org.br\/index.php?rest_route=\/wp\/v2\/posts\/21219\/revisions"}],"wp:featuredmedia":[{"embeddable":true,"href":"https:\/\/news.ecclesia.org.br\/index.php?rest_route=\/wp\/v2\/media\/21225"}],"wp:attachment":[{"href":"https:\/\/news.ecclesia.org.br\/index.php?rest_route=%2Fwp%2Fv2%2Fmedia&parent=21219"}],"wp:term":[{"taxonomy":"category","embeddable":true,"href":"https:\/\/news.ecclesia.org.br\/index.php?rest_route=%2Fwp%2Fv2%2Fcategories&post=21219"},{"taxonomy":"post_tag","embeddable":true,"href":"https:\/\/news.ecclesia.org.br\/index.php?rest_route=%2Fwp%2Fv2%2Ftags&post=21219"}],"curies":[{"name":"wp","href":"https:\/\/api.w.org\/{rel}","templated":true}]}}