{"id":21194,"date":"2016-07-01T01:07:21","date_gmt":"2016-07-01T01:07:21","guid":{"rendered":"https:\/\/news.ecclesia.org.br\/2013\/?p=21194"},"modified":"2020-09-20T16:37:30","modified_gmt":"2020-09-20T19:37:30","slug":"mensagem-do-patriarca-ecumenico-bartolomeu-i-ao-papa-francisco-no-dia-da-festa-dos-santos-apostolos-pedro-e-paulo-nas-raizes-da-crise-ecologica","status":"publish","type":"post","link":"https:\/\/news.ecclesia.org.br\/?p=21194","title":{"rendered":"Mensagem do Patriarca Ecum\u00eanico Bartolomeu I ao Papa Francisco no dia da festa dos Santos Ap\u00f3stolos Pedro e Paulo: nas ra\u00edzes da crise ecol\u00f3gica"},"content":{"rendered":"<p>Uma delega\u00e7\u00e3o do Patriarcado de Constantinopla esteve no Vaticano, por ocasi\u00e3o da Festa de S\u00e3o Pedro e S\u00e3o Paulo. Na oportunidade foi entregue ao Papa Francisco a mensagem de Bartolomeu.<\/p>\n<hr \/>\n<blockquote><p>\u00c0 Sua Santidade Papa Francisco\u00a0da Antiga Roma:\u00a0 alegrai-vos no Senhor!<\/p>\n<p style=\"text-align: justify;\">Ao concelebrar convosco a vener\u00e1vel mem\u00f3ria do Chefe entre os Ap\u00f3stolos Pedro e do Ap\u00f3stolo dos Gentios Paulo, martirizados na sua Sede e profundamente honrados tanto pela Antiga como pela Nova Roma, seguimos a aben\u00e7oada tradi\u00e7\u00e3o de trocar visitas oficiais atrav\u00e9s de Delega\u00e7\u00f5es das nossas Igrejas por ocasi\u00e3o das nossas respectivas festas do Trono. Por isso, dirigimo-nos fraternalmente a v\u00f3s, com uma sauda\u00e7\u00e3o festiva, abra\u00e7ando-vos, Santidade, com um \u00f3sculo santo\u00a0e orando que o Senhor da gl\u00f3ria o fortale\u00e7a para o bem da Igreja e para a unidade dos crist\u00e3os, como tamb\u00e9m em benef\u00edcio de uma humanidade t\u00e3o inquieta.<\/p>\n<p style=\"text-align: justify;\">Recordamos com sentimentos de afeto e profunda gratid\u00e3o o nosso recente encontro na ilha aben\u00e7oada de Lesbos, para dar apoio aos refugiados e aos migrantes, encorajando-os e dando-lhes esperan\u00e7a, mas tamb\u00e9m para afirmar, junto com Sua Beatitude o Arcebispo Hieronymus de Atenas e de toda a Gr\u00e9cia, a necessidade de garantir uma solu\u00e7\u00e3o pac\u00edfica \u00e0 maior crise humanit\u00e1ria desde o fim da segunda guerra mundial, da qual \u00e9 v\u00edtima um n\u00famero infinito de pessoas, entre as quais tamb\u00e9m as popula\u00e7\u00f5es crist\u00e3s origin\u00e1rias do Oriente.<\/p>\n<p style=\"text-align: justify;\">As nossas Igrejas sentem o clamor de \u201cquantos est\u00e3o fatigados e oprimidos\u201d (cf. Mt 11,28), v\u00edtimas de viol\u00eancia e de fanatismo, discrimina\u00e7\u00e3o e persegui\u00e7\u00e3o, injusti\u00e7a social, pobreza e fome; e audazmente colocamos a lanterna \u201csobre o alqueire\u201c (cf. Mt 5, 15) ante a tr\u00e1gica recusa de respeito pela sacralidade da pessoa humana.<\/p>\n<p style=\"text-align: justify;\">A atual crise dos refugiados e dos migrantes tem demostrado a necessidade que as na\u00e7\u00f5es europeias enfrentem o problema baseados nos antigos princ\u00edpios crist\u00e3os de fraternidade e justi\u00e7a social. Reconhecemos que a civiliza\u00e7\u00e3o europeia n\u00e3o pode ser entendida sem refer\u00eancia \u00e0s suas ra\u00edzes crist\u00e3s e que o seu futuro n\u00e3o pode ser aquele de uma sociedade inteiramente secularizada ou submetida ao economicismo e a v\u00e1rias formas de fundamentalismo. A \u201ccultura de solidariedade\u201d alimentada pelo cristianismo n\u00e3o \u00e9 conservada atrav\u00e9s do avan\u00e7o dos padr\u00f5es de vida, da internet e da globaliza\u00e7\u00e3o.<\/p>\n<p style=\"text-align: justify;\">Ningu\u00e9m honra a humanidade criada \u00e0 imagem e semelhan\u00e7a de Deus quanto a Igreja de Cristo, o qual foi revelado como &#8220;Deus-conosco\u201d (Mt 1, 23) e como &#8220;Deus-para n\u00f3s\u201d (cf Rom 8, 32). \u00c9 por isso que a palavra da Igreja \u00e9 e permanecer\u00e1 nos s\u00e9culos uma interven\u00e7\u00e3o para o bem da humanidade e de sua liberdade doada a Deus. A vida na Igreja incorpora, junto \u00e0 Santa Eucaristia, a espl\u00eandida devo\u00e7\u00e3o e a vida de prece, a luta asc\u00e9tica e interior contra as paix\u00f5es, como tamb\u00e9m a resist\u00eancia contra o mal social e a luta para que prevale\u00e7am a justi\u00e7a e a paz.<\/p>\n<p style=\"text-align: justify;\">Estamos convictos que os nossos esfor\u00e7os comuns e as nossas iniciativas referentes aos desafios globais do presente continuar\u00e3o, j\u00e1 que s\u00e3o um bom testemunho para a Igreja de Cristo a servi\u00e7o da humanidade e do mundo, e, ao mesmo tempo manifestam e refor\u00e7am a nossa responsabilidade espiritual ante os desafios atuais para o bem do mundo crist\u00e3o e de toda a humanidade.<\/p>\n<p style=\"text-align: justify;\">Exprimimos a nossa alegria e o nosso prazer pelo fato de que a sua enc\u00edclica Laudato Si\u2019 \u2013 que gentilmente fez refer\u00eancia \u00e0s iniciativas ecol\u00f3gicas do Patriarcado Ecum\u00eanico, como tamb\u00e9m \u00e0 \u00eanfase que pomos sobre as ra\u00edzes espirituais e morais da crise ecol\u00f3gica, unida \u00e0 necessidade de arrependimento, de mudan\u00e7a radical de conduta e de comportamento para a sua solu\u00e7\u00e3o \u2013 tenha sido amplamente apreciada e tenha demonstrado as dimens\u00f5es e as consequ\u00eancias sociais do problema ecol\u00f3gico. Todo aquele que ama Deus com todo o cora\u00e7\u00e3o, a mente e as for\u00e7as (cf. Mc 12, 30) ama tamb\u00e9m a humanidade e se preocupa pela cria\u00e7\u00e3o de Deus como casa aben\u00e7oada da humanidade. O duplo \u201cgrande mandamento\u201d do amor, sobre o qual \u201cse fundam toda a lei e os Profetas\u201d (cf Mt 22, 37.40-41) abra\u00e7a tamb\u00e9m o cuidado pelo mundo criado.<\/p>\n<p style=\"text-align: justify;\">Santidade e caro Irm\u00e3o, temos sido aben\u00e7oados como cust\u00f3dios de preciosas tradi\u00e7\u00f5es de amor divino e caridade humana, herdeiros tamb\u00e9m de verdades fundamentais pertencentes aos seres humanos como cidad\u00e3os do mundo e cidad\u00e3os do c\u00e9u, que temos o dever de preservar na sua integridade, permanecendo fi\u00e9is ao Senhor que \u201cn\u00e3o veio para ser servido, mas para servir\u201d (Mt 20,28), como tamb\u00e9m aos vener\u00e1veis fundadores das Igrejas de Roma e de Constantinopla, os irm\u00e3os Pedro e Andr\u00e9, que selaram o seu testemunho de Sua verdade sobre a cruz, num modo digno de Cristo.<\/p>\n<p style=\"text-align: justify;\">Os nossos esfor\u00e7os s\u00e3o alimentados por esta fonte infinita para o progredir do caminho em dire\u00e7\u00e3o \u00e0 desejada unidade das nossas Igrejas. O di\u00e1logo que continua entre a Igreja Ortodoxa e a sant\u00edssima Igreja de Roma \u00e9 um \u00e2mbito que produz conhecimento teol\u00f3gico, experi\u00eancia ecum\u00eanica e enriquecimento rec\u00edproco. Os textos deste di\u00e1logo confirmam os nossos modelos crist\u00e3os comuns e exprimem a nossa f\u00e9 segundo a qual a Verdade da Igreja \u00e9 uma pessoa, ou seja, o Verbo de Deus que se fez carne, sofreu e ressuscitou.<\/p>\n<p style=\"text-align: justify;\">O di\u00e1logo \u201cna Verdade\u201d implica em \u201cdizer a verdade na caridade\u201d (cf Ef 4,15), \u201cpermanecer\u201d no amor (cf Jo 15, 9) como \u201cv\u00ednculo de perfei\u00e7\u00e3o\u201d (Col. 3,14).<\/p>\n<p style=\"text-align: justify;\">Estes sentimentos e aug\u00farios fraternos por ocasi\u00e3o da gloriosa festa da Igreja em Roma ser\u00e3o levados e expressos pessoalmente a Sua Santidade pela nossa Delega\u00e7\u00e3o patriarcal, guiada por Sua Emin\u00eancia o Metropolita Methodios de Boston, acompanhado por Sua Excel\u00eancia o Arcebispo Job de Telemessos e pelo Reverend\u00edssimo Di\u00e1cono patriarcal Nephon Tsimalis.<\/p>\n<p style=\"text-align: justify;\">Estando juntos, com a boa vontade do Deus ben\u00e9volo, ao Santo e grande Conc\u00edlio da Igreja Ortodoxa, vos\u00a0solicitamos, Santidade, de orar para que as suas delibera\u00e7\u00f5es deem uma colet\u00e2nea fecunda no Esp\u00edrito Santo, para gl\u00f3ria da Divindade Una e Trina e indivisa, permanecendo com profundo amor e particular estima no Senhor.<\/p>\n<p style=\"text-align: justify;\">29 de junho de 2016.<\/p>\n<p style=\"text-align: justify;\">O amado irm\u00e3o em Cristo da sua vener\u00e1vel Santidade.<\/p>\n<\/blockquote>\n<hr \/>\n<p style=\"text-align: right;\">A \u00edntegra da mensagem foi publicada por L\u2019Osservatore Romano, 28-06-2016.<br \/>\nA tradu\u00e7\u00e3o \u00e9 de Benno Dischinger.<br \/>\nFonte: <a href=\"http:\/\/www.ihu.unisinos.br\/noticias\/557129-mensagem-de-bartolomeu-nas-raizes-da-crise-ecologica\" target=\"_blank\" rel=\"noopener noreferrer\">IHU<\/a><\/p>\n","protected":false},"excerpt":{"rendered":"<p>Uma delega\u00e7\u00e3o do Patriarcado de Constantinopla esteve no Vaticano, por ocasi\u00e3o da Festa de S\u00e3o Pedro e S\u00e3o Paulo. Na oportunidade foi entregue ao Papa Francisco a mensagem de Bartolomeu. \u00c0 Sua Santidade Papa Francisco\u00a0da Antiga Roma:\u00a0 alegrai-vos no Senhor!&#8230;<\/p>\n","protected":false},"author":1,"featured_media":21278,"comment_status":"open","ping_status":"open","sticky":false,"template":"","format":"standard","meta":{"_acf_changed":false,"footnotes":""},"categories":[72],"tags":[],"class_list":["post-21194","post","type-post","status-publish","format-standard","has-post-thumbnail","hentry","category-patriarcado-ecumenico","entry","rows-excerpt"],"acf":[],"yoast_head":"<!-- This site is optimized with the Yoast SEO plugin v27.4 - https:\/\/yoast.com\/product\/yoast-seo-wordpress\/ -->\n<title>Mensagem do Patriarca Ecum\u00eanico Bartolomeu I ao Papa Francisco no dia da festa dos Santos Ap\u00f3stolos Pedro e Paulo: nas ra\u00edzes da crise ecol\u00f3gica | ECCLESIA NEWS<\/title>\n<meta name=\"robots\" content=\"index, follow, max-snippet:-1, max-image-preview:large, max-video-preview:-1\" \/>\n<link rel=\"canonical\" href=\"https:\/\/news.ecclesia.org.br\/?p=21194\" \/>\n<meta property=\"og:locale\" content=\"pt_BR\" \/>\n<meta property=\"og:type\" content=\"article\" \/>\n<meta property=\"og:title\" content=\"Mensagem do Patriarca Ecum\u00eanico Bartolomeu I ao Papa Francisco no dia da festa dos Santos Ap\u00f3stolos Pedro e Paulo: nas ra\u00edzes da crise ecol\u00f3gica | ECCLESIA NEWS\" \/>\n<meta property=\"og:description\" content=\"Uma delega\u00e7\u00e3o do Patriarcado de Constantinopla esteve no Vaticano, por ocasi\u00e3o da Festa de S\u00e3o Pedro e S\u00e3o Paulo. Na oportunidade foi entregue ao Papa Francisco a mensagem de Bartolomeu. \u00c0 Sua Santidade Papa Francisco\u00a0da Antiga Roma:\u00a0 alegrai-vos no Senhor!&#8230;\" \/>\n<meta property=\"og:url\" content=\"https:\/\/news.ecclesia.org.br\/?p=21194\" \/>\n<meta property=\"og:site_name\" content=\"ECCLESIA NEWS\" \/>\n<meta property=\"article:publisher\" content=\"https:\/\/www.facebook.com\/Ecclesia2025\" \/>\n<meta property=\"article:published_time\" content=\"2016-07-01T01:07:21+00:00\" \/>\n<meta property=\"article:modified_time\" content=\"2020-09-20T19:37:30+00:00\" \/>\n<meta property=\"og:image\" content=\"https:\/\/news.ecclesia.org.br\/wp-content\/uploads\/2016\/07\/delegacao-roma-2016.jpg\" \/>\n\t<meta property=\"og:image:width\" content=\"960\" \/>\n\t<meta property=\"og:image:height\" content=\"691\" \/>\n\t<meta property=\"og:image:type\" content=\"image\/jpeg\" \/>\n<meta name=\"author\" content=\"Pe. Andr\u00e9\" \/>\n<meta name=\"twitter:card\" content=\"summary_large_image\" \/>\n<meta name=\"twitter:creator\" content=\"@EcclesiaNews\" \/>\n<meta name=\"twitter:site\" content=\"@EcclesiaNews\" \/>\n<meta name=\"twitter:label1\" content=\"Escrito por\" \/>\n\t<meta name=\"twitter:data1\" content=\"Pe. Andr\u00e9\" \/>\n\t<meta name=\"twitter:label2\" content=\"Est. tempo de leitura\" \/>\n\t<meta name=\"twitter:data2\" content=\"6 minutos\" \/>\n<script type=\"application\/ld+json\" class=\"yoast-schema-graph\">{\"@context\":\"https:\\\/\\\/schema.org\",\"@graph\":[{\"@type\":\"Article\",\"@id\":\"https:\\\/\\\/news.ecclesia.org.br\\\/?p=21194#article\",\"isPartOf\":{\"@id\":\"https:\\\/\\\/news.ecclesia.org.br\\\/?p=21194\"},\"author\":{\"name\":\"Pe. Andr\u00e9\",\"@id\":\"https:\\\/\\\/news.ecclesia.org.br\\\/#\\\/schema\\\/person\\\/6f09597f025829745ba414a569f63758\"},\"headline\":\"Mensagem do Patriarca Ecum\u00eanico Bartolomeu I ao Papa Francisco no dia da festa dos Santos Ap\u00f3stolos Pedro e Paulo: nas ra\u00edzes da crise ecol\u00f3gica\",\"datePublished\":\"2016-07-01T01:07:21+00:00\",\"dateModified\":\"2020-09-20T19:37:30+00:00\",\"mainEntityOfPage\":{\"@id\":\"https:\\\/\\\/news.ecclesia.org.br\\\/?p=21194\"},\"wordCount\":1149,\"commentCount\":0,\"publisher\":{\"@id\":\"https:\\\/\\\/news.ecclesia.org.br\\\/#organization\"},\"image\":{\"@id\":\"https:\\\/\\\/news.ecclesia.org.br\\\/?p=21194#primaryimage\"},\"thumbnailUrl\":\"https:\\\/\\\/news.ecclesia.org.br\\\/wp-content\\\/uploads\\\/2016\\\/07\\\/delegacao-roma-2016.jpg\",\"articleSection\":[\"Patriarcado Ecum\u00eanico\"],\"inLanguage\":\"pt-BR\",\"potentialAction\":[{\"@type\":\"CommentAction\",\"name\":\"Comment\",\"target\":[\"https:\\\/\\\/news.ecclesia.org.br\\\/?p=21194#respond\"]}]},{\"@type\":\"WebPage\",\"@id\":\"https:\\\/\\\/news.ecclesia.org.br\\\/?p=21194\",\"url\":\"https:\\\/\\\/news.ecclesia.org.br\\\/?p=21194\",\"name\":\"Mensagem do Patriarca Ecum\u00eanico Bartolomeu I ao Papa Francisco no dia da festa dos Santos Ap\u00f3stolos Pedro e Paulo: nas ra\u00edzes da crise ecol\u00f3gica | ECCLESIA NEWS\",\"isPartOf\":{\"@id\":\"https:\\\/\\\/news.ecclesia.org.br\\\/#website\"},\"primaryImageOfPage\":{\"@id\":\"https:\\\/\\\/news.ecclesia.org.br\\\/?p=21194#primaryimage\"},\"image\":{\"@id\":\"https:\\\/\\\/news.ecclesia.org.br\\\/?p=21194#primaryimage\"},\"thumbnailUrl\":\"https:\\\/\\\/news.ecclesia.org.br\\\/wp-content\\\/uploads\\\/2016\\\/07\\\/delegacao-roma-2016.jpg\",\"datePublished\":\"2016-07-01T01:07:21+00:00\",\"dateModified\":\"2020-09-20T19:37:30+00:00\",\"breadcrumb\":{\"@id\":\"https:\\\/\\\/news.ecclesia.org.br\\\/?p=21194#breadcrumb\"},\"inLanguage\":\"pt-BR\",\"potentialAction\":[{\"@type\":\"ReadAction\",\"target\":[\"https:\\\/\\\/news.ecclesia.org.br\\\/?p=21194\"]}]},{\"@type\":\"ImageObject\",\"inLanguage\":\"pt-BR\",\"@id\":\"https:\\\/\\\/news.ecclesia.org.br\\\/?p=21194#primaryimage\",\"url\":\"https:\\\/\\\/news.ecclesia.org.br\\\/wp-content\\\/uploads\\\/2016\\\/07\\\/delegacao-roma-2016.jpg\",\"contentUrl\":\"https:\\\/\\\/news.ecclesia.org.br\\\/wp-content\\\/uploads\\\/2016\\\/07\\\/delegacao-roma-2016.jpg\",\"width\":960,\"height\":691},{\"@type\":\"BreadcrumbList\",\"@id\":\"https:\\\/\\\/news.ecclesia.org.br\\\/?p=21194#breadcrumb\",\"itemListElement\":[{\"@type\":\"ListItem\",\"position\":1,\"name\":\"In\u00edcio\",\"item\":\"https:\\\/\\\/news.ecclesia.org.br\\\/\"},{\"@type\":\"ListItem\",\"position\":2,\"name\":\"Mensagem do Patriarca Ecum\u00eanico Bartolomeu I ao Papa Francisco no dia da festa dos Santos Ap\u00f3stolos Pedro e Paulo: nas ra\u00edzes da crise ecol\u00f3gica\"}]},{\"@type\":\"WebSite\",\"@id\":\"https:\\\/\\\/news.ecclesia.org.br\\\/#website\",\"url\":\"https:\\\/\\\/news.ecclesia.org.br\\\/\",\"name\":\"Ecclesia Brasil\",\"description\":\"Desde 2003 onectando o Brasil ao mundo ortodoxo!\",\"publisher\":{\"@id\":\"https:\\\/\\\/news.ecclesia.org.br\\\/#organization\"},\"alternateName\":\"Ecclesia\",\"potentialAction\":[{\"@type\":\"SearchAction\",\"target\":{\"@type\":\"EntryPoint\",\"urlTemplate\":\"https:\\\/\\\/news.ecclesia.org.br\\\/?s={search_term_string}\"},\"query-input\":{\"@type\":\"PropertyValueSpecification\",\"valueRequired\":true,\"valueName\":\"search_term_string\"}}],\"inLanguage\":\"pt-BR\"},{\"@type\":\"Organization\",\"@id\":\"https:\\\/\\\/news.ecclesia.org.br\\\/#organization\",\"name\":\"Sacra Arquidiocese de Buenos Aires e Am\u00e9rica do Sul | Patriarcado Ecum\u00eanico\",\"alternateName\":\"News Ecclesia Brasil\",\"url\":\"https:\\\/\\\/news.ecclesia.org.br\\\/\",\"logo\":{\"@type\":\"ImageObject\",\"inLanguage\":\"pt-BR\",\"@id\":\"https:\\\/\\\/news.ecclesia.org.br\\\/#\\\/schema\\\/logo\\\/image\\\/\",\"url\":\"https:\\\/\\\/news.ecclesia.org.br\\\/wp-content\\\/uploads\\\/2025\\\/05\\\/ecclesia2.png\",\"contentUrl\":\"https:\\\/\\\/news.ecclesia.org.br\\\/wp-content\\\/uploads\\\/2025\\\/05\\\/ecclesia2.png\",\"width\":480,\"height\":120,\"caption\":\"Sacra Arquidiocese de Buenos Aires e Am\u00e9rica do Sul | Patriarcado Ecum\u00eanico\"},\"image\":{\"@id\":\"https:\\\/\\\/news.ecclesia.org.br\\\/#\\\/schema\\\/logo\\\/image\\\/\"},\"sameAs\":[\"https:\\\/\\\/www.facebook.com\\\/Ecclesia2025\",\"https:\\\/\\\/x.com\\\/EcclesiaNews\",\"https:\\\/\\\/br.pinterest.com\\\/ekklisia\\\/\",\"https:\\\/\\\/www.youtube.com\\\/@EcclesiaBrasil\"]},{\"@type\":\"Person\",\"@id\":\"https:\\\/\\\/news.ecclesia.org.br\\\/#\\\/schema\\\/person\\\/6f09597f025829745ba414a569f63758\",\"name\":\"Pe. Andr\u00e9\",\"image\":{\"@type\":\"ImageObject\",\"inLanguage\":\"pt-BR\",\"@id\":\"https:\\\/\\\/secure.gravatar.com\\\/avatar\\\/b4327cfa27e9799da239a26adcd534fc29cdc0c4a4a148eecbcfeb9b42c617ac?s=96&d=mm&r=g\",\"url\":\"https:\\\/\\\/secure.gravatar.com\\\/avatar\\\/b4327cfa27e9799da239a26adcd534fc29cdc0c4a4a148eecbcfeb9b42c617ac?s=96&d=mm&r=g\",\"contentUrl\":\"https:\\\/\\\/secure.gravatar.com\\\/avatar\\\/b4327cfa27e9799da239a26adcd534fc29cdc0c4a4a148eecbcfeb9b42c617ac?s=96&d=mm&r=g\",\"caption\":\"Pe. Andr\u00e9\"},\"sameAs\":[\"https:\\\/\\\/www.ecclesia.org.br\"]}]}<\/script>\n<!-- \/ Yoast SEO plugin. -->","yoast_head_json":{"title":"Mensagem do Patriarca Ecum\u00eanico Bartolomeu I ao Papa Francisco no dia da festa dos Santos Ap\u00f3stolos Pedro e Paulo: nas ra\u00edzes da crise ecol\u00f3gica | ECCLESIA NEWS","robots":{"index":"index","follow":"follow","max-snippet":"max-snippet:-1","max-image-preview":"max-image-preview:large","max-video-preview":"max-video-preview:-1"},"canonical":"https:\/\/news.ecclesia.org.br\/?p=21194","og_locale":"pt_BR","og_type":"article","og_title":"Mensagem do Patriarca Ecum\u00eanico Bartolomeu I ao Papa Francisco no dia da festa dos Santos Ap\u00f3stolos Pedro e Paulo: nas ra\u00edzes da crise ecol\u00f3gica | ECCLESIA NEWS","og_description":"Uma delega\u00e7\u00e3o do Patriarcado de Constantinopla esteve no Vaticano, por ocasi\u00e3o da Festa de S\u00e3o Pedro e S\u00e3o Paulo. Na oportunidade foi entregue ao Papa Francisco a mensagem de Bartolomeu. \u00c0 Sua Santidade Papa Francisco\u00a0da Antiga Roma:\u00a0 alegrai-vos no Senhor!&#8230;","og_url":"https:\/\/news.ecclesia.org.br\/?p=21194","og_site_name":"ECCLESIA NEWS","article_publisher":"https:\/\/www.facebook.com\/Ecclesia2025","article_published_time":"2016-07-01T01:07:21+00:00","article_modified_time":"2020-09-20T19:37:30+00:00","og_image":[{"width":960,"height":691,"url":"https:\/\/news.ecclesia.org.br\/wp-content\/uploads\/2016\/07\/delegacao-roma-2016.jpg","type":"image\/jpeg"}],"author":"Pe. Andr\u00e9","twitter_card":"summary_large_image","twitter_creator":"@EcclesiaNews","twitter_site":"@EcclesiaNews","twitter_misc":{"Escrito por":"Pe. Andr\u00e9","Est. tempo de leitura":"6 minutos"},"schema":{"@context":"https:\/\/schema.org","@graph":[{"@type":"Article","@id":"https:\/\/news.ecclesia.org.br\/?p=21194#article","isPartOf":{"@id":"https:\/\/news.ecclesia.org.br\/?p=21194"},"author":{"name":"Pe. Andr\u00e9","@id":"https:\/\/news.ecclesia.org.br\/#\/schema\/person\/6f09597f025829745ba414a569f63758"},"headline":"Mensagem do Patriarca Ecum\u00eanico Bartolomeu I ao Papa Francisco no dia da festa dos Santos Ap\u00f3stolos Pedro e Paulo: nas ra\u00edzes da crise ecol\u00f3gica","datePublished":"2016-07-01T01:07:21+00:00","dateModified":"2020-09-20T19:37:30+00:00","mainEntityOfPage":{"@id":"https:\/\/news.ecclesia.org.br\/?p=21194"},"wordCount":1149,"commentCount":0,"publisher":{"@id":"https:\/\/news.ecclesia.org.br\/#organization"},"image":{"@id":"https:\/\/news.ecclesia.org.br\/?p=21194#primaryimage"},"thumbnailUrl":"https:\/\/news.ecclesia.org.br\/wp-content\/uploads\/2016\/07\/delegacao-roma-2016.jpg","articleSection":["Patriarcado Ecum\u00eanico"],"inLanguage":"pt-BR","potentialAction":[{"@type":"CommentAction","name":"Comment","target":["https:\/\/news.ecclesia.org.br\/?p=21194#respond"]}]},{"@type":"WebPage","@id":"https:\/\/news.ecclesia.org.br\/?p=21194","url":"https:\/\/news.ecclesia.org.br\/?p=21194","name":"Mensagem do Patriarca Ecum\u00eanico Bartolomeu I ao Papa Francisco no dia da festa dos Santos Ap\u00f3stolos Pedro e Paulo: nas ra\u00edzes da crise ecol\u00f3gica | ECCLESIA NEWS","isPartOf":{"@id":"https:\/\/news.ecclesia.org.br\/#website"},"primaryImageOfPage":{"@id":"https:\/\/news.ecclesia.org.br\/?p=21194#primaryimage"},"image":{"@id":"https:\/\/news.ecclesia.org.br\/?p=21194#primaryimage"},"thumbnailUrl":"https:\/\/news.ecclesia.org.br\/wp-content\/uploads\/2016\/07\/delegacao-roma-2016.jpg","datePublished":"2016-07-01T01:07:21+00:00","dateModified":"2020-09-20T19:37:30+00:00","breadcrumb":{"@id":"https:\/\/news.ecclesia.org.br\/?p=21194#breadcrumb"},"inLanguage":"pt-BR","potentialAction":[{"@type":"ReadAction","target":["https:\/\/news.ecclesia.org.br\/?p=21194"]}]},{"@type":"ImageObject","inLanguage":"pt-BR","@id":"https:\/\/news.ecclesia.org.br\/?p=21194#primaryimage","url":"https:\/\/news.ecclesia.org.br\/wp-content\/uploads\/2016\/07\/delegacao-roma-2016.jpg","contentUrl":"https:\/\/news.ecclesia.org.br\/wp-content\/uploads\/2016\/07\/delegacao-roma-2016.jpg","width":960,"height":691},{"@type":"BreadcrumbList","@id":"https:\/\/news.ecclesia.org.br\/?p=21194#breadcrumb","itemListElement":[{"@type":"ListItem","position":1,"name":"In\u00edcio","item":"https:\/\/news.ecclesia.org.br\/"},{"@type":"ListItem","position":2,"name":"Mensagem do Patriarca Ecum\u00eanico Bartolomeu I ao Papa Francisco no dia da festa dos Santos Ap\u00f3stolos Pedro e Paulo: nas ra\u00edzes da crise ecol\u00f3gica"}]},{"@type":"WebSite","@id":"https:\/\/news.ecclesia.org.br\/#website","url":"https:\/\/news.ecclesia.org.br\/","name":"Ecclesia Brasil","description":"Desde 2003 onectando o Brasil ao mundo ortodoxo!","publisher":{"@id":"https:\/\/news.ecclesia.org.br\/#organization"},"alternateName":"Ecclesia","potentialAction":[{"@type":"SearchAction","target":{"@type":"EntryPoint","urlTemplate":"https:\/\/news.ecclesia.org.br\/?s={search_term_string}"},"query-input":{"@type":"PropertyValueSpecification","valueRequired":true,"valueName":"search_term_string"}}],"inLanguage":"pt-BR"},{"@type":"Organization","@id":"https:\/\/news.ecclesia.org.br\/#organization","name":"Sacra Arquidiocese de Buenos Aires e Am\u00e9rica do Sul | Patriarcado Ecum\u00eanico","alternateName":"News Ecclesia Brasil","url":"https:\/\/news.ecclesia.org.br\/","logo":{"@type":"ImageObject","inLanguage":"pt-BR","@id":"https:\/\/news.ecclesia.org.br\/#\/schema\/logo\/image\/","url":"https:\/\/news.ecclesia.org.br\/wp-content\/uploads\/2025\/05\/ecclesia2.png","contentUrl":"https:\/\/news.ecclesia.org.br\/wp-content\/uploads\/2025\/05\/ecclesia2.png","width":480,"height":120,"caption":"Sacra Arquidiocese de Buenos Aires e Am\u00e9rica do Sul | Patriarcado Ecum\u00eanico"},"image":{"@id":"https:\/\/news.ecclesia.org.br\/#\/schema\/logo\/image\/"},"sameAs":["https:\/\/www.facebook.com\/Ecclesia2025","https:\/\/x.com\/EcclesiaNews","https:\/\/br.pinterest.com\/ekklisia\/","https:\/\/www.youtube.com\/@EcclesiaBrasil"]},{"@type":"Person","@id":"https:\/\/news.ecclesia.org.br\/#\/schema\/person\/6f09597f025829745ba414a569f63758","name":"Pe. Andr\u00e9","image":{"@type":"ImageObject","inLanguage":"pt-BR","@id":"https:\/\/secure.gravatar.com\/avatar\/b4327cfa27e9799da239a26adcd534fc29cdc0c4a4a148eecbcfeb9b42c617ac?s=96&d=mm&r=g","url":"https:\/\/secure.gravatar.com\/avatar\/b4327cfa27e9799da239a26adcd534fc29cdc0c4a4a148eecbcfeb9b42c617ac?s=96&d=mm&r=g","contentUrl":"https:\/\/secure.gravatar.com\/avatar\/b4327cfa27e9799da239a26adcd534fc29cdc0c4a4a148eecbcfeb9b42c617ac?s=96&d=mm&r=g","caption":"Pe. Andr\u00e9"},"sameAs":["https:\/\/www.ecclesia.org.br"]}]}},"_links":{"self":[{"href":"https:\/\/news.ecclesia.org.br\/index.php?rest_route=\/wp\/v2\/posts\/21194","targetHints":{"allow":["GET"]}}],"collection":[{"href":"https:\/\/news.ecclesia.org.br\/index.php?rest_route=\/wp\/v2\/posts"}],"about":[{"href":"https:\/\/news.ecclesia.org.br\/index.php?rest_route=\/wp\/v2\/types\/post"}],"author":[{"embeddable":true,"href":"https:\/\/news.ecclesia.org.br\/index.php?rest_route=\/wp\/v2\/users\/1"}],"replies":[{"embeddable":true,"href":"https:\/\/news.ecclesia.org.br\/index.php?rest_route=%2Fwp%2Fv2%2Fcomments&post=21194"}],"version-history":[{"count":1,"href":"https:\/\/news.ecclesia.org.br\/index.php?rest_route=\/wp\/v2\/posts\/21194\/revisions"}],"predecessor-version":[{"id":33985,"href":"https:\/\/news.ecclesia.org.br\/index.php?rest_route=\/wp\/v2\/posts\/21194\/revisions\/33985"}],"wp:featuredmedia":[{"embeddable":true,"href":"https:\/\/news.ecclesia.org.br\/index.php?rest_route=\/wp\/v2\/media\/21278"}],"wp:attachment":[{"href":"https:\/\/news.ecclesia.org.br\/index.php?rest_route=%2Fwp%2Fv2%2Fmedia&parent=21194"}],"wp:term":[{"taxonomy":"category","embeddable":true,"href":"https:\/\/news.ecclesia.org.br\/index.php?rest_route=%2Fwp%2Fv2%2Fcategories&post=21194"},{"taxonomy":"post_tag","embeddable":true,"href":"https:\/\/news.ecclesia.org.br\/index.php?rest_route=%2Fwp%2Fv2%2Ftags&post=21194"}],"curies":[{"name":"wp","href":"https:\/\/api.w.org\/{rel}","templated":true}]}}