{"id":21188,"date":"2016-06-30T20:44:14","date_gmt":"2016-06-30T20:44:14","guid":{"rendered":"https:\/\/news.ecclesia.org.br\/2013\/?p=21188"},"modified":"2016-06-30T20:45:48","modified_gmt":"2016-06-30T20:45:48","slug":"a-recitacao-do-alcorao-em-santa-sofia-gera-tensao-entre-a-turquia-e-a-grecia","status":"publish","type":"post","link":"https:\/\/news.ecclesia.org.br\/?p=21188","title":{"rendered":"A recita\u00e7\u00e3o do Alcor\u00e3o em Santa Sofia gera tens\u00e3o entre a Turquia e a Gr\u00e9cia"},"content":{"rendered":"<p style=\"text-align: justify;\"><strong><em><a href=\"https:\/\/news.ecclesia.org.br\/2013\/wp-content\/uploads\/2013\/02\/hagia-sophia-1.jpg\"><img fetchpriority=\"high\" decoding=\"async\" class=\"aligncenter size-full wp-image-6081\" src=\"https:\/\/news.ecclesia.org.br\/2013\/wp-content\/uploads\/2013\/02\/hagia-sophia-1.jpg\" alt=\"hagia-sophia\" width=\"700\" height=\"480\" srcset=\"https:\/\/news.ecclesia.org.br\/wp-content\/uploads\/2013\/02\/hagia-sophia-1.jpg 700w, https:\/\/news.ecclesia.org.br\/wp-content\/uploads\/2013\/02\/hagia-sophia-1-300x206.jpg 300w, https:\/\/news.ecclesia.org.br\/wp-content\/uploads\/2013\/02\/hagia-sophia-1-80x55.jpg 80w, https:\/\/news.ecclesia.org.br\/wp-content\/uploads\/2013\/02\/hagia-sophia-1-60x40.jpg 60w\" sizes=\"(max-width: 700px) 100vw, 700px\" \/><\/a><\/em><\/strong><\/p>\n<p style=\"text-align: justify;\">Uma leitura do Alcor\u00e3o na monumental e antiga Bas\u00edlica de Santa Sofia, em Istambul, tornou-se em en\u00e9simo motivo de atrito entre dois inimigos inveterados, Gr\u00e9cia e Turquia, cuja fronteira mar\u00edtima do Egeu segue h\u00e1\u00a0meses crispada por crise migrat\u00f3ria e, segundo denunciou Atenas, as frequentes incurs\u00f5es de ca\u00e7as turcos em seu espa\u00e7o a\u00e9reo. Durante o m\u00eas sagrado do Ramad\u00e3, o templo, uma das principais atra\u00e7\u00f5es tur\u00edsticas da cidade, pela primeira vez virou cen\u00e1rio da recita\u00e7\u00e3o di\u00e1ria do Cor\u00e3o transmitida pela televis\u00e3o turca, o que provocou um irado protesto das autoridades gregas.<\/p>\n<p style=\"text-align: justify;\">Ap\u00f3s a queda de Constantinopla em 1453, que p\u00f4s fim ao Imp\u00e9rio bizantino (Crist\u00e3o) dando lugar a quatro longos s\u00e9culos de dom\u00ednio otomano &#8211; ou seja, mu\u00e7ulmano na Gr\u00e9cia e grande parte dos Balc\u00e3s, <em>Hagia Sophia<\/em> foi reconvertido em mesquita, mas sua transforma\u00e7\u00e3o em museu, em 1934, por Mustafa Kemal Ataturk parece que novamente colocou a quest\u00e3o na\u00a0mesa de disputa.<\/p>\n<p style=\"text-align: justify;\">A Unesco contribuiu, \u00e0 sua maneira, para sepultar as queixas hist\u00f3ricas e religiosas, declarando o monumento patrim\u00f4nio da humanidade. A salom\u00f4nica decis\u00e3o de Atat\u00fcrk sobre a Bas\u00edlica implicava que n\u00e3o seria nem igreja nem mesquita, mas um museu. E como tal, os servi\u00e7os religiosos em seu interior estavam proibidos para qualquer confiss\u00e3o.<\/p>\n<p style=\"text-align: justify;\">Tal decis\u00e3o do fundador da moderna Rep\u00fablica da Turquia, no entanto, viu-se dilu\u00edda progressivamente em um pa\u00eds onde o presidente, Recep Tayyip Erdogan, vale-se cada vez mais da religi\u00e3o isl\u00e2mica para cimentar e fortalecer seu poder. O questionamento do status de Hagia Sophia, que antes eram feitos apenas por grupos isl\u00e2micos marginais ultranacionalistas, \u00e9 agora mais amplo. Nos \u00faltimos anos tem havido propostas no Parlamento para se voltar\u00a0 a discutir a sua reconvers\u00e3o em mesquita e ex-vice-primeiro-ministro Bulent Arinc disse que o governo chegou a considerar esta hip\u00f3tese, estimulado por pequenos, por\u00e9m simb\u00f3licos passos das autoridades turcas: uma parte do recinto exterior \u00e0 Bas\u00edlica foi \u00a0habilitada para ora\u00e7\u00e3o e, de seus minaretes, chama os isl\u00e2micos \u00e0 ora\u00e7\u00e3o; em maio, centenas de islamitas liderados por um im\u00e3 &#8211; que na Turquia t\u00eam o status de funcion\u00e1rios \u2013 rezaram diante do monumento e pediram sua transforma\u00e7\u00e3o em templo isl\u00e2mico em um ato batizado de \u00abora\u00e7\u00e3o da conquista\u00bb. Algo semelhante ao que acontece em C\u00f3rdoba, respeitando-se as devidas diferen\u00e7as, com a sua mesquita de titularidade eclesi\u00e1stica (e onde, ocasionalmente, tenta reunir a comunidade isl\u00e2mica local para a ora\u00e7\u00e3o, formada majoritariamente por conversos espanh\u00f3is).<\/p>\n<p style=\"text-align: justify;\">Durante este m\u00eas de Ramad\u00e3 e com a autoriza\u00e7\u00e3o expressa do Minist\u00e9rio da Cultura e Turismo, a rede p\u00fablica de TV TRT Diyanet, pertencente \u00e0 Dire\u00e7\u00e3o de Assuntos Religiosos, transmite desde Santa Sofia um programa durante o <em>sahur<\/em> (\u00faltima refei\u00e7\u00e3o antes do amanhecer), que inclui leituras do Alcor\u00e3o. O convidado da primeira edi\u00e7\u00e3o foi Mehmet G\u00f6rmez, presidente da rede e cl\u00e9rigo mu\u00e7ulmano de maior status na Turquia, o mesmo que durante a transmiss\u00e3o pode ser visto rezando dentro do museu templo.<\/p>\n<p style=\"text-align: justify;\">O Minist\u00e9rio do Exterior grego reagiu energicamente, acusando Ancara de tomar uma decis\u00e3o \u00abregressivo\u00bb e incompat\u00edvel com \u00absociedades modernas, democr\u00e1ticas e laicas\u00bb, pondo o dedo na chaga da cada vez mais isl\u00e2mica Turquia. A r\u00e9plica de Ankara foi recordar a lista de queixas acumuladas: entre outras, que a Gr\u00e9cia, h\u00e1 anos, n\u00e3o permite a constru\u00e7\u00e3o de uma mesquita em Atenas (financiada pela Turquia, que tamb\u00e9m seria a primeira oficial na cidade), e tamb\u00e9m, que marginaliza a minoria mu\u00e7ulmana na Tr\u00e1cia (cerca de 1% da popula\u00e7\u00e3o), que insiste em denominar, para grande enfado grego, \u00abminoria turca\u00bb. A tr\u00e9plica hel\u00eanica lembrou que, na Tr\u00e1cia, existem 320 lugares de culto isl\u00e2mico (orat\u00f3rios e mesquitas informais). Na verdade, um deputado do Syriza pertence a essa minoria e pode fazer seu juramento sobre o Alcor\u00e3o, sem problemas.<\/p>\n<p style=\"text-align: justify;\">A troca de acusa\u00e7\u00f5es entre as duas chancelarias \u00e9 mais do que significativa, recordava Kostas Iordanidis no Di\u00e1rio Kathimerini, j\u00e1 que as iradas queixas gregas n\u00e3o deixaram o Minist\u00e9rio da Cultura, &#8211; o que \u00e9 l\u00f3gico pela dimens\u00e3o cultural \u00a0e patrimonial do momento -, nem sequer da Igreja da Gr\u00e9cia, mas das chancelarias, ou seja, da alta pol\u00edtica. \u00c9 o poder dos s\u00edmbolos, que, no caso da Gr\u00e9cia e da Turquia parece carregar o diabo. Por certo, a Igreja Ortodoxa est\u00e1 representada na cidade turca pelo Patriarcado Ecum\u00eanico de Constantinopla, porque para os ortodoxos e, em especial, os gregos, toda a cidade no B\u00f3sforo segue sendo denominada assim como nos tempos bizantinos. Ainda que a palavra \u00abIstambul\u00bb tem por certo sua origem no grego.<\/p>\n<hr \/>\n<p style=\"text-align: right;\">Mourenza \/ M. A S\u00e1nchezVallejo<br \/>\nFonte: <a href=\"http:\/\/www.internacional.elpais.com\">www.internacional.elpais.com<\/a><br \/>\nTradu\u00e7\u00e3o para o portugu\u00eas por Pe. Andr\u00e9 Sperandio<\/p>\n","protected":false},"excerpt":{"rendered":"<p>Uma leitura do Alcor\u00e3o na monumental e antiga Bas\u00edlica de Santa Sofia, em Istambul, tornou-se em en\u00e9simo motivo de atrito entre dois inimigos inveterados, Gr\u00e9cia e Turquia, cuja fronteira mar\u00edtima do Egeu segue h\u00e1\u00a0meses crispada por crise migrat\u00f3ria e, segundo&#8230;<\/p>\n","protected":false},"author":1,"featured_media":6081,"comment_status":"open","ping_status":"open","sticky":false,"template":"","format":"standard","meta":{"_acf_changed":false,"footnotes":""},"categories":[1,72],"tags":[],"class_list":["post-21188","post","type-post","status-publish","format-standard","has-post-thumbnail","hentry","category-news","category-patriarcado-ecumenico","entry","rows-excerpt"],"acf":[],"yoast_head":"<!-- This site is optimized with the Yoast SEO plugin v27.4 - https:\/\/yoast.com\/product\/yoast-seo-wordpress\/ -->\n<title>A recita\u00e7\u00e3o do Alcor\u00e3o em Santa Sofia gera tens\u00e3o entre a Turquia e a Gr\u00e9cia | ECCLESIA NEWS<\/title>\n<meta name=\"robots\" content=\"index, follow, max-snippet:-1, max-image-preview:large, max-video-preview:-1\" \/>\n<link rel=\"canonical\" href=\"https:\/\/news.ecclesia.org.br\/?p=21188\" \/>\n<meta property=\"og:locale\" content=\"pt_BR\" \/>\n<meta property=\"og:type\" content=\"article\" \/>\n<meta property=\"og:title\" content=\"A recita\u00e7\u00e3o do Alcor\u00e3o em Santa Sofia gera tens\u00e3o entre a Turquia e a Gr\u00e9cia | ECCLESIA NEWS\" \/>\n<meta property=\"og:description\" content=\"Uma leitura do Alcor\u00e3o na monumental e antiga Bas\u00edlica de Santa Sofia, em Istambul, tornou-se em en\u00e9simo motivo de atrito entre dois inimigos inveterados, Gr\u00e9cia e Turquia, cuja fronteira mar\u00edtima do Egeu segue h\u00e1\u00a0meses crispada por crise migrat\u00f3ria e, segundo&#8230;\" \/>\n<meta property=\"og:url\" content=\"https:\/\/news.ecclesia.org.br\/?p=21188\" \/>\n<meta property=\"og:site_name\" content=\"ECCLESIA NEWS\" \/>\n<meta property=\"article:publisher\" content=\"https:\/\/www.facebook.com\/Ecclesia2025\" \/>\n<meta property=\"article:published_time\" content=\"2016-06-30T20:44:14+00:00\" \/>\n<meta property=\"article:modified_time\" content=\"2016-06-30T20:45:48+00:00\" \/>\n<meta property=\"og:image\" content=\"https:\/\/news.ecclesia.org.br\/wp-content\/uploads\/2013\/02\/hagia-sophia-1.jpg\" \/>\n\t<meta property=\"og:image:width\" content=\"700\" \/>\n\t<meta property=\"og:image:height\" content=\"480\" \/>\n\t<meta property=\"og:image:type\" content=\"image\/jpeg\" \/>\n<meta name=\"author\" content=\"Pe. Andr\u00e9\" \/>\n<meta name=\"twitter:card\" content=\"summary_large_image\" \/>\n<meta name=\"twitter:creator\" content=\"@EcclesiaNews\" \/>\n<meta name=\"twitter:site\" content=\"@EcclesiaNews\" \/>\n<meta name=\"twitter:label1\" content=\"Escrito por\" \/>\n\t<meta name=\"twitter:data1\" content=\"Pe. Andr\u00e9\" \/>\n\t<meta name=\"twitter:label2\" content=\"Est. tempo de leitura\" \/>\n\t<meta name=\"twitter:data2\" content=\"4 minutos\" \/>\n<script type=\"application\/ld+json\" class=\"yoast-schema-graph\">{\"@context\":\"https:\\\/\\\/schema.org\",\"@graph\":[{\"@type\":\"Article\",\"@id\":\"https:\\\/\\\/news.ecclesia.org.br\\\/?p=21188#article\",\"isPartOf\":{\"@id\":\"https:\\\/\\\/news.ecclesia.org.br\\\/?p=21188\"},\"author\":{\"name\":\"Pe. Andr\u00e9\",\"@id\":\"https:\\\/\\\/news.ecclesia.org.br\\\/#\\\/schema\\\/person\\\/6f09597f025829745ba414a569f63758\"},\"headline\":\"A recita\u00e7\u00e3o do Alcor\u00e3o em Santa Sofia gera tens\u00e3o entre a Turquia e a Gr\u00e9cia\",\"datePublished\":\"2016-06-30T20:44:14+00:00\",\"dateModified\":\"2016-06-30T20:45:48+00:00\",\"mainEntityOfPage\":{\"@id\":\"https:\\\/\\\/news.ecclesia.org.br\\\/?p=21188\"},\"wordCount\":865,\"commentCount\":1,\"publisher\":{\"@id\":\"https:\\\/\\\/news.ecclesia.org.br\\\/#organization\"},\"image\":{\"@id\":\"https:\\\/\\\/news.ecclesia.org.br\\\/?p=21188#primaryimage\"},\"thumbnailUrl\":\"https:\\\/\\\/news.ecclesia.org.br\\\/wp-content\\\/uploads\\\/2013\\\/02\\\/hagia-sophia-1.jpg\",\"articleSection\":[\"NEWS\",\"Patriarcado Ecum\u00eanico\"],\"inLanguage\":\"pt-BR\",\"potentialAction\":[{\"@type\":\"CommentAction\",\"name\":\"Comment\",\"target\":[\"https:\\\/\\\/news.ecclesia.org.br\\\/?p=21188#respond\"]}]},{\"@type\":\"WebPage\",\"@id\":\"https:\\\/\\\/news.ecclesia.org.br\\\/?p=21188\",\"url\":\"https:\\\/\\\/news.ecclesia.org.br\\\/?p=21188\",\"name\":\"A recita\u00e7\u00e3o do Alcor\u00e3o em Santa Sofia gera tens\u00e3o entre a Turquia e a Gr\u00e9cia | ECCLESIA NEWS\",\"isPartOf\":{\"@id\":\"https:\\\/\\\/news.ecclesia.org.br\\\/#website\"},\"primaryImageOfPage\":{\"@id\":\"https:\\\/\\\/news.ecclesia.org.br\\\/?p=21188#primaryimage\"},\"image\":{\"@id\":\"https:\\\/\\\/news.ecclesia.org.br\\\/?p=21188#primaryimage\"},\"thumbnailUrl\":\"https:\\\/\\\/news.ecclesia.org.br\\\/wp-content\\\/uploads\\\/2013\\\/02\\\/hagia-sophia-1.jpg\",\"datePublished\":\"2016-06-30T20:44:14+00:00\",\"dateModified\":\"2016-06-30T20:45:48+00:00\",\"breadcrumb\":{\"@id\":\"https:\\\/\\\/news.ecclesia.org.br\\\/?p=21188#breadcrumb\"},\"inLanguage\":\"pt-BR\",\"potentialAction\":[{\"@type\":\"ReadAction\",\"target\":[\"https:\\\/\\\/news.ecclesia.org.br\\\/?p=21188\"]}]},{\"@type\":\"ImageObject\",\"inLanguage\":\"pt-BR\",\"@id\":\"https:\\\/\\\/news.ecclesia.org.br\\\/?p=21188#primaryimage\",\"url\":\"https:\\\/\\\/news.ecclesia.org.br\\\/wp-content\\\/uploads\\\/2013\\\/02\\\/hagia-sophia-1.jpg\",\"contentUrl\":\"https:\\\/\\\/news.ecclesia.org.br\\\/wp-content\\\/uploads\\\/2013\\\/02\\\/hagia-sophia-1.jpg\",\"width\":700,\"height\":480},{\"@type\":\"BreadcrumbList\",\"@id\":\"https:\\\/\\\/news.ecclesia.org.br\\\/?p=21188#breadcrumb\",\"itemListElement\":[{\"@type\":\"ListItem\",\"position\":1,\"name\":\"In\u00edcio\",\"item\":\"https:\\\/\\\/news.ecclesia.org.br\\\/\"},{\"@type\":\"ListItem\",\"position\":2,\"name\":\"A recita\u00e7\u00e3o do Alcor\u00e3o em Santa Sofia gera tens\u00e3o entre a Turquia e a Gr\u00e9cia\"}]},{\"@type\":\"WebSite\",\"@id\":\"https:\\\/\\\/news.ecclesia.org.br\\\/#website\",\"url\":\"https:\\\/\\\/news.ecclesia.org.br\\\/\",\"name\":\"Ecclesia Brasil\",\"description\":\"Desde 2003 onectando o Brasil ao mundo ortodoxo!\",\"publisher\":{\"@id\":\"https:\\\/\\\/news.ecclesia.org.br\\\/#organization\"},\"alternateName\":\"Ecclesia\",\"potentialAction\":[{\"@type\":\"SearchAction\",\"target\":{\"@type\":\"EntryPoint\",\"urlTemplate\":\"https:\\\/\\\/news.ecclesia.org.br\\\/?s={search_term_string}\"},\"query-input\":{\"@type\":\"PropertyValueSpecification\",\"valueRequired\":true,\"valueName\":\"search_term_string\"}}],\"inLanguage\":\"pt-BR\"},{\"@type\":\"Organization\",\"@id\":\"https:\\\/\\\/news.ecclesia.org.br\\\/#organization\",\"name\":\"Sacra Arquidiocese de Buenos Aires e Am\u00e9rica do Sul | Patriarcado Ecum\u00eanico\",\"alternateName\":\"News Ecclesia Brasil\",\"url\":\"https:\\\/\\\/news.ecclesia.org.br\\\/\",\"logo\":{\"@type\":\"ImageObject\",\"inLanguage\":\"pt-BR\",\"@id\":\"https:\\\/\\\/news.ecclesia.org.br\\\/#\\\/schema\\\/logo\\\/image\\\/\",\"url\":\"https:\\\/\\\/news.ecclesia.org.br\\\/wp-content\\\/uploads\\\/2025\\\/05\\\/ecclesia2.png\",\"contentUrl\":\"https:\\\/\\\/news.ecclesia.org.br\\\/wp-content\\\/uploads\\\/2025\\\/05\\\/ecclesia2.png\",\"width\":480,\"height\":120,\"caption\":\"Sacra Arquidiocese de Buenos Aires e Am\u00e9rica do Sul | Patriarcado Ecum\u00eanico\"},\"image\":{\"@id\":\"https:\\\/\\\/news.ecclesia.org.br\\\/#\\\/schema\\\/logo\\\/image\\\/\"},\"sameAs\":[\"https:\\\/\\\/www.facebook.com\\\/Ecclesia2025\",\"https:\\\/\\\/x.com\\\/EcclesiaNews\",\"https:\\\/\\\/br.pinterest.com\\\/ekklisia\\\/\",\"https:\\\/\\\/www.youtube.com\\\/@EcclesiaBrasil\"]},{\"@type\":\"Person\",\"@id\":\"https:\\\/\\\/news.ecclesia.org.br\\\/#\\\/schema\\\/person\\\/6f09597f025829745ba414a569f63758\",\"name\":\"Pe. Andr\u00e9\",\"image\":{\"@type\":\"ImageObject\",\"inLanguage\":\"pt-BR\",\"@id\":\"https:\\\/\\\/secure.gravatar.com\\\/avatar\\\/b4327cfa27e9799da239a26adcd534fc29cdc0c4a4a148eecbcfeb9b42c617ac?s=96&d=mm&r=g\",\"url\":\"https:\\\/\\\/secure.gravatar.com\\\/avatar\\\/b4327cfa27e9799da239a26adcd534fc29cdc0c4a4a148eecbcfeb9b42c617ac?s=96&d=mm&r=g\",\"contentUrl\":\"https:\\\/\\\/secure.gravatar.com\\\/avatar\\\/b4327cfa27e9799da239a26adcd534fc29cdc0c4a4a148eecbcfeb9b42c617ac?s=96&d=mm&r=g\",\"caption\":\"Pe. Andr\u00e9\"},\"sameAs\":[\"https:\\\/\\\/www.ecclesia.org.br\"]}]}<\/script>\n<!-- \/ Yoast SEO plugin. -->","yoast_head_json":{"title":"A recita\u00e7\u00e3o do Alcor\u00e3o em Santa Sofia gera tens\u00e3o entre a Turquia e a Gr\u00e9cia | ECCLESIA NEWS","robots":{"index":"index","follow":"follow","max-snippet":"max-snippet:-1","max-image-preview":"max-image-preview:large","max-video-preview":"max-video-preview:-1"},"canonical":"https:\/\/news.ecclesia.org.br\/?p=21188","og_locale":"pt_BR","og_type":"article","og_title":"A recita\u00e7\u00e3o do Alcor\u00e3o em Santa Sofia gera tens\u00e3o entre a Turquia e a Gr\u00e9cia | ECCLESIA NEWS","og_description":"Uma leitura do Alcor\u00e3o na monumental e antiga Bas\u00edlica de Santa Sofia, em Istambul, tornou-se em en\u00e9simo motivo de atrito entre dois inimigos inveterados, Gr\u00e9cia e Turquia, cuja fronteira mar\u00edtima do Egeu segue h\u00e1\u00a0meses crispada por crise migrat\u00f3ria e, segundo&#8230;","og_url":"https:\/\/news.ecclesia.org.br\/?p=21188","og_site_name":"ECCLESIA NEWS","article_publisher":"https:\/\/www.facebook.com\/Ecclesia2025","article_published_time":"2016-06-30T20:44:14+00:00","article_modified_time":"2016-06-30T20:45:48+00:00","og_image":[{"width":700,"height":480,"url":"https:\/\/news.ecclesia.org.br\/wp-content\/uploads\/2013\/02\/hagia-sophia-1.jpg","type":"image\/jpeg"}],"author":"Pe. Andr\u00e9","twitter_card":"summary_large_image","twitter_creator":"@EcclesiaNews","twitter_site":"@EcclesiaNews","twitter_misc":{"Escrito por":"Pe. Andr\u00e9","Est. tempo de leitura":"4 minutos"},"schema":{"@context":"https:\/\/schema.org","@graph":[{"@type":"Article","@id":"https:\/\/news.ecclesia.org.br\/?p=21188#article","isPartOf":{"@id":"https:\/\/news.ecclesia.org.br\/?p=21188"},"author":{"name":"Pe. Andr\u00e9","@id":"https:\/\/news.ecclesia.org.br\/#\/schema\/person\/6f09597f025829745ba414a569f63758"},"headline":"A recita\u00e7\u00e3o do Alcor\u00e3o em Santa Sofia gera tens\u00e3o entre a Turquia e a Gr\u00e9cia","datePublished":"2016-06-30T20:44:14+00:00","dateModified":"2016-06-30T20:45:48+00:00","mainEntityOfPage":{"@id":"https:\/\/news.ecclesia.org.br\/?p=21188"},"wordCount":865,"commentCount":1,"publisher":{"@id":"https:\/\/news.ecclesia.org.br\/#organization"},"image":{"@id":"https:\/\/news.ecclesia.org.br\/?p=21188#primaryimage"},"thumbnailUrl":"https:\/\/news.ecclesia.org.br\/wp-content\/uploads\/2013\/02\/hagia-sophia-1.jpg","articleSection":["NEWS","Patriarcado Ecum\u00eanico"],"inLanguage":"pt-BR","potentialAction":[{"@type":"CommentAction","name":"Comment","target":["https:\/\/news.ecclesia.org.br\/?p=21188#respond"]}]},{"@type":"WebPage","@id":"https:\/\/news.ecclesia.org.br\/?p=21188","url":"https:\/\/news.ecclesia.org.br\/?p=21188","name":"A recita\u00e7\u00e3o do Alcor\u00e3o em Santa Sofia gera tens\u00e3o entre a Turquia e a Gr\u00e9cia | ECCLESIA NEWS","isPartOf":{"@id":"https:\/\/news.ecclesia.org.br\/#website"},"primaryImageOfPage":{"@id":"https:\/\/news.ecclesia.org.br\/?p=21188#primaryimage"},"image":{"@id":"https:\/\/news.ecclesia.org.br\/?p=21188#primaryimage"},"thumbnailUrl":"https:\/\/news.ecclesia.org.br\/wp-content\/uploads\/2013\/02\/hagia-sophia-1.jpg","datePublished":"2016-06-30T20:44:14+00:00","dateModified":"2016-06-30T20:45:48+00:00","breadcrumb":{"@id":"https:\/\/news.ecclesia.org.br\/?p=21188#breadcrumb"},"inLanguage":"pt-BR","potentialAction":[{"@type":"ReadAction","target":["https:\/\/news.ecclesia.org.br\/?p=21188"]}]},{"@type":"ImageObject","inLanguage":"pt-BR","@id":"https:\/\/news.ecclesia.org.br\/?p=21188#primaryimage","url":"https:\/\/news.ecclesia.org.br\/wp-content\/uploads\/2013\/02\/hagia-sophia-1.jpg","contentUrl":"https:\/\/news.ecclesia.org.br\/wp-content\/uploads\/2013\/02\/hagia-sophia-1.jpg","width":700,"height":480},{"@type":"BreadcrumbList","@id":"https:\/\/news.ecclesia.org.br\/?p=21188#breadcrumb","itemListElement":[{"@type":"ListItem","position":1,"name":"In\u00edcio","item":"https:\/\/news.ecclesia.org.br\/"},{"@type":"ListItem","position":2,"name":"A recita\u00e7\u00e3o do Alcor\u00e3o em Santa Sofia gera tens\u00e3o entre a Turquia e a Gr\u00e9cia"}]},{"@type":"WebSite","@id":"https:\/\/news.ecclesia.org.br\/#website","url":"https:\/\/news.ecclesia.org.br\/","name":"Ecclesia Brasil","description":"Desde 2003 onectando o Brasil ao mundo ortodoxo!","publisher":{"@id":"https:\/\/news.ecclesia.org.br\/#organization"},"alternateName":"Ecclesia","potentialAction":[{"@type":"SearchAction","target":{"@type":"EntryPoint","urlTemplate":"https:\/\/news.ecclesia.org.br\/?s={search_term_string}"},"query-input":{"@type":"PropertyValueSpecification","valueRequired":true,"valueName":"search_term_string"}}],"inLanguage":"pt-BR"},{"@type":"Organization","@id":"https:\/\/news.ecclesia.org.br\/#organization","name":"Sacra Arquidiocese de Buenos Aires e Am\u00e9rica do Sul | Patriarcado Ecum\u00eanico","alternateName":"News Ecclesia Brasil","url":"https:\/\/news.ecclesia.org.br\/","logo":{"@type":"ImageObject","inLanguage":"pt-BR","@id":"https:\/\/news.ecclesia.org.br\/#\/schema\/logo\/image\/","url":"https:\/\/news.ecclesia.org.br\/wp-content\/uploads\/2025\/05\/ecclesia2.png","contentUrl":"https:\/\/news.ecclesia.org.br\/wp-content\/uploads\/2025\/05\/ecclesia2.png","width":480,"height":120,"caption":"Sacra Arquidiocese de Buenos Aires e Am\u00e9rica do Sul | Patriarcado Ecum\u00eanico"},"image":{"@id":"https:\/\/news.ecclesia.org.br\/#\/schema\/logo\/image\/"},"sameAs":["https:\/\/www.facebook.com\/Ecclesia2025","https:\/\/x.com\/EcclesiaNews","https:\/\/br.pinterest.com\/ekklisia\/","https:\/\/www.youtube.com\/@EcclesiaBrasil"]},{"@type":"Person","@id":"https:\/\/news.ecclesia.org.br\/#\/schema\/person\/6f09597f025829745ba414a569f63758","name":"Pe. Andr\u00e9","image":{"@type":"ImageObject","inLanguage":"pt-BR","@id":"https:\/\/secure.gravatar.com\/avatar\/b4327cfa27e9799da239a26adcd534fc29cdc0c4a4a148eecbcfeb9b42c617ac?s=96&d=mm&r=g","url":"https:\/\/secure.gravatar.com\/avatar\/b4327cfa27e9799da239a26adcd534fc29cdc0c4a4a148eecbcfeb9b42c617ac?s=96&d=mm&r=g","contentUrl":"https:\/\/secure.gravatar.com\/avatar\/b4327cfa27e9799da239a26adcd534fc29cdc0c4a4a148eecbcfeb9b42c617ac?s=96&d=mm&r=g","caption":"Pe. Andr\u00e9"},"sameAs":["https:\/\/www.ecclesia.org.br"]}]}},"_links":{"self":[{"href":"https:\/\/news.ecclesia.org.br\/index.php?rest_route=\/wp\/v2\/posts\/21188","targetHints":{"allow":["GET"]}}],"collection":[{"href":"https:\/\/news.ecclesia.org.br\/index.php?rest_route=\/wp\/v2\/posts"}],"about":[{"href":"https:\/\/news.ecclesia.org.br\/index.php?rest_route=\/wp\/v2\/types\/post"}],"author":[{"embeddable":true,"href":"https:\/\/news.ecclesia.org.br\/index.php?rest_route=\/wp\/v2\/users\/1"}],"replies":[{"embeddable":true,"href":"https:\/\/news.ecclesia.org.br\/index.php?rest_route=%2Fwp%2Fv2%2Fcomments&post=21188"}],"version-history":[{"count":0,"href":"https:\/\/news.ecclesia.org.br\/index.php?rest_route=\/wp\/v2\/posts\/21188\/revisions"}],"wp:featuredmedia":[{"embeddable":true,"href":"https:\/\/news.ecclesia.org.br\/index.php?rest_route=\/wp\/v2\/media\/6081"}],"wp:attachment":[{"href":"https:\/\/news.ecclesia.org.br\/index.php?rest_route=%2Fwp%2Fv2%2Fmedia&parent=21188"}],"wp:term":[{"taxonomy":"category","embeddable":true,"href":"https:\/\/news.ecclesia.org.br\/index.php?rest_route=%2Fwp%2Fv2%2Fcategories&post=21188"},{"taxonomy":"post_tag","embeddable":true,"href":"https:\/\/news.ecclesia.org.br\/index.php?rest_route=%2Fwp%2Fv2%2Ftags&post=21188"}],"curies":[{"name":"wp","href":"https:\/\/api.w.org\/{rel}","templated":true}]}}