{"id":21168,"date":"2016-06-29T00:51:53","date_gmt":"2016-06-29T00:51:53","guid":{"rendered":"https:\/\/news.ecclesia.org.br\/2013\/?p=21168"},"modified":"2020-09-18T10:40:07","modified_gmt":"2020-09-18T13:40:07","slug":"fazer-da-misericordia-o-criterio-das-nossas-relacoes-reciprocas","status":"publish","type":"post","link":"https:\/\/news.ecclesia.org.br\/?p=21168","title":{"rendered":"Fazer da Miseric\u00f3rdia o crit\u00e9rio das nossas rela\u00e7\u00f5es rec\u00edprocas"},"content":{"rendered":"<figure id=\"attachment_21169\" aria-describedby=\"caption-attachment-21169\" style=\"width: 640px\" class=\"wp-caption aligncenter\"><a href=\"https:\/\/news.ecclesia.org.br\/2013\/wp-content\/uploads\/2016\/06\/papa-patriarca-arcebispo-yeronimos.jpg\"><img fetchpriority=\"high\" decoding=\"async\" class=\"size-full wp-image-21169\" src=\"https:\/\/news.ecclesia.org.br\/2013\/wp-content\/uploads\/2016\/06\/papa-patriarca-arcebispo-yeronimos.jpg\" alt=\"Papa Francisco sauda Arcebispo Ier\u00f4nymos, de Atenas e Toda a Gr\u00e9cia,&nbsp;e o Patriarca Ecum\u00eanico de Constantinopla, Bartolomeu na&nbsp;viagem que fizeram juntos \u00e0&nbsp;ilha de Lesbos (RV)\" width=\"640\" height=\"453\" srcset=\"https:\/\/news.ecclesia.org.br\/wp-content\/uploads\/2016\/06\/papa-patriarca-arcebispo-yeronimos.jpg 640w, https:\/\/news.ecclesia.org.br\/wp-content\/uploads\/2016\/06\/papa-patriarca-arcebispo-yeronimos-300x212.jpg 300w, https:\/\/news.ecclesia.org.br\/wp-content\/uploads\/2016\/06\/papa-patriarca-arcebispo-yeronimos-600x425.jpg 600w, https:\/\/news.ecclesia.org.br\/wp-content\/uploads\/2016\/06\/papa-patriarca-arcebispo-yeronimos-78x55.jpg 78w\" sizes=\"(max-width: 640px) 100vw, 640px\" \/><\/a><figcaption id=\"caption-attachment-21169\" class=\"wp-caption-text\">Papa Francisco sa\u00fada Arcebispo Ier\u00f4nymos, de Atenas e Toda a Gr\u00e9cia,&nbsp;e o Patriarca Ecum\u00eanico de Constantinopla, Bartolomeu na&nbsp;viagem que fizeram juntos \u00e0&nbsp;ilha de Lesbos (RV)<\/figcaption><\/figure>\n<p style=\"text-align: justify;\">\u00c0 Delega\u00e7\u00e3o do Patriarcado Ecum\u00eanico de Constantinopla, vinda a Roma para partilhar com a Igreja Cat\u00f3lica Romana a alegria das festividades dos Santos Ap\u00f3stolos Pedro e Paulo, o Papa dirigiu a palavra agradecendo a Sua Santidade o Patriarca Bartolomeu e ao Santo S\u00ednodo pelo envio de t\u00e3o importante Representa\u00e7\u00e3o, e sublinhou o fato de desta vez a festa calhar no ano Jubilar da Miseric\u00f3rdia, um tempo favor\u00e1vel para contemplar o mist\u00e9rio do amor infinito do Pai e para tornar mais forte \u2013 disse \u2013 o nosso testemunho desse mist\u00e9rio\u201d. Miseric\u00f3rdia que os Santos Pedro e Paulo, cada um \u00e0 sua maneira, viveram na vida pessoal depois de ter passado pelo pecado: Pedro renegando Cristo, e Paulo perseguindo a Igreja. Mas ambos tornaram-se \u201cincans\u00e1veis anunciadores e imp\u00e1vidos testemunhos da salva\u00e7\u00e3o oferecida por Deus a cada homem em Jesus Cristo\u201d. Miseric\u00f3rdia divina, que a Igreja \u2013 feita de pecadores redimidos pelo Batismo \u2013 continua a proclamar \u2013 disse Francisco.<\/p>\n<p style=\"text-align: justify;\">Recordando que a festa destes dois Ap\u00f3stolos renova a mem\u00f3ria da experi\u00eancia de gra\u00e7a e perd\u00e3o comum a todos os crentes em Cristo, o Papa sublinhou que \u201cexistem desde os primeiros s\u00e9culos muitas diferen\u00e7as entre a Igreja de Roma e a de Constantinopla no \u00e2mbito lit\u00fargico, nas disciplinas eclesi\u00e1sticas e tamb\u00e9m no modo de formular a \u00fanica verdade revelada\u201d. Mas na base de todas estas formas concretas \u201cest\u00e1 sempre a mesma experi\u00eancia do amor infinito de Deus (\u2026) e a mesma voca\u00e7\u00e3o a ser testemunhos desse amor em rela\u00e7\u00e3o a todos\u201d \u2013 referiu, continuando:<\/p>\n<blockquote>\n<p style=\"text-align: justify;\">\u201cReconhecer que a experi\u00eancia da miseric\u00f3rdia de Deus \u00e9 o vinculo que nos liga, implica que devemos fazer cada vez mais da miseric\u00f3rdia o crit\u00e9rio das nossas rela\u00e7\u00f5es rec\u00edprocas. Se, como cat\u00f3licos e ortodoxos, queremos proclamar juntos as maravilhas da miseric\u00f3rdia de Deus ao mundo inteiro, n\u00e3o podemos conservar entre n\u00f3s sentimentos e atitudes de rivalidade, de desconfian\u00e7a, de rancor. A pr\u00f3pria miseric\u00f3rdia nos liberta do peso de um passado marcado por conflitos e nos permite abrir ao futuro em dire\u00e7\u00e3o ao qual o Esp\u00edrito Santo nos guia\u201d.<\/p>\n<\/blockquote>\n<p style=\"text-align: justify;\">Um contributo \u00e0 supera\u00e7\u00e3o dos obst\u00e1culos que impedem de recuperar a unidade \u00e9 dado pelo di\u00e1logo teol\u00f3gico \u2013 disse Francisco, exprimindo apre\u00e7o pelo trabalho da Consulta Teol\u00f3gica ortodoxa-cat\u00f3lica da Am\u00e9rica do Norte existente desde h\u00e1 50 anos e que se reunir\u00e1 no pr\u00f3ximo m\u00eas de Setembro com a Comiss\u00e3o Mista Internacional para o Dialogo Teol\u00f3gico entre a Igreja Cat\u00f3lica e a Igreja Ortodoxa. O Papa definiu de preciosa a tarefa dessa Comiss\u00e3o.<\/p>\n<p style=\"text-align: justify;\">Francisco recordou depois a sua visita \u00e0 ilha de Lesbos, em abril passado para visitar os pr\u00f3fugos e migrantes, dizendo que uma grande consola\u00e7\u00e3o naqueles momentos t\u00e3o tristes \u2013 em que viram o desespero nos olhos de homens, mulheres e crian\u00e7as com o futuro incerto \u2013 foi \u201ca forte aproxima\u00e7\u00e3o humana e espiritual\u201d que experimentou juntamente com \u201co Patriarca Bartolomeu e o arcebispo Ieronymos\u201d de Atenas e de toda a Gr\u00e9cia. E o Papa acrescentou que \u201cguiados pelo Esp\u00edrito Santo\u201d est\u00e3o a tomar \u201ccada vez mais consci\u00eancia\u201d de que cat\u00f3licos e ortodoxos t\u00eam a \u201ccomum responsabilidade perante o necessitado\u201d e isto em \u201cobedi\u00eancia ao \u00fanico Evangelho de Jesus\u201d.<\/p>\n<p style=\"text-align: justify;\">E antes de concluir, assegurando a sua b\u00ean\u00e7\u00e3o e fraterno respeito pelo irm\u00e3o Bartolomeu, Bergoglio disse ter acompanhado com a ora\u00e7\u00e3o o recente Conc\u00edlio Pan-ortodoxo realizado em Creta, desejando que d\u00ea bons frutos.<\/p>\n<p style=\"text-align: justify;\">O Papa almo\u00e7ou depois com a delega\u00e7\u00e3o de Constantinopla.&nbsp;(DA)<\/p>\n<p style=\"text-align: right;\">Fonte: <a href=\"http:\/\/pt.radiovaticana.va\/news\/2016\/06\/28\/fazer_da_miseric%C3%B3rdia_o_crit%C3%A9rio_das_rela%C3%A7%C3%B5es_rec%C3%ADpro\/1240640)\" target=\"_blank\" rel=\"noopener noreferrer\">RV<\/a><\/p>\n","protected":false},"excerpt":{"rendered":"<p>\u00c0 Delega\u00e7\u00e3o do Patriarcado Ecum\u00eanico de Constantinopla, vinda a Roma para partilhar com a Igreja Cat\u00f3lica Romana a alegria das festividades dos Santos Ap\u00f3stolos Pedro e Paulo, o Papa dirigiu a palavra agradecendo a Sua Santidade o Patriarca Bartolomeu e&#8230;<\/p>\n","protected":false},"author":1,"featured_media":21169,"comment_status":"open","ping_status":"open","sticky":false,"template":"","format":"standard","meta":{"_acf_changed":false,"footnotes":""},"categories":[1],"tags":[],"class_list":["post-21168","post","type-post","status-publish","format-standard","has-post-thumbnail","hentry","category-news","entry","rows-excerpt"],"acf":[],"yoast_head":"<!-- This site is optimized with the Yoast SEO plugin v27.5 - https:\/\/yoast.com\/product\/yoast-seo-wordpress\/ -->\n<title>Fazer da Miseric\u00f3rdia o crit\u00e9rio das nossas rela\u00e7\u00f5es rec\u00edprocas | ECCLESIA NEWS<\/title>\n<meta name=\"robots\" content=\"index, follow, max-snippet:-1, max-image-preview:large, max-video-preview:-1\" \/>\n<link rel=\"canonical\" href=\"https:\/\/news.ecclesia.org.br\/?p=21168\" \/>\n<meta property=\"og:locale\" content=\"pt_BR\" \/>\n<meta property=\"og:type\" content=\"article\" \/>\n<meta property=\"og:title\" content=\"Fazer da Miseric\u00f3rdia o crit\u00e9rio das nossas rela\u00e7\u00f5es rec\u00edprocas | ECCLESIA NEWS\" \/>\n<meta property=\"og:description\" content=\"\u00c0 Delega\u00e7\u00e3o do Patriarcado Ecum\u00eanico de Constantinopla, vinda a Roma para partilhar com a Igreja Cat\u00f3lica Romana a alegria das festividades dos Santos Ap\u00f3stolos Pedro e Paulo, o Papa dirigiu a palavra agradecendo a Sua Santidade o Patriarca Bartolomeu e&#8230;\" \/>\n<meta property=\"og:url\" content=\"https:\/\/news.ecclesia.org.br\/?p=21168\" \/>\n<meta property=\"og:site_name\" content=\"ECCLESIA NEWS\" \/>\n<meta property=\"article:publisher\" content=\"https:\/\/www.facebook.com\/Ecclesia2025\" \/>\n<meta property=\"article:published_time\" content=\"2016-06-29T00:51:53+00:00\" \/>\n<meta property=\"article:modified_time\" content=\"2020-09-18T13:40:07+00:00\" \/>\n<meta property=\"og:image\" content=\"https:\/\/news.ecclesia.org.br\/wp-content\/uploads\/2016\/06\/papa-patriarca-arcebispo-yeronimos.jpg\" \/>\n\t<meta property=\"og:image:width\" content=\"640\" \/>\n\t<meta property=\"og:image:height\" content=\"453\" \/>\n\t<meta property=\"og:image:type\" content=\"image\/jpeg\" \/>\n<meta name=\"author\" content=\"Pe. Andr\u00e9\" \/>\n<meta name=\"twitter:card\" content=\"summary_large_image\" \/>\n<meta name=\"twitter:creator\" content=\"@EcclesiaNews\" \/>\n<meta name=\"twitter:site\" content=\"@EcclesiaNews\" \/>\n<meta name=\"twitter:label1\" content=\"Escrito por\" \/>\n\t<meta name=\"twitter:data1\" content=\"Pe. Andr\u00e9\" \/>\n\t<meta name=\"twitter:label2\" content=\"Est. tempo de leitura\" \/>\n\t<meta name=\"twitter:data2\" content=\"3 minutos\" \/>\n<script type=\"application\/ld+json\" class=\"yoast-schema-graph\">{\"@context\":\"https:\\\/\\\/schema.org\",\"@graph\":[{\"@type\":\"Article\",\"@id\":\"https:\\\/\\\/news.ecclesia.org.br\\\/?p=21168#article\",\"isPartOf\":{\"@id\":\"https:\\\/\\\/news.ecclesia.org.br\\\/?p=21168\"},\"author\":{\"name\":\"Pe. Andr\u00e9\",\"@id\":\"https:\\\/\\\/news.ecclesia.org.br\\\/#\\\/schema\\\/person\\\/6f09597f025829745ba414a569f63758\"},\"headline\":\"Fazer da Miseric\u00f3rdia o crit\u00e9rio das nossas rela\u00e7\u00f5es rec\u00edprocas\",\"datePublished\":\"2016-06-29T00:51:53+00:00\",\"dateModified\":\"2020-09-18T13:40:07+00:00\",\"mainEntityOfPage\":{\"@id\":\"https:\\\/\\\/news.ecclesia.org.br\\\/?p=21168\"},\"wordCount\":679,\"commentCount\":0,\"publisher\":{\"@id\":\"https:\\\/\\\/news.ecclesia.org.br\\\/#organization\"},\"image\":{\"@id\":\"https:\\\/\\\/news.ecclesia.org.br\\\/?p=21168#primaryimage\"},\"thumbnailUrl\":\"https:\\\/\\\/news.ecclesia.org.br\\\/wp-content\\\/uploads\\\/2016\\\/06\\\/papa-patriarca-arcebispo-yeronimos.jpg\",\"articleSection\":[\"NEWS\"],\"inLanguage\":\"pt-BR\",\"potentialAction\":[{\"@type\":\"CommentAction\",\"name\":\"Comment\",\"target\":[\"https:\\\/\\\/news.ecclesia.org.br\\\/?p=21168#respond\"]}]},{\"@type\":\"WebPage\",\"@id\":\"https:\\\/\\\/news.ecclesia.org.br\\\/?p=21168\",\"url\":\"https:\\\/\\\/news.ecclesia.org.br\\\/?p=21168\",\"name\":\"Fazer da Miseric\u00f3rdia o crit\u00e9rio das nossas rela\u00e7\u00f5es rec\u00edprocas | ECCLESIA NEWS\",\"isPartOf\":{\"@id\":\"https:\\\/\\\/news.ecclesia.org.br\\\/#website\"},\"primaryImageOfPage\":{\"@id\":\"https:\\\/\\\/news.ecclesia.org.br\\\/?p=21168#primaryimage\"},\"image\":{\"@id\":\"https:\\\/\\\/news.ecclesia.org.br\\\/?p=21168#primaryimage\"},\"thumbnailUrl\":\"https:\\\/\\\/news.ecclesia.org.br\\\/wp-content\\\/uploads\\\/2016\\\/06\\\/papa-patriarca-arcebispo-yeronimos.jpg\",\"datePublished\":\"2016-06-29T00:51:53+00:00\",\"dateModified\":\"2020-09-18T13:40:07+00:00\",\"breadcrumb\":{\"@id\":\"https:\\\/\\\/news.ecclesia.org.br\\\/?p=21168#breadcrumb\"},\"inLanguage\":\"pt-BR\",\"potentialAction\":[{\"@type\":\"ReadAction\",\"target\":[\"https:\\\/\\\/news.ecclesia.org.br\\\/?p=21168\"]}]},{\"@type\":\"ImageObject\",\"inLanguage\":\"pt-BR\",\"@id\":\"https:\\\/\\\/news.ecclesia.org.br\\\/?p=21168#primaryimage\",\"url\":\"https:\\\/\\\/news.ecclesia.org.br\\\/wp-content\\\/uploads\\\/2016\\\/06\\\/papa-patriarca-arcebispo-yeronimos.jpg\",\"contentUrl\":\"https:\\\/\\\/news.ecclesia.org.br\\\/wp-content\\\/uploads\\\/2016\\\/06\\\/papa-patriarca-arcebispo-yeronimos.jpg\",\"width\":640,\"height\":453,\"caption\":\"Papa Francisco sauda Arcebispo Ier\u00f4nymos, de Atenas e Toda a Gr\u00e9cia,\u00a0e o Patriarca Ecum\u00eanico de Constantinopla, Bartolomeu na\u00a0viagem que fizeram juntos \u00e0\u00a0ilha de Lesbos (RV)\"},{\"@type\":\"BreadcrumbList\",\"@id\":\"https:\\\/\\\/news.ecclesia.org.br\\\/?p=21168#breadcrumb\",\"itemListElement\":[{\"@type\":\"ListItem\",\"position\":1,\"name\":\"In\u00edcio\",\"item\":\"https:\\\/\\\/news.ecclesia.org.br\\\/\"},{\"@type\":\"ListItem\",\"position\":2,\"name\":\"Fazer da Miseric\u00f3rdia o crit\u00e9rio das nossas rela\u00e7\u00f5es rec\u00edprocas\"}]},{\"@type\":\"WebSite\",\"@id\":\"https:\\\/\\\/news.ecclesia.org.br\\\/#website\",\"url\":\"https:\\\/\\\/news.ecclesia.org.br\\\/\",\"name\":\"Ecclesia Brasil\",\"description\":\"Desde 2003 onectando o Brasil ao mundo ortodoxo!\",\"publisher\":{\"@id\":\"https:\\\/\\\/news.ecclesia.org.br\\\/#organization\"},\"alternateName\":\"Ecclesia\",\"potentialAction\":[{\"@type\":\"SearchAction\",\"target\":{\"@type\":\"EntryPoint\",\"urlTemplate\":\"https:\\\/\\\/news.ecclesia.org.br\\\/?s={search_term_string}\"},\"query-input\":{\"@type\":\"PropertyValueSpecification\",\"valueRequired\":true,\"valueName\":\"search_term_string\"}}],\"inLanguage\":\"pt-BR\"},{\"@type\":\"Organization\",\"@id\":\"https:\\\/\\\/news.ecclesia.org.br\\\/#organization\",\"name\":\"Sacra Arquidiocese de Buenos Aires e Am\u00e9rica do Sul | Patriarcado Ecum\u00eanico\",\"alternateName\":\"News Ecclesia Brasil\",\"url\":\"https:\\\/\\\/news.ecclesia.org.br\\\/\",\"logo\":{\"@type\":\"ImageObject\",\"inLanguage\":\"pt-BR\",\"@id\":\"https:\\\/\\\/news.ecclesia.org.br\\\/#\\\/schema\\\/logo\\\/image\\\/\",\"url\":\"https:\\\/\\\/news.ecclesia.org.br\\\/wp-content\\\/uploads\\\/2025\\\/05\\\/ecclesia2.png\",\"contentUrl\":\"https:\\\/\\\/news.ecclesia.org.br\\\/wp-content\\\/uploads\\\/2025\\\/05\\\/ecclesia2.png\",\"width\":480,\"height\":120,\"caption\":\"Sacra Arquidiocese de Buenos Aires e Am\u00e9rica do Sul | Patriarcado Ecum\u00eanico\"},\"image\":{\"@id\":\"https:\\\/\\\/news.ecclesia.org.br\\\/#\\\/schema\\\/logo\\\/image\\\/\"},\"sameAs\":[\"https:\\\/\\\/www.facebook.com\\\/Ecclesia2025\",\"https:\\\/\\\/x.com\\\/EcclesiaNews\",\"https:\\\/\\\/br.pinterest.com\\\/ekklisia\\\/\",\"https:\\\/\\\/www.youtube.com\\\/@EcclesiaBrasil\"]},{\"@type\":\"Person\",\"@id\":\"https:\\\/\\\/news.ecclesia.org.br\\\/#\\\/schema\\\/person\\\/6f09597f025829745ba414a569f63758\",\"name\":\"Pe. Andr\u00e9\",\"image\":{\"@type\":\"ImageObject\",\"inLanguage\":\"pt-BR\",\"@id\":\"https:\\\/\\\/secure.gravatar.com\\\/avatar\\\/b4327cfa27e9799da239a26adcd534fc29cdc0c4a4a148eecbcfeb9b42c617ac?s=96&d=mm&r=g\",\"url\":\"https:\\\/\\\/secure.gravatar.com\\\/avatar\\\/b4327cfa27e9799da239a26adcd534fc29cdc0c4a4a148eecbcfeb9b42c617ac?s=96&d=mm&r=g\",\"contentUrl\":\"https:\\\/\\\/secure.gravatar.com\\\/avatar\\\/b4327cfa27e9799da239a26adcd534fc29cdc0c4a4a148eecbcfeb9b42c617ac?s=96&d=mm&r=g\",\"caption\":\"Pe. Andr\u00e9\"},\"sameAs\":[\"https:\\\/\\\/www.ecclesia.org.br\"]}]}<\/script>\n<!-- \/ Yoast SEO plugin. -->","yoast_head_json":{"title":"Fazer da Miseric\u00f3rdia o crit\u00e9rio das nossas rela\u00e7\u00f5es rec\u00edprocas | ECCLESIA NEWS","robots":{"index":"index","follow":"follow","max-snippet":"max-snippet:-1","max-image-preview":"max-image-preview:large","max-video-preview":"max-video-preview:-1"},"canonical":"https:\/\/news.ecclesia.org.br\/?p=21168","og_locale":"pt_BR","og_type":"article","og_title":"Fazer da Miseric\u00f3rdia o crit\u00e9rio das nossas rela\u00e7\u00f5es rec\u00edprocas | ECCLESIA NEWS","og_description":"\u00c0 Delega\u00e7\u00e3o do Patriarcado Ecum\u00eanico de Constantinopla, vinda a Roma para partilhar com a Igreja Cat\u00f3lica Romana a alegria das festividades dos Santos Ap\u00f3stolos Pedro e Paulo, o Papa dirigiu a palavra agradecendo a Sua Santidade o Patriarca Bartolomeu e&#8230;","og_url":"https:\/\/news.ecclesia.org.br\/?p=21168","og_site_name":"ECCLESIA NEWS","article_publisher":"https:\/\/www.facebook.com\/Ecclesia2025","article_published_time":"2016-06-29T00:51:53+00:00","article_modified_time":"2020-09-18T13:40:07+00:00","og_image":[{"width":640,"height":453,"url":"https:\/\/news.ecclesia.org.br\/wp-content\/uploads\/2016\/06\/papa-patriarca-arcebispo-yeronimos.jpg","type":"image\/jpeg"}],"author":"Pe. Andr\u00e9","twitter_card":"summary_large_image","twitter_creator":"@EcclesiaNews","twitter_site":"@EcclesiaNews","twitter_misc":{"Escrito por":"Pe. Andr\u00e9","Est. tempo de leitura":"3 minutos"},"schema":{"@context":"https:\/\/schema.org","@graph":[{"@type":"Article","@id":"https:\/\/news.ecclesia.org.br\/?p=21168#article","isPartOf":{"@id":"https:\/\/news.ecclesia.org.br\/?p=21168"},"author":{"name":"Pe. Andr\u00e9","@id":"https:\/\/news.ecclesia.org.br\/#\/schema\/person\/6f09597f025829745ba414a569f63758"},"headline":"Fazer da Miseric\u00f3rdia o crit\u00e9rio das nossas rela\u00e7\u00f5es rec\u00edprocas","datePublished":"2016-06-29T00:51:53+00:00","dateModified":"2020-09-18T13:40:07+00:00","mainEntityOfPage":{"@id":"https:\/\/news.ecclesia.org.br\/?p=21168"},"wordCount":679,"commentCount":0,"publisher":{"@id":"https:\/\/news.ecclesia.org.br\/#organization"},"image":{"@id":"https:\/\/news.ecclesia.org.br\/?p=21168#primaryimage"},"thumbnailUrl":"https:\/\/news.ecclesia.org.br\/wp-content\/uploads\/2016\/06\/papa-patriarca-arcebispo-yeronimos.jpg","articleSection":["NEWS"],"inLanguage":"pt-BR","potentialAction":[{"@type":"CommentAction","name":"Comment","target":["https:\/\/news.ecclesia.org.br\/?p=21168#respond"]}]},{"@type":"WebPage","@id":"https:\/\/news.ecclesia.org.br\/?p=21168","url":"https:\/\/news.ecclesia.org.br\/?p=21168","name":"Fazer da Miseric\u00f3rdia o crit\u00e9rio das nossas rela\u00e7\u00f5es rec\u00edprocas | ECCLESIA NEWS","isPartOf":{"@id":"https:\/\/news.ecclesia.org.br\/#website"},"primaryImageOfPage":{"@id":"https:\/\/news.ecclesia.org.br\/?p=21168#primaryimage"},"image":{"@id":"https:\/\/news.ecclesia.org.br\/?p=21168#primaryimage"},"thumbnailUrl":"https:\/\/news.ecclesia.org.br\/wp-content\/uploads\/2016\/06\/papa-patriarca-arcebispo-yeronimos.jpg","datePublished":"2016-06-29T00:51:53+00:00","dateModified":"2020-09-18T13:40:07+00:00","breadcrumb":{"@id":"https:\/\/news.ecclesia.org.br\/?p=21168#breadcrumb"},"inLanguage":"pt-BR","potentialAction":[{"@type":"ReadAction","target":["https:\/\/news.ecclesia.org.br\/?p=21168"]}]},{"@type":"ImageObject","inLanguage":"pt-BR","@id":"https:\/\/news.ecclesia.org.br\/?p=21168#primaryimage","url":"https:\/\/news.ecclesia.org.br\/wp-content\/uploads\/2016\/06\/papa-patriarca-arcebispo-yeronimos.jpg","contentUrl":"https:\/\/news.ecclesia.org.br\/wp-content\/uploads\/2016\/06\/papa-patriarca-arcebispo-yeronimos.jpg","width":640,"height":453,"caption":"Papa Francisco sauda Arcebispo Ier\u00f4nymos, de Atenas e Toda a Gr\u00e9cia,\u00a0e o Patriarca Ecum\u00eanico de Constantinopla, Bartolomeu na\u00a0viagem que fizeram juntos \u00e0\u00a0ilha de Lesbos (RV)"},{"@type":"BreadcrumbList","@id":"https:\/\/news.ecclesia.org.br\/?p=21168#breadcrumb","itemListElement":[{"@type":"ListItem","position":1,"name":"In\u00edcio","item":"https:\/\/news.ecclesia.org.br\/"},{"@type":"ListItem","position":2,"name":"Fazer da Miseric\u00f3rdia o crit\u00e9rio das nossas rela\u00e7\u00f5es rec\u00edprocas"}]},{"@type":"WebSite","@id":"https:\/\/news.ecclesia.org.br\/#website","url":"https:\/\/news.ecclesia.org.br\/","name":"Ecclesia Brasil","description":"Desde 2003 onectando o Brasil ao mundo ortodoxo!","publisher":{"@id":"https:\/\/news.ecclesia.org.br\/#organization"},"alternateName":"Ecclesia","potentialAction":[{"@type":"SearchAction","target":{"@type":"EntryPoint","urlTemplate":"https:\/\/news.ecclesia.org.br\/?s={search_term_string}"},"query-input":{"@type":"PropertyValueSpecification","valueRequired":true,"valueName":"search_term_string"}}],"inLanguage":"pt-BR"},{"@type":"Organization","@id":"https:\/\/news.ecclesia.org.br\/#organization","name":"Sacra Arquidiocese de Buenos Aires e Am\u00e9rica do Sul | Patriarcado Ecum\u00eanico","alternateName":"News Ecclesia Brasil","url":"https:\/\/news.ecclesia.org.br\/","logo":{"@type":"ImageObject","inLanguage":"pt-BR","@id":"https:\/\/news.ecclesia.org.br\/#\/schema\/logo\/image\/","url":"https:\/\/news.ecclesia.org.br\/wp-content\/uploads\/2025\/05\/ecclesia2.png","contentUrl":"https:\/\/news.ecclesia.org.br\/wp-content\/uploads\/2025\/05\/ecclesia2.png","width":480,"height":120,"caption":"Sacra Arquidiocese de Buenos Aires e Am\u00e9rica do Sul | Patriarcado Ecum\u00eanico"},"image":{"@id":"https:\/\/news.ecclesia.org.br\/#\/schema\/logo\/image\/"},"sameAs":["https:\/\/www.facebook.com\/Ecclesia2025","https:\/\/x.com\/EcclesiaNews","https:\/\/br.pinterest.com\/ekklisia\/","https:\/\/www.youtube.com\/@EcclesiaBrasil"]},{"@type":"Person","@id":"https:\/\/news.ecclesia.org.br\/#\/schema\/person\/6f09597f025829745ba414a569f63758","name":"Pe. Andr\u00e9","image":{"@type":"ImageObject","inLanguage":"pt-BR","@id":"https:\/\/secure.gravatar.com\/avatar\/b4327cfa27e9799da239a26adcd534fc29cdc0c4a4a148eecbcfeb9b42c617ac?s=96&d=mm&r=g","url":"https:\/\/secure.gravatar.com\/avatar\/b4327cfa27e9799da239a26adcd534fc29cdc0c4a4a148eecbcfeb9b42c617ac?s=96&d=mm&r=g","contentUrl":"https:\/\/secure.gravatar.com\/avatar\/b4327cfa27e9799da239a26adcd534fc29cdc0c4a4a148eecbcfeb9b42c617ac?s=96&d=mm&r=g","caption":"Pe. Andr\u00e9"},"sameAs":["https:\/\/www.ecclesia.org.br"]}]}},"_links":{"self":[{"href":"https:\/\/news.ecclesia.org.br\/index.php?rest_route=\/wp\/v2\/posts\/21168","targetHints":{"allow":["GET"]}}],"collection":[{"href":"https:\/\/news.ecclesia.org.br\/index.php?rest_route=\/wp\/v2\/posts"}],"about":[{"href":"https:\/\/news.ecclesia.org.br\/index.php?rest_route=\/wp\/v2\/types\/post"}],"author":[{"embeddable":true,"href":"https:\/\/news.ecclesia.org.br\/index.php?rest_route=\/wp\/v2\/users\/1"}],"replies":[{"embeddable":true,"href":"https:\/\/news.ecclesia.org.br\/index.php?rest_route=%2Fwp%2Fv2%2Fcomments&post=21168"}],"version-history":[{"count":1,"href":"https:\/\/news.ecclesia.org.br\/index.php?rest_route=\/wp\/v2\/posts\/21168\/revisions"}],"predecessor-version":[{"id":33942,"href":"https:\/\/news.ecclesia.org.br\/index.php?rest_route=\/wp\/v2\/posts\/21168\/revisions\/33942"}],"wp:featuredmedia":[{"embeddable":true,"href":"https:\/\/news.ecclesia.org.br\/index.php?rest_route=\/wp\/v2\/media\/21169"}],"wp:attachment":[{"href":"https:\/\/news.ecclesia.org.br\/index.php?rest_route=%2Fwp%2Fv2%2Fmedia&parent=21168"}],"wp:term":[{"taxonomy":"category","embeddable":true,"href":"https:\/\/news.ecclesia.org.br\/index.php?rest_route=%2Fwp%2Fv2%2Fcategories&post=21168"},{"taxonomy":"post_tag","embeddable":true,"href":"https:\/\/news.ecclesia.org.br\/index.php?rest_route=%2Fwp%2Fv2%2Ftags&post=21168"}],"curies":[{"name":"wp","href":"https:\/\/api.w.org\/{rel}","templated":true}]}}