{"id":21165,"date":"2016-06-29T00:41:34","date_gmt":"2016-06-29T00:41:34","guid":{"rendered":"https:\/\/news.ecclesia.org.br\/2013\/?p=21165"},"modified":"2020-09-18T10:41:54","modified_gmt":"2020-09-18T13:41:54","slug":"bartolomeu-i-dialogo-na-caridade-leva-ao-reciproco-enriquecimento-espiritual","status":"publish","type":"post","link":"https:\/\/news.ecclesia.org.br\/?p=21165","title":{"rendered":"Bartolomeu I: di\u00e1logo na caridade leva ao rec\u00edproco enriquecimento espiritual"},"content":{"rendered":"<figure id=\"attachment_21166\" aria-describedby=\"caption-attachment-21166\" style=\"width: 640px\" class=\"wp-caption aligncenter\"><a href=\"https:\/\/news.ecclesia.org.br\/2013\/wp-content\/uploads\/2016\/06\/papa-patriarca.jpg\"><img fetchpriority=\"high\" decoding=\"async\" class=\"size-full wp-image-21166\" src=\"https:\/\/news.ecclesia.org.br\/2013\/wp-content\/uploads\/2016\/06\/papa-patriarca.jpg\" alt=\"&quot;O Patriarca reza a Deus para que fortale\u00e7a o Papa &quot;para o bem da Igreja e a unidade dos crist\u00e3os, em benef\u00edcio da humanidade t\u00e3o perturbada&quot; - AP\" width=\"640\" height=\"453\" srcset=\"https:\/\/news.ecclesia.org.br\/wp-content\/uploads\/2016\/06\/papa-patriarca.jpg 640w, https:\/\/news.ecclesia.org.br\/wp-content\/uploads\/2016\/06\/papa-patriarca-300x212.jpg 300w, https:\/\/news.ecclesia.org.br\/wp-content\/uploads\/2016\/06\/papa-patriarca-600x425.jpg 600w, https:\/\/news.ecclesia.org.br\/wp-content\/uploads\/2016\/06\/papa-patriarca-78x55.jpg 78w\" sizes=\"(max-width: 640px) 100vw, 640px\" \/><\/a><figcaption id=\"caption-attachment-21166\" class=\"wp-caption-text\">&#8220;O Patriarca reza a Deus para que fortale\u00e7a o Papa &#8220;para o bem da Igreja e a unidade dos crist\u00e3os, em benef\u00edcio da humanidade t\u00e3o perturbada&#8221; &#8211; AP<\/figcaption><\/figure>\n<p style=\"text-align: justify;\">\nCidade do Vaticano (RV) 28\/06\/2016&nbsp;&#8212;&nbsp;O compromisso ecum\u00eanico na defesa das minorias perseguidas e a import\u00e2ncia dos princ\u00edpios crist\u00e3os diante da crise dos migrantes e refugiados. Estas foram as duas passagens-chave da carta enviada ao Papa pelo Patriarca Ortodoxo Ecum\u00eanico, Bartolomeu I. A missiva foi entregue ao Papa&nbsp;na manh\u00e3 desta ter\u00e7a-feira, durante a audi\u00eancia concedida \u00e0 delega\u00e7\u00e3o do Patriarcado Ecum\u00eanico de Constantinopla.<\/p>\n<p style=\"text-align: justify;\">\u201cAs nossas Igrejas escutam o grito das v\u00edtimas de viol\u00eancia e fanatismo, discrimina\u00e7\u00f5es e persegui\u00e7\u00f5es, injusti\u00e7as sociais, pobreza e fome\u201d, escreve Bartolomeu na carta ao Papa, recordando \u201ccom profunda gratid\u00e3o\u201d o encontro realizado em Lesbos, em 16 de abril passado. Um encontro \u2013 sublinha o Patriarca \u2013 que teve o objetivo de oferecer \u201capoio aos migrantes e refugiados, dando a eles coragem e esperan\u00e7as\u201d, mas tamb\u00e9m defender \u201ca necessidade de garantir uma solu\u00e7\u00e3o pac\u00edfica diante da maior crise humanit\u00e1ria desde os tempos da II Guerra Mundial, cujas v\u00edtimas contam tamb\u00e9m popula\u00e7\u00f5es crist\u00e3s\u201d.<\/p>\n<h3 style=\"text-align: justify;\">Civiliza\u00e7\u00e3o europeia n\u00e3o pode ser compreendida sem ra\u00edzes crist\u00e3s<\/h3>\n<p style=\"text-align: justify;\">Em particular, Bartolomeu lan\u00e7a um olhar para a Europa: \u201cA atual crise dos migrantes e dos refugiados \u2013 afirma \u2013 demonstrou a necessidade, para as na\u00e7\u00f5es europeias, de enfrentar o problema com base nos princ\u00edpios crist\u00e3os de fraternidade e justi\u00e7a social\u201d. Neste sentido, o chamado para reconhecer que \u201ca civiliza\u00e7\u00e3o europeia n\u00e3o pode ser entendida sem fazer refer\u00eancia \u00e0s suas ra\u00edzes crist\u00e3s\u201d, porque \u201co seu futuro n\u00e3o pode ser uma sociedade inteiramente secularizada ou sujeita exclusivamente \u00e0 economia ou ao fundamentalismo\u201d. De fato \u2013 explica Bartolomeu \u2013\u201ca cultura da solidariedade alimentada pela cristandade n\u00e3o se preserva por meio do progresso da internet e da globaliza\u00e7\u00e3o\u201d.<\/p>\n<h3 style=\"text-align: justify;\">Caminho ecum\u00eanico, di\u00e1logo de verdade na caridade<\/h3>\n<p style=\"text-align: justify;\">Em seguida, o Patriarca invoca o empenho ecum\u00eanico para o bem da humanidade, para sua liberdade, em contraste contra o mal social e no esfor\u00e7o de fazer prevalecer a justi\u00e7a e a paz. Um compromisso comum que constitui \u201cum bom testemunho para a Igreja de Cristo \u2013 escreve Bartolomeu \u2013 fortalecendo as rec\u00edprocas responsabilidades espirituais diante dos desafios contempor\u00e2neos\u201d.<\/p>\n<p style=\"text-align: justify;\">Quanto ao caminho rumo \u00e0 unidade de ortodoxos e cat\u00f3licos, o Patriarca afirma que o di\u00e1logo na caridade \u201cconfirma os comuns modelos crist\u00e3os\u201d e leva \u201cao conhecimento teol\u00f3gico, \u00e0 experi\u00eancia ecum\u00eanica e ao rec\u00edproco enriquecimento espiritual\u201d.<\/p>\n<h3 style=\"text-align: justify;\">Convers\u00e3o ecol\u00f3gica para salvaguardar a cria\u00e7\u00e3o<\/h3>\n<p style=\"text-align: justify;\">Outro ponto central da mensagem \u00e9 a salvaguarda da cria\u00e7\u00e3o, tema muito caro tamb\u00e9m ao Patriarca Ecum\u00eanico, cujo compromisso tamb\u00e9m \u00e9 recordado pelo Papa Francisco na \u201cEnc\u00edclica <em>Laudato Si<\/em>, sobre o cuidado da casa comum\u201d. Bartolomeu sublinha \u201cas causas espirituais e morais da crise ecol\u00f3gica atual\u201d e alerta para a necessidade de \u201cuma mudan\u00e7a radical de atitudes\u201d para encontrar uma solu\u00e7\u00e3o.<\/p>\n<h3 style=\"text-align: justify;\">Ora\u00e7\u00e3o pelo \u00eaxito do Conc\u00edlio&nbsp;Pan-Ortodoxo<\/h3>\n<p style=\"text-align: justify;\">Olhando, ent\u00e3o, ao Conc\u00edlio Pan-ortodoxo rec\u00e9m conclu\u00eddo em Creta, Bartolomeu pediu ao Papa para rezar por &#8220;um resultado frutuoso de tal encontro&#8221;, o primeiro depois de mais de um mil de anos. Finalmente, o Patriarca reza a Deus para que fortale\u00e7a o Papa &#8220;para o bem da Igreja e a unidade dos crist\u00e3os, em benef\u00edcio da humanidade t\u00e3o conturbada&#8221;. (JE\/IP)<\/p>\n<p style=\"text-align: right;\">Fonte: <a href=\"http:\/\/br.radiovaticana.va\/news\/2016\/06\/28\/mensagem_de_bartolomeu_i_entregue_ao_papa_francisco\/1240711\" target=\"_blank\" rel=\"noopener noreferrer\">RV<\/a><\/p>\n","protected":false},"excerpt":{"rendered":"<p>Cidade do Vaticano (RV) 28\/06\/2016&nbsp;&#8212;&nbsp;O compromisso ecum\u00eanico na defesa das minorias perseguidas e a import\u00e2ncia dos princ\u00edpios crist\u00e3os diante da crise dos migrantes e refugiados. Estas foram as duas passagens-chave da carta enviada ao Papa pelo Patriarca Ortodoxo Ecum\u00eanico, Bartolomeu&#8230;<\/p>\n","protected":false},"author":1,"featured_media":21166,"comment_status":"open","ping_status":"open","sticky":false,"template":"","format":"standard","meta":{"_acf_changed":false,"footnotes":""},"categories":[1,72],"tags":[],"class_list":["post-21165","post","type-post","status-publish","format-standard","has-post-thumbnail","hentry","category-news","category-patriarcado-ecumenico","entry","rows-excerpt"],"acf":[],"yoast_head":"<!-- This site is optimized with the Yoast SEO plugin v27.4 - https:\/\/yoast.com\/product\/yoast-seo-wordpress\/ -->\n<title>Bartolomeu I: di\u00e1logo na caridade leva ao rec\u00edproco enriquecimento espiritual | ECCLESIA NEWS<\/title>\n<meta name=\"robots\" content=\"index, follow, max-snippet:-1, max-image-preview:large, max-video-preview:-1\" \/>\n<link rel=\"canonical\" href=\"https:\/\/news.ecclesia.org.br\/?p=21165\" \/>\n<meta property=\"og:locale\" content=\"pt_BR\" \/>\n<meta property=\"og:type\" content=\"article\" \/>\n<meta property=\"og:title\" content=\"Bartolomeu I: di\u00e1logo na caridade leva ao rec\u00edproco enriquecimento espiritual | ECCLESIA NEWS\" \/>\n<meta property=\"og:description\" content=\"Cidade do Vaticano (RV) 28\/06\/2016&nbsp;&#8212;&nbsp;O compromisso ecum\u00eanico na defesa das minorias perseguidas e a import\u00e2ncia dos princ\u00edpios crist\u00e3os diante da crise dos migrantes e refugiados. Estas foram as duas passagens-chave da carta enviada ao Papa pelo Patriarca Ortodoxo Ecum\u00eanico, Bartolomeu&#8230;\" \/>\n<meta property=\"og:url\" content=\"https:\/\/news.ecclesia.org.br\/?p=21165\" \/>\n<meta property=\"og:site_name\" content=\"ECCLESIA NEWS\" \/>\n<meta property=\"article:publisher\" content=\"https:\/\/www.facebook.com\/Ecclesia2025\" \/>\n<meta property=\"article:published_time\" content=\"2016-06-29T00:41:34+00:00\" \/>\n<meta property=\"article:modified_time\" content=\"2020-09-18T13:41:54+00:00\" \/>\n<meta property=\"og:image\" content=\"https:\/\/news.ecclesia.org.br\/wp-content\/uploads\/2016\/06\/papa-patriarca.jpg\" \/>\n\t<meta property=\"og:image:width\" content=\"640\" \/>\n\t<meta property=\"og:image:height\" content=\"453\" \/>\n\t<meta property=\"og:image:type\" content=\"image\/jpeg\" \/>\n<meta name=\"author\" content=\"Pe. Andr\u00e9\" \/>\n<meta name=\"twitter:card\" content=\"summary_large_image\" \/>\n<meta name=\"twitter:creator\" content=\"@EcclesiaNews\" \/>\n<meta name=\"twitter:site\" content=\"@EcclesiaNews\" \/>\n<meta name=\"twitter:label1\" content=\"Escrito por\" \/>\n\t<meta name=\"twitter:data1\" content=\"Pe. Andr\u00e9\" \/>\n\t<meta name=\"twitter:label2\" content=\"Est. tempo de leitura\" \/>\n\t<meta name=\"twitter:data2\" content=\"3 minutos\" \/>\n<script type=\"application\/ld+json\" class=\"yoast-schema-graph\">{\"@context\":\"https:\\\/\\\/schema.org\",\"@graph\":[{\"@type\":\"Article\",\"@id\":\"https:\\\/\\\/news.ecclesia.org.br\\\/?p=21165#article\",\"isPartOf\":{\"@id\":\"https:\\\/\\\/news.ecclesia.org.br\\\/?p=21165\"},\"author\":{\"name\":\"Pe. Andr\u00e9\",\"@id\":\"https:\\\/\\\/news.ecclesia.org.br\\\/#\\\/schema\\\/person\\\/6f09597f025829745ba414a569f63758\"},\"headline\":\"Bartolomeu I: di\u00e1logo na caridade leva ao rec\u00edproco enriquecimento espiritual\",\"datePublished\":\"2016-06-29T00:41:34+00:00\",\"dateModified\":\"2020-09-18T13:41:54+00:00\",\"mainEntityOfPage\":{\"@id\":\"https:\\\/\\\/news.ecclesia.org.br\\\/?p=21165\"},\"wordCount\":624,\"commentCount\":0,\"publisher\":{\"@id\":\"https:\\\/\\\/news.ecclesia.org.br\\\/#organization\"},\"image\":{\"@id\":\"https:\\\/\\\/news.ecclesia.org.br\\\/?p=21165#primaryimage\"},\"thumbnailUrl\":\"https:\\\/\\\/news.ecclesia.org.br\\\/wp-content\\\/uploads\\\/2016\\\/06\\\/papa-patriarca.jpg\",\"articleSection\":[\"NEWS\",\"Patriarcado Ecum\u00eanico\"],\"inLanguage\":\"pt-BR\",\"potentialAction\":[{\"@type\":\"CommentAction\",\"name\":\"Comment\",\"target\":[\"https:\\\/\\\/news.ecclesia.org.br\\\/?p=21165#respond\"]}]},{\"@type\":\"WebPage\",\"@id\":\"https:\\\/\\\/news.ecclesia.org.br\\\/?p=21165\",\"url\":\"https:\\\/\\\/news.ecclesia.org.br\\\/?p=21165\",\"name\":\"Bartolomeu I: di\u00e1logo na caridade leva ao rec\u00edproco enriquecimento espiritual | ECCLESIA NEWS\",\"isPartOf\":{\"@id\":\"https:\\\/\\\/news.ecclesia.org.br\\\/#website\"},\"primaryImageOfPage\":{\"@id\":\"https:\\\/\\\/news.ecclesia.org.br\\\/?p=21165#primaryimage\"},\"image\":{\"@id\":\"https:\\\/\\\/news.ecclesia.org.br\\\/?p=21165#primaryimage\"},\"thumbnailUrl\":\"https:\\\/\\\/news.ecclesia.org.br\\\/wp-content\\\/uploads\\\/2016\\\/06\\\/papa-patriarca.jpg\",\"datePublished\":\"2016-06-29T00:41:34+00:00\",\"dateModified\":\"2020-09-18T13:41:54+00:00\",\"breadcrumb\":{\"@id\":\"https:\\\/\\\/news.ecclesia.org.br\\\/?p=21165#breadcrumb\"},\"inLanguage\":\"pt-BR\",\"potentialAction\":[{\"@type\":\"ReadAction\",\"target\":[\"https:\\\/\\\/news.ecclesia.org.br\\\/?p=21165\"]}]},{\"@type\":\"ImageObject\",\"inLanguage\":\"pt-BR\",\"@id\":\"https:\\\/\\\/news.ecclesia.org.br\\\/?p=21165#primaryimage\",\"url\":\"https:\\\/\\\/news.ecclesia.org.br\\\/wp-content\\\/uploads\\\/2016\\\/06\\\/papa-patriarca.jpg\",\"contentUrl\":\"https:\\\/\\\/news.ecclesia.org.br\\\/wp-content\\\/uploads\\\/2016\\\/06\\\/papa-patriarca.jpg\",\"width\":640,\"height\":453,\"caption\":\"\\\"O Patriarca reza a Deus para que fortale\u00e7a o Papa \\\"para o bem da Igreja e a unidade dos crist\u00e3os, em benef\u00edcio da humanidade t\u00e3o perturbada\\\" - AP\"},{\"@type\":\"BreadcrumbList\",\"@id\":\"https:\\\/\\\/news.ecclesia.org.br\\\/?p=21165#breadcrumb\",\"itemListElement\":[{\"@type\":\"ListItem\",\"position\":1,\"name\":\"In\u00edcio\",\"item\":\"https:\\\/\\\/news.ecclesia.org.br\\\/\"},{\"@type\":\"ListItem\",\"position\":2,\"name\":\"Bartolomeu I: di\u00e1logo na caridade leva ao rec\u00edproco enriquecimento espiritual\"}]},{\"@type\":\"WebSite\",\"@id\":\"https:\\\/\\\/news.ecclesia.org.br\\\/#website\",\"url\":\"https:\\\/\\\/news.ecclesia.org.br\\\/\",\"name\":\"Ecclesia Brasil\",\"description\":\"Desde 2003 onectando o Brasil ao mundo ortodoxo!\",\"publisher\":{\"@id\":\"https:\\\/\\\/news.ecclesia.org.br\\\/#organization\"},\"alternateName\":\"Ecclesia\",\"potentialAction\":[{\"@type\":\"SearchAction\",\"target\":{\"@type\":\"EntryPoint\",\"urlTemplate\":\"https:\\\/\\\/news.ecclesia.org.br\\\/?s={search_term_string}\"},\"query-input\":{\"@type\":\"PropertyValueSpecification\",\"valueRequired\":true,\"valueName\":\"search_term_string\"}}],\"inLanguage\":\"pt-BR\"},{\"@type\":\"Organization\",\"@id\":\"https:\\\/\\\/news.ecclesia.org.br\\\/#organization\",\"name\":\"Sacra Arquidiocese de Buenos Aires e Am\u00e9rica do Sul | Patriarcado Ecum\u00eanico\",\"alternateName\":\"News Ecclesia Brasil\",\"url\":\"https:\\\/\\\/news.ecclesia.org.br\\\/\",\"logo\":{\"@type\":\"ImageObject\",\"inLanguage\":\"pt-BR\",\"@id\":\"https:\\\/\\\/news.ecclesia.org.br\\\/#\\\/schema\\\/logo\\\/image\\\/\",\"url\":\"https:\\\/\\\/news.ecclesia.org.br\\\/wp-content\\\/uploads\\\/2025\\\/05\\\/ecclesia2.png\",\"contentUrl\":\"https:\\\/\\\/news.ecclesia.org.br\\\/wp-content\\\/uploads\\\/2025\\\/05\\\/ecclesia2.png\",\"width\":480,\"height\":120,\"caption\":\"Sacra Arquidiocese de Buenos Aires e Am\u00e9rica do Sul | Patriarcado Ecum\u00eanico\"},\"image\":{\"@id\":\"https:\\\/\\\/news.ecclesia.org.br\\\/#\\\/schema\\\/logo\\\/image\\\/\"},\"sameAs\":[\"https:\\\/\\\/www.facebook.com\\\/Ecclesia2025\",\"https:\\\/\\\/x.com\\\/EcclesiaNews\",\"https:\\\/\\\/br.pinterest.com\\\/ekklisia\\\/\",\"https:\\\/\\\/www.youtube.com\\\/@EcclesiaBrasil\"]},{\"@type\":\"Person\",\"@id\":\"https:\\\/\\\/news.ecclesia.org.br\\\/#\\\/schema\\\/person\\\/6f09597f025829745ba414a569f63758\",\"name\":\"Pe. Andr\u00e9\",\"image\":{\"@type\":\"ImageObject\",\"inLanguage\":\"pt-BR\",\"@id\":\"https:\\\/\\\/secure.gravatar.com\\\/avatar\\\/b4327cfa27e9799da239a26adcd534fc29cdc0c4a4a148eecbcfeb9b42c617ac?s=96&d=mm&r=g\",\"url\":\"https:\\\/\\\/secure.gravatar.com\\\/avatar\\\/b4327cfa27e9799da239a26adcd534fc29cdc0c4a4a148eecbcfeb9b42c617ac?s=96&d=mm&r=g\",\"contentUrl\":\"https:\\\/\\\/secure.gravatar.com\\\/avatar\\\/b4327cfa27e9799da239a26adcd534fc29cdc0c4a4a148eecbcfeb9b42c617ac?s=96&d=mm&r=g\",\"caption\":\"Pe. Andr\u00e9\"},\"sameAs\":[\"https:\\\/\\\/www.ecclesia.org.br\"]}]}<\/script>\n<!-- \/ Yoast SEO plugin. -->","yoast_head_json":{"title":"Bartolomeu I: di\u00e1logo na caridade leva ao rec\u00edproco enriquecimento espiritual | ECCLESIA NEWS","robots":{"index":"index","follow":"follow","max-snippet":"max-snippet:-1","max-image-preview":"max-image-preview:large","max-video-preview":"max-video-preview:-1"},"canonical":"https:\/\/news.ecclesia.org.br\/?p=21165","og_locale":"pt_BR","og_type":"article","og_title":"Bartolomeu I: di\u00e1logo na caridade leva ao rec\u00edproco enriquecimento espiritual | ECCLESIA NEWS","og_description":"Cidade do Vaticano (RV) 28\/06\/2016&nbsp;&#8212;&nbsp;O compromisso ecum\u00eanico na defesa das minorias perseguidas e a import\u00e2ncia dos princ\u00edpios crist\u00e3os diante da crise dos migrantes e refugiados. Estas foram as duas passagens-chave da carta enviada ao Papa pelo Patriarca Ortodoxo Ecum\u00eanico, Bartolomeu&#8230;","og_url":"https:\/\/news.ecclesia.org.br\/?p=21165","og_site_name":"ECCLESIA NEWS","article_publisher":"https:\/\/www.facebook.com\/Ecclesia2025","article_published_time":"2016-06-29T00:41:34+00:00","article_modified_time":"2020-09-18T13:41:54+00:00","og_image":[{"width":640,"height":453,"url":"https:\/\/news.ecclesia.org.br\/wp-content\/uploads\/2016\/06\/papa-patriarca.jpg","type":"image\/jpeg"}],"author":"Pe. Andr\u00e9","twitter_card":"summary_large_image","twitter_creator":"@EcclesiaNews","twitter_site":"@EcclesiaNews","twitter_misc":{"Escrito por":"Pe. Andr\u00e9","Est. tempo de leitura":"3 minutos"},"schema":{"@context":"https:\/\/schema.org","@graph":[{"@type":"Article","@id":"https:\/\/news.ecclesia.org.br\/?p=21165#article","isPartOf":{"@id":"https:\/\/news.ecclesia.org.br\/?p=21165"},"author":{"name":"Pe. Andr\u00e9","@id":"https:\/\/news.ecclesia.org.br\/#\/schema\/person\/6f09597f025829745ba414a569f63758"},"headline":"Bartolomeu I: di\u00e1logo na caridade leva ao rec\u00edproco enriquecimento espiritual","datePublished":"2016-06-29T00:41:34+00:00","dateModified":"2020-09-18T13:41:54+00:00","mainEntityOfPage":{"@id":"https:\/\/news.ecclesia.org.br\/?p=21165"},"wordCount":624,"commentCount":0,"publisher":{"@id":"https:\/\/news.ecclesia.org.br\/#organization"},"image":{"@id":"https:\/\/news.ecclesia.org.br\/?p=21165#primaryimage"},"thumbnailUrl":"https:\/\/news.ecclesia.org.br\/wp-content\/uploads\/2016\/06\/papa-patriarca.jpg","articleSection":["NEWS","Patriarcado Ecum\u00eanico"],"inLanguage":"pt-BR","potentialAction":[{"@type":"CommentAction","name":"Comment","target":["https:\/\/news.ecclesia.org.br\/?p=21165#respond"]}]},{"@type":"WebPage","@id":"https:\/\/news.ecclesia.org.br\/?p=21165","url":"https:\/\/news.ecclesia.org.br\/?p=21165","name":"Bartolomeu I: di\u00e1logo na caridade leva ao rec\u00edproco enriquecimento espiritual | ECCLESIA NEWS","isPartOf":{"@id":"https:\/\/news.ecclesia.org.br\/#website"},"primaryImageOfPage":{"@id":"https:\/\/news.ecclesia.org.br\/?p=21165#primaryimage"},"image":{"@id":"https:\/\/news.ecclesia.org.br\/?p=21165#primaryimage"},"thumbnailUrl":"https:\/\/news.ecclesia.org.br\/wp-content\/uploads\/2016\/06\/papa-patriarca.jpg","datePublished":"2016-06-29T00:41:34+00:00","dateModified":"2020-09-18T13:41:54+00:00","breadcrumb":{"@id":"https:\/\/news.ecclesia.org.br\/?p=21165#breadcrumb"},"inLanguage":"pt-BR","potentialAction":[{"@type":"ReadAction","target":["https:\/\/news.ecclesia.org.br\/?p=21165"]}]},{"@type":"ImageObject","inLanguage":"pt-BR","@id":"https:\/\/news.ecclesia.org.br\/?p=21165#primaryimage","url":"https:\/\/news.ecclesia.org.br\/wp-content\/uploads\/2016\/06\/papa-patriarca.jpg","contentUrl":"https:\/\/news.ecclesia.org.br\/wp-content\/uploads\/2016\/06\/papa-patriarca.jpg","width":640,"height":453,"caption":"\"O Patriarca reza a Deus para que fortale\u00e7a o Papa \"para o bem da Igreja e a unidade dos crist\u00e3os, em benef\u00edcio da humanidade t\u00e3o perturbada\" - AP"},{"@type":"BreadcrumbList","@id":"https:\/\/news.ecclesia.org.br\/?p=21165#breadcrumb","itemListElement":[{"@type":"ListItem","position":1,"name":"In\u00edcio","item":"https:\/\/news.ecclesia.org.br\/"},{"@type":"ListItem","position":2,"name":"Bartolomeu I: di\u00e1logo na caridade leva ao rec\u00edproco enriquecimento espiritual"}]},{"@type":"WebSite","@id":"https:\/\/news.ecclesia.org.br\/#website","url":"https:\/\/news.ecclesia.org.br\/","name":"Ecclesia Brasil","description":"Desde 2003 onectando o Brasil ao mundo ortodoxo!","publisher":{"@id":"https:\/\/news.ecclesia.org.br\/#organization"},"alternateName":"Ecclesia","potentialAction":[{"@type":"SearchAction","target":{"@type":"EntryPoint","urlTemplate":"https:\/\/news.ecclesia.org.br\/?s={search_term_string}"},"query-input":{"@type":"PropertyValueSpecification","valueRequired":true,"valueName":"search_term_string"}}],"inLanguage":"pt-BR"},{"@type":"Organization","@id":"https:\/\/news.ecclesia.org.br\/#organization","name":"Sacra Arquidiocese de Buenos Aires e Am\u00e9rica do Sul | Patriarcado Ecum\u00eanico","alternateName":"News Ecclesia Brasil","url":"https:\/\/news.ecclesia.org.br\/","logo":{"@type":"ImageObject","inLanguage":"pt-BR","@id":"https:\/\/news.ecclesia.org.br\/#\/schema\/logo\/image\/","url":"https:\/\/news.ecclesia.org.br\/wp-content\/uploads\/2025\/05\/ecclesia2.png","contentUrl":"https:\/\/news.ecclesia.org.br\/wp-content\/uploads\/2025\/05\/ecclesia2.png","width":480,"height":120,"caption":"Sacra Arquidiocese de Buenos Aires e Am\u00e9rica do Sul | Patriarcado Ecum\u00eanico"},"image":{"@id":"https:\/\/news.ecclesia.org.br\/#\/schema\/logo\/image\/"},"sameAs":["https:\/\/www.facebook.com\/Ecclesia2025","https:\/\/x.com\/EcclesiaNews","https:\/\/br.pinterest.com\/ekklisia\/","https:\/\/www.youtube.com\/@EcclesiaBrasil"]},{"@type":"Person","@id":"https:\/\/news.ecclesia.org.br\/#\/schema\/person\/6f09597f025829745ba414a569f63758","name":"Pe. Andr\u00e9","image":{"@type":"ImageObject","inLanguage":"pt-BR","@id":"https:\/\/secure.gravatar.com\/avatar\/b4327cfa27e9799da239a26adcd534fc29cdc0c4a4a148eecbcfeb9b42c617ac?s=96&d=mm&r=g","url":"https:\/\/secure.gravatar.com\/avatar\/b4327cfa27e9799da239a26adcd534fc29cdc0c4a4a148eecbcfeb9b42c617ac?s=96&d=mm&r=g","contentUrl":"https:\/\/secure.gravatar.com\/avatar\/b4327cfa27e9799da239a26adcd534fc29cdc0c4a4a148eecbcfeb9b42c617ac?s=96&d=mm&r=g","caption":"Pe. Andr\u00e9"},"sameAs":["https:\/\/www.ecclesia.org.br"]}]}},"_links":{"self":[{"href":"https:\/\/news.ecclesia.org.br\/index.php?rest_route=\/wp\/v2\/posts\/21165","targetHints":{"allow":["GET"]}}],"collection":[{"href":"https:\/\/news.ecclesia.org.br\/index.php?rest_route=\/wp\/v2\/posts"}],"about":[{"href":"https:\/\/news.ecclesia.org.br\/index.php?rest_route=\/wp\/v2\/types\/post"}],"author":[{"embeddable":true,"href":"https:\/\/news.ecclesia.org.br\/index.php?rest_route=\/wp\/v2\/users\/1"}],"replies":[{"embeddable":true,"href":"https:\/\/news.ecclesia.org.br\/index.php?rest_route=%2Fwp%2Fv2%2Fcomments&post=21165"}],"version-history":[{"count":1,"href":"https:\/\/news.ecclesia.org.br\/index.php?rest_route=\/wp\/v2\/posts\/21165\/revisions"}],"predecessor-version":[{"id":33943,"href":"https:\/\/news.ecclesia.org.br\/index.php?rest_route=\/wp\/v2\/posts\/21165\/revisions\/33943"}],"wp:featuredmedia":[{"embeddable":true,"href":"https:\/\/news.ecclesia.org.br\/index.php?rest_route=\/wp\/v2\/media\/21166"}],"wp:attachment":[{"href":"https:\/\/news.ecclesia.org.br\/index.php?rest_route=%2Fwp%2Fv2%2Fmedia&parent=21165"}],"wp:term":[{"taxonomy":"category","embeddable":true,"href":"https:\/\/news.ecclesia.org.br\/index.php?rest_route=%2Fwp%2Fv2%2Fcategories&post=21165"},{"taxonomy":"post_tag","embeddable":true,"href":"https:\/\/news.ecclesia.org.br\/index.php?rest_route=%2Fwp%2Fv2%2Ftags&post=21165"}],"curies":[{"name":"wp","href":"https:\/\/api.w.org\/{rel}","templated":true}]}}