{"id":20968,"date":"2016-06-21T01:13:07","date_gmt":"2016-06-21T01:13:07","guid":{"rendered":"https:\/\/news.ecclesia.org.br\/2013\/?p=20968"},"modified":"2016-06-21T18:09:18","modified_gmt":"2016-06-21T18:09:18","slug":"novo-metropolita-do-patriarcado-de-moscou-na-america-do-sul","status":"publish","type":"post","link":"https:\/\/news.ecclesia.org.br\/?p=20968","title":{"rendered":"Novo metropolita do Patriarcado de Moscou na Am\u00e9rica do Sul"},"content":{"rendered":"<p style=\"text-align: justify;\"><a href=\"https:\/\/news.ecclesia.org.br\/2013\/wp-content\/uploads\/2016\/06\/dom-ignatios.jpg\"><img fetchpriority=\"high\" decoding=\"async\" class=\"alignleft wp-image-20964 size-medium\" src=\"https:\/\/news.ecclesia.org.br\/2013\/wp-content\/uploads\/2016\/06\/dom-ignatios-192x300.jpg\" alt=\"dom-ignatios\" width=\"192\" height=\"300\" srcset=\"https:\/\/news.ecclesia.org.br\/wp-content\/uploads\/2016\/06\/dom-ignatios-192x300.jpg 192w, https:\/\/news.ecclesia.org.br\/wp-content\/uploads\/2016\/06\/dom-ignatios-35x55.jpg 35w, https:\/\/news.ecclesia.org.br\/wp-content\/uploads\/2016\/06\/dom-ignatios.jpg 350w\" sizes=\"(max-width: 192px) 100vw, 192px\" \/><\/a><span style=\"line-height: 1.5;\">De acordo com informa\u00e7\u00f5es divulgadas na p\u00e1gina da <\/span><a style=\"line-height: 1.5;\" href=\"https:\/\/www.facebook.com\/IgrejaOrtodoxaRussa\/\" target=\"_blank\">Igreja Ortodoxa Russa de S\u00e3o S\u00e9rgio de Radonej<\/a><span style=\"line-height: 1.5;\">\u00a0(Facebook)\u00a0de Porto Alegre, no \u00faltimo dia 03 de Junho de 2016, na Resid\u00eancia Patriarcal e Sinodal no Monast\u00e9rio\u00a0de S\u00e3o Daniel de Moscou, sob a presid\u00eancia do Patriarca Kirill, de Moscou e Toda a R\u00fassia, o Santo S\u00ednodo russo se reuniu e, dentre os temas debatidos e deliberados, decidiu-se pela nomea\u00e7\u00e3o de S. Excel\u00eancia Revma. Dom\u00a0Leonid como Bispo de Vladikavkaz e Alanian. Para a c\u00e1tedra da Am\u00e9rica do Sul, em sua substitui\u00e7\u00e3o, foi nomeado S. Emin\u00eancia Revma.\u00a0Dom In\u00e1cio (foto) como\u00a0o\u00a0novo Arcebispo Metropolita em Buenos Aires e Am\u00e9rica do Sul.<\/span><\/p>\n","protected":false},"excerpt":{"rendered":"<p>De acordo com informa\u00e7\u00f5es divulgadas na p\u00e1gina da Igreja Ortodoxa Russa de S\u00e3o S\u00e9rgio de Radonej\u00a0(Facebook)\u00a0de Porto Alegre, no \u00faltimo dia 03 de Junho de 2016, na Resid\u00eancia Patriarcal e Sinodal no Monast\u00e9rio\u00a0de S\u00e3o Daniel de Moscou, sob a presid\u00eancia&#8230;<\/p>\n","protected":false},"author":1,"featured_media":20964,"comment_status":"open","ping_status":"open","sticky":false,"template":"","format":"standard","meta":{"_acf_changed":false,"footnotes":""},"categories":[1],"tags":[],"class_list":["post-20968","post","type-post","status-publish","format-standard","has-post-thumbnail","hentry","category-news","entry","rows-excerpt"],"acf":[],"yoast_head":"<!-- This site is optimized with the Yoast SEO plugin v27.5 - https:\/\/yoast.com\/product\/yoast-seo-wordpress\/ -->\n<title>Novo metropolita do Patriarcado de Moscou na Am\u00e9rica do Sul | ECCLESIA NEWS<\/title>\n<meta name=\"robots\" content=\"index, follow, max-snippet:-1, max-image-preview:large, max-video-preview:-1\" \/>\n<link rel=\"canonical\" href=\"https:\/\/news.ecclesia.org.br\/?p=20968\" \/>\n<meta property=\"og:locale\" content=\"pt_BR\" \/>\n<meta property=\"og:type\" content=\"article\" \/>\n<meta property=\"og:title\" content=\"Novo metropolita do Patriarcado de Moscou na Am\u00e9rica do Sul | ECCLESIA NEWS\" \/>\n<meta property=\"og:description\" content=\"De acordo com informa\u00e7\u00f5es divulgadas na p\u00e1gina da Igreja Ortodoxa Russa de S\u00e3o S\u00e9rgio de Radonej\u00a0(Facebook)\u00a0de Porto Alegre, no \u00faltimo dia 03 de Junho de 2016, na Resid\u00eancia Patriarcal e Sinodal no Monast\u00e9rio\u00a0de S\u00e3o Daniel de Moscou, sob a presid\u00eancia&#8230;\" \/>\n<meta property=\"og:url\" content=\"https:\/\/news.ecclesia.org.br\/?p=20968\" \/>\n<meta property=\"og:site_name\" content=\"ECCLESIA NEWS\" \/>\n<meta property=\"article:publisher\" content=\"https:\/\/www.facebook.com\/Ecclesia2025\" \/>\n<meta property=\"article:published_time\" content=\"2016-06-21T01:13:07+00:00\" \/>\n<meta property=\"article:modified_time\" content=\"2016-06-21T18:09:18+00:00\" \/>\n<meta property=\"og:image\" content=\"https:\/\/news.ecclesia.org.br\/wp-content\/uploads\/2016\/06\/dom-ignatios.jpg\" \/>\n\t<meta property=\"og:image:width\" content=\"350\" \/>\n\t<meta property=\"og:image:height\" content=\"546\" \/>\n\t<meta property=\"og:image:type\" content=\"image\/jpeg\" \/>\n<meta name=\"author\" content=\"Pe. Andr\u00e9\" \/>\n<meta name=\"twitter:card\" content=\"summary_large_image\" \/>\n<meta name=\"twitter:creator\" content=\"@EcclesiaNews\" \/>\n<meta name=\"twitter:site\" content=\"@EcclesiaNews\" \/>\n<meta name=\"twitter:label1\" content=\"Escrito por\" \/>\n\t<meta name=\"twitter:data1\" content=\"Pe. Andr\u00e9\" \/>\n\t<meta name=\"twitter:label2\" content=\"Est. tempo de leitura\" \/>\n\t<meta name=\"twitter:data2\" content=\"1 minuto\" \/>\n<script type=\"application\/ld+json\" class=\"yoast-schema-graph\">{\"@context\":\"https:\\\/\\\/schema.org\",\"@graph\":[{\"@type\":\"Article\",\"@id\":\"https:\\\/\\\/news.ecclesia.org.br\\\/?p=20968#article\",\"isPartOf\":{\"@id\":\"https:\\\/\\\/news.ecclesia.org.br\\\/?p=20968\"},\"author\":{\"name\":\"Pe. Andr\u00e9\",\"@id\":\"https:\\\/\\\/news.ecclesia.org.br\\\/#\\\/schema\\\/person\\\/6f09597f025829745ba414a569f63758\"},\"headline\":\"Novo metropolita do Patriarcado de Moscou na Am\u00e9rica do Sul\",\"datePublished\":\"2016-06-21T01:13:07+00:00\",\"dateModified\":\"2016-06-21T18:09:18+00:00\",\"mainEntityOfPage\":{\"@id\":\"https:\\\/\\\/news.ecclesia.org.br\\\/?p=20968\"},\"wordCount\":137,\"commentCount\":0,\"publisher\":{\"@id\":\"https:\\\/\\\/news.ecclesia.org.br\\\/#organization\"},\"image\":{\"@id\":\"https:\\\/\\\/news.ecclesia.org.br\\\/?p=20968#primaryimage\"},\"thumbnailUrl\":\"https:\\\/\\\/news.ecclesia.org.br\\\/wp-content\\\/uploads\\\/2016\\\/06\\\/dom-ignatios.jpg\",\"articleSection\":[\"NEWS\"],\"inLanguage\":\"pt-BR\",\"potentialAction\":[{\"@type\":\"CommentAction\",\"name\":\"Comment\",\"target\":[\"https:\\\/\\\/news.ecclesia.org.br\\\/?p=20968#respond\"]}]},{\"@type\":\"WebPage\",\"@id\":\"https:\\\/\\\/news.ecclesia.org.br\\\/?p=20968\",\"url\":\"https:\\\/\\\/news.ecclesia.org.br\\\/?p=20968\",\"name\":\"Novo metropolita do Patriarcado de Moscou na Am\u00e9rica do Sul | ECCLESIA NEWS\",\"isPartOf\":{\"@id\":\"https:\\\/\\\/news.ecclesia.org.br\\\/#website\"},\"primaryImageOfPage\":{\"@id\":\"https:\\\/\\\/news.ecclesia.org.br\\\/?p=20968#primaryimage\"},\"image\":{\"@id\":\"https:\\\/\\\/news.ecclesia.org.br\\\/?p=20968#primaryimage\"},\"thumbnailUrl\":\"https:\\\/\\\/news.ecclesia.org.br\\\/wp-content\\\/uploads\\\/2016\\\/06\\\/dom-ignatios.jpg\",\"datePublished\":\"2016-06-21T01:13:07+00:00\",\"dateModified\":\"2016-06-21T18:09:18+00:00\",\"breadcrumb\":{\"@id\":\"https:\\\/\\\/news.ecclesia.org.br\\\/?p=20968#breadcrumb\"},\"inLanguage\":\"pt-BR\",\"potentialAction\":[{\"@type\":\"ReadAction\",\"target\":[\"https:\\\/\\\/news.ecclesia.org.br\\\/?p=20968\"]}]},{\"@type\":\"ImageObject\",\"inLanguage\":\"pt-BR\",\"@id\":\"https:\\\/\\\/news.ecclesia.org.br\\\/?p=20968#primaryimage\",\"url\":\"https:\\\/\\\/news.ecclesia.org.br\\\/wp-content\\\/uploads\\\/2016\\\/06\\\/dom-ignatios.jpg\",\"contentUrl\":\"https:\\\/\\\/news.ecclesia.org.br\\\/wp-content\\\/uploads\\\/2016\\\/06\\\/dom-ignatios.jpg\",\"width\":350,\"height\":546},{\"@type\":\"BreadcrumbList\",\"@id\":\"https:\\\/\\\/news.ecclesia.org.br\\\/?p=20968#breadcrumb\",\"itemListElement\":[{\"@type\":\"ListItem\",\"position\":1,\"name\":\"In\u00edcio\",\"item\":\"https:\\\/\\\/news.ecclesia.org.br\\\/\"},{\"@type\":\"ListItem\",\"position\":2,\"name\":\"Novo metropolita do Patriarcado de Moscou na Am\u00e9rica do Sul\"}]},{\"@type\":\"WebSite\",\"@id\":\"https:\\\/\\\/news.ecclesia.org.br\\\/#website\",\"url\":\"https:\\\/\\\/news.ecclesia.org.br\\\/\",\"name\":\"Ecclesia Brasil\",\"description\":\"Desde 2003 onectando o Brasil ao mundo ortodoxo!\",\"publisher\":{\"@id\":\"https:\\\/\\\/news.ecclesia.org.br\\\/#organization\"},\"alternateName\":\"Ecclesia\",\"potentialAction\":[{\"@type\":\"SearchAction\",\"target\":{\"@type\":\"EntryPoint\",\"urlTemplate\":\"https:\\\/\\\/news.ecclesia.org.br\\\/?s={search_term_string}\"},\"query-input\":{\"@type\":\"PropertyValueSpecification\",\"valueRequired\":true,\"valueName\":\"search_term_string\"}}],\"inLanguage\":\"pt-BR\"},{\"@type\":\"Organization\",\"@id\":\"https:\\\/\\\/news.ecclesia.org.br\\\/#organization\",\"name\":\"Sacra Arquidiocese de Buenos Aires e Am\u00e9rica do Sul | Patriarcado Ecum\u00eanico\",\"alternateName\":\"News Ecclesia Brasil\",\"url\":\"https:\\\/\\\/news.ecclesia.org.br\\\/\",\"logo\":{\"@type\":\"ImageObject\",\"inLanguage\":\"pt-BR\",\"@id\":\"https:\\\/\\\/news.ecclesia.org.br\\\/#\\\/schema\\\/logo\\\/image\\\/\",\"url\":\"https:\\\/\\\/news.ecclesia.org.br\\\/wp-content\\\/uploads\\\/2025\\\/05\\\/ecclesia2.png\",\"contentUrl\":\"https:\\\/\\\/news.ecclesia.org.br\\\/wp-content\\\/uploads\\\/2025\\\/05\\\/ecclesia2.png\",\"width\":480,\"height\":120,\"caption\":\"Sacra Arquidiocese de Buenos Aires e Am\u00e9rica do Sul | Patriarcado Ecum\u00eanico\"},\"image\":{\"@id\":\"https:\\\/\\\/news.ecclesia.org.br\\\/#\\\/schema\\\/logo\\\/image\\\/\"},\"sameAs\":[\"https:\\\/\\\/www.facebook.com\\\/Ecclesia2025\",\"https:\\\/\\\/x.com\\\/EcclesiaNews\",\"https:\\\/\\\/br.pinterest.com\\\/ekklisia\\\/\",\"https:\\\/\\\/www.youtube.com\\\/@EcclesiaBrasil\"]},{\"@type\":\"Person\",\"@id\":\"https:\\\/\\\/news.ecclesia.org.br\\\/#\\\/schema\\\/person\\\/6f09597f025829745ba414a569f63758\",\"name\":\"Pe. Andr\u00e9\",\"image\":{\"@type\":\"ImageObject\",\"inLanguage\":\"pt-BR\",\"@id\":\"https:\\\/\\\/secure.gravatar.com\\\/avatar\\\/b4327cfa27e9799da239a26adcd534fc29cdc0c4a4a148eecbcfeb9b42c617ac?s=96&d=mm&r=g\",\"url\":\"https:\\\/\\\/secure.gravatar.com\\\/avatar\\\/b4327cfa27e9799da239a26adcd534fc29cdc0c4a4a148eecbcfeb9b42c617ac?s=96&d=mm&r=g\",\"contentUrl\":\"https:\\\/\\\/secure.gravatar.com\\\/avatar\\\/b4327cfa27e9799da239a26adcd534fc29cdc0c4a4a148eecbcfeb9b42c617ac?s=96&d=mm&r=g\",\"caption\":\"Pe. Andr\u00e9\"},\"sameAs\":[\"https:\\\/\\\/www.ecclesia.org.br\"]}]}<\/script>\n<!-- \/ Yoast SEO plugin. -->","yoast_head_json":{"title":"Novo metropolita do Patriarcado de Moscou na Am\u00e9rica do Sul | ECCLESIA NEWS","robots":{"index":"index","follow":"follow","max-snippet":"max-snippet:-1","max-image-preview":"max-image-preview:large","max-video-preview":"max-video-preview:-1"},"canonical":"https:\/\/news.ecclesia.org.br\/?p=20968","og_locale":"pt_BR","og_type":"article","og_title":"Novo metropolita do Patriarcado de Moscou na Am\u00e9rica do Sul | ECCLESIA NEWS","og_description":"De acordo com informa\u00e7\u00f5es divulgadas na p\u00e1gina da Igreja Ortodoxa Russa de S\u00e3o S\u00e9rgio de Radonej\u00a0(Facebook)\u00a0de Porto Alegre, no \u00faltimo dia 03 de Junho de 2016, na Resid\u00eancia Patriarcal e Sinodal no Monast\u00e9rio\u00a0de S\u00e3o Daniel de Moscou, sob a presid\u00eancia&#8230;","og_url":"https:\/\/news.ecclesia.org.br\/?p=20968","og_site_name":"ECCLESIA NEWS","article_publisher":"https:\/\/www.facebook.com\/Ecclesia2025","article_published_time":"2016-06-21T01:13:07+00:00","article_modified_time":"2016-06-21T18:09:18+00:00","og_image":[{"width":350,"height":546,"url":"https:\/\/news.ecclesia.org.br\/wp-content\/uploads\/2016\/06\/dom-ignatios.jpg","type":"image\/jpeg"}],"author":"Pe. Andr\u00e9","twitter_card":"summary_large_image","twitter_creator":"@EcclesiaNews","twitter_site":"@EcclesiaNews","twitter_misc":{"Escrito por":"Pe. Andr\u00e9","Est. tempo de leitura":"1 minuto"},"schema":{"@context":"https:\/\/schema.org","@graph":[{"@type":"Article","@id":"https:\/\/news.ecclesia.org.br\/?p=20968#article","isPartOf":{"@id":"https:\/\/news.ecclesia.org.br\/?p=20968"},"author":{"name":"Pe. Andr\u00e9","@id":"https:\/\/news.ecclesia.org.br\/#\/schema\/person\/6f09597f025829745ba414a569f63758"},"headline":"Novo metropolita do Patriarcado de Moscou na Am\u00e9rica do Sul","datePublished":"2016-06-21T01:13:07+00:00","dateModified":"2016-06-21T18:09:18+00:00","mainEntityOfPage":{"@id":"https:\/\/news.ecclesia.org.br\/?p=20968"},"wordCount":137,"commentCount":0,"publisher":{"@id":"https:\/\/news.ecclesia.org.br\/#organization"},"image":{"@id":"https:\/\/news.ecclesia.org.br\/?p=20968#primaryimage"},"thumbnailUrl":"https:\/\/news.ecclesia.org.br\/wp-content\/uploads\/2016\/06\/dom-ignatios.jpg","articleSection":["NEWS"],"inLanguage":"pt-BR","potentialAction":[{"@type":"CommentAction","name":"Comment","target":["https:\/\/news.ecclesia.org.br\/?p=20968#respond"]}]},{"@type":"WebPage","@id":"https:\/\/news.ecclesia.org.br\/?p=20968","url":"https:\/\/news.ecclesia.org.br\/?p=20968","name":"Novo metropolita do Patriarcado de Moscou na Am\u00e9rica do Sul | ECCLESIA NEWS","isPartOf":{"@id":"https:\/\/news.ecclesia.org.br\/#website"},"primaryImageOfPage":{"@id":"https:\/\/news.ecclesia.org.br\/?p=20968#primaryimage"},"image":{"@id":"https:\/\/news.ecclesia.org.br\/?p=20968#primaryimage"},"thumbnailUrl":"https:\/\/news.ecclesia.org.br\/wp-content\/uploads\/2016\/06\/dom-ignatios.jpg","datePublished":"2016-06-21T01:13:07+00:00","dateModified":"2016-06-21T18:09:18+00:00","breadcrumb":{"@id":"https:\/\/news.ecclesia.org.br\/?p=20968#breadcrumb"},"inLanguage":"pt-BR","potentialAction":[{"@type":"ReadAction","target":["https:\/\/news.ecclesia.org.br\/?p=20968"]}]},{"@type":"ImageObject","inLanguage":"pt-BR","@id":"https:\/\/news.ecclesia.org.br\/?p=20968#primaryimage","url":"https:\/\/news.ecclesia.org.br\/wp-content\/uploads\/2016\/06\/dom-ignatios.jpg","contentUrl":"https:\/\/news.ecclesia.org.br\/wp-content\/uploads\/2016\/06\/dom-ignatios.jpg","width":350,"height":546},{"@type":"BreadcrumbList","@id":"https:\/\/news.ecclesia.org.br\/?p=20968#breadcrumb","itemListElement":[{"@type":"ListItem","position":1,"name":"In\u00edcio","item":"https:\/\/news.ecclesia.org.br\/"},{"@type":"ListItem","position":2,"name":"Novo metropolita do Patriarcado de Moscou na Am\u00e9rica do Sul"}]},{"@type":"WebSite","@id":"https:\/\/news.ecclesia.org.br\/#website","url":"https:\/\/news.ecclesia.org.br\/","name":"Ecclesia Brasil","description":"Desde 2003 onectando o Brasil ao mundo ortodoxo!","publisher":{"@id":"https:\/\/news.ecclesia.org.br\/#organization"},"alternateName":"Ecclesia","potentialAction":[{"@type":"SearchAction","target":{"@type":"EntryPoint","urlTemplate":"https:\/\/news.ecclesia.org.br\/?s={search_term_string}"},"query-input":{"@type":"PropertyValueSpecification","valueRequired":true,"valueName":"search_term_string"}}],"inLanguage":"pt-BR"},{"@type":"Organization","@id":"https:\/\/news.ecclesia.org.br\/#organization","name":"Sacra Arquidiocese de Buenos Aires e Am\u00e9rica do Sul | Patriarcado Ecum\u00eanico","alternateName":"News Ecclesia Brasil","url":"https:\/\/news.ecclesia.org.br\/","logo":{"@type":"ImageObject","inLanguage":"pt-BR","@id":"https:\/\/news.ecclesia.org.br\/#\/schema\/logo\/image\/","url":"https:\/\/news.ecclesia.org.br\/wp-content\/uploads\/2025\/05\/ecclesia2.png","contentUrl":"https:\/\/news.ecclesia.org.br\/wp-content\/uploads\/2025\/05\/ecclesia2.png","width":480,"height":120,"caption":"Sacra Arquidiocese de Buenos Aires e Am\u00e9rica do Sul | Patriarcado Ecum\u00eanico"},"image":{"@id":"https:\/\/news.ecclesia.org.br\/#\/schema\/logo\/image\/"},"sameAs":["https:\/\/www.facebook.com\/Ecclesia2025","https:\/\/x.com\/EcclesiaNews","https:\/\/br.pinterest.com\/ekklisia\/","https:\/\/www.youtube.com\/@EcclesiaBrasil"]},{"@type":"Person","@id":"https:\/\/news.ecclesia.org.br\/#\/schema\/person\/6f09597f025829745ba414a569f63758","name":"Pe. Andr\u00e9","image":{"@type":"ImageObject","inLanguage":"pt-BR","@id":"https:\/\/secure.gravatar.com\/avatar\/b4327cfa27e9799da239a26adcd534fc29cdc0c4a4a148eecbcfeb9b42c617ac?s=96&d=mm&r=g","url":"https:\/\/secure.gravatar.com\/avatar\/b4327cfa27e9799da239a26adcd534fc29cdc0c4a4a148eecbcfeb9b42c617ac?s=96&d=mm&r=g","contentUrl":"https:\/\/secure.gravatar.com\/avatar\/b4327cfa27e9799da239a26adcd534fc29cdc0c4a4a148eecbcfeb9b42c617ac?s=96&d=mm&r=g","caption":"Pe. Andr\u00e9"},"sameAs":["https:\/\/www.ecclesia.org.br"]}]}},"_links":{"self":[{"href":"https:\/\/news.ecclesia.org.br\/index.php?rest_route=\/wp\/v2\/posts\/20968","targetHints":{"allow":["GET"]}}],"collection":[{"href":"https:\/\/news.ecclesia.org.br\/index.php?rest_route=\/wp\/v2\/posts"}],"about":[{"href":"https:\/\/news.ecclesia.org.br\/index.php?rest_route=\/wp\/v2\/types\/post"}],"author":[{"embeddable":true,"href":"https:\/\/news.ecclesia.org.br\/index.php?rest_route=\/wp\/v2\/users\/1"}],"replies":[{"embeddable":true,"href":"https:\/\/news.ecclesia.org.br\/index.php?rest_route=%2Fwp%2Fv2%2Fcomments&post=20968"}],"version-history":[{"count":0,"href":"https:\/\/news.ecclesia.org.br\/index.php?rest_route=\/wp\/v2\/posts\/20968\/revisions"}],"wp:featuredmedia":[{"embeddable":true,"href":"https:\/\/news.ecclesia.org.br\/index.php?rest_route=\/wp\/v2\/media\/20964"}],"wp:attachment":[{"href":"https:\/\/news.ecclesia.org.br\/index.php?rest_route=%2Fwp%2Fv2%2Fmedia&parent=20968"}],"wp:term":[{"taxonomy":"category","embeddable":true,"href":"https:\/\/news.ecclesia.org.br\/index.php?rest_route=%2Fwp%2Fv2%2Fcategories&post=20968"},{"taxonomy":"post_tag","embeddable":true,"href":"https:\/\/news.ecclesia.org.br\/index.php?rest_route=%2Fwp%2Fv2%2Ftags&post=20968"}],"curies":[{"name":"wp","href":"https:\/\/api.w.org\/{rel}","templated":true}]}}