{"id":20960,"date":"2016-06-21T00:32:50","date_gmt":"2016-06-21T00:32:50","guid":{"rendered":"https:\/\/news.ecclesia.org.br\/2013\/?p=20960"},"modified":"2016-06-21T00:32:50","modified_gmt":"2016-06-21T00:32:50","slug":"patriarca-sirio-ortodoxo-escapa-de-atentado-suicida","status":"publish","type":"post","link":"https:\/\/news.ecclesia.org.br\/?p=20960","title":{"rendered":"Patriarca S\u00edrio-ortodoxo escapa de atentado suicida"},"content":{"rendered":"<figure id=\"attachment_20961\" aria-describedby=\"caption-attachment-20961\" style=\"width: 640px\" class=\"wp-caption aligncenter\"><a href=\"https:\/\/news.ecclesia.org.br\/2013\/wp-content\/uploads\/2016\/06\/RV16843_Articolo.jpg\"><img fetchpriority=\"high\" decoding=\"async\" class=\"size-full wp-image-20961\" src=\"https:\/\/news.ecclesia.org.br\/2013\/wp-content\/uploads\/2016\/06\/RV16843_Articolo.jpg\" alt=\"Patriarca momentos antes do atentado suicida - RV\" width=\"640\" height=\"453\" srcset=\"https:\/\/news.ecclesia.org.br\/wp-content\/uploads\/2016\/06\/RV16843_Articolo.jpg 640w, https:\/\/news.ecclesia.org.br\/wp-content\/uploads\/2016\/06\/RV16843_Articolo-300x212.jpg 300w, https:\/\/news.ecclesia.org.br\/wp-content\/uploads\/2016\/06\/RV16843_Articolo-600x425.jpg 600w, https:\/\/news.ecclesia.org.br\/wp-content\/uploads\/2016\/06\/RV16843_Articolo-78x55.jpg 78w\" sizes=\"(max-width: 640px) 100vw, 640px\" \/><\/a><figcaption id=\"caption-attachment-20961\" class=\"wp-caption-text\">Patriarca momentos antes do atentado suicida &#8211; RV<\/figcaption><\/figure>\n<p style=\"text-align: justify;\">Damasco (RV) \u2013 O Patriarca S\u00edrio-ortodoxo, Ignatius Aphrem II, escapou de um atentado suicida durante a celebra\u00e7\u00e3o do Pentecostes segundo o Calend\u00e1rio Juliano e a inaugura\u00e7\u00e3o de um monumento em recorda\u00e7\u00e3o \u00e0s v\u00edtimas do genoc\u00eddio de 1915 perpetrado pelo Imp\u00e9rio Turco-Otomano contra crist\u00e3os ass\u00edrios e arm\u00eanios. No ataque, ainda sem autoria oficial reivindicada, morreram, al\u00e9m do suicida, tr\u00eas respons\u00e1veis pela seguran\u00e7a. Comunidades crist\u00e3s de todo o mundo condenaram o atentado.<\/p>\n<p style=\"text-align: justify;\">Durante as celebra\u00e7\u00f5es, o l\u00edder da Comunidade s\u00edrio-ortodoxa aben\u00e7oou um monumento em recorda\u00e7\u00e3o aos mortos no massacre conhecido como \u201cMassacre de Sayfo\u201d (da espada). Na \u00e1rea estavam presentes milhares de fi\u00e9is. Testemunhas locais afirmam que o atentador se fez explodir dentro do pr\u00e9dio, morrendo junto com outras tr\u00eas pessoas.<\/p>\n<p style=\"text-align: justify;\">O ataque n\u00e3o foi reivindicado por nenhum grupo. J\u00e1 no passado, no entanto, a regi\u00e3o foi alvo de ataques perpetrados pelo Estado Isl\u00e2mico. Outras hip\u00f3teses, no entanto, n\u00e3o s\u00e3o exclu\u00eddas devido ao forte cunho pol\u00edtico da celebra\u00e7\u00e3o &#8211; visto sempre existirem tens\u00f5es quando o tema do genoc\u00eddio \u00e9 tratado \u2013 e a forte presen\u00e7a curda na regi\u00e3o.<\/p>\n<p style=\"text-align: justify;\">O ataque deste domingo \u00e9 o quarto contra a comunidade ass\u00edria de Qamishli nos \u00faltimos seis meses. Em 22 de maio passado, um kamikaze do EI atacou no mesmo distrito, matando ao menos cinco pessoas, tr\u00eas delas crist\u00e3os ass\u00edrios. Em 24 de janeiro, por sua vez, duas explos\u00f5es ocorreram no Bairro ass\u00edrio de Qamishli, matando tr\u00eas fi\u00e9is e ferindo outros 20. Por fim, tr\u00eas bombas foram lan\u00e7adas contra centros comerciais da cidade em 30 de dezembro de 2015, matando 16 pessoas.<\/p>\n<p style=\"text-align: justify;\">Diversas personalidades da Igreja e da sociedade civil condenaram com veem\u00eancia o atentado, voltado a matar a personalidade mais importante da Comunidade s\u00edrio-ortodoxa. A Federa\u00e7\u00e3o dos Arameus (Sir\u00edacos) sublinha em uma nota que \u00e9 dever da \u201ccomunidade internacional\u201d proteger os arameus \u201cque ficaram em sua m\u00e3e-p\u00e1tria\u201d. \u201cN\u00e3o precisa ignorar \u2013 prossegue o comunicado \u2013 o choro que parte os cora\u00e7\u00f5es e a ajuda de uma civiliza\u00e7\u00e3o em extin\u00e7\u00e3o e, ao mesmo tempo, povo da S\u00edria\u201d. Centenas de milhares de Arameus \u201cj\u00e1 deixaram a sua terra\u201d \u2013 conclui a nota \u2013 um povo que ainda hoje luta \u201cpelo reconhecimento e pela sobreviv\u00eancia\u201d. (JE)<\/p>\n<p style=\"text-align: right;\">Fonte: <a href=\"http:\/\/br.radiovaticana.va\/news\/2016\/06\/20\/patriarca_s%C3%ADrio-ortodoxo_escapa_de_atentado_\/1238640\" target=\"_blank\">R\u00e1dio Vaticano<\/a><\/p>\n","protected":false},"excerpt":{"rendered":"<p>Damasco (RV) \u2013 O Patriarca S\u00edrio-ortodoxo, Ignatius Aphrem II, escapou de um atentado suicida durante a celebra\u00e7\u00e3o do Pentecostes segundo o Calend\u00e1rio Juliano e a inaugura\u00e7\u00e3o de um monumento em recorda\u00e7\u00e3o \u00e0s v\u00edtimas do genoc\u00eddio de 1915 perpetrado pelo Imp\u00e9rio&#8230;<\/p>\n","protected":false},"author":1,"featured_media":20961,"comment_status":"open","ping_status":"open","sticky":false,"template":"","format":"standard","meta":{"_acf_changed":false,"footnotes":""},"categories":[3,1],"tags":[],"class_list":["post-20960","post","type-post","status-publish","format-standard","has-post-thumbnail","hentry","category-mundo","category-news","entry","rows-excerpt"],"acf":[],"yoast_head":"<!-- This site is optimized with the Yoast SEO plugin v27.5 - https:\/\/yoast.com\/product\/yoast-seo-wordpress\/ -->\n<title>Patriarca S\u00edrio-ortodoxo escapa de atentado suicida | ECCLESIA NEWS<\/title>\n<meta name=\"robots\" content=\"index, follow, max-snippet:-1, max-image-preview:large, max-video-preview:-1\" \/>\n<link rel=\"canonical\" href=\"https:\/\/news.ecclesia.org.br\/?p=20960\" \/>\n<meta property=\"og:locale\" content=\"pt_BR\" \/>\n<meta property=\"og:type\" content=\"article\" \/>\n<meta property=\"og:title\" content=\"Patriarca S\u00edrio-ortodoxo escapa de atentado suicida | ECCLESIA NEWS\" \/>\n<meta property=\"og:description\" content=\"Damasco (RV) \u2013 O Patriarca S\u00edrio-ortodoxo, Ignatius Aphrem II, escapou de um atentado suicida durante a celebra\u00e7\u00e3o do Pentecostes segundo o Calend\u00e1rio Juliano e a inaugura\u00e7\u00e3o de um monumento em recorda\u00e7\u00e3o \u00e0s v\u00edtimas do genoc\u00eddio de 1915 perpetrado pelo Imp\u00e9rio&#8230;\" \/>\n<meta property=\"og:url\" content=\"https:\/\/news.ecclesia.org.br\/?p=20960\" \/>\n<meta property=\"og:site_name\" content=\"ECCLESIA NEWS\" \/>\n<meta property=\"article:publisher\" content=\"https:\/\/www.facebook.com\/Ecclesia2025\" \/>\n<meta property=\"article:published_time\" content=\"2016-06-21T00:32:50+00:00\" \/>\n<meta property=\"og:image\" content=\"https:\/\/news.ecclesia.org.br\/wp-content\/uploads\/2016\/06\/RV16843_Articolo.jpg\" \/>\n\t<meta property=\"og:image:width\" content=\"640\" \/>\n\t<meta property=\"og:image:height\" content=\"453\" \/>\n\t<meta property=\"og:image:type\" content=\"image\/jpeg\" \/>\n<meta name=\"author\" content=\"Pe. Andr\u00e9\" \/>\n<meta name=\"twitter:card\" content=\"summary_large_image\" \/>\n<meta name=\"twitter:creator\" content=\"@EcclesiaNews\" \/>\n<meta name=\"twitter:site\" content=\"@EcclesiaNews\" \/>\n<meta name=\"twitter:label1\" content=\"Escrito por\" \/>\n\t<meta name=\"twitter:data1\" content=\"Pe. Andr\u00e9\" \/>\n\t<meta name=\"twitter:label2\" content=\"Est. tempo de leitura\" \/>\n\t<meta name=\"twitter:data2\" content=\"2 minutos\" \/>\n<script type=\"application\/ld+json\" class=\"yoast-schema-graph\">{\"@context\":\"https:\\\/\\\/schema.org\",\"@graph\":[{\"@type\":\"Article\",\"@id\":\"https:\\\/\\\/news.ecclesia.org.br\\\/?p=20960#article\",\"isPartOf\":{\"@id\":\"https:\\\/\\\/news.ecclesia.org.br\\\/?p=20960\"},\"author\":{\"name\":\"Pe. Andr\u00e9\",\"@id\":\"https:\\\/\\\/news.ecclesia.org.br\\\/#\\\/schema\\\/person\\\/6f09597f025829745ba414a569f63758\"},\"headline\":\"Patriarca S\u00edrio-ortodoxo escapa de atentado suicida\",\"datePublished\":\"2016-06-21T00:32:50+00:00\",\"mainEntityOfPage\":{\"@id\":\"https:\\\/\\\/news.ecclesia.org.br\\\/?p=20960\"},\"wordCount\":428,\"commentCount\":0,\"publisher\":{\"@id\":\"https:\\\/\\\/news.ecclesia.org.br\\\/#organization\"},\"image\":{\"@id\":\"https:\\\/\\\/news.ecclesia.org.br\\\/?p=20960#primaryimage\"},\"thumbnailUrl\":\"https:\\\/\\\/news.ecclesia.org.br\\\/wp-content\\\/uploads\\\/2016\\\/06\\\/RV16843_Articolo.jpg\",\"articleSection\":[\"Mundo Ortodoxo\",\"NEWS\"],\"inLanguage\":\"pt-BR\",\"potentialAction\":[{\"@type\":\"CommentAction\",\"name\":\"Comment\",\"target\":[\"https:\\\/\\\/news.ecclesia.org.br\\\/?p=20960#respond\"]}]},{\"@type\":\"WebPage\",\"@id\":\"https:\\\/\\\/news.ecclesia.org.br\\\/?p=20960\",\"url\":\"https:\\\/\\\/news.ecclesia.org.br\\\/?p=20960\",\"name\":\"Patriarca S\u00edrio-ortodoxo escapa de atentado suicida | ECCLESIA NEWS\",\"isPartOf\":{\"@id\":\"https:\\\/\\\/news.ecclesia.org.br\\\/#website\"},\"primaryImageOfPage\":{\"@id\":\"https:\\\/\\\/news.ecclesia.org.br\\\/?p=20960#primaryimage\"},\"image\":{\"@id\":\"https:\\\/\\\/news.ecclesia.org.br\\\/?p=20960#primaryimage\"},\"thumbnailUrl\":\"https:\\\/\\\/news.ecclesia.org.br\\\/wp-content\\\/uploads\\\/2016\\\/06\\\/RV16843_Articolo.jpg\",\"datePublished\":\"2016-06-21T00:32:50+00:00\",\"breadcrumb\":{\"@id\":\"https:\\\/\\\/news.ecclesia.org.br\\\/?p=20960#breadcrumb\"},\"inLanguage\":\"pt-BR\",\"potentialAction\":[{\"@type\":\"ReadAction\",\"target\":[\"https:\\\/\\\/news.ecclesia.org.br\\\/?p=20960\"]}]},{\"@type\":\"ImageObject\",\"inLanguage\":\"pt-BR\",\"@id\":\"https:\\\/\\\/news.ecclesia.org.br\\\/?p=20960#primaryimage\",\"url\":\"https:\\\/\\\/news.ecclesia.org.br\\\/wp-content\\\/uploads\\\/2016\\\/06\\\/RV16843_Articolo.jpg\",\"contentUrl\":\"https:\\\/\\\/news.ecclesia.org.br\\\/wp-content\\\/uploads\\\/2016\\\/06\\\/RV16843_Articolo.jpg\",\"width\":640,\"height\":453,\"caption\":\"Patriarca momentos antes do atentado suicida - RV\"},{\"@type\":\"BreadcrumbList\",\"@id\":\"https:\\\/\\\/news.ecclesia.org.br\\\/?p=20960#breadcrumb\",\"itemListElement\":[{\"@type\":\"ListItem\",\"position\":1,\"name\":\"In\u00edcio\",\"item\":\"https:\\\/\\\/news.ecclesia.org.br\\\/\"},{\"@type\":\"ListItem\",\"position\":2,\"name\":\"Patriarca S\u00edrio-ortodoxo escapa de atentado suicida\"}]},{\"@type\":\"WebSite\",\"@id\":\"https:\\\/\\\/news.ecclesia.org.br\\\/#website\",\"url\":\"https:\\\/\\\/news.ecclesia.org.br\\\/\",\"name\":\"Ecclesia Brasil\",\"description\":\"Desde 2003 onectando o Brasil ao mundo ortodoxo!\",\"publisher\":{\"@id\":\"https:\\\/\\\/news.ecclesia.org.br\\\/#organization\"},\"alternateName\":\"Ecclesia\",\"potentialAction\":[{\"@type\":\"SearchAction\",\"target\":{\"@type\":\"EntryPoint\",\"urlTemplate\":\"https:\\\/\\\/news.ecclesia.org.br\\\/?s={search_term_string}\"},\"query-input\":{\"@type\":\"PropertyValueSpecification\",\"valueRequired\":true,\"valueName\":\"search_term_string\"}}],\"inLanguage\":\"pt-BR\"},{\"@type\":\"Organization\",\"@id\":\"https:\\\/\\\/news.ecclesia.org.br\\\/#organization\",\"name\":\"Sacra Arquidiocese de Buenos Aires e Am\u00e9rica do Sul | Patriarcado Ecum\u00eanico\",\"alternateName\":\"News Ecclesia Brasil\",\"url\":\"https:\\\/\\\/news.ecclesia.org.br\\\/\",\"logo\":{\"@type\":\"ImageObject\",\"inLanguage\":\"pt-BR\",\"@id\":\"https:\\\/\\\/news.ecclesia.org.br\\\/#\\\/schema\\\/logo\\\/image\\\/\",\"url\":\"https:\\\/\\\/news.ecclesia.org.br\\\/wp-content\\\/uploads\\\/2025\\\/05\\\/ecclesia2.png\",\"contentUrl\":\"https:\\\/\\\/news.ecclesia.org.br\\\/wp-content\\\/uploads\\\/2025\\\/05\\\/ecclesia2.png\",\"width\":480,\"height\":120,\"caption\":\"Sacra Arquidiocese de Buenos Aires e Am\u00e9rica do Sul | Patriarcado Ecum\u00eanico\"},\"image\":{\"@id\":\"https:\\\/\\\/news.ecclesia.org.br\\\/#\\\/schema\\\/logo\\\/image\\\/\"},\"sameAs\":[\"https:\\\/\\\/www.facebook.com\\\/Ecclesia2025\",\"https:\\\/\\\/x.com\\\/EcclesiaNews\",\"https:\\\/\\\/br.pinterest.com\\\/ekklisia\\\/\",\"https:\\\/\\\/www.youtube.com\\\/@EcclesiaBrasil\"]},{\"@type\":\"Person\",\"@id\":\"https:\\\/\\\/news.ecclesia.org.br\\\/#\\\/schema\\\/person\\\/6f09597f025829745ba414a569f63758\",\"name\":\"Pe. Andr\u00e9\",\"image\":{\"@type\":\"ImageObject\",\"inLanguage\":\"pt-BR\",\"@id\":\"https:\\\/\\\/secure.gravatar.com\\\/avatar\\\/b4327cfa27e9799da239a26adcd534fc29cdc0c4a4a148eecbcfeb9b42c617ac?s=96&d=mm&r=g\",\"url\":\"https:\\\/\\\/secure.gravatar.com\\\/avatar\\\/b4327cfa27e9799da239a26adcd534fc29cdc0c4a4a148eecbcfeb9b42c617ac?s=96&d=mm&r=g\",\"contentUrl\":\"https:\\\/\\\/secure.gravatar.com\\\/avatar\\\/b4327cfa27e9799da239a26adcd534fc29cdc0c4a4a148eecbcfeb9b42c617ac?s=96&d=mm&r=g\",\"caption\":\"Pe. Andr\u00e9\"},\"sameAs\":[\"https:\\\/\\\/www.ecclesia.org.br\"]}]}<\/script>\n<!-- \/ Yoast SEO plugin. -->","yoast_head_json":{"title":"Patriarca S\u00edrio-ortodoxo escapa de atentado suicida | ECCLESIA NEWS","robots":{"index":"index","follow":"follow","max-snippet":"max-snippet:-1","max-image-preview":"max-image-preview:large","max-video-preview":"max-video-preview:-1"},"canonical":"https:\/\/news.ecclesia.org.br\/?p=20960","og_locale":"pt_BR","og_type":"article","og_title":"Patriarca S\u00edrio-ortodoxo escapa de atentado suicida | ECCLESIA NEWS","og_description":"Damasco (RV) \u2013 O Patriarca S\u00edrio-ortodoxo, Ignatius Aphrem II, escapou de um atentado suicida durante a celebra\u00e7\u00e3o do Pentecostes segundo o Calend\u00e1rio Juliano e a inaugura\u00e7\u00e3o de um monumento em recorda\u00e7\u00e3o \u00e0s v\u00edtimas do genoc\u00eddio de 1915 perpetrado pelo Imp\u00e9rio&#8230;","og_url":"https:\/\/news.ecclesia.org.br\/?p=20960","og_site_name":"ECCLESIA NEWS","article_publisher":"https:\/\/www.facebook.com\/Ecclesia2025","article_published_time":"2016-06-21T00:32:50+00:00","og_image":[{"width":640,"height":453,"url":"https:\/\/news.ecclesia.org.br\/wp-content\/uploads\/2016\/06\/RV16843_Articolo.jpg","type":"image\/jpeg"}],"author":"Pe. Andr\u00e9","twitter_card":"summary_large_image","twitter_creator":"@EcclesiaNews","twitter_site":"@EcclesiaNews","twitter_misc":{"Escrito por":"Pe. Andr\u00e9","Est. tempo de leitura":"2 minutos"},"schema":{"@context":"https:\/\/schema.org","@graph":[{"@type":"Article","@id":"https:\/\/news.ecclesia.org.br\/?p=20960#article","isPartOf":{"@id":"https:\/\/news.ecclesia.org.br\/?p=20960"},"author":{"name":"Pe. Andr\u00e9","@id":"https:\/\/news.ecclesia.org.br\/#\/schema\/person\/6f09597f025829745ba414a569f63758"},"headline":"Patriarca S\u00edrio-ortodoxo escapa de atentado suicida","datePublished":"2016-06-21T00:32:50+00:00","mainEntityOfPage":{"@id":"https:\/\/news.ecclesia.org.br\/?p=20960"},"wordCount":428,"commentCount":0,"publisher":{"@id":"https:\/\/news.ecclesia.org.br\/#organization"},"image":{"@id":"https:\/\/news.ecclesia.org.br\/?p=20960#primaryimage"},"thumbnailUrl":"https:\/\/news.ecclesia.org.br\/wp-content\/uploads\/2016\/06\/RV16843_Articolo.jpg","articleSection":["Mundo Ortodoxo","NEWS"],"inLanguage":"pt-BR","potentialAction":[{"@type":"CommentAction","name":"Comment","target":["https:\/\/news.ecclesia.org.br\/?p=20960#respond"]}]},{"@type":"WebPage","@id":"https:\/\/news.ecclesia.org.br\/?p=20960","url":"https:\/\/news.ecclesia.org.br\/?p=20960","name":"Patriarca S\u00edrio-ortodoxo escapa de atentado suicida | ECCLESIA NEWS","isPartOf":{"@id":"https:\/\/news.ecclesia.org.br\/#website"},"primaryImageOfPage":{"@id":"https:\/\/news.ecclesia.org.br\/?p=20960#primaryimage"},"image":{"@id":"https:\/\/news.ecclesia.org.br\/?p=20960#primaryimage"},"thumbnailUrl":"https:\/\/news.ecclesia.org.br\/wp-content\/uploads\/2016\/06\/RV16843_Articolo.jpg","datePublished":"2016-06-21T00:32:50+00:00","breadcrumb":{"@id":"https:\/\/news.ecclesia.org.br\/?p=20960#breadcrumb"},"inLanguage":"pt-BR","potentialAction":[{"@type":"ReadAction","target":["https:\/\/news.ecclesia.org.br\/?p=20960"]}]},{"@type":"ImageObject","inLanguage":"pt-BR","@id":"https:\/\/news.ecclesia.org.br\/?p=20960#primaryimage","url":"https:\/\/news.ecclesia.org.br\/wp-content\/uploads\/2016\/06\/RV16843_Articolo.jpg","contentUrl":"https:\/\/news.ecclesia.org.br\/wp-content\/uploads\/2016\/06\/RV16843_Articolo.jpg","width":640,"height":453,"caption":"Patriarca momentos antes do atentado suicida - RV"},{"@type":"BreadcrumbList","@id":"https:\/\/news.ecclesia.org.br\/?p=20960#breadcrumb","itemListElement":[{"@type":"ListItem","position":1,"name":"In\u00edcio","item":"https:\/\/news.ecclesia.org.br\/"},{"@type":"ListItem","position":2,"name":"Patriarca S\u00edrio-ortodoxo escapa de atentado suicida"}]},{"@type":"WebSite","@id":"https:\/\/news.ecclesia.org.br\/#website","url":"https:\/\/news.ecclesia.org.br\/","name":"Ecclesia Brasil","description":"Desde 2003 onectando o Brasil ao mundo ortodoxo!","publisher":{"@id":"https:\/\/news.ecclesia.org.br\/#organization"},"alternateName":"Ecclesia","potentialAction":[{"@type":"SearchAction","target":{"@type":"EntryPoint","urlTemplate":"https:\/\/news.ecclesia.org.br\/?s={search_term_string}"},"query-input":{"@type":"PropertyValueSpecification","valueRequired":true,"valueName":"search_term_string"}}],"inLanguage":"pt-BR"},{"@type":"Organization","@id":"https:\/\/news.ecclesia.org.br\/#organization","name":"Sacra Arquidiocese de Buenos Aires e Am\u00e9rica do Sul | Patriarcado Ecum\u00eanico","alternateName":"News Ecclesia Brasil","url":"https:\/\/news.ecclesia.org.br\/","logo":{"@type":"ImageObject","inLanguage":"pt-BR","@id":"https:\/\/news.ecclesia.org.br\/#\/schema\/logo\/image\/","url":"https:\/\/news.ecclesia.org.br\/wp-content\/uploads\/2025\/05\/ecclesia2.png","contentUrl":"https:\/\/news.ecclesia.org.br\/wp-content\/uploads\/2025\/05\/ecclesia2.png","width":480,"height":120,"caption":"Sacra Arquidiocese de Buenos Aires e Am\u00e9rica do Sul | Patriarcado Ecum\u00eanico"},"image":{"@id":"https:\/\/news.ecclesia.org.br\/#\/schema\/logo\/image\/"},"sameAs":["https:\/\/www.facebook.com\/Ecclesia2025","https:\/\/x.com\/EcclesiaNews","https:\/\/br.pinterest.com\/ekklisia\/","https:\/\/www.youtube.com\/@EcclesiaBrasil"]},{"@type":"Person","@id":"https:\/\/news.ecclesia.org.br\/#\/schema\/person\/6f09597f025829745ba414a569f63758","name":"Pe. Andr\u00e9","image":{"@type":"ImageObject","inLanguage":"pt-BR","@id":"https:\/\/secure.gravatar.com\/avatar\/b4327cfa27e9799da239a26adcd534fc29cdc0c4a4a148eecbcfeb9b42c617ac?s=96&d=mm&r=g","url":"https:\/\/secure.gravatar.com\/avatar\/b4327cfa27e9799da239a26adcd534fc29cdc0c4a4a148eecbcfeb9b42c617ac?s=96&d=mm&r=g","contentUrl":"https:\/\/secure.gravatar.com\/avatar\/b4327cfa27e9799da239a26adcd534fc29cdc0c4a4a148eecbcfeb9b42c617ac?s=96&d=mm&r=g","caption":"Pe. Andr\u00e9"},"sameAs":["https:\/\/www.ecclesia.org.br"]}]}},"_links":{"self":[{"href":"https:\/\/news.ecclesia.org.br\/index.php?rest_route=\/wp\/v2\/posts\/20960","targetHints":{"allow":["GET"]}}],"collection":[{"href":"https:\/\/news.ecclesia.org.br\/index.php?rest_route=\/wp\/v2\/posts"}],"about":[{"href":"https:\/\/news.ecclesia.org.br\/index.php?rest_route=\/wp\/v2\/types\/post"}],"author":[{"embeddable":true,"href":"https:\/\/news.ecclesia.org.br\/index.php?rest_route=\/wp\/v2\/users\/1"}],"replies":[{"embeddable":true,"href":"https:\/\/news.ecclesia.org.br\/index.php?rest_route=%2Fwp%2Fv2%2Fcomments&post=20960"}],"version-history":[{"count":0,"href":"https:\/\/news.ecclesia.org.br\/index.php?rest_route=\/wp\/v2\/posts\/20960\/revisions"}],"wp:featuredmedia":[{"embeddable":true,"href":"https:\/\/news.ecclesia.org.br\/index.php?rest_route=\/wp\/v2\/media\/20961"}],"wp:attachment":[{"href":"https:\/\/news.ecclesia.org.br\/index.php?rest_route=%2Fwp%2Fv2%2Fmedia&parent=20960"}],"wp:term":[{"taxonomy":"category","embeddable":true,"href":"https:\/\/news.ecclesia.org.br\/index.php?rest_route=%2Fwp%2Fv2%2Fcategories&post=20960"},{"taxonomy":"post_tag","embeddable":true,"href":"https:\/\/news.ecclesia.org.br\/index.php?rest_route=%2Fwp%2Fv2%2Ftags&post=20960"}],"curies":[{"name":"wp","href":"https:\/\/api.w.org\/{rel}","templated":true}]}}