{"id":20653,"date":"2016-06-15T12:10:41","date_gmt":"2016-06-15T12:10:41","guid":{"rendered":"https:\/\/news.ecclesia.org.br\/2013\/?p=20653"},"modified":"2016-06-15T12:10:41","modified_gmt":"2016-06-15T12:10:41","slug":"catolikos-patriarca-de-toda-georgia-elias-ii-envia-uma-carta-ao-patriarca-ecumenico-bartolomeu-i","status":"publish","type":"post","link":"https:\/\/news.ecclesia.org.br\/?p=20653","title":{"rendered":"Catolik\u00f3s-Patriarca de toda Ge\u00f3rgia, Elias II envia uma carta ao Patriarca Ecum\u00eanico Bartolomeu I."},"content":{"rendered":"<p><a href=\"https:\/\/news.ecclesia.org.br\/2013\/wp-content\/uploads\/2016\/06\/ilia-bartolomeu.jpg\"><img fetchpriority=\"high\" decoding=\"async\" class=\"aligncenter size-full wp-image-20655\" src=\"https:\/\/news.ecclesia.org.br\/2013\/wp-content\/uploads\/2016\/06\/ilia-bartolomeu.jpg\" alt=\"ilia-bartolomeu\" width=\"660\" height=\"330\" srcset=\"https:\/\/news.ecclesia.org.br\/wp-content\/uploads\/2016\/06\/ilia-bartolomeu.jpg 660w, https:\/\/news.ecclesia.org.br\/wp-content\/uploads\/2016\/06\/ilia-bartolomeu-300x150.jpg 300w, https:\/\/news.ecclesia.org.br\/wp-content\/uploads\/2016\/06\/ilia-bartolomeu-600x300.jpg 600w, https:\/\/news.ecclesia.org.br\/wp-content\/uploads\/2016\/06\/ilia-bartolomeu-110x55.jpg 110w\" sizes=\"(max-width: 660px) 100vw, 660px\" \/><\/a><\/p>\n<p style=\"text-align: justify;\"><a href=\"https:\/\/news.ecclesia.org.br\/2013\/wp-content\/uploads\/2016\/06\/lettre_patrairche_georgie.jpg\"><img decoding=\"async\" class=\"alignright size-thumbnail wp-image-20654\" src=\"https:\/\/news.ecclesia.org.br\/2013\/wp-content\/uploads\/2016\/06\/lettre_patrairche_georgie-150x150.jpg\" alt=\"lettre_patrairche_georgie\" width=\"150\" height=\"150\" \/><\/a>De acordo com o que informa o site grego <a href=\"http:\/\/www.romfea.gr\/patriarxeia-ts\/patriarxeio-georgias\/8872-i-epistoli-tou-patriarxi-georgias-ston-oikoumeniko-patriarxi\" target=\"_blank\">Romfea.gr<\/a>, o Catolik\u00f3s-Patriarca de toda Ge\u00f3rgia, Elias II enviou uma carta \u00e0 Sua Santidade Bartolomeu I, Patriarca Ecum\u00eanico, datada de 15 de junho de 2016 e reproduzida na imagem ao lado, em que informa sobre a decis\u00e3o do Santo S\u00ednodo da Igreja Ortodoxa da Ge\u00f3rgia a respeito do SANTO E GRANDE CONC\u00cdLIO da Igreja Ortodoxa. &#8220;O Santo S\u00ednodo decidiu n\u00e3o enviar uma delega\u00e7\u00e3o da Igreja Ortodoxa da Ge\u00f3rgia \u00e0 Creta para assistir ao Santo e Grande e Conc\u00edlio&#8221;, &#8211; disse, entre outras coisas, o Patriarca georgiano ao Patriarca Bartolomeu.<\/p>\n<hr \/>\n<p style=\"text-align: right;\">Fonte:\u00a0ROMFEA<br \/>\nTradu\u00e7\u00e3o livre para ECCLESIA de Pe. Andr\u00e9 Sperandio<\/p>\n","protected":false},"excerpt":{"rendered":"<p>De acordo com o que informa o site grego Romfea.gr, o Catolik\u00f3s-Patriarca de toda Ge\u00f3rgia, Elias II enviou uma carta \u00e0 Sua Santidade Bartolomeu I, Patriarca Ecum\u00eanico, datada de 15 de junho de 2016 e reproduzida na imagem ao lado,&#8230;<\/p>\n","protected":false},"author":1,"featured_media":0,"comment_status":"open","ping_status":"open","sticky":false,"template":"","format":"standard","meta":{"_acf_changed":false,"footnotes":""},"categories":[1,72],"tags":[],"class_list":["post-20653","post","type-post","status-publish","format-standard","hentry","category-news","category-patriarcado-ecumenico","entry","rows-excerpt"],"acf":[],"yoast_head":"<!-- This site is optimized with the Yoast SEO plugin v27.4 - https:\/\/yoast.com\/product\/yoast-seo-wordpress\/ -->\n<title>Catolik\u00f3s-Patriarca de toda Ge\u00f3rgia, Elias II envia uma carta ao Patriarca Ecum\u00eanico Bartolomeu I. | ECCLESIA NEWS<\/title>\n<meta name=\"robots\" content=\"index, follow, max-snippet:-1, max-image-preview:large, max-video-preview:-1\" \/>\n<link rel=\"canonical\" href=\"https:\/\/news.ecclesia.org.br\/?p=20653\" \/>\n<meta property=\"og:locale\" content=\"pt_BR\" \/>\n<meta property=\"og:type\" content=\"article\" \/>\n<meta property=\"og:title\" content=\"Catolik\u00f3s-Patriarca de toda Ge\u00f3rgia, Elias II envia uma carta ao Patriarca Ecum\u00eanico Bartolomeu I. | ECCLESIA NEWS\" \/>\n<meta property=\"og:description\" content=\"De acordo com o que informa o site grego Romfea.gr, o Catolik\u00f3s-Patriarca de toda Ge\u00f3rgia, Elias II enviou uma carta \u00e0 Sua Santidade Bartolomeu I, Patriarca Ecum\u00eanico, datada de 15 de junho de 2016 e reproduzida na imagem ao lado,&#8230;\" \/>\n<meta property=\"og:url\" content=\"https:\/\/news.ecclesia.org.br\/?p=20653\" \/>\n<meta property=\"og:site_name\" content=\"ECCLESIA NEWS\" \/>\n<meta property=\"article:publisher\" content=\"https:\/\/www.facebook.com\/Ecclesia2025\" \/>\n<meta property=\"article:published_time\" content=\"2016-06-15T12:10:41+00:00\" \/>\n<meta property=\"og:image\" content=\"https:\/\/news.ecclesia.org.br\/2013\/wp-content\/uploads\/2016\/06\/ilia-bartolomeu.jpg\" \/>\n<meta name=\"author\" content=\"Pe. Andr\u00e9\" \/>\n<meta name=\"twitter:card\" content=\"summary_large_image\" \/>\n<meta name=\"twitter:creator\" content=\"@EcclesiaNews\" \/>\n<meta name=\"twitter:site\" content=\"@EcclesiaNews\" \/>\n<meta name=\"twitter:label1\" content=\"Escrito por\" \/>\n\t<meta name=\"twitter:data1\" content=\"Pe. Andr\u00e9\" \/>\n\t<meta name=\"twitter:label2\" content=\"Est. tempo de leitura\" \/>\n\t<meta name=\"twitter:data2\" content=\"1 minuto\" \/>\n<script type=\"application\/ld+json\" class=\"yoast-schema-graph\">{\"@context\":\"https:\\\/\\\/schema.org\",\"@graph\":[{\"@type\":\"Article\",\"@id\":\"https:\\\/\\\/news.ecclesia.org.br\\\/?p=20653#article\",\"isPartOf\":{\"@id\":\"https:\\\/\\\/news.ecclesia.org.br\\\/?p=20653\"},\"author\":{\"name\":\"Pe. Andr\u00e9\",\"@id\":\"https:\\\/\\\/news.ecclesia.org.br\\\/#\\\/schema\\\/person\\\/6f09597f025829745ba414a569f63758\"},\"headline\":\"Catolik\u00f3s-Patriarca de toda Ge\u00f3rgia, Elias II envia uma carta ao Patriarca Ecum\u00eanico Bartolomeu I.\",\"datePublished\":\"2016-06-15T12:10:41+00:00\",\"mainEntityOfPage\":{\"@id\":\"https:\\\/\\\/news.ecclesia.org.br\\\/?p=20653\"},\"wordCount\":135,\"commentCount\":0,\"publisher\":{\"@id\":\"https:\\\/\\\/news.ecclesia.org.br\\\/#organization\"},\"image\":{\"@id\":\"https:\\\/\\\/news.ecclesia.org.br\\\/?p=20653#primaryimage\"},\"thumbnailUrl\":\"https:\\\/\\\/news.ecclesia.org.br\\\/2013\\\/wp-content\\\/uploads\\\/2016\\\/06\\\/ilia-bartolomeu.jpg\",\"articleSection\":[\"NEWS\",\"Patriarcado Ecum\u00eanico\"],\"inLanguage\":\"pt-BR\",\"potentialAction\":[{\"@type\":\"CommentAction\",\"name\":\"Comment\",\"target\":[\"https:\\\/\\\/news.ecclesia.org.br\\\/?p=20653#respond\"]}]},{\"@type\":\"WebPage\",\"@id\":\"https:\\\/\\\/news.ecclesia.org.br\\\/?p=20653\",\"url\":\"https:\\\/\\\/news.ecclesia.org.br\\\/?p=20653\",\"name\":\"Catolik\u00f3s-Patriarca de toda Ge\u00f3rgia, Elias II envia uma carta ao Patriarca Ecum\u00eanico Bartolomeu I. | ECCLESIA NEWS\",\"isPartOf\":{\"@id\":\"https:\\\/\\\/news.ecclesia.org.br\\\/#website\"},\"primaryImageOfPage\":{\"@id\":\"https:\\\/\\\/news.ecclesia.org.br\\\/?p=20653#primaryimage\"},\"image\":{\"@id\":\"https:\\\/\\\/news.ecclesia.org.br\\\/?p=20653#primaryimage\"},\"thumbnailUrl\":\"https:\\\/\\\/news.ecclesia.org.br\\\/2013\\\/wp-content\\\/uploads\\\/2016\\\/06\\\/ilia-bartolomeu.jpg\",\"datePublished\":\"2016-06-15T12:10:41+00:00\",\"breadcrumb\":{\"@id\":\"https:\\\/\\\/news.ecclesia.org.br\\\/?p=20653#breadcrumb\"},\"inLanguage\":\"pt-BR\",\"potentialAction\":[{\"@type\":\"ReadAction\",\"target\":[\"https:\\\/\\\/news.ecclesia.org.br\\\/?p=20653\"]}]},{\"@type\":\"ImageObject\",\"inLanguage\":\"pt-BR\",\"@id\":\"https:\\\/\\\/news.ecclesia.org.br\\\/?p=20653#primaryimage\",\"url\":\"https:\\\/\\\/news.ecclesia.org.br\\\/2013\\\/wp-content\\\/uploads\\\/2016\\\/06\\\/ilia-bartolomeu.jpg\",\"contentUrl\":\"https:\\\/\\\/news.ecclesia.org.br\\\/2013\\\/wp-content\\\/uploads\\\/2016\\\/06\\\/ilia-bartolomeu.jpg\"},{\"@type\":\"BreadcrumbList\",\"@id\":\"https:\\\/\\\/news.ecclesia.org.br\\\/?p=20653#breadcrumb\",\"itemListElement\":[{\"@type\":\"ListItem\",\"position\":1,\"name\":\"In\u00edcio\",\"item\":\"https:\\\/\\\/news.ecclesia.org.br\\\/\"},{\"@type\":\"ListItem\",\"position\":2,\"name\":\"Catolik\u00f3s-Patriarca de toda Ge\u00f3rgia, Elias II envia uma carta ao Patriarca Ecum\u00eanico Bartolomeu I.\"}]},{\"@type\":\"WebSite\",\"@id\":\"https:\\\/\\\/news.ecclesia.org.br\\\/#website\",\"url\":\"https:\\\/\\\/news.ecclesia.org.br\\\/\",\"name\":\"Ecclesia Brasil\",\"description\":\"Desde 2003 onectando o Brasil ao mundo ortodoxo!\",\"publisher\":{\"@id\":\"https:\\\/\\\/news.ecclesia.org.br\\\/#organization\"},\"alternateName\":\"Ecclesia\",\"potentialAction\":[{\"@type\":\"SearchAction\",\"target\":{\"@type\":\"EntryPoint\",\"urlTemplate\":\"https:\\\/\\\/news.ecclesia.org.br\\\/?s={search_term_string}\"},\"query-input\":{\"@type\":\"PropertyValueSpecification\",\"valueRequired\":true,\"valueName\":\"search_term_string\"}}],\"inLanguage\":\"pt-BR\"},{\"@type\":\"Organization\",\"@id\":\"https:\\\/\\\/news.ecclesia.org.br\\\/#organization\",\"name\":\"Sacra Arquidiocese de Buenos Aires e Am\u00e9rica do Sul | Patriarcado Ecum\u00eanico\",\"alternateName\":\"News Ecclesia Brasil\",\"url\":\"https:\\\/\\\/news.ecclesia.org.br\\\/\",\"logo\":{\"@type\":\"ImageObject\",\"inLanguage\":\"pt-BR\",\"@id\":\"https:\\\/\\\/news.ecclesia.org.br\\\/#\\\/schema\\\/logo\\\/image\\\/\",\"url\":\"https:\\\/\\\/news.ecclesia.org.br\\\/wp-content\\\/uploads\\\/2025\\\/05\\\/ecclesia2.png\",\"contentUrl\":\"https:\\\/\\\/news.ecclesia.org.br\\\/wp-content\\\/uploads\\\/2025\\\/05\\\/ecclesia2.png\",\"width\":480,\"height\":120,\"caption\":\"Sacra Arquidiocese de Buenos Aires e Am\u00e9rica do Sul | Patriarcado Ecum\u00eanico\"},\"image\":{\"@id\":\"https:\\\/\\\/news.ecclesia.org.br\\\/#\\\/schema\\\/logo\\\/image\\\/\"},\"sameAs\":[\"https:\\\/\\\/www.facebook.com\\\/Ecclesia2025\",\"https:\\\/\\\/x.com\\\/EcclesiaNews\",\"https:\\\/\\\/br.pinterest.com\\\/ekklisia\\\/\",\"https:\\\/\\\/www.youtube.com\\\/@EcclesiaBrasil\"]},{\"@type\":\"Person\",\"@id\":\"https:\\\/\\\/news.ecclesia.org.br\\\/#\\\/schema\\\/person\\\/6f09597f025829745ba414a569f63758\",\"name\":\"Pe. Andr\u00e9\",\"image\":{\"@type\":\"ImageObject\",\"inLanguage\":\"pt-BR\",\"@id\":\"https:\\\/\\\/secure.gravatar.com\\\/avatar\\\/b4327cfa27e9799da239a26adcd534fc29cdc0c4a4a148eecbcfeb9b42c617ac?s=96&d=mm&r=g\",\"url\":\"https:\\\/\\\/secure.gravatar.com\\\/avatar\\\/b4327cfa27e9799da239a26adcd534fc29cdc0c4a4a148eecbcfeb9b42c617ac?s=96&d=mm&r=g\",\"contentUrl\":\"https:\\\/\\\/secure.gravatar.com\\\/avatar\\\/b4327cfa27e9799da239a26adcd534fc29cdc0c4a4a148eecbcfeb9b42c617ac?s=96&d=mm&r=g\",\"caption\":\"Pe. Andr\u00e9\"},\"sameAs\":[\"https:\\\/\\\/www.ecclesia.org.br\"]}]}<\/script>\n<!-- \/ Yoast SEO plugin. -->","yoast_head_json":{"title":"Catolik\u00f3s-Patriarca de toda Ge\u00f3rgia, Elias II envia uma carta ao Patriarca Ecum\u00eanico Bartolomeu I. | ECCLESIA NEWS","robots":{"index":"index","follow":"follow","max-snippet":"max-snippet:-1","max-image-preview":"max-image-preview:large","max-video-preview":"max-video-preview:-1"},"canonical":"https:\/\/news.ecclesia.org.br\/?p=20653","og_locale":"pt_BR","og_type":"article","og_title":"Catolik\u00f3s-Patriarca de toda Ge\u00f3rgia, Elias II envia uma carta ao Patriarca Ecum\u00eanico Bartolomeu I. | ECCLESIA NEWS","og_description":"De acordo com o que informa o site grego Romfea.gr, o Catolik\u00f3s-Patriarca de toda Ge\u00f3rgia, Elias II enviou uma carta \u00e0 Sua Santidade Bartolomeu I, Patriarca Ecum\u00eanico, datada de 15 de junho de 2016 e reproduzida na imagem ao lado,&#8230;","og_url":"https:\/\/news.ecclesia.org.br\/?p=20653","og_site_name":"ECCLESIA NEWS","article_publisher":"https:\/\/www.facebook.com\/Ecclesia2025","article_published_time":"2016-06-15T12:10:41+00:00","og_image":[{"url":"https:\/\/news.ecclesia.org.br\/2013\/wp-content\/uploads\/2016\/06\/ilia-bartolomeu.jpg","type":"","width":"","height":""}],"author":"Pe. Andr\u00e9","twitter_card":"summary_large_image","twitter_creator":"@EcclesiaNews","twitter_site":"@EcclesiaNews","twitter_misc":{"Escrito por":"Pe. Andr\u00e9","Est. tempo de leitura":"1 minuto"},"schema":{"@context":"https:\/\/schema.org","@graph":[{"@type":"Article","@id":"https:\/\/news.ecclesia.org.br\/?p=20653#article","isPartOf":{"@id":"https:\/\/news.ecclesia.org.br\/?p=20653"},"author":{"name":"Pe. Andr\u00e9","@id":"https:\/\/news.ecclesia.org.br\/#\/schema\/person\/6f09597f025829745ba414a569f63758"},"headline":"Catolik\u00f3s-Patriarca de toda Ge\u00f3rgia, Elias II envia uma carta ao Patriarca Ecum\u00eanico Bartolomeu I.","datePublished":"2016-06-15T12:10:41+00:00","mainEntityOfPage":{"@id":"https:\/\/news.ecclesia.org.br\/?p=20653"},"wordCount":135,"commentCount":0,"publisher":{"@id":"https:\/\/news.ecclesia.org.br\/#organization"},"image":{"@id":"https:\/\/news.ecclesia.org.br\/?p=20653#primaryimage"},"thumbnailUrl":"https:\/\/news.ecclesia.org.br\/2013\/wp-content\/uploads\/2016\/06\/ilia-bartolomeu.jpg","articleSection":["NEWS","Patriarcado Ecum\u00eanico"],"inLanguage":"pt-BR","potentialAction":[{"@type":"CommentAction","name":"Comment","target":["https:\/\/news.ecclesia.org.br\/?p=20653#respond"]}]},{"@type":"WebPage","@id":"https:\/\/news.ecclesia.org.br\/?p=20653","url":"https:\/\/news.ecclesia.org.br\/?p=20653","name":"Catolik\u00f3s-Patriarca de toda Ge\u00f3rgia, Elias II envia uma carta ao Patriarca Ecum\u00eanico Bartolomeu I. | ECCLESIA NEWS","isPartOf":{"@id":"https:\/\/news.ecclesia.org.br\/#website"},"primaryImageOfPage":{"@id":"https:\/\/news.ecclesia.org.br\/?p=20653#primaryimage"},"image":{"@id":"https:\/\/news.ecclesia.org.br\/?p=20653#primaryimage"},"thumbnailUrl":"https:\/\/news.ecclesia.org.br\/2013\/wp-content\/uploads\/2016\/06\/ilia-bartolomeu.jpg","datePublished":"2016-06-15T12:10:41+00:00","breadcrumb":{"@id":"https:\/\/news.ecclesia.org.br\/?p=20653#breadcrumb"},"inLanguage":"pt-BR","potentialAction":[{"@type":"ReadAction","target":["https:\/\/news.ecclesia.org.br\/?p=20653"]}]},{"@type":"ImageObject","inLanguage":"pt-BR","@id":"https:\/\/news.ecclesia.org.br\/?p=20653#primaryimage","url":"https:\/\/news.ecclesia.org.br\/2013\/wp-content\/uploads\/2016\/06\/ilia-bartolomeu.jpg","contentUrl":"https:\/\/news.ecclesia.org.br\/2013\/wp-content\/uploads\/2016\/06\/ilia-bartolomeu.jpg"},{"@type":"BreadcrumbList","@id":"https:\/\/news.ecclesia.org.br\/?p=20653#breadcrumb","itemListElement":[{"@type":"ListItem","position":1,"name":"In\u00edcio","item":"https:\/\/news.ecclesia.org.br\/"},{"@type":"ListItem","position":2,"name":"Catolik\u00f3s-Patriarca de toda Ge\u00f3rgia, Elias II envia uma carta ao Patriarca Ecum\u00eanico Bartolomeu I."}]},{"@type":"WebSite","@id":"https:\/\/news.ecclesia.org.br\/#website","url":"https:\/\/news.ecclesia.org.br\/","name":"Ecclesia Brasil","description":"Desde 2003 onectando o Brasil ao mundo ortodoxo!","publisher":{"@id":"https:\/\/news.ecclesia.org.br\/#organization"},"alternateName":"Ecclesia","potentialAction":[{"@type":"SearchAction","target":{"@type":"EntryPoint","urlTemplate":"https:\/\/news.ecclesia.org.br\/?s={search_term_string}"},"query-input":{"@type":"PropertyValueSpecification","valueRequired":true,"valueName":"search_term_string"}}],"inLanguage":"pt-BR"},{"@type":"Organization","@id":"https:\/\/news.ecclesia.org.br\/#organization","name":"Sacra Arquidiocese de Buenos Aires e Am\u00e9rica do Sul | Patriarcado Ecum\u00eanico","alternateName":"News Ecclesia Brasil","url":"https:\/\/news.ecclesia.org.br\/","logo":{"@type":"ImageObject","inLanguage":"pt-BR","@id":"https:\/\/news.ecclesia.org.br\/#\/schema\/logo\/image\/","url":"https:\/\/news.ecclesia.org.br\/wp-content\/uploads\/2025\/05\/ecclesia2.png","contentUrl":"https:\/\/news.ecclesia.org.br\/wp-content\/uploads\/2025\/05\/ecclesia2.png","width":480,"height":120,"caption":"Sacra Arquidiocese de Buenos Aires e Am\u00e9rica do Sul | Patriarcado Ecum\u00eanico"},"image":{"@id":"https:\/\/news.ecclesia.org.br\/#\/schema\/logo\/image\/"},"sameAs":["https:\/\/www.facebook.com\/Ecclesia2025","https:\/\/x.com\/EcclesiaNews","https:\/\/br.pinterest.com\/ekklisia\/","https:\/\/www.youtube.com\/@EcclesiaBrasil"]},{"@type":"Person","@id":"https:\/\/news.ecclesia.org.br\/#\/schema\/person\/6f09597f025829745ba414a569f63758","name":"Pe. Andr\u00e9","image":{"@type":"ImageObject","inLanguage":"pt-BR","@id":"https:\/\/secure.gravatar.com\/avatar\/b4327cfa27e9799da239a26adcd534fc29cdc0c4a4a148eecbcfeb9b42c617ac?s=96&d=mm&r=g","url":"https:\/\/secure.gravatar.com\/avatar\/b4327cfa27e9799da239a26adcd534fc29cdc0c4a4a148eecbcfeb9b42c617ac?s=96&d=mm&r=g","contentUrl":"https:\/\/secure.gravatar.com\/avatar\/b4327cfa27e9799da239a26adcd534fc29cdc0c4a4a148eecbcfeb9b42c617ac?s=96&d=mm&r=g","caption":"Pe. Andr\u00e9"},"sameAs":["https:\/\/www.ecclesia.org.br"]}]}},"_links":{"self":[{"href":"https:\/\/news.ecclesia.org.br\/index.php?rest_route=\/wp\/v2\/posts\/20653","targetHints":{"allow":["GET"]}}],"collection":[{"href":"https:\/\/news.ecclesia.org.br\/index.php?rest_route=\/wp\/v2\/posts"}],"about":[{"href":"https:\/\/news.ecclesia.org.br\/index.php?rest_route=\/wp\/v2\/types\/post"}],"author":[{"embeddable":true,"href":"https:\/\/news.ecclesia.org.br\/index.php?rest_route=\/wp\/v2\/users\/1"}],"replies":[{"embeddable":true,"href":"https:\/\/news.ecclesia.org.br\/index.php?rest_route=%2Fwp%2Fv2%2Fcomments&post=20653"}],"version-history":[{"count":0,"href":"https:\/\/news.ecclesia.org.br\/index.php?rest_route=\/wp\/v2\/posts\/20653\/revisions"}],"wp:attachment":[{"href":"https:\/\/news.ecclesia.org.br\/index.php?rest_route=%2Fwp%2Fv2%2Fmedia&parent=20653"}],"wp:term":[{"taxonomy":"category","embeddable":true,"href":"https:\/\/news.ecclesia.org.br\/index.php?rest_route=%2Fwp%2Fv2%2Fcategories&post=20653"},{"taxonomy":"post_tag","embeddable":true,"href":"https:\/\/news.ecclesia.org.br\/index.php?rest_route=%2Fwp%2Fv2%2Ftags&post=20653"}],"curies":[{"name":"wp","href":"https:\/\/api.w.org\/{rel}","templated":true}]}}