{"id":20582,"date":"2016-06-11T19:22:57","date_gmt":"2016-06-11T22:22:57","guid":{"rendered":"https:\/\/news.ecclesia.org.br\/2013\/?p=20582"},"modified":"2023-09-16T07:17:45","modified_gmt":"2023-09-16T10:17:45","slug":"20582","status":"publish","type":"post","link":"https:\/\/news.ecclesia.org.br\/?p=20582","title":{"rendered":"Mensagem do Patriarca Daniel da Rom\u00eania ao Patriarca Bartolomeu de Constantinopla, por ocasi\u00e3o de seu onom\u00e1stico"},"content":{"rendered":"<p><a href=\"https:\/\/news.ecclesia.org.br\/2013\/wp-content\/uploads\/2016\/06\/constantinopla-romenia.jpg\"><img fetchpriority=\"high\" decoding=\"async\" class=\"aligncenter size-full wp-image-20583\" src=\"https:\/\/news.ecclesia.org.br\/2013\/wp-content\/uploads\/2016\/06\/constantinopla-romenia.jpg\" alt=\"constantinopla-romenia\" width=\"889\" height=\"415\" srcset=\"https:\/\/news.ecclesia.org.br\/wp-content\/uploads\/2016\/06\/constantinopla-romenia.jpg 889w, https:\/\/news.ecclesia.org.br\/wp-content\/uploads\/2016\/06\/constantinopla-romenia-300x140.jpg 300w, https:\/\/news.ecclesia.org.br\/wp-content\/uploads\/2016\/06\/constantinopla-romenia-768x359.jpg 768w, https:\/\/news.ecclesia.org.br\/wp-content\/uploads\/2016\/06\/constantinopla-romenia-600x280.jpg 600w, https:\/\/news.ecclesia.org.br\/wp-content\/uploads\/2016\/06\/constantinopla-romenia-118x55.jpg 118w\" sizes=\"(max-width: 889px) 100vw, 889px\" \/><\/a><\/p>\n<p>Bucareste, 11 de junho de 2016<\/p>\n<p>Sua Santidade Bartolomeu I,<br \/>\nArcebispo de Constantinopla &#8211; Nova Roma,<br \/>\nPatriarca Ecum\u00eanico<\/p>\n<p>Santidade,<\/p>\n<p style=\"text-align: justify;\">Com amor fraterno em Cristo, pedimos por Vossa Santidade por ocasi\u00e3o da comemora\u00e7\u00e3o do santo Ap\u00f3stolo Bartolomeu, seu celestial padroeiro. Neste dia festivo, suplicamos\u00a0a Cristo, o Senhor, Sumo Sacerdote dos bens futuros, (Hb\u00a09, 11), que vos conceda\u00a0muitos e aben\u00e7oados anos de vida, paz e for\u00e7a espiritual para que Vossa Santidade possa seguir trabalhando na promo\u00e7\u00e3o da comunh\u00e3o e unidade entre as Igrejas Ortodoxas irm\u00e3s.<\/p>\n<p>Com votos de\u00a0muitos e aben\u00e7oados anos!<\/p>\n<p>Abra\u00e7amo-vos respeitosa e fraternalmente em Cristo,<\/p>\n<p>\u2020 DANIEL<br \/>\nPatriarca da Igreja Ortodoxa Romena<\/p>\n","protected":false},"excerpt":{"rendered":"<p>Bucareste, 11 de junho de 2016 Sua Santidade Bartolomeu I, Arcebispo de Constantinopla &#8211; Nova Roma, Patriarca Ecum\u00eanico Santidade, Com amor fraterno em Cristo, pedimos por Vossa Santidade por ocasi\u00e3o da comemora\u00e7\u00e3o do santo Ap\u00f3stolo Bartolomeu, seu celestial padroeiro. Neste&#8230;<\/p>\n","protected":false},"author":1,"featured_media":20583,"comment_status":"open","ping_status":"open","sticky":false,"template":"","format":"standard","meta":{"_acf_changed":false,"footnotes":""},"categories":[1,2745,72],"tags":[],"class_list":["post-20582","post","type-post","status-publish","format-standard","has-post-thumbnail","hentry","category-news","category-patriarcado-da-romenia","category-patriarcado-ecumenico","entry","rows-excerpt"],"acf":[],"yoast_head":"<!-- This site is optimized with the Yoast SEO plugin v27.4 - https:\/\/yoast.com\/product\/yoast-seo-wordpress\/ -->\n<title>Mensagem do Patriarca Daniel da Rom\u00eania ao Patriarca Bartolomeu de Constantinopla, por ocasi\u00e3o de seu onom\u00e1stico | ECCLESIA NEWS<\/title>\n<meta name=\"robots\" content=\"index, follow, max-snippet:-1, max-image-preview:large, max-video-preview:-1\" \/>\n<link rel=\"canonical\" href=\"https:\/\/news.ecclesia.org.br\/?p=20582\" \/>\n<meta property=\"og:locale\" content=\"pt_BR\" \/>\n<meta property=\"og:type\" content=\"article\" \/>\n<meta property=\"og:title\" content=\"Mensagem do Patriarca Daniel da Rom\u00eania ao Patriarca Bartolomeu de Constantinopla, por ocasi\u00e3o de seu onom\u00e1stico | ECCLESIA NEWS\" \/>\n<meta property=\"og:description\" content=\"Bucareste, 11 de junho de 2016 Sua Santidade Bartolomeu I, Arcebispo de Constantinopla &#8211; Nova Roma, Patriarca Ecum\u00eanico Santidade, Com amor fraterno em Cristo, pedimos por Vossa Santidade por ocasi\u00e3o da comemora\u00e7\u00e3o do santo Ap\u00f3stolo Bartolomeu, seu celestial padroeiro. Neste&#8230;\" \/>\n<meta property=\"og:url\" content=\"https:\/\/news.ecclesia.org.br\/?p=20582\" \/>\n<meta property=\"og:site_name\" content=\"ECCLESIA NEWS\" \/>\n<meta property=\"article:publisher\" content=\"https:\/\/www.facebook.com\/Ecclesia2025\" \/>\n<meta property=\"article:published_time\" content=\"2016-06-11T22:22:57+00:00\" \/>\n<meta property=\"article:modified_time\" content=\"2023-09-16T10:17:45+00:00\" \/>\n<meta property=\"og:image\" content=\"https:\/\/news.ecclesia.org.br\/wp-content\/uploads\/2016\/06\/constantinopla-romenia.jpg\" \/>\n\t<meta property=\"og:image:width\" content=\"889\" \/>\n\t<meta property=\"og:image:height\" content=\"415\" \/>\n\t<meta property=\"og:image:type\" content=\"image\/jpeg\" \/>\n<meta name=\"author\" content=\"Pe. Andr\u00e9\" \/>\n<meta name=\"twitter:card\" content=\"summary_large_image\" \/>\n<meta name=\"twitter:creator\" content=\"@EcclesiaNews\" \/>\n<meta name=\"twitter:site\" content=\"@EcclesiaNews\" \/>\n<meta name=\"twitter:label1\" content=\"Escrito por\" \/>\n\t<meta name=\"twitter:data1\" content=\"Pe. Andr\u00e9\" \/>\n\t<meta name=\"twitter:label2\" content=\"Est. tempo de leitura\" \/>\n\t<meta name=\"twitter:data2\" content=\"1 minuto\" \/>\n<script type=\"application\/ld+json\" class=\"yoast-schema-graph\">{\"@context\":\"https:\\\/\\\/schema.org\",\"@graph\":[{\"@type\":\"Article\",\"@id\":\"https:\\\/\\\/news.ecclesia.org.br\\\/?p=20582#article\",\"isPartOf\":{\"@id\":\"https:\\\/\\\/news.ecclesia.org.br\\\/?p=20582\"},\"author\":{\"name\":\"Pe. Andr\u00e9\",\"@id\":\"https:\\\/\\\/news.ecclesia.org.br\\\/#\\\/schema\\\/person\\\/6f09597f025829745ba414a569f63758\"},\"headline\":\"Mensagem do Patriarca Daniel da Rom\u00eania ao Patriarca Bartolomeu de Constantinopla, por ocasi\u00e3o de seu onom\u00e1stico\",\"datePublished\":\"2016-06-11T22:22:57+00:00\",\"dateModified\":\"2023-09-16T10:17:45+00:00\",\"mainEntityOfPage\":{\"@id\":\"https:\\\/\\\/news.ecclesia.org.br\\\/?p=20582\"},\"wordCount\":131,\"commentCount\":0,\"publisher\":{\"@id\":\"https:\\\/\\\/news.ecclesia.org.br\\\/#organization\"},\"image\":{\"@id\":\"https:\\\/\\\/news.ecclesia.org.br\\\/?p=20582#primaryimage\"},\"thumbnailUrl\":\"https:\\\/\\\/news.ecclesia.org.br\\\/wp-content\\\/uploads\\\/2016\\\/06\\\/constantinopla-romenia.jpg\",\"articleSection\":[\"NEWS\",\"Patriarcado da Rom\u00eania\",\"Patriarcado Ecum\u00eanico\"],\"inLanguage\":\"pt-BR\",\"potentialAction\":[{\"@type\":\"CommentAction\",\"name\":\"Comment\",\"target\":[\"https:\\\/\\\/news.ecclesia.org.br\\\/?p=20582#respond\"]}]},{\"@type\":\"WebPage\",\"@id\":\"https:\\\/\\\/news.ecclesia.org.br\\\/?p=20582\",\"url\":\"https:\\\/\\\/news.ecclesia.org.br\\\/?p=20582\",\"name\":\"Mensagem do Patriarca Daniel da Rom\u00eania ao Patriarca Bartolomeu de Constantinopla, por ocasi\u00e3o de seu onom\u00e1stico | ECCLESIA NEWS\",\"isPartOf\":{\"@id\":\"https:\\\/\\\/news.ecclesia.org.br\\\/#website\"},\"primaryImageOfPage\":{\"@id\":\"https:\\\/\\\/news.ecclesia.org.br\\\/?p=20582#primaryimage\"},\"image\":{\"@id\":\"https:\\\/\\\/news.ecclesia.org.br\\\/?p=20582#primaryimage\"},\"thumbnailUrl\":\"https:\\\/\\\/news.ecclesia.org.br\\\/wp-content\\\/uploads\\\/2016\\\/06\\\/constantinopla-romenia.jpg\",\"datePublished\":\"2016-06-11T22:22:57+00:00\",\"dateModified\":\"2023-09-16T10:17:45+00:00\",\"breadcrumb\":{\"@id\":\"https:\\\/\\\/news.ecclesia.org.br\\\/?p=20582#breadcrumb\"},\"inLanguage\":\"pt-BR\",\"potentialAction\":[{\"@type\":\"ReadAction\",\"target\":[\"https:\\\/\\\/news.ecclesia.org.br\\\/?p=20582\"]}]},{\"@type\":\"ImageObject\",\"inLanguage\":\"pt-BR\",\"@id\":\"https:\\\/\\\/news.ecclesia.org.br\\\/?p=20582#primaryimage\",\"url\":\"https:\\\/\\\/news.ecclesia.org.br\\\/wp-content\\\/uploads\\\/2016\\\/06\\\/constantinopla-romenia.jpg\",\"contentUrl\":\"https:\\\/\\\/news.ecclesia.org.br\\\/wp-content\\\/uploads\\\/2016\\\/06\\\/constantinopla-romenia.jpg\",\"width\":889,\"height\":415},{\"@type\":\"BreadcrumbList\",\"@id\":\"https:\\\/\\\/news.ecclesia.org.br\\\/?p=20582#breadcrumb\",\"itemListElement\":[{\"@type\":\"ListItem\",\"position\":1,\"name\":\"In\u00edcio\",\"item\":\"https:\\\/\\\/news.ecclesia.org.br\\\/\"},{\"@type\":\"ListItem\",\"position\":2,\"name\":\"Mensagem do Patriarca Daniel da Rom\u00eania ao Patriarca Bartolomeu de Constantinopla, por ocasi\u00e3o de seu onom\u00e1stico\"}]},{\"@type\":\"WebSite\",\"@id\":\"https:\\\/\\\/news.ecclesia.org.br\\\/#website\",\"url\":\"https:\\\/\\\/news.ecclesia.org.br\\\/\",\"name\":\"Ecclesia Brasil\",\"description\":\"Desde 2003 onectando o Brasil ao mundo ortodoxo!\",\"publisher\":{\"@id\":\"https:\\\/\\\/news.ecclesia.org.br\\\/#organization\"},\"alternateName\":\"Ecclesia\",\"potentialAction\":[{\"@type\":\"SearchAction\",\"target\":{\"@type\":\"EntryPoint\",\"urlTemplate\":\"https:\\\/\\\/news.ecclesia.org.br\\\/?s={search_term_string}\"},\"query-input\":{\"@type\":\"PropertyValueSpecification\",\"valueRequired\":true,\"valueName\":\"search_term_string\"}}],\"inLanguage\":\"pt-BR\"},{\"@type\":\"Organization\",\"@id\":\"https:\\\/\\\/news.ecclesia.org.br\\\/#organization\",\"name\":\"Sacra Arquidiocese de Buenos Aires e Am\u00e9rica do Sul | Patriarcado Ecum\u00eanico\",\"alternateName\":\"News Ecclesia Brasil\",\"url\":\"https:\\\/\\\/news.ecclesia.org.br\\\/\",\"logo\":{\"@type\":\"ImageObject\",\"inLanguage\":\"pt-BR\",\"@id\":\"https:\\\/\\\/news.ecclesia.org.br\\\/#\\\/schema\\\/logo\\\/image\\\/\",\"url\":\"https:\\\/\\\/news.ecclesia.org.br\\\/wp-content\\\/uploads\\\/2025\\\/05\\\/ecclesia2.png\",\"contentUrl\":\"https:\\\/\\\/news.ecclesia.org.br\\\/wp-content\\\/uploads\\\/2025\\\/05\\\/ecclesia2.png\",\"width\":480,\"height\":120,\"caption\":\"Sacra Arquidiocese de Buenos Aires e Am\u00e9rica do Sul | Patriarcado Ecum\u00eanico\"},\"image\":{\"@id\":\"https:\\\/\\\/news.ecclesia.org.br\\\/#\\\/schema\\\/logo\\\/image\\\/\"},\"sameAs\":[\"https:\\\/\\\/www.facebook.com\\\/Ecclesia2025\",\"https:\\\/\\\/x.com\\\/EcclesiaNews\",\"https:\\\/\\\/br.pinterest.com\\\/ekklisia\\\/\",\"https:\\\/\\\/www.youtube.com\\\/@EcclesiaBrasil\"]},{\"@type\":\"Person\",\"@id\":\"https:\\\/\\\/news.ecclesia.org.br\\\/#\\\/schema\\\/person\\\/6f09597f025829745ba414a569f63758\",\"name\":\"Pe. Andr\u00e9\",\"image\":{\"@type\":\"ImageObject\",\"inLanguage\":\"pt-BR\",\"@id\":\"https:\\\/\\\/secure.gravatar.com\\\/avatar\\\/b4327cfa27e9799da239a26adcd534fc29cdc0c4a4a148eecbcfeb9b42c617ac?s=96&d=mm&r=g\",\"url\":\"https:\\\/\\\/secure.gravatar.com\\\/avatar\\\/b4327cfa27e9799da239a26adcd534fc29cdc0c4a4a148eecbcfeb9b42c617ac?s=96&d=mm&r=g\",\"contentUrl\":\"https:\\\/\\\/secure.gravatar.com\\\/avatar\\\/b4327cfa27e9799da239a26adcd534fc29cdc0c4a4a148eecbcfeb9b42c617ac?s=96&d=mm&r=g\",\"caption\":\"Pe. Andr\u00e9\"},\"sameAs\":[\"https:\\\/\\\/www.ecclesia.org.br\"]}]}<\/script>\n<!-- \/ Yoast SEO plugin. -->","yoast_head_json":{"title":"Mensagem do Patriarca Daniel da Rom\u00eania ao Patriarca Bartolomeu de Constantinopla, por ocasi\u00e3o de seu onom\u00e1stico | ECCLESIA NEWS","robots":{"index":"index","follow":"follow","max-snippet":"max-snippet:-1","max-image-preview":"max-image-preview:large","max-video-preview":"max-video-preview:-1"},"canonical":"https:\/\/news.ecclesia.org.br\/?p=20582","og_locale":"pt_BR","og_type":"article","og_title":"Mensagem do Patriarca Daniel da Rom\u00eania ao Patriarca Bartolomeu de Constantinopla, por ocasi\u00e3o de seu onom\u00e1stico | ECCLESIA NEWS","og_description":"Bucareste, 11 de junho de 2016 Sua Santidade Bartolomeu I, Arcebispo de Constantinopla &#8211; Nova Roma, Patriarca Ecum\u00eanico Santidade, Com amor fraterno em Cristo, pedimos por Vossa Santidade por ocasi\u00e3o da comemora\u00e7\u00e3o do santo Ap\u00f3stolo Bartolomeu, seu celestial padroeiro. Neste&#8230;","og_url":"https:\/\/news.ecclesia.org.br\/?p=20582","og_site_name":"ECCLESIA NEWS","article_publisher":"https:\/\/www.facebook.com\/Ecclesia2025","article_published_time":"2016-06-11T22:22:57+00:00","article_modified_time":"2023-09-16T10:17:45+00:00","og_image":[{"width":889,"height":415,"url":"https:\/\/news.ecclesia.org.br\/wp-content\/uploads\/2016\/06\/constantinopla-romenia.jpg","type":"image\/jpeg"}],"author":"Pe. Andr\u00e9","twitter_card":"summary_large_image","twitter_creator":"@EcclesiaNews","twitter_site":"@EcclesiaNews","twitter_misc":{"Escrito por":"Pe. Andr\u00e9","Est. tempo de leitura":"1 minuto"},"schema":{"@context":"https:\/\/schema.org","@graph":[{"@type":"Article","@id":"https:\/\/news.ecclesia.org.br\/?p=20582#article","isPartOf":{"@id":"https:\/\/news.ecclesia.org.br\/?p=20582"},"author":{"name":"Pe. Andr\u00e9","@id":"https:\/\/news.ecclesia.org.br\/#\/schema\/person\/6f09597f025829745ba414a569f63758"},"headline":"Mensagem do Patriarca Daniel da Rom\u00eania ao Patriarca Bartolomeu de Constantinopla, por ocasi\u00e3o de seu onom\u00e1stico","datePublished":"2016-06-11T22:22:57+00:00","dateModified":"2023-09-16T10:17:45+00:00","mainEntityOfPage":{"@id":"https:\/\/news.ecclesia.org.br\/?p=20582"},"wordCount":131,"commentCount":0,"publisher":{"@id":"https:\/\/news.ecclesia.org.br\/#organization"},"image":{"@id":"https:\/\/news.ecclesia.org.br\/?p=20582#primaryimage"},"thumbnailUrl":"https:\/\/news.ecclesia.org.br\/wp-content\/uploads\/2016\/06\/constantinopla-romenia.jpg","articleSection":["NEWS","Patriarcado da Rom\u00eania","Patriarcado Ecum\u00eanico"],"inLanguage":"pt-BR","potentialAction":[{"@type":"CommentAction","name":"Comment","target":["https:\/\/news.ecclesia.org.br\/?p=20582#respond"]}]},{"@type":"WebPage","@id":"https:\/\/news.ecclesia.org.br\/?p=20582","url":"https:\/\/news.ecclesia.org.br\/?p=20582","name":"Mensagem do Patriarca Daniel da Rom\u00eania ao Patriarca Bartolomeu de Constantinopla, por ocasi\u00e3o de seu onom\u00e1stico | ECCLESIA NEWS","isPartOf":{"@id":"https:\/\/news.ecclesia.org.br\/#website"},"primaryImageOfPage":{"@id":"https:\/\/news.ecclesia.org.br\/?p=20582#primaryimage"},"image":{"@id":"https:\/\/news.ecclesia.org.br\/?p=20582#primaryimage"},"thumbnailUrl":"https:\/\/news.ecclesia.org.br\/wp-content\/uploads\/2016\/06\/constantinopla-romenia.jpg","datePublished":"2016-06-11T22:22:57+00:00","dateModified":"2023-09-16T10:17:45+00:00","breadcrumb":{"@id":"https:\/\/news.ecclesia.org.br\/?p=20582#breadcrumb"},"inLanguage":"pt-BR","potentialAction":[{"@type":"ReadAction","target":["https:\/\/news.ecclesia.org.br\/?p=20582"]}]},{"@type":"ImageObject","inLanguage":"pt-BR","@id":"https:\/\/news.ecclesia.org.br\/?p=20582#primaryimage","url":"https:\/\/news.ecclesia.org.br\/wp-content\/uploads\/2016\/06\/constantinopla-romenia.jpg","contentUrl":"https:\/\/news.ecclesia.org.br\/wp-content\/uploads\/2016\/06\/constantinopla-romenia.jpg","width":889,"height":415},{"@type":"BreadcrumbList","@id":"https:\/\/news.ecclesia.org.br\/?p=20582#breadcrumb","itemListElement":[{"@type":"ListItem","position":1,"name":"In\u00edcio","item":"https:\/\/news.ecclesia.org.br\/"},{"@type":"ListItem","position":2,"name":"Mensagem do Patriarca Daniel da Rom\u00eania ao Patriarca Bartolomeu de Constantinopla, por ocasi\u00e3o de seu onom\u00e1stico"}]},{"@type":"WebSite","@id":"https:\/\/news.ecclesia.org.br\/#website","url":"https:\/\/news.ecclesia.org.br\/","name":"Ecclesia Brasil","description":"Desde 2003 onectando o Brasil ao mundo ortodoxo!","publisher":{"@id":"https:\/\/news.ecclesia.org.br\/#organization"},"alternateName":"Ecclesia","potentialAction":[{"@type":"SearchAction","target":{"@type":"EntryPoint","urlTemplate":"https:\/\/news.ecclesia.org.br\/?s={search_term_string}"},"query-input":{"@type":"PropertyValueSpecification","valueRequired":true,"valueName":"search_term_string"}}],"inLanguage":"pt-BR"},{"@type":"Organization","@id":"https:\/\/news.ecclesia.org.br\/#organization","name":"Sacra Arquidiocese de Buenos Aires e Am\u00e9rica do Sul | Patriarcado Ecum\u00eanico","alternateName":"News Ecclesia Brasil","url":"https:\/\/news.ecclesia.org.br\/","logo":{"@type":"ImageObject","inLanguage":"pt-BR","@id":"https:\/\/news.ecclesia.org.br\/#\/schema\/logo\/image\/","url":"https:\/\/news.ecclesia.org.br\/wp-content\/uploads\/2025\/05\/ecclesia2.png","contentUrl":"https:\/\/news.ecclesia.org.br\/wp-content\/uploads\/2025\/05\/ecclesia2.png","width":480,"height":120,"caption":"Sacra Arquidiocese de Buenos Aires e Am\u00e9rica do Sul | Patriarcado Ecum\u00eanico"},"image":{"@id":"https:\/\/news.ecclesia.org.br\/#\/schema\/logo\/image\/"},"sameAs":["https:\/\/www.facebook.com\/Ecclesia2025","https:\/\/x.com\/EcclesiaNews","https:\/\/br.pinterest.com\/ekklisia\/","https:\/\/www.youtube.com\/@EcclesiaBrasil"]},{"@type":"Person","@id":"https:\/\/news.ecclesia.org.br\/#\/schema\/person\/6f09597f025829745ba414a569f63758","name":"Pe. Andr\u00e9","image":{"@type":"ImageObject","inLanguage":"pt-BR","@id":"https:\/\/secure.gravatar.com\/avatar\/b4327cfa27e9799da239a26adcd534fc29cdc0c4a4a148eecbcfeb9b42c617ac?s=96&d=mm&r=g","url":"https:\/\/secure.gravatar.com\/avatar\/b4327cfa27e9799da239a26adcd534fc29cdc0c4a4a148eecbcfeb9b42c617ac?s=96&d=mm&r=g","contentUrl":"https:\/\/secure.gravatar.com\/avatar\/b4327cfa27e9799da239a26adcd534fc29cdc0c4a4a148eecbcfeb9b42c617ac?s=96&d=mm&r=g","caption":"Pe. Andr\u00e9"},"sameAs":["https:\/\/www.ecclesia.org.br"]}]}},"_links":{"self":[{"href":"https:\/\/news.ecclesia.org.br\/index.php?rest_route=\/wp\/v2\/posts\/20582","targetHints":{"allow":["GET"]}}],"collection":[{"href":"https:\/\/news.ecclesia.org.br\/index.php?rest_route=\/wp\/v2\/posts"}],"about":[{"href":"https:\/\/news.ecclesia.org.br\/index.php?rest_route=\/wp\/v2\/types\/post"}],"author":[{"embeddable":true,"href":"https:\/\/news.ecclesia.org.br\/index.php?rest_route=\/wp\/v2\/users\/1"}],"replies":[{"embeddable":true,"href":"https:\/\/news.ecclesia.org.br\/index.php?rest_route=%2Fwp%2Fv2%2Fcomments&post=20582"}],"version-history":[{"count":1,"href":"https:\/\/news.ecclesia.org.br\/index.php?rest_route=\/wp\/v2\/posts\/20582\/revisions"}],"predecessor-version":[{"id":46079,"href":"https:\/\/news.ecclesia.org.br\/index.php?rest_route=\/wp\/v2\/posts\/20582\/revisions\/46079"}],"wp:featuredmedia":[{"embeddable":true,"href":"https:\/\/news.ecclesia.org.br\/index.php?rest_route=\/wp\/v2\/media\/20583"}],"wp:attachment":[{"href":"https:\/\/news.ecclesia.org.br\/index.php?rest_route=%2Fwp%2Fv2%2Fmedia&parent=20582"}],"wp:term":[{"taxonomy":"category","embeddable":true,"href":"https:\/\/news.ecclesia.org.br\/index.php?rest_route=%2Fwp%2Fv2%2Fcategories&post=20582"},{"taxonomy":"post_tag","embeddable":true,"href":"https:\/\/news.ecclesia.org.br\/index.php?rest_route=%2Fwp%2Fv2%2Ftags&post=20582"}],"curies":[{"name":"wp","href":"https:\/\/api.w.org\/{rel}","templated":true}]}}