{"id":20538,"date":"2016-06-08T14:41:55","date_gmt":"2016-06-08T14:41:55","guid":{"rendered":"https:\/\/news.ecclesia.org.br\/2013\/?p=20538"},"modified":"2016-06-08T14:50:53","modified_gmt":"2016-06-08T14:50:53","slug":"dia-mundial-dos-oceanos-mensagem-de-sua-santidade-bartolomeu-i-patriarca-ecumenico-de-constantinopla","status":"publish","type":"post","link":"https:\/\/news.ecclesia.org.br\/?p=20538","title":{"rendered":"Dia Mundial dos Oceanos. Mensagem de Sua Santidade Bartolomeu I, Patriarca Ecum\u00eanico de Constantinopla"},"content":{"rendered":"<h4 style=\"text-align: justify;\">&#8220;Ao inv\u00e9s de simplesmente abra\u00e7ar modelos de desenvolvimento com fins lucrativos, \u00e9 hora de mudan\u00e7as certas que sustentem a integridade e a beleza dos oceanos do mundo e toda a cria\u00e7\u00e3o de Deus&#8221;, alerta S. Santidade\u00a0Bartolomeu I, Patriarca Ecum\u00eanico de Constantinopla, em mensagem pelo Dia Mundial dos Oceanos.<\/h4>\n<hr \/>\n<h4 style=\"text-align: center;\"><em>N\u00e3o danifiqueis a terra, nem o mar, nem as \u00e1rvores<\/em>.<\/h4>\n<p style=\"text-align: center;\">(Ap 7,3)<\/p>\n<blockquote>\n<p style=\"text-align: justify;\"><a href=\"https:\/\/news.ecclesia.org.br\/2013\/wp-content\/uploads\/2012\/05\/bartolomeu-patriarca.jpg\"><img fetchpriority=\"high\" decoding=\"async\" class=\"alignleft size-medium wp-image-9208\" src=\"https:\/\/news.ecclesia.org.br\/2013\/wp-content\/uploads\/2012\/05\/bartolomeu-patriarca-300x227.jpg\" alt=\"bartolomeu-patriarca\" width=\"300\" height=\"227\" srcset=\"https:\/\/news.ecclesia.org.br\/wp-content\/uploads\/2012\/05\/bartolomeu-patriarca-300x227.jpg 300w, https:\/\/news.ecclesia.org.br\/wp-content\/uploads\/2012\/05\/bartolomeu-patriarca-73x55.jpg 73w, https:\/\/news.ecclesia.org.br\/wp-content\/uploads\/2012\/05\/bartolomeu-patriarca.jpg 436w\" sizes=\"(max-width: 300px) 100vw, 300px\" \/><\/a>O Dia Mundial dos Oceanos celebra um dos dons mais preciosos de nosso Criador, um presente que somos chamados a preservar e conservar.<\/p>\n<p style=\"text-align: justify;\">Ao longo das \u00faltimas duas d\u00e9cadas, o Patriarcado Ecum\u00eanico sublinhou a condi\u00e7\u00e3o de deteriora\u00e7\u00e3o dos oceanos do mundo. Agora, mais do que nunca, \u00e9 fundamental respeitar e proteger este recurso inestim\u00e1vel e inalien\u00e1vel do nosso planeta, que \u00e9 uma fonte \u00fanica de nutri\u00e7\u00e3o e biodiversidade.<\/p>\n<p style=\"text-align: justify;\">\u00c0 medida que o desenvolvimento industrial se torna a norma do comportamento global, a nossa depend\u00eancia dos combust\u00edveis f\u00f3sseis tamb\u00e9m leva a indiferen\u00e7a da sociedade aos cuidados de cria\u00e7\u00e3o. Isto promove crescentes n\u00edveis de gases de efeito estufa na atmosfera, que por sua vez poluem a atmosfera da Terra irreversivelmente, criando condi\u00e7\u00f5es favor\u00e1veis a mudan\u00e7as e altera\u00e7\u00f5es clim\u00e1ticas.<\/p>\n<p style=\"text-align: justify;\">Al\u00e9m disso, cerca de um ter\u00e7o das emiss\u00f5es de carbono se dissolve no oceano, causando o aumento dos n\u00edveis de acidifica\u00e7\u00e3o. Esta acidifica\u00e7\u00e3o est\u00e1 matando os recifes de coral, dissolvendo as conchas de moluscos, ostras e outros mariscos, ao mesmo tempo em que destr\u00f3i a base da cadeia alimentar do oceano.<\/p>\n<p style=\"text-align: justify;\">Muitos de n\u00f3s, infelizmente, n\u00e3o podemos compreender essas consequ\u00eancias das altera\u00e7\u00f5es clim\u00e1ticas, devido \u00e0s nossas circunst\u00e2ncias complacentes e talvez at\u00e9 mesmo c\u00famplices. No entanto, os mais vulner\u00e1veis entre n\u00f3s &#8211; que dependem dos oceanos para alimento e sustento &#8211; entendem essa situa\u00e7\u00e3o terr\u00edvel por testemunhar a mudan\u00e7a das condi\u00e7\u00f5es no oceano e o aumento do n\u00edvel do mar a partir da fus\u00e3o de campos de gelo polares.<\/p>\n<p style=\"text-align: justify;\">Ainda assim, todos n\u00f3s somos chamados a lembrar-nos de que o que colocamos em nossas \u00e1guas pode ser t\u00e3o prejudicial quanto o que tiramos dos oceanos. A maneira com que n\u00f3s polu\u00edmos nossos oceanos \u2013 seja intencionalmente atrav\u00e9s de res\u00edduos n\u00e3o biodegrad\u00e1veis ou inadvertidamente atrav\u00e9s do uso incessante de combust\u00edveis f\u00f3sseis &#8211; \u00e9 t\u00e3o destrutiva como a sobrepesca e a extra\u00e7\u00e3o.<\/p>\n<p style=\"text-align: justify;\">Al\u00e9m disso, os direitos humanos b\u00e1sicos est\u00e3o em risco quando deixamos de proteger os oceanos. Tentamos frequentemente estabelecer conex\u00f5es entre nossas atitudes e nossas a\u00e7\u00f5es. A forma como contaminamos os oceanos se reflete na forma como exploramos os seus recursos, o que est\u00e1 diretamente relacionado com a maneira como tratamos nossos companheiros seres humanos, especialmente os mais marginalizados e menos afortunados dos nossos irm\u00e3os e irm\u00e3s.<\/p>\n<p style=\"text-align: justify;\">Portanto, se n\u00f3s criamos as condi\u00e7\u00f5es desastrosas que agora enfrentamos, somos igualmente respons\u00e1veis por e capaz de remediar a sa\u00fade do nosso ambiente. Cada um de n\u00f3s deve aprender a reconhecer a forma como os nossos estilos de vida individuais e coletivos &#8211; nossas escolhas e prioridades &#8211; impactam o meio ambiente.<\/p>\n<p style=\"text-align: justify;\">Por fim, conclamamos os l\u00edderes mundiais, \u00e0 medida que aplicam o Acordo de Paris de 2015 e buscam novas formas de reduzir as emiss\u00f5es de carbono, a considerar propostas que preservem os oceanos do planeta e protejam as pessoas do mundo. Ao inv\u00e9s de simplesmente abra\u00e7ar modelos de desenvolvimento com fins lucrativos, \u00e9 hora de mudan\u00e7as certas que sustentem a integridade e a beleza dos oceanos do mundo e toda a cria\u00e7\u00e3o de Deus.<\/p>\n<\/blockquote>\n<p style=\"text-align: right;\">Fonte: <a href=\"http:\/\/www.ihu.unisinos.br\/noticias\/556021-mensagem-de-sua-santidade-o-patriarca-ecumenico-bartolomeu-i-para-o-dia-mundial-dos-oceanos\" target=\"_blank\">IHU<\/a>, de publica\u00e7\u00e3o do portal do Patriarcado Ecum\u00eanico, 08-06-2016.<br \/>\nTradu\u00e7\u00e3o \u00e9 de Lu\u00edsa Flores Somavilla<\/p>\n","protected":false},"excerpt":{"rendered":"<p>&#8220;Ao inv\u00e9s de simplesmente abra\u00e7ar modelos de desenvolvimento com fins lucrativos, \u00e9 hora de mudan\u00e7as certas que sustentem a integridade e a beleza dos oceanos do mundo e toda a cria\u00e7\u00e3o de Deus&#8221;, alerta S. Santidade\u00a0Bartolomeu I, Patriarca Ecum\u00eanico de&#8230;<\/p>\n","protected":false},"author":1,"featured_media":15335,"comment_status":"open","ping_status":"open","sticky":false,"template":"","format":"standard","meta":{"_acf_changed":false,"footnotes":""},"categories":[1,72],"tags":[],"class_list":["post-20538","post","type-post","status-publish","format-standard","has-post-thumbnail","hentry","category-news","category-patriarcado-ecumenico","entry","rows-excerpt"],"acf":[],"yoast_head":"<!-- This site is optimized with the Yoast SEO plugin v27.4 - https:\/\/yoast.com\/product\/yoast-seo-wordpress\/ -->\n<title>Dia Mundial dos Oceanos. Mensagem de Sua Santidade Bartolomeu I, Patriarca Ecum\u00eanico de Constantinopla | ECCLESIA NEWS<\/title>\n<meta name=\"robots\" content=\"index, follow, max-snippet:-1, max-image-preview:large, max-video-preview:-1\" \/>\n<link rel=\"canonical\" href=\"https:\/\/news.ecclesia.org.br\/?p=20538\" \/>\n<meta property=\"og:locale\" content=\"pt_BR\" \/>\n<meta property=\"og:type\" content=\"article\" \/>\n<meta property=\"og:title\" content=\"Dia Mundial dos Oceanos. Mensagem de Sua Santidade Bartolomeu I, Patriarca Ecum\u00eanico de Constantinopla | ECCLESIA NEWS\" \/>\n<meta property=\"og:description\" content=\"&#8220;Ao inv\u00e9s de simplesmente abra\u00e7ar modelos de desenvolvimento com fins lucrativos, \u00e9 hora de mudan\u00e7as certas que sustentem a integridade e a beleza dos oceanos do mundo e toda a cria\u00e7\u00e3o de Deus&#8221;, alerta S. Santidade\u00a0Bartolomeu I, Patriarca Ecum\u00eanico de&#8230;\" \/>\n<meta property=\"og:url\" content=\"https:\/\/news.ecclesia.org.br\/?p=20538\" \/>\n<meta property=\"og:site_name\" content=\"ECCLESIA NEWS\" \/>\n<meta property=\"article:publisher\" content=\"https:\/\/www.facebook.com\/Ecclesia2025\" \/>\n<meta property=\"article:published_time\" content=\"2016-06-08T14:41:55+00:00\" \/>\n<meta property=\"article:modified_time\" content=\"2016-06-08T14:50:53+00:00\" \/>\n<meta property=\"og:image\" content=\"https:\/\/news.ecclesia.org.br\/wp-content\/uploads\/2010\/02\/patriarca-bartolomeu1-1.jpg\" \/>\n\t<meta property=\"og:image:width\" content=\"510\" \/>\n\t<meta property=\"og:image:height\" content=\"330\" \/>\n\t<meta property=\"og:image:type\" content=\"image\/jpeg\" \/>\n<meta name=\"author\" content=\"Pe. Andr\u00e9\" \/>\n<meta name=\"twitter:card\" content=\"summary_large_image\" \/>\n<meta name=\"twitter:creator\" content=\"@EcclesiaNews\" \/>\n<meta name=\"twitter:site\" content=\"@EcclesiaNews\" \/>\n<meta name=\"twitter:label1\" content=\"Escrito por\" \/>\n\t<meta name=\"twitter:data1\" content=\"Pe. Andr\u00e9\" \/>\n\t<meta name=\"twitter:label2\" content=\"Est. tempo de leitura\" \/>\n\t<meta name=\"twitter:data2\" content=\"3 minutos\" \/>\n<script type=\"application\/ld+json\" class=\"yoast-schema-graph\">{\"@context\":\"https:\\\/\\\/schema.org\",\"@graph\":[{\"@type\":\"Article\",\"@id\":\"https:\\\/\\\/news.ecclesia.org.br\\\/?p=20538#article\",\"isPartOf\":{\"@id\":\"https:\\\/\\\/news.ecclesia.org.br\\\/?p=20538\"},\"author\":{\"name\":\"Pe. Andr\u00e9\",\"@id\":\"https:\\\/\\\/news.ecclesia.org.br\\\/#\\\/schema\\\/person\\\/6f09597f025829745ba414a569f63758\"},\"headline\":\"Dia Mundial dos Oceanos. Mensagem de Sua Santidade Bartolomeu I, Patriarca Ecum\u00eanico de Constantinopla\",\"datePublished\":\"2016-06-08T14:41:55+00:00\",\"dateModified\":\"2016-06-08T14:50:53+00:00\",\"mainEntityOfPage\":{\"@id\":\"https:\\\/\\\/news.ecclesia.org.br\\\/?p=20538\"},\"wordCount\":661,\"commentCount\":0,\"publisher\":{\"@id\":\"https:\\\/\\\/news.ecclesia.org.br\\\/#organization\"},\"image\":{\"@id\":\"https:\\\/\\\/news.ecclesia.org.br\\\/?p=20538#primaryimage\"},\"thumbnailUrl\":\"https:\\\/\\\/news.ecclesia.org.br\\\/wp-content\\\/uploads\\\/2010\\\/02\\\/patriarca-bartolomeu1-1.jpg\",\"articleSection\":[\"NEWS\",\"Patriarcado Ecum\u00eanico\"],\"inLanguage\":\"pt-BR\",\"potentialAction\":[{\"@type\":\"CommentAction\",\"name\":\"Comment\",\"target\":[\"https:\\\/\\\/news.ecclesia.org.br\\\/?p=20538#respond\"]}]},{\"@type\":\"WebPage\",\"@id\":\"https:\\\/\\\/news.ecclesia.org.br\\\/?p=20538\",\"url\":\"https:\\\/\\\/news.ecclesia.org.br\\\/?p=20538\",\"name\":\"Dia Mundial dos Oceanos. Mensagem de Sua Santidade Bartolomeu I, Patriarca Ecum\u00eanico de Constantinopla | ECCLESIA NEWS\",\"isPartOf\":{\"@id\":\"https:\\\/\\\/news.ecclesia.org.br\\\/#website\"},\"primaryImageOfPage\":{\"@id\":\"https:\\\/\\\/news.ecclesia.org.br\\\/?p=20538#primaryimage\"},\"image\":{\"@id\":\"https:\\\/\\\/news.ecclesia.org.br\\\/?p=20538#primaryimage\"},\"thumbnailUrl\":\"https:\\\/\\\/news.ecclesia.org.br\\\/wp-content\\\/uploads\\\/2010\\\/02\\\/patriarca-bartolomeu1-1.jpg\",\"datePublished\":\"2016-06-08T14:41:55+00:00\",\"dateModified\":\"2016-06-08T14:50:53+00:00\",\"breadcrumb\":{\"@id\":\"https:\\\/\\\/news.ecclesia.org.br\\\/?p=20538#breadcrumb\"},\"inLanguage\":\"pt-BR\",\"potentialAction\":[{\"@type\":\"ReadAction\",\"target\":[\"https:\\\/\\\/news.ecclesia.org.br\\\/?p=20538\"]}]},{\"@type\":\"ImageObject\",\"inLanguage\":\"pt-BR\",\"@id\":\"https:\\\/\\\/news.ecclesia.org.br\\\/?p=20538#primaryimage\",\"url\":\"https:\\\/\\\/news.ecclesia.org.br\\\/wp-content\\\/uploads\\\/2010\\\/02\\\/patriarca-bartolomeu1-1.jpg\",\"contentUrl\":\"https:\\\/\\\/news.ecclesia.org.br\\\/wp-content\\\/uploads\\\/2010\\\/02\\\/patriarca-bartolomeu1-1.jpg\",\"width\":510,\"height\":330},{\"@type\":\"BreadcrumbList\",\"@id\":\"https:\\\/\\\/news.ecclesia.org.br\\\/?p=20538#breadcrumb\",\"itemListElement\":[{\"@type\":\"ListItem\",\"position\":1,\"name\":\"In\u00edcio\",\"item\":\"https:\\\/\\\/news.ecclesia.org.br\\\/\"},{\"@type\":\"ListItem\",\"position\":2,\"name\":\"Dia Mundial dos Oceanos. Mensagem de Sua Santidade Bartolomeu I, Patriarca Ecum\u00eanico de Constantinopla\"}]},{\"@type\":\"WebSite\",\"@id\":\"https:\\\/\\\/news.ecclesia.org.br\\\/#website\",\"url\":\"https:\\\/\\\/news.ecclesia.org.br\\\/\",\"name\":\"Ecclesia Brasil\",\"description\":\"Desde 2003 onectando o Brasil ao mundo ortodoxo!\",\"publisher\":{\"@id\":\"https:\\\/\\\/news.ecclesia.org.br\\\/#organization\"},\"alternateName\":\"Ecclesia\",\"potentialAction\":[{\"@type\":\"SearchAction\",\"target\":{\"@type\":\"EntryPoint\",\"urlTemplate\":\"https:\\\/\\\/news.ecclesia.org.br\\\/?s={search_term_string}\"},\"query-input\":{\"@type\":\"PropertyValueSpecification\",\"valueRequired\":true,\"valueName\":\"search_term_string\"}}],\"inLanguage\":\"pt-BR\"},{\"@type\":\"Organization\",\"@id\":\"https:\\\/\\\/news.ecclesia.org.br\\\/#organization\",\"name\":\"Sacra Arquidiocese de Buenos Aires e Am\u00e9rica do Sul | Patriarcado Ecum\u00eanico\",\"alternateName\":\"News Ecclesia Brasil\",\"url\":\"https:\\\/\\\/news.ecclesia.org.br\\\/\",\"logo\":{\"@type\":\"ImageObject\",\"inLanguage\":\"pt-BR\",\"@id\":\"https:\\\/\\\/news.ecclesia.org.br\\\/#\\\/schema\\\/logo\\\/image\\\/\",\"url\":\"https:\\\/\\\/news.ecclesia.org.br\\\/wp-content\\\/uploads\\\/2025\\\/05\\\/ecclesia2.png\",\"contentUrl\":\"https:\\\/\\\/news.ecclesia.org.br\\\/wp-content\\\/uploads\\\/2025\\\/05\\\/ecclesia2.png\",\"width\":480,\"height\":120,\"caption\":\"Sacra Arquidiocese de Buenos Aires e Am\u00e9rica do Sul | Patriarcado Ecum\u00eanico\"},\"image\":{\"@id\":\"https:\\\/\\\/news.ecclesia.org.br\\\/#\\\/schema\\\/logo\\\/image\\\/\"},\"sameAs\":[\"https:\\\/\\\/www.facebook.com\\\/Ecclesia2025\",\"https:\\\/\\\/x.com\\\/EcclesiaNews\",\"https:\\\/\\\/br.pinterest.com\\\/ekklisia\\\/\",\"https:\\\/\\\/www.youtube.com\\\/@EcclesiaBrasil\"]},{\"@type\":\"Person\",\"@id\":\"https:\\\/\\\/news.ecclesia.org.br\\\/#\\\/schema\\\/person\\\/6f09597f025829745ba414a569f63758\",\"name\":\"Pe. Andr\u00e9\",\"image\":{\"@type\":\"ImageObject\",\"inLanguage\":\"pt-BR\",\"@id\":\"https:\\\/\\\/secure.gravatar.com\\\/avatar\\\/b4327cfa27e9799da239a26adcd534fc29cdc0c4a4a148eecbcfeb9b42c617ac?s=96&d=mm&r=g\",\"url\":\"https:\\\/\\\/secure.gravatar.com\\\/avatar\\\/b4327cfa27e9799da239a26adcd534fc29cdc0c4a4a148eecbcfeb9b42c617ac?s=96&d=mm&r=g\",\"contentUrl\":\"https:\\\/\\\/secure.gravatar.com\\\/avatar\\\/b4327cfa27e9799da239a26adcd534fc29cdc0c4a4a148eecbcfeb9b42c617ac?s=96&d=mm&r=g\",\"caption\":\"Pe. Andr\u00e9\"},\"sameAs\":[\"https:\\\/\\\/www.ecclesia.org.br\"]}]}<\/script>\n<!-- \/ Yoast SEO plugin. -->","yoast_head_json":{"title":"Dia Mundial dos Oceanos. Mensagem de Sua Santidade Bartolomeu I, Patriarca Ecum\u00eanico de Constantinopla | ECCLESIA NEWS","robots":{"index":"index","follow":"follow","max-snippet":"max-snippet:-1","max-image-preview":"max-image-preview:large","max-video-preview":"max-video-preview:-1"},"canonical":"https:\/\/news.ecclesia.org.br\/?p=20538","og_locale":"pt_BR","og_type":"article","og_title":"Dia Mundial dos Oceanos. Mensagem de Sua Santidade Bartolomeu I, Patriarca Ecum\u00eanico de Constantinopla | ECCLESIA NEWS","og_description":"&#8220;Ao inv\u00e9s de simplesmente abra\u00e7ar modelos de desenvolvimento com fins lucrativos, \u00e9 hora de mudan\u00e7as certas que sustentem a integridade e a beleza dos oceanos do mundo e toda a cria\u00e7\u00e3o de Deus&#8221;, alerta S. Santidade\u00a0Bartolomeu I, Patriarca Ecum\u00eanico de&#8230;","og_url":"https:\/\/news.ecclesia.org.br\/?p=20538","og_site_name":"ECCLESIA NEWS","article_publisher":"https:\/\/www.facebook.com\/Ecclesia2025","article_published_time":"2016-06-08T14:41:55+00:00","article_modified_time":"2016-06-08T14:50:53+00:00","og_image":[{"width":510,"height":330,"url":"https:\/\/news.ecclesia.org.br\/wp-content\/uploads\/2010\/02\/patriarca-bartolomeu1-1.jpg","type":"image\/jpeg"}],"author":"Pe. Andr\u00e9","twitter_card":"summary_large_image","twitter_creator":"@EcclesiaNews","twitter_site":"@EcclesiaNews","twitter_misc":{"Escrito por":"Pe. Andr\u00e9","Est. tempo de leitura":"3 minutos"},"schema":{"@context":"https:\/\/schema.org","@graph":[{"@type":"Article","@id":"https:\/\/news.ecclesia.org.br\/?p=20538#article","isPartOf":{"@id":"https:\/\/news.ecclesia.org.br\/?p=20538"},"author":{"name":"Pe. Andr\u00e9","@id":"https:\/\/news.ecclesia.org.br\/#\/schema\/person\/6f09597f025829745ba414a569f63758"},"headline":"Dia Mundial dos Oceanos. Mensagem de Sua Santidade Bartolomeu I, Patriarca Ecum\u00eanico de Constantinopla","datePublished":"2016-06-08T14:41:55+00:00","dateModified":"2016-06-08T14:50:53+00:00","mainEntityOfPage":{"@id":"https:\/\/news.ecclesia.org.br\/?p=20538"},"wordCount":661,"commentCount":0,"publisher":{"@id":"https:\/\/news.ecclesia.org.br\/#organization"},"image":{"@id":"https:\/\/news.ecclesia.org.br\/?p=20538#primaryimage"},"thumbnailUrl":"https:\/\/news.ecclesia.org.br\/wp-content\/uploads\/2010\/02\/patriarca-bartolomeu1-1.jpg","articleSection":["NEWS","Patriarcado Ecum\u00eanico"],"inLanguage":"pt-BR","potentialAction":[{"@type":"CommentAction","name":"Comment","target":["https:\/\/news.ecclesia.org.br\/?p=20538#respond"]}]},{"@type":"WebPage","@id":"https:\/\/news.ecclesia.org.br\/?p=20538","url":"https:\/\/news.ecclesia.org.br\/?p=20538","name":"Dia Mundial dos Oceanos. Mensagem de Sua Santidade Bartolomeu I, Patriarca Ecum\u00eanico de Constantinopla | ECCLESIA NEWS","isPartOf":{"@id":"https:\/\/news.ecclesia.org.br\/#website"},"primaryImageOfPage":{"@id":"https:\/\/news.ecclesia.org.br\/?p=20538#primaryimage"},"image":{"@id":"https:\/\/news.ecclesia.org.br\/?p=20538#primaryimage"},"thumbnailUrl":"https:\/\/news.ecclesia.org.br\/wp-content\/uploads\/2010\/02\/patriarca-bartolomeu1-1.jpg","datePublished":"2016-06-08T14:41:55+00:00","dateModified":"2016-06-08T14:50:53+00:00","breadcrumb":{"@id":"https:\/\/news.ecclesia.org.br\/?p=20538#breadcrumb"},"inLanguage":"pt-BR","potentialAction":[{"@type":"ReadAction","target":["https:\/\/news.ecclesia.org.br\/?p=20538"]}]},{"@type":"ImageObject","inLanguage":"pt-BR","@id":"https:\/\/news.ecclesia.org.br\/?p=20538#primaryimage","url":"https:\/\/news.ecclesia.org.br\/wp-content\/uploads\/2010\/02\/patriarca-bartolomeu1-1.jpg","contentUrl":"https:\/\/news.ecclesia.org.br\/wp-content\/uploads\/2010\/02\/patriarca-bartolomeu1-1.jpg","width":510,"height":330},{"@type":"BreadcrumbList","@id":"https:\/\/news.ecclesia.org.br\/?p=20538#breadcrumb","itemListElement":[{"@type":"ListItem","position":1,"name":"In\u00edcio","item":"https:\/\/news.ecclesia.org.br\/"},{"@type":"ListItem","position":2,"name":"Dia Mundial dos Oceanos. Mensagem de Sua Santidade Bartolomeu I, Patriarca Ecum\u00eanico de Constantinopla"}]},{"@type":"WebSite","@id":"https:\/\/news.ecclesia.org.br\/#website","url":"https:\/\/news.ecclesia.org.br\/","name":"Ecclesia Brasil","description":"Desde 2003 onectando o Brasil ao mundo ortodoxo!","publisher":{"@id":"https:\/\/news.ecclesia.org.br\/#organization"},"alternateName":"Ecclesia","potentialAction":[{"@type":"SearchAction","target":{"@type":"EntryPoint","urlTemplate":"https:\/\/news.ecclesia.org.br\/?s={search_term_string}"},"query-input":{"@type":"PropertyValueSpecification","valueRequired":true,"valueName":"search_term_string"}}],"inLanguage":"pt-BR"},{"@type":"Organization","@id":"https:\/\/news.ecclesia.org.br\/#organization","name":"Sacra Arquidiocese de Buenos Aires e Am\u00e9rica do Sul | Patriarcado Ecum\u00eanico","alternateName":"News Ecclesia Brasil","url":"https:\/\/news.ecclesia.org.br\/","logo":{"@type":"ImageObject","inLanguage":"pt-BR","@id":"https:\/\/news.ecclesia.org.br\/#\/schema\/logo\/image\/","url":"https:\/\/news.ecclesia.org.br\/wp-content\/uploads\/2025\/05\/ecclesia2.png","contentUrl":"https:\/\/news.ecclesia.org.br\/wp-content\/uploads\/2025\/05\/ecclesia2.png","width":480,"height":120,"caption":"Sacra Arquidiocese de Buenos Aires e Am\u00e9rica do Sul | Patriarcado Ecum\u00eanico"},"image":{"@id":"https:\/\/news.ecclesia.org.br\/#\/schema\/logo\/image\/"},"sameAs":["https:\/\/www.facebook.com\/Ecclesia2025","https:\/\/x.com\/EcclesiaNews","https:\/\/br.pinterest.com\/ekklisia\/","https:\/\/www.youtube.com\/@EcclesiaBrasil"]},{"@type":"Person","@id":"https:\/\/news.ecclesia.org.br\/#\/schema\/person\/6f09597f025829745ba414a569f63758","name":"Pe. Andr\u00e9","image":{"@type":"ImageObject","inLanguage":"pt-BR","@id":"https:\/\/secure.gravatar.com\/avatar\/b4327cfa27e9799da239a26adcd534fc29cdc0c4a4a148eecbcfeb9b42c617ac?s=96&d=mm&r=g","url":"https:\/\/secure.gravatar.com\/avatar\/b4327cfa27e9799da239a26adcd534fc29cdc0c4a4a148eecbcfeb9b42c617ac?s=96&d=mm&r=g","contentUrl":"https:\/\/secure.gravatar.com\/avatar\/b4327cfa27e9799da239a26adcd534fc29cdc0c4a4a148eecbcfeb9b42c617ac?s=96&d=mm&r=g","caption":"Pe. Andr\u00e9"},"sameAs":["https:\/\/www.ecclesia.org.br"]}]}},"_links":{"self":[{"href":"https:\/\/news.ecclesia.org.br\/index.php?rest_route=\/wp\/v2\/posts\/20538","targetHints":{"allow":["GET"]}}],"collection":[{"href":"https:\/\/news.ecclesia.org.br\/index.php?rest_route=\/wp\/v2\/posts"}],"about":[{"href":"https:\/\/news.ecclesia.org.br\/index.php?rest_route=\/wp\/v2\/types\/post"}],"author":[{"embeddable":true,"href":"https:\/\/news.ecclesia.org.br\/index.php?rest_route=\/wp\/v2\/users\/1"}],"replies":[{"embeddable":true,"href":"https:\/\/news.ecclesia.org.br\/index.php?rest_route=%2Fwp%2Fv2%2Fcomments&post=20538"}],"version-history":[{"count":0,"href":"https:\/\/news.ecclesia.org.br\/index.php?rest_route=\/wp\/v2\/posts\/20538\/revisions"}],"wp:featuredmedia":[{"embeddable":true,"href":"https:\/\/news.ecclesia.org.br\/index.php?rest_route=\/wp\/v2\/media\/15335"}],"wp:attachment":[{"href":"https:\/\/news.ecclesia.org.br\/index.php?rest_route=%2Fwp%2Fv2%2Fmedia&parent=20538"}],"wp:term":[{"taxonomy":"category","embeddable":true,"href":"https:\/\/news.ecclesia.org.br\/index.php?rest_route=%2Fwp%2Fv2%2Fcategories&post=20538"},{"taxonomy":"post_tag","embeddable":true,"href":"https:\/\/news.ecclesia.org.br\/index.php?rest_route=%2Fwp%2Fv2%2Ftags&post=20538"}],"curies":[{"name":"wp","href":"https:\/\/api.w.org\/{rel}","templated":true}]}}