{"id":20451,"date":"2016-05-13T20:46:29","date_gmt":"2016-05-13T23:46:29","guid":{"rendered":"https:\/\/news.ecclesia.org.br\/2013\/?p=20451"},"modified":"2023-09-16T07:04:30","modified_gmt":"2023-09-16T10:04:30","slug":"prokopis-pavlopoulos-presidente-da-grecia-visita-pela-primeira-vez-o-monte-athos","status":"publish","type":"post","link":"https:\/\/news.ecclesia.org.br\/?p=20451","title":{"rendered":"Presidente da Gr\u00e9cia, Prokopis Pavlopoulos, visita pela primeira vez o Monte Athos"},"content":{"rendered":"<p style=\"text-align: justify;\"><div id=\"galleria-20451\"><a href=\"https:\/\/news.ecclesia.org.br\/wp-content\/uploads\/2016\/05\/athos-2016.jpg\"><img decoding=\"async\" title=\"athos-2016\" alt=\"\" src=\"https:\/\/news.ecclesia.org.br\/wp-content\/uploads\/2016\/05\/athos-2016-92x55.jpg\" data-big=\"https:\/\/news.ecclesia.org.br\/wp-content\/uploads\/2016\/05\/athos-2016.jpg\"><\/a><a href=\"https:\/\/news.ecclesia.org.br\/wp-content\/uploads\/2016\/05\/athos-2016-002.jpg\"><img decoding=\"async\" title=\"athos-2016-002\" alt=\"\" src=\"https:\/\/news.ecclesia.org.br\/wp-content\/uploads\/2016\/05\/athos-2016-002-98x55.jpg\" data-big=\"https:\/\/news.ecclesia.org.br\/wp-content\/uploads\/2016\/05\/athos-2016-002.jpg\"><\/a><a href=\"https:\/\/news.ecclesia.org.br\/wp-content\/uploads\/2016\/05\/athos-2016-003.jpg\"><img decoding=\"async\" title=\"athos-2016-003\" alt=\"\" src=\"https:\/\/news.ecclesia.org.br\/wp-content\/uploads\/2016\/05\/athos-2016-003-98x55.jpg\" data-big=\"https:\/\/news.ecclesia.org.br\/wp-content\/uploads\/2016\/05\/athos-2016-003.jpg\"><\/a><a href=\"https:\/\/news.ecclesia.org.br\/wp-content\/uploads\/2016\/05\/athos-2016-004.jpg\"><img decoding=\"async\" title=\"athos-2016-004\" alt=\"\" src=\"https:\/\/news.ecclesia.org.br\/wp-content\/uploads\/2016\/05\/athos-2016-004-92x55.jpg\" data-big=\"https:\/\/news.ecclesia.org.br\/wp-content\/uploads\/2016\/05\/athos-2016-004.jpg\"><\/a><\/div><\/p>\n<p style=\"text-align: justify;\">Prokopis Pavlopoulos, Presidente da Rep\u00fablica Hel\u00eanica, visitou ontem, 12 de maio, o Monte Athos. Esta foi sua primeira visita \u00e0 Santa Montanha, desde a sua elei\u00e7\u00e3o para o posto presidencial. Durante seu discurso na igreja do\u00a0<em>Protaton<\/em>, o presidente disse que a Gr\u00e9cia tem a obriga\u00e7\u00e3o de proteger aquele lugar sagrado, preservando suas tradi\u00e7\u00f5es e assegurando seu\u00a0futuro. Pavlopoulos referiu-se\u00a0ainda\u00a0ao orgulho do povo grego por ter o Monte Athos como parte de sua terra natal, expressando sua alegria e expectativa de que aquele encontro possa\u00a0contribuir ainda mais para estabelecer um esp\u00edrito de proximidade e espontaneidade. Em seu\u00a0pronunciamento, o Geronda Paulo, do monast\u00e9rio da Grande Lavra, deu as boas-vindas ao\u00a0Sr. Pavlopoulos, referindo-se ao Jardim da M\u00e3e de Deus (o\u00a0Monte Athos), como &#8220;acr\u00f3pole da ortodoxia e do helenismo&#8221;. Ao mesmo tempo, referindo-se \u00e0\u00a0crise econ\u00f4mica no pa\u00eds, expressou o\u00a0desejo e a esperan\u00e7a de que o Estado Hel\u00eanico e o mundo pol\u00edtico\u00a0sejam sens\u00edveis e escutem as\u00a0ang\u00fastias e justas demandas do povo grego, e se coloquem do\u00a0seu lado. Enfatizou ainda que, apesar dos problemas econ\u00f4micos, o n\u00famero de peregrinos que visitam o\u00a0Monte Athos \u00e9 crescente. O Presidente foi recebido em\u00a0Karyes (capital daquela pen\u00ednsula mon\u00e1stica grega) pelo Governador civil do Monte Athos, Sr. Aristos Kasmiroglou, pelo Protos Paulo, membros de Santa Epistasis e pelos abades dos vinte monast\u00e9rios athonitas, al\u00e9m do\u00a0representante do Patriarcado Ecum\u00eanico de Constantinopla, S. E. Ap\u00f3stolos, Metropolita de Mileto. \u00a0Durante a visita, uma <em>doxologia\u00a0<\/em>teve lugar na igreja do <em>Protaton<\/em> onde o presidente grego prestou venera\u00e7\u00e3o ao milagroso \u00edcone da M\u00e3e de Deus chamado de &#8220;Axion est\u00edn&#8221;. Ap\u00f3s a cerim\u00f4nia, o Chefe de Estado foi recebido pela\u00a0Comunidade que lhe mostrou um\u00a0pergaminho contendo o primeiro assentamento (ano 972)\u00a0do Monte\u00a0Athos, contendo assinaturas do imperador bizantino Jo\u00e3o Tsimiskes e de Santo Atan\u00e1sio, o Athonita. Um almo\u00e7o foi oferecido ao ilustre visitante e, na sequ\u00eancia,\u00a0o presidente visitou ainda os monast\u00e9rios de\u00a0Iviron e a Grande Lavra, regressando \u00e0 Atenas naquele\u00a0mesmo dia. No s\u00e1bado 28 de maio, o presidente grego voltar\u00e1 a visitar o\u00a0Monte Athos, desta vez acompanhado do presidente russo Vladimir Putin. Um dia antes, na sexta-feira, 27, o Patriarca Kirill de\u00a0Moscou chegar\u00e1 ao Monte Athos.<\/p>\n<p style=\"text-align: right;\">Fonte: <a href=\"http:\/\/www.romfea.gr\/agioritika-nea\/8269-sto-agion-oros-o-proedros-tis-dimokratias\" target=\"_blank\" rel=\"noopener\">Romfea<\/a><\/p>\n<p>&nbsp;<\/p>\n","protected":false},"excerpt":{"rendered":"<p>Prokopis Pavlopoulos, Presidente da Rep\u00fablica Hel\u00eanica, visitou ontem, 12 de maio, o Monte Athos. Esta foi sua primeira visita \u00e0 Santa Montanha, desde a sua elei\u00e7\u00e3o para o posto presidencial. Durante seu discurso na igreja do\u00a0Protaton, o presidente disse que&#8230;<\/p>\n","protected":false},"author":1,"featured_media":20452,"comment_status":"open","ping_status":"open","sticky":false,"template":"","format":"standard","meta":{"_acf_changed":false,"footnotes":""},"categories":[2743,1],"tags":[],"class_list":["post-20451","post","type-post","status-publish","format-standard","has-post-thumbnail","hentry","category-grecia","category-news","entry","rows-excerpt"],"acf":[],"yoast_head":"<!-- This site is optimized with the Yoast SEO plugin v27.5 - https:\/\/yoast.com\/product\/yoast-seo-wordpress\/ -->\n<title>Presidente da Gr\u00e9cia, Prokopis Pavlopoulos, visita pela primeira vez o Monte Athos | ECCLESIA NEWS<\/title>\n<meta name=\"robots\" content=\"index, follow, max-snippet:-1, max-image-preview:large, max-video-preview:-1\" \/>\n<link rel=\"canonical\" href=\"https:\/\/news.ecclesia.org.br\/?p=20451\" \/>\n<meta property=\"og:locale\" content=\"pt_BR\" \/>\n<meta property=\"og:type\" content=\"article\" \/>\n<meta property=\"og:title\" content=\"Presidente da Gr\u00e9cia, Prokopis Pavlopoulos, visita pela primeira vez o Monte Athos | ECCLESIA NEWS\" \/>\n<meta property=\"og:description\" content=\"Prokopis Pavlopoulos, Presidente da Rep\u00fablica Hel\u00eanica, visitou ontem, 12 de maio, o Monte Athos. Esta foi sua primeira visita \u00e0 Santa Montanha, desde a sua elei\u00e7\u00e3o para o posto presidencial. Durante seu discurso na igreja do\u00a0Protaton, o presidente disse que&#8230;\" \/>\n<meta property=\"og:url\" content=\"https:\/\/news.ecclesia.org.br\/?p=20451\" \/>\n<meta property=\"og:site_name\" content=\"ECCLESIA NEWS\" \/>\n<meta property=\"article:publisher\" content=\"https:\/\/www.facebook.com\/Ecclesia2025\" \/>\n<meta property=\"article:published_time\" content=\"2016-05-13T23:46:29+00:00\" \/>\n<meta property=\"article:modified_time\" content=\"2023-09-16T10:04:30+00:00\" \/>\n<meta property=\"og:image\" content=\"https:\/\/news.ecclesia.org.br\/wp-content\/uploads\/2016\/05\/athos-2016.jpg\" \/>\n\t<meta property=\"og:image:width\" content=\"800\" \/>\n\t<meta property=\"og:image:height\" content=\"480\" \/>\n\t<meta property=\"og:image:type\" content=\"image\/jpeg\" \/>\n<meta name=\"author\" content=\"Pe. Andr\u00e9\" \/>\n<meta name=\"twitter:card\" content=\"summary_large_image\" \/>\n<meta name=\"twitter:creator\" content=\"@EcclesiaNews\" \/>\n<meta name=\"twitter:site\" content=\"@EcclesiaNews\" \/>\n<meta name=\"twitter:label1\" content=\"Escrito por\" \/>\n\t<meta name=\"twitter:data1\" content=\"Pe. Andr\u00e9\" \/>\n\t<meta name=\"twitter:label2\" content=\"Est. tempo de leitura\" \/>\n\t<meta name=\"twitter:data2\" content=\"2 minutos\" \/>\n<script type=\"application\/ld+json\" class=\"yoast-schema-graph\">{\"@context\":\"https:\\\/\\\/schema.org\",\"@graph\":[{\"@type\":\"Article\",\"@id\":\"https:\\\/\\\/news.ecclesia.org.br\\\/?p=20451#article\",\"isPartOf\":{\"@id\":\"https:\\\/\\\/news.ecclesia.org.br\\\/?p=20451\"},\"author\":{\"name\":\"Pe. Andr\u00e9\",\"@id\":\"https:\\\/\\\/news.ecclesia.org.br\\\/#\\\/schema\\\/person\\\/6f09597f025829745ba414a569f63758\"},\"headline\":\"Presidente da Gr\u00e9cia, Prokopis Pavlopoulos, visita pela primeira vez o Monte Athos\",\"datePublished\":\"2016-05-13T23:46:29+00:00\",\"dateModified\":\"2023-09-16T10:04:30+00:00\",\"mainEntityOfPage\":{\"@id\":\"https:\\\/\\\/news.ecclesia.org.br\\\/?p=20451\"},\"wordCount\":418,\"commentCount\":0,\"publisher\":{\"@id\":\"https:\\\/\\\/news.ecclesia.org.br\\\/#organization\"},\"image\":{\"@id\":\"https:\\\/\\\/news.ecclesia.org.br\\\/?p=20451#primaryimage\"},\"thumbnailUrl\":\"https:\\\/\\\/news.ecclesia.org.br\\\/wp-content\\\/uploads\\\/2016\\\/05\\\/athos-2016.jpg\",\"articleSection\":[\"Igreja da Gr\u00e9cia\",\"NEWS\"],\"inLanguage\":\"pt-BR\",\"potentialAction\":[{\"@type\":\"CommentAction\",\"name\":\"Comment\",\"target\":[\"https:\\\/\\\/news.ecclesia.org.br\\\/?p=20451#respond\"]}]},{\"@type\":\"WebPage\",\"@id\":\"https:\\\/\\\/news.ecclesia.org.br\\\/?p=20451\",\"url\":\"https:\\\/\\\/news.ecclesia.org.br\\\/?p=20451\",\"name\":\"Presidente da Gr\u00e9cia, Prokopis Pavlopoulos, visita pela primeira vez o Monte Athos | ECCLESIA NEWS\",\"isPartOf\":{\"@id\":\"https:\\\/\\\/news.ecclesia.org.br\\\/#website\"},\"primaryImageOfPage\":{\"@id\":\"https:\\\/\\\/news.ecclesia.org.br\\\/?p=20451#primaryimage\"},\"image\":{\"@id\":\"https:\\\/\\\/news.ecclesia.org.br\\\/?p=20451#primaryimage\"},\"thumbnailUrl\":\"https:\\\/\\\/news.ecclesia.org.br\\\/wp-content\\\/uploads\\\/2016\\\/05\\\/athos-2016.jpg\",\"datePublished\":\"2016-05-13T23:46:29+00:00\",\"dateModified\":\"2023-09-16T10:04:30+00:00\",\"breadcrumb\":{\"@id\":\"https:\\\/\\\/news.ecclesia.org.br\\\/?p=20451#breadcrumb\"},\"inLanguage\":\"pt-BR\",\"potentialAction\":[{\"@type\":\"ReadAction\",\"target\":[\"https:\\\/\\\/news.ecclesia.org.br\\\/?p=20451\"]}]},{\"@type\":\"ImageObject\",\"inLanguage\":\"pt-BR\",\"@id\":\"https:\\\/\\\/news.ecclesia.org.br\\\/?p=20451#primaryimage\",\"url\":\"https:\\\/\\\/news.ecclesia.org.br\\\/wp-content\\\/uploads\\\/2016\\\/05\\\/athos-2016.jpg\",\"contentUrl\":\"https:\\\/\\\/news.ecclesia.org.br\\\/wp-content\\\/uploads\\\/2016\\\/05\\\/athos-2016.jpg\",\"width\":800,\"height\":480},{\"@type\":\"BreadcrumbList\",\"@id\":\"https:\\\/\\\/news.ecclesia.org.br\\\/?p=20451#breadcrumb\",\"itemListElement\":[{\"@type\":\"ListItem\",\"position\":1,\"name\":\"In\u00edcio\",\"item\":\"https:\\\/\\\/news.ecclesia.org.br\\\/\"},{\"@type\":\"ListItem\",\"position\":2,\"name\":\"Presidente da Gr\u00e9cia, Prokopis Pavlopoulos, visita pela primeira vez o Monte Athos\"}]},{\"@type\":\"WebSite\",\"@id\":\"https:\\\/\\\/news.ecclesia.org.br\\\/#website\",\"url\":\"https:\\\/\\\/news.ecclesia.org.br\\\/\",\"name\":\"Ecclesia Brasil\",\"description\":\"Desde 2003 onectando o Brasil ao mundo ortodoxo!\",\"publisher\":{\"@id\":\"https:\\\/\\\/news.ecclesia.org.br\\\/#organization\"},\"alternateName\":\"Ecclesia\",\"potentialAction\":[{\"@type\":\"SearchAction\",\"target\":{\"@type\":\"EntryPoint\",\"urlTemplate\":\"https:\\\/\\\/news.ecclesia.org.br\\\/?s={search_term_string}\"},\"query-input\":{\"@type\":\"PropertyValueSpecification\",\"valueRequired\":true,\"valueName\":\"search_term_string\"}}],\"inLanguage\":\"pt-BR\"},{\"@type\":\"Organization\",\"@id\":\"https:\\\/\\\/news.ecclesia.org.br\\\/#organization\",\"name\":\"Sacra Arquidiocese de Buenos Aires e Am\u00e9rica do Sul | Patriarcado Ecum\u00eanico\",\"alternateName\":\"News Ecclesia Brasil\",\"url\":\"https:\\\/\\\/news.ecclesia.org.br\\\/\",\"logo\":{\"@type\":\"ImageObject\",\"inLanguage\":\"pt-BR\",\"@id\":\"https:\\\/\\\/news.ecclesia.org.br\\\/#\\\/schema\\\/logo\\\/image\\\/\",\"url\":\"https:\\\/\\\/news.ecclesia.org.br\\\/wp-content\\\/uploads\\\/2025\\\/05\\\/ecclesia2.png\",\"contentUrl\":\"https:\\\/\\\/news.ecclesia.org.br\\\/wp-content\\\/uploads\\\/2025\\\/05\\\/ecclesia2.png\",\"width\":480,\"height\":120,\"caption\":\"Sacra Arquidiocese de Buenos Aires e Am\u00e9rica do Sul | Patriarcado Ecum\u00eanico\"},\"image\":{\"@id\":\"https:\\\/\\\/news.ecclesia.org.br\\\/#\\\/schema\\\/logo\\\/image\\\/\"},\"sameAs\":[\"https:\\\/\\\/www.facebook.com\\\/Ecclesia2025\",\"https:\\\/\\\/x.com\\\/EcclesiaNews\",\"https:\\\/\\\/br.pinterest.com\\\/ekklisia\\\/\",\"https:\\\/\\\/www.youtube.com\\\/@EcclesiaBrasil\"]},{\"@type\":\"Person\",\"@id\":\"https:\\\/\\\/news.ecclesia.org.br\\\/#\\\/schema\\\/person\\\/6f09597f025829745ba414a569f63758\",\"name\":\"Pe. Andr\u00e9\",\"image\":{\"@type\":\"ImageObject\",\"inLanguage\":\"pt-BR\",\"@id\":\"https:\\\/\\\/secure.gravatar.com\\\/avatar\\\/b4327cfa27e9799da239a26adcd534fc29cdc0c4a4a148eecbcfeb9b42c617ac?s=96&d=mm&r=g\",\"url\":\"https:\\\/\\\/secure.gravatar.com\\\/avatar\\\/b4327cfa27e9799da239a26adcd534fc29cdc0c4a4a148eecbcfeb9b42c617ac?s=96&d=mm&r=g\",\"contentUrl\":\"https:\\\/\\\/secure.gravatar.com\\\/avatar\\\/b4327cfa27e9799da239a26adcd534fc29cdc0c4a4a148eecbcfeb9b42c617ac?s=96&d=mm&r=g\",\"caption\":\"Pe. Andr\u00e9\"},\"sameAs\":[\"https:\\\/\\\/www.ecclesia.org.br\"]}]}<\/script>\n<!-- \/ Yoast SEO plugin. -->","yoast_head_json":{"title":"Presidente da Gr\u00e9cia, Prokopis Pavlopoulos, visita pela primeira vez o Monte Athos | ECCLESIA NEWS","robots":{"index":"index","follow":"follow","max-snippet":"max-snippet:-1","max-image-preview":"max-image-preview:large","max-video-preview":"max-video-preview:-1"},"canonical":"https:\/\/news.ecclesia.org.br\/?p=20451","og_locale":"pt_BR","og_type":"article","og_title":"Presidente da Gr\u00e9cia, Prokopis Pavlopoulos, visita pela primeira vez o Monte Athos | ECCLESIA NEWS","og_description":"Prokopis Pavlopoulos, Presidente da Rep\u00fablica Hel\u00eanica, visitou ontem, 12 de maio, o Monte Athos. Esta foi sua primeira visita \u00e0 Santa Montanha, desde a sua elei\u00e7\u00e3o para o posto presidencial. Durante seu discurso na igreja do\u00a0Protaton, o presidente disse que&#8230;","og_url":"https:\/\/news.ecclesia.org.br\/?p=20451","og_site_name":"ECCLESIA NEWS","article_publisher":"https:\/\/www.facebook.com\/Ecclesia2025","article_published_time":"2016-05-13T23:46:29+00:00","article_modified_time":"2023-09-16T10:04:30+00:00","og_image":[{"width":800,"height":480,"url":"https:\/\/news.ecclesia.org.br\/wp-content\/uploads\/2016\/05\/athos-2016.jpg","type":"image\/jpeg"}],"author":"Pe. Andr\u00e9","twitter_card":"summary_large_image","twitter_creator":"@EcclesiaNews","twitter_site":"@EcclesiaNews","twitter_misc":{"Escrito por":"Pe. Andr\u00e9","Est. tempo de leitura":"2 minutos"},"schema":{"@context":"https:\/\/schema.org","@graph":[{"@type":"Article","@id":"https:\/\/news.ecclesia.org.br\/?p=20451#article","isPartOf":{"@id":"https:\/\/news.ecclesia.org.br\/?p=20451"},"author":{"name":"Pe. Andr\u00e9","@id":"https:\/\/news.ecclesia.org.br\/#\/schema\/person\/6f09597f025829745ba414a569f63758"},"headline":"Presidente da Gr\u00e9cia, Prokopis Pavlopoulos, visita pela primeira vez o Monte Athos","datePublished":"2016-05-13T23:46:29+00:00","dateModified":"2023-09-16T10:04:30+00:00","mainEntityOfPage":{"@id":"https:\/\/news.ecclesia.org.br\/?p=20451"},"wordCount":418,"commentCount":0,"publisher":{"@id":"https:\/\/news.ecclesia.org.br\/#organization"},"image":{"@id":"https:\/\/news.ecclesia.org.br\/?p=20451#primaryimage"},"thumbnailUrl":"https:\/\/news.ecclesia.org.br\/wp-content\/uploads\/2016\/05\/athos-2016.jpg","articleSection":["Igreja da Gr\u00e9cia","NEWS"],"inLanguage":"pt-BR","potentialAction":[{"@type":"CommentAction","name":"Comment","target":["https:\/\/news.ecclesia.org.br\/?p=20451#respond"]}]},{"@type":"WebPage","@id":"https:\/\/news.ecclesia.org.br\/?p=20451","url":"https:\/\/news.ecclesia.org.br\/?p=20451","name":"Presidente da Gr\u00e9cia, Prokopis Pavlopoulos, visita pela primeira vez o Monte Athos | ECCLESIA NEWS","isPartOf":{"@id":"https:\/\/news.ecclesia.org.br\/#website"},"primaryImageOfPage":{"@id":"https:\/\/news.ecclesia.org.br\/?p=20451#primaryimage"},"image":{"@id":"https:\/\/news.ecclesia.org.br\/?p=20451#primaryimage"},"thumbnailUrl":"https:\/\/news.ecclesia.org.br\/wp-content\/uploads\/2016\/05\/athos-2016.jpg","datePublished":"2016-05-13T23:46:29+00:00","dateModified":"2023-09-16T10:04:30+00:00","breadcrumb":{"@id":"https:\/\/news.ecclesia.org.br\/?p=20451#breadcrumb"},"inLanguage":"pt-BR","potentialAction":[{"@type":"ReadAction","target":["https:\/\/news.ecclesia.org.br\/?p=20451"]}]},{"@type":"ImageObject","inLanguage":"pt-BR","@id":"https:\/\/news.ecclesia.org.br\/?p=20451#primaryimage","url":"https:\/\/news.ecclesia.org.br\/wp-content\/uploads\/2016\/05\/athos-2016.jpg","contentUrl":"https:\/\/news.ecclesia.org.br\/wp-content\/uploads\/2016\/05\/athos-2016.jpg","width":800,"height":480},{"@type":"BreadcrumbList","@id":"https:\/\/news.ecclesia.org.br\/?p=20451#breadcrumb","itemListElement":[{"@type":"ListItem","position":1,"name":"In\u00edcio","item":"https:\/\/news.ecclesia.org.br\/"},{"@type":"ListItem","position":2,"name":"Presidente da Gr\u00e9cia, Prokopis Pavlopoulos, visita pela primeira vez o Monte Athos"}]},{"@type":"WebSite","@id":"https:\/\/news.ecclesia.org.br\/#website","url":"https:\/\/news.ecclesia.org.br\/","name":"Ecclesia Brasil","description":"Desde 2003 onectando o Brasil ao mundo ortodoxo!","publisher":{"@id":"https:\/\/news.ecclesia.org.br\/#organization"},"alternateName":"Ecclesia","potentialAction":[{"@type":"SearchAction","target":{"@type":"EntryPoint","urlTemplate":"https:\/\/news.ecclesia.org.br\/?s={search_term_string}"},"query-input":{"@type":"PropertyValueSpecification","valueRequired":true,"valueName":"search_term_string"}}],"inLanguage":"pt-BR"},{"@type":"Organization","@id":"https:\/\/news.ecclesia.org.br\/#organization","name":"Sacra Arquidiocese de Buenos Aires e Am\u00e9rica do Sul | Patriarcado Ecum\u00eanico","alternateName":"News Ecclesia Brasil","url":"https:\/\/news.ecclesia.org.br\/","logo":{"@type":"ImageObject","inLanguage":"pt-BR","@id":"https:\/\/news.ecclesia.org.br\/#\/schema\/logo\/image\/","url":"https:\/\/news.ecclesia.org.br\/wp-content\/uploads\/2025\/05\/ecclesia2.png","contentUrl":"https:\/\/news.ecclesia.org.br\/wp-content\/uploads\/2025\/05\/ecclesia2.png","width":480,"height":120,"caption":"Sacra Arquidiocese de Buenos Aires e Am\u00e9rica do Sul | Patriarcado Ecum\u00eanico"},"image":{"@id":"https:\/\/news.ecclesia.org.br\/#\/schema\/logo\/image\/"},"sameAs":["https:\/\/www.facebook.com\/Ecclesia2025","https:\/\/x.com\/EcclesiaNews","https:\/\/br.pinterest.com\/ekklisia\/","https:\/\/www.youtube.com\/@EcclesiaBrasil"]},{"@type":"Person","@id":"https:\/\/news.ecclesia.org.br\/#\/schema\/person\/6f09597f025829745ba414a569f63758","name":"Pe. Andr\u00e9","image":{"@type":"ImageObject","inLanguage":"pt-BR","@id":"https:\/\/secure.gravatar.com\/avatar\/b4327cfa27e9799da239a26adcd534fc29cdc0c4a4a148eecbcfeb9b42c617ac?s=96&d=mm&r=g","url":"https:\/\/secure.gravatar.com\/avatar\/b4327cfa27e9799da239a26adcd534fc29cdc0c4a4a148eecbcfeb9b42c617ac?s=96&d=mm&r=g","contentUrl":"https:\/\/secure.gravatar.com\/avatar\/b4327cfa27e9799da239a26adcd534fc29cdc0c4a4a148eecbcfeb9b42c617ac?s=96&d=mm&r=g","caption":"Pe. Andr\u00e9"},"sameAs":["https:\/\/www.ecclesia.org.br"]}]}},"_links":{"self":[{"href":"https:\/\/news.ecclesia.org.br\/index.php?rest_route=\/wp\/v2\/posts\/20451","targetHints":{"allow":["GET"]}}],"collection":[{"href":"https:\/\/news.ecclesia.org.br\/index.php?rest_route=\/wp\/v2\/posts"}],"about":[{"href":"https:\/\/news.ecclesia.org.br\/index.php?rest_route=\/wp\/v2\/types\/post"}],"author":[{"embeddable":true,"href":"https:\/\/news.ecclesia.org.br\/index.php?rest_route=\/wp\/v2\/users\/1"}],"replies":[{"embeddable":true,"href":"https:\/\/news.ecclesia.org.br\/index.php?rest_route=%2Fwp%2Fv2%2Fcomments&post=20451"}],"version-history":[{"count":1,"href":"https:\/\/news.ecclesia.org.br\/index.php?rest_route=\/wp\/v2\/posts\/20451\/revisions"}],"predecessor-version":[{"id":46050,"href":"https:\/\/news.ecclesia.org.br\/index.php?rest_route=\/wp\/v2\/posts\/20451\/revisions\/46050"}],"wp:featuredmedia":[{"embeddable":true,"href":"https:\/\/news.ecclesia.org.br\/index.php?rest_route=\/wp\/v2\/media\/20452"}],"wp:attachment":[{"href":"https:\/\/news.ecclesia.org.br\/index.php?rest_route=%2Fwp%2Fv2%2Fmedia&parent=20451"}],"wp:term":[{"taxonomy":"category","embeddable":true,"href":"https:\/\/news.ecclesia.org.br\/index.php?rest_route=%2Fwp%2Fv2%2Fcategories&post=20451"},{"taxonomy":"post_tag","embeddable":true,"href":"https:\/\/news.ecclesia.org.br\/index.php?rest_route=%2Fwp%2Fv2%2Ftags&post=20451"}],"curies":[{"name":"wp","href":"https:\/\/api.w.org\/{rel}","templated":true}]}}