{"id":20431,"date":"2016-05-09T00:52:38","date_gmt":"2016-05-09T00:52:38","guid":{"rendered":"https:\/\/news.ecclesia.org.br\/2013\/?p=20431"},"modified":"2016-05-12T22:23:07","modified_gmt":"2016-05-12T22:23:07","slug":"s-santidade-bartolomeu-i-patriarca-ecumenico-celebra-em-efeso-nas-ruinas-da-basilica-dedicada-a-sao-joao-o-teologo","status":"publish","type":"post","link":"https:\/\/news.ecclesia.org.br\/?p=20431","title":{"rendered":"S. Santidade Bartolomeu I, Patriarca Ecum\u00eanico, celebra S\u00e3o Jo\u00e3o, o Te\u00f3logo, em \u00c9feso, nas ru\u00ednas de uma bas\u00edlica a ele dedicada"},"content":{"rendered":"<p style=\"text-align: center;\"><div id=\"galleria-20431\"><a href=\"https:\/\/news.ecclesia.org.br\/wp-content\/uploads\/2016\/05\/efeso2-2016.jpg\"><img decoding=\"async\" title=\"efeso2-2016\" alt=\"\" src=\"https:\/\/news.ecclesia.org.br\/wp-content\/uploads\/2016\/05\/efeso2-2016-110x55.jpg\" data-big=\"https:\/\/news.ecclesia.org.br\/wp-content\/uploads\/2016\/05\/efeso2-2016.jpg\"><\/a><a href=\"https:\/\/news.ecclesia.org.br\/wp-content\/uploads\/2016\/05\/efeso-2016.jpg\"><img decoding=\"async\" title=\"efeso-2016\" alt=\"\" src=\"https:\/\/news.ecclesia.org.br\/wp-content\/uploads\/2016\/05\/efeso-2016-83x55.jpg\" data-big=\"https:\/\/news.ecclesia.org.br\/wp-content\/uploads\/2016\/05\/efeso-2016.jpg\"><\/a><a href=\"https:\/\/news.ecclesia.org.br\/wp-content\/uploads\/2016\/05\/efeso2-2016-1.jpg\"><img decoding=\"async\" title=\"efeso2-2016\" alt=\"\" src=\"https:\/\/news.ecclesia.org.br\/wp-content\/uploads\/2016\/05\/efeso2-2016-1-110x55.jpg\" data-big=\"https:\/\/news.ecclesia.org.br\/wp-content\/uploads\/2016\/05\/efeso2-2016-1.jpg\"><\/a><a href=\"https:\/\/news.ecclesia.org.br\/wp-content\/uploads\/2016\/05\/efeso3-2016.jpg\"><img decoding=\"async\" title=\"efeso3-2016\" alt=\"\" src=\"https:\/\/news.ecclesia.org.br\/wp-content\/uploads\/2016\/05\/efeso3-2016-73x55.jpg\" data-big=\"https:\/\/news.ecclesia.org.br\/wp-content\/uploads\/2016\/05\/efeso3-2016.jpg\"><\/a><a href=\"https:\/\/news.ecclesia.org.br\/wp-content\/uploads\/2016\/05\/efeso4-2016.jpg\"><img decoding=\"async\" title=\"efeso4-2016\" alt=\"\" src=\"https:\/\/news.ecclesia.org.br\/wp-content\/uploads\/2016\/05\/efeso4-2016-73x55.jpg\" data-big=\"https:\/\/news.ecclesia.org.br\/wp-content\/uploads\/2016\/05\/efeso4-2016.jpg\"><\/a><a href=\"https:\/\/news.ecclesia.org.br\/wp-content\/uploads\/2016\/05\/efeso5-2016.jpg\"><img decoding=\"async\" title=\"efeso5-2016\" alt=\"\" src=\"https:\/\/news.ecclesia.org.br\/wp-content\/uploads\/2016\/05\/efeso5-2016-73x55.jpg\" data-big=\"https:\/\/news.ecclesia.org.br\/wp-content\/uploads\/2016\/05\/efeso5-2016.jpg\"><\/a><a href=\"https:\/\/news.ecclesia.org.br\/wp-content\/uploads\/2016\/05\/efeso6-2016.jpg\"><img decoding=\"async\" title=\"efeso6-2016\" alt=\"\" src=\"https:\/\/news.ecclesia.org.br\/wp-content\/uploads\/2016\/05\/efeso6-2016-73x55.jpg\" data-big=\"https:\/\/news.ecclesia.org.br\/wp-content\/uploads\/2016\/05\/efeso6-2016.jpg\"><\/a><a href=\"https:\/\/news.ecclesia.org.br\/wp-content\/uploads\/2016\/05\/efeso7-2016.jpg\"><img decoding=\"async\" title=\"efeso7-2016\" alt=\"\" src=\"https:\/\/news.ecclesia.org.br\/wp-content\/uploads\/2016\/05\/efeso7-2016-73x55.jpg\" data-big=\"https:\/\/news.ecclesia.org.br\/wp-content\/uploads\/2016\/05\/efeso7-2016.jpg\"><\/a><a href=\"https:\/\/news.ecclesia.org.br\/wp-content\/uploads\/2016\/05\/efeso8-2016.jpg\"><img decoding=\"async\" title=\"efeso8-2016\" alt=\"\" src=\"https:\/\/news.ecclesia.org.br\/wp-content\/uploads\/2016\/05\/efeso8-2016-73x55.jpg\" data-big=\"https:\/\/news.ecclesia.org.br\/wp-content\/uploads\/2016\/05\/efeso8-2016.jpg\"><\/a><a href=\"https:\/\/news.ecclesia.org.br\/wp-content\/uploads\/2016\/05\/efeso9-2016.jpg\"><img decoding=\"async\" title=\"efeso9-2016\" alt=\"\" src=\"https:\/\/news.ecclesia.org.br\/wp-content\/uploads\/2016\/05\/efeso9-2016-73x55.jpg\" data-big=\"https:\/\/news.ecclesia.org.br\/wp-content\/uploads\/2016\/05\/efeso9-2016.jpg\"><\/a><a href=\"https:\/\/news.ecclesia.org.br\/wp-content\/uploads\/2016\/05\/efeso10-2016.jpg\"><img decoding=\"async\" title=\"efeso10-2016\" alt=\"\" src=\"https:\/\/news.ecclesia.org.br\/wp-content\/uploads\/2016\/05\/efeso10-2016-73x55.jpg\" data-big=\"https:\/\/news.ecclesia.org.br\/wp-content\/uploads\/2016\/05\/efeso10-2016.jpg\"><\/a><\/div><\/p>\n<p style=\"text-align: justify;\">O Patriarca Ecum\u00eanico Bartolomeu I celebrou neste domingo, 08 de maio, a Divina Liturgia por ocasi\u00e3o da festa de <strong>S\u00e3o Jo\u00e3o, o Te\u00f3logo<\/strong>, nas ru\u00ednas da bas\u00edlica dedicada a este\u00a0santo,\u00a0em \u00c9feso. Visitando a regi\u00e3o de <em>Ionia<\/em>, constava da agenda patriarcal a inaugura\u00e7\u00e3o da Igreja de S\u00e3o Jo\u00e3o,\u00a0recentemente restaurada, em <em>Sirince<\/em> pr\u00f3ximo\u00a0de <em>Izmir<\/em>, bem como presidir o servi\u00e7o lit\u00fargico de\u00a0V\u00e9speras na antiga Bas\u00edlica onde aconteceu o <em>Terceiro Conc\u00edlio Ecum\u00eanico de\u00a0\u00c9feso, em 431<\/em>, e, finalmente, celebrar uma Liturgia nesta segunda-feira, 09 de maio, na Igreja dos Santos\u00a0Constantino e Helena,\u00a0em <em>Menemen<\/em>, ainda na regi\u00e3o de <em>Izmir<\/em> (Cf.\u00a0<a href=\"http:\/\/fanarion.blogspot.com.br\/2016\/05\/7-9-2016.html\" target=\"_blank\">programa, em grego<\/a>).<\/p>\n<p style=\"text-align: right;\">Fonte (incluindo fotografia:\u00a0<a href=\"http:\/\/fanarion.blogspot.com\/\" target=\"_blank\">\u03a6\u03c9\u03c2 \u03a6\u03b1\u03bd\u03b1\u03c1\u03af\u03bf\u03c5<\/a><\/p>\n","protected":false},"excerpt":{"rendered":"<p>O Patriarca Ecum\u00eanico Bartolomeu I celebrou neste domingo, 08 de maio, a Divina Liturgia por ocasi\u00e3o da festa de S\u00e3o Jo\u00e3o, o Te\u00f3logo, nas ru\u00ednas da bas\u00edlica dedicada a este\u00a0santo,\u00a0em \u00c9feso. Visitando a regi\u00e3o de Ionia, constava da agenda patriarcal&#8230;<\/p>\n","protected":false},"author":1,"featured_media":20433,"comment_status":"open","ping_status":"open","sticky":false,"template":"","format":"standard","meta":{"_acf_changed":false,"footnotes":""},"categories":[72],"tags":[],"class_list":["post-20431","post","type-post","status-publish","format-standard","has-post-thumbnail","hentry","category-patriarcado-ecumenico","entry","rows-excerpt"],"acf":[],"yoast_head":"<!-- This site is optimized with the Yoast SEO plugin v27.4 - https:\/\/yoast.com\/product\/yoast-seo-wordpress\/ -->\n<title>S. Santidade Bartolomeu I, Patriarca Ecum\u00eanico, celebra S\u00e3o Jo\u00e3o, o Te\u00f3logo, em \u00c9feso, nas ru\u00ednas de uma bas\u00edlica a ele dedicada | ECCLESIA NEWS<\/title>\n<meta name=\"robots\" content=\"index, follow, max-snippet:-1, max-image-preview:large, max-video-preview:-1\" \/>\n<link rel=\"canonical\" href=\"https:\/\/news.ecclesia.org.br\/?p=20431\" \/>\n<meta property=\"og:locale\" content=\"pt_BR\" \/>\n<meta property=\"og:type\" content=\"article\" \/>\n<meta property=\"og:title\" content=\"S. Santidade Bartolomeu I, Patriarca Ecum\u00eanico, celebra S\u00e3o Jo\u00e3o, o Te\u00f3logo, em \u00c9feso, nas ru\u00ednas de uma bas\u00edlica a ele dedicada | ECCLESIA NEWS\" \/>\n<meta property=\"og:description\" content=\"O Patriarca Ecum\u00eanico Bartolomeu I celebrou neste domingo, 08 de maio, a Divina Liturgia por ocasi\u00e3o da festa de S\u00e3o Jo\u00e3o, o Te\u00f3logo, nas ru\u00ednas da bas\u00edlica dedicada a este\u00a0santo,\u00a0em \u00c9feso. Visitando a regi\u00e3o de Ionia, constava da agenda patriarcal&#8230;\" \/>\n<meta property=\"og:url\" content=\"https:\/\/news.ecclesia.org.br\/?p=20431\" \/>\n<meta property=\"og:site_name\" content=\"ECCLESIA NEWS\" \/>\n<meta property=\"article:publisher\" content=\"https:\/\/www.facebook.com\/Ecclesia2025\" \/>\n<meta property=\"article:published_time\" content=\"2016-05-09T00:52:38+00:00\" \/>\n<meta property=\"article:modified_time\" content=\"2016-05-12T22:23:07+00:00\" \/>\n<meta property=\"og:image\" content=\"https:\/\/news.ecclesia.org.br\/wp-content\/uploads\/2016\/05\/efeso-2016.jpg\" \/>\n\t<meta property=\"og:image:width\" content=\"600\" \/>\n\t<meta property=\"og:image:height\" content=\"400\" \/>\n\t<meta property=\"og:image:type\" content=\"image\/jpeg\" \/>\n<meta name=\"author\" content=\"Pe. Andr\u00e9\" \/>\n<meta name=\"twitter:card\" content=\"summary_large_image\" \/>\n<meta name=\"twitter:creator\" content=\"@EcclesiaNews\" \/>\n<meta name=\"twitter:site\" content=\"@EcclesiaNews\" \/>\n<meta name=\"twitter:label1\" content=\"Escrito por\" \/>\n\t<meta name=\"twitter:data1\" content=\"Pe. Andr\u00e9\" \/>\n\t<meta name=\"twitter:label2\" content=\"Est. tempo de leitura\" \/>\n\t<meta name=\"twitter:data2\" content=\"1 minuto\" \/>\n<script type=\"application\/ld+json\" class=\"yoast-schema-graph\">{\"@context\":\"https:\\\/\\\/schema.org\",\"@graph\":[{\"@type\":\"Article\",\"@id\":\"https:\\\/\\\/news.ecclesia.org.br\\\/?p=20431#article\",\"isPartOf\":{\"@id\":\"https:\\\/\\\/news.ecclesia.org.br\\\/?p=20431\"},\"author\":{\"name\":\"Pe. Andr\u00e9\",\"@id\":\"https:\\\/\\\/news.ecclesia.org.br\\\/#\\\/schema\\\/person\\\/6f09597f025829745ba414a569f63758\"},\"headline\":\"S. Santidade Bartolomeu I, Patriarca Ecum\u00eanico, celebra S\u00e3o Jo\u00e3o, o Te\u00f3logo, em \u00c9feso, nas ru\u00ednas de uma bas\u00edlica a ele dedicada\",\"datePublished\":\"2016-05-09T00:52:38+00:00\",\"dateModified\":\"2016-05-12T22:23:07+00:00\",\"mainEntityOfPage\":{\"@id\":\"https:\\\/\\\/news.ecclesia.org.br\\\/?p=20431\"},\"wordCount\":154,\"commentCount\":0,\"publisher\":{\"@id\":\"https:\\\/\\\/news.ecclesia.org.br\\\/#organization\"},\"image\":{\"@id\":\"https:\\\/\\\/news.ecclesia.org.br\\\/?p=20431#primaryimage\"},\"thumbnailUrl\":\"https:\\\/\\\/news.ecclesia.org.br\\\/wp-content\\\/uploads\\\/2016\\\/05\\\/efeso-2016.jpg\",\"articleSection\":[\"Patriarcado Ecum\u00eanico\"],\"inLanguage\":\"pt-BR\",\"potentialAction\":[{\"@type\":\"CommentAction\",\"name\":\"Comment\",\"target\":[\"https:\\\/\\\/news.ecclesia.org.br\\\/?p=20431#respond\"]}]},{\"@type\":\"WebPage\",\"@id\":\"https:\\\/\\\/news.ecclesia.org.br\\\/?p=20431\",\"url\":\"https:\\\/\\\/news.ecclesia.org.br\\\/?p=20431\",\"name\":\"S. Santidade Bartolomeu I, Patriarca Ecum\u00eanico, celebra S\u00e3o Jo\u00e3o, o Te\u00f3logo, em \u00c9feso, nas ru\u00ednas de uma bas\u00edlica a ele dedicada | ECCLESIA NEWS\",\"isPartOf\":{\"@id\":\"https:\\\/\\\/news.ecclesia.org.br\\\/#website\"},\"primaryImageOfPage\":{\"@id\":\"https:\\\/\\\/news.ecclesia.org.br\\\/?p=20431#primaryimage\"},\"image\":{\"@id\":\"https:\\\/\\\/news.ecclesia.org.br\\\/?p=20431#primaryimage\"},\"thumbnailUrl\":\"https:\\\/\\\/news.ecclesia.org.br\\\/wp-content\\\/uploads\\\/2016\\\/05\\\/efeso-2016.jpg\",\"datePublished\":\"2016-05-09T00:52:38+00:00\",\"dateModified\":\"2016-05-12T22:23:07+00:00\",\"breadcrumb\":{\"@id\":\"https:\\\/\\\/news.ecclesia.org.br\\\/?p=20431#breadcrumb\"},\"inLanguage\":\"pt-BR\",\"potentialAction\":[{\"@type\":\"ReadAction\",\"target\":[\"https:\\\/\\\/news.ecclesia.org.br\\\/?p=20431\"]}]},{\"@type\":\"ImageObject\",\"inLanguage\":\"pt-BR\",\"@id\":\"https:\\\/\\\/news.ecclesia.org.br\\\/?p=20431#primaryimage\",\"url\":\"https:\\\/\\\/news.ecclesia.org.br\\\/wp-content\\\/uploads\\\/2016\\\/05\\\/efeso-2016.jpg\",\"contentUrl\":\"https:\\\/\\\/news.ecclesia.org.br\\\/wp-content\\\/uploads\\\/2016\\\/05\\\/efeso-2016.jpg\",\"width\":600,\"height\":400},{\"@type\":\"BreadcrumbList\",\"@id\":\"https:\\\/\\\/news.ecclesia.org.br\\\/?p=20431#breadcrumb\",\"itemListElement\":[{\"@type\":\"ListItem\",\"position\":1,\"name\":\"In\u00edcio\",\"item\":\"https:\\\/\\\/news.ecclesia.org.br\\\/\"},{\"@type\":\"ListItem\",\"position\":2,\"name\":\"S. Santidade Bartolomeu I, Patriarca Ecum\u00eanico, celebra S\u00e3o Jo\u00e3o, o Te\u00f3logo, em \u00c9feso, nas ru\u00ednas de uma bas\u00edlica a ele dedicada\"}]},{\"@type\":\"WebSite\",\"@id\":\"https:\\\/\\\/news.ecclesia.org.br\\\/#website\",\"url\":\"https:\\\/\\\/news.ecclesia.org.br\\\/\",\"name\":\"Ecclesia Brasil\",\"description\":\"Desde 2003 onectando o Brasil ao mundo ortodoxo!\",\"publisher\":{\"@id\":\"https:\\\/\\\/news.ecclesia.org.br\\\/#organization\"},\"alternateName\":\"Ecclesia\",\"potentialAction\":[{\"@type\":\"SearchAction\",\"target\":{\"@type\":\"EntryPoint\",\"urlTemplate\":\"https:\\\/\\\/news.ecclesia.org.br\\\/?s={search_term_string}\"},\"query-input\":{\"@type\":\"PropertyValueSpecification\",\"valueRequired\":true,\"valueName\":\"search_term_string\"}}],\"inLanguage\":\"pt-BR\"},{\"@type\":\"Organization\",\"@id\":\"https:\\\/\\\/news.ecclesia.org.br\\\/#organization\",\"name\":\"Sacra Arquidiocese de Buenos Aires e Am\u00e9rica do Sul | Patriarcado Ecum\u00eanico\",\"alternateName\":\"News Ecclesia Brasil\",\"url\":\"https:\\\/\\\/news.ecclesia.org.br\\\/\",\"logo\":{\"@type\":\"ImageObject\",\"inLanguage\":\"pt-BR\",\"@id\":\"https:\\\/\\\/news.ecclesia.org.br\\\/#\\\/schema\\\/logo\\\/image\\\/\",\"url\":\"https:\\\/\\\/news.ecclesia.org.br\\\/wp-content\\\/uploads\\\/2025\\\/05\\\/ecclesia2.png\",\"contentUrl\":\"https:\\\/\\\/news.ecclesia.org.br\\\/wp-content\\\/uploads\\\/2025\\\/05\\\/ecclesia2.png\",\"width\":480,\"height\":120,\"caption\":\"Sacra Arquidiocese de Buenos Aires e Am\u00e9rica do Sul | Patriarcado Ecum\u00eanico\"},\"image\":{\"@id\":\"https:\\\/\\\/news.ecclesia.org.br\\\/#\\\/schema\\\/logo\\\/image\\\/\"},\"sameAs\":[\"https:\\\/\\\/www.facebook.com\\\/Ecclesia2025\",\"https:\\\/\\\/x.com\\\/EcclesiaNews\",\"https:\\\/\\\/br.pinterest.com\\\/ekklisia\\\/\",\"https:\\\/\\\/www.youtube.com\\\/@EcclesiaBrasil\"]},{\"@type\":\"Person\",\"@id\":\"https:\\\/\\\/news.ecclesia.org.br\\\/#\\\/schema\\\/person\\\/6f09597f025829745ba414a569f63758\",\"name\":\"Pe. Andr\u00e9\",\"image\":{\"@type\":\"ImageObject\",\"inLanguage\":\"pt-BR\",\"@id\":\"https:\\\/\\\/secure.gravatar.com\\\/avatar\\\/b4327cfa27e9799da239a26adcd534fc29cdc0c4a4a148eecbcfeb9b42c617ac?s=96&d=mm&r=g\",\"url\":\"https:\\\/\\\/secure.gravatar.com\\\/avatar\\\/b4327cfa27e9799da239a26adcd534fc29cdc0c4a4a148eecbcfeb9b42c617ac?s=96&d=mm&r=g\",\"contentUrl\":\"https:\\\/\\\/secure.gravatar.com\\\/avatar\\\/b4327cfa27e9799da239a26adcd534fc29cdc0c4a4a148eecbcfeb9b42c617ac?s=96&d=mm&r=g\",\"caption\":\"Pe. Andr\u00e9\"},\"sameAs\":[\"https:\\\/\\\/www.ecclesia.org.br\"]}]}<\/script>\n<!-- \/ Yoast SEO plugin. -->","yoast_head_json":{"title":"S. Santidade Bartolomeu I, Patriarca Ecum\u00eanico, celebra S\u00e3o Jo\u00e3o, o Te\u00f3logo, em \u00c9feso, nas ru\u00ednas de uma bas\u00edlica a ele dedicada | ECCLESIA NEWS","robots":{"index":"index","follow":"follow","max-snippet":"max-snippet:-1","max-image-preview":"max-image-preview:large","max-video-preview":"max-video-preview:-1"},"canonical":"https:\/\/news.ecclesia.org.br\/?p=20431","og_locale":"pt_BR","og_type":"article","og_title":"S. Santidade Bartolomeu I, Patriarca Ecum\u00eanico, celebra S\u00e3o Jo\u00e3o, o Te\u00f3logo, em \u00c9feso, nas ru\u00ednas de uma bas\u00edlica a ele dedicada | ECCLESIA NEWS","og_description":"O Patriarca Ecum\u00eanico Bartolomeu I celebrou neste domingo, 08 de maio, a Divina Liturgia por ocasi\u00e3o da festa de S\u00e3o Jo\u00e3o, o Te\u00f3logo, nas ru\u00ednas da bas\u00edlica dedicada a este\u00a0santo,\u00a0em \u00c9feso. Visitando a regi\u00e3o de Ionia, constava da agenda patriarcal&#8230;","og_url":"https:\/\/news.ecclesia.org.br\/?p=20431","og_site_name":"ECCLESIA NEWS","article_publisher":"https:\/\/www.facebook.com\/Ecclesia2025","article_published_time":"2016-05-09T00:52:38+00:00","article_modified_time":"2016-05-12T22:23:07+00:00","og_image":[{"width":600,"height":400,"url":"https:\/\/news.ecclesia.org.br\/wp-content\/uploads\/2016\/05\/efeso-2016.jpg","type":"image\/jpeg"}],"author":"Pe. Andr\u00e9","twitter_card":"summary_large_image","twitter_creator":"@EcclesiaNews","twitter_site":"@EcclesiaNews","twitter_misc":{"Escrito por":"Pe. Andr\u00e9","Est. tempo de leitura":"1 minuto"},"schema":{"@context":"https:\/\/schema.org","@graph":[{"@type":"Article","@id":"https:\/\/news.ecclesia.org.br\/?p=20431#article","isPartOf":{"@id":"https:\/\/news.ecclesia.org.br\/?p=20431"},"author":{"name":"Pe. Andr\u00e9","@id":"https:\/\/news.ecclesia.org.br\/#\/schema\/person\/6f09597f025829745ba414a569f63758"},"headline":"S. Santidade Bartolomeu I, Patriarca Ecum\u00eanico, celebra S\u00e3o Jo\u00e3o, o Te\u00f3logo, em \u00c9feso, nas ru\u00ednas de uma bas\u00edlica a ele dedicada","datePublished":"2016-05-09T00:52:38+00:00","dateModified":"2016-05-12T22:23:07+00:00","mainEntityOfPage":{"@id":"https:\/\/news.ecclesia.org.br\/?p=20431"},"wordCount":154,"commentCount":0,"publisher":{"@id":"https:\/\/news.ecclesia.org.br\/#organization"},"image":{"@id":"https:\/\/news.ecclesia.org.br\/?p=20431#primaryimage"},"thumbnailUrl":"https:\/\/news.ecclesia.org.br\/wp-content\/uploads\/2016\/05\/efeso-2016.jpg","articleSection":["Patriarcado Ecum\u00eanico"],"inLanguage":"pt-BR","potentialAction":[{"@type":"CommentAction","name":"Comment","target":["https:\/\/news.ecclesia.org.br\/?p=20431#respond"]}]},{"@type":"WebPage","@id":"https:\/\/news.ecclesia.org.br\/?p=20431","url":"https:\/\/news.ecclesia.org.br\/?p=20431","name":"S. Santidade Bartolomeu I, Patriarca Ecum\u00eanico, celebra S\u00e3o Jo\u00e3o, o Te\u00f3logo, em \u00c9feso, nas ru\u00ednas de uma bas\u00edlica a ele dedicada | ECCLESIA NEWS","isPartOf":{"@id":"https:\/\/news.ecclesia.org.br\/#website"},"primaryImageOfPage":{"@id":"https:\/\/news.ecclesia.org.br\/?p=20431#primaryimage"},"image":{"@id":"https:\/\/news.ecclesia.org.br\/?p=20431#primaryimage"},"thumbnailUrl":"https:\/\/news.ecclesia.org.br\/wp-content\/uploads\/2016\/05\/efeso-2016.jpg","datePublished":"2016-05-09T00:52:38+00:00","dateModified":"2016-05-12T22:23:07+00:00","breadcrumb":{"@id":"https:\/\/news.ecclesia.org.br\/?p=20431#breadcrumb"},"inLanguage":"pt-BR","potentialAction":[{"@type":"ReadAction","target":["https:\/\/news.ecclesia.org.br\/?p=20431"]}]},{"@type":"ImageObject","inLanguage":"pt-BR","@id":"https:\/\/news.ecclesia.org.br\/?p=20431#primaryimage","url":"https:\/\/news.ecclesia.org.br\/wp-content\/uploads\/2016\/05\/efeso-2016.jpg","contentUrl":"https:\/\/news.ecclesia.org.br\/wp-content\/uploads\/2016\/05\/efeso-2016.jpg","width":600,"height":400},{"@type":"BreadcrumbList","@id":"https:\/\/news.ecclesia.org.br\/?p=20431#breadcrumb","itemListElement":[{"@type":"ListItem","position":1,"name":"In\u00edcio","item":"https:\/\/news.ecclesia.org.br\/"},{"@type":"ListItem","position":2,"name":"S. Santidade Bartolomeu I, Patriarca Ecum\u00eanico, celebra S\u00e3o Jo\u00e3o, o Te\u00f3logo, em \u00c9feso, nas ru\u00ednas de uma bas\u00edlica a ele dedicada"}]},{"@type":"WebSite","@id":"https:\/\/news.ecclesia.org.br\/#website","url":"https:\/\/news.ecclesia.org.br\/","name":"Ecclesia Brasil","description":"Desde 2003 onectando o Brasil ao mundo ortodoxo!","publisher":{"@id":"https:\/\/news.ecclesia.org.br\/#organization"},"alternateName":"Ecclesia","potentialAction":[{"@type":"SearchAction","target":{"@type":"EntryPoint","urlTemplate":"https:\/\/news.ecclesia.org.br\/?s={search_term_string}"},"query-input":{"@type":"PropertyValueSpecification","valueRequired":true,"valueName":"search_term_string"}}],"inLanguage":"pt-BR"},{"@type":"Organization","@id":"https:\/\/news.ecclesia.org.br\/#organization","name":"Sacra Arquidiocese de Buenos Aires e Am\u00e9rica do Sul | Patriarcado Ecum\u00eanico","alternateName":"News Ecclesia Brasil","url":"https:\/\/news.ecclesia.org.br\/","logo":{"@type":"ImageObject","inLanguage":"pt-BR","@id":"https:\/\/news.ecclesia.org.br\/#\/schema\/logo\/image\/","url":"https:\/\/news.ecclesia.org.br\/wp-content\/uploads\/2025\/05\/ecclesia2.png","contentUrl":"https:\/\/news.ecclesia.org.br\/wp-content\/uploads\/2025\/05\/ecclesia2.png","width":480,"height":120,"caption":"Sacra Arquidiocese de Buenos Aires e Am\u00e9rica do Sul | Patriarcado Ecum\u00eanico"},"image":{"@id":"https:\/\/news.ecclesia.org.br\/#\/schema\/logo\/image\/"},"sameAs":["https:\/\/www.facebook.com\/Ecclesia2025","https:\/\/x.com\/EcclesiaNews","https:\/\/br.pinterest.com\/ekklisia\/","https:\/\/www.youtube.com\/@EcclesiaBrasil"]},{"@type":"Person","@id":"https:\/\/news.ecclesia.org.br\/#\/schema\/person\/6f09597f025829745ba414a569f63758","name":"Pe. Andr\u00e9","image":{"@type":"ImageObject","inLanguage":"pt-BR","@id":"https:\/\/secure.gravatar.com\/avatar\/b4327cfa27e9799da239a26adcd534fc29cdc0c4a4a148eecbcfeb9b42c617ac?s=96&d=mm&r=g","url":"https:\/\/secure.gravatar.com\/avatar\/b4327cfa27e9799da239a26adcd534fc29cdc0c4a4a148eecbcfeb9b42c617ac?s=96&d=mm&r=g","contentUrl":"https:\/\/secure.gravatar.com\/avatar\/b4327cfa27e9799da239a26adcd534fc29cdc0c4a4a148eecbcfeb9b42c617ac?s=96&d=mm&r=g","caption":"Pe. Andr\u00e9"},"sameAs":["https:\/\/www.ecclesia.org.br"]}]}},"_links":{"self":[{"href":"https:\/\/news.ecclesia.org.br\/index.php?rest_route=\/wp\/v2\/posts\/20431","targetHints":{"allow":["GET"]}}],"collection":[{"href":"https:\/\/news.ecclesia.org.br\/index.php?rest_route=\/wp\/v2\/posts"}],"about":[{"href":"https:\/\/news.ecclesia.org.br\/index.php?rest_route=\/wp\/v2\/types\/post"}],"author":[{"embeddable":true,"href":"https:\/\/news.ecclesia.org.br\/index.php?rest_route=\/wp\/v2\/users\/1"}],"replies":[{"embeddable":true,"href":"https:\/\/news.ecclesia.org.br\/index.php?rest_route=%2Fwp%2Fv2%2Fcomments&post=20431"}],"version-history":[{"count":0,"href":"https:\/\/news.ecclesia.org.br\/index.php?rest_route=\/wp\/v2\/posts\/20431\/revisions"}],"wp:featuredmedia":[{"embeddable":true,"href":"https:\/\/news.ecclesia.org.br\/index.php?rest_route=\/wp\/v2\/media\/20433"}],"wp:attachment":[{"href":"https:\/\/news.ecclesia.org.br\/index.php?rest_route=%2Fwp%2Fv2%2Fmedia&parent=20431"}],"wp:term":[{"taxonomy":"category","embeddable":true,"href":"https:\/\/news.ecclesia.org.br\/index.php?rest_route=%2Fwp%2Fv2%2Fcategories&post=20431"},{"taxonomy":"post_tag","embeddable":true,"href":"https:\/\/news.ecclesia.org.br\/index.php?rest_route=%2Fwp%2Fv2%2Ftags&post=20431"}],"curies":[{"name":"wp","href":"https:\/\/api.w.org\/{rel}","templated":true}]}}