{"id":20402,"date":"2016-05-06T14:06:32","date_gmt":"2016-05-06T14:06:32","guid":{"rendered":"https:\/\/news.ecclesia.org.br\/2013\/?p=20402"},"modified":"2016-05-06T18:57:51","modified_gmt":"2016-05-06T18:57:51","slug":"servicos-liturgicos-da-semana-santa-e-da-pascoa-sao-realizados-no-centro-ortodoxo-do-patriarcado-ecumenico-em-chambesy-genebra","status":"publish","type":"post","link":"https:\/\/news.ecclesia.org.br\/?p=20402","title":{"rendered":"Servi\u00e7os Lit\u00fargicos da Semana Santa e da P\u00e1scoa s\u00e3o realizados no Centro Ortodoxo do Patriarcado Ecum\u00eanico em Chamb\u00e9sy (Genebra)"},"content":{"rendered":"<p style=\"text-align: center;\"><div id=\"galleria-20402\"><a href=\"https:\/\/news.ecclesia.org.br\/wp-content\/uploads\/2016\/05\/pascoa-chambezi-2016-001.jpg\"><img decoding=\"async\" title=\"pascoa-chambezi-2016-001\" alt=\"\" src=\"https:\/\/news.ecclesia.org.br\/wp-content\/uploads\/2016\/05\/pascoa-chambezi-2016-001-73x55.jpg\" data-big=\"https:\/\/news.ecclesia.org.br\/wp-content\/uploads\/2016\/05\/pascoa-chambezi-2016-001.jpg\"><\/a><a href=\"https:\/\/news.ecclesia.org.br\/wp-content\/uploads\/2016\/05\/pascoa-chambezi-2016-002.jpg\"><img decoding=\"async\" title=\"pascoa-chambezi-2016-002\" alt=\"\" src=\"https:\/\/news.ecclesia.org.br\/wp-content\/uploads\/2016\/05\/pascoa-chambezi-2016-002-73x55.jpg\" data-big=\"https:\/\/news.ecclesia.org.br\/wp-content\/uploads\/2016\/05\/pascoa-chambezi-2016-002.jpg\"><\/a><a href=\"https:\/\/news.ecclesia.org.br\/wp-content\/uploads\/2016\/05\/pascoa-chambezi-2016-003.jpg\"><img decoding=\"async\" title=\"pascoa-chambezi-2016-003\" alt=\"\" src=\"https:\/\/news.ecclesia.org.br\/wp-content\/uploads\/2016\/05\/pascoa-chambezi-2016-003-41x55.jpg\" data-big=\"https:\/\/news.ecclesia.org.br\/wp-content\/uploads\/2016\/05\/pascoa-chambezi-2016-003.jpg\"><\/a><a href=\"https:\/\/news.ecclesia.org.br\/wp-content\/uploads\/2016\/05\/pascoa-chambezi-2016-004.jpg\"><img decoding=\"async\" title=\"pascoa-chambezi-2016-004\" alt=\"\" src=\"https:\/\/news.ecclesia.org.br\/wp-content\/uploads\/2016\/05\/pascoa-chambezi-2016-004-73x55.jpg\" data-big=\"https:\/\/news.ecclesia.org.br\/wp-content\/uploads\/2016\/05\/pascoa-chambezi-2016-004.jpg\"><\/a><a href=\"https:\/\/news.ecclesia.org.br\/wp-content\/uploads\/2016\/05\/pascoa-chambezi-2016-005.jpg\"><img decoding=\"async\" title=\"pascoa-chambezi-2016-005\" alt=\"\" src=\"https:\/\/news.ecclesia.org.br\/wp-content\/uploads\/2016\/05\/pascoa-chambezi-2016-005-73x55.jpg\" data-big=\"https:\/\/news.ecclesia.org.br\/wp-content\/uploads\/2016\/05\/pascoa-chambezi-2016-005.jpg\"><\/a><a href=\"https:\/\/news.ecclesia.org.br\/wp-content\/uploads\/2016\/05\/pascoa-chambezi-2016-006.jpg\"><img decoding=\"async\" title=\"pascoa-chambezi-2016-006\" alt=\"\" src=\"https:\/\/news.ecclesia.org.br\/wp-content\/uploads\/2016\/05\/pascoa-chambezi-2016-006-73x55.jpg\" data-big=\"https:\/\/news.ecclesia.org.br\/wp-content\/uploads\/2016\/05\/pascoa-chambezi-2016-006.jpg\"><\/a><a href=\"https:\/\/news.ecclesia.org.br\/wp-content\/uploads\/2016\/05\/pascoa-chambezi-2016-007.jpg\"><img decoding=\"async\" title=\"pascoa-chambezi-2016-007\" alt=\"\" src=\"https:\/\/news.ecclesia.org.br\/wp-content\/uploads\/2016\/05\/pascoa-chambezi-2016-007-73x55.jpg\" data-big=\"https:\/\/news.ecclesia.org.br\/wp-content\/uploads\/2016\/05\/pascoa-chambezi-2016-007.jpg\"><\/a><a href=\"https:\/\/news.ecclesia.org.br\/wp-content\/uploads\/2016\/05\/pascoa-chambezi-2016-008.jpg\"><img decoding=\"async\" title=\"pascoa-chambezi-2016-008\" alt=\"\" src=\"https:\/\/news.ecclesia.org.br\/wp-content\/uploads\/2016\/05\/pascoa-chambezi-2016-008-73x55.jpg\" data-big=\"https:\/\/news.ecclesia.org.br\/wp-content\/uploads\/2016\/05\/pascoa-chambezi-2016-008.jpg\"><\/a><a href=\"https:\/\/news.ecclesia.org.br\/wp-content\/uploads\/2016\/05\/pascoa-chambezi-2016-009.jpg\"><img decoding=\"async\" title=\"pascoa-chambezi-2016-009\" alt=\"\" src=\"https:\/\/news.ecclesia.org.br\/wp-content\/uploads\/2016\/05\/pascoa-chambezi-2016-009-73x55.jpg\" data-big=\"https:\/\/news.ecclesia.org.br\/wp-content\/uploads\/2016\/05\/pascoa-chambezi-2016-009.jpg\"><\/a><a href=\"https:\/\/news.ecclesia.org.br\/wp-content\/uploads\/2016\/05\/pascoa-chambezi-2016-010.jpg\"><img decoding=\"async\" title=\"pascoa-chambezi-2016-010\" alt=\"\" src=\"https:\/\/news.ecclesia.org.br\/wp-content\/uploads\/2016\/05\/pascoa-chambezi-2016-010-73x55.jpg\" data-big=\"https:\/\/news.ecclesia.org.br\/wp-content\/uploads\/2016\/05\/pascoa-chambezi-2016-010.jpg\"><\/a><a href=\"https:\/\/news.ecclesia.org.br\/wp-content\/uploads\/2016\/05\/pascoa-chambezi-2016-011-768x1024.jpg\"><img decoding=\"async\" title=\"pascoa-chambezi-2016-011\" alt=\"\" src=\"https:\/\/news.ecclesia.org.br\/wp-content\/uploads\/2016\/05\/pascoa-chambezi-2016-011-41x55.jpg\" data-big=\"https:\/\/news.ecclesia.org.br\/wp-content\/uploads\/2016\/05\/pascoa-chambezi-2016-011-768x1024.jpg\"><\/a><a href=\"https:\/\/news.ecclesia.org.br\/wp-content\/uploads\/2016\/05\/pascoa-chambezi-2016-012-768x1024.jpg\"><img decoding=\"async\" title=\"pascoa-chambezi-2016-012\" alt=\"\" src=\"https:\/\/news.ecclesia.org.br\/wp-content\/uploads\/2016\/05\/pascoa-chambezi-2016-012-41x55.jpg\" data-big=\"https:\/\/news.ecclesia.org.br\/wp-content\/uploads\/2016\/05\/pascoa-chambezi-2016-012-768x1024.jpg\"><\/a><a href=\"https:\/\/news.ecclesia.org.br\/wp-content\/uploads\/2016\/05\/pascoa-chambezi-2016-013.jpg\"><img decoding=\"async\" title=\"pascoa-chambezi-2016-013\" alt=\"\" src=\"https:\/\/news.ecclesia.org.br\/wp-content\/uploads\/2016\/05\/pascoa-chambezi-2016-013-73x55.jpg\" data-big=\"https:\/\/news.ecclesia.org.br\/wp-content\/uploads\/2016\/05\/pascoa-chambezi-2016-013.jpg\"><\/a><a href=\"https:\/\/news.ecclesia.org.br\/wp-content\/uploads\/2016\/05\/pascoa-chambezi-2016-014.jpg\"><img decoding=\"async\" title=\"pascoa-chambezi-2016-014\" alt=\"\" src=\"https:\/\/news.ecclesia.org.br\/wp-content\/uploads\/2016\/05\/pascoa-chambezi-2016-014-73x55.jpg\" data-big=\"https:\/\/news.ecclesia.org.br\/wp-content\/uploads\/2016\/05\/pascoa-chambezi-2016-014.jpg\"><\/a><a href=\"https:\/\/news.ecclesia.org.br\/wp-content\/uploads\/2016\/05\/pascoa-chambezi-2016-015.jpg\"><img decoding=\"async\" title=\"pascoa-chambezi-2016-015\" alt=\"\" src=\"https:\/\/news.ecclesia.org.br\/wp-content\/uploads\/2016\/05\/pascoa-chambezi-2016-015-73x55.jpg\" data-big=\"https:\/\/news.ecclesia.org.br\/wp-content\/uploads\/2016\/05\/pascoa-chambezi-2016-015.jpg\"><\/a><\/div><\/p>\n<p style=\"text-align: justify;\">Os Servi\u00e7os Lit\u00fargicos da Semana Santa e P\u00e1scoa neste ano de 2016 tiveram lugar no Centro Ortodoxo de Chamb\u00e9sy (Genebra) com a participa\u00e7\u00e3o de um grande n\u00famero de fi\u00e9is. As celebra\u00e7\u00f5es foram presididas pelo Metropolita Jeremias da Su\u00ed\u00e7a, Reitor do Centro, assistidos pelos\u00a0sacerdotes das par\u00f3quias locais gregas, francesas e romenas. Durante a celebra\u00e7\u00e3o das Matinas Pascais, o Trop\u00e1rio da Ressurrei\u00e7\u00e3o foi cantado em grego, \u00e1rabe, eslavo, romeno e franc\u00eas.<\/p>\n<hr \/>\n<p style=\"text-align: right;\">Fonte: <a href=\"http:\/\/fanarion.blogspot.com.br\/2016\/04\/blog-post_81.html\">\u03a6\u03c9\u03c2 \u03a6\u03b1\u03bd\u03b1\u03c1\u03af\u03bf\u03c5<\/a><\/p>\n","protected":false},"excerpt":{"rendered":"<p>Os Servi\u00e7os Lit\u00fargicos da Semana Santa e P\u00e1scoa neste ano de 2016 tiveram lugar no Centro Ortodoxo de Chamb\u00e9sy (Genebra) com a participa\u00e7\u00e3o de um grande n\u00famero de fi\u00e9is. As celebra\u00e7\u00f5es foram presididas pelo Metropolita Jeremias da Su\u00ed\u00e7a, Reitor do&#8230;<\/p>\n","protected":false},"author":1,"featured_media":20410,"comment_status":"open","ping_status":"open","sticky":false,"template":"","format":"standard","meta":{"_acf_changed":false,"footnotes":""},"categories":[1,72],"tags":[],"class_list":["post-20402","post","type-post","status-publish","format-standard","has-post-thumbnail","hentry","category-news","category-patriarcado-ecumenico","entry","rows-excerpt"],"acf":[],"yoast_head":"<!-- This site is optimized with the Yoast SEO plugin v27.4 - https:\/\/yoast.com\/product\/yoast-seo-wordpress\/ -->\n<title>Servi\u00e7os Lit\u00fargicos da Semana Santa e da P\u00e1scoa s\u00e3o realizados no Centro Ortodoxo do Patriarcado Ecum\u00eanico em Chamb\u00e9sy (Genebra) | ECCLESIA NEWS<\/title>\n<meta name=\"robots\" content=\"index, follow, max-snippet:-1, max-image-preview:large, max-video-preview:-1\" \/>\n<link rel=\"canonical\" href=\"https:\/\/news.ecclesia.org.br\/?p=20402\" \/>\n<meta property=\"og:locale\" content=\"pt_BR\" \/>\n<meta property=\"og:type\" content=\"article\" \/>\n<meta property=\"og:title\" content=\"Servi\u00e7os Lit\u00fargicos da Semana Santa e da P\u00e1scoa s\u00e3o realizados no Centro Ortodoxo do Patriarcado Ecum\u00eanico em Chamb\u00e9sy (Genebra) | ECCLESIA NEWS\" \/>\n<meta property=\"og:description\" content=\"Os Servi\u00e7os Lit\u00fargicos da Semana Santa e P\u00e1scoa neste ano de 2016 tiveram lugar no Centro Ortodoxo de Chamb\u00e9sy (Genebra) com a participa\u00e7\u00e3o de um grande n\u00famero de fi\u00e9is. As celebra\u00e7\u00f5es foram presididas pelo Metropolita Jeremias da Su\u00ed\u00e7a, Reitor do&#8230;\" \/>\n<meta property=\"og:url\" content=\"https:\/\/news.ecclesia.org.br\/?p=20402\" \/>\n<meta property=\"og:site_name\" content=\"ECCLESIA NEWS\" \/>\n<meta property=\"article:publisher\" content=\"https:\/\/www.facebook.com\/Ecclesia2025\" \/>\n<meta property=\"article:published_time\" content=\"2016-05-06T14:06:32+00:00\" \/>\n<meta property=\"article:modified_time\" content=\"2016-05-06T18:57:51+00:00\" \/>\n<meta property=\"og:image\" content=\"https:\/\/news.ecclesia.org.br\/wp-content\/uploads\/2016\/05\/pascoa-chambezi-2016-008.jpg\" \/>\n\t<meta property=\"og:image:width\" content=\"1008\" \/>\n\t<meta property=\"og:image:height\" content=\"756\" \/>\n\t<meta property=\"og:image:type\" content=\"image\/jpeg\" \/>\n<meta name=\"author\" content=\"Pe. Andr\u00e9\" \/>\n<meta name=\"twitter:card\" content=\"summary_large_image\" \/>\n<meta name=\"twitter:creator\" content=\"@EcclesiaNews\" \/>\n<meta name=\"twitter:site\" content=\"@EcclesiaNews\" \/>\n<meta name=\"twitter:label1\" content=\"Escrito por\" \/>\n\t<meta name=\"twitter:data1\" content=\"Pe. Andr\u00e9\" \/>\n<script type=\"application\/ld+json\" class=\"yoast-schema-graph\">{\"@context\":\"https:\\\/\\\/schema.org\",\"@graph\":[{\"@type\":\"Article\",\"@id\":\"https:\\\/\\\/news.ecclesia.org.br\\\/?p=20402#article\",\"isPartOf\":{\"@id\":\"https:\\\/\\\/news.ecclesia.org.br\\\/?p=20402\"},\"author\":{\"name\":\"Pe. Andr\u00e9\",\"@id\":\"https:\\\/\\\/news.ecclesia.org.br\\\/#\\\/schema\\\/person\\\/6f09597f025829745ba414a569f63758\"},\"headline\":\"Servi\u00e7os Lit\u00fargicos da Semana Santa e da P\u00e1scoa s\u00e3o realizados no Centro Ortodoxo do Patriarcado Ecum\u00eanico em Chamb\u00e9sy (Genebra)\",\"datePublished\":\"2016-05-06T14:06:32+00:00\",\"dateModified\":\"2016-05-06T18:57:51+00:00\",\"mainEntityOfPage\":{\"@id\":\"https:\\\/\\\/news.ecclesia.org.br\\\/?p=20402\"},\"wordCount\":112,\"commentCount\":1,\"publisher\":{\"@id\":\"https:\\\/\\\/news.ecclesia.org.br\\\/#organization\"},\"image\":{\"@id\":\"https:\\\/\\\/news.ecclesia.org.br\\\/?p=20402#primaryimage\"},\"thumbnailUrl\":\"https:\\\/\\\/news.ecclesia.org.br\\\/wp-content\\\/uploads\\\/2016\\\/05\\\/pascoa-chambezi-2016-008.jpg\",\"articleSection\":[\"NEWS\",\"Patriarcado Ecum\u00eanico\"],\"inLanguage\":\"pt-BR\",\"potentialAction\":[{\"@type\":\"CommentAction\",\"name\":\"Comment\",\"target\":[\"https:\\\/\\\/news.ecclesia.org.br\\\/?p=20402#respond\"]}]},{\"@type\":\"WebPage\",\"@id\":\"https:\\\/\\\/news.ecclesia.org.br\\\/?p=20402\",\"url\":\"https:\\\/\\\/news.ecclesia.org.br\\\/?p=20402\",\"name\":\"Servi\u00e7os Lit\u00fargicos da Semana Santa e da P\u00e1scoa s\u00e3o realizados no Centro Ortodoxo do Patriarcado Ecum\u00eanico em Chamb\u00e9sy (Genebra) | ECCLESIA NEWS\",\"isPartOf\":{\"@id\":\"https:\\\/\\\/news.ecclesia.org.br\\\/#website\"},\"primaryImageOfPage\":{\"@id\":\"https:\\\/\\\/news.ecclesia.org.br\\\/?p=20402#primaryimage\"},\"image\":{\"@id\":\"https:\\\/\\\/news.ecclesia.org.br\\\/?p=20402#primaryimage\"},\"thumbnailUrl\":\"https:\\\/\\\/news.ecclesia.org.br\\\/wp-content\\\/uploads\\\/2016\\\/05\\\/pascoa-chambezi-2016-008.jpg\",\"datePublished\":\"2016-05-06T14:06:32+00:00\",\"dateModified\":\"2016-05-06T18:57:51+00:00\",\"breadcrumb\":{\"@id\":\"https:\\\/\\\/news.ecclesia.org.br\\\/?p=20402#breadcrumb\"},\"inLanguage\":\"pt-BR\",\"potentialAction\":[{\"@type\":\"ReadAction\",\"target\":[\"https:\\\/\\\/news.ecclesia.org.br\\\/?p=20402\"]}]},{\"@type\":\"ImageObject\",\"inLanguage\":\"pt-BR\",\"@id\":\"https:\\\/\\\/news.ecclesia.org.br\\\/?p=20402#primaryimage\",\"url\":\"https:\\\/\\\/news.ecclesia.org.br\\\/wp-content\\\/uploads\\\/2016\\\/05\\\/pascoa-chambezi-2016-008.jpg\",\"contentUrl\":\"https:\\\/\\\/news.ecclesia.org.br\\\/wp-content\\\/uploads\\\/2016\\\/05\\\/pascoa-chambezi-2016-008.jpg\",\"width\":1008,\"height\":756},{\"@type\":\"BreadcrumbList\",\"@id\":\"https:\\\/\\\/news.ecclesia.org.br\\\/?p=20402#breadcrumb\",\"itemListElement\":[{\"@type\":\"ListItem\",\"position\":1,\"name\":\"In\u00edcio\",\"item\":\"https:\\\/\\\/news.ecclesia.org.br\\\/\"},{\"@type\":\"ListItem\",\"position\":2,\"name\":\"Servi\u00e7os Lit\u00fargicos da Semana Santa e da P\u00e1scoa s\u00e3o realizados no Centro Ortodoxo do Patriarcado Ecum\u00eanico em Chamb\u00e9sy (Genebra)\"}]},{\"@type\":\"WebSite\",\"@id\":\"https:\\\/\\\/news.ecclesia.org.br\\\/#website\",\"url\":\"https:\\\/\\\/news.ecclesia.org.br\\\/\",\"name\":\"Ecclesia Brasil\",\"description\":\"Desde 2003 onectando o Brasil ao mundo ortodoxo!\",\"publisher\":{\"@id\":\"https:\\\/\\\/news.ecclesia.org.br\\\/#organization\"},\"alternateName\":\"Ecclesia\",\"potentialAction\":[{\"@type\":\"SearchAction\",\"target\":{\"@type\":\"EntryPoint\",\"urlTemplate\":\"https:\\\/\\\/news.ecclesia.org.br\\\/?s={search_term_string}\"},\"query-input\":{\"@type\":\"PropertyValueSpecification\",\"valueRequired\":true,\"valueName\":\"search_term_string\"}}],\"inLanguage\":\"pt-BR\"},{\"@type\":\"Organization\",\"@id\":\"https:\\\/\\\/news.ecclesia.org.br\\\/#organization\",\"name\":\"Sacra Arquidiocese de Buenos Aires e Am\u00e9rica do Sul | Patriarcado Ecum\u00eanico\",\"alternateName\":\"News Ecclesia Brasil\",\"url\":\"https:\\\/\\\/news.ecclesia.org.br\\\/\",\"logo\":{\"@type\":\"ImageObject\",\"inLanguage\":\"pt-BR\",\"@id\":\"https:\\\/\\\/news.ecclesia.org.br\\\/#\\\/schema\\\/logo\\\/image\\\/\",\"url\":\"https:\\\/\\\/news.ecclesia.org.br\\\/wp-content\\\/uploads\\\/2025\\\/05\\\/ecclesia2.png\",\"contentUrl\":\"https:\\\/\\\/news.ecclesia.org.br\\\/wp-content\\\/uploads\\\/2025\\\/05\\\/ecclesia2.png\",\"width\":480,\"height\":120,\"caption\":\"Sacra Arquidiocese de Buenos Aires e Am\u00e9rica do Sul | Patriarcado Ecum\u00eanico\"},\"image\":{\"@id\":\"https:\\\/\\\/news.ecclesia.org.br\\\/#\\\/schema\\\/logo\\\/image\\\/\"},\"sameAs\":[\"https:\\\/\\\/www.facebook.com\\\/Ecclesia2025\",\"https:\\\/\\\/x.com\\\/EcclesiaNews\",\"https:\\\/\\\/br.pinterest.com\\\/ekklisia\\\/\",\"https:\\\/\\\/www.youtube.com\\\/@EcclesiaBrasil\"]},{\"@type\":\"Person\",\"@id\":\"https:\\\/\\\/news.ecclesia.org.br\\\/#\\\/schema\\\/person\\\/6f09597f025829745ba414a569f63758\",\"name\":\"Pe. Andr\u00e9\",\"image\":{\"@type\":\"ImageObject\",\"inLanguage\":\"pt-BR\",\"@id\":\"https:\\\/\\\/secure.gravatar.com\\\/avatar\\\/b4327cfa27e9799da239a26adcd534fc29cdc0c4a4a148eecbcfeb9b42c617ac?s=96&d=mm&r=g\",\"url\":\"https:\\\/\\\/secure.gravatar.com\\\/avatar\\\/b4327cfa27e9799da239a26adcd534fc29cdc0c4a4a148eecbcfeb9b42c617ac?s=96&d=mm&r=g\",\"contentUrl\":\"https:\\\/\\\/secure.gravatar.com\\\/avatar\\\/b4327cfa27e9799da239a26adcd534fc29cdc0c4a4a148eecbcfeb9b42c617ac?s=96&d=mm&r=g\",\"caption\":\"Pe. Andr\u00e9\"},\"sameAs\":[\"https:\\\/\\\/www.ecclesia.org.br\"]}]}<\/script>\n<!-- \/ Yoast SEO plugin. -->","yoast_head_json":{"title":"Servi\u00e7os Lit\u00fargicos da Semana Santa e da P\u00e1scoa s\u00e3o realizados no Centro Ortodoxo do Patriarcado Ecum\u00eanico em Chamb\u00e9sy (Genebra) | ECCLESIA NEWS","robots":{"index":"index","follow":"follow","max-snippet":"max-snippet:-1","max-image-preview":"max-image-preview:large","max-video-preview":"max-video-preview:-1"},"canonical":"https:\/\/news.ecclesia.org.br\/?p=20402","og_locale":"pt_BR","og_type":"article","og_title":"Servi\u00e7os Lit\u00fargicos da Semana Santa e da P\u00e1scoa s\u00e3o realizados no Centro Ortodoxo do Patriarcado Ecum\u00eanico em Chamb\u00e9sy (Genebra) | ECCLESIA NEWS","og_description":"Os Servi\u00e7os Lit\u00fargicos da Semana Santa e P\u00e1scoa neste ano de 2016 tiveram lugar no Centro Ortodoxo de Chamb\u00e9sy (Genebra) com a participa\u00e7\u00e3o de um grande n\u00famero de fi\u00e9is. As celebra\u00e7\u00f5es foram presididas pelo Metropolita Jeremias da Su\u00ed\u00e7a, Reitor do&#8230;","og_url":"https:\/\/news.ecclesia.org.br\/?p=20402","og_site_name":"ECCLESIA NEWS","article_publisher":"https:\/\/www.facebook.com\/Ecclesia2025","article_published_time":"2016-05-06T14:06:32+00:00","article_modified_time":"2016-05-06T18:57:51+00:00","og_image":[{"width":1008,"height":756,"url":"https:\/\/news.ecclesia.org.br\/wp-content\/uploads\/2016\/05\/pascoa-chambezi-2016-008.jpg","type":"image\/jpeg"}],"author":"Pe. Andr\u00e9","twitter_card":"summary_large_image","twitter_creator":"@EcclesiaNews","twitter_site":"@EcclesiaNews","twitter_misc":{"Escrito por":"Pe. Andr\u00e9"},"schema":{"@context":"https:\/\/schema.org","@graph":[{"@type":"Article","@id":"https:\/\/news.ecclesia.org.br\/?p=20402#article","isPartOf":{"@id":"https:\/\/news.ecclesia.org.br\/?p=20402"},"author":{"name":"Pe. Andr\u00e9","@id":"https:\/\/news.ecclesia.org.br\/#\/schema\/person\/6f09597f025829745ba414a569f63758"},"headline":"Servi\u00e7os Lit\u00fargicos da Semana Santa e da P\u00e1scoa s\u00e3o realizados no Centro Ortodoxo do Patriarcado Ecum\u00eanico em Chamb\u00e9sy (Genebra)","datePublished":"2016-05-06T14:06:32+00:00","dateModified":"2016-05-06T18:57:51+00:00","mainEntityOfPage":{"@id":"https:\/\/news.ecclesia.org.br\/?p=20402"},"wordCount":112,"commentCount":1,"publisher":{"@id":"https:\/\/news.ecclesia.org.br\/#organization"},"image":{"@id":"https:\/\/news.ecclesia.org.br\/?p=20402#primaryimage"},"thumbnailUrl":"https:\/\/news.ecclesia.org.br\/wp-content\/uploads\/2016\/05\/pascoa-chambezi-2016-008.jpg","articleSection":["NEWS","Patriarcado Ecum\u00eanico"],"inLanguage":"pt-BR","potentialAction":[{"@type":"CommentAction","name":"Comment","target":["https:\/\/news.ecclesia.org.br\/?p=20402#respond"]}]},{"@type":"WebPage","@id":"https:\/\/news.ecclesia.org.br\/?p=20402","url":"https:\/\/news.ecclesia.org.br\/?p=20402","name":"Servi\u00e7os Lit\u00fargicos da Semana Santa e da P\u00e1scoa s\u00e3o realizados no Centro Ortodoxo do Patriarcado Ecum\u00eanico em Chamb\u00e9sy (Genebra) | ECCLESIA NEWS","isPartOf":{"@id":"https:\/\/news.ecclesia.org.br\/#website"},"primaryImageOfPage":{"@id":"https:\/\/news.ecclesia.org.br\/?p=20402#primaryimage"},"image":{"@id":"https:\/\/news.ecclesia.org.br\/?p=20402#primaryimage"},"thumbnailUrl":"https:\/\/news.ecclesia.org.br\/wp-content\/uploads\/2016\/05\/pascoa-chambezi-2016-008.jpg","datePublished":"2016-05-06T14:06:32+00:00","dateModified":"2016-05-06T18:57:51+00:00","breadcrumb":{"@id":"https:\/\/news.ecclesia.org.br\/?p=20402#breadcrumb"},"inLanguage":"pt-BR","potentialAction":[{"@type":"ReadAction","target":["https:\/\/news.ecclesia.org.br\/?p=20402"]}]},{"@type":"ImageObject","inLanguage":"pt-BR","@id":"https:\/\/news.ecclesia.org.br\/?p=20402#primaryimage","url":"https:\/\/news.ecclesia.org.br\/wp-content\/uploads\/2016\/05\/pascoa-chambezi-2016-008.jpg","contentUrl":"https:\/\/news.ecclesia.org.br\/wp-content\/uploads\/2016\/05\/pascoa-chambezi-2016-008.jpg","width":1008,"height":756},{"@type":"BreadcrumbList","@id":"https:\/\/news.ecclesia.org.br\/?p=20402#breadcrumb","itemListElement":[{"@type":"ListItem","position":1,"name":"In\u00edcio","item":"https:\/\/news.ecclesia.org.br\/"},{"@type":"ListItem","position":2,"name":"Servi\u00e7os Lit\u00fargicos da Semana Santa e da P\u00e1scoa s\u00e3o realizados no Centro Ortodoxo do Patriarcado Ecum\u00eanico em Chamb\u00e9sy (Genebra)"}]},{"@type":"WebSite","@id":"https:\/\/news.ecclesia.org.br\/#website","url":"https:\/\/news.ecclesia.org.br\/","name":"Ecclesia Brasil","description":"Desde 2003 onectando o Brasil ao mundo ortodoxo!","publisher":{"@id":"https:\/\/news.ecclesia.org.br\/#organization"},"alternateName":"Ecclesia","potentialAction":[{"@type":"SearchAction","target":{"@type":"EntryPoint","urlTemplate":"https:\/\/news.ecclesia.org.br\/?s={search_term_string}"},"query-input":{"@type":"PropertyValueSpecification","valueRequired":true,"valueName":"search_term_string"}}],"inLanguage":"pt-BR"},{"@type":"Organization","@id":"https:\/\/news.ecclesia.org.br\/#organization","name":"Sacra Arquidiocese de Buenos Aires e Am\u00e9rica do Sul | Patriarcado Ecum\u00eanico","alternateName":"News Ecclesia Brasil","url":"https:\/\/news.ecclesia.org.br\/","logo":{"@type":"ImageObject","inLanguage":"pt-BR","@id":"https:\/\/news.ecclesia.org.br\/#\/schema\/logo\/image\/","url":"https:\/\/news.ecclesia.org.br\/wp-content\/uploads\/2025\/05\/ecclesia2.png","contentUrl":"https:\/\/news.ecclesia.org.br\/wp-content\/uploads\/2025\/05\/ecclesia2.png","width":480,"height":120,"caption":"Sacra Arquidiocese de Buenos Aires e Am\u00e9rica do Sul | Patriarcado Ecum\u00eanico"},"image":{"@id":"https:\/\/news.ecclesia.org.br\/#\/schema\/logo\/image\/"},"sameAs":["https:\/\/www.facebook.com\/Ecclesia2025","https:\/\/x.com\/EcclesiaNews","https:\/\/br.pinterest.com\/ekklisia\/","https:\/\/www.youtube.com\/@EcclesiaBrasil"]},{"@type":"Person","@id":"https:\/\/news.ecclesia.org.br\/#\/schema\/person\/6f09597f025829745ba414a569f63758","name":"Pe. Andr\u00e9","image":{"@type":"ImageObject","inLanguage":"pt-BR","@id":"https:\/\/secure.gravatar.com\/avatar\/b4327cfa27e9799da239a26adcd534fc29cdc0c4a4a148eecbcfeb9b42c617ac?s=96&d=mm&r=g","url":"https:\/\/secure.gravatar.com\/avatar\/b4327cfa27e9799da239a26adcd534fc29cdc0c4a4a148eecbcfeb9b42c617ac?s=96&d=mm&r=g","contentUrl":"https:\/\/secure.gravatar.com\/avatar\/b4327cfa27e9799da239a26adcd534fc29cdc0c4a4a148eecbcfeb9b42c617ac?s=96&d=mm&r=g","caption":"Pe. Andr\u00e9"},"sameAs":["https:\/\/www.ecclesia.org.br"]}]}},"_links":{"self":[{"href":"https:\/\/news.ecclesia.org.br\/index.php?rest_route=\/wp\/v2\/posts\/20402","targetHints":{"allow":["GET"]}}],"collection":[{"href":"https:\/\/news.ecclesia.org.br\/index.php?rest_route=\/wp\/v2\/posts"}],"about":[{"href":"https:\/\/news.ecclesia.org.br\/index.php?rest_route=\/wp\/v2\/types\/post"}],"author":[{"embeddable":true,"href":"https:\/\/news.ecclesia.org.br\/index.php?rest_route=\/wp\/v2\/users\/1"}],"replies":[{"embeddable":true,"href":"https:\/\/news.ecclesia.org.br\/index.php?rest_route=%2Fwp%2Fv2%2Fcomments&post=20402"}],"version-history":[{"count":0,"href":"https:\/\/news.ecclesia.org.br\/index.php?rest_route=\/wp\/v2\/posts\/20402\/revisions"}],"wp:featuredmedia":[{"embeddable":true,"href":"https:\/\/news.ecclesia.org.br\/index.php?rest_route=\/wp\/v2\/media\/20410"}],"wp:attachment":[{"href":"https:\/\/news.ecclesia.org.br\/index.php?rest_route=%2Fwp%2Fv2%2Fmedia&parent=20402"}],"wp:term":[{"taxonomy":"category","embeddable":true,"href":"https:\/\/news.ecclesia.org.br\/index.php?rest_route=%2Fwp%2Fv2%2Fcategories&post=20402"},{"taxonomy":"post_tag","embeddable":true,"href":"https:\/\/news.ecclesia.org.br\/index.php?rest_route=%2Fwp%2Fv2%2Ftags&post=20402"}],"curies":[{"name":"wp","href":"https:\/\/api.w.org\/{rel}","templated":true}]}}