{"id":20343,"date":"2016-04-26T00:29:49","date_gmt":"2016-04-26T00:29:49","guid":{"rendered":"https:\/\/news.ecclesia.org.br\/2013\/?p=20343"},"modified":"2016-04-26T00:33:33","modified_gmt":"2016-04-26T00:33:33","slug":"patriarca-ecumenico-bartolomeu-i-quer-esclarecimentos-de-erdogan-sobre-expropriacoes","status":"publish","type":"post","link":"https:\/\/news.ecclesia.org.br\/?p=20343","title":{"rendered":"Patriarca Ecum\u00eanico Bartolomeu I quer esclarecimentos de Erdogan sobre expropria\u00e7\u00f5es"},"content":{"rendered":"<figure id=\"attachment_20344\" aria-describedby=\"caption-attachment-20344\" style=\"width: 640px\" class=\"wp-caption aligncenter\"><a href=\"https:\/\/news.ecclesia.org.br\/2013\/wp-content\/uploads\/2016\/04\/halki2016.jpg\"><img fetchpriority=\"high\" decoding=\"async\" class=\"size-full wp-image-20344\" src=\"https:\/\/news.ecclesia.org.br\/2013\/wp-content\/uploads\/2016\/04\/halki2016.jpg\" alt=\"Escola Teol\u00f3gica de Halki, na Ilha de Heybeli, fechou suas portas em 1971 - AP\" width=\"640\" height=\"453\" srcset=\"https:\/\/news.ecclesia.org.br\/wp-content\/uploads\/2016\/04\/halki2016.jpg 640w, https:\/\/news.ecclesia.org.br\/wp-content\/uploads\/2016\/04\/halki2016-300x212.jpg 300w, https:\/\/news.ecclesia.org.br\/wp-content\/uploads\/2016\/04\/halki2016-600x425.jpg 600w, https:\/\/news.ecclesia.org.br\/wp-content\/uploads\/2016\/04\/halki2016-78x55.jpg 78w\" sizes=\"(max-width: 640px) 100vw, 640px\" \/><\/a><figcaption id=\"caption-attachment-20344\" class=\"wp-caption-text\">Escola Teol\u00f3gica de Halki, na Ilha de Heybeli, fechou suas portas em 1971 &#8211; AP<\/figcaption><\/figure>\n<p>&nbsp;<\/p>\n<p style=\"text-align: justify;\">Istambul (RV) \u2013 O Patriarca Ecum\u00eanico de Constantinopla, Bartolomeu I, pretende encontrar o Presidente turco Tayyip Erdogan para tratar do status do Patriarcado, mas sobretudo, para pedir esclarecimentos sobre os recentes epis\u00f3dios envolvendo a legisla\u00e7\u00e3o sobre a restitui\u00e7\u00e3o de bens da Igreja desapropriados ilegalmente no passado.<\/p>\n<h4 style=\"text-align: justify;\">Rela\u00e7\u00f5es vivem momento cr\u00edtico<\/h4>\n<p style=\"text-align: justify;\">Durante uma coletiva de imprensa, realizada na sede do Patriarcado Ecum\u00eanico, o Patriarca ressaltou que as rela\u00e7\u00f5es entre as autoridades turcas e as minorias religiosas est\u00e3o vivendo novamente um momento cr\u00edtico, e voltou a levantar a quest\u00e3o do Instituto Teol\u00f3gico patriarcal de Halki, proibido de realizar qualquer atividade de forma\u00e7\u00e3o teol\u00f3gica h\u00e1 45 anos.<\/p>\n<h4 style=\"text-align: justify;\">Audi\u00eancia com Erdogan<\/h4>\n<p style=\"text-align: justify;\">Os muitos an\u00fancios que circularam nos \u00faltimos anos, mesmo por parte de representantes turcos, sobre uma poss\u00edvel, iminente reabertura da institui\u00e7\u00e3o acad\u00eamica patriarcal, n\u00e3o evolu\u00edram para fatos concretos. Segundo fontes locais \u2013 consultadas pela Ag\u00eancia Fides \u2013 o Patriarca Bartolomeu anunciou o envio de uma carta a Erdogan, solicitando uma audi\u00eancia &#8211; o que dever\u00e1 ocorrer provavelmente at\u00e9 o m\u00eas de maio \u2013 para tratar diretamente com o Presidente turco a quest\u00e3o envolvendo a Escola de Halki e diversos problemas pertinentes \u00e0s minorias religiosas no pa\u00eds.<br \/>\nA\u00e7\u00f5es do governos<\/p>\n<p style=\"text-align: justify;\">\u201cNos \u00faltimos tempos \u2013 sublinhou na mesma ocasi\u00e3o o ex-membro do Conselho para as funda\u00e7\u00f5es religiosas, Laki Vingas \u2013 foram abertos processos pedindo o cancelamento dos t\u00edtulos de propriedades, e esta situa\u00e7\u00e3o nos preocupa\u201d. A trazer inquieta\u00e7\u00e3o, foi sobretudo a opera\u00e7\u00e3o desencadeada por institui\u00e7\u00f5es estatais turcas, que nos \u00faltimos tempos entraram com uma a\u00e7\u00e3o contra o Patriarcado Ecum\u00eanico de Constantinopla, para anular os atos jur\u00eddicos com os quais alguns terrenos voltariam para a Sede Patriarcal Ortodoxa, e em rela\u00e7\u00e3o \u00e0s leis que disp\u00f5e a restitui\u00e7\u00e3o \u00e0s comunidades religiosas minorit\u00e1rias de bens deles sequestrados no passado pelas autoridades turcas.<\/p>\n<h4 style=\"text-align: justify;\">Expropria\u00e7\u00e3o de terrenos<\/h4>\n<p style=\"text-align: justify;\">A a\u00e7\u00e3o impetrada por institui\u00e7\u00f5es de Ancara, visa em particular, expropriar novamente o Patriarcado Ecum\u00eanico de um terreno de cerca 40 hectares em Goksu, e outra \u00e1rea em Umit Tepesi, que nos \u00faltimos anos foi destinada precisamente ao Instituto de teologia ortodoxa de Halki.<\/p>\n<p style=\"text-align: justify;\">A administra\u00e7\u00e3o estatal abriu o processo para pedir que estes bens imobili\u00e1rios retornem ao Tesouro. A iniciativa processual se configura como mais um dos tantos casos de opress\u00e3o por via jur\u00eddico-administrativa por parte das institui\u00e7\u00f5es turcas em contra o Patriarcado ecum\u00eanico de Constantinopla. (JE)<\/p>\n<hr \/>\n<p style=\"text-align: right;\">Fonte:\u00a0<a href=\"http:\/\/br.radiovaticana.va\/news\/2016\/04\/25\/bartolomeu_i_quer_esclarecimentos_de_erdogan\/1225492\" target=\"_blank\">Radio Vaticano<\/a><\/p>\n","protected":false},"excerpt":{"rendered":"<p>&nbsp; Istambul (RV) \u2013 O Patriarca Ecum\u00eanico de Constantinopla, Bartolomeu I, pretende encontrar o Presidente turco Tayyip Erdogan para tratar do status do Patriarcado, mas sobretudo, para pedir esclarecimentos sobre os recentes epis\u00f3dios envolvendo a legisla\u00e7\u00e3o sobre a restitui\u00e7\u00e3o de&#8230;<\/p>\n","protected":false},"author":1,"featured_media":20344,"comment_status":"open","ping_status":"open","sticky":false,"template":"","format":"standard","meta":{"_acf_changed":false,"footnotes":""},"categories":[72],"tags":[],"class_list":["post-20343","post","type-post","status-publish","format-standard","has-post-thumbnail","hentry","category-patriarcado-ecumenico","entry","rows-excerpt"],"acf":[],"yoast_head":"<!-- This site is optimized with the Yoast SEO plugin v27.4 - https:\/\/yoast.com\/product\/yoast-seo-wordpress\/ -->\n<title>Patriarca Ecum\u00eanico Bartolomeu I quer esclarecimentos de Erdogan sobre expropria\u00e7\u00f5es | ECCLESIA NEWS<\/title>\n<meta name=\"robots\" content=\"index, follow, max-snippet:-1, max-image-preview:large, max-video-preview:-1\" \/>\n<link rel=\"canonical\" href=\"https:\/\/news.ecclesia.org.br\/?p=20343\" \/>\n<meta property=\"og:locale\" content=\"pt_BR\" \/>\n<meta property=\"og:type\" content=\"article\" \/>\n<meta property=\"og:title\" content=\"Patriarca Ecum\u00eanico Bartolomeu I quer esclarecimentos de Erdogan sobre expropria\u00e7\u00f5es | ECCLESIA NEWS\" \/>\n<meta property=\"og:description\" content=\"&nbsp; Istambul (RV) \u2013 O Patriarca Ecum\u00eanico de Constantinopla, Bartolomeu I, pretende encontrar o Presidente turco Tayyip Erdogan para tratar do status do Patriarcado, mas sobretudo, para pedir esclarecimentos sobre os recentes epis\u00f3dios envolvendo a legisla\u00e7\u00e3o sobre a restitui\u00e7\u00e3o de&#8230;\" \/>\n<meta property=\"og:url\" content=\"https:\/\/news.ecclesia.org.br\/?p=20343\" \/>\n<meta property=\"og:site_name\" content=\"ECCLESIA NEWS\" \/>\n<meta property=\"article:publisher\" content=\"https:\/\/www.facebook.com\/Ecclesia2025\" \/>\n<meta property=\"article:published_time\" content=\"2016-04-26T00:29:49+00:00\" \/>\n<meta property=\"article:modified_time\" content=\"2016-04-26T00:33:33+00:00\" \/>\n<meta property=\"og:image\" content=\"https:\/\/news.ecclesia.org.br\/wp-content\/uploads\/2016\/04\/halki2016.jpg\" \/>\n\t<meta property=\"og:image:width\" content=\"640\" \/>\n\t<meta property=\"og:image:height\" content=\"453\" \/>\n\t<meta property=\"og:image:type\" content=\"image\/jpeg\" \/>\n<meta name=\"author\" content=\"Pe. Andr\u00e9\" \/>\n<meta name=\"twitter:card\" content=\"summary_large_image\" \/>\n<meta name=\"twitter:creator\" content=\"@EcclesiaNews\" \/>\n<meta name=\"twitter:site\" content=\"@EcclesiaNews\" \/>\n<meta name=\"twitter:label1\" content=\"Escrito por\" \/>\n\t<meta name=\"twitter:data1\" content=\"Pe. Andr\u00e9\" \/>\n\t<meta name=\"twitter:label2\" content=\"Est. tempo de leitura\" \/>\n\t<meta name=\"twitter:data2\" content=\"2 minutos\" \/>\n<script type=\"application\/ld+json\" class=\"yoast-schema-graph\">{\"@context\":\"https:\\\/\\\/schema.org\",\"@graph\":[{\"@type\":\"Article\",\"@id\":\"https:\\\/\\\/news.ecclesia.org.br\\\/?p=20343#article\",\"isPartOf\":{\"@id\":\"https:\\\/\\\/news.ecclesia.org.br\\\/?p=20343\"},\"author\":{\"name\":\"Pe. Andr\u00e9\",\"@id\":\"https:\\\/\\\/news.ecclesia.org.br\\\/#\\\/schema\\\/person\\\/6f09597f025829745ba414a569f63758\"},\"headline\":\"Patriarca Ecum\u00eanico Bartolomeu I quer esclarecimentos de Erdogan sobre expropria\u00e7\u00f5es\",\"datePublished\":\"2016-04-26T00:29:49+00:00\",\"dateModified\":\"2016-04-26T00:33:33+00:00\",\"mainEntityOfPage\":{\"@id\":\"https:\\\/\\\/news.ecclesia.org.br\\\/?p=20343\"},\"wordCount\":466,\"commentCount\":1,\"publisher\":{\"@id\":\"https:\\\/\\\/news.ecclesia.org.br\\\/#organization\"},\"image\":{\"@id\":\"https:\\\/\\\/news.ecclesia.org.br\\\/?p=20343#primaryimage\"},\"thumbnailUrl\":\"https:\\\/\\\/news.ecclesia.org.br\\\/wp-content\\\/uploads\\\/2016\\\/04\\\/halki2016.jpg\",\"articleSection\":[\"Patriarcado Ecum\u00eanico\"],\"inLanguage\":\"pt-BR\",\"potentialAction\":[{\"@type\":\"CommentAction\",\"name\":\"Comment\",\"target\":[\"https:\\\/\\\/news.ecclesia.org.br\\\/?p=20343#respond\"]}]},{\"@type\":\"WebPage\",\"@id\":\"https:\\\/\\\/news.ecclesia.org.br\\\/?p=20343\",\"url\":\"https:\\\/\\\/news.ecclesia.org.br\\\/?p=20343\",\"name\":\"Patriarca Ecum\u00eanico Bartolomeu I quer esclarecimentos de Erdogan sobre expropria\u00e7\u00f5es | ECCLESIA NEWS\",\"isPartOf\":{\"@id\":\"https:\\\/\\\/news.ecclesia.org.br\\\/#website\"},\"primaryImageOfPage\":{\"@id\":\"https:\\\/\\\/news.ecclesia.org.br\\\/?p=20343#primaryimage\"},\"image\":{\"@id\":\"https:\\\/\\\/news.ecclesia.org.br\\\/?p=20343#primaryimage\"},\"thumbnailUrl\":\"https:\\\/\\\/news.ecclesia.org.br\\\/wp-content\\\/uploads\\\/2016\\\/04\\\/halki2016.jpg\",\"datePublished\":\"2016-04-26T00:29:49+00:00\",\"dateModified\":\"2016-04-26T00:33:33+00:00\",\"breadcrumb\":{\"@id\":\"https:\\\/\\\/news.ecclesia.org.br\\\/?p=20343#breadcrumb\"},\"inLanguage\":\"pt-BR\",\"potentialAction\":[{\"@type\":\"ReadAction\",\"target\":[\"https:\\\/\\\/news.ecclesia.org.br\\\/?p=20343\"]}]},{\"@type\":\"ImageObject\",\"inLanguage\":\"pt-BR\",\"@id\":\"https:\\\/\\\/news.ecclesia.org.br\\\/?p=20343#primaryimage\",\"url\":\"https:\\\/\\\/news.ecclesia.org.br\\\/wp-content\\\/uploads\\\/2016\\\/04\\\/halki2016.jpg\",\"contentUrl\":\"https:\\\/\\\/news.ecclesia.org.br\\\/wp-content\\\/uploads\\\/2016\\\/04\\\/halki2016.jpg\",\"width\":640,\"height\":453,\"caption\":\"Escola Teol\u00f3gica de Halki, na Ilha de Heybeli, fechou suas portas em 1971 - AP\"},{\"@type\":\"BreadcrumbList\",\"@id\":\"https:\\\/\\\/news.ecclesia.org.br\\\/?p=20343#breadcrumb\",\"itemListElement\":[{\"@type\":\"ListItem\",\"position\":1,\"name\":\"In\u00edcio\",\"item\":\"https:\\\/\\\/news.ecclesia.org.br\\\/\"},{\"@type\":\"ListItem\",\"position\":2,\"name\":\"Patriarca Ecum\u00eanico Bartolomeu I quer esclarecimentos de Erdogan sobre expropria\u00e7\u00f5es\"}]},{\"@type\":\"WebSite\",\"@id\":\"https:\\\/\\\/news.ecclesia.org.br\\\/#website\",\"url\":\"https:\\\/\\\/news.ecclesia.org.br\\\/\",\"name\":\"Ecclesia Brasil\",\"description\":\"Desde 2003 onectando o Brasil ao mundo ortodoxo!\",\"publisher\":{\"@id\":\"https:\\\/\\\/news.ecclesia.org.br\\\/#organization\"},\"alternateName\":\"Ecclesia\",\"potentialAction\":[{\"@type\":\"SearchAction\",\"target\":{\"@type\":\"EntryPoint\",\"urlTemplate\":\"https:\\\/\\\/news.ecclesia.org.br\\\/?s={search_term_string}\"},\"query-input\":{\"@type\":\"PropertyValueSpecification\",\"valueRequired\":true,\"valueName\":\"search_term_string\"}}],\"inLanguage\":\"pt-BR\"},{\"@type\":\"Organization\",\"@id\":\"https:\\\/\\\/news.ecclesia.org.br\\\/#organization\",\"name\":\"Sacra Arquidiocese de Buenos Aires e Am\u00e9rica do Sul | Patriarcado Ecum\u00eanico\",\"alternateName\":\"News Ecclesia Brasil\",\"url\":\"https:\\\/\\\/news.ecclesia.org.br\\\/\",\"logo\":{\"@type\":\"ImageObject\",\"inLanguage\":\"pt-BR\",\"@id\":\"https:\\\/\\\/news.ecclesia.org.br\\\/#\\\/schema\\\/logo\\\/image\\\/\",\"url\":\"https:\\\/\\\/news.ecclesia.org.br\\\/wp-content\\\/uploads\\\/2025\\\/05\\\/ecclesia2.png\",\"contentUrl\":\"https:\\\/\\\/news.ecclesia.org.br\\\/wp-content\\\/uploads\\\/2025\\\/05\\\/ecclesia2.png\",\"width\":480,\"height\":120,\"caption\":\"Sacra Arquidiocese de Buenos Aires e Am\u00e9rica do Sul | Patriarcado Ecum\u00eanico\"},\"image\":{\"@id\":\"https:\\\/\\\/news.ecclesia.org.br\\\/#\\\/schema\\\/logo\\\/image\\\/\"},\"sameAs\":[\"https:\\\/\\\/www.facebook.com\\\/Ecclesia2025\",\"https:\\\/\\\/x.com\\\/EcclesiaNews\",\"https:\\\/\\\/br.pinterest.com\\\/ekklisia\\\/\",\"https:\\\/\\\/www.youtube.com\\\/@EcclesiaBrasil\"]},{\"@type\":\"Person\",\"@id\":\"https:\\\/\\\/news.ecclesia.org.br\\\/#\\\/schema\\\/person\\\/6f09597f025829745ba414a569f63758\",\"name\":\"Pe. Andr\u00e9\",\"image\":{\"@type\":\"ImageObject\",\"inLanguage\":\"pt-BR\",\"@id\":\"https:\\\/\\\/secure.gravatar.com\\\/avatar\\\/b4327cfa27e9799da239a26adcd534fc29cdc0c4a4a148eecbcfeb9b42c617ac?s=96&d=mm&r=g\",\"url\":\"https:\\\/\\\/secure.gravatar.com\\\/avatar\\\/b4327cfa27e9799da239a26adcd534fc29cdc0c4a4a148eecbcfeb9b42c617ac?s=96&d=mm&r=g\",\"contentUrl\":\"https:\\\/\\\/secure.gravatar.com\\\/avatar\\\/b4327cfa27e9799da239a26adcd534fc29cdc0c4a4a148eecbcfeb9b42c617ac?s=96&d=mm&r=g\",\"caption\":\"Pe. Andr\u00e9\"},\"sameAs\":[\"https:\\\/\\\/www.ecclesia.org.br\"]}]}<\/script>\n<!-- \/ Yoast SEO plugin. -->","yoast_head_json":{"title":"Patriarca Ecum\u00eanico Bartolomeu I quer esclarecimentos de Erdogan sobre expropria\u00e7\u00f5es | ECCLESIA NEWS","robots":{"index":"index","follow":"follow","max-snippet":"max-snippet:-1","max-image-preview":"max-image-preview:large","max-video-preview":"max-video-preview:-1"},"canonical":"https:\/\/news.ecclesia.org.br\/?p=20343","og_locale":"pt_BR","og_type":"article","og_title":"Patriarca Ecum\u00eanico Bartolomeu I quer esclarecimentos de Erdogan sobre expropria\u00e7\u00f5es | ECCLESIA NEWS","og_description":"&nbsp; Istambul (RV) \u2013 O Patriarca Ecum\u00eanico de Constantinopla, Bartolomeu I, pretende encontrar o Presidente turco Tayyip Erdogan para tratar do status do Patriarcado, mas sobretudo, para pedir esclarecimentos sobre os recentes epis\u00f3dios envolvendo a legisla\u00e7\u00e3o sobre a restitui\u00e7\u00e3o de&#8230;","og_url":"https:\/\/news.ecclesia.org.br\/?p=20343","og_site_name":"ECCLESIA NEWS","article_publisher":"https:\/\/www.facebook.com\/Ecclesia2025","article_published_time":"2016-04-26T00:29:49+00:00","article_modified_time":"2016-04-26T00:33:33+00:00","og_image":[{"width":640,"height":453,"url":"https:\/\/news.ecclesia.org.br\/wp-content\/uploads\/2016\/04\/halki2016.jpg","type":"image\/jpeg"}],"author":"Pe. Andr\u00e9","twitter_card":"summary_large_image","twitter_creator":"@EcclesiaNews","twitter_site":"@EcclesiaNews","twitter_misc":{"Escrito por":"Pe. Andr\u00e9","Est. tempo de leitura":"2 minutos"},"schema":{"@context":"https:\/\/schema.org","@graph":[{"@type":"Article","@id":"https:\/\/news.ecclesia.org.br\/?p=20343#article","isPartOf":{"@id":"https:\/\/news.ecclesia.org.br\/?p=20343"},"author":{"name":"Pe. Andr\u00e9","@id":"https:\/\/news.ecclesia.org.br\/#\/schema\/person\/6f09597f025829745ba414a569f63758"},"headline":"Patriarca Ecum\u00eanico Bartolomeu I quer esclarecimentos de Erdogan sobre expropria\u00e7\u00f5es","datePublished":"2016-04-26T00:29:49+00:00","dateModified":"2016-04-26T00:33:33+00:00","mainEntityOfPage":{"@id":"https:\/\/news.ecclesia.org.br\/?p=20343"},"wordCount":466,"commentCount":1,"publisher":{"@id":"https:\/\/news.ecclesia.org.br\/#organization"},"image":{"@id":"https:\/\/news.ecclesia.org.br\/?p=20343#primaryimage"},"thumbnailUrl":"https:\/\/news.ecclesia.org.br\/wp-content\/uploads\/2016\/04\/halki2016.jpg","articleSection":["Patriarcado Ecum\u00eanico"],"inLanguage":"pt-BR","potentialAction":[{"@type":"CommentAction","name":"Comment","target":["https:\/\/news.ecclesia.org.br\/?p=20343#respond"]}]},{"@type":"WebPage","@id":"https:\/\/news.ecclesia.org.br\/?p=20343","url":"https:\/\/news.ecclesia.org.br\/?p=20343","name":"Patriarca Ecum\u00eanico Bartolomeu I quer esclarecimentos de Erdogan sobre expropria\u00e7\u00f5es | ECCLESIA NEWS","isPartOf":{"@id":"https:\/\/news.ecclesia.org.br\/#website"},"primaryImageOfPage":{"@id":"https:\/\/news.ecclesia.org.br\/?p=20343#primaryimage"},"image":{"@id":"https:\/\/news.ecclesia.org.br\/?p=20343#primaryimage"},"thumbnailUrl":"https:\/\/news.ecclesia.org.br\/wp-content\/uploads\/2016\/04\/halki2016.jpg","datePublished":"2016-04-26T00:29:49+00:00","dateModified":"2016-04-26T00:33:33+00:00","breadcrumb":{"@id":"https:\/\/news.ecclesia.org.br\/?p=20343#breadcrumb"},"inLanguage":"pt-BR","potentialAction":[{"@type":"ReadAction","target":["https:\/\/news.ecclesia.org.br\/?p=20343"]}]},{"@type":"ImageObject","inLanguage":"pt-BR","@id":"https:\/\/news.ecclesia.org.br\/?p=20343#primaryimage","url":"https:\/\/news.ecclesia.org.br\/wp-content\/uploads\/2016\/04\/halki2016.jpg","contentUrl":"https:\/\/news.ecclesia.org.br\/wp-content\/uploads\/2016\/04\/halki2016.jpg","width":640,"height":453,"caption":"Escola Teol\u00f3gica de Halki, na Ilha de Heybeli, fechou suas portas em 1971 - AP"},{"@type":"BreadcrumbList","@id":"https:\/\/news.ecclesia.org.br\/?p=20343#breadcrumb","itemListElement":[{"@type":"ListItem","position":1,"name":"In\u00edcio","item":"https:\/\/news.ecclesia.org.br\/"},{"@type":"ListItem","position":2,"name":"Patriarca Ecum\u00eanico Bartolomeu I quer esclarecimentos de Erdogan sobre expropria\u00e7\u00f5es"}]},{"@type":"WebSite","@id":"https:\/\/news.ecclesia.org.br\/#website","url":"https:\/\/news.ecclesia.org.br\/","name":"Ecclesia Brasil","description":"Desde 2003 onectando o Brasil ao mundo ortodoxo!","publisher":{"@id":"https:\/\/news.ecclesia.org.br\/#organization"},"alternateName":"Ecclesia","potentialAction":[{"@type":"SearchAction","target":{"@type":"EntryPoint","urlTemplate":"https:\/\/news.ecclesia.org.br\/?s={search_term_string}"},"query-input":{"@type":"PropertyValueSpecification","valueRequired":true,"valueName":"search_term_string"}}],"inLanguage":"pt-BR"},{"@type":"Organization","@id":"https:\/\/news.ecclesia.org.br\/#organization","name":"Sacra Arquidiocese de Buenos Aires e Am\u00e9rica do Sul | Patriarcado Ecum\u00eanico","alternateName":"News Ecclesia Brasil","url":"https:\/\/news.ecclesia.org.br\/","logo":{"@type":"ImageObject","inLanguage":"pt-BR","@id":"https:\/\/news.ecclesia.org.br\/#\/schema\/logo\/image\/","url":"https:\/\/news.ecclesia.org.br\/wp-content\/uploads\/2025\/05\/ecclesia2.png","contentUrl":"https:\/\/news.ecclesia.org.br\/wp-content\/uploads\/2025\/05\/ecclesia2.png","width":480,"height":120,"caption":"Sacra Arquidiocese de Buenos Aires e Am\u00e9rica do Sul | Patriarcado Ecum\u00eanico"},"image":{"@id":"https:\/\/news.ecclesia.org.br\/#\/schema\/logo\/image\/"},"sameAs":["https:\/\/www.facebook.com\/Ecclesia2025","https:\/\/x.com\/EcclesiaNews","https:\/\/br.pinterest.com\/ekklisia\/","https:\/\/www.youtube.com\/@EcclesiaBrasil"]},{"@type":"Person","@id":"https:\/\/news.ecclesia.org.br\/#\/schema\/person\/6f09597f025829745ba414a569f63758","name":"Pe. Andr\u00e9","image":{"@type":"ImageObject","inLanguage":"pt-BR","@id":"https:\/\/secure.gravatar.com\/avatar\/b4327cfa27e9799da239a26adcd534fc29cdc0c4a4a148eecbcfeb9b42c617ac?s=96&d=mm&r=g","url":"https:\/\/secure.gravatar.com\/avatar\/b4327cfa27e9799da239a26adcd534fc29cdc0c4a4a148eecbcfeb9b42c617ac?s=96&d=mm&r=g","contentUrl":"https:\/\/secure.gravatar.com\/avatar\/b4327cfa27e9799da239a26adcd534fc29cdc0c4a4a148eecbcfeb9b42c617ac?s=96&d=mm&r=g","caption":"Pe. Andr\u00e9"},"sameAs":["https:\/\/www.ecclesia.org.br"]}]}},"_links":{"self":[{"href":"https:\/\/news.ecclesia.org.br\/index.php?rest_route=\/wp\/v2\/posts\/20343","targetHints":{"allow":["GET"]}}],"collection":[{"href":"https:\/\/news.ecclesia.org.br\/index.php?rest_route=\/wp\/v2\/posts"}],"about":[{"href":"https:\/\/news.ecclesia.org.br\/index.php?rest_route=\/wp\/v2\/types\/post"}],"author":[{"embeddable":true,"href":"https:\/\/news.ecclesia.org.br\/index.php?rest_route=\/wp\/v2\/users\/1"}],"replies":[{"embeddable":true,"href":"https:\/\/news.ecclesia.org.br\/index.php?rest_route=%2Fwp%2Fv2%2Fcomments&post=20343"}],"version-history":[{"count":0,"href":"https:\/\/news.ecclesia.org.br\/index.php?rest_route=\/wp\/v2\/posts\/20343\/revisions"}],"wp:featuredmedia":[{"embeddable":true,"href":"https:\/\/news.ecclesia.org.br\/index.php?rest_route=\/wp\/v2\/media\/20344"}],"wp:attachment":[{"href":"https:\/\/news.ecclesia.org.br\/index.php?rest_route=%2Fwp%2Fv2%2Fmedia&parent=20343"}],"wp:term":[{"taxonomy":"category","embeddable":true,"href":"https:\/\/news.ecclesia.org.br\/index.php?rest_route=%2Fwp%2Fv2%2Fcategories&post=20343"},{"taxonomy":"post_tag","embeddable":true,"href":"https:\/\/news.ecclesia.org.br\/index.php?rest_route=%2Fwp%2Fv2%2Ftags&post=20343"}],"curies":[{"name":"wp","href":"https:\/\/api.w.org\/{rel}","templated":true}]}}