{"id":20315,"date":"2016-04-16T19:17:48","date_gmt":"2016-04-16T19:17:48","guid":{"rendered":"https:\/\/news.ecclesia.org.br\/2013\/?p=20315"},"modified":"2016-04-17T14:16:59","modified_gmt":"2016-04-17T14:16:59","slug":"lesbos-declaracao-conjunta-dos-tres-lideres-religiosos","status":"publish","type":"post","link":"https:\/\/news.ecclesia.org.br\/?p=20315","title":{"rendered":"Lesbos: Declara\u00e7\u00e3o Conjunta dos tr\u00eas L\u00edderes Religiosos"},"content":{"rendered":"<h2 style=\"text-align: center;\"><a href=\"https:\/\/news.ecclesia.org.br\/2013\/wp-content\/uploads\/2016\/04\/lesbos-20162.jpg\"><img fetchpriority=\"high\" decoding=\"async\" class=\"aligncenter size-full wp-image-20323\" src=\"https:\/\/news.ecclesia.org.br\/2013\/wp-content\/uploads\/2016\/04\/lesbos-20162.jpg\" alt=\"lesbos-20162\" width=\"712\" height=\"436\" srcset=\"https:\/\/news.ecclesia.org.br\/wp-content\/uploads\/2016\/04\/lesbos-20162.jpg 712w, https:\/\/news.ecclesia.org.br\/wp-content\/uploads\/2016\/04\/lesbos-20162-300x184.jpg 300w, https:\/\/news.ecclesia.org.br\/wp-content\/uploads\/2016\/04\/lesbos-20162-600x367.jpg 600w, https:\/\/news.ecclesia.org.br\/wp-content\/uploads\/2016\/04\/lesbos-20162-90x55.jpg 90w, https:\/\/news.ecclesia.org.br\/wp-content\/uploads\/2016\/04\/lesbos-20162-210x130.jpg 210w\" sizes=\"(max-width: 712px) 100vw, 712px\" \/><\/a><\/h2>\n<h2 style=\"text-align: center;\">\u202fDeclara\u00e7\u00e3o Conjunta de S.S. Bartolomeu I,<br \/>\nPatriarca Ecum\u00eanico de Constantinopla,<br \/>\nS.B. Ieronymos, Arcebispo de Atenas e Toda a Gr\u00e9cia\u202fe<br \/>\nde S.S. Francisco, Papa de Roma.<\/h2>\n<p style=\"text-align: justify;\">S\u00e1bado, 16 de abril de 2016<\/p>\n<p style=\"text-align: justify;\">N\u00f3s, Papa Francisco, Patriarca Ecum\u00eanico Bartolomeu e Arcebispo Hieronymos de Atenas e de toda a Gr\u00e9cia, reunimo-nos na Ilha grega de Lesbos para manifestar a nossa profunda preocupa\u00e7\u00e3o pela situa\u00e7\u00e3o tr\u00e1gica de numerosos refugiados, migrantes e requerentes asilo que t\u00eam chegado \u00e0 Europa fugindo de situa\u00e7\u00f5es de conflito e, em muitos casos, amea\u00e7as di\u00e1rias \u00e0 sua sobreviv\u00eancia. A opini\u00e3o mundial n\u00e3o pode ignorar a crise humanit\u00e1ria colossal, criada pelo incremento de viol\u00eancia e conflitos armados, a persegui\u00e7\u00e3o e deslocamento de minorias religiosas e \u00e9tnicas e o desenraizamento de fam\u00edlias dos seus lares, violando a sua dignidade humana, os seus direitos humanos fundamentais e liberdades.<\/p>\n<p style=\"text-align: justify;\">A trag\u00e9dia da migra\u00e7\u00e3o e deslocamento for\u00e7ados afeta milh\u00f5es de pessoas e \u00e9, fundamentalmente, uma crise da humanidade, clamando por uma resposta feita de solidariedade, compaix\u00e3o, generosidade e um compromisso econ\u00f3mico imediato e pr\u00e1tico. Daqui, de Lesbos, fazemos apelo \u00e0 comunidade internacional para responder com coragem a esta maci\u00e7a crise humanit\u00e1ria e \u00e0s causas que lhe est\u00e3o subjacentes, por meio de iniciativas diplom\u00e1ticas, pol\u00edticas e caritativas e atrav\u00e9s de esfor\u00e7os de coopera\u00e7\u00e3o simultaneamente no M\u00e9dio Oriente e na Europa.<\/p>\n<p style=\"text-align: justify;\">Como l\u00edderes das nossas respetivas Igrejas, estamos unidos no nosso desejo de paz e na nossa disponibilidade para promover a resolu\u00e7\u00e3o de conflitos atrav\u00e9s do di\u00e1logo e da reconcilia\u00e7\u00e3o. Enquanto reconhecemos os esfor\u00e7os que j\u00e1 se v\u00e3o fazendo para fornecer ajuda e assist\u00eancia aos refugiados, migrantes e requerentes asilo, apelamos a todos os l\u00edderes pol\u00edticos para que usem todos os meios poss\u00edveis a fim de garantir que os indiv\u00edduos e as comunidades, incluindo os crist\u00e3os, permane\u00e7am nos seus pa\u00edses de origem e gozem do direito fundamental de viver em paz e seguran\u00e7a. H\u00e1 necessidade urgente de um consenso internacional mais amplo e um programa de assist\u00eancia para sustentar o Estado de direito, defender os direitos humanos fundamentais nesta situa\u00e7\u00e3o insustent\u00e1vel, proteger minorias, combater o tr\u00e1fico humano e o contrabando, eliminar rotas inseguras como as do Egeu e de todo o Mediterr\u00e2neo, e desenvolver procedimentos seguros de reinstala\u00e7\u00e3o. Deste modo seremos capazes de ajudar os pa\u00edses diretamente envolvidos na resposta \u00e0s necessidades de in\u00fameros irm\u00e3os e irm\u00e3s nossos que sofrem. De modo particular, afirmamos a nossa solidariedade ao povo da Gr\u00e9cia que, n\u00e3o obstante as suas pr\u00f3prias dificuldades econ\u00f4micas, tem respondido generosamente a esta crise.<\/p>\n<p style=\"text-align: justify;\">Juntos, solenemente, imploramos o fim da guerra e da viol\u00eancia no M\u00e9dio Oriente, uma paz justa e duradoura e o regresso honroso daqueles que foram for\u00e7ados a abandonar as suas casas. Pedimos \u00e0s comunidades religiosas que aumentem os seus esfor\u00e7os para receber, assistir e proteger os refugiados de todas as cren\u00e7as, e que os servi\u00e7os religiosos e civis de assist\u00eancia se empenhem por coordenar os seus esfor\u00e7os. Enquanto perdurar a necessidade, pedimos a todos os pa\u00edses que alarguem o asilo tempor\u00e1rio, ofere\u00e7am o estatuto de refugiado a quantos se apresentarem id\u00f4neos, ampliem os seus esfor\u00e7os de socorro e colaborem com todos os homens e mulheres de boa vontade para um r\u00e1pido fim dos conflitos em curso.<\/p>\n<p style=\"text-align: justify;\">Hoje, a Europa enfrenta uma das suas crises humanit\u00e1rias mais s\u00e9rias desde o fim da II Guerra Mundial. Para vencer este grave desafio, fazemos apelo a todos os seguidores de Cristo para que tenham em mente as palavras do Senhor, segundo as quais seremos um dia julgados: \u00abPorque tive fome e destes-me de comer, tive sede e destes-me de beber, era peregrino e recolhestes-me, estava nu e destes-me que vestir, adoeci e visitastes-me, estive na pris\u00e3o e fostes ter comigo. (\u2026) Em verdade vos digo: Sempre que fizestes isto a um destes meus irm\u00e3os mais pequeninos, a mim mesmo o fizestes\u00bb (Mt 25, 35-36.40).<\/p>\n<p style=\"text-align: justify;\">Da nossa parte, em obedi\u00eancia \u00e0 vontade de nosso Senhor Jesus Cristo, estamos firme e sinceramente decididos a intensificar os nossos esfor\u00e7os para promover a plena unidade de todos os crist\u00e3os. Reafirmamos a nossa convic\u00e7\u00e3o de que \u00aba reconcilia\u00e7\u00e3o [entre os crist\u00e3os] envolve a promo\u00e7\u00e3o da justi\u00e7a social dentro e entre todos os povos (&#8230;). Juntos, faremos a nossa parte para oferecer aos migrantes, refugiados e requerentes asilo uma rece\u00e7\u00e3o humana na Europa\u00bb (Charta \u0153cumenica, 2001). O nosso objetivo, ao defender os direitos humanos fundamentais dos refugiados, requerentes asilo e migrantes e de tantas pessoas marginalizadas nas nossas sociedades, \u00e9 cumprir a miss\u00e3o de servi\u00e7o das Igrejas ao mundo.<\/p>\n<p style=\"text-align: justify;\">O nosso encontro de hoje pretende dar coragem e esperan\u00e7a a quantos procuram ref\u00fagio e a todos aqueles que os acolhem e assistem. Instamos a comunidade internacional a fazer da prote\u00e7\u00e3o das vidas humanas uma prioridade e a apoiar, em todos os n\u00edveis, pol\u00edticas inclusivas que se estendam a todas as comunidades religiosas. A terr\u00edvel situa\u00e7\u00e3o de todas as pessoas afetadas pela atual crise humanit\u00e1ria, incluindo muitos dos nossos irm\u00e3os e irm\u00e3s crist\u00e3os, clama pela nossa ora\u00e7\u00e3o constante.<\/p>\n<p style=\"text-align: right;\">Lesbos, 16 de abril de 2016.<\/p>\n<p style=\"text-align: center;\">\u2020\u00a0Hieronymos II \u00a0 \u00a0 \u00a0 \u00a0 \u00a0 \u00a0 \u00a0 \u00a0\u2020\u00a0Francisco \u00a0 \u00a0 \u00a0 \u00a0 \u00a0 \u00a0 \u00a0 \u00a0\u2020\u00a0Bartolomeu I<\/p>\n","protected":false},"excerpt":{"rendered":"<p>\u202fDeclara\u00e7\u00e3o Conjunta de S.S. Bartolomeu I, Patriarca Ecum\u00eanico de Constantinopla, S.B. Ieronymos, Arcebispo de Atenas e Toda a Gr\u00e9cia\u202fe de S.S. Francisco, Papa de Roma. S\u00e1bado, 16 de abril de 2016 N\u00f3s, Papa Francisco, Patriarca Ecum\u00eanico Bartolomeu e Arcebispo Hieronymos&#8230;<\/p>\n","protected":false},"author":1,"featured_media":20318,"comment_status":"open","ping_status":"open","sticky":false,"template":"","format":"standard","meta":{"_acf_changed":false,"footnotes":""},"categories":[1,72],"tags":[],"class_list":["post-20315","post","type-post","status-publish","format-standard","has-post-thumbnail","hentry","category-news","category-patriarcado-ecumenico","entry","rows-excerpt"],"acf":[],"yoast_head":"<!-- This site is optimized with the Yoast SEO plugin v27.4 - https:\/\/yoast.com\/product\/yoast-seo-wordpress\/ -->\n<title>Lesbos: Declara\u00e7\u00e3o Conjunta dos tr\u00eas L\u00edderes Religiosos | ECCLESIA NEWS<\/title>\n<meta name=\"robots\" content=\"index, follow, max-snippet:-1, max-image-preview:large, max-video-preview:-1\" \/>\n<link rel=\"canonical\" href=\"https:\/\/news.ecclesia.org.br\/?p=20315\" \/>\n<meta property=\"og:locale\" content=\"pt_BR\" \/>\n<meta property=\"og:type\" content=\"article\" \/>\n<meta property=\"og:title\" content=\"Lesbos: Declara\u00e7\u00e3o Conjunta dos tr\u00eas L\u00edderes Religiosos | ECCLESIA NEWS\" \/>\n<meta property=\"og:description\" content=\"\u202fDeclara\u00e7\u00e3o Conjunta de S.S. Bartolomeu I, Patriarca Ecum\u00eanico de Constantinopla, S.B. Ieronymos, Arcebispo de Atenas e Toda a Gr\u00e9cia\u202fe de S.S. Francisco, Papa de Roma. S\u00e1bado, 16 de abril de 2016 N\u00f3s, Papa Francisco, Patriarca Ecum\u00eanico Bartolomeu e Arcebispo Hieronymos&#8230;\" \/>\n<meta property=\"og:url\" content=\"https:\/\/news.ecclesia.org.br\/?p=20315\" \/>\n<meta property=\"og:site_name\" content=\"ECCLESIA NEWS\" \/>\n<meta property=\"article:publisher\" content=\"https:\/\/www.facebook.com\/Ecclesia2025\" \/>\n<meta property=\"article:published_time\" content=\"2016-04-16T19:17:48+00:00\" \/>\n<meta property=\"article:modified_time\" content=\"2016-04-17T14:16:59+00:00\" \/>\n<meta property=\"og:image\" content=\"https:\/\/news.ecclesia.org.br\/wp-content\/uploads\/2016\/04\/lesbos-2016-1.jpg\" \/>\n\t<meta property=\"og:image:width\" content=\"640\" \/>\n\t<meta property=\"og:image:height\" content=\"339\" \/>\n\t<meta property=\"og:image:type\" content=\"image\/jpeg\" \/>\n<meta name=\"author\" content=\"Pe. Andr\u00e9\" \/>\n<meta name=\"twitter:card\" content=\"summary_large_image\" \/>\n<meta name=\"twitter:creator\" content=\"@EcclesiaNews\" \/>\n<meta name=\"twitter:site\" content=\"@EcclesiaNews\" \/>\n<meta name=\"twitter:label1\" content=\"Escrito por\" \/>\n\t<meta name=\"twitter:data1\" content=\"Pe. Andr\u00e9\" \/>\n\t<meta name=\"twitter:label2\" content=\"Est. tempo de leitura\" \/>\n\t<meta name=\"twitter:data2\" content=\"5 minutos\" \/>\n<script type=\"application\/ld+json\" class=\"yoast-schema-graph\">{\"@context\":\"https:\\\/\\\/schema.org\",\"@graph\":[{\"@type\":\"Article\",\"@id\":\"https:\\\/\\\/news.ecclesia.org.br\\\/?p=20315#article\",\"isPartOf\":{\"@id\":\"https:\\\/\\\/news.ecclesia.org.br\\\/?p=20315\"},\"author\":{\"name\":\"Pe. Andr\u00e9\",\"@id\":\"https:\\\/\\\/news.ecclesia.org.br\\\/#\\\/schema\\\/person\\\/6f09597f025829745ba414a569f63758\"},\"headline\":\"Lesbos: Declara\u00e7\u00e3o Conjunta dos tr\u00eas L\u00edderes Religiosos\",\"datePublished\":\"2016-04-16T19:17:48+00:00\",\"dateModified\":\"2016-04-17T14:16:59+00:00\",\"mainEntityOfPage\":{\"@id\":\"https:\\\/\\\/news.ecclesia.org.br\\\/?p=20315\"},\"wordCount\":934,\"commentCount\":0,\"publisher\":{\"@id\":\"https:\\\/\\\/news.ecclesia.org.br\\\/#organization\"},\"image\":{\"@id\":\"https:\\\/\\\/news.ecclesia.org.br\\\/?p=20315#primaryimage\"},\"thumbnailUrl\":\"https:\\\/\\\/news.ecclesia.org.br\\\/wp-content\\\/uploads\\\/2016\\\/04\\\/lesbos-2016-1.jpg\",\"articleSection\":[\"NEWS\",\"Patriarcado Ecum\u00eanico\"],\"inLanguage\":\"pt-BR\",\"potentialAction\":[{\"@type\":\"CommentAction\",\"name\":\"Comment\",\"target\":[\"https:\\\/\\\/news.ecclesia.org.br\\\/?p=20315#respond\"]}]},{\"@type\":\"WebPage\",\"@id\":\"https:\\\/\\\/news.ecclesia.org.br\\\/?p=20315\",\"url\":\"https:\\\/\\\/news.ecclesia.org.br\\\/?p=20315\",\"name\":\"Lesbos: Declara\u00e7\u00e3o Conjunta dos tr\u00eas L\u00edderes Religiosos | ECCLESIA NEWS\",\"isPartOf\":{\"@id\":\"https:\\\/\\\/news.ecclesia.org.br\\\/#website\"},\"primaryImageOfPage\":{\"@id\":\"https:\\\/\\\/news.ecclesia.org.br\\\/?p=20315#primaryimage\"},\"image\":{\"@id\":\"https:\\\/\\\/news.ecclesia.org.br\\\/?p=20315#primaryimage\"},\"thumbnailUrl\":\"https:\\\/\\\/news.ecclesia.org.br\\\/wp-content\\\/uploads\\\/2016\\\/04\\\/lesbos-2016-1.jpg\",\"datePublished\":\"2016-04-16T19:17:48+00:00\",\"dateModified\":\"2016-04-17T14:16:59+00:00\",\"breadcrumb\":{\"@id\":\"https:\\\/\\\/news.ecclesia.org.br\\\/?p=20315#breadcrumb\"},\"inLanguage\":\"pt-BR\",\"potentialAction\":[{\"@type\":\"ReadAction\",\"target\":[\"https:\\\/\\\/news.ecclesia.org.br\\\/?p=20315\"]}]},{\"@type\":\"ImageObject\",\"inLanguage\":\"pt-BR\",\"@id\":\"https:\\\/\\\/news.ecclesia.org.br\\\/?p=20315#primaryimage\",\"url\":\"https:\\\/\\\/news.ecclesia.org.br\\\/wp-content\\\/uploads\\\/2016\\\/04\\\/lesbos-2016-1.jpg\",\"contentUrl\":\"https:\\\/\\\/news.ecclesia.org.br\\\/wp-content\\\/uploads\\\/2016\\\/04\\\/lesbos-2016-1.jpg\",\"width\":640,\"height\":339},{\"@type\":\"BreadcrumbList\",\"@id\":\"https:\\\/\\\/news.ecclesia.org.br\\\/?p=20315#breadcrumb\",\"itemListElement\":[{\"@type\":\"ListItem\",\"position\":1,\"name\":\"In\u00edcio\",\"item\":\"https:\\\/\\\/news.ecclesia.org.br\\\/\"},{\"@type\":\"ListItem\",\"position\":2,\"name\":\"Lesbos: Declara\u00e7\u00e3o Conjunta dos tr\u00eas L\u00edderes Religiosos\"}]},{\"@type\":\"WebSite\",\"@id\":\"https:\\\/\\\/news.ecclesia.org.br\\\/#website\",\"url\":\"https:\\\/\\\/news.ecclesia.org.br\\\/\",\"name\":\"Ecclesia Brasil\",\"description\":\"Desde 2003 onectando o Brasil ao mundo ortodoxo!\",\"publisher\":{\"@id\":\"https:\\\/\\\/news.ecclesia.org.br\\\/#organization\"},\"alternateName\":\"Ecclesia\",\"potentialAction\":[{\"@type\":\"SearchAction\",\"target\":{\"@type\":\"EntryPoint\",\"urlTemplate\":\"https:\\\/\\\/news.ecclesia.org.br\\\/?s={search_term_string}\"},\"query-input\":{\"@type\":\"PropertyValueSpecification\",\"valueRequired\":true,\"valueName\":\"search_term_string\"}}],\"inLanguage\":\"pt-BR\"},{\"@type\":\"Organization\",\"@id\":\"https:\\\/\\\/news.ecclesia.org.br\\\/#organization\",\"name\":\"Sacra Arquidiocese de Buenos Aires e Am\u00e9rica do Sul | Patriarcado Ecum\u00eanico\",\"alternateName\":\"News Ecclesia Brasil\",\"url\":\"https:\\\/\\\/news.ecclesia.org.br\\\/\",\"logo\":{\"@type\":\"ImageObject\",\"inLanguage\":\"pt-BR\",\"@id\":\"https:\\\/\\\/news.ecclesia.org.br\\\/#\\\/schema\\\/logo\\\/image\\\/\",\"url\":\"https:\\\/\\\/news.ecclesia.org.br\\\/wp-content\\\/uploads\\\/2025\\\/05\\\/ecclesia2.png\",\"contentUrl\":\"https:\\\/\\\/news.ecclesia.org.br\\\/wp-content\\\/uploads\\\/2025\\\/05\\\/ecclesia2.png\",\"width\":480,\"height\":120,\"caption\":\"Sacra Arquidiocese de Buenos Aires e Am\u00e9rica do Sul | Patriarcado Ecum\u00eanico\"},\"image\":{\"@id\":\"https:\\\/\\\/news.ecclesia.org.br\\\/#\\\/schema\\\/logo\\\/image\\\/\"},\"sameAs\":[\"https:\\\/\\\/www.facebook.com\\\/Ecclesia2025\",\"https:\\\/\\\/x.com\\\/EcclesiaNews\",\"https:\\\/\\\/br.pinterest.com\\\/ekklisia\\\/\",\"https:\\\/\\\/www.youtube.com\\\/@EcclesiaBrasil\"]},{\"@type\":\"Person\",\"@id\":\"https:\\\/\\\/news.ecclesia.org.br\\\/#\\\/schema\\\/person\\\/6f09597f025829745ba414a569f63758\",\"name\":\"Pe. Andr\u00e9\",\"image\":{\"@type\":\"ImageObject\",\"inLanguage\":\"pt-BR\",\"@id\":\"https:\\\/\\\/secure.gravatar.com\\\/avatar\\\/b4327cfa27e9799da239a26adcd534fc29cdc0c4a4a148eecbcfeb9b42c617ac?s=96&d=mm&r=g\",\"url\":\"https:\\\/\\\/secure.gravatar.com\\\/avatar\\\/b4327cfa27e9799da239a26adcd534fc29cdc0c4a4a148eecbcfeb9b42c617ac?s=96&d=mm&r=g\",\"contentUrl\":\"https:\\\/\\\/secure.gravatar.com\\\/avatar\\\/b4327cfa27e9799da239a26adcd534fc29cdc0c4a4a148eecbcfeb9b42c617ac?s=96&d=mm&r=g\",\"caption\":\"Pe. Andr\u00e9\"},\"sameAs\":[\"https:\\\/\\\/www.ecclesia.org.br\"]}]}<\/script>\n<!-- \/ Yoast SEO plugin. -->","yoast_head_json":{"title":"Lesbos: Declara\u00e7\u00e3o Conjunta dos tr\u00eas L\u00edderes Religiosos | ECCLESIA NEWS","robots":{"index":"index","follow":"follow","max-snippet":"max-snippet:-1","max-image-preview":"max-image-preview:large","max-video-preview":"max-video-preview:-1"},"canonical":"https:\/\/news.ecclesia.org.br\/?p=20315","og_locale":"pt_BR","og_type":"article","og_title":"Lesbos: Declara\u00e7\u00e3o Conjunta dos tr\u00eas L\u00edderes Religiosos | ECCLESIA NEWS","og_description":"\u202fDeclara\u00e7\u00e3o Conjunta de S.S. Bartolomeu I, Patriarca Ecum\u00eanico de Constantinopla, S.B. Ieronymos, Arcebispo de Atenas e Toda a Gr\u00e9cia\u202fe de S.S. Francisco, Papa de Roma. S\u00e1bado, 16 de abril de 2016 N\u00f3s, Papa Francisco, Patriarca Ecum\u00eanico Bartolomeu e Arcebispo Hieronymos&#8230;","og_url":"https:\/\/news.ecclesia.org.br\/?p=20315","og_site_name":"ECCLESIA NEWS","article_publisher":"https:\/\/www.facebook.com\/Ecclesia2025","article_published_time":"2016-04-16T19:17:48+00:00","article_modified_time":"2016-04-17T14:16:59+00:00","og_image":[{"width":640,"height":339,"url":"https:\/\/news.ecclesia.org.br\/wp-content\/uploads\/2016\/04\/lesbos-2016-1.jpg","type":"image\/jpeg"}],"author":"Pe. Andr\u00e9","twitter_card":"summary_large_image","twitter_creator":"@EcclesiaNews","twitter_site":"@EcclesiaNews","twitter_misc":{"Escrito por":"Pe. Andr\u00e9","Est. tempo de leitura":"5 minutos"},"schema":{"@context":"https:\/\/schema.org","@graph":[{"@type":"Article","@id":"https:\/\/news.ecclesia.org.br\/?p=20315#article","isPartOf":{"@id":"https:\/\/news.ecclesia.org.br\/?p=20315"},"author":{"name":"Pe. Andr\u00e9","@id":"https:\/\/news.ecclesia.org.br\/#\/schema\/person\/6f09597f025829745ba414a569f63758"},"headline":"Lesbos: Declara\u00e7\u00e3o Conjunta dos tr\u00eas L\u00edderes Religiosos","datePublished":"2016-04-16T19:17:48+00:00","dateModified":"2016-04-17T14:16:59+00:00","mainEntityOfPage":{"@id":"https:\/\/news.ecclesia.org.br\/?p=20315"},"wordCount":934,"commentCount":0,"publisher":{"@id":"https:\/\/news.ecclesia.org.br\/#organization"},"image":{"@id":"https:\/\/news.ecclesia.org.br\/?p=20315#primaryimage"},"thumbnailUrl":"https:\/\/news.ecclesia.org.br\/wp-content\/uploads\/2016\/04\/lesbos-2016-1.jpg","articleSection":["NEWS","Patriarcado Ecum\u00eanico"],"inLanguage":"pt-BR","potentialAction":[{"@type":"CommentAction","name":"Comment","target":["https:\/\/news.ecclesia.org.br\/?p=20315#respond"]}]},{"@type":"WebPage","@id":"https:\/\/news.ecclesia.org.br\/?p=20315","url":"https:\/\/news.ecclesia.org.br\/?p=20315","name":"Lesbos: Declara\u00e7\u00e3o Conjunta dos tr\u00eas L\u00edderes Religiosos | ECCLESIA NEWS","isPartOf":{"@id":"https:\/\/news.ecclesia.org.br\/#website"},"primaryImageOfPage":{"@id":"https:\/\/news.ecclesia.org.br\/?p=20315#primaryimage"},"image":{"@id":"https:\/\/news.ecclesia.org.br\/?p=20315#primaryimage"},"thumbnailUrl":"https:\/\/news.ecclesia.org.br\/wp-content\/uploads\/2016\/04\/lesbos-2016-1.jpg","datePublished":"2016-04-16T19:17:48+00:00","dateModified":"2016-04-17T14:16:59+00:00","breadcrumb":{"@id":"https:\/\/news.ecclesia.org.br\/?p=20315#breadcrumb"},"inLanguage":"pt-BR","potentialAction":[{"@type":"ReadAction","target":["https:\/\/news.ecclesia.org.br\/?p=20315"]}]},{"@type":"ImageObject","inLanguage":"pt-BR","@id":"https:\/\/news.ecclesia.org.br\/?p=20315#primaryimage","url":"https:\/\/news.ecclesia.org.br\/wp-content\/uploads\/2016\/04\/lesbos-2016-1.jpg","contentUrl":"https:\/\/news.ecclesia.org.br\/wp-content\/uploads\/2016\/04\/lesbos-2016-1.jpg","width":640,"height":339},{"@type":"BreadcrumbList","@id":"https:\/\/news.ecclesia.org.br\/?p=20315#breadcrumb","itemListElement":[{"@type":"ListItem","position":1,"name":"In\u00edcio","item":"https:\/\/news.ecclesia.org.br\/"},{"@type":"ListItem","position":2,"name":"Lesbos: Declara\u00e7\u00e3o Conjunta dos tr\u00eas L\u00edderes Religiosos"}]},{"@type":"WebSite","@id":"https:\/\/news.ecclesia.org.br\/#website","url":"https:\/\/news.ecclesia.org.br\/","name":"Ecclesia Brasil","description":"Desde 2003 onectando o Brasil ao mundo ortodoxo!","publisher":{"@id":"https:\/\/news.ecclesia.org.br\/#organization"},"alternateName":"Ecclesia","potentialAction":[{"@type":"SearchAction","target":{"@type":"EntryPoint","urlTemplate":"https:\/\/news.ecclesia.org.br\/?s={search_term_string}"},"query-input":{"@type":"PropertyValueSpecification","valueRequired":true,"valueName":"search_term_string"}}],"inLanguage":"pt-BR"},{"@type":"Organization","@id":"https:\/\/news.ecclesia.org.br\/#organization","name":"Sacra Arquidiocese de Buenos Aires e Am\u00e9rica do Sul | Patriarcado Ecum\u00eanico","alternateName":"News Ecclesia Brasil","url":"https:\/\/news.ecclesia.org.br\/","logo":{"@type":"ImageObject","inLanguage":"pt-BR","@id":"https:\/\/news.ecclesia.org.br\/#\/schema\/logo\/image\/","url":"https:\/\/news.ecclesia.org.br\/wp-content\/uploads\/2025\/05\/ecclesia2.png","contentUrl":"https:\/\/news.ecclesia.org.br\/wp-content\/uploads\/2025\/05\/ecclesia2.png","width":480,"height":120,"caption":"Sacra Arquidiocese de Buenos Aires e Am\u00e9rica do Sul | Patriarcado Ecum\u00eanico"},"image":{"@id":"https:\/\/news.ecclesia.org.br\/#\/schema\/logo\/image\/"},"sameAs":["https:\/\/www.facebook.com\/Ecclesia2025","https:\/\/x.com\/EcclesiaNews","https:\/\/br.pinterest.com\/ekklisia\/","https:\/\/www.youtube.com\/@EcclesiaBrasil"]},{"@type":"Person","@id":"https:\/\/news.ecclesia.org.br\/#\/schema\/person\/6f09597f025829745ba414a569f63758","name":"Pe. Andr\u00e9","image":{"@type":"ImageObject","inLanguage":"pt-BR","@id":"https:\/\/secure.gravatar.com\/avatar\/b4327cfa27e9799da239a26adcd534fc29cdc0c4a4a148eecbcfeb9b42c617ac?s=96&d=mm&r=g","url":"https:\/\/secure.gravatar.com\/avatar\/b4327cfa27e9799da239a26adcd534fc29cdc0c4a4a148eecbcfeb9b42c617ac?s=96&d=mm&r=g","contentUrl":"https:\/\/secure.gravatar.com\/avatar\/b4327cfa27e9799da239a26adcd534fc29cdc0c4a4a148eecbcfeb9b42c617ac?s=96&d=mm&r=g","caption":"Pe. Andr\u00e9"},"sameAs":["https:\/\/www.ecclesia.org.br"]}]}},"_links":{"self":[{"href":"https:\/\/news.ecclesia.org.br\/index.php?rest_route=\/wp\/v2\/posts\/20315","targetHints":{"allow":["GET"]}}],"collection":[{"href":"https:\/\/news.ecclesia.org.br\/index.php?rest_route=\/wp\/v2\/posts"}],"about":[{"href":"https:\/\/news.ecclesia.org.br\/index.php?rest_route=\/wp\/v2\/types\/post"}],"author":[{"embeddable":true,"href":"https:\/\/news.ecclesia.org.br\/index.php?rest_route=\/wp\/v2\/users\/1"}],"replies":[{"embeddable":true,"href":"https:\/\/news.ecclesia.org.br\/index.php?rest_route=%2Fwp%2Fv2%2Fcomments&post=20315"}],"version-history":[{"count":0,"href":"https:\/\/news.ecclesia.org.br\/index.php?rest_route=\/wp\/v2\/posts\/20315\/revisions"}],"wp:featuredmedia":[{"embeddable":true,"href":"https:\/\/news.ecclesia.org.br\/index.php?rest_route=\/wp\/v2\/media\/20318"}],"wp:attachment":[{"href":"https:\/\/news.ecclesia.org.br\/index.php?rest_route=%2Fwp%2Fv2%2Fmedia&parent=20315"}],"wp:term":[{"taxonomy":"category","embeddable":true,"href":"https:\/\/news.ecclesia.org.br\/index.php?rest_route=%2Fwp%2Fv2%2Fcategories&post=20315"},{"taxonomy":"post_tag","embeddable":true,"href":"https:\/\/news.ecclesia.org.br\/index.php?rest_route=%2Fwp%2Fv2%2Ftags&post=20315"}],"curies":[{"name":"wp","href":"https:\/\/api.w.org\/{rel}","templated":true}]}}