{"id":20225,"date":"2016-04-15T15:26:06","date_gmt":"2016-04-15T18:26:06","guid":{"rendered":"https:\/\/news.ecclesia.org.br\/2013\/?p=20225"},"modified":"2023-09-16T07:04:48","modified_gmt":"2023-09-16T10:04:48","slug":"programa-da-visita-do-papa-francisco-de-roma-a-lesbos-grecia-neste-sabado-16-de-abril","status":"publish","type":"post","link":"https:\/\/news.ecclesia.org.br\/?p=20225","title":{"rendered":"Programa da visita do Papa Francisco de Roma a Lesbos (Gr\u00e9cia) neste s\u00e1bado, 16 de abril"},"content":{"rendered":"<p style=\"text-align: justify;\">Sexta, 15 de abril de 2016 &#8212; A agenda da visita a Lesbos (Gr\u00e9cia) neste s\u00e1bado, 16 de abril do Papa\u00a0Francisco, de Roma, que estar\u00e1 acompanhado do Patriarca Bartolomeu, de Constantinopla,\u00a0e do Arcebispo Ieronymos, de Atenas e Toda Gr\u00e9cia, foi publicada pela Sala de Imprensa da Santa S\u00e9, nesta sexta feira.<\/p>\n<ul>\n<li>7h \u2013 Papa Francisco parte do aeroporto internacional de Roma-Fiumicino para Mytilene<\/li>\n<li>10h20 \u2013 Chegada do Aeroporto Internacional de Mytilene<\/li>\n<\/ul>\n<h3>CERIM\u00d4NIA DE BOAS-VINDAS<\/h3>\n<p style=\"text-align: justify;\">Papa Francisco\u00a0\u00e9 recebido pelo primeiro-ministro; recebe, depois, as boas-vindas de S. S.\u00a0Bartolomeu, Patriarca Ecum\u00eanico de Constantinopla, de S. B.\u00a0Hieronymos, arcebispo de Atenas e de toda a Gr\u00e9cia, e, logo depois, de S. E. R.\u00a0Dom Fragkiskos Papamanolis, OFM Cap, presidente da Confer\u00eancia Episcopal Grega.<\/p>\n<ul>\n<li>10h35 \u2013 Encontro privado do Papa Francisco com o Primeiro-Ministro (no aeroporto)<\/li>\n<li>10h55 \u2013 Deslocamento em micro-\u00f4nibus com S. S.\u00a0Bartolomeu e S. B.\u00a0Hieronymos para o campo de refugiados de Moria (16 km).<\/li>\n<li>11h15 \u2013 Chegada ao campo de refugiados de Moria (que abriga cerca de 2.500 refugiados requerentes de asilo)<\/li>\n<\/ul>\n<h3>VISITA AOS REFUGIADOS<\/h3>\n<p style=\"text-align: justify;\">Ao longo das barreiras, est\u00e3o reunidos cerca de 150 menores abrigados no centro. Os l\u00edderes religiosos atravessam o p\u00e1tio dedicado ao registro dos refugiados e chegam \u00e0 grande tenda onde cumprimentam individualmente cerca de 250 requerentes de asilo.<\/p>\n<ul>\n<li>12h25 \u2013 Discursos do arcebispo Hieronymos; do Patriarca Bartolomeu e do Papa\u00a0Francisco do p\u00f3dio no p\u00e1tio do registro dos refugiados.<\/li>\n<li>12h40 \u2013 Assinatura da declara\u00e7\u00e3o conjunta.<\/li>\n<li>12h45 \u2013 Almo\u00e7o dos tr\u00eas l\u00edderes religiosos com alguns refugiados no cont\u00eainer atr\u00e1s do p\u00f3dio.<\/li>\n<li>13h30 \u2013 Deslocamento em micro\u00f4nibus para o porto (8 km)<\/li>\n<li>13h45 \u2013 Chegada Presidio da Guarda Costeira.<\/li>\n<\/ul>\n<h3>ENCONTRO COM CIDADANIA E COM A COMUNIDADE CAT\u00d3LICA. MEM\u00d3RIA DAS V\u00cdTIMAS DAS MIGRA\u00c7\u00d5ES.<\/h3>\n<ul>\n<li>Discurso do Papa Francisco.<\/li>\n<\/ul>\n<p>Ao t\u00e9rmino, os tr\u00eas l\u00edderes religiosos rezam, cada um, uma breve ora\u00e7\u00e3o pelas v\u00edtimas das migra\u00e7\u00f5es.\u00a0Ap\u00f3s\u00a0um minuto de sil\u00eancio, os tr\u00eas l\u00edderes recebem de tr\u00eas crian\u00e7as coroas de louros, que ser\u00e3o lan\u00e7adas ao mar.<\/p>\n<ul>\n<li>14h15 \u2013 Deslocamento em micro\u00f4nibus para o aeroporto (3 km).<\/li>\n<li>14h30 \u2013 No aeroporto:\n<ul>\n<li>Encontro privado com arcebispo de Atenas e de toda a Gr\u00e9cia.<\/li>\n<li>Encontro privado com o Patriarca Ecum\u00eanico.<\/li>\n<li>Reuni\u00e3o privada com o primeiro-ministro.<\/li>\n<\/ul>\n<\/li>\n<li>15h \u2013 Cerim\u00f4nia de despedida.<\/li>\n<li>15h15 \u2013 Partida de avi\u00e3o do Aeroporto Internacional de Mytilene para Roma.<\/li>\n<li>16h30 \u2013 Chegada ao aeroporto de Roma-Ciampino.<\/li>\n<\/ul>\n<p style=\"text-align: right;\">Fonte: <a href=\"http:\/\/www.ihu.unisinos.br\/noticias\/553720-programa-da-visita-do-papa-francisco-a-lesbos-grecia-neste-sabado-16-de-abril\" target=\"_blank\" rel=\"noopener\">IHU<\/a><\/p>\n","protected":false},"excerpt":{"rendered":"<p>Sexta, 15 de abril de 2016 &#8212; A agenda da visita a Lesbos (Gr\u00e9cia) neste s\u00e1bado, 16 de abril do Papa\u00a0Francisco, de Roma, que estar\u00e1 acompanhado do Patriarca Bartolomeu, de Constantinopla,\u00a0e do Arcebispo Ieronymos, de Atenas e Toda Gr\u00e9cia, foi&#8230;<\/p>\n","protected":false},"author":1,"featured_media":20227,"comment_status":"open","ping_status":"open","sticky":false,"template":"","format":"standard","meta":{"_acf_changed":false,"footnotes":""},"categories":[2743,1,72],"tags":[],"class_list":["post-20225","post","type-post","status-publish","format-standard","has-post-thumbnail","hentry","category-grecia","category-news","category-patriarcado-ecumenico","entry","rows-excerpt"],"acf":[],"yoast_head":"<!-- This site is optimized with the Yoast SEO plugin v27.4 - https:\/\/yoast.com\/product\/yoast-seo-wordpress\/ -->\n<title>Programa da visita do Papa Francisco de Roma a Lesbos (Gr\u00e9cia) neste s\u00e1bado, 16 de abril | ECCLESIA NEWS<\/title>\n<meta name=\"robots\" content=\"index, follow, max-snippet:-1, max-image-preview:large, max-video-preview:-1\" \/>\n<link rel=\"canonical\" href=\"https:\/\/news.ecclesia.org.br\/?p=20225\" \/>\n<meta property=\"og:locale\" content=\"pt_BR\" \/>\n<meta property=\"og:type\" content=\"article\" \/>\n<meta property=\"og:title\" content=\"Programa da visita do Papa Francisco de Roma a Lesbos (Gr\u00e9cia) neste s\u00e1bado, 16 de abril | ECCLESIA NEWS\" \/>\n<meta property=\"og:description\" content=\"Sexta, 15 de abril de 2016 &#8212; A agenda da visita a Lesbos (Gr\u00e9cia) neste s\u00e1bado, 16 de abril do Papa\u00a0Francisco, de Roma, que estar\u00e1 acompanhado do Patriarca Bartolomeu, de Constantinopla,\u00a0e do Arcebispo Ieronymos, de Atenas e Toda Gr\u00e9cia, foi&#8230;\" \/>\n<meta property=\"og:url\" content=\"https:\/\/news.ecclesia.org.br\/?p=20225\" \/>\n<meta property=\"og:site_name\" content=\"ECCLESIA NEWS\" \/>\n<meta property=\"article:publisher\" content=\"https:\/\/www.facebook.com\/Ecclesia2025\" \/>\n<meta property=\"article:published_time\" content=\"2016-04-15T18:26:06+00:00\" \/>\n<meta property=\"article:modified_time\" content=\"2023-09-16T10:04:48+00:00\" \/>\n<meta property=\"og:image\" content=\"https:\/\/news.ecclesia.org.br\/wp-content\/uploads\/2016\/04\/lesbos-paz.jpg\" \/>\n\t<meta property=\"og:image:width\" content=\"620\" \/>\n\t<meta property=\"og:image:height\" content=\"465\" \/>\n\t<meta property=\"og:image:type\" content=\"image\/jpeg\" \/>\n<meta name=\"author\" content=\"Pe. Andr\u00e9\" \/>\n<meta name=\"twitter:card\" content=\"summary_large_image\" \/>\n<meta name=\"twitter:creator\" content=\"@EcclesiaNews\" \/>\n<meta name=\"twitter:site\" content=\"@EcclesiaNews\" \/>\n<meta name=\"twitter:label1\" content=\"Escrito por\" \/>\n\t<meta name=\"twitter:data1\" content=\"Pe. Andr\u00e9\" \/>\n\t<meta name=\"twitter:label2\" content=\"Est. tempo de leitura\" \/>\n\t<meta name=\"twitter:data2\" content=\"2 minutos\" \/>\n<script type=\"application\/ld+json\" class=\"yoast-schema-graph\">{\"@context\":\"https:\\\/\\\/schema.org\",\"@graph\":[{\"@type\":\"Article\",\"@id\":\"https:\\\/\\\/news.ecclesia.org.br\\\/?p=20225#article\",\"isPartOf\":{\"@id\":\"https:\\\/\\\/news.ecclesia.org.br\\\/?p=20225\"},\"author\":{\"name\":\"Pe. Andr\u00e9\",\"@id\":\"https:\\\/\\\/news.ecclesia.org.br\\\/#\\\/schema\\\/person\\\/6f09597f025829745ba414a569f63758\"},\"headline\":\"Programa da visita do Papa Francisco de Roma a Lesbos (Gr\u00e9cia) neste s\u00e1bado, 16 de abril\",\"datePublished\":\"2016-04-15T18:26:06+00:00\",\"dateModified\":\"2023-09-16T10:04:48+00:00\",\"mainEntityOfPage\":{\"@id\":\"https:\\\/\\\/news.ecclesia.org.br\\\/?p=20225\"},\"wordCount\":426,\"commentCount\":0,\"publisher\":{\"@id\":\"https:\\\/\\\/news.ecclesia.org.br\\\/#organization\"},\"image\":{\"@id\":\"https:\\\/\\\/news.ecclesia.org.br\\\/?p=20225#primaryimage\"},\"thumbnailUrl\":\"https:\\\/\\\/news.ecclesia.org.br\\\/wp-content\\\/uploads\\\/2016\\\/04\\\/lesbos-paz.jpg\",\"articleSection\":[\"Igreja da Gr\u00e9cia\",\"NEWS\",\"Patriarcado Ecum\u00eanico\"],\"inLanguage\":\"pt-BR\",\"potentialAction\":[{\"@type\":\"CommentAction\",\"name\":\"Comment\",\"target\":[\"https:\\\/\\\/news.ecclesia.org.br\\\/?p=20225#respond\"]}]},{\"@type\":\"WebPage\",\"@id\":\"https:\\\/\\\/news.ecclesia.org.br\\\/?p=20225\",\"url\":\"https:\\\/\\\/news.ecclesia.org.br\\\/?p=20225\",\"name\":\"Programa da visita do Papa Francisco de Roma a Lesbos (Gr\u00e9cia) neste s\u00e1bado, 16 de abril | ECCLESIA NEWS\",\"isPartOf\":{\"@id\":\"https:\\\/\\\/news.ecclesia.org.br\\\/#website\"},\"primaryImageOfPage\":{\"@id\":\"https:\\\/\\\/news.ecclesia.org.br\\\/?p=20225#primaryimage\"},\"image\":{\"@id\":\"https:\\\/\\\/news.ecclesia.org.br\\\/?p=20225#primaryimage\"},\"thumbnailUrl\":\"https:\\\/\\\/news.ecclesia.org.br\\\/wp-content\\\/uploads\\\/2016\\\/04\\\/lesbos-paz.jpg\",\"datePublished\":\"2016-04-15T18:26:06+00:00\",\"dateModified\":\"2023-09-16T10:04:48+00:00\",\"breadcrumb\":{\"@id\":\"https:\\\/\\\/news.ecclesia.org.br\\\/?p=20225#breadcrumb\"},\"inLanguage\":\"pt-BR\",\"potentialAction\":[{\"@type\":\"ReadAction\",\"target\":[\"https:\\\/\\\/news.ecclesia.org.br\\\/?p=20225\"]}]},{\"@type\":\"ImageObject\",\"inLanguage\":\"pt-BR\",\"@id\":\"https:\\\/\\\/news.ecclesia.org.br\\\/?p=20225#primaryimage\",\"url\":\"https:\\\/\\\/news.ecclesia.org.br\\\/wp-content\\\/uploads\\\/2016\\\/04\\\/lesbos-paz.jpg\",\"contentUrl\":\"https:\\\/\\\/news.ecclesia.org.br\\\/wp-content\\\/uploads\\\/2016\\\/04\\\/lesbos-paz.jpg\",\"width\":620,\"height\":465},{\"@type\":\"BreadcrumbList\",\"@id\":\"https:\\\/\\\/news.ecclesia.org.br\\\/?p=20225#breadcrumb\",\"itemListElement\":[{\"@type\":\"ListItem\",\"position\":1,\"name\":\"In\u00edcio\",\"item\":\"https:\\\/\\\/news.ecclesia.org.br\\\/\"},{\"@type\":\"ListItem\",\"position\":2,\"name\":\"Programa da visita do Papa Francisco de Roma a Lesbos (Gr\u00e9cia) neste s\u00e1bado, 16 de abril\"}]},{\"@type\":\"WebSite\",\"@id\":\"https:\\\/\\\/news.ecclesia.org.br\\\/#website\",\"url\":\"https:\\\/\\\/news.ecclesia.org.br\\\/\",\"name\":\"Ecclesia Brasil\",\"description\":\"Desde 2003 onectando o Brasil ao mundo ortodoxo!\",\"publisher\":{\"@id\":\"https:\\\/\\\/news.ecclesia.org.br\\\/#organization\"},\"alternateName\":\"Ecclesia\",\"potentialAction\":[{\"@type\":\"SearchAction\",\"target\":{\"@type\":\"EntryPoint\",\"urlTemplate\":\"https:\\\/\\\/news.ecclesia.org.br\\\/?s={search_term_string}\"},\"query-input\":{\"@type\":\"PropertyValueSpecification\",\"valueRequired\":true,\"valueName\":\"search_term_string\"}}],\"inLanguage\":\"pt-BR\"},{\"@type\":\"Organization\",\"@id\":\"https:\\\/\\\/news.ecclesia.org.br\\\/#organization\",\"name\":\"Sacra Arquidiocese de Buenos Aires e Am\u00e9rica do Sul | Patriarcado Ecum\u00eanico\",\"alternateName\":\"News Ecclesia Brasil\",\"url\":\"https:\\\/\\\/news.ecclesia.org.br\\\/\",\"logo\":{\"@type\":\"ImageObject\",\"inLanguage\":\"pt-BR\",\"@id\":\"https:\\\/\\\/news.ecclesia.org.br\\\/#\\\/schema\\\/logo\\\/image\\\/\",\"url\":\"https:\\\/\\\/news.ecclesia.org.br\\\/wp-content\\\/uploads\\\/2025\\\/05\\\/ecclesia2.png\",\"contentUrl\":\"https:\\\/\\\/news.ecclesia.org.br\\\/wp-content\\\/uploads\\\/2025\\\/05\\\/ecclesia2.png\",\"width\":480,\"height\":120,\"caption\":\"Sacra Arquidiocese de Buenos Aires e Am\u00e9rica do Sul | Patriarcado Ecum\u00eanico\"},\"image\":{\"@id\":\"https:\\\/\\\/news.ecclesia.org.br\\\/#\\\/schema\\\/logo\\\/image\\\/\"},\"sameAs\":[\"https:\\\/\\\/www.facebook.com\\\/Ecclesia2025\",\"https:\\\/\\\/x.com\\\/EcclesiaNews\",\"https:\\\/\\\/br.pinterest.com\\\/ekklisia\\\/\",\"https:\\\/\\\/www.youtube.com\\\/@EcclesiaBrasil\"]},{\"@type\":\"Person\",\"@id\":\"https:\\\/\\\/news.ecclesia.org.br\\\/#\\\/schema\\\/person\\\/6f09597f025829745ba414a569f63758\",\"name\":\"Pe. Andr\u00e9\",\"image\":{\"@type\":\"ImageObject\",\"inLanguage\":\"pt-BR\",\"@id\":\"https:\\\/\\\/secure.gravatar.com\\\/avatar\\\/b4327cfa27e9799da239a26adcd534fc29cdc0c4a4a148eecbcfeb9b42c617ac?s=96&d=mm&r=g\",\"url\":\"https:\\\/\\\/secure.gravatar.com\\\/avatar\\\/b4327cfa27e9799da239a26adcd534fc29cdc0c4a4a148eecbcfeb9b42c617ac?s=96&d=mm&r=g\",\"contentUrl\":\"https:\\\/\\\/secure.gravatar.com\\\/avatar\\\/b4327cfa27e9799da239a26adcd534fc29cdc0c4a4a148eecbcfeb9b42c617ac?s=96&d=mm&r=g\",\"caption\":\"Pe. Andr\u00e9\"},\"sameAs\":[\"https:\\\/\\\/www.ecclesia.org.br\"]}]}<\/script>\n<!-- \/ Yoast SEO plugin. -->","yoast_head_json":{"title":"Programa da visita do Papa Francisco de Roma a Lesbos (Gr\u00e9cia) neste s\u00e1bado, 16 de abril | ECCLESIA NEWS","robots":{"index":"index","follow":"follow","max-snippet":"max-snippet:-1","max-image-preview":"max-image-preview:large","max-video-preview":"max-video-preview:-1"},"canonical":"https:\/\/news.ecclesia.org.br\/?p=20225","og_locale":"pt_BR","og_type":"article","og_title":"Programa da visita do Papa Francisco de Roma a Lesbos (Gr\u00e9cia) neste s\u00e1bado, 16 de abril | ECCLESIA NEWS","og_description":"Sexta, 15 de abril de 2016 &#8212; A agenda da visita a Lesbos (Gr\u00e9cia) neste s\u00e1bado, 16 de abril do Papa\u00a0Francisco, de Roma, que estar\u00e1 acompanhado do Patriarca Bartolomeu, de Constantinopla,\u00a0e do Arcebispo Ieronymos, de Atenas e Toda Gr\u00e9cia, foi&#8230;","og_url":"https:\/\/news.ecclesia.org.br\/?p=20225","og_site_name":"ECCLESIA NEWS","article_publisher":"https:\/\/www.facebook.com\/Ecclesia2025","article_published_time":"2016-04-15T18:26:06+00:00","article_modified_time":"2023-09-16T10:04:48+00:00","og_image":[{"width":620,"height":465,"url":"https:\/\/news.ecclesia.org.br\/wp-content\/uploads\/2016\/04\/lesbos-paz.jpg","type":"image\/jpeg"}],"author":"Pe. Andr\u00e9","twitter_card":"summary_large_image","twitter_creator":"@EcclesiaNews","twitter_site":"@EcclesiaNews","twitter_misc":{"Escrito por":"Pe. Andr\u00e9","Est. tempo de leitura":"2 minutos"},"schema":{"@context":"https:\/\/schema.org","@graph":[{"@type":"Article","@id":"https:\/\/news.ecclesia.org.br\/?p=20225#article","isPartOf":{"@id":"https:\/\/news.ecclesia.org.br\/?p=20225"},"author":{"name":"Pe. Andr\u00e9","@id":"https:\/\/news.ecclesia.org.br\/#\/schema\/person\/6f09597f025829745ba414a569f63758"},"headline":"Programa da visita do Papa Francisco de Roma a Lesbos (Gr\u00e9cia) neste s\u00e1bado, 16 de abril","datePublished":"2016-04-15T18:26:06+00:00","dateModified":"2023-09-16T10:04:48+00:00","mainEntityOfPage":{"@id":"https:\/\/news.ecclesia.org.br\/?p=20225"},"wordCount":426,"commentCount":0,"publisher":{"@id":"https:\/\/news.ecclesia.org.br\/#organization"},"image":{"@id":"https:\/\/news.ecclesia.org.br\/?p=20225#primaryimage"},"thumbnailUrl":"https:\/\/news.ecclesia.org.br\/wp-content\/uploads\/2016\/04\/lesbos-paz.jpg","articleSection":["Igreja da Gr\u00e9cia","NEWS","Patriarcado Ecum\u00eanico"],"inLanguage":"pt-BR","potentialAction":[{"@type":"CommentAction","name":"Comment","target":["https:\/\/news.ecclesia.org.br\/?p=20225#respond"]}]},{"@type":"WebPage","@id":"https:\/\/news.ecclesia.org.br\/?p=20225","url":"https:\/\/news.ecclesia.org.br\/?p=20225","name":"Programa da visita do Papa Francisco de Roma a Lesbos (Gr\u00e9cia) neste s\u00e1bado, 16 de abril | ECCLESIA NEWS","isPartOf":{"@id":"https:\/\/news.ecclesia.org.br\/#website"},"primaryImageOfPage":{"@id":"https:\/\/news.ecclesia.org.br\/?p=20225#primaryimage"},"image":{"@id":"https:\/\/news.ecclesia.org.br\/?p=20225#primaryimage"},"thumbnailUrl":"https:\/\/news.ecclesia.org.br\/wp-content\/uploads\/2016\/04\/lesbos-paz.jpg","datePublished":"2016-04-15T18:26:06+00:00","dateModified":"2023-09-16T10:04:48+00:00","breadcrumb":{"@id":"https:\/\/news.ecclesia.org.br\/?p=20225#breadcrumb"},"inLanguage":"pt-BR","potentialAction":[{"@type":"ReadAction","target":["https:\/\/news.ecclesia.org.br\/?p=20225"]}]},{"@type":"ImageObject","inLanguage":"pt-BR","@id":"https:\/\/news.ecclesia.org.br\/?p=20225#primaryimage","url":"https:\/\/news.ecclesia.org.br\/wp-content\/uploads\/2016\/04\/lesbos-paz.jpg","contentUrl":"https:\/\/news.ecclesia.org.br\/wp-content\/uploads\/2016\/04\/lesbos-paz.jpg","width":620,"height":465},{"@type":"BreadcrumbList","@id":"https:\/\/news.ecclesia.org.br\/?p=20225#breadcrumb","itemListElement":[{"@type":"ListItem","position":1,"name":"In\u00edcio","item":"https:\/\/news.ecclesia.org.br\/"},{"@type":"ListItem","position":2,"name":"Programa da visita do Papa Francisco de Roma a Lesbos (Gr\u00e9cia) neste s\u00e1bado, 16 de abril"}]},{"@type":"WebSite","@id":"https:\/\/news.ecclesia.org.br\/#website","url":"https:\/\/news.ecclesia.org.br\/","name":"Ecclesia Brasil","description":"Desde 2003 onectando o Brasil ao mundo ortodoxo!","publisher":{"@id":"https:\/\/news.ecclesia.org.br\/#organization"},"alternateName":"Ecclesia","potentialAction":[{"@type":"SearchAction","target":{"@type":"EntryPoint","urlTemplate":"https:\/\/news.ecclesia.org.br\/?s={search_term_string}"},"query-input":{"@type":"PropertyValueSpecification","valueRequired":true,"valueName":"search_term_string"}}],"inLanguage":"pt-BR"},{"@type":"Organization","@id":"https:\/\/news.ecclesia.org.br\/#organization","name":"Sacra Arquidiocese de Buenos Aires e Am\u00e9rica do Sul | Patriarcado Ecum\u00eanico","alternateName":"News Ecclesia Brasil","url":"https:\/\/news.ecclesia.org.br\/","logo":{"@type":"ImageObject","inLanguage":"pt-BR","@id":"https:\/\/news.ecclesia.org.br\/#\/schema\/logo\/image\/","url":"https:\/\/news.ecclesia.org.br\/wp-content\/uploads\/2025\/05\/ecclesia2.png","contentUrl":"https:\/\/news.ecclesia.org.br\/wp-content\/uploads\/2025\/05\/ecclesia2.png","width":480,"height":120,"caption":"Sacra Arquidiocese de Buenos Aires e Am\u00e9rica do Sul | Patriarcado Ecum\u00eanico"},"image":{"@id":"https:\/\/news.ecclesia.org.br\/#\/schema\/logo\/image\/"},"sameAs":["https:\/\/www.facebook.com\/Ecclesia2025","https:\/\/x.com\/EcclesiaNews","https:\/\/br.pinterest.com\/ekklisia\/","https:\/\/www.youtube.com\/@EcclesiaBrasil"]},{"@type":"Person","@id":"https:\/\/news.ecclesia.org.br\/#\/schema\/person\/6f09597f025829745ba414a569f63758","name":"Pe. Andr\u00e9","image":{"@type":"ImageObject","inLanguage":"pt-BR","@id":"https:\/\/secure.gravatar.com\/avatar\/b4327cfa27e9799da239a26adcd534fc29cdc0c4a4a148eecbcfeb9b42c617ac?s=96&d=mm&r=g","url":"https:\/\/secure.gravatar.com\/avatar\/b4327cfa27e9799da239a26adcd534fc29cdc0c4a4a148eecbcfeb9b42c617ac?s=96&d=mm&r=g","contentUrl":"https:\/\/secure.gravatar.com\/avatar\/b4327cfa27e9799da239a26adcd534fc29cdc0c4a4a148eecbcfeb9b42c617ac?s=96&d=mm&r=g","caption":"Pe. Andr\u00e9"},"sameAs":["https:\/\/www.ecclesia.org.br"]}]}},"_links":{"self":[{"href":"https:\/\/news.ecclesia.org.br\/index.php?rest_route=\/wp\/v2\/posts\/20225","targetHints":{"allow":["GET"]}}],"collection":[{"href":"https:\/\/news.ecclesia.org.br\/index.php?rest_route=\/wp\/v2\/posts"}],"about":[{"href":"https:\/\/news.ecclesia.org.br\/index.php?rest_route=\/wp\/v2\/types\/post"}],"author":[{"embeddable":true,"href":"https:\/\/news.ecclesia.org.br\/index.php?rest_route=\/wp\/v2\/users\/1"}],"replies":[{"embeddable":true,"href":"https:\/\/news.ecclesia.org.br\/index.php?rest_route=%2Fwp%2Fv2%2Fcomments&post=20225"}],"version-history":[{"count":1,"href":"https:\/\/news.ecclesia.org.br\/index.php?rest_route=\/wp\/v2\/posts\/20225\/revisions"}],"predecessor-version":[{"id":46052,"href":"https:\/\/news.ecclesia.org.br\/index.php?rest_route=\/wp\/v2\/posts\/20225\/revisions\/46052"}],"wp:featuredmedia":[{"embeddable":true,"href":"https:\/\/news.ecclesia.org.br\/index.php?rest_route=\/wp\/v2\/media\/20227"}],"wp:attachment":[{"href":"https:\/\/news.ecclesia.org.br\/index.php?rest_route=%2Fwp%2Fv2%2Fmedia&parent=20225"}],"wp:term":[{"taxonomy":"category","embeddable":true,"href":"https:\/\/news.ecclesia.org.br\/index.php?rest_route=%2Fwp%2Fv2%2Fcategories&post=20225"},{"taxonomy":"post_tag","embeddable":true,"href":"https:\/\/news.ecclesia.org.br\/index.php?rest_route=%2Fwp%2Fv2%2Ftags&post=20225"}],"curies":[{"name":"wp","href":"https:\/\/api.w.org\/{rel}","templated":true}]}}