{"id":20192,"date":"2016-04-11T00:27:05","date_gmt":"2016-04-11T00:27:05","guid":{"rendered":"https:\/\/news.ecclesia.org.br\/2013\/?p=20192"},"modified":"2016-04-11T00:27:46","modified_gmt":"2016-04-11T00:27:46","slug":"metropolita-gennadios-da-italia-francisco-e-bartolomeu-levarao-solidariedade-aos-refugiados-em-lesbos","status":"publish","type":"post","link":"https:\/\/news.ecclesia.org.br\/?p=20192","title":{"rendered":"Metropolita Gennadios da It\u00e1lia: &#8220;Francisco e Bartolomeu levar\u00e3o solidariedade aos refugiados em Lesbos&#8221;"},"content":{"rendered":"<figure id=\"attachment_20193\" aria-describedby=\"caption-attachment-20193\" style=\"width: 640px\" class=\"wp-caption aligncenter\"><a href=\"https:\/\/news.ecclesia.org.br\/2013\/wp-content\/uploads\/2016\/04\/Reuters1363596-Artigo.jpg\" rel=\"attachment wp-att-20193\"><img fetchpriority=\"high\" decoding=\"async\" class=\"size-full wp-image-20193\" src=\"https:\/\/news.ecclesia.org.br\/2013\/wp-content\/uploads\/2016\/04\/Reuters1363596-Artigo.jpg\" alt=\"Migrantes vindos da Turquia desembarcam na Ilha grega de Lesbos - REUTERS\" width=\"640\" height=\"453\" srcset=\"https:\/\/news.ecclesia.org.br\/wp-content\/uploads\/2016\/04\/Reuters1363596-Artigo.jpg 640w, https:\/\/news.ecclesia.org.br\/wp-content\/uploads\/2016\/04\/Reuters1363596-Artigo-300x212.jpg 300w, https:\/\/news.ecclesia.org.br\/wp-content\/uploads\/2016\/04\/Reuters1363596-Artigo-600x425.jpg 600w, https:\/\/news.ecclesia.org.br\/wp-content\/uploads\/2016\/04\/Reuters1363596-Artigo-78x55.jpg 78w\" sizes=\"(max-width: 640px) 100vw, 640px\" \/><\/a><figcaption id=\"caption-attachment-20193\" class=\"wp-caption-text\">Migrantes vindos da Turquia desembarcam na Ilha grega de Lesbos &#8211; REUTERS<\/figcaption><\/figure>\n<p style=\"text-align: justify;\">Roma (<a href=\"http:\/\/br.radiovaticana.va\/news\/2016\/04\/09\/papa_e_bartolomeu_levar%C3%A3o_solidariedade_aos_refugiados\/1221439\" target=\"_blank\">RV<\/a>) 09\/04\/2016\u00a0&#8212;\u00a0Intensos os preparativos na Ilha grega de Lesbos, onde no pr\u00f3ximo 16 de abril, o Papa Francisco (de Roma), o\u00a0Patriarca Ecum\u00eanico Bartolomeu I e o\u00a0Primaz da Igreja Ortodoxa grega, Ieronymus II, encontrar\u00e3o os refugiados que fogem, sobretudo, das viol\u00eancias no Oriente M\u00e9dio. A R\u00e1dio Vaticano entrevistou a este respeito o Metropolita Ortodoxo Gennadios Zervos, Exarca\u00a0do Patriarcado Ecum\u00eanico de Constantinopla na It\u00e1lia e em Malta:<\/p>\n<blockquote>\n<p style=\"text-align: justify;\">\u201c\u00c9 uma ocasi\u00e3o extraordin\u00e1ria, feliz, crist\u00e3 e humana, para demonstrar o amor por cada ser humano que \u00e9 \u00edcone de Deus. A presen\u00e7a do Papa e do Patriarca Bartolomeu na Gr\u00e9cia, convidados por Sua Beatitude o Primaz da Gr\u00e9cia Ieronymus, \u00e9 realmente um acontecimento hist\u00f3rico, pois nunca havia acontecido anteriormente. Podemos dizer: \u201cGra\u00e7as a Deus\u201d e esperar, cheios de esperan\u00e7a e de alegria, este acontecimento\u201d.<\/p>\n<\/blockquote>\n<p style=\"text-align: justify;\">RV: Um sinal de um caminho concreto em dire\u00e7\u00e3o \u00e1 unidade, tamb\u00e9m em rela\u00e7\u00e3o aos mais necessitados&#8230;<\/p>\n<blockquote>\n<p style=\"text-align: justify;\">\u201c\u00c9 realmente um grande pecado contra Deus ver tantas pessoas que vivem esta tr\u00e1gica situa\u00e7\u00e3o. S\u00e3o nossos irm\u00e3os e n\u00e3o devemos deixar que permane\u00e7am nestas dificuldades. Devemos, ao inv\u00e9s disto, todos unidos em um s\u00f3 corpo e uma s\u00f3 alma, salv\u00e1-los. Rezamos continuamente: rezamos pela miss\u00e3o do Papa Francisco e rezamos pelo nosso Patriarca Ecum\u00eanico Bartolomeu. Eles nos mostram o que n\u00f3s, fieis, devemos fazer. Tra\u00e7am um caminho, uma luz em dire\u00e7\u00e3o a estes nossos irm\u00e3os que sofrem e t\u00eam necessidade de nossa ajuda e de nosso amor\u201d.<\/p>\n<\/blockquote>\n<p style=\"text-align: justify;\">RV: A palavra desta viagem, declinada em tantas val\u00eancias e significados, parece resumir-se na palavra \u201cencontro\u201d&#8230;.<\/p>\n<blockquote>\n<p style=\"text-align: justify;\">\u201cAcredito que este seja um encontro verdadeiramente humano, pastoral, espiritual, eclesi\u00e1stico, que ajuda muito os crist\u00e3os a entender onde ir e quem seguir. Porque muito pol\u00edticos e tantos outros falam de quem tem as culpas, mas n\u00e3o fazem nada por nossos irm\u00e3os, que s\u00e3o a presen\u00e7a de Deus que sofre. Ao inv\u00e9s disto, o compromisso deve ser o de ajudar os refugiados. \u00c9 nosso dever e todos devemos ser sensibilizados quanto a isto para que cesse este momento tr\u00e1gico da humanidade\u201d.<\/p>\n<\/blockquote>\n<p style=\"text-align: justify;\">RV: A palavra de ordem, portanto, \u00e9 \u201ca\u00e7\u00e3o\u201d&#8230;<\/p>\n<blockquote>\n<p style=\"text-align: justify;\">\u201cN\u00e3o devemos somente falar, permanecer nesta confus\u00e3o, neste caos, devemos agir. Quando somente falamos e n\u00e3o somos \u201coper\u00e1rios\u201d deste amor de Deus, que quer que sejamos pr\u00f3ximos a estas pessoas que sofrem, o resultado \u00e9 nada\u201d.<\/p>\n<\/blockquote>\n<p style=\"text-align: justify;\">RV: O senhor disse: \u201cGrande \u00e9 a alegria por esta presen\u00e7a na ilha\u201d no pr\u00f3ximo 16 de abril&#8230;<\/p>\n<blockquote>\n<p style=\"text-align: justify;\">\u201cO Patriarca Bartolomeu e o Papa Francisco s\u00e3o a nossa alegria. Como Nossa Senhora para a nossa humanidade disse \u201csim\u201d ao Arcanjo Gabriel, na Anuncia\u00e7\u00e3o, do mesmo modo tamb\u00e9m eles disseram: \u201cSim, devemos ir at\u00e9 l\u00e1, porque devemos sensibilizar a todos, para fazer entender que \u00e9 um grande pecado somente discutir e n\u00e3o agir em favor destes nossos irm\u00e3os que sofrem e que t\u00eam necessidade de nossa ajuda para viver\u201d. (JE)<\/p>\n<\/blockquote>\n<hr \/>\n<p style=\"text-align: justify;\">\n<p style=\"text-align: right;\">FONTE:<a href=\"http:\/\/br.radiovaticana.va\/news\/2016\/04\/09\/papa_e_bartolomeu_levar%C3%A3o_solidariedade_aos_refugiados\/1221439\" target=\"_blank\">\u00a0R\u00e1dio Vaticano<\/a><\/p>\n","protected":false},"excerpt":{"rendered":"<p>Roma (RV) 09\/04\/2016\u00a0&#8212;\u00a0Intensos os preparativos na Ilha grega de Lesbos, onde no pr\u00f3ximo 16 de abril, o Papa Francisco (de Roma), o\u00a0Patriarca Ecum\u00eanico Bartolomeu I e o\u00a0Primaz da Igreja Ortodoxa grega, Ieronymus II, encontrar\u00e3o os refugiados que fogem, sobretudo, das&#8230;<\/p>\n","protected":false},"author":1,"featured_media":20193,"comment_status":"open","ping_status":"open","sticky":false,"template":"","format":"standard","meta":{"_acf_changed":false,"footnotes":""},"categories":[1,72],"tags":[],"class_list":["post-20192","post","type-post","status-publish","format-standard","has-post-thumbnail","hentry","category-news","category-patriarcado-ecumenico","entry","rows-excerpt"],"acf":[],"yoast_head":"<!-- This site is optimized with the Yoast SEO plugin v27.4 - https:\/\/yoast.com\/product\/yoast-seo-wordpress\/ -->\n<title>Metropolita Gennadios da It\u00e1lia: &quot;Francisco e Bartolomeu levar\u00e3o solidariedade aos refugiados em Lesbos&quot; | ECCLESIA NEWS<\/title>\n<meta name=\"robots\" content=\"index, follow, max-snippet:-1, max-image-preview:large, max-video-preview:-1\" \/>\n<link rel=\"canonical\" href=\"https:\/\/news.ecclesia.org.br\/?p=20192\" \/>\n<meta property=\"og:locale\" content=\"pt_BR\" \/>\n<meta property=\"og:type\" content=\"article\" \/>\n<meta property=\"og:title\" content=\"Metropolita Gennadios da It\u00e1lia: &quot;Francisco e Bartolomeu levar\u00e3o solidariedade aos refugiados em Lesbos&quot; | ECCLESIA NEWS\" \/>\n<meta property=\"og:description\" content=\"Roma (RV) 09\/04\/2016\u00a0&#8212;\u00a0Intensos os preparativos na Ilha grega de Lesbos, onde no pr\u00f3ximo 16 de abril, o Papa Francisco (de Roma), o\u00a0Patriarca Ecum\u00eanico Bartolomeu I e o\u00a0Primaz da Igreja Ortodoxa grega, Ieronymus II, encontrar\u00e3o os refugiados que fogem, sobretudo, das&#8230;\" \/>\n<meta property=\"og:url\" content=\"https:\/\/news.ecclesia.org.br\/?p=20192\" \/>\n<meta property=\"og:site_name\" content=\"ECCLESIA NEWS\" \/>\n<meta property=\"article:publisher\" content=\"https:\/\/www.facebook.com\/Ecclesia2025\" \/>\n<meta property=\"article:published_time\" content=\"2016-04-11T00:27:05+00:00\" \/>\n<meta property=\"article:modified_time\" content=\"2016-04-11T00:27:46+00:00\" \/>\n<meta property=\"og:image\" content=\"https:\/\/news.ecclesia.org.br\/wp-content\/uploads\/2016\/04\/Reuters1363596-Artigo.jpg\" \/>\n\t<meta property=\"og:image:width\" content=\"640\" \/>\n\t<meta property=\"og:image:height\" content=\"453\" \/>\n\t<meta property=\"og:image:type\" content=\"image\/jpeg\" \/>\n<meta name=\"author\" content=\"Pe. Andr\u00e9\" \/>\n<meta name=\"twitter:card\" content=\"summary_large_image\" \/>\n<meta name=\"twitter:creator\" content=\"@EcclesiaNews\" \/>\n<meta name=\"twitter:site\" content=\"@EcclesiaNews\" \/>\n<meta name=\"twitter:label1\" content=\"Escrito por\" \/>\n\t<meta name=\"twitter:data1\" content=\"Pe. Andr\u00e9\" \/>\n\t<meta name=\"twitter:label2\" content=\"Est. tempo de leitura\" \/>\n\t<meta name=\"twitter:data2\" content=\"3 minutos\" \/>\n<script type=\"application\/ld+json\" class=\"yoast-schema-graph\">{\"@context\":\"https:\\\/\\\/schema.org\",\"@graph\":[{\"@type\":\"Article\",\"@id\":\"https:\\\/\\\/news.ecclesia.org.br\\\/?p=20192#article\",\"isPartOf\":{\"@id\":\"https:\\\/\\\/news.ecclesia.org.br\\\/?p=20192\"},\"author\":{\"name\":\"Pe. Andr\u00e9\",\"@id\":\"https:\\\/\\\/news.ecclesia.org.br\\\/#\\\/schema\\\/person\\\/6f09597f025829745ba414a569f63758\"},\"headline\":\"Metropolita Gennadios da It\u00e1lia: &#8220;Francisco e Bartolomeu levar\u00e3o solidariedade aos refugiados em Lesbos&#8221;\",\"datePublished\":\"2016-04-11T00:27:05+00:00\",\"dateModified\":\"2016-04-11T00:27:46+00:00\",\"mainEntityOfPage\":{\"@id\":\"https:\\\/\\\/news.ecclesia.org.br\\\/?p=20192\"},\"wordCount\":554,\"commentCount\":0,\"publisher\":{\"@id\":\"https:\\\/\\\/news.ecclesia.org.br\\\/#organization\"},\"image\":{\"@id\":\"https:\\\/\\\/news.ecclesia.org.br\\\/?p=20192#primaryimage\"},\"thumbnailUrl\":\"https:\\\/\\\/news.ecclesia.org.br\\\/wp-content\\\/uploads\\\/2016\\\/04\\\/Reuters1363596-Artigo.jpg\",\"articleSection\":[\"NEWS\",\"Patriarcado Ecum\u00eanico\"],\"inLanguage\":\"pt-BR\",\"potentialAction\":[{\"@type\":\"CommentAction\",\"name\":\"Comment\",\"target\":[\"https:\\\/\\\/news.ecclesia.org.br\\\/?p=20192#respond\"]}]},{\"@type\":\"WebPage\",\"@id\":\"https:\\\/\\\/news.ecclesia.org.br\\\/?p=20192\",\"url\":\"https:\\\/\\\/news.ecclesia.org.br\\\/?p=20192\",\"name\":\"Metropolita Gennadios da It\u00e1lia: \\\"Francisco e Bartolomeu levar\u00e3o solidariedade aos refugiados em Lesbos\\\" | ECCLESIA NEWS\",\"isPartOf\":{\"@id\":\"https:\\\/\\\/news.ecclesia.org.br\\\/#website\"},\"primaryImageOfPage\":{\"@id\":\"https:\\\/\\\/news.ecclesia.org.br\\\/?p=20192#primaryimage\"},\"image\":{\"@id\":\"https:\\\/\\\/news.ecclesia.org.br\\\/?p=20192#primaryimage\"},\"thumbnailUrl\":\"https:\\\/\\\/news.ecclesia.org.br\\\/wp-content\\\/uploads\\\/2016\\\/04\\\/Reuters1363596-Artigo.jpg\",\"datePublished\":\"2016-04-11T00:27:05+00:00\",\"dateModified\":\"2016-04-11T00:27:46+00:00\",\"breadcrumb\":{\"@id\":\"https:\\\/\\\/news.ecclesia.org.br\\\/?p=20192#breadcrumb\"},\"inLanguage\":\"pt-BR\",\"potentialAction\":[{\"@type\":\"ReadAction\",\"target\":[\"https:\\\/\\\/news.ecclesia.org.br\\\/?p=20192\"]}]},{\"@type\":\"ImageObject\",\"inLanguage\":\"pt-BR\",\"@id\":\"https:\\\/\\\/news.ecclesia.org.br\\\/?p=20192#primaryimage\",\"url\":\"https:\\\/\\\/news.ecclesia.org.br\\\/wp-content\\\/uploads\\\/2016\\\/04\\\/Reuters1363596-Artigo.jpg\",\"contentUrl\":\"https:\\\/\\\/news.ecclesia.org.br\\\/wp-content\\\/uploads\\\/2016\\\/04\\\/Reuters1363596-Artigo.jpg\",\"width\":640,\"height\":453,\"caption\":\"Migrantes vindos da Turquia desembarcam na Ilha grega de Lesbos - REUTERS\"},{\"@type\":\"BreadcrumbList\",\"@id\":\"https:\\\/\\\/news.ecclesia.org.br\\\/?p=20192#breadcrumb\",\"itemListElement\":[{\"@type\":\"ListItem\",\"position\":1,\"name\":\"In\u00edcio\",\"item\":\"https:\\\/\\\/news.ecclesia.org.br\\\/\"},{\"@type\":\"ListItem\",\"position\":2,\"name\":\"Metropolita Gennadios da It\u00e1lia: &#8220;Francisco e Bartolomeu levar\u00e3o solidariedade aos refugiados em Lesbos&#8221;\"}]},{\"@type\":\"WebSite\",\"@id\":\"https:\\\/\\\/news.ecclesia.org.br\\\/#website\",\"url\":\"https:\\\/\\\/news.ecclesia.org.br\\\/\",\"name\":\"Ecclesia Brasil\",\"description\":\"Desde 2003 onectando o Brasil ao mundo ortodoxo!\",\"publisher\":{\"@id\":\"https:\\\/\\\/news.ecclesia.org.br\\\/#organization\"},\"alternateName\":\"Ecclesia\",\"potentialAction\":[{\"@type\":\"SearchAction\",\"target\":{\"@type\":\"EntryPoint\",\"urlTemplate\":\"https:\\\/\\\/news.ecclesia.org.br\\\/?s={search_term_string}\"},\"query-input\":{\"@type\":\"PropertyValueSpecification\",\"valueRequired\":true,\"valueName\":\"search_term_string\"}}],\"inLanguage\":\"pt-BR\"},{\"@type\":\"Organization\",\"@id\":\"https:\\\/\\\/news.ecclesia.org.br\\\/#organization\",\"name\":\"Sacra Arquidiocese de Buenos Aires e Am\u00e9rica do Sul | Patriarcado Ecum\u00eanico\",\"alternateName\":\"News Ecclesia Brasil\",\"url\":\"https:\\\/\\\/news.ecclesia.org.br\\\/\",\"logo\":{\"@type\":\"ImageObject\",\"inLanguage\":\"pt-BR\",\"@id\":\"https:\\\/\\\/news.ecclesia.org.br\\\/#\\\/schema\\\/logo\\\/image\\\/\",\"url\":\"https:\\\/\\\/news.ecclesia.org.br\\\/wp-content\\\/uploads\\\/2025\\\/05\\\/ecclesia2.png\",\"contentUrl\":\"https:\\\/\\\/news.ecclesia.org.br\\\/wp-content\\\/uploads\\\/2025\\\/05\\\/ecclesia2.png\",\"width\":480,\"height\":120,\"caption\":\"Sacra Arquidiocese de Buenos Aires e Am\u00e9rica do Sul | Patriarcado Ecum\u00eanico\"},\"image\":{\"@id\":\"https:\\\/\\\/news.ecclesia.org.br\\\/#\\\/schema\\\/logo\\\/image\\\/\"},\"sameAs\":[\"https:\\\/\\\/www.facebook.com\\\/Ecclesia2025\",\"https:\\\/\\\/x.com\\\/EcclesiaNews\",\"https:\\\/\\\/br.pinterest.com\\\/ekklisia\\\/\",\"https:\\\/\\\/www.youtube.com\\\/@EcclesiaBrasil\"]},{\"@type\":\"Person\",\"@id\":\"https:\\\/\\\/news.ecclesia.org.br\\\/#\\\/schema\\\/person\\\/6f09597f025829745ba414a569f63758\",\"name\":\"Pe. Andr\u00e9\",\"image\":{\"@type\":\"ImageObject\",\"inLanguage\":\"pt-BR\",\"@id\":\"https:\\\/\\\/secure.gravatar.com\\\/avatar\\\/b4327cfa27e9799da239a26adcd534fc29cdc0c4a4a148eecbcfeb9b42c617ac?s=96&d=mm&r=g\",\"url\":\"https:\\\/\\\/secure.gravatar.com\\\/avatar\\\/b4327cfa27e9799da239a26adcd534fc29cdc0c4a4a148eecbcfeb9b42c617ac?s=96&d=mm&r=g\",\"contentUrl\":\"https:\\\/\\\/secure.gravatar.com\\\/avatar\\\/b4327cfa27e9799da239a26adcd534fc29cdc0c4a4a148eecbcfeb9b42c617ac?s=96&d=mm&r=g\",\"caption\":\"Pe. Andr\u00e9\"},\"sameAs\":[\"https:\\\/\\\/www.ecclesia.org.br\"]}]}<\/script>\n<!-- \/ Yoast SEO plugin. -->","yoast_head_json":{"title":"Metropolita Gennadios da It\u00e1lia: \"Francisco e Bartolomeu levar\u00e3o solidariedade aos refugiados em Lesbos\" | ECCLESIA NEWS","robots":{"index":"index","follow":"follow","max-snippet":"max-snippet:-1","max-image-preview":"max-image-preview:large","max-video-preview":"max-video-preview:-1"},"canonical":"https:\/\/news.ecclesia.org.br\/?p=20192","og_locale":"pt_BR","og_type":"article","og_title":"Metropolita Gennadios da It\u00e1lia: \"Francisco e Bartolomeu levar\u00e3o solidariedade aos refugiados em Lesbos\" | ECCLESIA NEWS","og_description":"Roma (RV) 09\/04\/2016\u00a0&#8212;\u00a0Intensos os preparativos na Ilha grega de Lesbos, onde no pr\u00f3ximo 16 de abril, o Papa Francisco (de Roma), o\u00a0Patriarca Ecum\u00eanico Bartolomeu I e o\u00a0Primaz da Igreja Ortodoxa grega, Ieronymus II, encontrar\u00e3o os refugiados que fogem, sobretudo, das&#8230;","og_url":"https:\/\/news.ecclesia.org.br\/?p=20192","og_site_name":"ECCLESIA NEWS","article_publisher":"https:\/\/www.facebook.com\/Ecclesia2025","article_published_time":"2016-04-11T00:27:05+00:00","article_modified_time":"2016-04-11T00:27:46+00:00","og_image":[{"width":640,"height":453,"url":"https:\/\/news.ecclesia.org.br\/wp-content\/uploads\/2016\/04\/Reuters1363596-Artigo.jpg","type":"image\/jpeg"}],"author":"Pe. Andr\u00e9","twitter_card":"summary_large_image","twitter_creator":"@EcclesiaNews","twitter_site":"@EcclesiaNews","twitter_misc":{"Escrito por":"Pe. Andr\u00e9","Est. tempo de leitura":"3 minutos"},"schema":{"@context":"https:\/\/schema.org","@graph":[{"@type":"Article","@id":"https:\/\/news.ecclesia.org.br\/?p=20192#article","isPartOf":{"@id":"https:\/\/news.ecclesia.org.br\/?p=20192"},"author":{"name":"Pe. Andr\u00e9","@id":"https:\/\/news.ecclesia.org.br\/#\/schema\/person\/6f09597f025829745ba414a569f63758"},"headline":"Metropolita Gennadios da It\u00e1lia: &#8220;Francisco e Bartolomeu levar\u00e3o solidariedade aos refugiados em Lesbos&#8221;","datePublished":"2016-04-11T00:27:05+00:00","dateModified":"2016-04-11T00:27:46+00:00","mainEntityOfPage":{"@id":"https:\/\/news.ecclesia.org.br\/?p=20192"},"wordCount":554,"commentCount":0,"publisher":{"@id":"https:\/\/news.ecclesia.org.br\/#organization"},"image":{"@id":"https:\/\/news.ecclesia.org.br\/?p=20192#primaryimage"},"thumbnailUrl":"https:\/\/news.ecclesia.org.br\/wp-content\/uploads\/2016\/04\/Reuters1363596-Artigo.jpg","articleSection":["NEWS","Patriarcado Ecum\u00eanico"],"inLanguage":"pt-BR","potentialAction":[{"@type":"CommentAction","name":"Comment","target":["https:\/\/news.ecclesia.org.br\/?p=20192#respond"]}]},{"@type":"WebPage","@id":"https:\/\/news.ecclesia.org.br\/?p=20192","url":"https:\/\/news.ecclesia.org.br\/?p=20192","name":"Metropolita Gennadios da It\u00e1lia: \"Francisco e Bartolomeu levar\u00e3o solidariedade aos refugiados em Lesbos\" | ECCLESIA NEWS","isPartOf":{"@id":"https:\/\/news.ecclesia.org.br\/#website"},"primaryImageOfPage":{"@id":"https:\/\/news.ecclesia.org.br\/?p=20192#primaryimage"},"image":{"@id":"https:\/\/news.ecclesia.org.br\/?p=20192#primaryimage"},"thumbnailUrl":"https:\/\/news.ecclesia.org.br\/wp-content\/uploads\/2016\/04\/Reuters1363596-Artigo.jpg","datePublished":"2016-04-11T00:27:05+00:00","dateModified":"2016-04-11T00:27:46+00:00","breadcrumb":{"@id":"https:\/\/news.ecclesia.org.br\/?p=20192#breadcrumb"},"inLanguage":"pt-BR","potentialAction":[{"@type":"ReadAction","target":["https:\/\/news.ecclesia.org.br\/?p=20192"]}]},{"@type":"ImageObject","inLanguage":"pt-BR","@id":"https:\/\/news.ecclesia.org.br\/?p=20192#primaryimage","url":"https:\/\/news.ecclesia.org.br\/wp-content\/uploads\/2016\/04\/Reuters1363596-Artigo.jpg","contentUrl":"https:\/\/news.ecclesia.org.br\/wp-content\/uploads\/2016\/04\/Reuters1363596-Artigo.jpg","width":640,"height":453,"caption":"Migrantes vindos da Turquia desembarcam na Ilha grega de Lesbos - REUTERS"},{"@type":"BreadcrumbList","@id":"https:\/\/news.ecclesia.org.br\/?p=20192#breadcrumb","itemListElement":[{"@type":"ListItem","position":1,"name":"In\u00edcio","item":"https:\/\/news.ecclesia.org.br\/"},{"@type":"ListItem","position":2,"name":"Metropolita Gennadios da It\u00e1lia: &#8220;Francisco e Bartolomeu levar\u00e3o solidariedade aos refugiados em Lesbos&#8221;"}]},{"@type":"WebSite","@id":"https:\/\/news.ecclesia.org.br\/#website","url":"https:\/\/news.ecclesia.org.br\/","name":"Ecclesia Brasil","description":"Desde 2003 onectando o Brasil ao mundo ortodoxo!","publisher":{"@id":"https:\/\/news.ecclesia.org.br\/#organization"},"alternateName":"Ecclesia","potentialAction":[{"@type":"SearchAction","target":{"@type":"EntryPoint","urlTemplate":"https:\/\/news.ecclesia.org.br\/?s={search_term_string}"},"query-input":{"@type":"PropertyValueSpecification","valueRequired":true,"valueName":"search_term_string"}}],"inLanguage":"pt-BR"},{"@type":"Organization","@id":"https:\/\/news.ecclesia.org.br\/#organization","name":"Sacra Arquidiocese de Buenos Aires e Am\u00e9rica do Sul | Patriarcado Ecum\u00eanico","alternateName":"News Ecclesia Brasil","url":"https:\/\/news.ecclesia.org.br\/","logo":{"@type":"ImageObject","inLanguage":"pt-BR","@id":"https:\/\/news.ecclesia.org.br\/#\/schema\/logo\/image\/","url":"https:\/\/news.ecclesia.org.br\/wp-content\/uploads\/2025\/05\/ecclesia2.png","contentUrl":"https:\/\/news.ecclesia.org.br\/wp-content\/uploads\/2025\/05\/ecclesia2.png","width":480,"height":120,"caption":"Sacra Arquidiocese de Buenos Aires e Am\u00e9rica do Sul | Patriarcado Ecum\u00eanico"},"image":{"@id":"https:\/\/news.ecclesia.org.br\/#\/schema\/logo\/image\/"},"sameAs":["https:\/\/www.facebook.com\/Ecclesia2025","https:\/\/x.com\/EcclesiaNews","https:\/\/br.pinterest.com\/ekklisia\/","https:\/\/www.youtube.com\/@EcclesiaBrasil"]},{"@type":"Person","@id":"https:\/\/news.ecclesia.org.br\/#\/schema\/person\/6f09597f025829745ba414a569f63758","name":"Pe. Andr\u00e9","image":{"@type":"ImageObject","inLanguage":"pt-BR","@id":"https:\/\/secure.gravatar.com\/avatar\/b4327cfa27e9799da239a26adcd534fc29cdc0c4a4a148eecbcfeb9b42c617ac?s=96&d=mm&r=g","url":"https:\/\/secure.gravatar.com\/avatar\/b4327cfa27e9799da239a26adcd534fc29cdc0c4a4a148eecbcfeb9b42c617ac?s=96&d=mm&r=g","contentUrl":"https:\/\/secure.gravatar.com\/avatar\/b4327cfa27e9799da239a26adcd534fc29cdc0c4a4a148eecbcfeb9b42c617ac?s=96&d=mm&r=g","caption":"Pe. Andr\u00e9"},"sameAs":["https:\/\/www.ecclesia.org.br"]}]}},"_links":{"self":[{"href":"https:\/\/news.ecclesia.org.br\/index.php?rest_route=\/wp\/v2\/posts\/20192","targetHints":{"allow":["GET"]}}],"collection":[{"href":"https:\/\/news.ecclesia.org.br\/index.php?rest_route=\/wp\/v2\/posts"}],"about":[{"href":"https:\/\/news.ecclesia.org.br\/index.php?rest_route=\/wp\/v2\/types\/post"}],"author":[{"embeddable":true,"href":"https:\/\/news.ecclesia.org.br\/index.php?rest_route=\/wp\/v2\/users\/1"}],"replies":[{"embeddable":true,"href":"https:\/\/news.ecclesia.org.br\/index.php?rest_route=%2Fwp%2Fv2%2Fcomments&post=20192"}],"version-history":[{"count":0,"href":"https:\/\/news.ecclesia.org.br\/index.php?rest_route=\/wp\/v2\/posts\/20192\/revisions"}],"wp:featuredmedia":[{"embeddable":true,"href":"https:\/\/news.ecclesia.org.br\/index.php?rest_route=\/wp\/v2\/media\/20193"}],"wp:attachment":[{"href":"https:\/\/news.ecclesia.org.br\/index.php?rest_route=%2Fwp%2Fv2%2Fmedia&parent=20192"}],"wp:term":[{"taxonomy":"category","embeddable":true,"href":"https:\/\/news.ecclesia.org.br\/index.php?rest_route=%2Fwp%2Fv2%2Fcategories&post=20192"},{"taxonomy":"post_tag","embeddable":true,"href":"https:\/\/news.ecclesia.org.br\/index.php?rest_route=%2Fwp%2Fv2%2Ftags&post=20192"}],"curies":[{"name":"wp","href":"https:\/\/api.w.org\/{rel}","templated":true}]}}