{"id":20187,"date":"2016-04-08T02:58:04","date_gmt":"2016-04-08T02:58:04","guid":{"rendered":"https:\/\/news.ecclesia.org.br\/2013\/?p=20187"},"modified":"2016-04-08T02:58:15","modified_gmt":"2016-04-08T02:58:15","slug":"viagem-marcada-para-a-proxima-semana-sabado-16-de-abril-na-companhia-do-patriarca-ecumenico-de-constantinopla","status":"publish","type":"post","link":"https:\/\/news.ecclesia.org.br\/?p=20187","title":{"rendered":"Viagem marcada para a pr\u00f3xima semana na companhia do Patriarca Ecum\u00eanico de Constantinopla"},"content":{"rendered":"<p style=\"text-align: justify;\"><a href=\"https:\/\/news.ecclesia.org.br\/2013\/wp-content\/uploads\/2016\/04\/lesbos-2016.jpg\" rel=\"attachment wp-att-20188\"><img fetchpriority=\"high\" decoding=\"async\" class=\"alignleft size-medium wp-image-20188\" src=\"https:\/\/news.ecclesia.org.br\/2013\/wp-content\/uploads\/2016\/04\/lesbos-2016-300x225.jpg\" alt=\"lesbos-2016\" width=\"300\" height=\"225\" srcset=\"https:\/\/news.ecclesia.org.br\/wp-content\/uploads\/2016\/04\/lesbos-2016-300x225.jpg 300w, https:\/\/news.ecclesia.org.br\/wp-content\/uploads\/2016\/04\/lesbos-2016-768x576.jpg 768w, https:\/\/news.ecclesia.org.br\/wp-content\/uploads\/2016\/04\/lesbos-2016-600x450.jpg 600w, https:\/\/news.ecclesia.org.br\/wp-content\/uploads\/2016\/04\/lesbos-2016-73x55.jpg 73w, https:\/\/news.ecclesia.org.br\/wp-content\/uploads\/2016\/04\/lesbos-2016.jpg 926w\" sizes=\"(max-width: 300px) 100vw, 300px\" \/><\/a>07 abr 2016 (<a href=\"http:\/\/www.agencia.ecclesia.pt\/home\/\" target=\"_blank\">Ecclesia<\/a>) &#8211; O Vaticano confirmou hoje que o Papa de Roma ir\u00e1 visitar os refugiados da ilha grega de Lesbos na companhia do Patriarca Ecum\u00eanico Bartolomeu I, em 16 de abril pr\u00f3ximo.\u00a0Os dois l\u00edderes crist\u00e3os e o Arcebispo ortodoxo de Atenas, Ier\u00f4nymo II, &#8220;v\u00e3o encontrar-se com os refugiados ali hospedados&#8221;, refere a nota oficial da sala de imprensa da Santa S\u00e9.\u00a0Francisco regressa assim a uma ilha-s\u00edmbolo da crise dos refugiados e migrantes que procuram chegar \u00e0 Europa, depois de ter estado em Lampedusa (It\u00e1lia), em 2013.<\/p>\n<p style=\"text-align: justify;\">&#8220;Acolhendo os convites de sua santidade Bartolomeu, Patriarca Ecum\u00eanico de Constantinopla, e do presidente da Rep\u00fablica da Gr\u00e9cia, sua santidade Francisco vai deslocar-se a Lesbos no s\u00e1bado, 16 de abril de 2016&#8221;, anuncia o Vaticano.<\/p>\n<p style=\"text-align: justify;\">O Patriarcado de Constantinopla j\u00e1 tinha adiantado a realiza\u00e7\u00e3o da viagem, uma iniciativa que visa \u201cinspirar a implementa\u00e7\u00e3o de a\u00e7\u00f5es apropriadas para a prote\u00e7\u00e3o das comunidades crist\u00e3s em sofrimento\u201d e uma \u201cresposta adequada \u00e0 situa\u00e7\u00e3o cr\u00edtica dos refugiados\u201d.<\/p>\n<p style=\"text-align: justify;\">O jornal do Vaticano, \u2018L\u2019Osservatore Romano\u2019, fala da ilha de Lesbos como a \u201cLampedusa do Egeu\u201d e assinala que a visita do Papa e de Bartolomeu quer ser \u201cuma resposta crist\u00e3 \u00e0 trag\u00e9dia que est\u00e1 a acontecer\u201d.\u00a0O an\u00fancio da visita, acrescenta o jornal, \u201crasgou o v\u00e9u da indiferen\u00e7a que caiu nas \u00faltimas semanas\u201d sobre estas popula\u00e7\u00f5es.<\/p>\n<p style=\"text-align: justify;\">O presidente grego Prok\u00f3pis Paul\u00f3poulos escreveu uma mensagem ao Papa, publicada no site \u2018Dogma.gr\u2019, considerando que a visita vai \u201cmelhorar consideravelmente o esfor\u00e7o para compreender o drama dos refugiados\u201d.\u00a0\u201cO drama dos refugiados que buscam a humanidade e a solidariedade de todos aqueles que assumem os valores morais da nossa cultura, coloca cada ser humano diante de suas responsabilidades\u201d, escreve.<\/p>\n<p style=\"text-align: justify;\">A Organiza\u00e7\u00e3o Internacional para Migra\u00e7\u00f5es (OIM) revelou que mais de 172 mil migrantes e refugiados chegaram \u00e0 Europa pelo mar em 2016, at\u00e9 ao in\u00edcio de abril (&#8230;)\u00a0OC<\/p>\n<hr \/>\n<p style=\"text-align: justify;\">Fonte: Ag\u00eancia <a href=\"http:\/\/www.agencia.ecclesia.pt\/home\/\" target=\"_blank\">ECCLESIA<\/a><\/p>\n<p style=\"text-align: justify;\">\n","protected":false},"excerpt":{"rendered":"<p>07 abr 2016 (Ecclesia) &#8211; O Vaticano confirmou hoje que o Papa de Roma ir\u00e1 visitar os refugiados da ilha grega de Lesbos na companhia do Patriarca Ecum\u00eanico Bartolomeu I, em 16 de abril pr\u00f3ximo.\u00a0Os dois l\u00edderes crist\u00e3os e o&#8230;<\/p>\n","protected":false},"author":1,"featured_media":20188,"comment_status":"open","ping_status":"open","sticky":false,"template":"","format":"standard","meta":{"_acf_changed":false,"footnotes":""},"categories":[1,72],"tags":[],"class_list":["post-20187","post","type-post","status-publish","format-standard","has-post-thumbnail","hentry","category-news","category-patriarcado-ecumenico","entry","rows-excerpt"],"acf":[],"yoast_head":"<!-- This site is optimized with the Yoast SEO plugin v27.4 - https:\/\/yoast.com\/product\/yoast-seo-wordpress\/ -->\n<title>Viagem marcada para a pr\u00f3xima semana na companhia do Patriarca Ecum\u00eanico de Constantinopla | ECCLESIA NEWS<\/title>\n<meta name=\"robots\" content=\"index, follow, max-snippet:-1, max-image-preview:large, max-video-preview:-1\" \/>\n<link rel=\"canonical\" href=\"https:\/\/news.ecclesia.org.br\/?p=20187\" \/>\n<meta property=\"og:locale\" content=\"pt_BR\" \/>\n<meta property=\"og:type\" content=\"article\" \/>\n<meta property=\"og:title\" content=\"Viagem marcada para a pr\u00f3xima semana na companhia do Patriarca Ecum\u00eanico de Constantinopla | ECCLESIA NEWS\" \/>\n<meta property=\"og:description\" content=\"07 abr 2016 (Ecclesia) &#8211; O Vaticano confirmou hoje que o Papa de Roma ir\u00e1 visitar os refugiados da ilha grega de Lesbos na companhia do Patriarca Ecum\u00eanico Bartolomeu I, em 16 de abril pr\u00f3ximo.\u00a0Os dois l\u00edderes crist\u00e3os e o&#8230;\" \/>\n<meta property=\"og:url\" content=\"https:\/\/news.ecclesia.org.br\/?p=20187\" \/>\n<meta property=\"og:site_name\" content=\"ECCLESIA NEWS\" \/>\n<meta property=\"article:publisher\" content=\"https:\/\/www.facebook.com\/Ecclesia2025\" \/>\n<meta property=\"article:published_time\" content=\"2016-04-08T02:58:04+00:00\" \/>\n<meta property=\"article:modified_time\" content=\"2016-04-08T02:58:15+00:00\" \/>\n<meta property=\"og:image\" content=\"https:\/\/news.ecclesia.org.br\/wp-content\/uploads\/2016\/04\/lesbos-2016.jpg\" \/>\n\t<meta property=\"og:image:width\" content=\"926\" \/>\n\t<meta property=\"og:image:height\" content=\"695\" \/>\n\t<meta property=\"og:image:type\" content=\"image\/jpeg\" \/>\n<meta name=\"author\" content=\"Pe. Andr\u00e9\" \/>\n<meta name=\"twitter:card\" content=\"summary_large_image\" \/>\n<meta name=\"twitter:creator\" content=\"@EcclesiaNews\" \/>\n<meta name=\"twitter:site\" content=\"@EcclesiaNews\" \/>\n<meta name=\"twitter:label1\" content=\"Escrito por\" \/>\n\t<meta name=\"twitter:data1\" content=\"Pe. Andr\u00e9\" \/>\n\t<meta name=\"twitter:label2\" content=\"Est. tempo de leitura\" \/>\n\t<meta name=\"twitter:data2\" content=\"2 minutos\" \/>\n<script type=\"application\/ld+json\" class=\"yoast-schema-graph\">{\"@context\":\"https:\\\/\\\/schema.org\",\"@graph\":[{\"@type\":\"Article\",\"@id\":\"https:\\\/\\\/news.ecclesia.org.br\\\/?p=20187#article\",\"isPartOf\":{\"@id\":\"https:\\\/\\\/news.ecclesia.org.br\\\/?p=20187\"},\"author\":{\"name\":\"Pe. Andr\u00e9\",\"@id\":\"https:\\\/\\\/news.ecclesia.org.br\\\/#\\\/schema\\\/person\\\/6f09597f025829745ba414a569f63758\"},\"headline\":\"Viagem marcada para a pr\u00f3xima semana na companhia do Patriarca Ecum\u00eanico de Constantinopla\",\"datePublished\":\"2016-04-08T02:58:04+00:00\",\"dateModified\":\"2016-04-08T02:58:15+00:00\",\"mainEntityOfPage\":{\"@id\":\"https:\\\/\\\/news.ecclesia.org.br\\\/?p=20187\"},\"wordCount\":348,\"commentCount\":0,\"publisher\":{\"@id\":\"https:\\\/\\\/news.ecclesia.org.br\\\/#organization\"},\"image\":{\"@id\":\"https:\\\/\\\/news.ecclesia.org.br\\\/?p=20187#primaryimage\"},\"thumbnailUrl\":\"https:\\\/\\\/news.ecclesia.org.br\\\/wp-content\\\/uploads\\\/2016\\\/04\\\/lesbos-2016.jpg\",\"articleSection\":[\"NEWS\",\"Patriarcado Ecum\u00eanico\"],\"inLanguage\":\"pt-BR\",\"potentialAction\":[{\"@type\":\"CommentAction\",\"name\":\"Comment\",\"target\":[\"https:\\\/\\\/news.ecclesia.org.br\\\/?p=20187#respond\"]}]},{\"@type\":\"WebPage\",\"@id\":\"https:\\\/\\\/news.ecclesia.org.br\\\/?p=20187\",\"url\":\"https:\\\/\\\/news.ecclesia.org.br\\\/?p=20187\",\"name\":\"Viagem marcada para a pr\u00f3xima semana na companhia do Patriarca Ecum\u00eanico de Constantinopla | ECCLESIA NEWS\",\"isPartOf\":{\"@id\":\"https:\\\/\\\/news.ecclesia.org.br\\\/#website\"},\"primaryImageOfPage\":{\"@id\":\"https:\\\/\\\/news.ecclesia.org.br\\\/?p=20187#primaryimage\"},\"image\":{\"@id\":\"https:\\\/\\\/news.ecclesia.org.br\\\/?p=20187#primaryimage\"},\"thumbnailUrl\":\"https:\\\/\\\/news.ecclesia.org.br\\\/wp-content\\\/uploads\\\/2016\\\/04\\\/lesbos-2016.jpg\",\"datePublished\":\"2016-04-08T02:58:04+00:00\",\"dateModified\":\"2016-04-08T02:58:15+00:00\",\"breadcrumb\":{\"@id\":\"https:\\\/\\\/news.ecclesia.org.br\\\/?p=20187#breadcrumb\"},\"inLanguage\":\"pt-BR\",\"potentialAction\":[{\"@type\":\"ReadAction\",\"target\":[\"https:\\\/\\\/news.ecclesia.org.br\\\/?p=20187\"]}]},{\"@type\":\"ImageObject\",\"inLanguage\":\"pt-BR\",\"@id\":\"https:\\\/\\\/news.ecclesia.org.br\\\/?p=20187#primaryimage\",\"url\":\"https:\\\/\\\/news.ecclesia.org.br\\\/wp-content\\\/uploads\\\/2016\\\/04\\\/lesbos-2016.jpg\",\"contentUrl\":\"https:\\\/\\\/news.ecclesia.org.br\\\/wp-content\\\/uploads\\\/2016\\\/04\\\/lesbos-2016.jpg\",\"width\":926,\"height\":695},{\"@type\":\"BreadcrumbList\",\"@id\":\"https:\\\/\\\/news.ecclesia.org.br\\\/?p=20187#breadcrumb\",\"itemListElement\":[{\"@type\":\"ListItem\",\"position\":1,\"name\":\"In\u00edcio\",\"item\":\"https:\\\/\\\/news.ecclesia.org.br\\\/\"},{\"@type\":\"ListItem\",\"position\":2,\"name\":\"Viagem marcada para a pr\u00f3xima semana na companhia do Patriarca Ecum\u00eanico de Constantinopla\"}]},{\"@type\":\"WebSite\",\"@id\":\"https:\\\/\\\/news.ecclesia.org.br\\\/#website\",\"url\":\"https:\\\/\\\/news.ecclesia.org.br\\\/\",\"name\":\"Ecclesia Brasil\",\"description\":\"Desde 2003 onectando o Brasil ao mundo ortodoxo!\",\"publisher\":{\"@id\":\"https:\\\/\\\/news.ecclesia.org.br\\\/#organization\"},\"alternateName\":\"Ecclesia\",\"potentialAction\":[{\"@type\":\"SearchAction\",\"target\":{\"@type\":\"EntryPoint\",\"urlTemplate\":\"https:\\\/\\\/news.ecclesia.org.br\\\/?s={search_term_string}\"},\"query-input\":{\"@type\":\"PropertyValueSpecification\",\"valueRequired\":true,\"valueName\":\"search_term_string\"}}],\"inLanguage\":\"pt-BR\"},{\"@type\":\"Organization\",\"@id\":\"https:\\\/\\\/news.ecclesia.org.br\\\/#organization\",\"name\":\"Sacra Arquidiocese de Buenos Aires e Am\u00e9rica do Sul | Patriarcado Ecum\u00eanico\",\"alternateName\":\"News Ecclesia Brasil\",\"url\":\"https:\\\/\\\/news.ecclesia.org.br\\\/\",\"logo\":{\"@type\":\"ImageObject\",\"inLanguage\":\"pt-BR\",\"@id\":\"https:\\\/\\\/news.ecclesia.org.br\\\/#\\\/schema\\\/logo\\\/image\\\/\",\"url\":\"https:\\\/\\\/news.ecclesia.org.br\\\/wp-content\\\/uploads\\\/2025\\\/05\\\/ecclesia2.png\",\"contentUrl\":\"https:\\\/\\\/news.ecclesia.org.br\\\/wp-content\\\/uploads\\\/2025\\\/05\\\/ecclesia2.png\",\"width\":480,\"height\":120,\"caption\":\"Sacra Arquidiocese de Buenos Aires e Am\u00e9rica do Sul | Patriarcado Ecum\u00eanico\"},\"image\":{\"@id\":\"https:\\\/\\\/news.ecclesia.org.br\\\/#\\\/schema\\\/logo\\\/image\\\/\"},\"sameAs\":[\"https:\\\/\\\/www.facebook.com\\\/Ecclesia2025\",\"https:\\\/\\\/x.com\\\/EcclesiaNews\",\"https:\\\/\\\/br.pinterest.com\\\/ekklisia\\\/\",\"https:\\\/\\\/www.youtube.com\\\/@EcclesiaBrasil\"]},{\"@type\":\"Person\",\"@id\":\"https:\\\/\\\/news.ecclesia.org.br\\\/#\\\/schema\\\/person\\\/6f09597f025829745ba414a569f63758\",\"name\":\"Pe. Andr\u00e9\",\"image\":{\"@type\":\"ImageObject\",\"inLanguage\":\"pt-BR\",\"@id\":\"https:\\\/\\\/secure.gravatar.com\\\/avatar\\\/b4327cfa27e9799da239a26adcd534fc29cdc0c4a4a148eecbcfeb9b42c617ac?s=96&d=mm&r=g\",\"url\":\"https:\\\/\\\/secure.gravatar.com\\\/avatar\\\/b4327cfa27e9799da239a26adcd534fc29cdc0c4a4a148eecbcfeb9b42c617ac?s=96&d=mm&r=g\",\"contentUrl\":\"https:\\\/\\\/secure.gravatar.com\\\/avatar\\\/b4327cfa27e9799da239a26adcd534fc29cdc0c4a4a148eecbcfeb9b42c617ac?s=96&d=mm&r=g\",\"caption\":\"Pe. Andr\u00e9\"},\"sameAs\":[\"https:\\\/\\\/www.ecclesia.org.br\"]}]}<\/script>\n<!-- \/ Yoast SEO plugin. -->","yoast_head_json":{"title":"Viagem marcada para a pr\u00f3xima semana na companhia do Patriarca Ecum\u00eanico de Constantinopla | ECCLESIA NEWS","robots":{"index":"index","follow":"follow","max-snippet":"max-snippet:-1","max-image-preview":"max-image-preview:large","max-video-preview":"max-video-preview:-1"},"canonical":"https:\/\/news.ecclesia.org.br\/?p=20187","og_locale":"pt_BR","og_type":"article","og_title":"Viagem marcada para a pr\u00f3xima semana na companhia do Patriarca Ecum\u00eanico de Constantinopla | ECCLESIA NEWS","og_description":"07 abr 2016 (Ecclesia) &#8211; O Vaticano confirmou hoje que o Papa de Roma ir\u00e1 visitar os refugiados da ilha grega de Lesbos na companhia do Patriarca Ecum\u00eanico Bartolomeu I, em 16 de abril pr\u00f3ximo.\u00a0Os dois l\u00edderes crist\u00e3os e o&#8230;","og_url":"https:\/\/news.ecclesia.org.br\/?p=20187","og_site_name":"ECCLESIA NEWS","article_publisher":"https:\/\/www.facebook.com\/Ecclesia2025","article_published_time":"2016-04-08T02:58:04+00:00","article_modified_time":"2016-04-08T02:58:15+00:00","og_image":[{"width":926,"height":695,"url":"https:\/\/news.ecclesia.org.br\/wp-content\/uploads\/2016\/04\/lesbos-2016.jpg","type":"image\/jpeg"}],"author":"Pe. Andr\u00e9","twitter_card":"summary_large_image","twitter_creator":"@EcclesiaNews","twitter_site":"@EcclesiaNews","twitter_misc":{"Escrito por":"Pe. Andr\u00e9","Est. tempo de leitura":"2 minutos"},"schema":{"@context":"https:\/\/schema.org","@graph":[{"@type":"Article","@id":"https:\/\/news.ecclesia.org.br\/?p=20187#article","isPartOf":{"@id":"https:\/\/news.ecclesia.org.br\/?p=20187"},"author":{"name":"Pe. Andr\u00e9","@id":"https:\/\/news.ecclesia.org.br\/#\/schema\/person\/6f09597f025829745ba414a569f63758"},"headline":"Viagem marcada para a pr\u00f3xima semana na companhia do Patriarca Ecum\u00eanico de Constantinopla","datePublished":"2016-04-08T02:58:04+00:00","dateModified":"2016-04-08T02:58:15+00:00","mainEntityOfPage":{"@id":"https:\/\/news.ecclesia.org.br\/?p=20187"},"wordCount":348,"commentCount":0,"publisher":{"@id":"https:\/\/news.ecclesia.org.br\/#organization"},"image":{"@id":"https:\/\/news.ecclesia.org.br\/?p=20187#primaryimage"},"thumbnailUrl":"https:\/\/news.ecclesia.org.br\/wp-content\/uploads\/2016\/04\/lesbos-2016.jpg","articleSection":["NEWS","Patriarcado Ecum\u00eanico"],"inLanguage":"pt-BR","potentialAction":[{"@type":"CommentAction","name":"Comment","target":["https:\/\/news.ecclesia.org.br\/?p=20187#respond"]}]},{"@type":"WebPage","@id":"https:\/\/news.ecclesia.org.br\/?p=20187","url":"https:\/\/news.ecclesia.org.br\/?p=20187","name":"Viagem marcada para a pr\u00f3xima semana na companhia do Patriarca Ecum\u00eanico de Constantinopla | ECCLESIA NEWS","isPartOf":{"@id":"https:\/\/news.ecclesia.org.br\/#website"},"primaryImageOfPage":{"@id":"https:\/\/news.ecclesia.org.br\/?p=20187#primaryimage"},"image":{"@id":"https:\/\/news.ecclesia.org.br\/?p=20187#primaryimage"},"thumbnailUrl":"https:\/\/news.ecclesia.org.br\/wp-content\/uploads\/2016\/04\/lesbos-2016.jpg","datePublished":"2016-04-08T02:58:04+00:00","dateModified":"2016-04-08T02:58:15+00:00","breadcrumb":{"@id":"https:\/\/news.ecclesia.org.br\/?p=20187#breadcrumb"},"inLanguage":"pt-BR","potentialAction":[{"@type":"ReadAction","target":["https:\/\/news.ecclesia.org.br\/?p=20187"]}]},{"@type":"ImageObject","inLanguage":"pt-BR","@id":"https:\/\/news.ecclesia.org.br\/?p=20187#primaryimage","url":"https:\/\/news.ecclesia.org.br\/wp-content\/uploads\/2016\/04\/lesbos-2016.jpg","contentUrl":"https:\/\/news.ecclesia.org.br\/wp-content\/uploads\/2016\/04\/lesbos-2016.jpg","width":926,"height":695},{"@type":"BreadcrumbList","@id":"https:\/\/news.ecclesia.org.br\/?p=20187#breadcrumb","itemListElement":[{"@type":"ListItem","position":1,"name":"In\u00edcio","item":"https:\/\/news.ecclesia.org.br\/"},{"@type":"ListItem","position":2,"name":"Viagem marcada para a pr\u00f3xima semana na companhia do Patriarca Ecum\u00eanico de Constantinopla"}]},{"@type":"WebSite","@id":"https:\/\/news.ecclesia.org.br\/#website","url":"https:\/\/news.ecclesia.org.br\/","name":"Ecclesia Brasil","description":"Desde 2003 onectando o Brasil ao mundo ortodoxo!","publisher":{"@id":"https:\/\/news.ecclesia.org.br\/#organization"},"alternateName":"Ecclesia","potentialAction":[{"@type":"SearchAction","target":{"@type":"EntryPoint","urlTemplate":"https:\/\/news.ecclesia.org.br\/?s={search_term_string}"},"query-input":{"@type":"PropertyValueSpecification","valueRequired":true,"valueName":"search_term_string"}}],"inLanguage":"pt-BR"},{"@type":"Organization","@id":"https:\/\/news.ecclesia.org.br\/#organization","name":"Sacra Arquidiocese de Buenos Aires e Am\u00e9rica do Sul | Patriarcado Ecum\u00eanico","alternateName":"News Ecclesia Brasil","url":"https:\/\/news.ecclesia.org.br\/","logo":{"@type":"ImageObject","inLanguage":"pt-BR","@id":"https:\/\/news.ecclesia.org.br\/#\/schema\/logo\/image\/","url":"https:\/\/news.ecclesia.org.br\/wp-content\/uploads\/2025\/05\/ecclesia2.png","contentUrl":"https:\/\/news.ecclesia.org.br\/wp-content\/uploads\/2025\/05\/ecclesia2.png","width":480,"height":120,"caption":"Sacra Arquidiocese de Buenos Aires e Am\u00e9rica do Sul | Patriarcado Ecum\u00eanico"},"image":{"@id":"https:\/\/news.ecclesia.org.br\/#\/schema\/logo\/image\/"},"sameAs":["https:\/\/www.facebook.com\/Ecclesia2025","https:\/\/x.com\/EcclesiaNews","https:\/\/br.pinterest.com\/ekklisia\/","https:\/\/www.youtube.com\/@EcclesiaBrasil"]},{"@type":"Person","@id":"https:\/\/news.ecclesia.org.br\/#\/schema\/person\/6f09597f025829745ba414a569f63758","name":"Pe. Andr\u00e9","image":{"@type":"ImageObject","inLanguage":"pt-BR","@id":"https:\/\/secure.gravatar.com\/avatar\/b4327cfa27e9799da239a26adcd534fc29cdc0c4a4a148eecbcfeb9b42c617ac?s=96&d=mm&r=g","url":"https:\/\/secure.gravatar.com\/avatar\/b4327cfa27e9799da239a26adcd534fc29cdc0c4a4a148eecbcfeb9b42c617ac?s=96&d=mm&r=g","contentUrl":"https:\/\/secure.gravatar.com\/avatar\/b4327cfa27e9799da239a26adcd534fc29cdc0c4a4a148eecbcfeb9b42c617ac?s=96&d=mm&r=g","caption":"Pe. Andr\u00e9"},"sameAs":["https:\/\/www.ecclesia.org.br"]}]}},"_links":{"self":[{"href":"https:\/\/news.ecclesia.org.br\/index.php?rest_route=\/wp\/v2\/posts\/20187","targetHints":{"allow":["GET"]}}],"collection":[{"href":"https:\/\/news.ecclesia.org.br\/index.php?rest_route=\/wp\/v2\/posts"}],"about":[{"href":"https:\/\/news.ecclesia.org.br\/index.php?rest_route=\/wp\/v2\/types\/post"}],"author":[{"embeddable":true,"href":"https:\/\/news.ecclesia.org.br\/index.php?rest_route=\/wp\/v2\/users\/1"}],"replies":[{"embeddable":true,"href":"https:\/\/news.ecclesia.org.br\/index.php?rest_route=%2Fwp%2Fv2%2Fcomments&post=20187"}],"version-history":[{"count":0,"href":"https:\/\/news.ecclesia.org.br\/index.php?rest_route=\/wp\/v2\/posts\/20187\/revisions"}],"wp:featuredmedia":[{"embeddable":true,"href":"https:\/\/news.ecclesia.org.br\/index.php?rest_route=\/wp\/v2\/media\/20188"}],"wp:attachment":[{"href":"https:\/\/news.ecclesia.org.br\/index.php?rest_route=%2Fwp%2Fv2%2Fmedia&parent=20187"}],"wp:term":[{"taxonomy":"category","embeddable":true,"href":"https:\/\/news.ecclesia.org.br\/index.php?rest_route=%2Fwp%2Fv2%2Fcategories&post=20187"},{"taxonomy":"post_tag","embeddable":true,"href":"https:\/\/news.ecclesia.org.br\/index.php?rest_route=%2Fwp%2Fv2%2Ftags&post=20187"}],"curies":[{"name":"wp","href":"https:\/\/api.w.org\/{rel}","templated":true}]}}