{"id":20161,"date":"2016-04-05T17:54:15","date_gmt":"2016-04-05T20:54:15","guid":{"rendered":"https:\/\/news.ecclesia.org.br\/2013\/?p=20161"},"modified":"2023-09-16T07:04:54","modified_gmt":"2023-09-16T10:04:54","slug":"patriarca-ecumenico-arcebispo-ieronymos-da-grecia-e-o-papa-francisco-visitarao-juntos-aa-ilha-grega-de-lesbos","status":"publish","type":"post","link":"https:\/\/news.ecclesia.org.br\/?p=20161","title":{"rendered":"Patriarca Ecum\u00eanico, Arcebispo Ieronymos da Gr\u00e9cia e\u00a0o Papa Francisco visitar\u00e3o juntos a Ilha Grega de Lesbos"},"content":{"rendered":"<p style=\"text-align: right;\"><a href=\"https:\/\/news.ecclesia.org.br\/2013\/wp-content\/uploads\/2016\/04\/bartolomeu-francisco-ieronymos.jpg\" rel=\"attachment wp-att-20162\"><img fetchpriority=\"high\" decoding=\"async\" class=\"aligncenter size-full wp-image-20162\" src=\"https:\/\/news.ecclesia.org.br\/2013\/wp-content\/uploads\/2016\/04\/bartolomeu-francisco-ieronymos.jpg\" alt=\"bartolomeu-francisco-ieronymos\" width=\"777\" height=\"437\" srcset=\"https:\/\/news.ecclesia.org.br\/wp-content\/uploads\/2016\/04\/bartolomeu-francisco-ieronymos.jpg 777w, https:\/\/news.ecclesia.org.br\/wp-content\/uploads\/2016\/04\/bartolomeu-francisco-ieronymos-300x169.jpg 300w, https:\/\/news.ecclesia.org.br\/wp-content\/uploads\/2016\/04\/bartolomeu-francisco-ieronymos-768x432.jpg 768w, https:\/\/news.ecclesia.org.br\/wp-content\/uploads\/2016\/04\/bartolomeu-francisco-ieronymos-600x337.jpg 600w, https:\/\/news.ecclesia.org.br\/wp-content\/uploads\/2016\/04\/bartolomeu-francisco-ieronymos-98x55.jpg 98w\" sizes=\"(max-width: 777px) 100vw, 777px\" \/><\/a><\/p>\n<p style=\"text-align: right;\">Com informa\u00e7\u00f5es de<br \/>\nEmilios Polygeni, <a href=\"http:\/\/www.romfea.gr\/\" target=\"_blank\" rel=\"noopener\">Ronfea.gr<\/a><\/p>\n<p style=\"text-align: justify;\">O Papa Francisco, acompanhado do Arcebispo Ieronymos e do Patriarca Ecum\u00eanico Bartolomeu visitar\u00e3o juntos \u00e0 Ilha grega de Lesbos no final da pr\u00f3xima semana. Os tr\u00eas hierarcas ir\u00e3o ao campo de refugiados e, depois do almo\u00e7o, prestar\u00e3o homenagem \u00e0s v\u00edtimas que morreram no mar Egeu. Em seguida, o Papa Francisco retornar\u00e1 \u00e0 Roma. O Primeiro-ministro grego, Alexis Tsipras, dever\u00e1 acompanhar os l\u00edderes religiosos nesta importante e oportuna miss\u00e3o.<\/p>\n<p style=\"text-align: justify;\"><strong>Santo S\u00ednodo da Igreja da Gr\u00e9cia<\/strong><\/p>\n<p style=\"text-align: justify;\">Reuniu-se hoje, ter\u00e7a-feira, 5 de abril de 2016, em sua primeira sess\u00e3o do\u00a0m\u00eas, o Santo S\u00ednodo da Igreja da Gr\u00e9cia, sob a presid\u00eancia do Arcebispo Ier\u00f4nymos de Atenas e Toda a Gr\u00e9cia. Durante os trabalhos, o Santo S\u00ednodo foi informado pelo Arcebispo Hieronymus sobre o seguinte: em resposta \u00e0s cartas enviadas no m\u00eas de mar\u00e7o pelo Santo S\u00ednodo \u00e0s institui\u00e7\u00f5es da Europa, WCC, aos l\u00edderes ortodoxos de outras igrejas e pessoas com altos poderes e influ\u00eancia social visando maior conscientiza\u00e7\u00e3o acerca do problema dos refugiados, Sua Beatitude recebeu uma comunica\u00e7\u00e3o oficial das autoridades do Vaticano manifestando o desejo do Papa Francisco em visitar a Gr\u00e9cia. O objetivo desta visita, tal como salientado por Sua Beatitude, \u00e9 de\u00a0oferecer a contribui\u00e7\u00e3o do Papa no esfor\u00e7o comum de sensibiliza\u00e7\u00e3o da comunidade internacional em vista da cessa\u00e7\u00e3o imediata das hostilidades em toda a regi\u00e3o do Mediterr\u00e2neo e Oriente M\u00e9dio, que afetam fortemente as comunidades crist\u00e3s, mas tamb\u00e9m o surgimento da grave crise humanit\u00e1ria que representa o problema dos refugiados que, desesperados, procuram um futuro melhor no continente europeu. O Santo S\u00ednodo da Igreja da Gr\u00e9cia acolheu a proposta da visita do Papa Francisco a uma ilha do Mar Egeu por tratar-se claramente de um ato n\u00e3o protocolar, mas com significado claramente humanit\u00e1rio. O Santo S\u00ednodo prop\u00f4s que a visita seja feita \u00e0 ilha de Lesbos, uma das muitas ilhas onde o problema da trag\u00e9dia dos refugiados \u00e9 vivido de forma bastante aguda. Neste momento particular em que nosso pa\u00eds enfrenta tantos e graves problemas, al\u00e9m de oferecer seu ombro ao peso dos fluxos de refugiados, a Gr\u00e9cia \u00e9 chamada a provar, ainda que sozinha, que os princ\u00edpios e valores europeus ainda existem. O Santo S\u00ednodo decidiu que, num per\u00edodo particularmente determinado pelo desafio de manter a unidade nas Igrejas Ortodoxas, S. Santidade o Patriarca Ecum\u00eanico Bartolomeu seja convidado a honrar com sua presen\u00e7a a popula\u00e7\u00e3o da Ilha de Lesbos no dia da visita do Papa Francisco. A presen\u00e7a destes dois importantes l\u00edderes religiosos mundiais, o Patriarca Ecum\u00eanico Bartolomeu I e o Papa Francisco, enviar\u00e1 \u00e0 comunidade global um forte sinal no sentido de que \u00e9 necess\u00e1rio aliviar os problemas dos refugiados e, simultaneamente, a ado\u00e7\u00e3o de a\u00e7\u00f5es apropriadas para proteger os crist\u00e3os que sofrem cruelmente em toda a regi\u00e3o do Oriente M\u00e9dio, bem como os nossos outros semelhantes.<\/p>\n","protected":false},"excerpt":{"rendered":"<p>Com informa\u00e7\u00f5es de Emilios Polygeni, Ronfea.gr O Papa Francisco, acompanhado do Arcebispo Ieronymos e do Patriarca Ecum\u00eanico Bartolomeu visitar\u00e3o juntos \u00e0 Ilha grega de Lesbos no final da pr\u00f3xima semana. Os tr\u00eas hierarcas ir\u00e3o ao campo de refugiados e, depois&#8230;<\/p>\n","protected":false},"author":1,"featured_media":20162,"comment_status":"open","ping_status":"open","sticky":false,"template":"","format":"standard","meta":{"_acf_changed":false,"footnotes":""},"categories":[2743,1,72],"tags":[],"class_list":["post-20161","post","type-post","status-publish","format-standard","has-post-thumbnail","hentry","category-grecia","category-news","category-patriarcado-ecumenico","entry","rows-excerpt"],"acf":[],"yoast_head":"<!-- This site is optimized with the Yoast SEO plugin v27.4 - https:\/\/yoast.com\/product\/yoast-seo-wordpress\/ -->\n<title>Patriarca Ecum\u00eanico, Arcebispo Ieronymos da Gr\u00e9cia e\u00a0o Papa Francisco visitar\u00e3o juntos a Ilha Grega de Lesbos | ECCLESIA NEWS<\/title>\n<meta name=\"robots\" content=\"index, follow, max-snippet:-1, max-image-preview:large, max-video-preview:-1\" \/>\n<link rel=\"canonical\" href=\"https:\/\/news.ecclesia.org.br\/?p=20161\" \/>\n<meta property=\"og:locale\" content=\"pt_BR\" \/>\n<meta property=\"og:type\" content=\"article\" \/>\n<meta property=\"og:title\" content=\"Patriarca Ecum\u00eanico, Arcebispo Ieronymos da Gr\u00e9cia e\u00a0o Papa Francisco visitar\u00e3o juntos a Ilha Grega de Lesbos | ECCLESIA NEWS\" \/>\n<meta property=\"og:description\" content=\"Com informa\u00e7\u00f5es de Emilios Polygeni, Ronfea.gr O Papa Francisco, acompanhado do Arcebispo Ieronymos e do Patriarca Ecum\u00eanico Bartolomeu visitar\u00e3o juntos \u00e0 Ilha grega de Lesbos no final da pr\u00f3xima semana. Os tr\u00eas hierarcas ir\u00e3o ao campo de refugiados e, depois&#8230;\" \/>\n<meta property=\"og:url\" content=\"https:\/\/news.ecclesia.org.br\/?p=20161\" \/>\n<meta property=\"og:site_name\" content=\"ECCLESIA NEWS\" \/>\n<meta property=\"article:publisher\" content=\"https:\/\/www.facebook.com\/Ecclesia2025\" \/>\n<meta property=\"article:published_time\" content=\"2016-04-05T20:54:15+00:00\" \/>\n<meta property=\"article:modified_time\" content=\"2023-09-16T10:04:54+00:00\" \/>\n<meta property=\"og:image\" content=\"https:\/\/news.ecclesia.org.br\/wp-content\/uploads\/2016\/04\/bartolomeu-francisco-ieronymos.jpg\" \/>\n\t<meta property=\"og:image:width\" content=\"777\" \/>\n\t<meta property=\"og:image:height\" content=\"437\" \/>\n\t<meta property=\"og:image:type\" content=\"image\/jpeg\" \/>\n<meta name=\"author\" content=\"Pe. Andr\u00e9\" \/>\n<meta name=\"twitter:card\" content=\"summary_large_image\" \/>\n<meta name=\"twitter:creator\" content=\"@EcclesiaNews\" \/>\n<meta name=\"twitter:site\" content=\"@EcclesiaNews\" \/>\n<meta name=\"twitter:label1\" content=\"Escrito por\" \/>\n\t<meta name=\"twitter:data1\" content=\"Pe. Andr\u00e9\" \/>\n\t<meta name=\"twitter:label2\" content=\"Est. tempo de leitura\" \/>\n\t<meta name=\"twitter:data2\" content=\"3 minutos\" \/>\n<script type=\"application\/ld+json\" class=\"yoast-schema-graph\">{\"@context\":\"https:\\\/\\\/schema.org\",\"@graph\":[{\"@type\":\"Article\",\"@id\":\"https:\\\/\\\/news.ecclesia.org.br\\\/?p=20161#article\",\"isPartOf\":{\"@id\":\"https:\\\/\\\/news.ecclesia.org.br\\\/?p=20161\"},\"author\":{\"name\":\"Pe. Andr\u00e9\",\"@id\":\"https:\\\/\\\/news.ecclesia.org.br\\\/#\\\/schema\\\/person\\\/6f09597f025829745ba414a569f63758\"},\"headline\":\"Patriarca Ecum\u00eanico, Arcebispo Ieronymos da Gr\u00e9cia e\u00a0o Papa Francisco visitar\u00e3o juntos a Ilha Grega de Lesbos\",\"datePublished\":\"2016-04-05T20:54:15+00:00\",\"dateModified\":\"2023-09-16T10:04:54+00:00\",\"mainEntityOfPage\":{\"@id\":\"https:\\\/\\\/news.ecclesia.org.br\\\/?p=20161\"},\"wordCount\":543,\"commentCount\":1,\"publisher\":{\"@id\":\"https:\\\/\\\/news.ecclesia.org.br\\\/#organization\"},\"image\":{\"@id\":\"https:\\\/\\\/news.ecclesia.org.br\\\/?p=20161#primaryimage\"},\"thumbnailUrl\":\"https:\\\/\\\/news.ecclesia.org.br\\\/wp-content\\\/uploads\\\/2016\\\/04\\\/bartolomeu-francisco-ieronymos.jpg\",\"articleSection\":[\"Igreja da Gr\u00e9cia\",\"NEWS\",\"Patriarcado Ecum\u00eanico\"],\"inLanguage\":\"pt-BR\",\"potentialAction\":[{\"@type\":\"CommentAction\",\"name\":\"Comment\",\"target\":[\"https:\\\/\\\/news.ecclesia.org.br\\\/?p=20161#respond\"]}]},{\"@type\":\"WebPage\",\"@id\":\"https:\\\/\\\/news.ecclesia.org.br\\\/?p=20161\",\"url\":\"https:\\\/\\\/news.ecclesia.org.br\\\/?p=20161\",\"name\":\"Patriarca Ecum\u00eanico, Arcebispo Ieronymos da Gr\u00e9cia e\u00a0o Papa Francisco visitar\u00e3o juntos a Ilha Grega de Lesbos | ECCLESIA NEWS\",\"isPartOf\":{\"@id\":\"https:\\\/\\\/news.ecclesia.org.br\\\/#website\"},\"primaryImageOfPage\":{\"@id\":\"https:\\\/\\\/news.ecclesia.org.br\\\/?p=20161#primaryimage\"},\"image\":{\"@id\":\"https:\\\/\\\/news.ecclesia.org.br\\\/?p=20161#primaryimage\"},\"thumbnailUrl\":\"https:\\\/\\\/news.ecclesia.org.br\\\/wp-content\\\/uploads\\\/2016\\\/04\\\/bartolomeu-francisco-ieronymos.jpg\",\"datePublished\":\"2016-04-05T20:54:15+00:00\",\"dateModified\":\"2023-09-16T10:04:54+00:00\",\"breadcrumb\":{\"@id\":\"https:\\\/\\\/news.ecclesia.org.br\\\/?p=20161#breadcrumb\"},\"inLanguage\":\"pt-BR\",\"potentialAction\":[{\"@type\":\"ReadAction\",\"target\":[\"https:\\\/\\\/news.ecclesia.org.br\\\/?p=20161\"]}]},{\"@type\":\"ImageObject\",\"inLanguage\":\"pt-BR\",\"@id\":\"https:\\\/\\\/news.ecclesia.org.br\\\/?p=20161#primaryimage\",\"url\":\"https:\\\/\\\/news.ecclesia.org.br\\\/wp-content\\\/uploads\\\/2016\\\/04\\\/bartolomeu-francisco-ieronymos.jpg\",\"contentUrl\":\"https:\\\/\\\/news.ecclesia.org.br\\\/wp-content\\\/uploads\\\/2016\\\/04\\\/bartolomeu-francisco-ieronymos.jpg\",\"width\":777,\"height\":437},{\"@type\":\"BreadcrumbList\",\"@id\":\"https:\\\/\\\/news.ecclesia.org.br\\\/?p=20161#breadcrumb\",\"itemListElement\":[{\"@type\":\"ListItem\",\"position\":1,\"name\":\"In\u00edcio\",\"item\":\"https:\\\/\\\/news.ecclesia.org.br\\\/\"},{\"@type\":\"ListItem\",\"position\":2,\"name\":\"Patriarca Ecum\u00eanico, Arcebispo Ieronymos da Gr\u00e9cia e\u00a0o Papa Francisco visitar\u00e3o juntos a Ilha Grega de Lesbos\"}]},{\"@type\":\"WebSite\",\"@id\":\"https:\\\/\\\/news.ecclesia.org.br\\\/#website\",\"url\":\"https:\\\/\\\/news.ecclesia.org.br\\\/\",\"name\":\"Ecclesia Brasil\",\"description\":\"Desde 2003 onectando o Brasil ao mundo ortodoxo!\",\"publisher\":{\"@id\":\"https:\\\/\\\/news.ecclesia.org.br\\\/#organization\"},\"alternateName\":\"Ecclesia\",\"potentialAction\":[{\"@type\":\"SearchAction\",\"target\":{\"@type\":\"EntryPoint\",\"urlTemplate\":\"https:\\\/\\\/news.ecclesia.org.br\\\/?s={search_term_string}\"},\"query-input\":{\"@type\":\"PropertyValueSpecification\",\"valueRequired\":true,\"valueName\":\"search_term_string\"}}],\"inLanguage\":\"pt-BR\"},{\"@type\":\"Organization\",\"@id\":\"https:\\\/\\\/news.ecclesia.org.br\\\/#organization\",\"name\":\"Sacra Arquidiocese de Buenos Aires e Am\u00e9rica do Sul | Patriarcado Ecum\u00eanico\",\"alternateName\":\"News Ecclesia Brasil\",\"url\":\"https:\\\/\\\/news.ecclesia.org.br\\\/\",\"logo\":{\"@type\":\"ImageObject\",\"inLanguage\":\"pt-BR\",\"@id\":\"https:\\\/\\\/news.ecclesia.org.br\\\/#\\\/schema\\\/logo\\\/image\\\/\",\"url\":\"https:\\\/\\\/news.ecclesia.org.br\\\/wp-content\\\/uploads\\\/2025\\\/05\\\/ecclesia2.png\",\"contentUrl\":\"https:\\\/\\\/news.ecclesia.org.br\\\/wp-content\\\/uploads\\\/2025\\\/05\\\/ecclesia2.png\",\"width\":480,\"height\":120,\"caption\":\"Sacra Arquidiocese de Buenos Aires e Am\u00e9rica do Sul | Patriarcado Ecum\u00eanico\"},\"image\":{\"@id\":\"https:\\\/\\\/news.ecclesia.org.br\\\/#\\\/schema\\\/logo\\\/image\\\/\"},\"sameAs\":[\"https:\\\/\\\/www.facebook.com\\\/Ecclesia2025\",\"https:\\\/\\\/x.com\\\/EcclesiaNews\",\"https:\\\/\\\/br.pinterest.com\\\/ekklisia\\\/\",\"https:\\\/\\\/www.youtube.com\\\/@EcclesiaBrasil\"]},{\"@type\":\"Person\",\"@id\":\"https:\\\/\\\/news.ecclesia.org.br\\\/#\\\/schema\\\/person\\\/6f09597f025829745ba414a569f63758\",\"name\":\"Pe. Andr\u00e9\",\"image\":{\"@type\":\"ImageObject\",\"inLanguage\":\"pt-BR\",\"@id\":\"https:\\\/\\\/secure.gravatar.com\\\/avatar\\\/b4327cfa27e9799da239a26adcd534fc29cdc0c4a4a148eecbcfeb9b42c617ac?s=96&d=mm&r=g\",\"url\":\"https:\\\/\\\/secure.gravatar.com\\\/avatar\\\/b4327cfa27e9799da239a26adcd534fc29cdc0c4a4a148eecbcfeb9b42c617ac?s=96&d=mm&r=g\",\"contentUrl\":\"https:\\\/\\\/secure.gravatar.com\\\/avatar\\\/b4327cfa27e9799da239a26adcd534fc29cdc0c4a4a148eecbcfeb9b42c617ac?s=96&d=mm&r=g\",\"caption\":\"Pe. Andr\u00e9\"},\"sameAs\":[\"https:\\\/\\\/www.ecclesia.org.br\"]}]}<\/script>\n<!-- \/ Yoast SEO plugin. -->","yoast_head_json":{"title":"Patriarca Ecum\u00eanico, Arcebispo Ieronymos da Gr\u00e9cia e\u00a0o Papa Francisco visitar\u00e3o juntos a Ilha Grega de Lesbos | ECCLESIA NEWS","robots":{"index":"index","follow":"follow","max-snippet":"max-snippet:-1","max-image-preview":"max-image-preview:large","max-video-preview":"max-video-preview:-1"},"canonical":"https:\/\/news.ecclesia.org.br\/?p=20161","og_locale":"pt_BR","og_type":"article","og_title":"Patriarca Ecum\u00eanico, Arcebispo Ieronymos da Gr\u00e9cia e\u00a0o Papa Francisco visitar\u00e3o juntos a Ilha Grega de Lesbos | ECCLESIA NEWS","og_description":"Com informa\u00e7\u00f5es de Emilios Polygeni, Ronfea.gr O Papa Francisco, acompanhado do Arcebispo Ieronymos e do Patriarca Ecum\u00eanico Bartolomeu visitar\u00e3o juntos \u00e0 Ilha grega de Lesbos no final da pr\u00f3xima semana. Os tr\u00eas hierarcas ir\u00e3o ao campo de refugiados e, depois&#8230;","og_url":"https:\/\/news.ecclesia.org.br\/?p=20161","og_site_name":"ECCLESIA NEWS","article_publisher":"https:\/\/www.facebook.com\/Ecclesia2025","article_published_time":"2016-04-05T20:54:15+00:00","article_modified_time":"2023-09-16T10:04:54+00:00","og_image":[{"width":777,"height":437,"url":"https:\/\/news.ecclesia.org.br\/wp-content\/uploads\/2016\/04\/bartolomeu-francisco-ieronymos.jpg","type":"image\/jpeg"}],"author":"Pe. Andr\u00e9","twitter_card":"summary_large_image","twitter_creator":"@EcclesiaNews","twitter_site":"@EcclesiaNews","twitter_misc":{"Escrito por":"Pe. Andr\u00e9","Est. tempo de leitura":"3 minutos"},"schema":{"@context":"https:\/\/schema.org","@graph":[{"@type":"Article","@id":"https:\/\/news.ecclesia.org.br\/?p=20161#article","isPartOf":{"@id":"https:\/\/news.ecclesia.org.br\/?p=20161"},"author":{"name":"Pe. Andr\u00e9","@id":"https:\/\/news.ecclesia.org.br\/#\/schema\/person\/6f09597f025829745ba414a569f63758"},"headline":"Patriarca Ecum\u00eanico, Arcebispo Ieronymos da Gr\u00e9cia e\u00a0o Papa Francisco visitar\u00e3o juntos a Ilha Grega de Lesbos","datePublished":"2016-04-05T20:54:15+00:00","dateModified":"2023-09-16T10:04:54+00:00","mainEntityOfPage":{"@id":"https:\/\/news.ecclesia.org.br\/?p=20161"},"wordCount":543,"commentCount":1,"publisher":{"@id":"https:\/\/news.ecclesia.org.br\/#organization"},"image":{"@id":"https:\/\/news.ecclesia.org.br\/?p=20161#primaryimage"},"thumbnailUrl":"https:\/\/news.ecclesia.org.br\/wp-content\/uploads\/2016\/04\/bartolomeu-francisco-ieronymos.jpg","articleSection":["Igreja da Gr\u00e9cia","NEWS","Patriarcado Ecum\u00eanico"],"inLanguage":"pt-BR","potentialAction":[{"@type":"CommentAction","name":"Comment","target":["https:\/\/news.ecclesia.org.br\/?p=20161#respond"]}]},{"@type":"WebPage","@id":"https:\/\/news.ecclesia.org.br\/?p=20161","url":"https:\/\/news.ecclesia.org.br\/?p=20161","name":"Patriarca Ecum\u00eanico, Arcebispo Ieronymos da Gr\u00e9cia e\u00a0o Papa Francisco visitar\u00e3o juntos a Ilha Grega de Lesbos | ECCLESIA NEWS","isPartOf":{"@id":"https:\/\/news.ecclesia.org.br\/#website"},"primaryImageOfPage":{"@id":"https:\/\/news.ecclesia.org.br\/?p=20161#primaryimage"},"image":{"@id":"https:\/\/news.ecclesia.org.br\/?p=20161#primaryimage"},"thumbnailUrl":"https:\/\/news.ecclesia.org.br\/wp-content\/uploads\/2016\/04\/bartolomeu-francisco-ieronymos.jpg","datePublished":"2016-04-05T20:54:15+00:00","dateModified":"2023-09-16T10:04:54+00:00","breadcrumb":{"@id":"https:\/\/news.ecclesia.org.br\/?p=20161#breadcrumb"},"inLanguage":"pt-BR","potentialAction":[{"@type":"ReadAction","target":["https:\/\/news.ecclesia.org.br\/?p=20161"]}]},{"@type":"ImageObject","inLanguage":"pt-BR","@id":"https:\/\/news.ecclesia.org.br\/?p=20161#primaryimage","url":"https:\/\/news.ecclesia.org.br\/wp-content\/uploads\/2016\/04\/bartolomeu-francisco-ieronymos.jpg","contentUrl":"https:\/\/news.ecclesia.org.br\/wp-content\/uploads\/2016\/04\/bartolomeu-francisco-ieronymos.jpg","width":777,"height":437},{"@type":"BreadcrumbList","@id":"https:\/\/news.ecclesia.org.br\/?p=20161#breadcrumb","itemListElement":[{"@type":"ListItem","position":1,"name":"In\u00edcio","item":"https:\/\/news.ecclesia.org.br\/"},{"@type":"ListItem","position":2,"name":"Patriarca Ecum\u00eanico, Arcebispo Ieronymos da Gr\u00e9cia e\u00a0o Papa Francisco visitar\u00e3o juntos a Ilha Grega de Lesbos"}]},{"@type":"WebSite","@id":"https:\/\/news.ecclesia.org.br\/#website","url":"https:\/\/news.ecclesia.org.br\/","name":"Ecclesia Brasil","description":"Desde 2003 onectando o Brasil ao mundo ortodoxo!","publisher":{"@id":"https:\/\/news.ecclesia.org.br\/#organization"},"alternateName":"Ecclesia","potentialAction":[{"@type":"SearchAction","target":{"@type":"EntryPoint","urlTemplate":"https:\/\/news.ecclesia.org.br\/?s={search_term_string}"},"query-input":{"@type":"PropertyValueSpecification","valueRequired":true,"valueName":"search_term_string"}}],"inLanguage":"pt-BR"},{"@type":"Organization","@id":"https:\/\/news.ecclesia.org.br\/#organization","name":"Sacra Arquidiocese de Buenos Aires e Am\u00e9rica do Sul | Patriarcado Ecum\u00eanico","alternateName":"News Ecclesia Brasil","url":"https:\/\/news.ecclesia.org.br\/","logo":{"@type":"ImageObject","inLanguage":"pt-BR","@id":"https:\/\/news.ecclesia.org.br\/#\/schema\/logo\/image\/","url":"https:\/\/news.ecclesia.org.br\/wp-content\/uploads\/2025\/05\/ecclesia2.png","contentUrl":"https:\/\/news.ecclesia.org.br\/wp-content\/uploads\/2025\/05\/ecclesia2.png","width":480,"height":120,"caption":"Sacra Arquidiocese de Buenos Aires e Am\u00e9rica do Sul | Patriarcado Ecum\u00eanico"},"image":{"@id":"https:\/\/news.ecclesia.org.br\/#\/schema\/logo\/image\/"},"sameAs":["https:\/\/www.facebook.com\/Ecclesia2025","https:\/\/x.com\/EcclesiaNews","https:\/\/br.pinterest.com\/ekklisia\/","https:\/\/www.youtube.com\/@EcclesiaBrasil"]},{"@type":"Person","@id":"https:\/\/news.ecclesia.org.br\/#\/schema\/person\/6f09597f025829745ba414a569f63758","name":"Pe. Andr\u00e9","image":{"@type":"ImageObject","inLanguage":"pt-BR","@id":"https:\/\/secure.gravatar.com\/avatar\/b4327cfa27e9799da239a26adcd534fc29cdc0c4a4a148eecbcfeb9b42c617ac?s=96&d=mm&r=g","url":"https:\/\/secure.gravatar.com\/avatar\/b4327cfa27e9799da239a26adcd534fc29cdc0c4a4a148eecbcfeb9b42c617ac?s=96&d=mm&r=g","contentUrl":"https:\/\/secure.gravatar.com\/avatar\/b4327cfa27e9799da239a26adcd534fc29cdc0c4a4a148eecbcfeb9b42c617ac?s=96&d=mm&r=g","caption":"Pe. Andr\u00e9"},"sameAs":["https:\/\/www.ecclesia.org.br"]}]}},"_links":{"self":[{"href":"https:\/\/news.ecclesia.org.br\/index.php?rest_route=\/wp\/v2\/posts\/20161","targetHints":{"allow":["GET"]}}],"collection":[{"href":"https:\/\/news.ecclesia.org.br\/index.php?rest_route=\/wp\/v2\/posts"}],"about":[{"href":"https:\/\/news.ecclesia.org.br\/index.php?rest_route=\/wp\/v2\/types\/post"}],"author":[{"embeddable":true,"href":"https:\/\/news.ecclesia.org.br\/index.php?rest_route=\/wp\/v2\/users\/1"}],"replies":[{"embeddable":true,"href":"https:\/\/news.ecclesia.org.br\/index.php?rest_route=%2Fwp%2Fv2%2Fcomments&post=20161"}],"version-history":[{"count":1,"href":"https:\/\/news.ecclesia.org.br\/index.php?rest_route=\/wp\/v2\/posts\/20161\/revisions"}],"predecessor-version":[{"id":46053,"href":"https:\/\/news.ecclesia.org.br\/index.php?rest_route=\/wp\/v2\/posts\/20161\/revisions\/46053"}],"wp:featuredmedia":[{"embeddable":true,"href":"https:\/\/news.ecclesia.org.br\/index.php?rest_route=\/wp\/v2\/media\/20162"}],"wp:attachment":[{"href":"https:\/\/news.ecclesia.org.br\/index.php?rest_route=%2Fwp%2Fv2%2Fmedia&parent=20161"}],"wp:term":[{"taxonomy":"category","embeddable":true,"href":"https:\/\/news.ecclesia.org.br\/index.php?rest_route=%2Fwp%2Fv2%2Fcategories&post=20161"},{"taxonomy":"post_tag","embeddable":true,"href":"https:\/\/news.ecclesia.org.br\/index.php?rest_route=%2Fwp%2Fv2%2Ftags&post=20161"}],"curies":[{"name":"wp","href":"https:\/\/api.w.org\/{rel}","templated":true}]}}