{"id":20091,"date":"2016-04-02T19:52:57","date_gmt":"2016-04-02T19:52:57","guid":{"rendered":"https:\/\/news.ecclesia.org.br\/2013\/?p=20091"},"modified":"2016-04-02T20:11:23","modified_gmt":"2016-04-02T20:11:23","slug":"conferencia-teologica-sobre-o-grande-e-santo-concilio-da-igreja-ortodoxa-em-rethymnon","status":"publish","type":"post","link":"https:\/\/news.ecclesia.org.br\/?p=20091","title":{"rendered":"Confer\u00eancia teol\u00f3gica sobre o Grande e Santo Conc\u00edlio da Igreja Ortodoxa em Rethymnon"},"content":{"rendered":"<p><strong>Confer\u00eancia teol\u00f3gica em Creta: &#8220;O Santo S\u00ednodo da Igreja Ortodoxa&#8221;<\/strong><\/p>\n<p style=\"text-align: justify;\">O evento \u00e9 uma iniciativa da associa\u00e7\u00e3o de te\u00f3logos de Creta, com as b\u00ean\u00e7\u00e3os de S. Santidade Bartolomeu I, Patriarca Ecum\u00eanico, e de Sua Emin\u00eancia Eug\u00eanio, Metropolita de Rethymno e Avlopotamos, e acontecer\u00e1 no s\u00e1bado, 16 de abril de 2016, no sal\u00e3o da Igreja dos Santos M\u00e1rtires de Rethymnon. Como \u00e9 sabido, toda a Igreja Ortodoxa espera por este importante\u00a0momento hist\u00f3rico, a reuni\u00e3o do Santo e Grande Conc\u00edlio, que ter\u00e1 lugar em Creta, de 16 a 27 de junho. A convoca\u00e7\u00e3o para este grande\u00a0acontecimento eclesial foi esperada pelos crist\u00e3os ao longo de s\u00e9culos. \u00c9, pois, grande a responsabilidade para toda a a Igreja de Creta, uma vez que o Conc\u00edlio\u00a0ir\u00e1 se reunir na ilha, conforme decis\u00e3o da confer\u00eancia pr\u00e9-conciliar e a Synaxis dos Primazes das Igrejas Ortodoxas.\u00a0O objetivo da\u00a0confer\u00eancia de Creta \u00e9 informar aos te\u00f3logos e a comunidade local sobre a import\u00e2ncia do Santo e Grande Conc\u00edlio para toda a Igreja Ortodoxa e para o mundo.<\/p>\n<hr \/>\n<p style=\"text-align: right;\">Fonte:\u00a0<a href=\"http:\/\/fanarion.blogspot.com\/\" target=\"_blank\">\u03a6\u03c9\u03c2 \u03a6\u03b1\u03bd\u03b1\u03c1\u03af\u03bf\u03c5<\/a><\/p>\n<p style=\"text-align: justify;\">\n","protected":false},"excerpt":{"rendered":"<p>Confer\u00eancia teol\u00f3gica em Creta: &#8220;O Santo S\u00ednodo da Igreja Ortodoxa&#8221; O evento \u00e9 uma iniciativa da associa\u00e7\u00e3o de te\u00f3logos de Creta, com as b\u00ean\u00e7\u00e3os de S. Santidade Bartolomeu I, Patriarca Ecum\u00eanico, e de Sua Emin\u00eancia Eug\u00eanio, Metropolita de Rethymno e&#8230;<\/p>\n","protected":false},"author":1,"featured_media":20092,"comment_status":"open","ping_status":"open","sticky":false,"template":"","format":"standard","meta":{"_acf_changed":false,"footnotes":""},"categories":[1,72],"tags":[],"class_list":["post-20091","post","type-post","status-publish","format-standard","has-post-thumbnail","hentry","category-news","category-patriarcado-ecumenico","entry","rows-excerpt"],"acf":[],"yoast_head":"<!-- This site is optimized with the Yoast SEO plugin v27.4 - https:\/\/yoast.com\/product\/yoast-seo-wordpress\/ -->\n<title>Confer\u00eancia teol\u00f3gica sobre o Grande e Santo Conc\u00edlio da Igreja Ortodoxa em Rethymnon | ECCLESIA NEWS<\/title>\n<meta name=\"robots\" content=\"index, follow, max-snippet:-1, max-image-preview:large, max-video-preview:-1\" \/>\n<link rel=\"canonical\" href=\"https:\/\/news.ecclesia.org.br\/?p=20091\" \/>\n<meta property=\"og:locale\" content=\"pt_BR\" \/>\n<meta property=\"og:type\" content=\"article\" \/>\n<meta property=\"og:title\" content=\"Confer\u00eancia teol\u00f3gica sobre o Grande e Santo Conc\u00edlio da Igreja Ortodoxa em Rethymnon | ECCLESIA NEWS\" \/>\n<meta property=\"og:description\" content=\"Confer\u00eancia teol\u00f3gica em Creta: &#8220;O Santo S\u00ednodo da Igreja Ortodoxa&#8221; O evento \u00e9 uma iniciativa da associa\u00e7\u00e3o de te\u00f3logos de Creta, com as b\u00ean\u00e7\u00e3os de S. Santidade Bartolomeu I, Patriarca Ecum\u00eanico, e de Sua Emin\u00eancia Eug\u00eanio, Metropolita de Rethymno e&#8230;\" \/>\n<meta property=\"og:url\" content=\"https:\/\/news.ecclesia.org.br\/?p=20091\" \/>\n<meta property=\"og:site_name\" content=\"ECCLESIA NEWS\" \/>\n<meta property=\"article:publisher\" content=\"https:\/\/www.facebook.com\/Ecclesia2025\" \/>\n<meta property=\"article:published_time\" content=\"2016-04-02T19:52:57+00:00\" \/>\n<meta property=\"article:modified_time\" content=\"2016-04-02T20:11:23+00:00\" \/>\n<meta property=\"og:image\" content=\"https:\/\/news.ecclesia.org.br\/wp-content\/uploads\/2016\/04\/conferencia-concilio.jpg\" \/>\n\t<meta property=\"og:image:width\" content=\"1131\" \/>\n\t<meta property=\"og:image:height\" content=\"1600\" \/>\n\t<meta property=\"og:image:type\" content=\"image\/jpeg\" \/>\n<meta name=\"author\" content=\"Pe. Andr\u00e9\" \/>\n<meta name=\"twitter:card\" content=\"summary_large_image\" \/>\n<meta name=\"twitter:creator\" content=\"@EcclesiaNews\" \/>\n<meta name=\"twitter:site\" content=\"@EcclesiaNews\" \/>\n<meta name=\"twitter:label1\" content=\"Escrito por\" \/>\n\t<meta name=\"twitter:data1\" content=\"Pe. Andr\u00e9\" \/>\n\t<meta name=\"twitter:label2\" content=\"Est. tempo de leitura\" \/>\n\t<meta name=\"twitter:data2\" content=\"1 minuto\" \/>\n<script type=\"application\/ld+json\" class=\"yoast-schema-graph\">{\"@context\":\"https:\\\/\\\/schema.org\",\"@graph\":[{\"@type\":\"Article\",\"@id\":\"https:\\\/\\\/news.ecclesia.org.br\\\/?p=20091#article\",\"isPartOf\":{\"@id\":\"https:\\\/\\\/news.ecclesia.org.br\\\/?p=20091\"},\"author\":{\"name\":\"Pe. Andr\u00e9\",\"@id\":\"https:\\\/\\\/news.ecclesia.org.br\\\/#\\\/schema\\\/person\\\/6f09597f025829745ba414a569f63758\"},\"headline\":\"Confer\u00eancia teol\u00f3gica sobre o Grande e Santo Conc\u00edlio da Igreja Ortodoxa em Rethymnon\",\"datePublished\":\"2016-04-02T19:52:57+00:00\",\"dateModified\":\"2016-04-02T20:11:23+00:00\",\"mainEntityOfPage\":{\"@id\":\"https:\\\/\\\/news.ecclesia.org.br\\\/?p=20091\"},\"wordCount\":207,\"commentCount\":0,\"publisher\":{\"@id\":\"https:\\\/\\\/news.ecclesia.org.br\\\/#organization\"},\"image\":{\"@id\":\"https:\\\/\\\/news.ecclesia.org.br\\\/?p=20091#primaryimage\"},\"thumbnailUrl\":\"https:\\\/\\\/news.ecclesia.org.br\\\/wp-content\\\/uploads\\\/2016\\\/04\\\/conferencia-concilio.jpg\",\"articleSection\":[\"NEWS\",\"Patriarcado Ecum\u00eanico\"],\"inLanguage\":\"pt-BR\",\"potentialAction\":[{\"@type\":\"CommentAction\",\"name\":\"Comment\",\"target\":[\"https:\\\/\\\/news.ecclesia.org.br\\\/?p=20091#respond\"]}]},{\"@type\":\"WebPage\",\"@id\":\"https:\\\/\\\/news.ecclesia.org.br\\\/?p=20091\",\"url\":\"https:\\\/\\\/news.ecclesia.org.br\\\/?p=20091\",\"name\":\"Confer\u00eancia teol\u00f3gica sobre o Grande e Santo Conc\u00edlio da Igreja Ortodoxa em Rethymnon | ECCLESIA NEWS\",\"isPartOf\":{\"@id\":\"https:\\\/\\\/news.ecclesia.org.br\\\/#website\"},\"primaryImageOfPage\":{\"@id\":\"https:\\\/\\\/news.ecclesia.org.br\\\/?p=20091#primaryimage\"},\"image\":{\"@id\":\"https:\\\/\\\/news.ecclesia.org.br\\\/?p=20091#primaryimage\"},\"thumbnailUrl\":\"https:\\\/\\\/news.ecclesia.org.br\\\/wp-content\\\/uploads\\\/2016\\\/04\\\/conferencia-concilio.jpg\",\"datePublished\":\"2016-04-02T19:52:57+00:00\",\"dateModified\":\"2016-04-02T20:11:23+00:00\",\"breadcrumb\":{\"@id\":\"https:\\\/\\\/news.ecclesia.org.br\\\/?p=20091#breadcrumb\"},\"inLanguage\":\"pt-BR\",\"potentialAction\":[{\"@type\":\"ReadAction\",\"target\":[\"https:\\\/\\\/news.ecclesia.org.br\\\/?p=20091\"]}]},{\"@type\":\"ImageObject\",\"inLanguage\":\"pt-BR\",\"@id\":\"https:\\\/\\\/news.ecclesia.org.br\\\/?p=20091#primaryimage\",\"url\":\"https:\\\/\\\/news.ecclesia.org.br\\\/wp-content\\\/uploads\\\/2016\\\/04\\\/conferencia-concilio.jpg\",\"contentUrl\":\"https:\\\/\\\/news.ecclesia.org.br\\\/wp-content\\\/uploads\\\/2016\\\/04\\\/conferencia-concilio.jpg\",\"width\":1131,\"height\":1600},{\"@type\":\"BreadcrumbList\",\"@id\":\"https:\\\/\\\/news.ecclesia.org.br\\\/?p=20091#breadcrumb\",\"itemListElement\":[{\"@type\":\"ListItem\",\"position\":1,\"name\":\"In\u00edcio\",\"item\":\"https:\\\/\\\/news.ecclesia.org.br\\\/\"},{\"@type\":\"ListItem\",\"position\":2,\"name\":\"Confer\u00eancia teol\u00f3gica sobre o Grande e Santo Conc\u00edlio da Igreja Ortodoxa em Rethymnon\"}]},{\"@type\":\"WebSite\",\"@id\":\"https:\\\/\\\/news.ecclesia.org.br\\\/#website\",\"url\":\"https:\\\/\\\/news.ecclesia.org.br\\\/\",\"name\":\"Ecclesia Brasil\",\"description\":\"Desde 2003 onectando o Brasil ao mundo ortodoxo!\",\"publisher\":{\"@id\":\"https:\\\/\\\/news.ecclesia.org.br\\\/#organization\"},\"alternateName\":\"Ecclesia\",\"potentialAction\":[{\"@type\":\"SearchAction\",\"target\":{\"@type\":\"EntryPoint\",\"urlTemplate\":\"https:\\\/\\\/news.ecclesia.org.br\\\/?s={search_term_string}\"},\"query-input\":{\"@type\":\"PropertyValueSpecification\",\"valueRequired\":true,\"valueName\":\"search_term_string\"}}],\"inLanguage\":\"pt-BR\"},{\"@type\":\"Organization\",\"@id\":\"https:\\\/\\\/news.ecclesia.org.br\\\/#organization\",\"name\":\"Sacra Arquidiocese de Buenos Aires e Am\u00e9rica do Sul | Patriarcado Ecum\u00eanico\",\"alternateName\":\"News Ecclesia Brasil\",\"url\":\"https:\\\/\\\/news.ecclesia.org.br\\\/\",\"logo\":{\"@type\":\"ImageObject\",\"inLanguage\":\"pt-BR\",\"@id\":\"https:\\\/\\\/news.ecclesia.org.br\\\/#\\\/schema\\\/logo\\\/image\\\/\",\"url\":\"https:\\\/\\\/news.ecclesia.org.br\\\/wp-content\\\/uploads\\\/2025\\\/05\\\/ecclesia2.png\",\"contentUrl\":\"https:\\\/\\\/news.ecclesia.org.br\\\/wp-content\\\/uploads\\\/2025\\\/05\\\/ecclesia2.png\",\"width\":480,\"height\":120,\"caption\":\"Sacra Arquidiocese de Buenos Aires e Am\u00e9rica do Sul | Patriarcado Ecum\u00eanico\"},\"image\":{\"@id\":\"https:\\\/\\\/news.ecclesia.org.br\\\/#\\\/schema\\\/logo\\\/image\\\/\"},\"sameAs\":[\"https:\\\/\\\/www.facebook.com\\\/Ecclesia2025\",\"https:\\\/\\\/x.com\\\/EcclesiaNews\",\"https:\\\/\\\/br.pinterest.com\\\/ekklisia\\\/\",\"https:\\\/\\\/www.youtube.com\\\/@EcclesiaBrasil\"]},{\"@type\":\"Person\",\"@id\":\"https:\\\/\\\/news.ecclesia.org.br\\\/#\\\/schema\\\/person\\\/6f09597f025829745ba414a569f63758\",\"name\":\"Pe. Andr\u00e9\",\"image\":{\"@type\":\"ImageObject\",\"inLanguage\":\"pt-BR\",\"@id\":\"https:\\\/\\\/secure.gravatar.com\\\/avatar\\\/b4327cfa27e9799da239a26adcd534fc29cdc0c4a4a148eecbcfeb9b42c617ac?s=96&d=mm&r=g\",\"url\":\"https:\\\/\\\/secure.gravatar.com\\\/avatar\\\/b4327cfa27e9799da239a26adcd534fc29cdc0c4a4a148eecbcfeb9b42c617ac?s=96&d=mm&r=g\",\"contentUrl\":\"https:\\\/\\\/secure.gravatar.com\\\/avatar\\\/b4327cfa27e9799da239a26adcd534fc29cdc0c4a4a148eecbcfeb9b42c617ac?s=96&d=mm&r=g\",\"caption\":\"Pe. Andr\u00e9\"},\"sameAs\":[\"https:\\\/\\\/www.ecclesia.org.br\"]}]}<\/script>\n<!-- \/ Yoast SEO plugin. -->","yoast_head_json":{"title":"Confer\u00eancia teol\u00f3gica sobre o Grande e Santo Conc\u00edlio da Igreja Ortodoxa em Rethymnon | ECCLESIA NEWS","robots":{"index":"index","follow":"follow","max-snippet":"max-snippet:-1","max-image-preview":"max-image-preview:large","max-video-preview":"max-video-preview:-1"},"canonical":"https:\/\/news.ecclesia.org.br\/?p=20091","og_locale":"pt_BR","og_type":"article","og_title":"Confer\u00eancia teol\u00f3gica sobre o Grande e Santo Conc\u00edlio da Igreja Ortodoxa em Rethymnon | ECCLESIA NEWS","og_description":"Confer\u00eancia teol\u00f3gica em Creta: &#8220;O Santo S\u00ednodo da Igreja Ortodoxa&#8221; O evento \u00e9 uma iniciativa da associa\u00e7\u00e3o de te\u00f3logos de Creta, com as b\u00ean\u00e7\u00e3os de S. Santidade Bartolomeu I, Patriarca Ecum\u00eanico, e de Sua Emin\u00eancia Eug\u00eanio, Metropolita de Rethymno e&#8230;","og_url":"https:\/\/news.ecclesia.org.br\/?p=20091","og_site_name":"ECCLESIA NEWS","article_publisher":"https:\/\/www.facebook.com\/Ecclesia2025","article_published_time":"2016-04-02T19:52:57+00:00","article_modified_time":"2016-04-02T20:11:23+00:00","og_image":[{"width":1131,"height":1600,"url":"https:\/\/news.ecclesia.org.br\/wp-content\/uploads\/2016\/04\/conferencia-concilio.jpg","type":"image\/jpeg"}],"author":"Pe. Andr\u00e9","twitter_card":"summary_large_image","twitter_creator":"@EcclesiaNews","twitter_site":"@EcclesiaNews","twitter_misc":{"Escrito por":"Pe. Andr\u00e9","Est. tempo de leitura":"1 minuto"},"schema":{"@context":"https:\/\/schema.org","@graph":[{"@type":"Article","@id":"https:\/\/news.ecclesia.org.br\/?p=20091#article","isPartOf":{"@id":"https:\/\/news.ecclesia.org.br\/?p=20091"},"author":{"name":"Pe. Andr\u00e9","@id":"https:\/\/news.ecclesia.org.br\/#\/schema\/person\/6f09597f025829745ba414a569f63758"},"headline":"Confer\u00eancia teol\u00f3gica sobre o Grande e Santo Conc\u00edlio da Igreja Ortodoxa em Rethymnon","datePublished":"2016-04-02T19:52:57+00:00","dateModified":"2016-04-02T20:11:23+00:00","mainEntityOfPage":{"@id":"https:\/\/news.ecclesia.org.br\/?p=20091"},"wordCount":207,"commentCount":0,"publisher":{"@id":"https:\/\/news.ecclesia.org.br\/#organization"},"image":{"@id":"https:\/\/news.ecclesia.org.br\/?p=20091#primaryimage"},"thumbnailUrl":"https:\/\/news.ecclesia.org.br\/wp-content\/uploads\/2016\/04\/conferencia-concilio.jpg","articleSection":["NEWS","Patriarcado Ecum\u00eanico"],"inLanguage":"pt-BR","potentialAction":[{"@type":"CommentAction","name":"Comment","target":["https:\/\/news.ecclesia.org.br\/?p=20091#respond"]}]},{"@type":"WebPage","@id":"https:\/\/news.ecclesia.org.br\/?p=20091","url":"https:\/\/news.ecclesia.org.br\/?p=20091","name":"Confer\u00eancia teol\u00f3gica sobre o Grande e Santo Conc\u00edlio da Igreja Ortodoxa em Rethymnon | ECCLESIA NEWS","isPartOf":{"@id":"https:\/\/news.ecclesia.org.br\/#website"},"primaryImageOfPage":{"@id":"https:\/\/news.ecclesia.org.br\/?p=20091#primaryimage"},"image":{"@id":"https:\/\/news.ecclesia.org.br\/?p=20091#primaryimage"},"thumbnailUrl":"https:\/\/news.ecclesia.org.br\/wp-content\/uploads\/2016\/04\/conferencia-concilio.jpg","datePublished":"2016-04-02T19:52:57+00:00","dateModified":"2016-04-02T20:11:23+00:00","breadcrumb":{"@id":"https:\/\/news.ecclesia.org.br\/?p=20091#breadcrumb"},"inLanguage":"pt-BR","potentialAction":[{"@type":"ReadAction","target":["https:\/\/news.ecclesia.org.br\/?p=20091"]}]},{"@type":"ImageObject","inLanguage":"pt-BR","@id":"https:\/\/news.ecclesia.org.br\/?p=20091#primaryimage","url":"https:\/\/news.ecclesia.org.br\/wp-content\/uploads\/2016\/04\/conferencia-concilio.jpg","contentUrl":"https:\/\/news.ecclesia.org.br\/wp-content\/uploads\/2016\/04\/conferencia-concilio.jpg","width":1131,"height":1600},{"@type":"BreadcrumbList","@id":"https:\/\/news.ecclesia.org.br\/?p=20091#breadcrumb","itemListElement":[{"@type":"ListItem","position":1,"name":"In\u00edcio","item":"https:\/\/news.ecclesia.org.br\/"},{"@type":"ListItem","position":2,"name":"Confer\u00eancia teol\u00f3gica sobre o Grande e Santo Conc\u00edlio da Igreja Ortodoxa em Rethymnon"}]},{"@type":"WebSite","@id":"https:\/\/news.ecclesia.org.br\/#website","url":"https:\/\/news.ecclesia.org.br\/","name":"Ecclesia Brasil","description":"Desde 2003 onectando o Brasil ao mundo ortodoxo!","publisher":{"@id":"https:\/\/news.ecclesia.org.br\/#organization"},"alternateName":"Ecclesia","potentialAction":[{"@type":"SearchAction","target":{"@type":"EntryPoint","urlTemplate":"https:\/\/news.ecclesia.org.br\/?s={search_term_string}"},"query-input":{"@type":"PropertyValueSpecification","valueRequired":true,"valueName":"search_term_string"}}],"inLanguage":"pt-BR"},{"@type":"Organization","@id":"https:\/\/news.ecclesia.org.br\/#organization","name":"Sacra Arquidiocese de Buenos Aires e Am\u00e9rica do Sul | Patriarcado Ecum\u00eanico","alternateName":"News Ecclesia Brasil","url":"https:\/\/news.ecclesia.org.br\/","logo":{"@type":"ImageObject","inLanguage":"pt-BR","@id":"https:\/\/news.ecclesia.org.br\/#\/schema\/logo\/image\/","url":"https:\/\/news.ecclesia.org.br\/wp-content\/uploads\/2025\/05\/ecclesia2.png","contentUrl":"https:\/\/news.ecclesia.org.br\/wp-content\/uploads\/2025\/05\/ecclesia2.png","width":480,"height":120,"caption":"Sacra Arquidiocese de Buenos Aires e Am\u00e9rica do Sul | Patriarcado Ecum\u00eanico"},"image":{"@id":"https:\/\/news.ecclesia.org.br\/#\/schema\/logo\/image\/"},"sameAs":["https:\/\/www.facebook.com\/Ecclesia2025","https:\/\/x.com\/EcclesiaNews","https:\/\/br.pinterest.com\/ekklisia\/","https:\/\/www.youtube.com\/@EcclesiaBrasil"]},{"@type":"Person","@id":"https:\/\/news.ecclesia.org.br\/#\/schema\/person\/6f09597f025829745ba414a569f63758","name":"Pe. Andr\u00e9","image":{"@type":"ImageObject","inLanguage":"pt-BR","@id":"https:\/\/secure.gravatar.com\/avatar\/b4327cfa27e9799da239a26adcd534fc29cdc0c4a4a148eecbcfeb9b42c617ac?s=96&d=mm&r=g","url":"https:\/\/secure.gravatar.com\/avatar\/b4327cfa27e9799da239a26adcd534fc29cdc0c4a4a148eecbcfeb9b42c617ac?s=96&d=mm&r=g","contentUrl":"https:\/\/secure.gravatar.com\/avatar\/b4327cfa27e9799da239a26adcd534fc29cdc0c4a4a148eecbcfeb9b42c617ac?s=96&d=mm&r=g","caption":"Pe. Andr\u00e9"},"sameAs":["https:\/\/www.ecclesia.org.br"]}]}},"_links":{"self":[{"href":"https:\/\/news.ecclesia.org.br\/index.php?rest_route=\/wp\/v2\/posts\/20091","targetHints":{"allow":["GET"]}}],"collection":[{"href":"https:\/\/news.ecclesia.org.br\/index.php?rest_route=\/wp\/v2\/posts"}],"about":[{"href":"https:\/\/news.ecclesia.org.br\/index.php?rest_route=\/wp\/v2\/types\/post"}],"author":[{"embeddable":true,"href":"https:\/\/news.ecclesia.org.br\/index.php?rest_route=\/wp\/v2\/users\/1"}],"replies":[{"embeddable":true,"href":"https:\/\/news.ecclesia.org.br\/index.php?rest_route=%2Fwp%2Fv2%2Fcomments&post=20091"}],"version-history":[{"count":0,"href":"https:\/\/news.ecclesia.org.br\/index.php?rest_route=\/wp\/v2\/posts\/20091\/revisions"}],"wp:featuredmedia":[{"embeddable":true,"href":"https:\/\/news.ecclesia.org.br\/index.php?rest_route=\/wp\/v2\/media\/20092"}],"wp:attachment":[{"href":"https:\/\/news.ecclesia.org.br\/index.php?rest_route=%2Fwp%2Fv2%2Fmedia&parent=20091"}],"wp:term":[{"taxonomy":"category","embeddable":true,"href":"https:\/\/news.ecclesia.org.br\/index.php?rest_route=%2Fwp%2Fv2%2Fcategories&post=20091"},{"taxonomy":"post_tag","embeddable":true,"href":"https:\/\/news.ecclesia.org.br\/index.php?rest_route=%2Fwp%2Fv2%2Ftags&post=20091"}],"curies":[{"name":"wp","href":"https:\/\/api.w.org\/{rel}","templated":true}]}}