{"id":19109,"date":"2016-03-28T01:20:40","date_gmt":"2016-03-28T04:20:40","guid":{"rendered":"https:\/\/news.ecclesia.org.br\/2013\/?p=19109"},"modified":"2023-09-16T07:17:57","modified_gmt":"2023-09-16T10:17:57","slug":"a-celebracao-do-domingo-da-ortodoxia-na-romenia","status":"publish","type":"post","link":"https:\/\/news.ecclesia.org.br\/?p=19109","title":{"rendered":"A celebra\u00e7\u00e3o do \u00abDomingo da Ortodoxia\u00bb na Rom\u00eania"},"content":{"rendered":"<p style=\"text-align: justify;\"><div id=\"galleria-19109\"><a href=\"https:\/\/news.ecclesia.org.br\/wp-content\/uploads\/2016\/03\/domingo-da-ortodoxia-romenia-2-950x1024.jpg\"><img decoding=\"async\" title=\"domingo-da-ortodoxia-romenia (2)\" alt=\"\" src=\"https:\/\/news.ecclesia.org.br\/wp-content\/uploads\/2016\/03\/domingo-da-ortodoxia-romenia-2-51x55.jpg\" data-big=\"https:\/\/news.ecclesia.org.br\/wp-content\/uploads\/2016\/03\/domingo-da-ortodoxia-romenia-2-950x1024.jpg\"><\/a><a href=\"https:\/\/news.ecclesia.org.br\/wp-content\/uploads\/2016\/03\/domingo-da-ortodoxia-romenia-3-1024x542.jpg\"><img decoding=\"async\" title=\"domingo-da-ortodoxia-romenia (3)\" alt=\"\" src=\"https:\/\/news.ecclesia.org.br\/wp-content\/uploads\/2016\/03\/domingo-da-ortodoxia-romenia-3-104x55.jpg\" data-big=\"https:\/\/news.ecclesia.org.br\/wp-content\/uploads\/2016\/03\/domingo-da-ortodoxia-romenia-3-1024x542.jpg\"><\/a><a href=\"https:\/\/news.ecclesia.org.br\/wp-content\/uploads\/2016\/03\/domingo-da-ortodoxia-romenia-4-1024x795.jpg\"><img decoding=\"async\" title=\"domingo-da-ortodoxia-romenia (4)\" alt=\"\" src=\"https:\/\/news.ecclesia.org.br\/wp-content\/uploads\/2016\/03\/domingo-da-ortodoxia-romenia-4-71x55.jpg\" data-big=\"https:\/\/news.ecclesia.org.br\/wp-content\/uploads\/2016\/03\/domingo-da-ortodoxia-romenia-4-1024x795.jpg\"><\/a><a href=\"https:\/\/news.ecclesia.org.br\/wp-content\/uploads\/2016\/03\/domingo-da-ortodoxia-romenia.jpg\"><img decoding=\"async\" title=\"domingo-da-ortodoxia-romenia\" alt=\"\" src=\"https:\/\/news.ecclesia.org.br\/wp-content\/uploads\/2016\/03\/domingo-da-ortodoxia-romenia-118x55.jpg\" data-big=\"https:\/\/news.ecclesia.org.br\/wp-content\/uploads\/2016\/03\/domingo-da-ortodoxia-romenia.jpg\"><\/a><\/div><\/p>\n<p style=\"text-align: justify;\">\u00abOrtodoxia significa testemunhar o amor de Deus que se tornou homem para que o ser humano pudesse se divinizar\u00bb, s\u00e3o palavras de S.B. Daniel, Patriarca da Igreja Ortodoxa Romena, dirigida aos fi\u00e9is no Domingo da Ortodoxia. O Patriarca Daniel presidiu a Divina Liturgia do Primeiro Domingo da Quaresma, chamado tamb\u00e9m \u00abDomingo da Ortodoxia\u00bb, celebrado no \u00faltimo dia 20 de mar\u00e7o de 2016, na Catedral Patriarcal em Bucareste. Concelebraram a Divina Liturgia patriarcal os bispos D. Varlaam de Ploiesti, auxiliar do Patriarca, e D. Timotei de Prahova, auxiliar da Arquidiocese de Bucareste. O tema do Evangelho do dia foi o triunfo da verdadeira f\u00e9 dos que veneram os \u00edcones sobre todas as heresias iconoclastas. Em sua homilia, S. Beatitude apontou que um \u00edcone n\u00e3o \u00e9 um mero adorno est\u00e9tico na Igreja, mas a express\u00e3o da verdadeira f\u00e9. \u00abO \u00edcone \u00e9 o testemunho da f\u00e9 que afirma que o Deus invis\u00edvel se tornou vis\u00edvel, que o Deus incircunscrito tornou-se circunscrito por\u00a0n\u00f3s, seres humanos, e para a nossa salva\u00e7\u00e3o. O \u00edcone n\u00e3o \u00e9 um adorno est\u00e9tico simples na Igreja, mas a express\u00e3o da verdadeira f\u00e9. Aquele que n\u00e3o cr\u00ea na encarna\u00e7\u00e3o de Cristo rejeita o \u00edcone. Essas religi\u00f5es que n\u00e3o aceitam que Deus se fez homem por amor aos seres humanos, rejeitam toda e qualquer representa\u00e7\u00e3o material de Deus. Mas para n\u00f3s, que aprendemos com os ap\u00f3stolos que Jesus Cristo \u00e9 o Filho de Deus, eles que O viram, cujas m\u00e3os O tocaram e nos deram testemunho de Sua Divindade, a mem\u00f3ria da Igreja \u00e9 tamb\u00e9m uma mem\u00f3ria visual. \u00abAquele que \u00e9 desde o princ\u00edpio, n\u00f3s mesmos o ouvimos e vimos. N\u00f3s o vimos com os nossos olhos e tocamos-lhe com as nossas pr\u00f3prias m\u00e3os. Ele \u00e9 Jesus Cristo, a palavra da vida\u00bb (1 Jo 1,1). Assim, vemos aqui que o \u00edcone, como uma representa\u00e7\u00e3o de Deus que se fez homem, \u00e9 o testemunho da verdadeira f\u00e9\u00bb.<\/p>\n<p style=\"text-align: justify;\">O Patriarca Daniel apontou ainda que o Domingo da Ortodoxia \u00e9 comemorado durante a Grande Quaresma para nos mostrar que a verdadeira f\u00e9 tamb\u00e9m significa verdadeira vida. \u00abNeste domingo, o Domingo da Ortodoxia, quando sa\u00edmos em prociss\u00e3o com os santos \u00edcones, somos chamados pelos santos a testemunhar a verdadeira f\u00e9 e a verdadeira vida. Ou seja, a f\u00e9 que atua pelo amor, como nos diz a Carta aos Hebreus: \u2018Procurem viver em paz com toda a gente, e levar uma vida santa; porque sem santidade ningu\u00e9m poder\u00e1 chegar a ver Deus\u2019 (Hb 12,14). O primeiro passo na aquisi\u00e7\u00e3o da santidade \u00e9 viver a verdadeira f\u00e9. Hoje, n\u00f3s, os crist\u00e3os ortodoxos, celebramos o dia da verdadeira f\u00e9. A verdadeira f\u00e9 \u00e9 beleza e alegria, vida e comunh\u00e3o, para a gl\u00f3ria de Deus e para a nossa salva\u00e7\u00e3o\u00bb (&#8230;)<\/p>\n<hr \/>\n<p style=\"text-align: right;\">Fonte: <a href=\"http:\/\/basilica.ro\/\" target=\"_blank\" rel=\"noopener\">Ag\u00eancia Bas\u00edlica News<\/a><\/p>\n<p style=\"text-align: justify;\">\n","protected":false},"excerpt":{"rendered":"<p>\u00abOrtodoxia significa testemunhar o amor de Deus que se tornou homem para que o ser humano pudesse se divinizar\u00bb, s\u00e3o palavras de S.B. Daniel, Patriarca da Igreja Ortodoxa Romena, dirigida aos fi\u00e9is no Domingo da Ortodoxia. O Patriarca Daniel presidiu&#8230;<\/p>\n","protected":false},"author":1,"featured_media":19111,"comment_status":"open","ping_status":"open","sticky":false,"template":"","format":"standard","meta":{"_acf_changed":false,"footnotes":""},"categories":[1,2745],"tags":[],"class_list":["post-19109","post","type-post","status-publish","format-standard","has-post-thumbnail","hentry","category-news","category-patriarcado-da-romenia","entry","rows-excerpt"],"acf":[],"yoast_head":"<!-- This site is optimized with the Yoast SEO plugin v27.5 - https:\/\/yoast.com\/product\/yoast-seo-wordpress\/ -->\n<title>A celebra\u00e7\u00e3o do \u00abDomingo da Ortodoxia\u00bb na Rom\u00eania | ECCLESIA NEWS<\/title>\n<meta name=\"robots\" content=\"index, follow, max-snippet:-1, max-image-preview:large, max-video-preview:-1\" \/>\n<link rel=\"canonical\" href=\"https:\/\/news.ecclesia.org.br\/?p=19109\" \/>\n<meta property=\"og:locale\" content=\"pt_BR\" \/>\n<meta property=\"og:type\" content=\"article\" \/>\n<meta property=\"og:title\" content=\"A celebra\u00e7\u00e3o do \u00abDomingo da Ortodoxia\u00bb na Rom\u00eania | ECCLESIA NEWS\" \/>\n<meta property=\"og:description\" content=\"\u00abOrtodoxia significa testemunhar o amor de Deus que se tornou homem para que o ser humano pudesse se divinizar\u00bb, s\u00e3o palavras de S.B. Daniel, Patriarca da Igreja Ortodoxa Romena, dirigida aos fi\u00e9is no Domingo da Ortodoxia. O Patriarca Daniel presidiu&#8230;\" \/>\n<meta property=\"og:url\" content=\"https:\/\/news.ecclesia.org.br\/?p=19109\" \/>\n<meta property=\"og:site_name\" content=\"ECCLESIA NEWS\" \/>\n<meta property=\"article:publisher\" content=\"https:\/\/www.facebook.com\/Ecclesia2025\" \/>\n<meta property=\"article:published_time\" content=\"2016-03-28T04:20:40+00:00\" \/>\n<meta property=\"article:modified_time\" content=\"2023-09-16T10:17:57+00:00\" \/>\n<meta property=\"og:image\" content=\"https:\/\/news.ecclesia.org.br\/wp-content\/uploads\/2016\/03\/domingo-da-ortodoxia-romenia-3.jpg\" \/>\n\t<meta property=\"og:image:width\" content=\"1920\" \/>\n\t<meta property=\"og:image:height\" content=\"1017\" \/>\n\t<meta property=\"og:image:type\" content=\"image\/jpeg\" \/>\n<meta name=\"author\" content=\"Pe. Andr\u00e9\" \/>\n<meta name=\"twitter:card\" content=\"summary_large_image\" \/>\n<meta name=\"twitter:creator\" content=\"@EcclesiaNews\" \/>\n<meta name=\"twitter:site\" content=\"@EcclesiaNews\" \/>\n<meta name=\"twitter:label1\" content=\"Escrito por\" \/>\n\t<meta name=\"twitter:data1\" content=\"Pe. Andr\u00e9\" \/>\n\t<meta name=\"twitter:label2\" content=\"Est. tempo de leitura\" \/>\n\t<meta name=\"twitter:data2\" content=\"2 minutos\" \/>\n<script type=\"application\/ld+json\" class=\"yoast-schema-graph\">{\"@context\":\"https:\\\/\\\/schema.org\",\"@graph\":[{\"@type\":\"Article\",\"@id\":\"https:\\\/\\\/news.ecclesia.org.br\\\/?p=19109#article\",\"isPartOf\":{\"@id\":\"https:\\\/\\\/news.ecclesia.org.br\\\/?p=19109\"},\"author\":{\"name\":\"Pe. Andr\u00e9\",\"@id\":\"https:\\\/\\\/news.ecclesia.org.br\\\/#\\\/schema\\\/person\\\/6f09597f025829745ba414a569f63758\"},\"headline\":\"A celebra\u00e7\u00e3o do \u00abDomingo da Ortodoxia\u00bb na Rom\u00eania\",\"datePublished\":\"2016-03-28T04:20:40+00:00\",\"dateModified\":\"2023-09-16T10:17:57+00:00\",\"mainEntityOfPage\":{\"@id\":\"https:\\\/\\\/news.ecclesia.org.br\\\/?p=19109\"},\"wordCount\":496,\"commentCount\":0,\"publisher\":{\"@id\":\"https:\\\/\\\/news.ecclesia.org.br\\\/#organization\"},\"image\":{\"@id\":\"https:\\\/\\\/news.ecclesia.org.br\\\/?p=19109#primaryimage\"},\"thumbnailUrl\":\"https:\\\/\\\/news.ecclesia.org.br\\\/wp-content\\\/uploads\\\/2016\\\/03\\\/domingo-da-ortodoxia-romenia-3.jpg\",\"articleSection\":[\"NEWS\",\"Patriarcado da Rom\u00eania\"],\"inLanguage\":\"pt-BR\",\"potentialAction\":[{\"@type\":\"CommentAction\",\"name\":\"Comment\",\"target\":[\"https:\\\/\\\/news.ecclesia.org.br\\\/?p=19109#respond\"]}]},{\"@type\":\"WebPage\",\"@id\":\"https:\\\/\\\/news.ecclesia.org.br\\\/?p=19109\",\"url\":\"https:\\\/\\\/news.ecclesia.org.br\\\/?p=19109\",\"name\":\"A celebra\u00e7\u00e3o do \u00abDomingo da Ortodoxia\u00bb na Rom\u00eania | ECCLESIA NEWS\",\"isPartOf\":{\"@id\":\"https:\\\/\\\/news.ecclesia.org.br\\\/#website\"},\"primaryImageOfPage\":{\"@id\":\"https:\\\/\\\/news.ecclesia.org.br\\\/?p=19109#primaryimage\"},\"image\":{\"@id\":\"https:\\\/\\\/news.ecclesia.org.br\\\/?p=19109#primaryimage\"},\"thumbnailUrl\":\"https:\\\/\\\/news.ecclesia.org.br\\\/wp-content\\\/uploads\\\/2016\\\/03\\\/domingo-da-ortodoxia-romenia-3.jpg\",\"datePublished\":\"2016-03-28T04:20:40+00:00\",\"dateModified\":\"2023-09-16T10:17:57+00:00\",\"breadcrumb\":{\"@id\":\"https:\\\/\\\/news.ecclesia.org.br\\\/?p=19109#breadcrumb\"},\"inLanguage\":\"pt-BR\",\"potentialAction\":[{\"@type\":\"ReadAction\",\"target\":[\"https:\\\/\\\/news.ecclesia.org.br\\\/?p=19109\"]}]},{\"@type\":\"ImageObject\",\"inLanguage\":\"pt-BR\",\"@id\":\"https:\\\/\\\/news.ecclesia.org.br\\\/?p=19109#primaryimage\",\"url\":\"https:\\\/\\\/news.ecclesia.org.br\\\/wp-content\\\/uploads\\\/2016\\\/03\\\/domingo-da-ortodoxia-romenia-3.jpg\",\"contentUrl\":\"https:\\\/\\\/news.ecclesia.org.br\\\/wp-content\\\/uploads\\\/2016\\\/03\\\/domingo-da-ortodoxia-romenia-3.jpg\",\"width\":1920,\"height\":1017},{\"@type\":\"BreadcrumbList\",\"@id\":\"https:\\\/\\\/news.ecclesia.org.br\\\/?p=19109#breadcrumb\",\"itemListElement\":[{\"@type\":\"ListItem\",\"position\":1,\"name\":\"In\u00edcio\",\"item\":\"https:\\\/\\\/news.ecclesia.org.br\\\/\"},{\"@type\":\"ListItem\",\"position\":2,\"name\":\"A celebra\u00e7\u00e3o do \u00abDomingo da Ortodoxia\u00bb na Rom\u00eania\"}]},{\"@type\":\"WebSite\",\"@id\":\"https:\\\/\\\/news.ecclesia.org.br\\\/#website\",\"url\":\"https:\\\/\\\/news.ecclesia.org.br\\\/\",\"name\":\"Ecclesia Brasil\",\"description\":\"Desde 2003 onectando o Brasil ao mundo ortodoxo!\",\"publisher\":{\"@id\":\"https:\\\/\\\/news.ecclesia.org.br\\\/#organization\"},\"alternateName\":\"Ecclesia\",\"potentialAction\":[{\"@type\":\"SearchAction\",\"target\":{\"@type\":\"EntryPoint\",\"urlTemplate\":\"https:\\\/\\\/news.ecclesia.org.br\\\/?s={search_term_string}\"},\"query-input\":{\"@type\":\"PropertyValueSpecification\",\"valueRequired\":true,\"valueName\":\"search_term_string\"}}],\"inLanguage\":\"pt-BR\"},{\"@type\":\"Organization\",\"@id\":\"https:\\\/\\\/news.ecclesia.org.br\\\/#organization\",\"name\":\"Sacra Arquidiocese de Buenos Aires e Am\u00e9rica do Sul | Patriarcado Ecum\u00eanico\",\"alternateName\":\"News Ecclesia Brasil\",\"url\":\"https:\\\/\\\/news.ecclesia.org.br\\\/\",\"logo\":{\"@type\":\"ImageObject\",\"inLanguage\":\"pt-BR\",\"@id\":\"https:\\\/\\\/news.ecclesia.org.br\\\/#\\\/schema\\\/logo\\\/image\\\/\",\"url\":\"https:\\\/\\\/news.ecclesia.org.br\\\/wp-content\\\/uploads\\\/2025\\\/05\\\/ecclesia2.png\",\"contentUrl\":\"https:\\\/\\\/news.ecclesia.org.br\\\/wp-content\\\/uploads\\\/2025\\\/05\\\/ecclesia2.png\",\"width\":480,\"height\":120,\"caption\":\"Sacra Arquidiocese de Buenos Aires e Am\u00e9rica do Sul | Patriarcado Ecum\u00eanico\"},\"image\":{\"@id\":\"https:\\\/\\\/news.ecclesia.org.br\\\/#\\\/schema\\\/logo\\\/image\\\/\"},\"sameAs\":[\"https:\\\/\\\/www.facebook.com\\\/Ecclesia2025\",\"https:\\\/\\\/x.com\\\/EcclesiaNews\",\"https:\\\/\\\/br.pinterest.com\\\/ekklisia\\\/\",\"https:\\\/\\\/www.youtube.com\\\/@EcclesiaBrasil\"]},{\"@type\":\"Person\",\"@id\":\"https:\\\/\\\/news.ecclesia.org.br\\\/#\\\/schema\\\/person\\\/6f09597f025829745ba414a569f63758\",\"name\":\"Pe. Andr\u00e9\",\"image\":{\"@type\":\"ImageObject\",\"inLanguage\":\"pt-BR\",\"@id\":\"https:\\\/\\\/secure.gravatar.com\\\/avatar\\\/b4327cfa27e9799da239a26adcd534fc29cdc0c4a4a148eecbcfeb9b42c617ac?s=96&d=mm&r=g\",\"url\":\"https:\\\/\\\/secure.gravatar.com\\\/avatar\\\/b4327cfa27e9799da239a26adcd534fc29cdc0c4a4a148eecbcfeb9b42c617ac?s=96&d=mm&r=g\",\"contentUrl\":\"https:\\\/\\\/secure.gravatar.com\\\/avatar\\\/b4327cfa27e9799da239a26adcd534fc29cdc0c4a4a148eecbcfeb9b42c617ac?s=96&d=mm&r=g\",\"caption\":\"Pe. Andr\u00e9\"},\"sameAs\":[\"https:\\\/\\\/www.ecclesia.org.br\"]}]}<\/script>\n<!-- \/ Yoast SEO plugin. -->","yoast_head_json":{"title":"A celebra\u00e7\u00e3o do \u00abDomingo da Ortodoxia\u00bb na Rom\u00eania | ECCLESIA NEWS","robots":{"index":"index","follow":"follow","max-snippet":"max-snippet:-1","max-image-preview":"max-image-preview:large","max-video-preview":"max-video-preview:-1"},"canonical":"https:\/\/news.ecclesia.org.br\/?p=19109","og_locale":"pt_BR","og_type":"article","og_title":"A celebra\u00e7\u00e3o do \u00abDomingo da Ortodoxia\u00bb na Rom\u00eania | ECCLESIA NEWS","og_description":"\u00abOrtodoxia significa testemunhar o amor de Deus que se tornou homem para que o ser humano pudesse se divinizar\u00bb, s\u00e3o palavras de S.B. Daniel, Patriarca da Igreja Ortodoxa Romena, dirigida aos fi\u00e9is no Domingo da Ortodoxia. O Patriarca Daniel presidiu&#8230;","og_url":"https:\/\/news.ecclesia.org.br\/?p=19109","og_site_name":"ECCLESIA NEWS","article_publisher":"https:\/\/www.facebook.com\/Ecclesia2025","article_published_time":"2016-03-28T04:20:40+00:00","article_modified_time":"2023-09-16T10:17:57+00:00","og_image":[{"width":1920,"height":1017,"url":"https:\/\/news.ecclesia.org.br\/wp-content\/uploads\/2016\/03\/domingo-da-ortodoxia-romenia-3.jpg","type":"image\/jpeg"}],"author":"Pe. Andr\u00e9","twitter_card":"summary_large_image","twitter_creator":"@EcclesiaNews","twitter_site":"@EcclesiaNews","twitter_misc":{"Escrito por":"Pe. Andr\u00e9","Est. tempo de leitura":"2 minutos"},"schema":{"@context":"https:\/\/schema.org","@graph":[{"@type":"Article","@id":"https:\/\/news.ecclesia.org.br\/?p=19109#article","isPartOf":{"@id":"https:\/\/news.ecclesia.org.br\/?p=19109"},"author":{"name":"Pe. Andr\u00e9","@id":"https:\/\/news.ecclesia.org.br\/#\/schema\/person\/6f09597f025829745ba414a569f63758"},"headline":"A celebra\u00e7\u00e3o do \u00abDomingo da Ortodoxia\u00bb na Rom\u00eania","datePublished":"2016-03-28T04:20:40+00:00","dateModified":"2023-09-16T10:17:57+00:00","mainEntityOfPage":{"@id":"https:\/\/news.ecclesia.org.br\/?p=19109"},"wordCount":496,"commentCount":0,"publisher":{"@id":"https:\/\/news.ecclesia.org.br\/#organization"},"image":{"@id":"https:\/\/news.ecclesia.org.br\/?p=19109#primaryimage"},"thumbnailUrl":"https:\/\/news.ecclesia.org.br\/wp-content\/uploads\/2016\/03\/domingo-da-ortodoxia-romenia-3.jpg","articleSection":["NEWS","Patriarcado da Rom\u00eania"],"inLanguage":"pt-BR","potentialAction":[{"@type":"CommentAction","name":"Comment","target":["https:\/\/news.ecclesia.org.br\/?p=19109#respond"]}]},{"@type":"WebPage","@id":"https:\/\/news.ecclesia.org.br\/?p=19109","url":"https:\/\/news.ecclesia.org.br\/?p=19109","name":"A celebra\u00e7\u00e3o do \u00abDomingo da Ortodoxia\u00bb na Rom\u00eania | ECCLESIA NEWS","isPartOf":{"@id":"https:\/\/news.ecclesia.org.br\/#website"},"primaryImageOfPage":{"@id":"https:\/\/news.ecclesia.org.br\/?p=19109#primaryimage"},"image":{"@id":"https:\/\/news.ecclesia.org.br\/?p=19109#primaryimage"},"thumbnailUrl":"https:\/\/news.ecclesia.org.br\/wp-content\/uploads\/2016\/03\/domingo-da-ortodoxia-romenia-3.jpg","datePublished":"2016-03-28T04:20:40+00:00","dateModified":"2023-09-16T10:17:57+00:00","breadcrumb":{"@id":"https:\/\/news.ecclesia.org.br\/?p=19109#breadcrumb"},"inLanguage":"pt-BR","potentialAction":[{"@type":"ReadAction","target":["https:\/\/news.ecclesia.org.br\/?p=19109"]}]},{"@type":"ImageObject","inLanguage":"pt-BR","@id":"https:\/\/news.ecclesia.org.br\/?p=19109#primaryimage","url":"https:\/\/news.ecclesia.org.br\/wp-content\/uploads\/2016\/03\/domingo-da-ortodoxia-romenia-3.jpg","contentUrl":"https:\/\/news.ecclesia.org.br\/wp-content\/uploads\/2016\/03\/domingo-da-ortodoxia-romenia-3.jpg","width":1920,"height":1017},{"@type":"BreadcrumbList","@id":"https:\/\/news.ecclesia.org.br\/?p=19109#breadcrumb","itemListElement":[{"@type":"ListItem","position":1,"name":"In\u00edcio","item":"https:\/\/news.ecclesia.org.br\/"},{"@type":"ListItem","position":2,"name":"A celebra\u00e7\u00e3o do \u00abDomingo da Ortodoxia\u00bb na Rom\u00eania"}]},{"@type":"WebSite","@id":"https:\/\/news.ecclesia.org.br\/#website","url":"https:\/\/news.ecclesia.org.br\/","name":"Ecclesia Brasil","description":"Desde 2003 onectando o Brasil ao mundo ortodoxo!","publisher":{"@id":"https:\/\/news.ecclesia.org.br\/#organization"},"alternateName":"Ecclesia","potentialAction":[{"@type":"SearchAction","target":{"@type":"EntryPoint","urlTemplate":"https:\/\/news.ecclesia.org.br\/?s={search_term_string}"},"query-input":{"@type":"PropertyValueSpecification","valueRequired":true,"valueName":"search_term_string"}}],"inLanguage":"pt-BR"},{"@type":"Organization","@id":"https:\/\/news.ecclesia.org.br\/#organization","name":"Sacra Arquidiocese de Buenos Aires e Am\u00e9rica do Sul | Patriarcado Ecum\u00eanico","alternateName":"News Ecclesia Brasil","url":"https:\/\/news.ecclesia.org.br\/","logo":{"@type":"ImageObject","inLanguage":"pt-BR","@id":"https:\/\/news.ecclesia.org.br\/#\/schema\/logo\/image\/","url":"https:\/\/news.ecclesia.org.br\/wp-content\/uploads\/2025\/05\/ecclesia2.png","contentUrl":"https:\/\/news.ecclesia.org.br\/wp-content\/uploads\/2025\/05\/ecclesia2.png","width":480,"height":120,"caption":"Sacra Arquidiocese de Buenos Aires e Am\u00e9rica do Sul | Patriarcado Ecum\u00eanico"},"image":{"@id":"https:\/\/news.ecclesia.org.br\/#\/schema\/logo\/image\/"},"sameAs":["https:\/\/www.facebook.com\/Ecclesia2025","https:\/\/x.com\/EcclesiaNews","https:\/\/br.pinterest.com\/ekklisia\/","https:\/\/www.youtube.com\/@EcclesiaBrasil"]},{"@type":"Person","@id":"https:\/\/news.ecclesia.org.br\/#\/schema\/person\/6f09597f025829745ba414a569f63758","name":"Pe. Andr\u00e9","image":{"@type":"ImageObject","inLanguage":"pt-BR","@id":"https:\/\/secure.gravatar.com\/avatar\/b4327cfa27e9799da239a26adcd534fc29cdc0c4a4a148eecbcfeb9b42c617ac?s=96&d=mm&r=g","url":"https:\/\/secure.gravatar.com\/avatar\/b4327cfa27e9799da239a26adcd534fc29cdc0c4a4a148eecbcfeb9b42c617ac?s=96&d=mm&r=g","contentUrl":"https:\/\/secure.gravatar.com\/avatar\/b4327cfa27e9799da239a26adcd534fc29cdc0c4a4a148eecbcfeb9b42c617ac?s=96&d=mm&r=g","caption":"Pe. Andr\u00e9"},"sameAs":["https:\/\/www.ecclesia.org.br"]}]}},"_links":{"self":[{"href":"https:\/\/news.ecclesia.org.br\/index.php?rest_route=\/wp\/v2\/posts\/19109","targetHints":{"allow":["GET"]}}],"collection":[{"href":"https:\/\/news.ecclesia.org.br\/index.php?rest_route=\/wp\/v2\/posts"}],"about":[{"href":"https:\/\/news.ecclesia.org.br\/index.php?rest_route=\/wp\/v2\/types\/post"}],"author":[{"embeddable":true,"href":"https:\/\/news.ecclesia.org.br\/index.php?rest_route=\/wp\/v2\/users\/1"}],"replies":[{"embeddable":true,"href":"https:\/\/news.ecclesia.org.br\/index.php?rest_route=%2Fwp%2Fv2%2Fcomments&post=19109"}],"version-history":[{"count":1,"href":"https:\/\/news.ecclesia.org.br\/index.php?rest_route=\/wp\/v2\/posts\/19109\/revisions"}],"predecessor-version":[{"id":46081,"href":"https:\/\/news.ecclesia.org.br\/index.php?rest_route=\/wp\/v2\/posts\/19109\/revisions\/46081"}],"wp:featuredmedia":[{"embeddable":true,"href":"https:\/\/news.ecclesia.org.br\/index.php?rest_route=\/wp\/v2\/media\/19111"}],"wp:attachment":[{"href":"https:\/\/news.ecclesia.org.br\/index.php?rest_route=%2Fwp%2Fv2%2Fmedia&parent=19109"}],"wp:term":[{"taxonomy":"category","embeddable":true,"href":"https:\/\/news.ecclesia.org.br\/index.php?rest_route=%2Fwp%2Fv2%2Fcategories&post=19109"},{"taxonomy":"post_tag","embeddable":true,"href":"https:\/\/news.ecclesia.org.br\/index.php?rest_route=%2Fwp%2Fv2%2Ftags&post=19109"}],"curies":[{"name":"wp","href":"https:\/\/api.w.org\/{rel}","templated":true}]}}