{"id":19044,"date":"2016-03-25T17:08:39","date_gmt":"2016-03-25T17:08:39","guid":{"rendered":"https:\/\/news.ecclesia.org.br\/2013\/?p=19044"},"modified":"2016-03-29T19:20:13","modified_gmt":"2016-03-29T19:20:13","slug":"metropolita-tikhon-oca-concelebra-em-constantinopla-o-triunfo-da-ortodoxia","status":"publish","type":"post","link":"https:\/\/news.ecclesia.org.br\/?p=19044","title":{"rendered":"Metropolita Tikhon (OCA) concelebra em Constantinopla o \u00abTriunfo da Ortodoxia\u00bb"},"content":{"rendered":"<p style=\"text-align: justify;\"><div id=\"galleria-19044\"><a href=\"https:\/\/news.ecclesia.org.br\/wp-content\/uploads\/2016\/03\/25032016-003-1.jpg\"><img decoding=\"async\" title=\"25032016-003\" alt=\"\" src=\"https:\/\/news.ecclesia.org.br\/wp-content\/uploads\/2016\/03\/25032016-003-1-73x55.jpg\" data-big=\"https:\/\/news.ecclesia.org.br\/wp-content\/uploads\/2016\/03\/25032016-003-1.jpg\"><\/a><a href=\"https:\/\/news.ecclesia.org.br\/wp-content\/uploads\/2016\/03\/25032016-004.jpg\"><img decoding=\"async\" title=\"25032016-004\" alt=\"\" src=\"https:\/\/news.ecclesia.org.br\/wp-content\/uploads\/2016\/03\/25032016-004-73x55.jpg\" data-big=\"https:\/\/news.ecclesia.org.br\/wp-content\/uploads\/2016\/03\/25032016-004.jpg\"><\/a><a href=\"https:\/\/news.ecclesia.org.br\/wp-content\/uploads\/2016\/03\/25032016-005.jpg\"><img decoding=\"async\" title=\"25032016-005\" alt=\"\" src=\"https:\/\/news.ecclesia.org.br\/wp-content\/uploads\/2016\/03\/25032016-005-73x55.jpg\" data-big=\"https:\/\/news.ecclesia.org.br\/wp-content\/uploads\/2016\/03\/25032016-005.jpg\"><\/a><a href=\"https:\/\/news.ecclesia.org.br\/wp-content\/uploads\/2016\/03\/25032016-006.jpg\"><img decoding=\"async\" title=\"25032016-006\" alt=\"\" src=\"https:\/\/news.ecclesia.org.br\/wp-content\/uploads\/2016\/03\/25032016-006-73x55.jpg\" data-big=\"https:\/\/news.ecclesia.org.br\/wp-content\/uploads\/2016\/03\/25032016-006.jpg\"><\/a><a href=\"https:\/\/news.ecclesia.org.br\/wp-content\/uploads\/2016\/03\/25032016-007.jpg\"><img decoding=\"async\" title=\"25032016-007\" alt=\"\" src=\"https:\/\/news.ecclesia.org.br\/wp-content\/uploads\/2016\/03\/25032016-007-55x55.jpg\" data-big=\"https:\/\/news.ecclesia.org.br\/wp-content\/uploads\/2016\/03\/25032016-007.jpg\"><\/a><a href=\"https:\/\/news.ecclesia.org.br\/wp-content\/uploads\/2016\/03\/25032016-008.jpg\"><img decoding=\"async\" title=\"25032016-008\" alt=\"\" src=\"https:\/\/news.ecclesia.org.br\/wp-content\/uploads\/2016\/03\/25032016-008-55x55.jpg\" data-big=\"https:\/\/news.ecclesia.org.br\/wp-content\/uploads\/2016\/03\/25032016-008.jpg\"><\/a><a href=\"https:\/\/news.ecclesia.org.br\/wp-content\/uploads\/2016\/03\/25032016-009.jpg\"><img decoding=\"async\" title=\"25032016-009\" alt=\"\" src=\"https:\/\/news.ecclesia.org.br\/wp-content\/uploads\/2016\/03\/25032016-009-48x55.jpg\" data-big=\"https:\/\/news.ecclesia.org.br\/wp-content\/uploads\/2016\/03\/25032016-009.jpg\"><\/a><a href=\"https:\/\/news.ecclesia.org.br\/wp-content\/uploads\/2016\/03\/25032016-010.jpg\"><img decoding=\"async\" title=\"25032016-010\" alt=\"\" src=\"https:\/\/news.ecclesia.org.br\/wp-content\/uploads\/2016\/03\/25032016-010-55x55.jpg\" data-big=\"https:\/\/news.ecclesia.org.br\/wp-content\/uploads\/2016\/03\/25032016-010.jpg\"><\/a><a href=\"https:\/\/news.ecclesia.org.br\/wp-content\/uploads\/2016\/03\/25032016-011.jpg\"><img decoding=\"async\" title=\"25032016-011\" alt=\"\" src=\"https:\/\/news.ecclesia.org.br\/wp-content\/uploads\/2016\/03\/25032016-011-55x55.jpg\" data-big=\"https:\/\/news.ecclesia.org.br\/wp-content\/uploads\/2016\/03\/25032016-011.jpg\"><\/a><a href=\"https:\/\/news.ecclesia.org.br\/wp-content\/uploads\/2016\/03\/25032016-012.jpg\"><img decoding=\"async\" title=\"25032016-012\" alt=\"\" src=\"https:\/\/news.ecclesia.org.br\/wp-content\/uploads\/2016\/03\/25032016-012-84x55.jpg\" data-big=\"https:\/\/news.ecclesia.org.br\/wp-content\/uploads\/2016\/03\/25032016-012.jpg\"><\/a><\/div><\/p>\n<p style=\"text-align: justify;\">CONSTANTINOPLA (ISTAMBUL) \u2013 TURQUIA, mar\u00e7o 2016 &#8212; O Metropolita Tikhon da Igreja Ortodoxa da Am\u00e9rica (OCA) atendeu a um\u00a0convite de S.S. o Patriarca Ecum\u00eanico Bartolomeu de Constantinopla para concelebrar a Divina Liturgia na Igreja Patriarcal de S\u00e3o Jorge, no \u00abDomingo da Ortodoxia\u00bb celebrado em 20\u00a0de mar\u00e7o de 2016.\u00a0Acompanhado do\u00a0padre Jo\u00e3o\u00a0Jillions, o Arcebispo Tikhon chegou a Istambul no s\u00e1bado, 19 de mar\u00e7o, pouco depois de um atentado terrorista ter matado e ferido mais de 30 pessoas na zona tur\u00edstica da cidade. Na noite de s\u00e1bado, participaram das V\u00e9speras presididas pelo Patriarca Bartolomeu na Igreja Patriarcal de S\u00e3o Jorge, do Fanar. Em seguida, o Metropolita Tikhon e Pe. John foram convidados a um\u00a0encontro\u00a0com o Patriarca Bartolomeu em seu escrit\u00f3rio.\u00a0Ap\u00f3s saudar o Patriarca Ecum\u00eanico em nome dos Bispos do Santo S\u00ednodo da Igreja Ortodoxa na Am\u00e9rica, o Metropolita conversou com S. Santidade sobre temas relacionados ao pr\u00f3ximo Grande e Santo Conc\u00edlio, bem como, sobre as perspectivas de di\u00e1logo com o Patriarcado no que diz respeito \u00e0 unidade ortodoxa e a regulariza\u00e7\u00e3o da situa\u00e7\u00e3o can\u00f4nica da igreja na Am\u00e9rica do Norte, entre outros.\u00a0Por sua vez, o Patriarca Bartolomeu dirigiu a palavra saudando os visitantes\u00a0e, ao\u00a0final, ap\u00f3s a\u00a0troca de presentes, encorajou o Metropolita Tikhon a\u00a0visitar novamente\u00a0o Patriarcado\u00a0no futuro.\u00a0Ap\u00f3s o encontro, o Metropolita e Pe.\u00a0Jo\u00e3o jantaram na companhia do Patriarca Bartolomeu e de alguns dos membros do Santo S\u00ednodo do Patriarcado Ecum\u00eanico, incluindo Sua Emin\u00eancia, o Metropolita Jo\u00e3o de P\u00e9rgamo\u00a0[Zizioulas].\u00a0No domingo, 20 de mar\u00e7o, Domingo da Ortodoxia, S. S. Bartolomeu I presidiu a Divina Liturgia festiva na qual concelebraram o Metropolita Tikhon e hierarcas\u00a0membros do Santo S\u00ednodo do Patriarcado Ecum\u00eanico. Ap\u00f3s a Liturgia na Igreja\u00a0Patriarcal, teve lugar um servi\u00e7o memorial por aqueles que sofreram e morreram por causa da f\u00e9, e a \u00a0tradicional\u00a0prociss\u00e3o com os \u00edcones.<\/p>\n<hr \/>\n<p style=\"text-align: right;\">Fonte: Informa\u00e7\u00f5es e fotos: <a href=\"http:\/\/oca.org\/\" target=\"_blank\">OCA<\/a><\/p>\n","protected":false},"excerpt":{"rendered":"<p>CONSTANTINOPLA (ISTAMBUL) \u2013 TURQUIA, mar\u00e7o 2016 &#8212; O Metropolita Tikhon da Igreja Ortodoxa da Am\u00e9rica (OCA) atendeu a um\u00a0convite de S.S. o Patriarca Ecum\u00eanico Bartolomeu de Constantinopla para concelebrar a Divina Liturgia na Igreja Patriarcal de S\u00e3o Jorge, no \u00abDomingo&#8230;<\/p>\n","protected":false},"author":1,"featured_media":19055,"comment_status":"open","ping_status":"open","sticky":false,"template":"","format":"standard","meta":{"_acf_changed":false,"footnotes":""},"categories":[1,72],"tags":[],"class_list":["post-19044","post","type-post","status-publish","format-standard","has-post-thumbnail","hentry","category-news","category-patriarcado-ecumenico","entry","rows-excerpt"],"acf":[],"yoast_head":"<!-- This site is optimized with the Yoast SEO plugin v27.4 - https:\/\/yoast.com\/product\/yoast-seo-wordpress\/ -->\n<title>Metropolita Tikhon (OCA) concelebra em Constantinopla o \u00abTriunfo da Ortodoxia\u00bb | ECCLESIA NEWS<\/title>\n<meta name=\"robots\" content=\"index, follow, max-snippet:-1, max-image-preview:large, max-video-preview:-1\" \/>\n<link rel=\"canonical\" href=\"https:\/\/news.ecclesia.org.br\/?p=19044\" \/>\n<meta property=\"og:locale\" content=\"pt_BR\" \/>\n<meta property=\"og:type\" content=\"article\" \/>\n<meta property=\"og:title\" content=\"Metropolita Tikhon (OCA) concelebra em Constantinopla o \u00abTriunfo da Ortodoxia\u00bb | ECCLESIA NEWS\" \/>\n<meta property=\"og:description\" content=\"CONSTANTINOPLA (ISTAMBUL) \u2013 TURQUIA, mar\u00e7o 2016 &#8212; O Metropolita Tikhon da Igreja Ortodoxa da Am\u00e9rica (OCA) atendeu a um\u00a0convite de S.S. o Patriarca Ecum\u00eanico Bartolomeu de Constantinopla para concelebrar a Divina Liturgia na Igreja Patriarcal de S\u00e3o Jorge, no \u00abDomingo&#8230;\" \/>\n<meta property=\"og:url\" content=\"https:\/\/news.ecclesia.org.br\/?p=19044\" \/>\n<meta property=\"og:site_name\" content=\"ECCLESIA NEWS\" \/>\n<meta property=\"article:publisher\" content=\"https:\/\/www.facebook.com\/Ecclesia2025\" \/>\n<meta property=\"article:published_time\" content=\"2016-03-25T17:08:39+00:00\" \/>\n<meta property=\"article:modified_time\" content=\"2016-03-29T19:20:13+00:00\" \/>\n<meta property=\"og:image\" content=\"https:\/\/news.ecclesia.org.br\/wp-content\/uploads\/2016\/03\/25032016-008.jpg\" \/>\n\t<meta property=\"og:image:width\" content=\"600\" \/>\n\t<meta property=\"og:image:height\" content=\"600\" \/>\n\t<meta property=\"og:image:type\" content=\"image\/jpeg\" \/>\n<meta name=\"author\" content=\"Pe. Andr\u00e9\" \/>\n<meta name=\"twitter:card\" content=\"summary_large_image\" \/>\n<meta name=\"twitter:creator\" content=\"@EcclesiaNews\" \/>\n<meta name=\"twitter:site\" content=\"@EcclesiaNews\" \/>\n<meta name=\"twitter:label1\" content=\"Escrito por\" \/>\n\t<meta name=\"twitter:data1\" content=\"Pe. Andr\u00e9\" \/>\n\t<meta name=\"twitter:label2\" content=\"Est. tempo de leitura\" \/>\n\t<meta name=\"twitter:data2\" content=\"2 minutos\" \/>\n<script type=\"application\/ld+json\" class=\"yoast-schema-graph\">{\"@context\":\"https:\\\/\\\/schema.org\",\"@graph\":[{\"@type\":\"Article\",\"@id\":\"https:\\\/\\\/news.ecclesia.org.br\\\/?p=19044#article\",\"isPartOf\":{\"@id\":\"https:\\\/\\\/news.ecclesia.org.br\\\/?p=19044\"},\"author\":{\"name\":\"Pe. Andr\u00e9\",\"@id\":\"https:\\\/\\\/news.ecclesia.org.br\\\/#\\\/schema\\\/person\\\/6f09597f025829745ba414a569f63758\"},\"headline\":\"Metropolita Tikhon (OCA) concelebra em Constantinopla o \u00abTriunfo da Ortodoxia\u00bb\",\"datePublished\":\"2016-03-25T17:08:39+00:00\",\"dateModified\":\"2016-03-29T19:20:13+00:00\",\"mainEntityOfPage\":{\"@id\":\"https:\\\/\\\/news.ecclesia.org.br\\\/?p=19044\"},\"wordCount\":362,\"commentCount\":0,\"publisher\":{\"@id\":\"https:\\\/\\\/news.ecclesia.org.br\\\/#organization\"},\"image\":{\"@id\":\"https:\\\/\\\/news.ecclesia.org.br\\\/?p=19044#primaryimage\"},\"thumbnailUrl\":\"https:\\\/\\\/news.ecclesia.org.br\\\/wp-content\\\/uploads\\\/2016\\\/03\\\/25032016-008.jpg\",\"articleSection\":[\"NEWS\",\"Patriarcado Ecum\u00eanico\"],\"inLanguage\":\"pt-BR\",\"potentialAction\":[{\"@type\":\"CommentAction\",\"name\":\"Comment\",\"target\":[\"https:\\\/\\\/news.ecclesia.org.br\\\/?p=19044#respond\"]}]},{\"@type\":\"WebPage\",\"@id\":\"https:\\\/\\\/news.ecclesia.org.br\\\/?p=19044\",\"url\":\"https:\\\/\\\/news.ecclesia.org.br\\\/?p=19044\",\"name\":\"Metropolita Tikhon (OCA) concelebra em Constantinopla o \u00abTriunfo da Ortodoxia\u00bb | ECCLESIA NEWS\",\"isPartOf\":{\"@id\":\"https:\\\/\\\/news.ecclesia.org.br\\\/#website\"},\"primaryImageOfPage\":{\"@id\":\"https:\\\/\\\/news.ecclesia.org.br\\\/?p=19044#primaryimage\"},\"image\":{\"@id\":\"https:\\\/\\\/news.ecclesia.org.br\\\/?p=19044#primaryimage\"},\"thumbnailUrl\":\"https:\\\/\\\/news.ecclesia.org.br\\\/wp-content\\\/uploads\\\/2016\\\/03\\\/25032016-008.jpg\",\"datePublished\":\"2016-03-25T17:08:39+00:00\",\"dateModified\":\"2016-03-29T19:20:13+00:00\",\"breadcrumb\":{\"@id\":\"https:\\\/\\\/news.ecclesia.org.br\\\/?p=19044#breadcrumb\"},\"inLanguage\":\"pt-BR\",\"potentialAction\":[{\"@type\":\"ReadAction\",\"target\":[\"https:\\\/\\\/news.ecclesia.org.br\\\/?p=19044\"]}]},{\"@type\":\"ImageObject\",\"inLanguage\":\"pt-BR\",\"@id\":\"https:\\\/\\\/news.ecclesia.org.br\\\/?p=19044#primaryimage\",\"url\":\"https:\\\/\\\/news.ecclesia.org.br\\\/wp-content\\\/uploads\\\/2016\\\/03\\\/25032016-008.jpg\",\"contentUrl\":\"https:\\\/\\\/news.ecclesia.org.br\\\/wp-content\\\/uploads\\\/2016\\\/03\\\/25032016-008.jpg\",\"width\":600,\"height\":600},{\"@type\":\"BreadcrumbList\",\"@id\":\"https:\\\/\\\/news.ecclesia.org.br\\\/?p=19044#breadcrumb\",\"itemListElement\":[{\"@type\":\"ListItem\",\"position\":1,\"name\":\"In\u00edcio\",\"item\":\"https:\\\/\\\/news.ecclesia.org.br\\\/\"},{\"@type\":\"ListItem\",\"position\":2,\"name\":\"Metropolita Tikhon (OCA) concelebra em Constantinopla o \u00abTriunfo da Ortodoxia\u00bb\"}]},{\"@type\":\"WebSite\",\"@id\":\"https:\\\/\\\/news.ecclesia.org.br\\\/#website\",\"url\":\"https:\\\/\\\/news.ecclesia.org.br\\\/\",\"name\":\"Ecclesia Brasil\",\"description\":\"Desde 2003 onectando o Brasil ao mundo ortodoxo!\",\"publisher\":{\"@id\":\"https:\\\/\\\/news.ecclesia.org.br\\\/#organization\"},\"alternateName\":\"Ecclesia\",\"potentialAction\":[{\"@type\":\"SearchAction\",\"target\":{\"@type\":\"EntryPoint\",\"urlTemplate\":\"https:\\\/\\\/news.ecclesia.org.br\\\/?s={search_term_string}\"},\"query-input\":{\"@type\":\"PropertyValueSpecification\",\"valueRequired\":true,\"valueName\":\"search_term_string\"}}],\"inLanguage\":\"pt-BR\"},{\"@type\":\"Organization\",\"@id\":\"https:\\\/\\\/news.ecclesia.org.br\\\/#organization\",\"name\":\"Sacra Arquidiocese de Buenos Aires e Am\u00e9rica do Sul | Patriarcado Ecum\u00eanico\",\"alternateName\":\"News Ecclesia Brasil\",\"url\":\"https:\\\/\\\/news.ecclesia.org.br\\\/\",\"logo\":{\"@type\":\"ImageObject\",\"inLanguage\":\"pt-BR\",\"@id\":\"https:\\\/\\\/news.ecclesia.org.br\\\/#\\\/schema\\\/logo\\\/image\\\/\",\"url\":\"https:\\\/\\\/news.ecclesia.org.br\\\/wp-content\\\/uploads\\\/2025\\\/05\\\/ecclesia2.png\",\"contentUrl\":\"https:\\\/\\\/news.ecclesia.org.br\\\/wp-content\\\/uploads\\\/2025\\\/05\\\/ecclesia2.png\",\"width\":480,\"height\":120,\"caption\":\"Sacra Arquidiocese de Buenos Aires e Am\u00e9rica do Sul | Patriarcado Ecum\u00eanico\"},\"image\":{\"@id\":\"https:\\\/\\\/news.ecclesia.org.br\\\/#\\\/schema\\\/logo\\\/image\\\/\"},\"sameAs\":[\"https:\\\/\\\/www.facebook.com\\\/Ecclesia2025\",\"https:\\\/\\\/x.com\\\/EcclesiaNews\",\"https:\\\/\\\/br.pinterest.com\\\/ekklisia\\\/\",\"https:\\\/\\\/www.youtube.com\\\/@EcclesiaBrasil\"]},{\"@type\":\"Person\",\"@id\":\"https:\\\/\\\/news.ecclesia.org.br\\\/#\\\/schema\\\/person\\\/6f09597f025829745ba414a569f63758\",\"name\":\"Pe. Andr\u00e9\",\"image\":{\"@type\":\"ImageObject\",\"inLanguage\":\"pt-BR\",\"@id\":\"https:\\\/\\\/secure.gravatar.com\\\/avatar\\\/b4327cfa27e9799da239a26adcd534fc29cdc0c4a4a148eecbcfeb9b42c617ac?s=96&d=mm&r=g\",\"url\":\"https:\\\/\\\/secure.gravatar.com\\\/avatar\\\/b4327cfa27e9799da239a26adcd534fc29cdc0c4a4a148eecbcfeb9b42c617ac?s=96&d=mm&r=g\",\"contentUrl\":\"https:\\\/\\\/secure.gravatar.com\\\/avatar\\\/b4327cfa27e9799da239a26adcd534fc29cdc0c4a4a148eecbcfeb9b42c617ac?s=96&d=mm&r=g\",\"caption\":\"Pe. Andr\u00e9\"},\"sameAs\":[\"https:\\\/\\\/www.ecclesia.org.br\"]}]}<\/script>\n<!-- \/ Yoast SEO plugin. -->","yoast_head_json":{"title":"Metropolita Tikhon (OCA) concelebra em Constantinopla o \u00abTriunfo da Ortodoxia\u00bb | ECCLESIA NEWS","robots":{"index":"index","follow":"follow","max-snippet":"max-snippet:-1","max-image-preview":"max-image-preview:large","max-video-preview":"max-video-preview:-1"},"canonical":"https:\/\/news.ecclesia.org.br\/?p=19044","og_locale":"pt_BR","og_type":"article","og_title":"Metropolita Tikhon (OCA) concelebra em Constantinopla o \u00abTriunfo da Ortodoxia\u00bb | ECCLESIA NEWS","og_description":"CONSTANTINOPLA (ISTAMBUL) \u2013 TURQUIA, mar\u00e7o 2016 &#8212; O Metropolita Tikhon da Igreja Ortodoxa da Am\u00e9rica (OCA) atendeu a um\u00a0convite de S.S. o Patriarca Ecum\u00eanico Bartolomeu de Constantinopla para concelebrar a Divina Liturgia na Igreja Patriarcal de S\u00e3o Jorge, no \u00abDomingo&#8230;","og_url":"https:\/\/news.ecclesia.org.br\/?p=19044","og_site_name":"ECCLESIA NEWS","article_publisher":"https:\/\/www.facebook.com\/Ecclesia2025","article_published_time":"2016-03-25T17:08:39+00:00","article_modified_time":"2016-03-29T19:20:13+00:00","og_image":[{"width":600,"height":600,"url":"https:\/\/news.ecclesia.org.br\/wp-content\/uploads\/2016\/03\/25032016-008.jpg","type":"image\/jpeg"}],"author":"Pe. Andr\u00e9","twitter_card":"summary_large_image","twitter_creator":"@EcclesiaNews","twitter_site":"@EcclesiaNews","twitter_misc":{"Escrito por":"Pe. Andr\u00e9","Est. tempo de leitura":"2 minutos"},"schema":{"@context":"https:\/\/schema.org","@graph":[{"@type":"Article","@id":"https:\/\/news.ecclesia.org.br\/?p=19044#article","isPartOf":{"@id":"https:\/\/news.ecclesia.org.br\/?p=19044"},"author":{"name":"Pe. Andr\u00e9","@id":"https:\/\/news.ecclesia.org.br\/#\/schema\/person\/6f09597f025829745ba414a569f63758"},"headline":"Metropolita Tikhon (OCA) concelebra em Constantinopla o \u00abTriunfo da Ortodoxia\u00bb","datePublished":"2016-03-25T17:08:39+00:00","dateModified":"2016-03-29T19:20:13+00:00","mainEntityOfPage":{"@id":"https:\/\/news.ecclesia.org.br\/?p=19044"},"wordCount":362,"commentCount":0,"publisher":{"@id":"https:\/\/news.ecclesia.org.br\/#organization"},"image":{"@id":"https:\/\/news.ecclesia.org.br\/?p=19044#primaryimage"},"thumbnailUrl":"https:\/\/news.ecclesia.org.br\/wp-content\/uploads\/2016\/03\/25032016-008.jpg","articleSection":["NEWS","Patriarcado Ecum\u00eanico"],"inLanguage":"pt-BR","potentialAction":[{"@type":"CommentAction","name":"Comment","target":["https:\/\/news.ecclesia.org.br\/?p=19044#respond"]}]},{"@type":"WebPage","@id":"https:\/\/news.ecclesia.org.br\/?p=19044","url":"https:\/\/news.ecclesia.org.br\/?p=19044","name":"Metropolita Tikhon (OCA) concelebra em Constantinopla o \u00abTriunfo da Ortodoxia\u00bb | ECCLESIA NEWS","isPartOf":{"@id":"https:\/\/news.ecclesia.org.br\/#website"},"primaryImageOfPage":{"@id":"https:\/\/news.ecclesia.org.br\/?p=19044#primaryimage"},"image":{"@id":"https:\/\/news.ecclesia.org.br\/?p=19044#primaryimage"},"thumbnailUrl":"https:\/\/news.ecclesia.org.br\/wp-content\/uploads\/2016\/03\/25032016-008.jpg","datePublished":"2016-03-25T17:08:39+00:00","dateModified":"2016-03-29T19:20:13+00:00","breadcrumb":{"@id":"https:\/\/news.ecclesia.org.br\/?p=19044#breadcrumb"},"inLanguage":"pt-BR","potentialAction":[{"@type":"ReadAction","target":["https:\/\/news.ecclesia.org.br\/?p=19044"]}]},{"@type":"ImageObject","inLanguage":"pt-BR","@id":"https:\/\/news.ecclesia.org.br\/?p=19044#primaryimage","url":"https:\/\/news.ecclesia.org.br\/wp-content\/uploads\/2016\/03\/25032016-008.jpg","contentUrl":"https:\/\/news.ecclesia.org.br\/wp-content\/uploads\/2016\/03\/25032016-008.jpg","width":600,"height":600},{"@type":"BreadcrumbList","@id":"https:\/\/news.ecclesia.org.br\/?p=19044#breadcrumb","itemListElement":[{"@type":"ListItem","position":1,"name":"In\u00edcio","item":"https:\/\/news.ecclesia.org.br\/"},{"@type":"ListItem","position":2,"name":"Metropolita Tikhon (OCA) concelebra em Constantinopla o \u00abTriunfo da Ortodoxia\u00bb"}]},{"@type":"WebSite","@id":"https:\/\/news.ecclesia.org.br\/#website","url":"https:\/\/news.ecclesia.org.br\/","name":"Ecclesia Brasil","description":"Desde 2003 onectando o Brasil ao mundo ortodoxo!","publisher":{"@id":"https:\/\/news.ecclesia.org.br\/#organization"},"alternateName":"Ecclesia","potentialAction":[{"@type":"SearchAction","target":{"@type":"EntryPoint","urlTemplate":"https:\/\/news.ecclesia.org.br\/?s={search_term_string}"},"query-input":{"@type":"PropertyValueSpecification","valueRequired":true,"valueName":"search_term_string"}}],"inLanguage":"pt-BR"},{"@type":"Organization","@id":"https:\/\/news.ecclesia.org.br\/#organization","name":"Sacra Arquidiocese de Buenos Aires e Am\u00e9rica do Sul | Patriarcado Ecum\u00eanico","alternateName":"News Ecclesia Brasil","url":"https:\/\/news.ecclesia.org.br\/","logo":{"@type":"ImageObject","inLanguage":"pt-BR","@id":"https:\/\/news.ecclesia.org.br\/#\/schema\/logo\/image\/","url":"https:\/\/news.ecclesia.org.br\/wp-content\/uploads\/2025\/05\/ecclesia2.png","contentUrl":"https:\/\/news.ecclesia.org.br\/wp-content\/uploads\/2025\/05\/ecclesia2.png","width":480,"height":120,"caption":"Sacra Arquidiocese de Buenos Aires e Am\u00e9rica do Sul | Patriarcado Ecum\u00eanico"},"image":{"@id":"https:\/\/news.ecclesia.org.br\/#\/schema\/logo\/image\/"},"sameAs":["https:\/\/www.facebook.com\/Ecclesia2025","https:\/\/x.com\/EcclesiaNews","https:\/\/br.pinterest.com\/ekklisia\/","https:\/\/www.youtube.com\/@EcclesiaBrasil"]},{"@type":"Person","@id":"https:\/\/news.ecclesia.org.br\/#\/schema\/person\/6f09597f025829745ba414a569f63758","name":"Pe. Andr\u00e9","image":{"@type":"ImageObject","inLanguage":"pt-BR","@id":"https:\/\/secure.gravatar.com\/avatar\/b4327cfa27e9799da239a26adcd534fc29cdc0c4a4a148eecbcfeb9b42c617ac?s=96&d=mm&r=g","url":"https:\/\/secure.gravatar.com\/avatar\/b4327cfa27e9799da239a26adcd534fc29cdc0c4a4a148eecbcfeb9b42c617ac?s=96&d=mm&r=g","contentUrl":"https:\/\/secure.gravatar.com\/avatar\/b4327cfa27e9799da239a26adcd534fc29cdc0c4a4a148eecbcfeb9b42c617ac?s=96&d=mm&r=g","caption":"Pe. Andr\u00e9"},"sameAs":["https:\/\/www.ecclesia.org.br"]}]}},"_links":{"self":[{"href":"https:\/\/news.ecclesia.org.br\/index.php?rest_route=\/wp\/v2\/posts\/19044","targetHints":{"allow":["GET"]}}],"collection":[{"href":"https:\/\/news.ecclesia.org.br\/index.php?rest_route=\/wp\/v2\/posts"}],"about":[{"href":"https:\/\/news.ecclesia.org.br\/index.php?rest_route=\/wp\/v2\/types\/post"}],"author":[{"embeddable":true,"href":"https:\/\/news.ecclesia.org.br\/index.php?rest_route=\/wp\/v2\/users\/1"}],"replies":[{"embeddable":true,"href":"https:\/\/news.ecclesia.org.br\/index.php?rest_route=%2Fwp%2Fv2%2Fcomments&post=19044"}],"version-history":[{"count":0,"href":"https:\/\/news.ecclesia.org.br\/index.php?rest_route=\/wp\/v2\/posts\/19044\/revisions"}],"wp:featuredmedia":[{"embeddable":true,"href":"https:\/\/news.ecclesia.org.br\/index.php?rest_route=\/wp\/v2\/media\/19055"}],"wp:attachment":[{"href":"https:\/\/news.ecclesia.org.br\/index.php?rest_route=%2Fwp%2Fv2%2Fmedia&parent=19044"}],"wp:term":[{"taxonomy":"category","embeddable":true,"href":"https:\/\/news.ecclesia.org.br\/index.php?rest_route=%2Fwp%2Fv2%2Fcategories&post=19044"},{"taxonomy":"post_tag","embeddable":true,"href":"https:\/\/news.ecclesia.org.br\/index.php?rest_route=%2Fwp%2Fv2%2Ftags&post=19044"}],"curies":[{"name":"wp","href":"https:\/\/api.w.org\/{rel}","templated":true}]}}