{"id":18623,"date":"2016-03-23T03:45:00","date_gmt":"2016-03-23T03:45:00","guid":{"rendered":"https:\/\/news.ecclesia.org.br\/2013\/?p=18623"},"modified":"2016-03-23T04:01:22","modified_gmt":"2016-03-23T04:01:22","slug":"ataques-terroristas-de-22-de-marco-mensagens-de-condolencias-e-solidariedade-dirigidas-ao-povo-da-belgica-por-hierarcas-ortodoxos","status":"publish","type":"post","link":"https:\/\/news.ecclesia.org.br\/?p=18623","title":{"rendered":"Ataques terroristas de 22 de mar\u00e7o: mensagens de condol\u00eancias e solidariedade dirigidas ao povo da B\u00e9lgica por hierarcas ortodoxos"},"content":{"rendered":"<h2>Carta\u00a0de condol\u00eancias do Patriarca Ecum\u00eanico, Bartolomeu I<\/h2>\n<p><a href=\"https:\/\/news.ecclesia.org.br\/2013\/wp-content\/uploads\/2016\/03\/Lettre-au-roi-des-Belges.jpg\" rel=\"attachment wp-att-18624\"><img fetchpriority=\"high\" decoding=\"async\" class=\"aligncenter size-full wp-image-18624\" src=\"https:\/\/news.ecclesia.org.br\/2013\/wp-content\/uploads\/2016\/03\/Lettre-au-roi-des-Belges.jpg\" alt=\"Lettre-au-roi-des-Belges\" width=\"768\" height=\"1000\" srcset=\"https:\/\/news.ecclesia.org.br\/wp-content\/uploads\/2016\/03\/Lettre-au-roi-des-Belges.jpg 768w, https:\/\/news.ecclesia.org.br\/wp-content\/uploads\/2016\/03\/Lettre-au-roi-des-Belges-230x300.jpg 230w, https:\/\/news.ecclesia.org.br\/wp-content\/uploads\/2016\/03\/Lettre-au-roi-des-Belges-600x781.jpg 600w, https:\/\/news.ecclesia.org.br\/wp-content\/uploads\/2016\/03\/Lettre-au-roi-des-Belges-42x55.jpg 42w\" sizes=\"(max-width: 768px) 100vw, 768px\" \/><\/a><\/p>\n<h2>Do Metropolita Athenagoras da B\u00e9lgica<\/h2>\n<blockquote>\n<p style=\"text-align: justify;\">Sua Emin\u00eancia o Metropolita Aten\u00e1goras da B\u00e9lgica expressa, em seu pr\u00f3prio nome e em nome de todos os crist\u00e3os ortodoxos que vivem na B\u00e9lgica, seu estupor e dor diante dos\u00a0atos de barb\u00e1rie que atingiram o pa\u00eds nesta manh\u00e3. Nada\u00a0pode justificar o uso da viol\u00eancia e a supress\u00e3o de vidas humanas. Nestes momentos tr\u00e1gicos, seus pensamentos est\u00e3o com as fam\u00edlias das v\u00edtimas e suas ora\u00e7\u00f5es dirigidas ao Senhor para que o cora\u00e7\u00e3o dos irm\u00e3os possam\u00a0ser tocados pela gra\u00e7a de paz e perd\u00e3o. N\u00f3s merecemos um mundo melhor!<\/p>\n<\/blockquote>\n<h2>Do Patriarca Daniel da Rom\u00eania<\/h2>\n<blockquote>\n<p style=\"text-align: justify;\">Tomamos conhecimento,\u00a0com preocupa\u00e7\u00e3o e tristeza, sobre o ataque terrorista que teve lugar em Bruxelas na manh\u00e3 desta\u00a0ter\u00e7a-feira, &#8211; 22 de mar\u00e7o de 2016 &#8211; durante o qual, pelo menos 34 pessoas foram mortas e 136 feridos. Nestes tempos dif\u00edceis para o povo belga, rezamos pela paz das almas, e pedindo o consolo para as fam\u00edlias enlutadas e pela \u00a0recupera\u00e7\u00e3o dos feridos. Expressamos nossa solidariedade para\u00a0com o\u00a0povo belga e a nossa preocupa\u00e7\u00e3o com a escalada de ataques terroristas na Europa. Oramos pela paz, compreens\u00e3o e boa conviv\u00eancia entre pessoas de diferentes nacionalidades, culturas e cren\u00e7as religiosas.<\/p>\n<\/blockquote>\n<h2>\u00a0Dos Bispos Ortodoxos da Fran\u00e7a<\/h2>\n<blockquote>\n<p style=\"text-align: justify;\">(&#8230;) Os\u00a0Bispos Ortodoxos da Fran\u00e7a, ao mesmo tempo em que condenam com veem\u00eancia e a inomin\u00e1vel barb\u00e1rie dos ataques,\u00a0expressam a sua total solidariedade e\u00a0compaix\u00e3o para com o povo da B\u00e9lgica, machucado e ferido. Neste\u00a0tempo de Quaresma e da P\u00e1scoa do Senhor, voltamo-nos a Ele em ora\u00e7\u00e3o pelo\u00a0consolo das fam\u00edlias das v\u00edtimas e pelo restabelecimento dos feridos, e Ele traga a paz ao\u00a0mundo que precisa t\u00e3o desesperadamente.<\/p>\n<\/blockquote>\n<hr \/>\n<p style=\"text-align: right;\">Fonte: <a href=\"http:\/\/orthodoxie.com\/la-lettre-de-condoleances-adressee-par-le-patriarche-oecumenique-bartholomee-au-roi-des-belges\/\" target=\"_blank\">Orthodoxie.com<\/a><\/p>\n<p style=\"text-align: justify;\">\n","protected":false},"excerpt":{"rendered":"<p>Carta\u00a0de condol\u00eancias do Patriarca Ecum\u00eanico, Bartolomeu I Do Metropolita Athenagoras da B\u00e9lgica Sua Emin\u00eancia o Metropolita Aten\u00e1goras da B\u00e9lgica expressa, em seu pr\u00f3prio nome e em nome de todos os crist\u00e3os ortodoxos que vivem na B\u00e9lgica, seu estupor e dor&#8230;<\/p>\n","protected":false},"author":1,"featured_media":18625,"comment_status":"open","ping_status":"open","sticky":false,"template":"","format":"standard","meta":{"_acf_changed":false,"footnotes":""},"categories":[3,72],"tags":[],"class_list":["post-18623","post","type-post","status-publish","format-standard","has-post-thumbnail","hentry","category-mundo","category-patriarcado-ecumenico","entry","rows-excerpt"],"acf":[],"yoast_head":"<!-- This site is optimized with the Yoast SEO plugin v27.4 - https:\/\/yoast.com\/product\/yoast-seo-wordpress\/ -->\n<title>Ataques terroristas de 22 de mar\u00e7o: mensagens de condol\u00eancias e solidariedade dirigidas ao povo da B\u00e9lgica por hierarcas ortodoxos | ECCLESIA NEWS<\/title>\n<meta name=\"robots\" content=\"index, follow, max-snippet:-1, max-image-preview:large, max-video-preview:-1\" \/>\n<link rel=\"canonical\" href=\"https:\/\/news.ecclesia.org.br\/?p=18623\" \/>\n<meta property=\"og:locale\" content=\"pt_BR\" \/>\n<meta property=\"og:type\" content=\"article\" \/>\n<meta property=\"og:title\" content=\"Ataques terroristas de 22 de mar\u00e7o: mensagens de condol\u00eancias e solidariedade dirigidas ao povo da B\u00e9lgica por hierarcas ortodoxos | ECCLESIA NEWS\" \/>\n<meta property=\"og:description\" content=\"Carta\u00a0de condol\u00eancias do Patriarca Ecum\u00eanico, Bartolomeu I Do Metropolita Athenagoras da B\u00e9lgica Sua Emin\u00eancia o Metropolita Aten\u00e1goras da B\u00e9lgica expressa, em seu pr\u00f3prio nome e em nome de todos os crist\u00e3os ortodoxos que vivem na B\u00e9lgica, seu estupor e dor&#8230;\" \/>\n<meta property=\"og:url\" content=\"https:\/\/news.ecclesia.org.br\/?p=18623\" \/>\n<meta property=\"og:site_name\" content=\"ECCLESIA NEWS\" \/>\n<meta property=\"article:publisher\" content=\"https:\/\/www.facebook.com\/Ecclesia2025\" \/>\n<meta property=\"article:published_time\" content=\"2016-03-23T03:45:00+00:00\" \/>\n<meta property=\"article:modified_time\" content=\"2016-03-23T04:01:22+00:00\" \/>\n<meta property=\"og:image\" content=\"https:\/\/news.ecclesia.org.br\/wp-content\/uploads\/2016\/03\/atentados-belgica-2016.jpg\" \/>\n\t<meta property=\"og:image:width\" content=\"660\" \/>\n\t<meta property=\"og:image:height\" content=\"330\" \/>\n\t<meta property=\"og:image:type\" content=\"image\/jpeg\" \/>\n<meta name=\"author\" content=\"Pe. Andr\u00e9\" \/>\n<meta name=\"twitter:card\" content=\"summary_large_image\" \/>\n<meta name=\"twitter:creator\" content=\"@EcclesiaNews\" \/>\n<meta name=\"twitter:site\" content=\"@EcclesiaNews\" \/>\n<meta name=\"twitter:label1\" content=\"Escrito por\" \/>\n\t<meta name=\"twitter:data1\" content=\"Pe. Andr\u00e9\" \/>\n\t<meta name=\"twitter:label2\" content=\"Est. tempo de leitura\" \/>\n\t<meta name=\"twitter:data2\" content=\"2 minutos\" \/>\n<script type=\"application\/ld+json\" class=\"yoast-schema-graph\">{\"@context\":\"https:\\\/\\\/schema.org\",\"@graph\":[{\"@type\":\"Article\",\"@id\":\"https:\\\/\\\/news.ecclesia.org.br\\\/?p=18623#article\",\"isPartOf\":{\"@id\":\"https:\\\/\\\/news.ecclesia.org.br\\\/?p=18623\"},\"author\":{\"name\":\"Pe. Andr\u00e9\",\"@id\":\"https:\\\/\\\/news.ecclesia.org.br\\\/#\\\/schema\\\/person\\\/6f09597f025829745ba414a569f63758\"},\"headline\":\"Ataques terroristas de 22 de mar\u00e7o: mensagens de condol\u00eancias e solidariedade dirigidas ao povo da B\u00e9lgica por hierarcas ortodoxos\",\"datePublished\":\"2016-03-23T03:45:00+00:00\",\"dateModified\":\"2016-03-23T04:01:22+00:00\",\"mainEntityOfPage\":{\"@id\":\"https:\\\/\\\/news.ecclesia.org.br\\\/?p=18623\"},\"wordCount\":348,\"commentCount\":0,\"publisher\":{\"@id\":\"https:\\\/\\\/news.ecclesia.org.br\\\/#organization\"},\"image\":{\"@id\":\"https:\\\/\\\/news.ecclesia.org.br\\\/?p=18623#primaryimage\"},\"thumbnailUrl\":\"https:\\\/\\\/news.ecclesia.org.br\\\/wp-content\\\/uploads\\\/2016\\\/03\\\/atentados-belgica-2016.jpg\",\"articleSection\":[\"Mundo Ortodoxo\",\"Patriarcado Ecum\u00eanico\"],\"inLanguage\":\"pt-BR\",\"potentialAction\":[{\"@type\":\"CommentAction\",\"name\":\"Comment\",\"target\":[\"https:\\\/\\\/news.ecclesia.org.br\\\/?p=18623#respond\"]}]},{\"@type\":\"WebPage\",\"@id\":\"https:\\\/\\\/news.ecclesia.org.br\\\/?p=18623\",\"url\":\"https:\\\/\\\/news.ecclesia.org.br\\\/?p=18623\",\"name\":\"Ataques terroristas de 22 de mar\u00e7o: mensagens de condol\u00eancias e solidariedade dirigidas ao povo da B\u00e9lgica por hierarcas ortodoxos | ECCLESIA NEWS\",\"isPartOf\":{\"@id\":\"https:\\\/\\\/news.ecclesia.org.br\\\/#website\"},\"primaryImageOfPage\":{\"@id\":\"https:\\\/\\\/news.ecclesia.org.br\\\/?p=18623#primaryimage\"},\"image\":{\"@id\":\"https:\\\/\\\/news.ecclesia.org.br\\\/?p=18623#primaryimage\"},\"thumbnailUrl\":\"https:\\\/\\\/news.ecclesia.org.br\\\/wp-content\\\/uploads\\\/2016\\\/03\\\/atentados-belgica-2016.jpg\",\"datePublished\":\"2016-03-23T03:45:00+00:00\",\"dateModified\":\"2016-03-23T04:01:22+00:00\",\"breadcrumb\":{\"@id\":\"https:\\\/\\\/news.ecclesia.org.br\\\/?p=18623#breadcrumb\"},\"inLanguage\":\"pt-BR\",\"potentialAction\":[{\"@type\":\"ReadAction\",\"target\":[\"https:\\\/\\\/news.ecclesia.org.br\\\/?p=18623\"]}]},{\"@type\":\"ImageObject\",\"inLanguage\":\"pt-BR\",\"@id\":\"https:\\\/\\\/news.ecclesia.org.br\\\/?p=18623#primaryimage\",\"url\":\"https:\\\/\\\/news.ecclesia.org.br\\\/wp-content\\\/uploads\\\/2016\\\/03\\\/atentados-belgica-2016.jpg\",\"contentUrl\":\"https:\\\/\\\/news.ecclesia.org.br\\\/wp-content\\\/uploads\\\/2016\\\/03\\\/atentados-belgica-2016.jpg\",\"width\":660,\"height\":330},{\"@type\":\"BreadcrumbList\",\"@id\":\"https:\\\/\\\/news.ecclesia.org.br\\\/?p=18623#breadcrumb\",\"itemListElement\":[{\"@type\":\"ListItem\",\"position\":1,\"name\":\"In\u00edcio\",\"item\":\"https:\\\/\\\/news.ecclesia.org.br\\\/\"},{\"@type\":\"ListItem\",\"position\":2,\"name\":\"Ataques terroristas de 22 de mar\u00e7o: mensagens de condol\u00eancias e solidariedade dirigidas ao povo da B\u00e9lgica por hierarcas ortodoxos\"}]},{\"@type\":\"WebSite\",\"@id\":\"https:\\\/\\\/news.ecclesia.org.br\\\/#website\",\"url\":\"https:\\\/\\\/news.ecclesia.org.br\\\/\",\"name\":\"Ecclesia Brasil\",\"description\":\"Desde 2003 onectando o Brasil ao mundo ortodoxo!\",\"publisher\":{\"@id\":\"https:\\\/\\\/news.ecclesia.org.br\\\/#organization\"},\"alternateName\":\"Ecclesia\",\"potentialAction\":[{\"@type\":\"SearchAction\",\"target\":{\"@type\":\"EntryPoint\",\"urlTemplate\":\"https:\\\/\\\/news.ecclesia.org.br\\\/?s={search_term_string}\"},\"query-input\":{\"@type\":\"PropertyValueSpecification\",\"valueRequired\":true,\"valueName\":\"search_term_string\"}}],\"inLanguage\":\"pt-BR\"},{\"@type\":\"Organization\",\"@id\":\"https:\\\/\\\/news.ecclesia.org.br\\\/#organization\",\"name\":\"Sacra Arquidiocese de Buenos Aires e Am\u00e9rica do Sul | Patriarcado Ecum\u00eanico\",\"alternateName\":\"News Ecclesia Brasil\",\"url\":\"https:\\\/\\\/news.ecclesia.org.br\\\/\",\"logo\":{\"@type\":\"ImageObject\",\"inLanguage\":\"pt-BR\",\"@id\":\"https:\\\/\\\/news.ecclesia.org.br\\\/#\\\/schema\\\/logo\\\/image\\\/\",\"url\":\"https:\\\/\\\/news.ecclesia.org.br\\\/wp-content\\\/uploads\\\/2025\\\/05\\\/ecclesia2.png\",\"contentUrl\":\"https:\\\/\\\/news.ecclesia.org.br\\\/wp-content\\\/uploads\\\/2025\\\/05\\\/ecclesia2.png\",\"width\":480,\"height\":120,\"caption\":\"Sacra Arquidiocese de Buenos Aires e Am\u00e9rica do Sul | Patriarcado Ecum\u00eanico\"},\"image\":{\"@id\":\"https:\\\/\\\/news.ecclesia.org.br\\\/#\\\/schema\\\/logo\\\/image\\\/\"},\"sameAs\":[\"https:\\\/\\\/www.facebook.com\\\/Ecclesia2025\",\"https:\\\/\\\/x.com\\\/EcclesiaNews\",\"https:\\\/\\\/br.pinterest.com\\\/ekklisia\\\/\",\"https:\\\/\\\/www.youtube.com\\\/@EcclesiaBrasil\"]},{\"@type\":\"Person\",\"@id\":\"https:\\\/\\\/news.ecclesia.org.br\\\/#\\\/schema\\\/person\\\/6f09597f025829745ba414a569f63758\",\"name\":\"Pe. Andr\u00e9\",\"image\":{\"@type\":\"ImageObject\",\"inLanguage\":\"pt-BR\",\"@id\":\"https:\\\/\\\/secure.gravatar.com\\\/avatar\\\/b4327cfa27e9799da239a26adcd534fc29cdc0c4a4a148eecbcfeb9b42c617ac?s=96&d=mm&r=g\",\"url\":\"https:\\\/\\\/secure.gravatar.com\\\/avatar\\\/b4327cfa27e9799da239a26adcd534fc29cdc0c4a4a148eecbcfeb9b42c617ac?s=96&d=mm&r=g\",\"contentUrl\":\"https:\\\/\\\/secure.gravatar.com\\\/avatar\\\/b4327cfa27e9799da239a26adcd534fc29cdc0c4a4a148eecbcfeb9b42c617ac?s=96&d=mm&r=g\",\"caption\":\"Pe. Andr\u00e9\"},\"sameAs\":[\"https:\\\/\\\/www.ecclesia.org.br\"]}]}<\/script>\n<!-- \/ Yoast SEO plugin. -->","yoast_head_json":{"title":"Ataques terroristas de 22 de mar\u00e7o: mensagens de condol\u00eancias e solidariedade dirigidas ao povo da B\u00e9lgica por hierarcas ortodoxos | ECCLESIA NEWS","robots":{"index":"index","follow":"follow","max-snippet":"max-snippet:-1","max-image-preview":"max-image-preview:large","max-video-preview":"max-video-preview:-1"},"canonical":"https:\/\/news.ecclesia.org.br\/?p=18623","og_locale":"pt_BR","og_type":"article","og_title":"Ataques terroristas de 22 de mar\u00e7o: mensagens de condol\u00eancias e solidariedade dirigidas ao povo da B\u00e9lgica por hierarcas ortodoxos | ECCLESIA NEWS","og_description":"Carta\u00a0de condol\u00eancias do Patriarca Ecum\u00eanico, Bartolomeu I Do Metropolita Athenagoras da B\u00e9lgica Sua Emin\u00eancia o Metropolita Aten\u00e1goras da B\u00e9lgica expressa, em seu pr\u00f3prio nome e em nome de todos os crist\u00e3os ortodoxos que vivem na B\u00e9lgica, seu estupor e dor&#8230;","og_url":"https:\/\/news.ecclesia.org.br\/?p=18623","og_site_name":"ECCLESIA NEWS","article_publisher":"https:\/\/www.facebook.com\/Ecclesia2025","article_published_time":"2016-03-23T03:45:00+00:00","article_modified_time":"2016-03-23T04:01:22+00:00","og_image":[{"width":660,"height":330,"url":"https:\/\/news.ecclesia.org.br\/wp-content\/uploads\/2016\/03\/atentados-belgica-2016.jpg","type":"image\/jpeg"}],"author":"Pe. Andr\u00e9","twitter_card":"summary_large_image","twitter_creator":"@EcclesiaNews","twitter_site":"@EcclesiaNews","twitter_misc":{"Escrito por":"Pe. Andr\u00e9","Est. tempo de leitura":"2 minutos"},"schema":{"@context":"https:\/\/schema.org","@graph":[{"@type":"Article","@id":"https:\/\/news.ecclesia.org.br\/?p=18623#article","isPartOf":{"@id":"https:\/\/news.ecclesia.org.br\/?p=18623"},"author":{"name":"Pe. Andr\u00e9","@id":"https:\/\/news.ecclesia.org.br\/#\/schema\/person\/6f09597f025829745ba414a569f63758"},"headline":"Ataques terroristas de 22 de mar\u00e7o: mensagens de condol\u00eancias e solidariedade dirigidas ao povo da B\u00e9lgica por hierarcas ortodoxos","datePublished":"2016-03-23T03:45:00+00:00","dateModified":"2016-03-23T04:01:22+00:00","mainEntityOfPage":{"@id":"https:\/\/news.ecclesia.org.br\/?p=18623"},"wordCount":348,"commentCount":0,"publisher":{"@id":"https:\/\/news.ecclesia.org.br\/#organization"},"image":{"@id":"https:\/\/news.ecclesia.org.br\/?p=18623#primaryimage"},"thumbnailUrl":"https:\/\/news.ecclesia.org.br\/wp-content\/uploads\/2016\/03\/atentados-belgica-2016.jpg","articleSection":["Mundo Ortodoxo","Patriarcado Ecum\u00eanico"],"inLanguage":"pt-BR","potentialAction":[{"@type":"CommentAction","name":"Comment","target":["https:\/\/news.ecclesia.org.br\/?p=18623#respond"]}]},{"@type":"WebPage","@id":"https:\/\/news.ecclesia.org.br\/?p=18623","url":"https:\/\/news.ecclesia.org.br\/?p=18623","name":"Ataques terroristas de 22 de mar\u00e7o: mensagens de condol\u00eancias e solidariedade dirigidas ao povo da B\u00e9lgica por hierarcas ortodoxos | ECCLESIA NEWS","isPartOf":{"@id":"https:\/\/news.ecclesia.org.br\/#website"},"primaryImageOfPage":{"@id":"https:\/\/news.ecclesia.org.br\/?p=18623#primaryimage"},"image":{"@id":"https:\/\/news.ecclesia.org.br\/?p=18623#primaryimage"},"thumbnailUrl":"https:\/\/news.ecclesia.org.br\/wp-content\/uploads\/2016\/03\/atentados-belgica-2016.jpg","datePublished":"2016-03-23T03:45:00+00:00","dateModified":"2016-03-23T04:01:22+00:00","breadcrumb":{"@id":"https:\/\/news.ecclesia.org.br\/?p=18623#breadcrumb"},"inLanguage":"pt-BR","potentialAction":[{"@type":"ReadAction","target":["https:\/\/news.ecclesia.org.br\/?p=18623"]}]},{"@type":"ImageObject","inLanguage":"pt-BR","@id":"https:\/\/news.ecclesia.org.br\/?p=18623#primaryimage","url":"https:\/\/news.ecclesia.org.br\/wp-content\/uploads\/2016\/03\/atentados-belgica-2016.jpg","contentUrl":"https:\/\/news.ecclesia.org.br\/wp-content\/uploads\/2016\/03\/atentados-belgica-2016.jpg","width":660,"height":330},{"@type":"BreadcrumbList","@id":"https:\/\/news.ecclesia.org.br\/?p=18623#breadcrumb","itemListElement":[{"@type":"ListItem","position":1,"name":"In\u00edcio","item":"https:\/\/news.ecclesia.org.br\/"},{"@type":"ListItem","position":2,"name":"Ataques terroristas de 22 de mar\u00e7o: mensagens de condol\u00eancias e solidariedade dirigidas ao povo da B\u00e9lgica por hierarcas ortodoxos"}]},{"@type":"WebSite","@id":"https:\/\/news.ecclesia.org.br\/#website","url":"https:\/\/news.ecclesia.org.br\/","name":"Ecclesia Brasil","description":"Desde 2003 onectando o Brasil ao mundo ortodoxo!","publisher":{"@id":"https:\/\/news.ecclesia.org.br\/#organization"},"alternateName":"Ecclesia","potentialAction":[{"@type":"SearchAction","target":{"@type":"EntryPoint","urlTemplate":"https:\/\/news.ecclesia.org.br\/?s={search_term_string}"},"query-input":{"@type":"PropertyValueSpecification","valueRequired":true,"valueName":"search_term_string"}}],"inLanguage":"pt-BR"},{"@type":"Organization","@id":"https:\/\/news.ecclesia.org.br\/#organization","name":"Sacra Arquidiocese de Buenos Aires e Am\u00e9rica do Sul | Patriarcado Ecum\u00eanico","alternateName":"News Ecclesia Brasil","url":"https:\/\/news.ecclesia.org.br\/","logo":{"@type":"ImageObject","inLanguage":"pt-BR","@id":"https:\/\/news.ecclesia.org.br\/#\/schema\/logo\/image\/","url":"https:\/\/news.ecclesia.org.br\/wp-content\/uploads\/2025\/05\/ecclesia2.png","contentUrl":"https:\/\/news.ecclesia.org.br\/wp-content\/uploads\/2025\/05\/ecclesia2.png","width":480,"height":120,"caption":"Sacra Arquidiocese de Buenos Aires e Am\u00e9rica do Sul | Patriarcado Ecum\u00eanico"},"image":{"@id":"https:\/\/news.ecclesia.org.br\/#\/schema\/logo\/image\/"},"sameAs":["https:\/\/www.facebook.com\/Ecclesia2025","https:\/\/x.com\/EcclesiaNews","https:\/\/br.pinterest.com\/ekklisia\/","https:\/\/www.youtube.com\/@EcclesiaBrasil"]},{"@type":"Person","@id":"https:\/\/news.ecclesia.org.br\/#\/schema\/person\/6f09597f025829745ba414a569f63758","name":"Pe. Andr\u00e9","image":{"@type":"ImageObject","inLanguage":"pt-BR","@id":"https:\/\/secure.gravatar.com\/avatar\/b4327cfa27e9799da239a26adcd534fc29cdc0c4a4a148eecbcfeb9b42c617ac?s=96&d=mm&r=g","url":"https:\/\/secure.gravatar.com\/avatar\/b4327cfa27e9799da239a26adcd534fc29cdc0c4a4a148eecbcfeb9b42c617ac?s=96&d=mm&r=g","contentUrl":"https:\/\/secure.gravatar.com\/avatar\/b4327cfa27e9799da239a26adcd534fc29cdc0c4a4a148eecbcfeb9b42c617ac?s=96&d=mm&r=g","caption":"Pe. Andr\u00e9"},"sameAs":["https:\/\/www.ecclesia.org.br"]}]}},"_links":{"self":[{"href":"https:\/\/news.ecclesia.org.br\/index.php?rest_route=\/wp\/v2\/posts\/18623","targetHints":{"allow":["GET"]}}],"collection":[{"href":"https:\/\/news.ecclesia.org.br\/index.php?rest_route=\/wp\/v2\/posts"}],"about":[{"href":"https:\/\/news.ecclesia.org.br\/index.php?rest_route=\/wp\/v2\/types\/post"}],"author":[{"embeddable":true,"href":"https:\/\/news.ecclesia.org.br\/index.php?rest_route=\/wp\/v2\/users\/1"}],"replies":[{"embeddable":true,"href":"https:\/\/news.ecclesia.org.br\/index.php?rest_route=%2Fwp%2Fv2%2Fcomments&post=18623"}],"version-history":[{"count":0,"href":"https:\/\/news.ecclesia.org.br\/index.php?rest_route=\/wp\/v2\/posts\/18623\/revisions"}],"wp:featuredmedia":[{"embeddable":true,"href":"https:\/\/news.ecclesia.org.br\/index.php?rest_route=\/wp\/v2\/media\/18625"}],"wp:attachment":[{"href":"https:\/\/news.ecclesia.org.br\/index.php?rest_route=%2Fwp%2Fv2%2Fmedia&parent=18623"}],"wp:term":[{"taxonomy":"category","embeddable":true,"href":"https:\/\/news.ecclesia.org.br\/index.php?rest_route=%2Fwp%2Fv2%2Fcategories&post=18623"},{"taxonomy":"post_tag","embeddable":true,"href":"https:\/\/news.ecclesia.org.br\/index.php?rest_route=%2Fwp%2Fv2%2Ftags&post=18623"}],"curies":[{"name":"wp","href":"https:\/\/api.w.org\/{rel}","templated":true}]}}