{"id":11969,"date":"2019-11-26T00:01:35","date_gmt":"2019-11-26T00:01:35","guid":{"rendered":"http:\/\/ecclesia.com.br\/news\/2012\/?p=9754"},"modified":"2019-11-26T13:55:17","modified_gmt":"2019-11-26T13:55:17","slug":"14o-domingo-do-evangelho-de-lucas","status":"publish","type":"post","link":"https:\/\/news.ecclesia.org.br\/?p=11969","title":{"rendered":"Domingo, 1\u00ba de dezembro de 2019: \u00ab14\u00ba Domingo do Evangelho de Lucas\u00bb"},"content":{"rendered":"<figure style=\"width: 322px\" class=\"wp-caption alignleft\"><img fetchpriority=\"high\" decoding=\"async\" src=\"http:\/\/www.ecclesia.com.br\/images\/icones\/festas\/lucas14.jpg\" alt=\"\" width=\"322\" height=\"373\" \/><figcaption class=\"wp-caption-text\">&#8230;<\/figcaption><\/figure>\n<p style=\"text-align: justify;\" align=\"left\">Para chegar a Jerusal\u00e9m, Jesus teve que atravessar o Rio Jord\u00e3o e passar pela cidade das palmeiras, conhecida como Jeric\u00f3. Dois grandes acontecimentos marcaram a presen\u00e7a de Jesus na cidade de Jeric\u00f3: a cura de um cego e seu encontro com Zaqueu. Ambos encontraram-no e viram-no como o Messias. Antes mesmo de enxergar, o cego reconheceu Aquele que j\u00e1 os profetas do Antigo Testamento anunciavam: \u201cEle mesmo vir\u00e1 at\u00e9 n\u00f3s e nos salvar\u00e1. Ent\u00e3o se abrir\u00e3o os olhos dos cegos, os ouvidos dos surdos ser\u00e3o desobstru\u00eddos e coxo saltar\u00e1 como um cervo e a l\u00edngua do mudo dar\u00e1 gritos de alegria\u201d (Is 35). Zaqueu, por sua vez, ao v\u00ea-lo de longe, n\u00e3o se conteve e subiu num sic\u00f4moro, para ter dele uma vis\u00e3o melhor.<\/p>\n<p style=\"text-align: justify;\">O Evangelista Marcos nomeia este cego que tamb\u00e9m era mendigo, de Bartimeu- filho de Timeu (Mc 10, 46), Lucas prefere codinomin\u00e1-lo de \u201co cego de Jerico\u201d. N\u00e3o importa o nome ou a situa\u00e7\u00e3o vivida por ele, e sim, que aquele a quem faltava-lhe a vis\u00e3o corporal, teve olhos suficientes para enxergar Deus diante de si. Ele reconheceu o Messias e revelou a sua identidade: era o Filho de Davi. Aquele que era t\u00e3o aguardado pelo povo escolhido e profetizado por Jeremias: \u201cEis que outros dias vir\u00e3o; e nesses dias e nesses tempos farei nascer de Davi um rebento justo que exercer\u00e1 o direito e a equidade na terra. N\u00e3o faltar\u00e1 jamais a Davi um sucessor que ocupar\u00e1 o trono da casa de Israel\u201d (Jr 33,14-17). Ele via o que os outros (a multid\u00e3o) n\u00e3o conseguia ver. Al\u00e9m de reconhec\u00ea-Lo como o Filho de Davi, chamou Jesus de \u201cSenhor\u201d. Antecipou em sua vida o que escreveu S\u00e3o Paulo \u00e0 Comunidade de Filipos: \u201cPor isso Deus o exaltou soberanamente e lhe outorgou o Nome que est\u00e1 acima de todos os nomes, para que ao Nome de Jesus se dobre todo o joelho no c\u00e9u e na a terra e nos infernos. E toda l\u00edngua proclame que Jesus \u00e9 o \u2018Senhor\u2019\u201d ( Fl 2, 10-12).. [&#8230;]<\/p>\n<p style=\"text-align: right;\" align=\"right\"><em>Veja <a href=\"http:\/\/www.ecclesia.com.br\/sinaxe\/lucas-14.html\">AQUI<\/a> todo Suplemento Lit\u00fargico desta Festa.<\/em><\/p>\n","protected":false},"excerpt":{"rendered":"<p>Para chegar a Jerusal\u00e9m, Jesus teve que atravessar o Rio Jord\u00e3o e passar pela cidade das palmeiras, conhecida como Jeric\u00f3. Dois grandes acontecimentos marcaram a presen\u00e7a de Jesus na cidade de Jeric\u00f3: a cura de um cego e seu encontro&#8230;<\/p>\n","protected":false},"author":1,"featured_media":0,"comment_status":"open","ping_status":"open","sticky":false,"template":"","format":"standard","meta":{"_acf_changed":false,"footnotes":""},"categories":[3],"tags":[],"class_list":["post-11969","post","type-post","status-publish","format-standard","hentry","category-mundo","entry","rows-excerpt"],"acf":[],"yoast_head":"<!-- This site is optimized with the Yoast SEO plugin v27.4 - https:\/\/yoast.com\/product\/yoast-seo-wordpress\/ -->\n<title>Domingo, 1\u00ba de dezembro de 2019: \u00ab14\u00ba Domingo do Evangelho de Lucas\u00bb | ECCLESIA NEWS<\/title>\n<meta name=\"robots\" content=\"index, follow, max-snippet:-1, max-image-preview:large, max-video-preview:-1\" \/>\n<link rel=\"canonical\" href=\"https:\/\/news.ecclesia.org.br\/?p=11969\" \/>\n<meta property=\"og:locale\" content=\"pt_BR\" \/>\n<meta property=\"og:type\" content=\"article\" \/>\n<meta property=\"og:title\" content=\"Domingo, 1\u00ba de dezembro de 2019: \u00ab14\u00ba Domingo do Evangelho de Lucas\u00bb | ECCLESIA NEWS\" \/>\n<meta property=\"og:description\" content=\"Para chegar a Jerusal\u00e9m, Jesus teve que atravessar o Rio Jord\u00e3o e passar pela cidade das palmeiras, conhecida como Jeric\u00f3. Dois grandes acontecimentos marcaram a presen\u00e7a de Jesus na cidade de Jeric\u00f3: a cura de um cego e seu encontro&#8230;\" \/>\n<meta property=\"og:url\" content=\"https:\/\/news.ecclesia.org.br\/?p=11969\" \/>\n<meta property=\"og:site_name\" content=\"ECCLESIA NEWS\" \/>\n<meta property=\"article:publisher\" content=\"https:\/\/www.facebook.com\/Ecclesia2025\" \/>\n<meta property=\"article:published_time\" content=\"2019-11-26T00:01:35+00:00\" \/>\n<meta property=\"article:modified_time\" content=\"2019-11-26T13:55:17+00:00\" \/>\n<meta property=\"og:image\" content=\"http:\/\/www.ecclesia.com.br\/images\/icones\/festas\/lucas14.jpg\" \/>\n<meta name=\"author\" content=\"Pe. Andr\u00e9\" \/>\n<meta name=\"twitter:card\" content=\"summary_large_image\" \/>\n<meta name=\"twitter:creator\" content=\"@EcclesiaNews\" \/>\n<meta name=\"twitter:site\" content=\"@EcclesiaNews\" \/>\n<meta name=\"twitter:label1\" content=\"Escrito por\" \/>\n\t<meta name=\"twitter:data1\" content=\"Pe. Andr\u00e9\" \/>\n\t<meta name=\"twitter:label2\" content=\"Est. tempo de leitura\" \/>\n\t<meta name=\"twitter:data2\" content=\"2 minutos\" \/>\n<script type=\"application\/ld+json\" class=\"yoast-schema-graph\">{\"@context\":\"https:\\\/\\\/schema.org\",\"@graph\":[{\"@type\":\"Article\",\"@id\":\"https:\\\/\\\/news.ecclesia.org.br\\\/?p=11969#article\",\"isPartOf\":{\"@id\":\"https:\\\/\\\/news.ecclesia.org.br\\\/?p=11969\"},\"author\":{\"name\":\"Pe. Andr\u00e9\",\"@id\":\"https:\\\/\\\/news.ecclesia.org.br\\\/#\\\/schema\\\/person\\\/6f09597f025829745ba414a569f63758\"},\"headline\":\"Domingo, 1\u00ba de dezembro de 2019: \u00ab14\u00ba Domingo do Evangelho de Lucas\u00bb\",\"datePublished\":\"2019-11-26T00:01:35+00:00\",\"dateModified\":\"2019-11-26T13:55:17+00:00\",\"mainEntityOfPage\":{\"@id\":\"https:\\\/\\\/news.ecclesia.org.br\\\/?p=11969\"},\"wordCount\":380,\"commentCount\":0,\"publisher\":{\"@id\":\"https:\\\/\\\/news.ecclesia.org.br\\\/#organization\"},\"image\":{\"@id\":\"https:\\\/\\\/news.ecclesia.org.br\\\/?p=11969#primaryimage\"},\"thumbnailUrl\":\"http:\\\/\\\/www.ecclesia.com.br\\\/images\\\/icones\\\/festas\\\/lucas14.jpg\",\"articleSection\":[\"Mundo Ortodoxo\"],\"inLanguage\":\"pt-BR\",\"potentialAction\":[{\"@type\":\"CommentAction\",\"name\":\"Comment\",\"target\":[\"https:\\\/\\\/news.ecclesia.org.br\\\/?p=11969#respond\"]}]},{\"@type\":\"WebPage\",\"@id\":\"https:\\\/\\\/news.ecclesia.org.br\\\/?p=11969\",\"url\":\"https:\\\/\\\/news.ecclesia.org.br\\\/?p=11969\",\"name\":\"Domingo, 1\u00ba de dezembro de 2019: \u00ab14\u00ba Domingo do Evangelho de Lucas\u00bb | ECCLESIA NEWS\",\"isPartOf\":{\"@id\":\"https:\\\/\\\/news.ecclesia.org.br\\\/#website\"},\"primaryImageOfPage\":{\"@id\":\"https:\\\/\\\/news.ecclesia.org.br\\\/?p=11969#primaryimage\"},\"image\":{\"@id\":\"https:\\\/\\\/news.ecclesia.org.br\\\/?p=11969#primaryimage\"},\"thumbnailUrl\":\"http:\\\/\\\/www.ecclesia.com.br\\\/images\\\/icones\\\/festas\\\/lucas14.jpg\",\"datePublished\":\"2019-11-26T00:01:35+00:00\",\"dateModified\":\"2019-11-26T13:55:17+00:00\",\"breadcrumb\":{\"@id\":\"https:\\\/\\\/news.ecclesia.org.br\\\/?p=11969#breadcrumb\"},\"inLanguage\":\"pt-BR\",\"potentialAction\":[{\"@type\":\"ReadAction\",\"target\":[\"https:\\\/\\\/news.ecclesia.org.br\\\/?p=11969\"]}]},{\"@type\":\"ImageObject\",\"inLanguage\":\"pt-BR\",\"@id\":\"https:\\\/\\\/news.ecclesia.org.br\\\/?p=11969#primaryimage\",\"url\":\"http:\\\/\\\/www.ecclesia.com.br\\\/images\\\/icones\\\/festas\\\/lucas14.jpg\",\"contentUrl\":\"http:\\\/\\\/www.ecclesia.com.br\\\/images\\\/icones\\\/festas\\\/lucas14.jpg\"},{\"@type\":\"BreadcrumbList\",\"@id\":\"https:\\\/\\\/news.ecclesia.org.br\\\/?p=11969#breadcrumb\",\"itemListElement\":[{\"@type\":\"ListItem\",\"position\":1,\"name\":\"In\u00edcio\",\"item\":\"https:\\\/\\\/news.ecclesia.org.br\\\/\"},{\"@type\":\"ListItem\",\"position\":2,\"name\":\"Domingo, 1\u00ba de dezembro de 2019: \u00ab14\u00ba Domingo do Evangelho de Lucas\u00bb\"}]},{\"@type\":\"WebSite\",\"@id\":\"https:\\\/\\\/news.ecclesia.org.br\\\/#website\",\"url\":\"https:\\\/\\\/news.ecclesia.org.br\\\/\",\"name\":\"Ecclesia Brasil\",\"description\":\"Desde 2003 onectando o Brasil ao mundo ortodoxo!\",\"publisher\":{\"@id\":\"https:\\\/\\\/news.ecclesia.org.br\\\/#organization\"},\"alternateName\":\"Ecclesia\",\"potentialAction\":[{\"@type\":\"SearchAction\",\"target\":{\"@type\":\"EntryPoint\",\"urlTemplate\":\"https:\\\/\\\/news.ecclesia.org.br\\\/?s={search_term_string}\"},\"query-input\":{\"@type\":\"PropertyValueSpecification\",\"valueRequired\":true,\"valueName\":\"search_term_string\"}}],\"inLanguage\":\"pt-BR\"},{\"@type\":\"Organization\",\"@id\":\"https:\\\/\\\/news.ecclesia.org.br\\\/#organization\",\"name\":\"Sacra Arquidiocese de Buenos Aires e Am\u00e9rica do Sul | Patriarcado Ecum\u00eanico\",\"alternateName\":\"News Ecclesia Brasil\",\"url\":\"https:\\\/\\\/news.ecclesia.org.br\\\/\",\"logo\":{\"@type\":\"ImageObject\",\"inLanguage\":\"pt-BR\",\"@id\":\"https:\\\/\\\/news.ecclesia.org.br\\\/#\\\/schema\\\/logo\\\/image\\\/\",\"url\":\"https:\\\/\\\/news.ecclesia.org.br\\\/wp-content\\\/uploads\\\/2025\\\/05\\\/ecclesia2.png\",\"contentUrl\":\"https:\\\/\\\/news.ecclesia.org.br\\\/wp-content\\\/uploads\\\/2025\\\/05\\\/ecclesia2.png\",\"width\":480,\"height\":120,\"caption\":\"Sacra Arquidiocese de Buenos Aires e Am\u00e9rica do Sul | Patriarcado Ecum\u00eanico\"},\"image\":{\"@id\":\"https:\\\/\\\/news.ecclesia.org.br\\\/#\\\/schema\\\/logo\\\/image\\\/\"},\"sameAs\":[\"https:\\\/\\\/www.facebook.com\\\/Ecclesia2025\",\"https:\\\/\\\/x.com\\\/EcclesiaNews\",\"https:\\\/\\\/br.pinterest.com\\\/ekklisia\\\/\",\"https:\\\/\\\/www.youtube.com\\\/@EcclesiaBrasil\"]},{\"@type\":\"Person\",\"@id\":\"https:\\\/\\\/news.ecclesia.org.br\\\/#\\\/schema\\\/person\\\/6f09597f025829745ba414a569f63758\",\"name\":\"Pe. Andr\u00e9\",\"image\":{\"@type\":\"ImageObject\",\"inLanguage\":\"pt-BR\",\"@id\":\"https:\\\/\\\/secure.gravatar.com\\\/avatar\\\/b4327cfa27e9799da239a26adcd534fc29cdc0c4a4a148eecbcfeb9b42c617ac?s=96&d=mm&r=g\",\"url\":\"https:\\\/\\\/secure.gravatar.com\\\/avatar\\\/b4327cfa27e9799da239a26adcd534fc29cdc0c4a4a148eecbcfeb9b42c617ac?s=96&d=mm&r=g\",\"contentUrl\":\"https:\\\/\\\/secure.gravatar.com\\\/avatar\\\/b4327cfa27e9799da239a26adcd534fc29cdc0c4a4a148eecbcfeb9b42c617ac?s=96&d=mm&r=g\",\"caption\":\"Pe. Andr\u00e9\"},\"sameAs\":[\"https:\\\/\\\/www.ecclesia.org.br\"]}]}<\/script>\n<!-- \/ Yoast SEO plugin. -->","yoast_head_json":{"title":"Domingo, 1\u00ba de dezembro de 2019: \u00ab14\u00ba Domingo do Evangelho de Lucas\u00bb | ECCLESIA NEWS","robots":{"index":"index","follow":"follow","max-snippet":"max-snippet:-1","max-image-preview":"max-image-preview:large","max-video-preview":"max-video-preview:-1"},"canonical":"https:\/\/news.ecclesia.org.br\/?p=11969","og_locale":"pt_BR","og_type":"article","og_title":"Domingo, 1\u00ba de dezembro de 2019: \u00ab14\u00ba Domingo do Evangelho de Lucas\u00bb | ECCLESIA NEWS","og_description":"Para chegar a Jerusal\u00e9m, Jesus teve que atravessar o Rio Jord\u00e3o e passar pela cidade das palmeiras, conhecida como Jeric\u00f3. Dois grandes acontecimentos marcaram a presen\u00e7a de Jesus na cidade de Jeric\u00f3: a cura de um cego e seu encontro&#8230;","og_url":"https:\/\/news.ecclesia.org.br\/?p=11969","og_site_name":"ECCLESIA NEWS","article_publisher":"https:\/\/www.facebook.com\/Ecclesia2025","article_published_time":"2019-11-26T00:01:35+00:00","article_modified_time":"2019-11-26T13:55:17+00:00","og_image":[{"url":"http:\/\/www.ecclesia.com.br\/images\/icones\/festas\/lucas14.jpg","type":"","width":"","height":""}],"author":"Pe. Andr\u00e9","twitter_card":"summary_large_image","twitter_creator":"@EcclesiaNews","twitter_site":"@EcclesiaNews","twitter_misc":{"Escrito por":"Pe. Andr\u00e9","Est. tempo de leitura":"2 minutos"},"schema":{"@context":"https:\/\/schema.org","@graph":[{"@type":"Article","@id":"https:\/\/news.ecclesia.org.br\/?p=11969#article","isPartOf":{"@id":"https:\/\/news.ecclesia.org.br\/?p=11969"},"author":{"name":"Pe. Andr\u00e9","@id":"https:\/\/news.ecclesia.org.br\/#\/schema\/person\/6f09597f025829745ba414a569f63758"},"headline":"Domingo, 1\u00ba de dezembro de 2019: \u00ab14\u00ba Domingo do Evangelho de Lucas\u00bb","datePublished":"2019-11-26T00:01:35+00:00","dateModified":"2019-11-26T13:55:17+00:00","mainEntityOfPage":{"@id":"https:\/\/news.ecclesia.org.br\/?p=11969"},"wordCount":380,"commentCount":0,"publisher":{"@id":"https:\/\/news.ecclesia.org.br\/#organization"},"image":{"@id":"https:\/\/news.ecclesia.org.br\/?p=11969#primaryimage"},"thumbnailUrl":"http:\/\/www.ecclesia.com.br\/images\/icones\/festas\/lucas14.jpg","articleSection":["Mundo Ortodoxo"],"inLanguage":"pt-BR","potentialAction":[{"@type":"CommentAction","name":"Comment","target":["https:\/\/news.ecclesia.org.br\/?p=11969#respond"]}]},{"@type":"WebPage","@id":"https:\/\/news.ecclesia.org.br\/?p=11969","url":"https:\/\/news.ecclesia.org.br\/?p=11969","name":"Domingo, 1\u00ba de dezembro de 2019: \u00ab14\u00ba Domingo do Evangelho de Lucas\u00bb | ECCLESIA NEWS","isPartOf":{"@id":"https:\/\/news.ecclesia.org.br\/#website"},"primaryImageOfPage":{"@id":"https:\/\/news.ecclesia.org.br\/?p=11969#primaryimage"},"image":{"@id":"https:\/\/news.ecclesia.org.br\/?p=11969#primaryimage"},"thumbnailUrl":"http:\/\/www.ecclesia.com.br\/images\/icones\/festas\/lucas14.jpg","datePublished":"2019-11-26T00:01:35+00:00","dateModified":"2019-11-26T13:55:17+00:00","breadcrumb":{"@id":"https:\/\/news.ecclesia.org.br\/?p=11969#breadcrumb"},"inLanguage":"pt-BR","potentialAction":[{"@type":"ReadAction","target":["https:\/\/news.ecclesia.org.br\/?p=11969"]}]},{"@type":"ImageObject","inLanguage":"pt-BR","@id":"https:\/\/news.ecclesia.org.br\/?p=11969#primaryimage","url":"http:\/\/www.ecclesia.com.br\/images\/icones\/festas\/lucas14.jpg","contentUrl":"http:\/\/www.ecclesia.com.br\/images\/icones\/festas\/lucas14.jpg"},{"@type":"BreadcrumbList","@id":"https:\/\/news.ecclesia.org.br\/?p=11969#breadcrumb","itemListElement":[{"@type":"ListItem","position":1,"name":"In\u00edcio","item":"https:\/\/news.ecclesia.org.br\/"},{"@type":"ListItem","position":2,"name":"Domingo, 1\u00ba de dezembro de 2019: \u00ab14\u00ba Domingo do Evangelho de Lucas\u00bb"}]},{"@type":"WebSite","@id":"https:\/\/news.ecclesia.org.br\/#website","url":"https:\/\/news.ecclesia.org.br\/","name":"Ecclesia Brasil","description":"Desde 2003 onectando o Brasil ao mundo ortodoxo!","publisher":{"@id":"https:\/\/news.ecclesia.org.br\/#organization"},"alternateName":"Ecclesia","potentialAction":[{"@type":"SearchAction","target":{"@type":"EntryPoint","urlTemplate":"https:\/\/news.ecclesia.org.br\/?s={search_term_string}"},"query-input":{"@type":"PropertyValueSpecification","valueRequired":true,"valueName":"search_term_string"}}],"inLanguage":"pt-BR"},{"@type":"Organization","@id":"https:\/\/news.ecclesia.org.br\/#organization","name":"Sacra Arquidiocese de Buenos Aires e Am\u00e9rica do Sul | Patriarcado Ecum\u00eanico","alternateName":"News Ecclesia Brasil","url":"https:\/\/news.ecclesia.org.br\/","logo":{"@type":"ImageObject","inLanguage":"pt-BR","@id":"https:\/\/news.ecclesia.org.br\/#\/schema\/logo\/image\/","url":"https:\/\/news.ecclesia.org.br\/wp-content\/uploads\/2025\/05\/ecclesia2.png","contentUrl":"https:\/\/news.ecclesia.org.br\/wp-content\/uploads\/2025\/05\/ecclesia2.png","width":480,"height":120,"caption":"Sacra Arquidiocese de Buenos Aires e Am\u00e9rica do Sul | Patriarcado Ecum\u00eanico"},"image":{"@id":"https:\/\/news.ecclesia.org.br\/#\/schema\/logo\/image\/"},"sameAs":["https:\/\/www.facebook.com\/Ecclesia2025","https:\/\/x.com\/EcclesiaNews","https:\/\/br.pinterest.com\/ekklisia\/","https:\/\/www.youtube.com\/@EcclesiaBrasil"]},{"@type":"Person","@id":"https:\/\/news.ecclesia.org.br\/#\/schema\/person\/6f09597f025829745ba414a569f63758","name":"Pe. Andr\u00e9","image":{"@type":"ImageObject","inLanguage":"pt-BR","@id":"https:\/\/secure.gravatar.com\/avatar\/b4327cfa27e9799da239a26adcd534fc29cdc0c4a4a148eecbcfeb9b42c617ac?s=96&d=mm&r=g","url":"https:\/\/secure.gravatar.com\/avatar\/b4327cfa27e9799da239a26adcd534fc29cdc0c4a4a148eecbcfeb9b42c617ac?s=96&d=mm&r=g","contentUrl":"https:\/\/secure.gravatar.com\/avatar\/b4327cfa27e9799da239a26adcd534fc29cdc0c4a4a148eecbcfeb9b42c617ac?s=96&d=mm&r=g","caption":"Pe. Andr\u00e9"},"sameAs":["https:\/\/www.ecclesia.org.br"]}]}},"_links":{"self":[{"href":"https:\/\/news.ecclesia.org.br\/index.php?rest_route=\/wp\/v2\/posts\/11969","targetHints":{"allow":["GET"]}}],"collection":[{"href":"https:\/\/news.ecclesia.org.br\/index.php?rest_route=\/wp\/v2\/posts"}],"about":[{"href":"https:\/\/news.ecclesia.org.br\/index.php?rest_route=\/wp\/v2\/types\/post"}],"author":[{"embeddable":true,"href":"https:\/\/news.ecclesia.org.br\/index.php?rest_route=\/wp\/v2\/users\/1"}],"replies":[{"embeddable":true,"href":"https:\/\/news.ecclesia.org.br\/index.php?rest_route=%2Fwp%2Fv2%2Fcomments&post=11969"}],"version-history":[{"count":0,"href":"https:\/\/news.ecclesia.org.br\/index.php?rest_route=\/wp\/v2\/posts\/11969\/revisions"}],"wp:attachment":[{"href":"https:\/\/news.ecclesia.org.br\/index.php?rest_route=%2Fwp%2Fv2%2Fmedia&parent=11969"}],"wp:term":[{"taxonomy":"category","embeddable":true,"href":"https:\/\/news.ecclesia.org.br\/index.php?rest_route=%2Fwp%2Fv2%2Fcategories&post=11969"},{"taxonomy":"post_tag","embeddable":true,"href":"https:\/\/news.ecclesia.org.br\/index.php?rest_route=%2Fwp%2Fv2%2Ftags&post=11969"}],"curies":[{"name":"wp","href":"https:\/\/api.w.org\/{rel}","templated":true}]}}