{"id":11954,"date":"2012-04-03T15:44:01","date_gmt":"2012-04-03T15:44:01","guid":{"rendered":"http:\/\/ecclesia.com.br\/news\/2012\/?p=9010"},"modified":"2018-01-18T22:43:11","modified_gmt":"2018-01-18T22:43:11","slug":"patriarca-ecumenico-preocupacao-pelos-anatemas-contra-o-ecumenismo","status":"publish","type":"post","link":"https:\/\/news.ecclesia.org.br\/?p=11954","title":{"rendered":"PATRIARCA ECUM\u00caNICO, \u201cPREOCUPA\u00c7\u00c3O\u201d PELOS \u201cAN\u00c1TEMAS\u201d CONTRA O ECUMENISMO"},"content":{"rendered":"<p style=\"text-align: right;\">Por Ervino Martinuz<\/p>\n<p style=\"text-align: justify;\"><a href=\"https:\/\/news.ecclesia.org.br\/2013\/wp-content\/uploads\/2013\/03\/patriarca-ecumenico-1.jpg\"><img fetchpriority=\"high\" decoding=\"async\" class=\"alignleft size-medium wp-image-6179\" src=\"https:\/\/news.ecclesia.org.br\/2013\/wp-content\/uploads\/2013\/03\/patriarca-ecumenico-1-300x185.jpg\" alt=\"\" width=\"300\" height=\"185\" srcset=\"https:\/\/news.ecclesia.org.br\/wp-content\/uploads\/2013\/03\/patriarca-ecumenico-1-300x185.jpg 300w, https:\/\/news.ecclesia.org.br\/wp-content\/uploads\/2013\/03\/patriarca-ecumenico-1-768x473.jpg 768w, https:\/\/news.ecclesia.org.br\/wp-content\/uploads\/2013\/03\/patriarca-ecumenico-1-89x55.jpg 89w, https:\/\/news.ecclesia.org.br\/wp-content\/uploads\/2013\/03\/patriarca-ecumenico-1-210x130.jpg 210w, https:\/\/news.ecclesia.org.br\/wp-content\/uploads\/2013\/03\/patriarca-ecumenico-1.jpg 980w\" sizes=\"(max-width: 300px) 100vw, 300px\" \/><\/a>Atenas, 03 abr (SIR) \u2013 Numa carta escrita a S. Beatitude Jer\u00f4nimos, Arcebispo de Atenas e de toda a Gr\u00e9cia e presidente do Santo S\u00ednodo da Igreja da Gr\u00e9cia, o Patriarca Ecum\u00eanico Bartolomeu I manifestou \u201cpreocupa\u00e7\u00e3o e tristeza\u201d por algumas declara\u00e7\u00f5es feitas dentro da Igreja da Gr\u00e9cia, que no parecer do Patriarca Ecum\u00eanico de Constantinopla, \u201cpodem criar problemas \u00e0 unidade da Igreja e \u00e0 unidade da Igreja Ortodoxa em seu conjunto\u201d. Tamb\u00e9m um grupo de 30 professores da Faculdade de Teologia da Universidade \u201cArist\u00f3teles\u201d de Sal\u00f4nica manifestaram as mesmas preocupa\u00e7\u00f5es numa carta escrita ao Arcebispo Jer\u00f4nimos. As declara\u00e7\u00f5es a que se referem seja o Patriarca Bartolomeu seja os te\u00f3lgos de Sal\u00f4nica s\u00e3o algumas opini\u00f5es divulgadas ultimamente dentro da Igreja Ortodoxa da Gr\u00e9cia que de fato \u201ccolocam em discuss\u00e3o e criticam as decis\u00f5es aprovadas em n\u00edvel pan-ortodoxo, e portanto tamb\u00e9m pela Igreja da Gr\u00e9cia, em rela\u00e7\u00e3o \u00e0 participa\u00e7\u00e3o da Igreja Ortodoxa em seu conjunto, nos di\u00e1logo teol\u00f3gicos bilaterais e multilaterais com as Igrejas eterodoxas, aos encontros intercrist\u00e3os organizados pelo Conselho ecum\u00eanico das Igrejas, pelo Conselho das Igrejas europeias e outros organismos semelhantes\u201d. (segue)<\/p>\n<h2 style=\"text-align: justify;\">Gr\u00e9cia: Patriarca ecum\u00eanico, \u201cpreocupa\u00e7\u00e3o\u201d pelos \u201can\u00e1temas\u201d contra o ecumenismo (2)<\/h2>\n<p style=\"text-align: justify;\">Atenas, 03 abr (SIR) \u2013 Na carta do Patriarca Bartolomeu \u2013 publicada no site Orthodoxie.com \u2013 se afirma que estas afirma\u00e7\u00f5es eram de \u201calcance limitado\u201d, mas \u201crecentemente assumiram um n\u00edvel inaceit\u00e1vel\u201d: o Patriarca se refere aos \u201can\u00e1temas\u201d pronunciados por um metropolita da Igreja da Gr\u00e9cia, durante a Divina Liturgia celebrada no Domingo da Ortodoxia, contra os crist\u00e3os heterodoxos, os crentes de outras religi\u00f5es, e contra todos os participantes ao movimento ecum\u00eanico. Os professores universit\u00e1rios esclarecem que os an\u00e1temas tamb\u00e9m foram dirigidos contra o Papa Bento XVI. \u201cO Patriarca Ecum\u00eanico \u2013 l\u00ea-se no site Orthodoxie.com \u2013 convida o Arcebispo de Atenas e o Santo S\u00ednodo a rejeitar e condenar oficialmente estas manifesta\u00e7\u00f5es infundadas e perigosas e a tomar tamb\u00e9m iniciativas que possam impedir pr\u00e1ticas e atitudes que s\u00e3o contr\u00e1rias \u00e0s decis\u00f5es tomadas em comum pelas Igrejas Ortodoxas\u201d. O Patriarca conclui que \u201caguardando uma resposta e uma posi\u00e7\u00e3o oficial da Igreja da Gr\u00e9cia, se reserva de tomar medidas em n\u00edvel pan ortodoxo se se repetirem essas situa\u00e7\u00f5es\u201d<\/p>\n<p style=\"text-align: right;\">Fonte: <a title=\"VerboNet\" href=\"http:\/\/www.verbonet.com.br\/\" target=\"_blank\" rel=\"noopener\">VerboNet<\/a><\/p>\n","protected":false},"excerpt":{"rendered":"<p>Por Ervino Martinuz Atenas, 03 abr (SIR) \u2013 Numa carta escrita a S. Beatitude Jer\u00f4nimos, Arcebispo de Atenas e de toda a Gr\u00e9cia e presidente do Santo S\u00ednodo da Igreja da Gr\u00e9cia, o Patriarca Ecum\u00eanico Bartolomeu I manifestou \u201cpreocupa\u00e7\u00e3o e&#8230;<\/p>\n","protected":false},"author":1,"featured_media":6179,"comment_status":"open","ping_status":"open","sticky":false,"template":"","format":"standard","meta":{"_acf_changed":false,"footnotes":""},"categories":[3,72],"tags":[],"class_list":["post-11954","post","type-post","status-publish","format-standard","has-post-thumbnail","hentry","category-mundo","category-patriarcado-ecumenico","entry","rows-excerpt"],"acf":[],"yoast_head":"<!-- This site is optimized with the Yoast SEO plugin v27.4 - https:\/\/yoast.com\/product\/yoast-seo-wordpress\/ -->\n<title>PATRIARCA ECUM\u00caNICO, \u201cPREOCUPA\u00c7\u00c3O\u201d PELOS \u201cAN\u00c1TEMAS\u201d CONTRA O ECUMENISMO | ECCLESIA NEWS<\/title>\n<meta name=\"robots\" content=\"index, follow, max-snippet:-1, max-image-preview:large, max-video-preview:-1\" \/>\n<link rel=\"canonical\" href=\"https:\/\/news.ecclesia.org.br\/?p=11954\" \/>\n<meta property=\"og:locale\" content=\"pt_BR\" \/>\n<meta property=\"og:type\" content=\"article\" \/>\n<meta property=\"og:title\" content=\"PATRIARCA ECUM\u00caNICO, \u201cPREOCUPA\u00c7\u00c3O\u201d PELOS \u201cAN\u00c1TEMAS\u201d CONTRA O ECUMENISMO | ECCLESIA NEWS\" \/>\n<meta property=\"og:description\" content=\"Por Ervino Martinuz Atenas, 03 abr (SIR) \u2013 Numa carta escrita a S. Beatitude Jer\u00f4nimos, Arcebispo de Atenas e de toda a Gr\u00e9cia e presidente do Santo S\u00ednodo da Igreja da Gr\u00e9cia, o Patriarca Ecum\u00eanico Bartolomeu I manifestou \u201cpreocupa\u00e7\u00e3o e&#8230;\" \/>\n<meta property=\"og:url\" content=\"https:\/\/news.ecclesia.org.br\/?p=11954\" \/>\n<meta property=\"og:site_name\" content=\"ECCLESIA NEWS\" \/>\n<meta property=\"article:publisher\" content=\"https:\/\/www.facebook.com\/Ecclesia2025\" \/>\n<meta property=\"article:published_time\" content=\"2012-04-03T15:44:01+00:00\" \/>\n<meta property=\"article:modified_time\" content=\"2018-01-18T22:43:11+00:00\" \/>\n<meta property=\"og:image\" content=\"https:\/\/news.ecclesia.org.br\/wp-content\/uploads\/2013\/03\/patriarca-ecumenico-1.jpg\" \/>\n\t<meta property=\"og:image:width\" content=\"980\" \/>\n\t<meta property=\"og:image:height\" content=\"604\" \/>\n\t<meta property=\"og:image:type\" content=\"image\/jpeg\" \/>\n<meta name=\"author\" content=\"Pe. Andr\u00e9\" \/>\n<meta name=\"twitter:card\" content=\"summary_large_image\" \/>\n<meta name=\"twitter:creator\" content=\"@EcclesiaNews\" \/>\n<meta name=\"twitter:site\" content=\"@EcclesiaNews\" \/>\n<meta name=\"twitter:label1\" content=\"Escrito por\" \/>\n\t<meta name=\"twitter:data1\" content=\"Pe. Andr\u00e9\" \/>\n\t<meta name=\"twitter:label2\" content=\"Est. tempo de leitura\" \/>\n\t<meta name=\"twitter:data2\" content=\"2 minutos\" \/>\n<script type=\"application\/ld+json\" class=\"yoast-schema-graph\">{\"@context\":\"https:\\\/\\\/schema.org\",\"@graph\":[{\"@type\":\"Article\",\"@id\":\"https:\\\/\\\/news.ecclesia.org.br\\\/?p=11954#article\",\"isPartOf\":{\"@id\":\"https:\\\/\\\/news.ecclesia.org.br\\\/?p=11954\"},\"author\":{\"name\":\"Pe. Andr\u00e9\",\"@id\":\"https:\\\/\\\/news.ecclesia.org.br\\\/#\\\/schema\\\/person\\\/6f09597f025829745ba414a569f63758\"},\"headline\":\"PATRIARCA ECUM\u00caNICO, \u201cPREOCUPA\u00c7\u00c3O\u201d PELOS \u201cAN\u00c1TEMAS\u201d CONTRA O ECUMENISMO\",\"datePublished\":\"2012-04-03T15:44:01+00:00\",\"dateModified\":\"2018-01-18T22:43:11+00:00\",\"mainEntityOfPage\":{\"@id\":\"https:\\\/\\\/news.ecclesia.org.br\\\/?p=11954\"},\"wordCount\":421,\"commentCount\":0,\"publisher\":{\"@id\":\"https:\\\/\\\/news.ecclesia.org.br\\\/#organization\"},\"image\":{\"@id\":\"https:\\\/\\\/news.ecclesia.org.br\\\/?p=11954#primaryimage\"},\"thumbnailUrl\":\"https:\\\/\\\/news.ecclesia.org.br\\\/wp-content\\\/uploads\\\/2013\\\/03\\\/patriarca-ecumenico-1.jpg\",\"articleSection\":[\"Mundo Ortodoxo\",\"Patriarcado Ecum\u00eanico\"],\"inLanguage\":\"pt-BR\",\"potentialAction\":[{\"@type\":\"CommentAction\",\"name\":\"Comment\",\"target\":[\"https:\\\/\\\/news.ecclesia.org.br\\\/?p=11954#respond\"]}]},{\"@type\":\"WebPage\",\"@id\":\"https:\\\/\\\/news.ecclesia.org.br\\\/?p=11954\",\"url\":\"https:\\\/\\\/news.ecclesia.org.br\\\/?p=11954\",\"name\":\"PATRIARCA ECUM\u00caNICO, \u201cPREOCUPA\u00c7\u00c3O\u201d PELOS \u201cAN\u00c1TEMAS\u201d CONTRA O ECUMENISMO | ECCLESIA NEWS\",\"isPartOf\":{\"@id\":\"https:\\\/\\\/news.ecclesia.org.br\\\/#website\"},\"primaryImageOfPage\":{\"@id\":\"https:\\\/\\\/news.ecclesia.org.br\\\/?p=11954#primaryimage\"},\"image\":{\"@id\":\"https:\\\/\\\/news.ecclesia.org.br\\\/?p=11954#primaryimage\"},\"thumbnailUrl\":\"https:\\\/\\\/news.ecclesia.org.br\\\/wp-content\\\/uploads\\\/2013\\\/03\\\/patriarca-ecumenico-1.jpg\",\"datePublished\":\"2012-04-03T15:44:01+00:00\",\"dateModified\":\"2018-01-18T22:43:11+00:00\",\"breadcrumb\":{\"@id\":\"https:\\\/\\\/news.ecclesia.org.br\\\/?p=11954#breadcrumb\"},\"inLanguage\":\"pt-BR\",\"potentialAction\":[{\"@type\":\"ReadAction\",\"target\":[\"https:\\\/\\\/news.ecclesia.org.br\\\/?p=11954\"]}]},{\"@type\":\"ImageObject\",\"inLanguage\":\"pt-BR\",\"@id\":\"https:\\\/\\\/news.ecclesia.org.br\\\/?p=11954#primaryimage\",\"url\":\"https:\\\/\\\/news.ecclesia.org.br\\\/wp-content\\\/uploads\\\/2013\\\/03\\\/patriarca-ecumenico-1.jpg\",\"contentUrl\":\"https:\\\/\\\/news.ecclesia.org.br\\\/wp-content\\\/uploads\\\/2013\\\/03\\\/patriarca-ecumenico-1.jpg\",\"width\":980,\"height\":604},{\"@type\":\"BreadcrumbList\",\"@id\":\"https:\\\/\\\/news.ecclesia.org.br\\\/?p=11954#breadcrumb\",\"itemListElement\":[{\"@type\":\"ListItem\",\"position\":1,\"name\":\"In\u00edcio\",\"item\":\"https:\\\/\\\/news.ecclesia.org.br\\\/\"},{\"@type\":\"ListItem\",\"position\":2,\"name\":\"PATRIARCA ECUM\u00caNICO, \u201cPREOCUPA\u00c7\u00c3O\u201d PELOS \u201cAN\u00c1TEMAS\u201d CONTRA O ECUMENISMO\"}]},{\"@type\":\"WebSite\",\"@id\":\"https:\\\/\\\/news.ecclesia.org.br\\\/#website\",\"url\":\"https:\\\/\\\/news.ecclesia.org.br\\\/\",\"name\":\"Ecclesia Brasil\",\"description\":\"Desde 2003 onectando o Brasil ao mundo ortodoxo!\",\"publisher\":{\"@id\":\"https:\\\/\\\/news.ecclesia.org.br\\\/#organization\"},\"alternateName\":\"Ecclesia\",\"potentialAction\":[{\"@type\":\"SearchAction\",\"target\":{\"@type\":\"EntryPoint\",\"urlTemplate\":\"https:\\\/\\\/news.ecclesia.org.br\\\/?s={search_term_string}\"},\"query-input\":{\"@type\":\"PropertyValueSpecification\",\"valueRequired\":true,\"valueName\":\"search_term_string\"}}],\"inLanguage\":\"pt-BR\"},{\"@type\":\"Organization\",\"@id\":\"https:\\\/\\\/news.ecclesia.org.br\\\/#organization\",\"name\":\"Sacra Arquidiocese de Buenos Aires e Am\u00e9rica do Sul | Patriarcado Ecum\u00eanico\",\"alternateName\":\"News Ecclesia Brasil\",\"url\":\"https:\\\/\\\/news.ecclesia.org.br\\\/\",\"logo\":{\"@type\":\"ImageObject\",\"inLanguage\":\"pt-BR\",\"@id\":\"https:\\\/\\\/news.ecclesia.org.br\\\/#\\\/schema\\\/logo\\\/image\\\/\",\"url\":\"https:\\\/\\\/news.ecclesia.org.br\\\/wp-content\\\/uploads\\\/2025\\\/05\\\/ecclesia2.png\",\"contentUrl\":\"https:\\\/\\\/news.ecclesia.org.br\\\/wp-content\\\/uploads\\\/2025\\\/05\\\/ecclesia2.png\",\"width\":480,\"height\":120,\"caption\":\"Sacra Arquidiocese de Buenos Aires e Am\u00e9rica do Sul | Patriarcado Ecum\u00eanico\"},\"image\":{\"@id\":\"https:\\\/\\\/news.ecclesia.org.br\\\/#\\\/schema\\\/logo\\\/image\\\/\"},\"sameAs\":[\"https:\\\/\\\/www.facebook.com\\\/Ecclesia2025\",\"https:\\\/\\\/x.com\\\/EcclesiaNews\",\"https:\\\/\\\/br.pinterest.com\\\/ekklisia\\\/\",\"https:\\\/\\\/www.youtube.com\\\/@EcclesiaBrasil\"]},{\"@type\":\"Person\",\"@id\":\"https:\\\/\\\/news.ecclesia.org.br\\\/#\\\/schema\\\/person\\\/6f09597f025829745ba414a569f63758\",\"name\":\"Pe. Andr\u00e9\",\"image\":{\"@type\":\"ImageObject\",\"inLanguage\":\"pt-BR\",\"@id\":\"https:\\\/\\\/secure.gravatar.com\\\/avatar\\\/b4327cfa27e9799da239a26adcd534fc29cdc0c4a4a148eecbcfeb9b42c617ac?s=96&d=mm&r=g\",\"url\":\"https:\\\/\\\/secure.gravatar.com\\\/avatar\\\/b4327cfa27e9799da239a26adcd534fc29cdc0c4a4a148eecbcfeb9b42c617ac?s=96&d=mm&r=g\",\"contentUrl\":\"https:\\\/\\\/secure.gravatar.com\\\/avatar\\\/b4327cfa27e9799da239a26adcd534fc29cdc0c4a4a148eecbcfeb9b42c617ac?s=96&d=mm&r=g\",\"caption\":\"Pe. Andr\u00e9\"},\"sameAs\":[\"https:\\\/\\\/www.ecclesia.org.br\"]}]}<\/script>\n<!-- \/ Yoast SEO plugin. -->","yoast_head_json":{"title":"PATRIARCA ECUM\u00caNICO, \u201cPREOCUPA\u00c7\u00c3O\u201d PELOS \u201cAN\u00c1TEMAS\u201d CONTRA O ECUMENISMO | ECCLESIA NEWS","robots":{"index":"index","follow":"follow","max-snippet":"max-snippet:-1","max-image-preview":"max-image-preview:large","max-video-preview":"max-video-preview:-1"},"canonical":"https:\/\/news.ecclesia.org.br\/?p=11954","og_locale":"pt_BR","og_type":"article","og_title":"PATRIARCA ECUM\u00caNICO, \u201cPREOCUPA\u00c7\u00c3O\u201d PELOS \u201cAN\u00c1TEMAS\u201d CONTRA O ECUMENISMO | ECCLESIA NEWS","og_description":"Por Ervino Martinuz Atenas, 03 abr (SIR) \u2013 Numa carta escrita a S. Beatitude Jer\u00f4nimos, Arcebispo de Atenas e de toda a Gr\u00e9cia e presidente do Santo S\u00ednodo da Igreja da Gr\u00e9cia, o Patriarca Ecum\u00eanico Bartolomeu I manifestou \u201cpreocupa\u00e7\u00e3o e&#8230;","og_url":"https:\/\/news.ecclesia.org.br\/?p=11954","og_site_name":"ECCLESIA NEWS","article_publisher":"https:\/\/www.facebook.com\/Ecclesia2025","article_published_time":"2012-04-03T15:44:01+00:00","article_modified_time":"2018-01-18T22:43:11+00:00","og_image":[{"width":980,"height":604,"url":"https:\/\/news.ecclesia.org.br\/wp-content\/uploads\/2013\/03\/patriarca-ecumenico-1.jpg","type":"image\/jpeg"}],"author":"Pe. Andr\u00e9","twitter_card":"summary_large_image","twitter_creator":"@EcclesiaNews","twitter_site":"@EcclesiaNews","twitter_misc":{"Escrito por":"Pe. Andr\u00e9","Est. tempo de leitura":"2 minutos"},"schema":{"@context":"https:\/\/schema.org","@graph":[{"@type":"Article","@id":"https:\/\/news.ecclesia.org.br\/?p=11954#article","isPartOf":{"@id":"https:\/\/news.ecclesia.org.br\/?p=11954"},"author":{"name":"Pe. Andr\u00e9","@id":"https:\/\/news.ecclesia.org.br\/#\/schema\/person\/6f09597f025829745ba414a569f63758"},"headline":"PATRIARCA ECUM\u00caNICO, \u201cPREOCUPA\u00c7\u00c3O\u201d PELOS \u201cAN\u00c1TEMAS\u201d CONTRA O ECUMENISMO","datePublished":"2012-04-03T15:44:01+00:00","dateModified":"2018-01-18T22:43:11+00:00","mainEntityOfPage":{"@id":"https:\/\/news.ecclesia.org.br\/?p=11954"},"wordCount":421,"commentCount":0,"publisher":{"@id":"https:\/\/news.ecclesia.org.br\/#organization"},"image":{"@id":"https:\/\/news.ecclesia.org.br\/?p=11954#primaryimage"},"thumbnailUrl":"https:\/\/news.ecclesia.org.br\/wp-content\/uploads\/2013\/03\/patriarca-ecumenico-1.jpg","articleSection":["Mundo Ortodoxo","Patriarcado Ecum\u00eanico"],"inLanguage":"pt-BR","potentialAction":[{"@type":"CommentAction","name":"Comment","target":["https:\/\/news.ecclesia.org.br\/?p=11954#respond"]}]},{"@type":"WebPage","@id":"https:\/\/news.ecclesia.org.br\/?p=11954","url":"https:\/\/news.ecclesia.org.br\/?p=11954","name":"PATRIARCA ECUM\u00caNICO, \u201cPREOCUPA\u00c7\u00c3O\u201d PELOS \u201cAN\u00c1TEMAS\u201d CONTRA O ECUMENISMO | ECCLESIA NEWS","isPartOf":{"@id":"https:\/\/news.ecclesia.org.br\/#website"},"primaryImageOfPage":{"@id":"https:\/\/news.ecclesia.org.br\/?p=11954#primaryimage"},"image":{"@id":"https:\/\/news.ecclesia.org.br\/?p=11954#primaryimage"},"thumbnailUrl":"https:\/\/news.ecclesia.org.br\/wp-content\/uploads\/2013\/03\/patriarca-ecumenico-1.jpg","datePublished":"2012-04-03T15:44:01+00:00","dateModified":"2018-01-18T22:43:11+00:00","breadcrumb":{"@id":"https:\/\/news.ecclesia.org.br\/?p=11954#breadcrumb"},"inLanguage":"pt-BR","potentialAction":[{"@type":"ReadAction","target":["https:\/\/news.ecclesia.org.br\/?p=11954"]}]},{"@type":"ImageObject","inLanguage":"pt-BR","@id":"https:\/\/news.ecclesia.org.br\/?p=11954#primaryimage","url":"https:\/\/news.ecclesia.org.br\/wp-content\/uploads\/2013\/03\/patriarca-ecumenico-1.jpg","contentUrl":"https:\/\/news.ecclesia.org.br\/wp-content\/uploads\/2013\/03\/patriarca-ecumenico-1.jpg","width":980,"height":604},{"@type":"BreadcrumbList","@id":"https:\/\/news.ecclesia.org.br\/?p=11954#breadcrumb","itemListElement":[{"@type":"ListItem","position":1,"name":"In\u00edcio","item":"https:\/\/news.ecclesia.org.br\/"},{"@type":"ListItem","position":2,"name":"PATRIARCA ECUM\u00caNICO, \u201cPREOCUPA\u00c7\u00c3O\u201d PELOS \u201cAN\u00c1TEMAS\u201d CONTRA O ECUMENISMO"}]},{"@type":"WebSite","@id":"https:\/\/news.ecclesia.org.br\/#website","url":"https:\/\/news.ecclesia.org.br\/","name":"Ecclesia Brasil","description":"Desde 2003 onectando o Brasil ao mundo ortodoxo!","publisher":{"@id":"https:\/\/news.ecclesia.org.br\/#organization"},"alternateName":"Ecclesia","potentialAction":[{"@type":"SearchAction","target":{"@type":"EntryPoint","urlTemplate":"https:\/\/news.ecclesia.org.br\/?s={search_term_string}"},"query-input":{"@type":"PropertyValueSpecification","valueRequired":true,"valueName":"search_term_string"}}],"inLanguage":"pt-BR"},{"@type":"Organization","@id":"https:\/\/news.ecclesia.org.br\/#organization","name":"Sacra Arquidiocese de Buenos Aires e Am\u00e9rica do Sul | Patriarcado Ecum\u00eanico","alternateName":"News Ecclesia Brasil","url":"https:\/\/news.ecclesia.org.br\/","logo":{"@type":"ImageObject","inLanguage":"pt-BR","@id":"https:\/\/news.ecclesia.org.br\/#\/schema\/logo\/image\/","url":"https:\/\/news.ecclesia.org.br\/wp-content\/uploads\/2025\/05\/ecclesia2.png","contentUrl":"https:\/\/news.ecclesia.org.br\/wp-content\/uploads\/2025\/05\/ecclesia2.png","width":480,"height":120,"caption":"Sacra Arquidiocese de Buenos Aires e Am\u00e9rica do Sul | Patriarcado Ecum\u00eanico"},"image":{"@id":"https:\/\/news.ecclesia.org.br\/#\/schema\/logo\/image\/"},"sameAs":["https:\/\/www.facebook.com\/Ecclesia2025","https:\/\/x.com\/EcclesiaNews","https:\/\/br.pinterest.com\/ekklisia\/","https:\/\/www.youtube.com\/@EcclesiaBrasil"]},{"@type":"Person","@id":"https:\/\/news.ecclesia.org.br\/#\/schema\/person\/6f09597f025829745ba414a569f63758","name":"Pe. Andr\u00e9","image":{"@type":"ImageObject","inLanguage":"pt-BR","@id":"https:\/\/secure.gravatar.com\/avatar\/b4327cfa27e9799da239a26adcd534fc29cdc0c4a4a148eecbcfeb9b42c617ac?s=96&d=mm&r=g","url":"https:\/\/secure.gravatar.com\/avatar\/b4327cfa27e9799da239a26adcd534fc29cdc0c4a4a148eecbcfeb9b42c617ac?s=96&d=mm&r=g","contentUrl":"https:\/\/secure.gravatar.com\/avatar\/b4327cfa27e9799da239a26adcd534fc29cdc0c4a4a148eecbcfeb9b42c617ac?s=96&d=mm&r=g","caption":"Pe. Andr\u00e9"},"sameAs":["https:\/\/www.ecclesia.org.br"]}]}},"_links":{"self":[{"href":"https:\/\/news.ecclesia.org.br\/index.php?rest_route=\/wp\/v2\/posts\/11954","targetHints":{"allow":["GET"]}}],"collection":[{"href":"https:\/\/news.ecclesia.org.br\/index.php?rest_route=\/wp\/v2\/posts"}],"about":[{"href":"https:\/\/news.ecclesia.org.br\/index.php?rest_route=\/wp\/v2\/types\/post"}],"author":[{"embeddable":true,"href":"https:\/\/news.ecclesia.org.br\/index.php?rest_route=\/wp\/v2\/users\/1"}],"replies":[{"embeddable":true,"href":"https:\/\/news.ecclesia.org.br\/index.php?rest_route=%2Fwp%2Fv2%2Fcomments&post=11954"}],"version-history":[{"count":0,"href":"https:\/\/news.ecclesia.org.br\/index.php?rest_route=\/wp\/v2\/posts\/11954\/revisions"}],"wp:featuredmedia":[{"embeddable":true,"href":"https:\/\/news.ecclesia.org.br\/index.php?rest_route=\/wp\/v2\/media\/6179"}],"wp:attachment":[{"href":"https:\/\/news.ecclesia.org.br\/index.php?rest_route=%2Fwp%2Fv2%2Fmedia&parent=11954"}],"wp:term":[{"taxonomy":"category","embeddable":true,"href":"https:\/\/news.ecclesia.org.br\/index.php?rest_route=%2Fwp%2Fv2%2Fcategories&post=11954"},{"taxonomy":"post_tag","embeddable":true,"href":"https:\/\/news.ecclesia.org.br\/index.php?rest_route=%2Fwp%2Fv2%2Ftags&post=11954"}],"curies":[{"name":"wp","href":"https:\/\/api.w.org\/{rel}","templated":true}]}}