{"id":11807,"date":"2011-05-04T15:35:03","date_gmt":"2011-05-04T18:35:03","guid":{"rendered":"http:\/\/ecclesia.com.br\/news\/2011\/?p=7202"},"modified":"2016-03-18T22:17:00","modified_gmt":"2016-03-18T22:17:00","slug":"patriarcado-de-moscou-manifesta-se-contra-festejos-pela-morte-de-bin-laden","status":"publish","type":"post","link":"https:\/\/news.ecclesia.org.br\/?p=11807","title":{"rendered":"Patriarcado de Moscou manifesta-se contra festejos pela morte de Bin Laden"},"content":{"rendered":"<figure id=\"attachment_11721\" aria-describedby=\"caption-attachment-11721\" style=\"width: 225px\" class=\"wp-caption alignleft\"><img fetchpriority=\"high\" decoding=\"async\" class=\"size-medium wp-image-11721\" src=\"https:\/\/news.ecclesia.org.br\/2013\/wp-content\/uploads\/2011\/05\/osama-bin-laden-225x300.jpg\" alt=\"Osam Bin Laden\" width=\"225\" height=\"300\" srcset=\"https:\/\/news.ecclesia.org.br\/wp-content\/uploads\/2011\/05\/osama-bin-laden-225x300.jpg 225w, https:\/\/news.ecclesia.org.br\/wp-content\/uploads\/2011\/05\/osama-bin-laden-41x55.jpg 41w, https:\/\/news.ecclesia.org.br\/wp-content\/uploads\/2011\/05\/osama-bin-laden.jpg 450w\" sizes=\"(max-width: 225px) 100vw, 225px\" \/><figcaption id=\"caption-attachment-11721\" class=\"wp-caption-text\">Osam Bin Laden<\/figcaption><\/figure>\n<p style=\"text-align: justify;\">MOSCOU, 04\/05\/11 (<a href=\"http:\/\/www.oecumene.radiovaticana.org\/bra\" target=\"_blank\">RV<\/a>)\u00a0&#8211; Patriarcado de Moscou faz advert\u00eancia a n\u00e3o alegrar-se pela morte de Osama Bin Laden, assassinado dia 1\u00ba do corrente numa opera\u00e7\u00e3o estadunidense. \u00abA Igreja Russa-Ortodoxa n\u00e3o partilha o j\u00fabilo que se viu em alguns pa\u00edses, quem quer que morra, seja ele o grande mal ou o maior terrorista, ser\u00e1 julgado somente por Deus\u00bb \u2013 afirmou o Arcipreste Georgy Roschin, vice-Chefe do Departamento do Patriarcado para as Rela\u00e7\u00f5es entre a Igreja e a sociedade.<\/p>\n<p style=\"text-align: justify;\">Para o prelado ortodoxo, a elimina\u00e7\u00e3o do chefe de al-Qaeda n\u00e3o resolve o problema do terrorismo em si: \u00abA quest\u00e3o principal \u00e9 tomar as decis\u00f5es justas e celebrar os sucessos voltados a resolver o problema em geral, e n\u00e3o eliminar um membro de um grupo terrorista\u00bb.<\/p>\n<p style=\"text-align: justify;\">Diferente posi\u00e7\u00e3o, por sua vez, foi manifestada pelo Mufti supremo da Autoridade espiritual central dos mu\u00e7ulmanos da R\u00fassia, Talgat Tudzhuddin, que acolheu com alegria a not\u00edcia do assassinado do xeque do terror.<\/p>\n<p style=\"text-align: justify;\">\u00abEste \u00e9 o \u00fanico modo para enfrentar o terrorismo internacional\u00bb \u2013 declarou o l\u00edder mu\u00e7ulmano. Sobre a elimina\u00e7\u00e3o do terrorista mais procurado no mundo pronunciou-se com palavras fortes tamb\u00e9m o Rabino-chefe da R\u00fassia, Berel Lazar, que definiu o evento como \u00abum triunfo da justi\u00e7a\u00bb. (RL)<\/p>\n","protected":false},"excerpt":{"rendered":"<p>MOSCOU, 04\/05\/11 (RV)\u00a0&#8211; Patriarcado de Moscou faz advert\u00eancia a n\u00e3o alegrar-se pela morte de Osama Bin Laden, assassinado dia 1\u00ba do corrente numa opera\u00e7\u00e3o estadunidense. \u00abA Igreja Russa-Ortodoxa n\u00e3o partilha o j\u00fabilo que se viu em alguns pa\u00edses, quem quer&#8230;<\/p>\n","protected":false},"author":1,"featured_media":11721,"comment_status":"open","ping_status":"open","sticky":false,"template":"","format":"standard","meta":{"_acf_changed":false,"footnotes":""},"categories":[1],"tags":[],"class_list":["post-11807","post","type-post","status-publish","format-standard","has-post-thumbnail","hentry","category-news","entry","rows-excerpt"],"acf":[],"yoast_head":"<!-- This site is optimized with the Yoast SEO plugin v27.5 - https:\/\/yoast.com\/product\/yoast-seo-wordpress\/ -->\n<title>Patriarcado de Moscou manifesta-se contra festejos pela morte de Bin Laden | ECCLESIA NEWS<\/title>\n<meta name=\"robots\" content=\"index, follow, max-snippet:-1, max-image-preview:large, max-video-preview:-1\" \/>\n<link rel=\"canonical\" href=\"https:\/\/news.ecclesia.org.br\/?p=11807\" \/>\n<meta property=\"og:locale\" content=\"pt_BR\" \/>\n<meta property=\"og:type\" content=\"article\" \/>\n<meta property=\"og:title\" content=\"Patriarcado de Moscou manifesta-se contra festejos pela morte de Bin Laden | ECCLESIA NEWS\" \/>\n<meta property=\"og:description\" content=\"MOSCOU, 04\/05\/11 (RV)\u00a0&#8211; Patriarcado de Moscou faz advert\u00eancia a n\u00e3o alegrar-se pela morte de Osama Bin Laden, assassinado dia 1\u00ba do corrente numa opera\u00e7\u00e3o estadunidense. \u00abA Igreja Russa-Ortodoxa n\u00e3o partilha o j\u00fabilo que se viu em alguns pa\u00edses, quem quer&#8230;\" \/>\n<meta property=\"og:url\" content=\"https:\/\/news.ecclesia.org.br\/?p=11807\" \/>\n<meta property=\"og:site_name\" content=\"ECCLESIA NEWS\" \/>\n<meta property=\"article:publisher\" content=\"https:\/\/www.facebook.com\/Ecclesia2025\" \/>\n<meta property=\"article:published_time\" content=\"2011-05-04T18:35:03+00:00\" \/>\n<meta property=\"article:modified_time\" content=\"2016-03-18T22:17:00+00:00\" \/>\n<meta property=\"og:image\" content=\"https:\/\/news.ecclesia.org.br\/wp-content\/uploads\/2011\/05\/osama-bin-laden.jpg\" \/>\n\t<meta property=\"og:image:width\" content=\"450\" \/>\n\t<meta property=\"og:image:height\" content=\"600\" \/>\n\t<meta property=\"og:image:type\" content=\"image\/jpeg\" \/>\n<meta name=\"author\" content=\"Pe. Andr\u00e9\" \/>\n<meta name=\"twitter:card\" content=\"summary_large_image\" \/>\n<meta name=\"twitter:creator\" content=\"@EcclesiaNews\" \/>\n<meta name=\"twitter:site\" content=\"@EcclesiaNews\" \/>\n<meta name=\"twitter:label1\" content=\"Escrito por\" \/>\n\t<meta name=\"twitter:data1\" content=\"Pe. Andr\u00e9\" \/>\n\t<meta name=\"twitter:label2\" content=\"Est. tempo de leitura\" \/>\n\t<meta name=\"twitter:data2\" content=\"1 minuto\" \/>\n<script type=\"application\/ld+json\" class=\"yoast-schema-graph\">{\"@context\":\"https:\\\/\\\/schema.org\",\"@graph\":[{\"@type\":\"Article\",\"@id\":\"https:\\\/\\\/news.ecclesia.org.br\\\/?p=11807#article\",\"isPartOf\":{\"@id\":\"https:\\\/\\\/news.ecclesia.org.br\\\/?p=11807\"},\"author\":{\"name\":\"Pe. Andr\u00e9\",\"@id\":\"https:\\\/\\\/news.ecclesia.org.br\\\/#\\\/schema\\\/person\\\/6f09597f025829745ba414a569f63758\"},\"headline\":\"Patriarcado de Moscou manifesta-se contra festejos pela morte de Bin Laden\",\"datePublished\":\"2011-05-04T18:35:03+00:00\",\"dateModified\":\"2016-03-18T22:17:00+00:00\",\"mainEntityOfPage\":{\"@id\":\"https:\\\/\\\/news.ecclesia.org.br\\\/?p=11807\"},\"wordCount\":237,\"commentCount\":0,\"publisher\":{\"@id\":\"https:\\\/\\\/news.ecclesia.org.br\\\/#organization\"},\"image\":{\"@id\":\"https:\\\/\\\/news.ecclesia.org.br\\\/?p=11807#primaryimage\"},\"thumbnailUrl\":\"https:\\\/\\\/news.ecclesia.org.br\\\/wp-content\\\/uploads\\\/2011\\\/05\\\/osama-bin-laden.jpg\",\"articleSection\":[\"NEWS\"],\"inLanguage\":\"pt-BR\",\"potentialAction\":[{\"@type\":\"CommentAction\",\"name\":\"Comment\",\"target\":[\"https:\\\/\\\/news.ecclesia.org.br\\\/?p=11807#respond\"]}]},{\"@type\":\"WebPage\",\"@id\":\"https:\\\/\\\/news.ecclesia.org.br\\\/?p=11807\",\"url\":\"https:\\\/\\\/news.ecclesia.org.br\\\/?p=11807\",\"name\":\"Patriarcado de Moscou manifesta-se contra festejos pela morte de Bin Laden | ECCLESIA NEWS\",\"isPartOf\":{\"@id\":\"https:\\\/\\\/news.ecclesia.org.br\\\/#website\"},\"primaryImageOfPage\":{\"@id\":\"https:\\\/\\\/news.ecclesia.org.br\\\/?p=11807#primaryimage\"},\"image\":{\"@id\":\"https:\\\/\\\/news.ecclesia.org.br\\\/?p=11807#primaryimage\"},\"thumbnailUrl\":\"https:\\\/\\\/news.ecclesia.org.br\\\/wp-content\\\/uploads\\\/2011\\\/05\\\/osama-bin-laden.jpg\",\"datePublished\":\"2011-05-04T18:35:03+00:00\",\"dateModified\":\"2016-03-18T22:17:00+00:00\",\"breadcrumb\":{\"@id\":\"https:\\\/\\\/news.ecclesia.org.br\\\/?p=11807#breadcrumb\"},\"inLanguage\":\"pt-BR\",\"potentialAction\":[{\"@type\":\"ReadAction\",\"target\":[\"https:\\\/\\\/news.ecclesia.org.br\\\/?p=11807\"]}]},{\"@type\":\"ImageObject\",\"inLanguage\":\"pt-BR\",\"@id\":\"https:\\\/\\\/news.ecclesia.org.br\\\/?p=11807#primaryimage\",\"url\":\"https:\\\/\\\/news.ecclesia.org.br\\\/wp-content\\\/uploads\\\/2011\\\/05\\\/osama-bin-laden.jpg\",\"contentUrl\":\"https:\\\/\\\/news.ecclesia.org.br\\\/wp-content\\\/uploads\\\/2011\\\/05\\\/osama-bin-laden.jpg\",\"width\":450,\"height\":600,\"caption\":\"Osam Bin Laden\"},{\"@type\":\"BreadcrumbList\",\"@id\":\"https:\\\/\\\/news.ecclesia.org.br\\\/?p=11807#breadcrumb\",\"itemListElement\":[{\"@type\":\"ListItem\",\"position\":1,\"name\":\"In\u00edcio\",\"item\":\"https:\\\/\\\/news.ecclesia.org.br\\\/\"},{\"@type\":\"ListItem\",\"position\":2,\"name\":\"Patriarcado de Moscou manifesta-se contra festejos pela morte de Bin Laden\"}]},{\"@type\":\"WebSite\",\"@id\":\"https:\\\/\\\/news.ecclesia.org.br\\\/#website\",\"url\":\"https:\\\/\\\/news.ecclesia.org.br\\\/\",\"name\":\"Ecclesia Brasil\",\"description\":\"Desde 2003 onectando o Brasil ao mundo ortodoxo!\",\"publisher\":{\"@id\":\"https:\\\/\\\/news.ecclesia.org.br\\\/#organization\"},\"alternateName\":\"Ecclesia\",\"potentialAction\":[{\"@type\":\"SearchAction\",\"target\":{\"@type\":\"EntryPoint\",\"urlTemplate\":\"https:\\\/\\\/news.ecclesia.org.br\\\/?s={search_term_string}\"},\"query-input\":{\"@type\":\"PropertyValueSpecification\",\"valueRequired\":true,\"valueName\":\"search_term_string\"}}],\"inLanguage\":\"pt-BR\"},{\"@type\":\"Organization\",\"@id\":\"https:\\\/\\\/news.ecclesia.org.br\\\/#organization\",\"name\":\"Sacra Arquidiocese de Buenos Aires e Am\u00e9rica do Sul | Patriarcado Ecum\u00eanico\",\"alternateName\":\"News Ecclesia Brasil\",\"url\":\"https:\\\/\\\/news.ecclesia.org.br\\\/\",\"logo\":{\"@type\":\"ImageObject\",\"inLanguage\":\"pt-BR\",\"@id\":\"https:\\\/\\\/news.ecclesia.org.br\\\/#\\\/schema\\\/logo\\\/image\\\/\",\"url\":\"https:\\\/\\\/news.ecclesia.org.br\\\/wp-content\\\/uploads\\\/2025\\\/05\\\/ecclesia2.png\",\"contentUrl\":\"https:\\\/\\\/news.ecclesia.org.br\\\/wp-content\\\/uploads\\\/2025\\\/05\\\/ecclesia2.png\",\"width\":480,\"height\":120,\"caption\":\"Sacra Arquidiocese de Buenos Aires e Am\u00e9rica do Sul | Patriarcado Ecum\u00eanico\"},\"image\":{\"@id\":\"https:\\\/\\\/news.ecclesia.org.br\\\/#\\\/schema\\\/logo\\\/image\\\/\"},\"sameAs\":[\"https:\\\/\\\/www.facebook.com\\\/Ecclesia2025\",\"https:\\\/\\\/x.com\\\/EcclesiaNews\",\"https:\\\/\\\/br.pinterest.com\\\/ekklisia\\\/\",\"https:\\\/\\\/www.youtube.com\\\/@EcclesiaBrasil\"]},{\"@type\":\"Person\",\"@id\":\"https:\\\/\\\/news.ecclesia.org.br\\\/#\\\/schema\\\/person\\\/6f09597f025829745ba414a569f63758\",\"name\":\"Pe. Andr\u00e9\",\"image\":{\"@type\":\"ImageObject\",\"inLanguage\":\"pt-BR\",\"@id\":\"https:\\\/\\\/secure.gravatar.com\\\/avatar\\\/b4327cfa27e9799da239a26adcd534fc29cdc0c4a4a148eecbcfeb9b42c617ac?s=96&d=mm&r=g\",\"url\":\"https:\\\/\\\/secure.gravatar.com\\\/avatar\\\/b4327cfa27e9799da239a26adcd534fc29cdc0c4a4a148eecbcfeb9b42c617ac?s=96&d=mm&r=g\",\"contentUrl\":\"https:\\\/\\\/secure.gravatar.com\\\/avatar\\\/b4327cfa27e9799da239a26adcd534fc29cdc0c4a4a148eecbcfeb9b42c617ac?s=96&d=mm&r=g\",\"caption\":\"Pe. Andr\u00e9\"},\"sameAs\":[\"https:\\\/\\\/www.ecclesia.org.br\"]}]}<\/script>\n<!-- \/ Yoast SEO plugin. -->","yoast_head_json":{"title":"Patriarcado de Moscou manifesta-se contra festejos pela morte de Bin Laden | ECCLESIA NEWS","robots":{"index":"index","follow":"follow","max-snippet":"max-snippet:-1","max-image-preview":"max-image-preview:large","max-video-preview":"max-video-preview:-1"},"canonical":"https:\/\/news.ecclesia.org.br\/?p=11807","og_locale":"pt_BR","og_type":"article","og_title":"Patriarcado de Moscou manifesta-se contra festejos pela morte de Bin Laden | ECCLESIA NEWS","og_description":"MOSCOU, 04\/05\/11 (RV)\u00a0&#8211; Patriarcado de Moscou faz advert\u00eancia a n\u00e3o alegrar-se pela morte de Osama Bin Laden, assassinado dia 1\u00ba do corrente numa opera\u00e7\u00e3o estadunidense. \u00abA Igreja Russa-Ortodoxa n\u00e3o partilha o j\u00fabilo que se viu em alguns pa\u00edses, quem quer&#8230;","og_url":"https:\/\/news.ecclesia.org.br\/?p=11807","og_site_name":"ECCLESIA NEWS","article_publisher":"https:\/\/www.facebook.com\/Ecclesia2025","article_published_time":"2011-05-04T18:35:03+00:00","article_modified_time":"2016-03-18T22:17:00+00:00","og_image":[{"width":450,"height":600,"url":"https:\/\/news.ecclesia.org.br\/wp-content\/uploads\/2011\/05\/osama-bin-laden.jpg","type":"image\/jpeg"}],"author":"Pe. Andr\u00e9","twitter_card":"summary_large_image","twitter_creator":"@EcclesiaNews","twitter_site":"@EcclesiaNews","twitter_misc":{"Escrito por":"Pe. Andr\u00e9","Est. tempo de leitura":"1 minuto"},"schema":{"@context":"https:\/\/schema.org","@graph":[{"@type":"Article","@id":"https:\/\/news.ecclesia.org.br\/?p=11807#article","isPartOf":{"@id":"https:\/\/news.ecclesia.org.br\/?p=11807"},"author":{"name":"Pe. Andr\u00e9","@id":"https:\/\/news.ecclesia.org.br\/#\/schema\/person\/6f09597f025829745ba414a569f63758"},"headline":"Patriarcado de Moscou manifesta-se contra festejos pela morte de Bin Laden","datePublished":"2011-05-04T18:35:03+00:00","dateModified":"2016-03-18T22:17:00+00:00","mainEntityOfPage":{"@id":"https:\/\/news.ecclesia.org.br\/?p=11807"},"wordCount":237,"commentCount":0,"publisher":{"@id":"https:\/\/news.ecclesia.org.br\/#organization"},"image":{"@id":"https:\/\/news.ecclesia.org.br\/?p=11807#primaryimage"},"thumbnailUrl":"https:\/\/news.ecclesia.org.br\/wp-content\/uploads\/2011\/05\/osama-bin-laden.jpg","articleSection":["NEWS"],"inLanguage":"pt-BR","potentialAction":[{"@type":"CommentAction","name":"Comment","target":["https:\/\/news.ecclesia.org.br\/?p=11807#respond"]}]},{"@type":"WebPage","@id":"https:\/\/news.ecclesia.org.br\/?p=11807","url":"https:\/\/news.ecclesia.org.br\/?p=11807","name":"Patriarcado de Moscou manifesta-se contra festejos pela morte de Bin Laden | ECCLESIA NEWS","isPartOf":{"@id":"https:\/\/news.ecclesia.org.br\/#website"},"primaryImageOfPage":{"@id":"https:\/\/news.ecclesia.org.br\/?p=11807#primaryimage"},"image":{"@id":"https:\/\/news.ecclesia.org.br\/?p=11807#primaryimage"},"thumbnailUrl":"https:\/\/news.ecclesia.org.br\/wp-content\/uploads\/2011\/05\/osama-bin-laden.jpg","datePublished":"2011-05-04T18:35:03+00:00","dateModified":"2016-03-18T22:17:00+00:00","breadcrumb":{"@id":"https:\/\/news.ecclesia.org.br\/?p=11807#breadcrumb"},"inLanguage":"pt-BR","potentialAction":[{"@type":"ReadAction","target":["https:\/\/news.ecclesia.org.br\/?p=11807"]}]},{"@type":"ImageObject","inLanguage":"pt-BR","@id":"https:\/\/news.ecclesia.org.br\/?p=11807#primaryimage","url":"https:\/\/news.ecclesia.org.br\/wp-content\/uploads\/2011\/05\/osama-bin-laden.jpg","contentUrl":"https:\/\/news.ecclesia.org.br\/wp-content\/uploads\/2011\/05\/osama-bin-laden.jpg","width":450,"height":600,"caption":"Osam Bin Laden"},{"@type":"BreadcrumbList","@id":"https:\/\/news.ecclesia.org.br\/?p=11807#breadcrumb","itemListElement":[{"@type":"ListItem","position":1,"name":"In\u00edcio","item":"https:\/\/news.ecclesia.org.br\/"},{"@type":"ListItem","position":2,"name":"Patriarcado de Moscou manifesta-se contra festejos pela morte de Bin Laden"}]},{"@type":"WebSite","@id":"https:\/\/news.ecclesia.org.br\/#website","url":"https:\/\/news.ecclesia.org.br\/","name":"Ecclesia Brasil","description":"Desde 2003 onectando o Brasil ao mundo ortodoxo!","publisher":{"@id":"https:\/\/news.ecclesia.org.br\/#organization"},"alternateName":"Ecclesia","potentialAction":[{"@type":"SearchAction","target":{"@type":"EntryPoint","urlTemplate":"https:\/\/news.ecclesia.org.br\/?s={search_term_string}"},"query-input":{"@type":"PropertyValueSpecification","valueRequired":true,"valueName":"search_term_string"}}],"inLanguage":"pt-BR"},{"@type":"Organization","@id":"https:\/\/news.ecclesia.org.br\/#organization","name":"Sacra Arquidiocese de Buenos Aires e Am\u00e9rica do Sul | Patriarcado Ecum\u00eanico","alternateName":"News Ecclesia Brasil","url":"https:\/\/news.ecclesia.org.br\/","logo":{"@type":"ImageObject","inLanguage":"pt-BR","@id":"https:\/\/news.ecclesia.org.br\/#\/schema\/logo\/image\/","url":"https:\/\/news.ecclesia.org.br\/wp-content\/uploads\/2025\/05\/ecclesia2.png","contentUrl":"https:\/\/news.ecclesia.org.br\/wp-content\/uploads\/2025\/05\/ecclesia2.png","width":480,"height":120,"caption":"Sacra Arquidiocese de Buenos Aires e Am\u00e9rica do Sul | Patriarcado Ecum\u00eanico"},"image":{"@id":"https:\/\/news.ecclesia.org.br\/#\/schema\/logo\/image\/"},"sameAs":["https:\/\/www.facebook.com\/Ecclesia2025","https:\/\/x.com\/EcclesiaNews","https:\/\/br.pinterest.com\/ekklisia\/","https:\/\/www.youtube.com\/@EcclesiaBrasil"]},{"@type":"Person","@id":"https:\/\/news.ecclesia.org.br\/#\/schema\/person\/6f09597f025829745ba414a569f63758","name":"Pe. Andr\u00e9","image":{"@type":"ImageObject","inLanguage":"pt-BR","@id":"https:\/\/secure.gravatar.com\/avatar\/b4327cfa27e9799da239a26adcd534fc29cdc0c4a4a148eecbcfeb9b42c617ac?s=96&d=mm&r=g","url":"https:\/\/secure.gravatar.com\/avatar\/b4327cfa27e9799da239a26adcd534fc29cdc0c4a4a148eecbcfeb9b42c617ac?s=96&d=mm&r=g","contentUrl":"https:\/\/secure.gravatar.com\/avatar\/b4327cfa27e9799da239a26adcd534fc29cdc0c4a4a148eecbcfeb9b42c617ac?s=96&d=mm&r=g","caption":"Pe. Andr\u00e9"},"sameAs":["https:\/\/www.ecclesia.org.br"]}]}},"_links":{"self":[{"href":"https:\/\/news.ecclesia.org.br\/index.php?rest_route=\/wp\/v2\/posts\/11807","targetHints":{"allow":["GET"]}}],"collection":[{"href":"https:\/\/news.ecclesia.org.br\/index.php?rest_route=\/wp\/v2\/posts"}],"about":[{"href":"https:\/\/news.ecclesia.org.br\/index.php?rest_route=\/wp\/v2\/types\/post"}],"author":[{"embeddable":true,"href":"https:\/\/news.ecclesia.org.br\/index.php?rest_route=\/wp\/v2\/users\/1"}],"replies":[{"embeddable":true,"href":"https:\/\/news.ecclesia.org.br\/index.php?rest_route=%2Fwp%2Fv2%2Fcomments&post=11807"}],"version-history":[{"count":0,"href":"https:\/\/news.ecclesia.org.br\/index.php?rest_route=\/wp\/v2\/posts\/11807\/revisions"}],"wp:featuredmedia":[{"embeddable":true,"href":"https:\/\/news.ecclesia.org.br\/index.php?rest_route=\/wp\/v2\/media\/11721"}],"wp:attachment":[{"href":"https:\/\/news.ecclesia.org.br\/index.php?rest_route=%2Fwp%2Fv2%2Fmedia&parent=11807"}],"wp:term":[{"taxonomy":"category","embeddable":true,"href":"https:\/\/news.ecclesia.org.br\/index.php?rest_route=%2Fwp%2Fv2%2Fcategories&post=11807"},{"taxonomy":"post_tag","embeddable":true,"href":"https:\/\/news.ecclesia.org.br\/index.php?rest_route=%2Fwp%2Fv2%2Ftags&post=11807"}],"curies":[{"name":"wp","href":"https:\/\/api.w.org\/{rel}","templated":true}]}}