{"id":11801,"date":"2011-04-25T22:45:26","date_gmt":"2011-04-26T01:45:26","guid":{"rendered":"http:\/\/ecclesia.com.br\/news2011\/?p=6812"},"modified":"2016-03-18T17:59:44","modified_gmt":"2016-03-18T17:59:44","slug":"mensagem-de-pascoa-do-patriarca-cirillo-de-moscou-e-toda-a-russia","status":"publish","type":"post","link":"https:\/\/news.ecclesia.org.br\/?p=11801","title":{"rendered":"Mensagem de P\u00e1scoa do Patriarca Cirillo de Moscou e Toda a R\u00fassia"},"content":{"rendered":"<p>No dia da Festa Radiante da Ressurrei\u00e7\u00e3o de Cristo, o Primaz da Igreja Ortodoxa Russa dirigiu aos\u00a0fi\u00e9is da R\u00fassia a habitual Mensagem Pascal em que felicitou os russos pela P\u00e1scoa.<\/p>\n<p style=\"text-align: justify;\">Disse Sua Santidade:<\/p>\n<figure id=\"attachment_8014\" aria-describedby=\"caption-attachment-8014\" style=\"width: 300px\" class=\"wp-caption alignleft\"><img fetchpriority=\"high\" decoding=\"async\" class=\"wp-image-8014 size-medium\" src=\"https:\/\/news.ecclesia.org.br\/2013\/wp-content\/uploads\/2011\/10\/patriarca-cirillo-de-moscou-300x225.jpg\" alt=\"Patriarca Cirillo I de Moscou e Toda a R\u00fassia\" width=\"300\" height=\"225\" srcset=\"https:\/\/news.ecclesia.org.br\/wp-content\/uploads\/2011\/10\/patriarca-cirillo-de-moscou-300x225.jpg 300w, https:\/\/news.ecclesia.org.br\/wp-content\/uploads\/2011\/10\/patriarca-cirillo-de-moscou-73x55.jpg 73w, https:\/\/news.ecclesia.org.br\/wp-content\/uploads\/2011\/10\/patriarca-cirillo-de-moscou.jpg 440w\" sizes=\"(max-width: 300px) 100vw, 300px\" \/><figcaption id=\"caption-attachment-8014\" class=\"wp-caption-text\">Patriarca Cirillo I de Moscou e Toda a R\u00fassia<\/figcaption><\/figure>\n<p style=\"text-align: justify;\"><em>\u00abCaros amigos, Cristo Ressuscitou! Nestes dias de P\u00e1scoa, saudamos uns aos outros com essas palavras\u00a0maravilhosas e respondemos: \u201cEm verdade, Ele ressuscitou!\u201d Essas exclama\u00e7\u00f5es, cheias de luz e for\u00e7a vital,\u00a0soam h\u00e1 cerca de dois mil anos. Nesse espa\u00e7o de tempo, surgiram e desapareceram reinos poderosos, l\u00ednguas e\u00a0povos e v\u00e1rias id\u00e9ias das quais muitas, ali\u00e1s, trouxeram amargas decep\u00e7\u00f5es. Tudo mudou, menos essas\u00a0palavras que permanecem inalteradas. O que significam essas palavras? Em primeiro lugar, essas palavras\u00a0testemunham um epis\u00f3dio hist\u00f3rico: Nosso Senhor e Salvador Jesus Cristo passou pelos sofrimentos, morte e sepultamento e ressuscitou. Ele n\u00e3o estava na tumba, Ele apareceu a seus disc\u00edpulos vivo. Este n\u00e3o \u00e9 um sonho,\u00a0n\u00e3o \u00e9 uma ilus\u00e3o, nem uma fantasia piedosa, este \u00e9 um fato imut\u00e1vel e objetivo\u00bb<\/em>.<\/p>\n<div id=\"_mcePaste\" style=\"text-align: justify;\">O Chefe da Igreja Ortodoxa Russa recordou que a milagrosa Ressurrei\u00e7\u00e3o de Jesus Cristo n\u00e3o \u00e9 s\u00f3 e n\u00e3o tanto\u00a0um acontecimento hist\u00f3rico. A <em>\u201cressurrei\u00e7\u00e3o de Cristo \u00e9 um important\u00edssimo acontecimento na hist\u00f3ria da\u00a0humanidade e na vida de cada indiv\u00edduo\u201d<\/em> \u2013 assinalou o Patriarca.\u00a0<em>N\u00f3s professamos igualmente a realidade da mudan\u00e7a que ainda \u00a0hoje se opera na vida das pessoas pela for\u00e7a\u00a0de Cristo ressuscitado, que leva o homem das trevas \u00e0 luz, da morte \u00e0 vida, da tristeza \u00e0 esperan\u00e7a e que\u00a0acontece na vida de todos os que v\u00eam com f\u00e9 sincera ao Senhor. Proferindo as palavras \u201cCristo Ressuscitou!\u201d,\u00a0estamos confiantes de que, assim como Cristo ressuscitou, n\u00f3s tamb\u00e9m poderemos ressuscitar, com a ajuda de\u00a0Deus, para uma nova vida. Ent\u00e3o Deus livrar\u00e1 para sempre o universo de todo o mal e o pecado, ent\u00e3o todos os\u00a0que desejavam o triunfo da verdade de Deus ter\u00e3o uma alegria infinita. N\u00f3s expressamos nossa f\u00e9 em uma\u00a0grande predestina\u00e7\u00e3o do homem e em seu valor incondicional aos olhos de Deus e acreditamos que Deus deseja\u00a0levar-nos \u00e0 vit\u00f3ria eterna e gl\u00f3ria imperec\u00edvel.<\/em><\/div>\n<p style=\"text-align: justify;\">Para o Patriarca Cirillo, cada crente deve esfor\u00e7ar-se para se mudar para melhor e, portanto, mudar para melhor o\u00a0mundo, para o que deve abandonar a raiva, o \u00f3dio, a inverdade e voltar sua aten\u00e7\u00e3o para o amor e ajuda aos\u00a0seus pr\u00f3ximos. \u201c<em>Que nesta Festa Radiante da Ressurrei\u00e7\u00e3o de Cristo cada um de n\u00f3s leve a grande not\u00edcia da\u00a0Ressurrei\u00e7\u00e3o de Cristo a todos os nossos entes queridos. Expressemos nossa alegria da P\u00e1scoa n\u00e3o s\u00f3 em\u00a0palavras como tamb\u00e9m em atos, visitemos aqueles que est\u00e3o s\u00f3s, alegremos aqueles que est\u00e3o tristes,\u00a0ajudemos aqueles que necessitam de ajuda: as crian\u00e7as nos orfanatos, os reclusos nas cadeias, nossos vizinhos\u00a0idosos. Que a gra\u00e7a poderosa de nosso Senhor e Salvador ressuscitado nos d\u00ea for\u00e7as para isso! Em verdade,<\/em><\/p>\n<div id=\"_mcePaste\"><strong><em><span style=\"font-family: Calibri, sans-serif; line-height: 17px;\">\u00ac <\/span>Cristo ressuscitou!\u201d<\/em><\/strong><\/div>\n<div style=\"text-align: right;\"><a href=\"http:\/\/portuguese.ruvr.ru\/\" target=\"_blank\">Fonte: Voz da R\u00fassia<\/a><\/div>\n","protected":false},"excerpt":{"rendered":"<p>No dia da Festa Radiante da Ressurrei\u00e7\u00e3o de Cristo, o Primaz da Igreja Ortodoxa Russa dirigiu aos\u00a0fi\u00e9is da R\u00fassia a habitual Mensagem Pascal em que felicitou os russos pela P\u00e1scoa. Disse Sua Santidade: \u00abCaros amigos, Cristo Ressuscitou! Nestes dias de&#8230;<\/p>\n","protected":false},"author":1,"featured_media":8014,"comment_status":"open","ping_status":"open","sticky":false,"template":"","format":"standard","meta":{"_acf_changed":false,"footnotes":""},"categories":[1],"tags":[],"class_list":["post-11801","post","type-post","status-publish","format-standard","has-post-thumbnail","hentry","category-news","entry","rows-excerpt"],"acf":[],"yoast_head":"<!-- This site is optimized with the Yoast SEO plugin v27.5 - https:\/\/yoast.com\/product\/yoast-seo-wordpress\/ -->\n<title>Mensagem de P\u00e1scoa do Patriarca Cirillo de Moscou e Toda a R\u00fassia | ECCLESIA NEWS<\/title>\n<meta name=\"robots\" content=\"index, follow, max-snippet:-1, max-image-preview:large, max-video-preview:-1\" \/>\n<link rel=\"canonical\" href=\"https:\/\/news.ecclesia.org.br\/?p=11801\" \/>\n<meta property=\"og:locale\" content=\"pt_BR\" \/>\n<meta property=\"og:type\" content=\"article\" \/>\n<meta property=\"og:title\" content=\"Mensagem de P\u00e1scoa do Patriarca Cirillo de Moscou e Toda a R\u00fassia | ECCLESIA NEWS\" \/>\n<meta property=\"og:description\" content=\"No dia da Festa Radiante da Ressurrei\u00e7\u00e3o de Cristo, o Primaz da Igreja Ortodoxa Russa dirigiu aos\u00a0fi\u00e9is da R\u00fassia a habitual Mensagem Pascal em que felicitou os russos pela P\u00e1scoa. Disse Sua Santidade: \u00abCaros amigos, Cristo Ressuscitou! Nestes dias de&#8230;\" \/>\n<meta property=\"og:url\" content=\"https:\/\/news.ecclesia.org.br\/?p=11801\" \/>\n<meta property=\"og:site_name\" content=\"ECCLESIA NEWS\" \/>\n<meta property=\"article:publisher\" content=\"https:\/\/www.facebook.com\/Ecclesia2025\" \/>\n<meta property=\"article:published_time\" content=\"2011-04-26T01:45:26+00:00\" \/>\n<meta property=\"article:modified_time\" content=\"2016-03-18T17:59:44+00:00\" \/>\n<meta property=\"og:image\" content=\"https:\/\/news.ecclesia.org.br\/wp-content\/uploads\/2011\/10\/patriarca-cirillo-de-moscou.jpg\" \/>\n\t<meta property=\"og:image:width\" content=\"440\" \/>\n\t<meta property=\"og:image:height\" content=\"330\" \/>\n\t<meta property=\"og:image:type\" content=\"image\/jpeg\" \/>\n<meta name=\"author\" content=\"Pe. Andr\u00e9\" \/>\n<meta name=\"twitter:card\" content=\"summary_large_image\" \/>\n<meta name=\"twitter:creator\" content=\"@EcclesiaNews\" \/>\n<meta name=\"twitter:site\" content=\"@EcclesiaNews\" \/>\n<meta name=\"twitter:label1\" content=\"Escrito por\" \/>\n\t<meta name=\"twitter:data1\" content=\"Pe. Andr\u00e9\" \/>\n\t<meta name=\"twitter:label2\" content=\"Est. tempo de leitura\" \/>\n\t<meta name=\"twitter:data2\" content=\"3 minutos\" \/>\n<script type=\"application\/ld+json\" class=\"yoast-schema-graph\">{\"@context\":\"https:\\\/\\\/schema.org\",\"@graph\":[{\"@type\":\"Article\",\"@id\":\"https:\\\/\\\/news.ecclesia.org.br\\\/?p=11801#article\",\"isPartOf\":{\"@id\":\"https:\\\/\\\/news.ecclesia.org.br\\\/?p=11801\"},\"author\":{\"name\":\"Pe. Andr\u00e9\",\"@id\":\"https:\\\/\\\/news.ecclesia.org.br\\\/#\\\/schema\\\/person\\\/6f09597f025829745ba414a569f63758\"},\"headline\":\"Mensagem de P\u00e1scoa do Patriarca Cirillo de Moscou e Toda a R\u00fassia\",\"datePublished\":\"2011-04-26T01:45:26+00:00\",\"dateModified\":\"2016-03-18T17:59:44+00:00\",\"mainEntityOfPage\":{\"@id\":\"https:\\\/\\\/news.ecclesia.org.br\\\/?p=11801\"},\"wordCount\":557,\"commentCount\":0,\"publisher\":{\"@id\":\"https:\\\/\\\/news.ecclesia.org.br\\\/#organization\"},\"image\":{\"@id\":\"https:\\\/\\\/news.ecclesia.org.br\\\/?p=11801#primaryimage\"},\"thumbnailUrl\":\"https:\\\/\\\/news.ecclesia.org.br\\\/wp-content\\\/uploads\\\/2011\\\/10\\\/patriarca-cirillo-de-moscou.jpg\",\"articleSection\":[\"NEWS\"],\"inLanguage\":\"pt-BR\",\"potentialAction\":[{\"@type\":\"CommentAction\",\"name\":\"Comment\",\"target\":[\"https:\\\/\\\/news.ecclesia.org.br\\\/?p=11801#respond\"]}]},{\"@type\":\"WebPage\",\"@id\":\"https:\\\/\\\/news.ecclesia.org.br\\\/?p=11801\",\"url\":\"https:\\\/\\\/news.ecclesia.org.br\\\/?p=11801\",\"name\":\"Mensagem de P\u00e1scoa do Patriarca Cirillo de Moscou e Toda a R\u00fassia | ECCLESIA NEWS\",\"isPartOf\":{\"@id\":\"https:\\\/\\\/news.ecclesia.org.br\\\/#website\"},\"primaryImageOfPage\":{\"@id\":\"https:\\\/\\\/news.ecclesia.org.br\\\/?p=11801#primaryimage\"},\"image\":{\"@id\":\"https:\\\/\\\/news.ecclesia.org.br\\\/?p=11801#primaryimage\"},\"thumbnailUrl\":\"https:\\\/\\\/news.ecclesia.org.br\\\/wp-content\\\/uploads\\\/2011\\\/10\\\/patriarca-cirillo-de-moscou.jpg\",\"datePublished\":\"2011-04-26T01:45:26+00:00\",\"dateModified\":\"2016-03-18T17:59:44+00:00\",\"breadcrumb\":{\"@id\":\"https:\\\/\\\/news.ecclesia.org.br\\\/?p=11801#breadcrumb\"},\"inLanguage\":\"pt-BR\",\"potentialAction\":[{\"@type\":\"ReadAction\",\"target\":[\"https:\\\/\\\/news.ecclesia.org.br\\\/?p=11801\"]}]},{\"@type\":\"ImageObject\",\"inLanguage\":\"pt-BR\",\"@id\":\"https:\\\/\\\/news.ecclesia.org.br\\\/?p=11801#primaryimage\",\"url\":\"https:\\\/\\\/news.ecclesia.org.br\\\/wp-content\\\/uploads\\\/2011\\\/10\\\/patriarca-cirillo-de-moscou.jpg\",\"contentUrl\":\"https:\\\/\\\/news.ecclesia.org.br\\\/wp-content\\\/uploads\\\/2011\\\/10\\\/patriarca-cirillo-de-moscou.jpg\",\"width\":440,\"height\":330,\"caption\":\"Patriarca Cirillo I de Moscou e Toda a R\u00fassia\"},{\"@type\":\"BreadcrumbList\",\"@id\":\"https:\\\/\\\/news.ecclesia.org.br\\\/?p=11801#breadcrumb\",\"itemListElement\":[{\"@type\":\"ListItem\",\"position\":1,\"name\":\"In\u00edcio\",\"item\":\"https:\\\/\\\/news.ecclesia.org.br\\\/\"},{\"@type\":\"ListItem\",\"position\":2,\"name\":\"Mensagem de P\u00e1scoa do Patriarca Cirillo de Moscou e Toda a R\u00fassia\"}]},{\"@type\":\"WebSite\",\"@id\":\"https:\\\/\\\/news.ecclesia.org.br\\\/#website\",\"url\":\"https:\\\/\\\/news.ecclesia.org.br\\\/\",\"name\":\"Ecclesia Brasil\",\"description\":\"Desde 2003 onectando o Brasil ao mundo ortodoxo!\",\"publisher\":{\"@id\":\"https:\\\/\\\/news.ecclesia.org.br\\\/#organization\"},\"alternateName\":\"Ecclesia\",\"potentialAction\":[{\"@type\":\"SearchAction\",\"target\":{\"@type\":\"EntryPoint\",\"urlTemplate\":\"https:\\\/\\\/news.ecclesia.org.br\\\/?s={search_term_string}\"},\"query-input\":{\"@type\":\"PropertyValueSpecification\",\"valueRequired\":true,\"valueName\":\"search_term_string\"}}],\"inLanguage\":\"pt-BR\"},{\"@type\":\"Organization\",\"@id\":\"https:\\\/\\\/news.ecclesia.org.br\\\/#organization\",\"name\":\"Sacra Arquidiocese de Buenos Aires e Am\u00e9rica do Sul | Patriarcado Ecum\u00eanico\",\"alternateName\":\"News Ecclesia Brasil\",\"url\":\"https:\\\/\\\/news.ecclesia.org.br\\\/\",\"logo\":{\"@type\":\"ImageObject\",\"inLanguage\":\"pt-BR\",\"@id\":\"https:\\\/\\\/news.ecclesia.org.br\\\/#\\\/schema\\\/logo\\\/image\\\/\",\"url\":\"https:\\\/\\\/news.ecclesia.org.br\\\/wp-content\\\/uploads\\\/2025\\\/05\\\/ecclesia2.png\",\"contentUrl\":\"https:\\\/\\\/news.ecclesia.org.br\\\/wp-content\\\/uploads\\\/2025\\\/05\\\/ecclesia2.png\",\"width\":480,\"height\":120,\"caption\":\"Sacra Arquidiocese de Buenos Aires e Am\u00e9rica do Sul | Patriarcado Ecum\u00eanico\"},\"image\":{\"@id\":\"https:\\\/\\\/news.ecclesia.org.br\\\/#\\\/schema\\\/logo\\\/image\\\/\"},\"sameAs\":[\"https:\\\/\\\/www.facebook.com\\\/Ecclesia2025\",\"https:\\\/\\\/x.com\\\/EcclesiaNews\",\"https:\\\/\\\/br.pinterest.com\\\/ekklisia\\\/\",\"https:\\\/\\\/www.youtube.com\\\/@EcclesiaBrasil\"]},{\"@type\":\"Person\",\"@id\":\"https:\\\/\\\/news.ecclesia.org.br\\\/#\\\/schema\\\/person\\\/6f09597f025829745ba414a569f63758\",\"name\":\"Pe. Andr\u00e9\",\"image\":{\"@type\":\"ImageObject\",\"inLanguage\":\"pt-BR\",\"@id\":\"https:\\\/\\\/secure.gravatar.com\\\/avatar\\\/b4327cfa27e9799da239a26adcd534fc29cdc0c4a4a148eecbcfeb9b42c617ac?s=96&d=mm&r=g\",\"url\":\"https:\\\/\\\/secure.gravatar.com\\\/avatar\\\/b4327cfa27e9799da239a26adcd534fc29cdc0c4a4a148eecbcfeb9b42c617ac?s=96&d=mm&r=g\",\"contentUrl\":\"https:\\\/\\\/secure.gravatar.com\\\/avatar\\\/b4327cfa27e9799da239a26adcd534fc29cdc0c4a4a148eecbcfeb9b42c617ac?s=96&d=mm&r=g\",\"caption\":\"Pe. Andr\u00e9\"},\"sameAs\":[\"https:\\\/\\\/www.ecclesia.org.br\"]}]}<\/script>\n<!-- \/ Yoast SEO plugin. -->","yoast_head_json":{"title":"Mensagem de P\u00e1scoa do Patriarca Cirillo de Moscou e Toda a R\u00fassia | ECCLESIA NEWS","robots":{"index":"index","follow":"follow","max-snippet":"max-snippet:-1","max-image-preview":"max-image-preview:large","max-video-preview":"max-video-preview:-1"},"canonical":"https:\/\/news.ecclesia.org.br\/?p=11801","og_locale":"pt_BR","og_type":"article","og_title":"Mensagem de P\u00e1scoa do Patriarca Cirillo de Moscou e Toda a R\u00fassia | ECCLESIA NEWS","og_description":"No dia da Festa Radiante da Ressurrei\u00e7\u00e3o de Cristo, o Primaz da Igreja Ortodoxa Russa dirigiu aos\u00a0fi\u00e9is da R\u00fassia a habitual Mensagem Pascal em que felicitou os russos pela P\u00e1scoa. Disse Sua Santidade: \u00abCaros amigos, Cristo Ressuscitou! Nestes dias de&#8230;","og_url":"https:\/\/news.ecclesia.org.br\/?p=11801","og_site_name":"ECCLESIA NEWS","article_publisher":"https:\/\/www.facebook.com\/Ecclesia2025","article_published_time":"2011-04-26T01:45:26+00:00","article_modified_time":"2016-03-18T17:59:44+00:00","og_image":[{"width":440,"height":330,"url":"https:\/\/news.ecclesia.org.br\/wp-content\/uploads\/2011\/10\/patriarca-cirillo-de-moscou.jpg","type":"image\/jpeg"}],"author":"Pe. Andr\u00e9","twitter_card":"summary_large_image","twitter_creator":"@EcclesiaNews","twitter_site":"@EcclesiaNews","twitter_misc":{"Escrito por":"Pe. Andr\u00e9","Est. tempo de leitura":"3 minutos"},"schema":{"@context":"https:\/\/schema.org","@graph":[{"@type":"Article","@id":"https:\/\/news.ecclesia.org.br\/?p=11801#article","isPartOf":{"@id":"https:\/\/news.ecclesia.org.br\/?p=11801"},"author":{"name":"Pe. Andr\u00e9","@id":"https:\/\/news.ecclesia.org.br\/#\/schema\/person\/6f09597f025829745ba414a569f63758"},"headline":"Mensagem de P\u00e1scoa do Patriarca Cirillo de Moscou e Toda a R\u00fassia","datePublished":"2011-04-26T01:45:26+00:00","dateModified":"2016-03-18T17:59:44+00:00","mainEntityOfPage":{"@id":"https:\/\/news.ecclesia.org.br\/?p=11801"},"wordCount":557,"commentCount":0,"publisher":{"@id":"https:\/\/news.ecclesia.org.br\/#organization"},"image":{"@id":"https:\/\/news.ecclesia.org.br\/?p=11801#primaryimage"},"thumbnailUrl":"https:\/\/news.ecclesia.org.br\/wp-content\/uploads\/2011\/10\/patriarca-cirillo-de-moscou.jpg","articleSection":["NEWS"],"inLanguage":"pt-BR","potentialAction":[{"@type":"CommentAction","name":"Comment","target":["https:\/\/news.ecclesia.org.br\/?p=11801#respond"]}]},{"@type":"WebPage","@id":"https:\/\/news.ecclesia.org.br\/?p=11801","url":"https:\/\/news.ecclesia.org.br\/?p=11801","name":"Mensagem de P\u00e1scoa do Patriarca Cirillo de Moscou e Toda a R\u00fassia | ECCLESIA NEWS","isPartOf":{"@id":"https:\/\/news.ecclesia.org.br\/#website"},"primaryImageOfPage":{"@id":"https:\/\/news.ecclesia.org.br\/?p=11801#primaryimage"},"image":{"@id":"https:\/\/news.ecclesia.org.br\/?p=11801#primaryimage"},"thumbnailUrl":"https:\/\/news.ecclesia.org.br\/wp-content\/uploads\/2011\/10\/patriarca-cirillo-de-moscou.jpg","datePublished":"2011-04-26T01:45:26+00:00","dateModified":"2016-03-18T17:59:44+00:00","breadcrumb":{"@id":"https:\/\/news.ecclesia.org.br\/?p=11801#breadcrumb"},"inLanguage":"pt-BR","potentialAction":[{"@type":"ReadAction","target":["https:\/\/news.ecclesia.org.br\/?p=11801"]}]},{"@type":"ImageObject","inLanguage":"pt-BR","@id":"https:\/\/news.ecclesia.org.br\/?p=11801#primaryimage","url":"https:\/\/news.ecclesia.org.br\/wp-content\/uploads\/2011\/10\/patriarca-cirillo-de-moscou.jpg","contentUrl":"https:\/\/news.ecclesia.org.br\/wp-content\/uploads\/2011\/10\/patriarca-cirillo-de-moscou.jpg","width":440,"height":330,"caption":"Patriarca Cirillo I de Moscou e Toda a R\u00fassia"},{"@type":"BreadcrumbList","@id":"https:\/\/news.ecclesia.org.br\/?p=11801#breadcrumb","itemListElement":[{"@type":"ListItem","position":1,"name":"In\u00edcio","item":"https:\/\/news.ecclesia.org.br\/"},{"@type":"ListItem","position":2,"name":"Mensagem de P\u00e1scoa do Patriarca Cirillo de Moscou e Toda a R\u00fassia"}]},{"@type":"WebSite","@id":"https:\/\/news.ecclesia.org.br\/#website","url":"https:\/\/news.ecclesia.org.br\/","name":"Ecclesia Brasil","description":"Desde 2003 onectando o Brasil ao mundo ortodoxo!","publisher":{"@id":"https:\/\/news.ecclesia.org.br\/#organization"},"alternateName":"Ecclesia","potentialAction":[{"@type":"SearchAction","target":{"@type":"EntryPoint","urlTemplate":"https:\/\/news.ecclesia.org.br\/?s={search_term_string}"},"query-input":{"@type":"PropertyValueSpecification","valueRequired":true,"valueName":"search_term_string"}}],"inLanguage":"pt-BR"},{"@type":"Organization","@id":"https:\/\/news.ecclesia.org.br\/#organization","name":"Sacra Arquidiocese de Buenos Aires e Am\u00e9rica do Sul | Patriarcado Ecum\u00eanico","alternateName":"News Ecclesia Brasil","url":"https:\/\/news.ecclesia.org.br\/","logo":{"@type":"ImageObject","inLanguage":"pt-BR","@id":"https:\/\/news.ecclesia.org.br\/#\/schema\/logo\/image\/","url":"https:\/\/news.ecclesia.org.br\/wp-content\/uploads\/2025\/05\/ecclesia2.png","contentUrl":"https:\/\/news.ecclesia.org.br\/wp-content\/uploads\/2025\/05\/ecclesia2.png","width":480,"height":120,"caption":"Sacra Arquidiocese de Buenos Aires e Am\u00e9rica do Sul | Patriarcado Ecum\u00eanico"},"image":{"@id":"https:\/\/news.ecclesia.org.br\/#\/schema\/logo\/image\/"},"sameAs":["https:\/\/www.facebook.com\/Ecclesia2025","https:\/\/x.com\/EcclesiaNews","https:\/\/br.pinterest.com\/ekklisia\/","https:\/\/www.youtube.com\/@EcclesiaBrasil"]},{"@type":"Person","@id":"https:\/\/news.ecclesia.org.br\/#\/schema\/person\/6f09597f025829745ba414a569f63758","name":"Pe. Andr\u00e9","image":{"@type":"ImageObject","inLanguage":"pt-BR","@id":"https:\/\/secure.gravatar.com\/avatar\/b4327cfa27e9799da239a26adcd534fc29cdc0c4a4a148eecbcfeb9b42c617ac?s=96&d=mm&r=g","url":"https:\/\/secure.gravatar.com\/avatar\/b4327cfa27e9799da239a26adcd534fc29cdc0c4a4a148eecbcfeb9b42c617ac?s=96&d=mm&r=g","contentUrl":"https:\/\/secure.gravatar.com\/avatar\/b4327cfa27e9799da239a26adcd534fc29cdc0c4a4a148eecbcfeb9b42c617ac?s=96&d=mm&r=g","caption":"Pe. Andr\u00e9"},"sameAs":["https:\/\/www.ecclesia.org.br"]}]}},"_links":{"self":[{"href":"https:\/\/news.ecclesia.org.br\/index.php?rest_route=\/wp\/v2\/posts\/11801","targetHints":{"allow":["GET"]}}],"collection":[{"href":"https:\/\/news.ecclesia.org.br\/index.php?rest_route=\/wp\/v2\/posts"}],"about":[{"href":"https:\/\/news.ecclesia.org.br\/index.php?rest_route=\/wp\/v2\/types\/post"}],"author":[{"embeddable":true,"href":"https:\/\/news.ecclesia.org.br\/index.php?rest_route=\/wp\/v2\/users\/1"}],"replies":[{"embeddable":true,"href":"https:\/\/news.ecclesia.org.br\/index.php?rest_route=%2Fwp%2Fv2%2Fcomments&post=11801"}],"version-history":[{"count":0,"href":"https:\/\/news.ecclesia.org.br\/index.php?rest_route=\/wp\/v2\/posts\/11801\/revisions"}],"wp:featuredmedia":[{"embeddable":true,"href":"https:\/\/news.ecclesia.org.br\/index.php?rest_route=\/wp\/v2\/media\/8014"}],"wp:attachment":[{"href":"https:\/\/news.ecclesia.org.br\/index.php?rest_route=%2Fwp%2Fv2%2Fmedia&parent=11801"}],"wp:term":[{"taxonomy":"category","embeddable":true,"href":"https:\/\/news.ecclesia.org.br\/index.php?rest_route=%2Fwp%2Fv2%2Fcategories&post=11801"},{"taxonomy":"post_tag","embeddable":true,"href":"https:\/\/news.ecclesia.org.br\/index.php?rest_route=%2Fwp%2Fv2%2Ftags&post=11801"}],"curies":[{"name":"wp","href":"https:\/\/api.w.org\/{rel}","templated":true}]}}